{"id":47286,"date":"2026-04-13T09:10:02","date_gmt":"2026-04-13T12:10:02","guid":{"rendered":"https:\/\/zulenealves.com.br\/?p=47286"},"modified":"2026-04-13T10:08:44","modified_gmt":"2026-04-13T13:08:44","slug":"brasileiros-ainda-preferem-empregos-com-carteira-assinada-aponta-cni","status":"publish","type":"post","link":"https:\/\/zulenealves.com.br\/index.php\/2026\/04\/13\/brasileiros-ainda-preferem-empregos-com-carteira-assinada-aponta-cni\/","title":{"rendered":"Brasileiros ainda preferem empregos com carteira assinada, aponta CNI"},"content":{"rendered":"<figure style=\"width: 534px\" class=\"wp-caption aligncenter\"><img fetchpriority=\"high\" decoding=\"async\" src=\"https:\/\/cdn.brasil61.com\/r\/400x250\/pzrTtquoSD7hUCtbqZbzRvVE.webp\" alt=\"https:\/\/cdn.brasil61.com\/r\/400x250\/pzrTtquoSD7hUCtbqZbzRvVE.webp\" width=\"544\" height=\"340\" \/><figcaption class=\"wp-caption-text\">Foto: Marcello Casal Jr\/Ag\u00eancia Brasil<\/figcaption><\/figure>\n<p class=\"notice-regular__summary\" style=\"text-align: justify;\"><strong><em>Pesquisa mostra que vagas em regime CLT s\u00e3o as mais atrativas, principalmente entre jovens em in\u00edcio de carreira<\/em><\/strong><\/p>\n<div id=\"js-text-clipboard\" class=\"notice-content__show js-notice-expand auto-height js-permit-copy\">\n<p style=\"text-align: justify;\"><strong>Os brasileiros em busca de emprego preferem vagas com carteira assinada<\/strong>. \u00c9 o que revela a 67\u00aa edi\u00e7\u00e3o da pesquisa <strong><em>Retratos da Sociedade Brasileira: vis\u00e3o da popula\u00e7\u00e3o sobre o mercado de trabalho<\/em><\/strong>, divulgada pela Confedera\u00e7\u00e3o Nacional da Ind\u00fastria (CNI).<\/p>\n<p style=\"text-align: justify;\">De acordo com o levantamento, apenas <strong>um em cada cinco trabalhadores procurou ativamente uma nova coloca\u00e7\u00e3o <\/strong>nos 30 dias anteriores \u00e0 pesquisa. Entre os que buscaram oportunidades, <strong>mais de um ter\u00e7o (36,3%) apontou o emprego formal, regido pela Consolida\u00e7\u00e3o das Leis do Trabalho (CLT), como a op\u00e7\u00e3o mais atrativa<\/strong>.<\/p>\n<p style=\"text-align: justify;\">Outras modalidades tamb\u00e9m foram citadas pelos trabalhadores como alternativas de interesse:<\/p>\n<ul style=\"text-align: justify;\">\n<li><strong>trabalho aut\u00f4nomo<\/strong>: 18,7%<\/li>\n<li><strong>emprego informal<\/strong>: 12,3%<\/li>\n<li><strong>trabalho aut\u00f4nomo por meio de plataformas digitais<\/strong>: 10,3%<\/li>\n<li><strong>abertura do pr\u00f3prio neg\u00f3cio<\/strong>: 9,3%<\/li>\n<li><strong>contrato como pessoa jur\u00eddica<\/strong>: 6,6%<\/li>\n<\/ul>\n<p style=\"text-align: justify;\">Segundo a especialista em Pol\u00edticas e Ind\u00fastria da CNI,<strong> Claudia Perdig\u00e3o<\/strong>, apesar do <strong>crescimento de novas formas de trabalho, o emprego formal ainda \u00e9 visto como sin\u00f4nimo de estabilidade e seguran\u00e7a<\/strong>.<\/p>\n<p style=\"text-align: justify;\">\u201cA pesquisa revela que, apesar dessas novas modalidades de trabalho estarem surgindo e crescendo no pa\u00eds \u2014 como, por exemplo, os empregos aut\u00f4nomos vinculados a plataformas digitais \u2014 o trabalhador ainda pensa na estabilidade e nas condi\u00e7\u00f5es vinculadas ao emprego formal, ao emprego CLT, justamente porque ele traz <strong>estabilidade e prote\u00e7\u00e3o social<\/strong> ao trabalhador\u201d, afirma.<\/p>\n<p style=\"text-align: justify;\"><strong>Jovens priorizam estabilidade<\/strong><\/p>\n<p style=\"text-align: justify;\">A prefer\u00eancia pelo emprego formal \u00e9 ainda mais evidente entre os <strong>jovens<\/strong>. Entre brasileiros de <strong>25 a 34 anos <\/strong>que estavam empregados e buscaram trabalho no m\u00eas anterior \u00e0 pesquisa da CNI,<strong> 41,4% apontaram as vagas com carteira assinada<\/strong> <strong>como as mais atrativas<\/strong>.<\/p>\n<p style=\"text-align: justify;\">Entre os jovens de <strong>16 a 24 anos<\/strong>, esse \u00edndice foi de <strong>38,1%<\/strong>. Ambos os percentuais superam a m\u00e9dia geral, de 36,6%.<\/p>\n<p style=\"text-align: justify;\">Para Claudia Perdig\u00e3o, essa tend\u00eancia est\u00e1 relacionada ao<strong> in\u00edcio da trajet\u00f3ria profissional<\/strong>.<\/p>\n<p style=\"text-align: justify;\">\u201cEntre os mais jovens, existe uma clara prefer\u00eancia por empregos formais. Isso est\u00e1 vinculado \u00e0 necessidade de estabilidade, principalmente no in\u00edcio da carreira, em que essa pessoa ainda est\u00e1 construindo o curr\u00edculo\u201d, ressalta.<!--more--><\/p>\n<p style=\"text-align: justify;\">O l\u00edder de log\u00edstica <strong>Rafael Felipe Martins<\/strong>, de 33 anos, \u00e9 um exemplo desse comportamento. Ele trabalhava com carteira assinada em uma empresa do setor hidrometal\u00fargico, em Santo Andr\u00e9 (SP), e decidiu buscar novas oportunidades para melhorar a remunera\u00e7\u00e3o.<\/p>\n<p style=\"text-align: justify;\">\u201cEu buscava novas oportunidades no mercado de trabalho, nesse segmento da log\u00edstica mesmo, com uma remunera\u00e7\u00e3o mais alta e um pacote de benef\u00edcios mais atrativo, <strong>priorizando o regime de CLT<\/strong>, que me oferece mais <strong>seguran\u00e7a e estabilidade<\/strong>. Depois de mais ou menos um m\u00eas procurando essa nova oportunidade, eu consegui\u201d, relata.<\/p>\n<h2 style=\"text-align: justify;\">Complemento de renda com plataformas digitais<\/h2>\n<p style=\"text-align: justify;\">A pesquisa tamb\u00e9m aponta que <strong>um em cada dez trabalhadores (10,3%) considerou atrativas as oportunidades de trabalho aut\u00f4nomo em plataformas digitais<\/strong>, como motorista ou entregador por aplicativo.<\/p>\n<p style=\"text-align: justify;\">Apesar disso, para a maioria dos interessados, esse tipo de atividade \u00e9 visto apenas como <strong>fonte complementar de renda<\/strong>. Somente<strong> 30%<\/strong> dos que demonstraram interesse nesse modelo consideram as plataformas digitais como<strong> principal meio de sustento<\/strong>.<\/p>\n<h2 style=\"text-align: justify;\">Alta satisfa\u00e7\u00e3o reduz busca por novas vagas<\/h2>\n<p style=\"text-align: justify;\">Ainda de acordo com a pesquisa da CNI, <strong>95% dos trabalhadores afirmaram estar satisfeitos com a ocupa\u00e7\u00e3o atual<\/strong>, sendo 70% muito satisfeitos. A satisfa\u00e7\u00e3o \u00e9 observada entre empregados, empregadores e trabalhadores aut\u00f4nomos. Apenas <strong>4,6% declararam insatisfa\u00e7\u00e3o<\/strong>, dos quais 1,6% se disseram muito insatisfeitos.<\/p>\n<p style=\"text-align: justify;\">Esse cen\u00e1rio ajuda a explicar a <strong>baixa mobilidade no mercado de trabalho<\/strong>. Entre os trabalhadores ocupados, <strong>apenas 20% buscaram uma nova coloca\u00e7\u00e3o <\/strong>nos 30 dias anteriores \u00e0 pesquisa.<\/p>\n<p style=\"text-align: justify;\">\u201cEssa satisfa\u00e7\u00e3o elevada com a ocupa\u00e7\u00e3o atual desestimula o trabalhador a buscar novas ou outras oportunidades.<strong> A busca por novas ocupa\u00e7\u00f5es acabou sendo mais alta entre pessoas mais jovens<\/strong> que tendem, de fato, a apresentar uma maior inquietude dentro do mercado de trabalho, principalmente por estarem em uma fase de consolida\u00e7\u00e3o das suas carreiras\u201d, explica Claudia Perdig\u00e3o.<\/p>\n<p style=\"text-align: justify;\">A pesquisa completa est\u00e1 dispon\u00edvel no <a href=\"https:\/\/www.portaldaindustria.com.br\/cni\/estatisticas\/retratos-da-sociedade-brasileira\/\" target=\"_blank\" rel=\"noopener\">site da CNI<\/a>.<\/p>\n<\/div>\n<div class=\"gsp_post_data\" \r\n\t            data-post_type=\"post\" \r\n\t            data-cat=\"brasil\" \r\n\t            data-modified=\"120\"\r\n\t            data-created=\"1776071402\"\r\n\t            data-title=\"Brasileiros ainda preferem empregos com carteira assinada, aponta CNI\" \r\n\t            data-home=\"https:\/\/zulenealves.com.br\"><\/div>","protected":false},"excerpt":{"rendered":"<p>Pesquisa mostra que vagas em regime CLT s\u00e3o as mais atrativas, principalmente entre jovens em in\u00edcio de carreira Os brasileiros em busca de emprego preferem vagas com carteira assinada. \u00c9 o que revela a 67\u00aa edi\u00e7\u00e3o da pesquisa Retratos da Sociedade Brasileira: vis\u00e3o da popula\u00e7\u00e3o sobre o mercado de trabalho, divulgada pela Confedera\u00e7\u00e3o Nacional da &#8230; <\/p>\n<p class=\"read-more-container\"><a title=\"Brasileiros ainda preferem empregos com carteira assinada, aponta CNI\" class=\"read-more button\" href=\"https:\/\/zulenealves.com.br\/index.php\/2026\/04\/13\/brasileiros-ainda-preferem-empregos-com-carteira-assinada-aponta-cni\/#more-47286\" aria-label=\"More on Brasileiros ainda preferem empregos com carteira assinada, aponta CNI\">Leia mais<\/a><\/p>\n","protected":false},"author":1,"featured_media":0,"comment_status":"closed","ping_status":"closed","sticky":false,"template":"","format":"standard","meta":{"footnotes":""},"categories":[16],"tags":[],"class_list":["post-47286","post","type-post","status-publish","format-standard","hentry","category-brasil"],"yoast_head":"<!-- This site is optimized with the Yoast SEO plugin v28.4 - https:\/\/yoast.com\/product\/yoast-seo-wordpress\/ -->\n<title>Brasileiros ainda preferem empregos com carteira assinada, aponta CNI - Blog Zulene Alves<\/title>\n<meta name=\"robots\" content=\"index, follow, max-snippet:-1, max-image-preview:large, max-video-preview:-1\" \/>\n<link rel=\"canonical\" href=\"https:\/\/zulenealves.com.br\/index.php\/2026\/04\/13\/brasileiros-ainda-preferem-empregos-com-carteira-assinada-aponta-cni\/\" \/>\n<meta property=\"og:locale\" content=\"pt_BR\" \/>\n<meta property=\"og:type\" content=\"article\" \/>\n<meta property=\"og:title\" content=\"Brasileiros ainda preferem empregos com carteira assinada, aponta CNI - Blog Zulene Alves\" \/>\n<meta property=\"og:description\" content=\"Pesquisa mostra que vagas em regime CLT s\u00e3o as mais atrativas, principalmente entre jovens em in\u00edcio de carreira Os brasileiros em busca de emprego preferem vagas com carteira assinada. \u00c9 o que revela a 67\u00aa edi\u00e7\u00e3o da pesquisa Retratos da Sociedade Brasileira: vis\u00e3o da popula\u00e7\u00e3o sobre o mercado de trabalho, divulgada pela Confedera\u00e7\u00e3o Nacional da ... Leia mais\" \/>\n<meta property=\"og:url\" content=\"https:\/\/zulenealves.com.br\/index.php\/2026\/04\/13\/brasileiros-ainda-preferem-empregos-com-carteira-assinada-aponta-cni\/\" \/>\n<meta property=\"og:site_name\" content=\"Blog Zulene Alves\" \/>\n<meta property=\"article:published_time\" content=\"2026-04-13T12:10:02+00:00\" \/>\n<meta property=\"article:modified_time\" content=\"2026-04-13T13:08:44+00:00\" \/>\n<meta property=\"og:image\" content=\"https:\/\/cdn.brasil61.com\/r\/400x250\/pzrTtquoSD7hUCtbqZbzRvVE.webp\" \/>\n<meta name=\"author\" content=\"zulenealves\" \/>\n<meta name=\"twitter:card\" content=\"summary_large_image\" \/>\n<meta name=\"twitter:label1\" content=\"Escrito por\" \/>\n\t<meta name=\"twitter:data1\" content=\"zulenealves\" \/>\n\t<meta name=\"twitter:label2\" content=\"Est. tempo de leitura\" \/>\n\t<meta name=\"twitter:data2\" content=\"4 minutos\" \/>\n<script type=\"application\/ld+json\" class=\"yoast-schema-graph\">{\"@context\":\"https:\\\/\\\/schema.org\",\"@graph\":[{\"@type\":\"Article\",\"@id\":\"https:\\\/\\\/zulenealves.com.br\\\/index.php\\\/2026\\\/04\\\/13\\\/brasileiros-ainda-preferem-empregos-com-carteira-assinada-aponta-cni\\\/#article\",\"isPartOf\":{\"@id\":\"https:\\\/\\\/zulenealves.com.br\\\/index.php\\\/2026\\\/04\\\/13\\\/brasileiros-ainda-preferem-empregos-com-carteira-assinada-aponta-cni\\\/\"},\"author\":{\"name\":\"zulenealves\",\"@id\":\"https:\\\/\\\/zulenealves.com.br\\\/#\\\/schema\\\/person\\\/4076c08f761164e658f6461c6b0316ef\"},\"headline\":\"Brasileiros ainda preferem empregos com carteira assinada, aponta CNI\",\"datePublished\":\"2026-04-13T12:10:02+00:00\",\"dateModified\":\"2026-04-13T13:08:44+00:00\",\"mainEntityOfPage\":{\"@id\":\"https:\\\/\\\/zulenealves.com.br\\\/index.php\\\/2026\\\/04\\\/13\\\/brasileiros-ainda-preferem-empregos-com-carteira-assinada-aponta-cni\\\/\"},\"wordCount\":689,\"image\":{\"@id\":\"https:\\\/\\\/zulenealves.com.br\\\/index.php\\\/2026\\\/04\\\/13\\\/brasileiros-ainda-preferem-empregos-com-carteira-assinada-aponta-cni\\\/#primaryimage\"},\"thumbnailUrl\":\"https:\\\/\\\/cdn.brasil61.com\\\/r\\\/400x250\\\/pzrTtquoSD7hUCtbqZbzRvVE.webp\",\"articleSection\":[\"Brasil\"],\"inLanguage\":\"pt-BR\"},{\"@type\":\"WebPage\",\"@id\":\"https:\\\/\\\/zulenealves.com.br\\\/index.php\\\/2026\\\/04\\\/13\\\/brasileiros-ainda-preferem-empregos-com-carteira-assinada-aponta-cni\\\/\",\"url\":\"https:\\\/\\\/zulenealves.com.br\\\/index.php\\\/2026\\\/04\\\/13\\\/brasileiros-ainda-preferem-empregos-com-carteira-assinada-aponta-cni\\\/\",\"name\":\"Brasileiros ainda preferem empregos com carteira assinada, aponta CNI - Blog Zulene Alves\",\"isPartOf\":{\"@id\":\"https:\\\/\\\/zulenealves.com.br\\\/#website\"},\"primaryImageOfPage\":{\"@id\":\"https:\\\/\\\/zulenealves.com.br\\\/index.php\\\/2026\\\/04\\\/13\\\/brasileiros-ainda-preferem-empregos-com-carteira-assinada-aponta-cni\\\/#primaryimage\"},\"image\":{\"@id\":\"https:\\\/\\\/zulenealves.com.br\\\/index.php\\\/2026\\\/04\\\/13\\\/brasileiros-ainda-preferem-empregos-com-carteira-assinada-aponta-cni\\\/#primaryimage\"},\"thumbnailUrl\":\"https:\\\/\\\/cdn.brasil61.com\\\/r\\\/400x250\\\/pzrTtquoSD7hUCtbqZbzRvVE.webp\",\"datePublished\":\"2026-04-13T12:10:02+00:00\",\"dateModified\":\"2026-04-13T13:08:44+00:00\",\"author\":{\"@id\":\"https:\\\/\\\/zulenealves.com.br\\\/#\\\/schema\\\/person\\\/4076c08f761164e658f6461c6b0316ef\"},\"breadcrumb\":{\"@id\":\"https:\\\/\\\/zulenealves.com.br\\\/index.php\\\/2026\\\/04\\\/13\\\/brasileiros-ainda-preferem-empregos-com-carteira-assinada-aponta-cni\\\/#breadcrumb\"},\"inLanguage\":\"pt-BR\",\"potentialAction\":[{\"@type\":\"ReadAction\",\"target\":[\"https:\\\/\\\/zulenealves.com.br\\\/index.php\\\/2026\\\/04\\\/13\\\/brasileiros-ainda-preferem-empregos-com-carteira-assinada-aponta-cni\\\/\"]}]},{\"@type\":\"ImageObject\",\"inLanguage\":\"pt-BR\",\"@id\":\"https:\\\/\\\/zulenealves.com.br\\\/index.php\\\/2026\\\/04\\\/13\\\/brasileiros-ainda-preferem-empregos-com-carteira-assinada-aponta-cni\\\/#primaryimage\",\"url\":\"https:\\\/\\\/cdn.brasil61.com\\\/r\\\/400x250\\\/pzrTtquoSD7hUCtbqZbzRvVE.webp\",\"contentUrl\":\"https:\\\/\\\/cdn.brasil61.com\\\/r\\\/400x250\\\/pzrTtquoSD7hUCtbqZbzRvVE.webp\"},{\"@type\":\"BreadcrumbList\",\"@id\":\"https:\\\/\\\/zulenealves.com.br\\\/index.php\\\/2026\\\/04\\\/13\\\/brasileiros-ainda-preferem-empregos-com-carteira-assinada-aponta-cni\\\/#breadcrumb\",\"itemListElement\":[{\"@type\":\"ListItem\",\"position\":1,\"name\":\"In\u00edcio\",\"item\":\"https:\\\/\\\/zulenealves.com.br\\\/\"},{\"@type\":\"ListItem\",\"position\":2,\"name\":\"Brasileiros ainda preferem empregos com carteira assinada, aponta CNI\"}]},{\"@type\":\"WebSite\",\"@id\":\"https:\\\/\\\/zulenealves.com.br\\\/#website\",\"url\":\"https:\\\/\\\/zulenealves.com.br\\\/\",\"name\":\"Blog Zulene Alves\",\"description\":\"\",\"potentialAction\":[{\"@type\":\"SearchAction\",\"target\":{\"@type\":\"EntryPoint\",\"urlTemplate\":\"https:\\\/\\\/zulenealves.com.br\\\/?s={search_term_string}\"},\"query-input\":{\"@type\":\"PropertyValueSpecification\",\"valueRequired\":true,\"valueName\":\"search_term_string\"}}],\"inLanguage\":\"pt-BR\"},{\"@type\":\"Person\",\"@id\":\"https:\\\/\\\/zulenealves.com.br\\\/#\\\/schema\\\/person\\\/4076c08f761164e658f6461c6b0316ef\",\"name\":\"zulenealves\",\"image\":{\"@type\":\"ImageObject\",\"inLanguage\":\"pt-BR\",\"@id\":\"https:\\\/\\\/secure.gravatar.com\\\/avatar\\\/0c6cfdd7fa501763e4ab9715fb2b12c342c6a1ace0a16a25d743cdfbb340b122?s=96&d=mm&r=g\",\"url\":\"https:\\\/\\\/secure.gravatar.com\\\/avatar\\\/0c6cfdd7fa501763e4ab9715fb2b12c342c6a1ace0a16a25d743cdfbb340b122?s=96&d=mm&r=g\",\"contentUrl\":\"https:\\\/\\\/secure.gravatar.com\\\/avatar\\\/0c6cfdd7fa501763e4ab9715fb2b12c342c6a1ace0a16a25d743cdfbb340b122?s=96&d=mm&r=g\",\"caption\":\"zulenealves\"},\"sameAs\":[\"https:\\\/\\\/zulenealves.com.br\"],\"url\":\"https:\\\/\\\/zulenealves.com.br\\\/index.php\\\/author\\\/zulenealves\\\/\"}]}<\/script>\n<!-- \/ Yoast SEO plugin. -->","yoast_head_json":{"title":"Brasileiros ainda preferem empregos com carteira assinada, aponta CNI - Blog Zulene Alves","robots":{"index":"index","follow":"follow","max-snippet":"max-snippet:-1","max-image-preview":"max-image-preview:large","max-video-preview":"max-video-preview:-1"},"canonical":"https:\/\/zulenealves.com.br\/index.php\/2026\/04\/13\/brasileiros-ainda-preferem-empregos-com-carteira-assinada-aponta-cni\/","og_locale":"pt_BR","og_type":"article","og_title":"Brasileiros ainda preferem empregos com carteira assinada, aponta CNI - Blog Zulene Alves","og_description":"Pesquisa mostra que vagas em regime CLT s\u00e3o as mais atrativas, principalmente entre jovens em in\u00edcio de carreira Os brasileiros em busca de emprego preferem vagas com carteira assinada. \u00c9 o que revela a 67\u00aa edi\u00e7\u00e3o da pesquisa Retratos da Sociedade Brasileira: vis\u00e3o da popula\u00e7\u00e3o sobre o mercado de trabalho, divulgada pela Confedera\u00e7\u00e3o Nacional da ... Leia mais","og_url":"https:\/\/zulenealves.com.br\/index.php\/2026\/04\/13\/brasileiros-ainda-preferem-empregos-com-carteira-assinada-aponta-cni\/","og_site_name":"Blog Zulene Alves","article_published_time":"2026-04-13T12:10:02+00:00","article_modified_time":"2026-04-13T13:08:44+00:00","og_image":[{"url":"https:\/\/cdn.brasil61.com\/r\/400x250\/pzrTtquoSD7hUCtbqZbzRvVE.webp","type":"","width":"","height":""}],"author":"zulenealves","twitter_card":"summary_large_image","twitter_misc":{"Escrito por":"zulenealves","Est. tempo de leitura":"4 minutos"},"schema":{"@context":"https:\/\/schema.org","@graph":[{"@type":"Article","@id":"https:\/\/zulenealves.com.br\/index.php\/2026\/04\/13\/brasileiros-ainda-preferem-empregos-com-carteira-assinada-aponta-cni\/#article","isPartOf":{"@id":"https:\/\/zulenealves.com.br\/index.php\/2026\/04\/13\/brasileiros-ainda-preferem-empregos-com-carteira-assinada-aponta-cni\/"},"author":{"name":"zulenealves","@id":"https:\/\/zulenealves.com.br\/#\/schema\/person\/4076c08f761164e658f6461c6b0316ef"},"headline":"Brasileiros ainda preferem empregos com carteira assinada, aponta CNI","datePublished":"2026-04-13T12:10:02+00:00","dateModified":"2026-04-13T13:08:44+00:00","mainEntityOfPage":{"@id":"https:\/\/zulenealves.com.br\/index.php\/2026\/04\/13\/brasileiros-ainda-preferem-empregos-com-carteira-assinada-aponta-cni\/"},"wordCount":689,"image":{"@id":"https:\/\/zulenealves.com.br\/index.php\/2026\/04\/13\/brasileiros-ainda-preferem-empregos-com-carteira-assinada-aponta-cni\/#primaryimage"},"thumbnailUrl":"https:\/\/cdn.brasil61.com\/r\/400x250\/pzrTtquoSD7hUCtbqZbzRvVE.webp","articleSection":["Brasil"],"inLanguage":"pt-BR"},{"@type":"WebPage","@id":"https:\/\/zulenealves.com.br\/index.php\/2026\/04\/13\/brasileiros-ainda-preferem-empregos-com-carteira-assinada-aponta-cni\/","url":"https:\/\/zulenealves.com.br\/index.php\/2026\/04\/13\/brasileiros-ainda-preferem-empregos-com-carteira-assinada-aponta-cni\/","name":"Brasileiros ainda preferem empregos com carteira assinada, aponta CNI - Blog Zulene Alves","isPartOf":{"@id":"https:\/\/zulenealves.com.br\/#website"},"primaryImageOfPage":{"@id":"https:\/\/zulenealves.com.br\/index.php\/2026\/04\/13\/brasileiros-ainda-preferem-empregos-com-carteira-assinada-aponta-cni\/#primaryimage"},"image":{"@id":"https:\/\/zulenealves.com.br\/index.php\/2026\/04\/13\/brasileiros-ainda-preferem-empregos-com-carteira-assinada-aponta-cni\/#primaryimage"},"thumbnailUrl":"https:\/\/cdn.brasil61.com\/r\/400x250\/pzrTtquoSD7hUCtbqZbzRvVE.webp","datePublished":"2026-04-13T12:10:02+00:00","dateModified":"2026-04-13T13:08:44+00:00","author":{"@id":"https:\/\/zulenealves.com.br\/#\/schema\/person\/4076c08f761164e658f6461c6b0316ef"},"breadcrumb":{"@id":"https:\/\/zulenealves.com.br\/index.php\/2026\/04\/13\/brasileiros-ainda-preferem-empregos-com-carteira-assinada-aponta-cni\/#breadcrumb"},"inLanguage":"pt-BR","potentialAction":[{"@type":"ReadAction","target":["https:\/\/zulenealves.com.br\/index.php\/2026\/04\/13\/brasileiros-ainda-preferem-empregos-com-carteira-assinada-aponta-cni\/"]}]},{"@type":"ImageObject","inLanguage":"pt-BR","@id":"https:\/\/zulenealves.com.br\/index.php\/2026\/04\/13\/brasileiros-ainda-preferem-empregos-com-carteira-assinada-aponta-cni\/#primaryimage","url":"https:\/\/cdn.brasil61.com\/r\/400x250\/pzrTtquoSD7hUCtbqZbzRvVE.webp","contentUrl":"https:\/\/cdn.brasil61.com\/r\/400x250\/pzrTtquoSD7hUCtbqZbzRvVE.webp"},{"@type":"BreadcrumbList","@id":"https:\/\/zulenealves.com.br\/index.php\/2026\/04\/13\/brasileiros-ainda-preferem-empregos-com-carteira-assinada-aponta-cni\/#breadcrumb","itemListElement":[{"@type":"ListItem","position":1,"name":"In\u00edcio","item":"https:\/\/zulenealves.com.br\/"},{"@type":"ListItem","position":2,"name":"Brasileiros ainda preferem empregos com carteira assinada, aponta CNI"}]},{"@type":"WebSite","@id":"https:\/\/zulenealves.com.br\/#website","url":"https:\/\/zulenealves.com.br\/","name":"Blog Zulene Alves","description":"","potentialAction":[{"@type":"SearchAction","target":{"@type":"EntryPoint","urlTemplate":"https:\/\/zulenealves.com.br\/?s={search_term_string}"},"query-input":{"@type":"PropertyValueSpecification","valueRequired":true,"valueName":"search_term_string"}}],"inLanguage":"pt-BR"},{"@type":"Person","@id":"https:\/\/zulenealves.com.br\/#\/schema\/person\/4076c08f761164e658f6461c6b0316ef","name":"zulenealves","image":{"@type":"ImageObject","inLanguage":"pt-BR","@id":"https:\/\/secure.gravatar.com\/avatar\/0c6cfdd7fa501763e4ab9715fb2b12c342c6a1ace0a16a25d743cdfbb340b122?s=96&d=mm&r=g","url":"https:\/\/secure.gravatar.com\/avatar\/0c6cfdd7fa501763e4ab9715fb2b12c342c6a1ace0a16a25d743cdfbb340b122?s=96&d=mm&r=g","contentUrl":"https:\/\/secure.gravatar.com\/avatar\/0c6cfdd7fa501763e4ab9715fb2b12c342c6a1ace0a16a25d743cdfbb340b122?s=96&d=mm&r=g","caption":"zulenealves"},"sameAs":["https:\/\/zulenealves.com.br"],"url":"https:\/\/zulenealves.com.br\/index.php\/author\/zulenealves\/"}]}},"_links":{"self":[{"href":"https:\/\/zulenealves.com.br\/index.php\/wp-json\/wp\/v2\/posts\/47286","targetHints":{"allow":["GET"]}}],"collection":[{"href":"https:\/\/zulenealves.com.br\/index.php\/wp-json\/wp\/v2\/posts"}],"about":[{"href":"https:\/\/zulenealves.com.br\/index.php\/wp-json\/wp\/v2\/types\/post"}],"author":[{"embeddable":true,"href":"https:\/\/zulenealves.com.br\/index.php\/wp-json\/wp\/v2\/users\/1"}],"replies":[{"embeddable":true,"href":"https:\/\/zulenealves.com.br\/index.php\/wp-json\/wp\/v2\/comments?post=47286"}],"version-history":[{"count":3,"href":"https:\/\/zulenealves.com.br\/index.php\/wp-json\/wp\/v2\/posts\/47286\/revisions"}],"predecessor-version":[{"id":47291,"href":"https:\/\/zulenealves.com.br\/index.php\/wp-json\/wp\/v2\/posts\/47286\/revisions\/47291"}],"wp:attachment":[{"href":"https:\/\/zulenealves.com.br\/index.php\/wp-json\/wp\/v2\/media?parent=47286"}],"wp:term":[{"taxonomy":"category","embeddable":true,"href":"https:\/\/zulenealves.com.br\/index.php\/wp-json\/wp\/v2\/categories?post=47286"},{"taxonomy":"post_tag","embeddable":true,"href":"https:\/\/zulenealves.com.br\/index.php\/wp-json\/wp\/v2\/tags?post=47286"}],"curies":[{"name":"wp","href":"https:\/\/api.w.org\/{rel}","templated":true}]}}