{"id":48264,"date":"2026-05-19T10:01:30","date_gmt":"2026-05-19T13:01:30","guid":{"rendered":"https:\/\/zulenealves.com.br\/?p=48264"},"modified":"2026-05-19T10:01:30","modified_gmt":"2026-05-19T13:01:30","slug":"gestao-fredson-brito-leva-sao-jose-do-egito-a-brasilia-e-municipio-e-destaque-nacional-em-investimentos-agricultura-familiar","status":"publish","type":"post","link":"https:\/\/zulenealves.com.br\/index.php\/2026\/05\/19\/gestao-fredson-brito-leva-sao-jose-do-egito-a-brasilia-e-municipio-e-destaque-nacional-em-investimentos-agricultura-familiar\/","title":{"rendered":"Gest\u00e3o Fredson Brito leva S\u00e3o Jos\u00e9 do Egito \u00e0 Bras\u00edlia e munic\u00edpio \u00e9 destaque nacional em investimentos agricultura familiar"},"content":{"rendered":"<p><img fetchpriority=\"high\" decoding=\"async\" class=\"wp-image-48265 aligncenter\" src=\"https:\/\/zulenealves.com.br\/wp-content\/uploads\/2026\/05\/WhatsApp-Image-2026-05-19-at-09.46.31-scaled-e1779195577819.jpeg\" alt=\"\" width=\"582\" height=\"461\" srcset=\"https:\/\/zulenealves.com.br\/wp-content\/uploads\/2026\/05\/WhatsApp-Image-2026-05-19-at-09.46.31-scaled-e1779195577819.jpeg 1920w, https:\/\/zulenealves.com.br\/wp-content\/uploads\/2026\/05\/WhatsApp-Image-2026-05-19-at-09.46.31-scaled-e1779195577819-300x238.jpeg 300w, https:\/\/zulenealves.com.br\/wp-content\/uploads\/2026\/05\/WhatsApp-Image-2026-05-19-at-09.46.31-scaled-e1779195577819-1024x811.jpeg 1024w, https:\/\/zulenealves.com.br\/wp-content\/uploads\/2026\/05\/WhatsApp-Image-2026-05-19-at-09.46.31-scaled-e1779195577819-768x608.jpeg 768w, https:\/\/zulenealves.com.br\/wp-content\/uploads\/2026\/05\/WhatsApp-Image-2026-05-19-at-09.46.31-scaled-e1779195577819-1536x1216.jpeg 1536w\" sizes=\"(max-width: 582px) 100vw, 582px\" \/><\/p>\n<p style=\"text-align: justify;\">A gest\u00e3o do prefeito Fredson Brito segue acumulando resultados expressivos e reconhecimento nacional. Em apenas 1 ano e 5 meses de administra\u00e7\u00e3o, S\u00e3o Jos\u00e9 do Egito j\u00e1 aparece entre os grandes destaques do Brasil no Pr\u00eamio Prefeitura Empreendedora do SEBRAE, gra\u00e7as aos investimentos e pol\u00edticas p\u00fablicas voltadas para a agricultura familiar.<\/p>\n<p style=\"text-align: justify;\">O reconhecimento nacional refor\u00e7a o trabalho desenvolvido pela gest\u00e3o municipal no fortalecimento do homem e da mulher do campo, atrav\u00e9s de programas de capacita\u00e7\u00e3o, incentivo \u00e0 produ\u00e7\u00e3o rural, fortalecimento de associa\u00e7\u00f5es e amplia\u00e7\u00e3o da participa\u00e7\u00e3o dos agricultores em programas como o PNAE e o PAA.<\/p>\n<p><img decoding=\"async\" class=\" wp-image-48266 aligncenter\" src=\"https:\/\/zulenealves.com.br\/wp-content\/uploads\/2026\/05\/WhatsApp-Image-2026-05-19-at-09.46.35-scaled-e1779195636255.jpeg\" alt=\"\" width=\"580\" height=\"511\" srcset=\"https:\/\/zulenealves.com.br\/wp-content\/uploads\/2026\/05\/WhatsApp-Image-2026-05-19-at-09.46.35-scaled-e1779195636255.jpeg 1920w, https:\/\/zulenealves.com.br\/wp-content\/uploads\/2026\/05\/WhatsApp-Image-2026-05-19-at-09.46.35-scaled-e1779195636255-300x264.jpeg 300w, https:\/\/zulenealves.com.br\/wp-content\/uploads\/2026\/05\/WhatsApp-Image-2026-05-19-at-09.46.35-scaled-e1779195636255-1024x901.jpeg 1024w, https:\/\/zulenealves.com.br\/wp-content\/uploads\/2026\/05\/WhatsApp-Image-2026-05-19-at-09.46.35-scaled-e1779195636255-768x676.jpeg 768w, https:\/\/zulenealves.com.br\/wp-content\/uploads\/2026\/05\/WhatsApp-Image-2026-05-19-at-09.46.35-scaled-e1779195636255-1536x1352.jpeg 1536w\" sizes=\"(max-width: 580px) 100vw, 580px\" \/><\/p>\n<p style=\"text-align: justify;\">Ao lado da primeira-dama Dra. L\u00facia e do secret\u00e1rio de Desenvolvimento Econ\u00f4mico Pedro Lira, o prefeito Fredson recebeu homenagem em Bras\u00edlia, levando o nome da Terra da Poesia ao cen\u00e1rio nacional.<\/p>\n<p style=\"text-align: justify;\">A conquista tamb\u00e9m reflete o momento positivo vivido pela gest\u00e3o municipal, que mant\u00e9m uma aprova\u00e7\u00e3o superior a 80%, resultado de uma administra\u00e7\u00e3o marcada por obras, investimentos, presen\u00e7a nas comunidades e a\u00e7\u00f5es em \u00e1reas como educa\u00e7\u00e3o, sa\u00fade, infraestrutura, assist\u00eancia social e desenvolvimento econ\u00f4mico.<\/p>\n<p><img decoding=\"async\" class=\" wp-image-48267 aligncenter\" src=\"https:\/\/zulenealves.com.br\/wp-content\/uploads\/2026\/05\/WhatsApp-Image-2026-05-19-at-09.46.30-scaled-e1779195679367.jpeg\" alt=\"\" width=\"532\" height=\"486\" srcset=\"https:\/\/zulenealves.com.br\/wp-content\/uploads\/2026\/05\/WhatsApp-Image-2026-05-19-at-09.46.30-scaled-e1779195679367.jpeg 1916w, https:\/\/zulenealves.com.br\/wp-content\/uploads\/2026\/05\/WhatsApp-Image-2026-05-19-at-09.46.30-scaled-e1779195679367-300x274.jpeg 300w, https:\/\/zulenealves.com.br\/wp-content\/uploads\/2026\/05\/WhatsApp-Image-2026-05-19-at-09.46.30-scaled-e1779195679367-1024x935.jpeg 1024w, https:\/\/zulenealves.com.br\/wp-content\/uploads\/2026\/05\/WhatsApp-Image-2026-05-19-at-09.46.30-scaled-e1779195679367-768x701.jpeg 768w, https:\/\/zulenealves.com.br\/wp-content\/uploads\/2026\/05\/WhatsApp-Image-2026-05-19-at-09.46.30-scaled-e1779195679367-1536x1403.jpeg 1536w\" sizes=\"(max-width: 532px) 100vw, 532px\" \/><\/p>\n<p style=\"text-align: justify;\">\u201cEsse reconhecimento mostra que estamos no caminho certo, trabalhando com seriedade, compromisso e resultados. O fortalecimento da agricultura familiar \u00e9 uma prioridade porque transforma vidas e movimenta a economia da nossa cidade\u201d, destacou Fredson.<\/p>\n<p style=\"text-align: justify;\">Com forte aprova\u00e7\u00e3o popular e reconhecimento fora de Pernambuco, a gest\u00e3o Fredson Brito consolida S\u00e3o Jos\u00e9 do Egito como refer\u00eancia em desenvolvimento, inova\u00e7\u00e3o e compromisso com o povo.<\/p>\n<div class=\"gsp_post_data\" \r\n\t            data-post_type=\"post\" \r\n\t            data-cat=\"sao-jose-do-egito\" \r\n\t            data-modified=\"120\"\r\n\t            data-created=\"1779184890\"\r\n\t            data-title=\"Gest\u00e3o Fredson Brito leva S\u00e3o Jos\u00e9 do Egito \u00e0 Bras\u00edlia e munic\u00edpio \u00e9 destaque nacional em investimentos agricultura familiar\" \r\n\t            data-home=\"https:\/\/zulenealves.com.br\"><\/div>","protected":false},"excerpt":{"rendered":"<p>A gest\u00e3o do prefeito Fredson Brito segue acumulando resultados expressivos e reconhecimento nacional. Em apenas 1 ano e 5 meses de administra\u00e7\u00e3o, S\u00e3o Jos\u00e9 do Egito j\u00e1 aparece entre os grandes destaques do Brasil no Pr\u00eamio Prefeitura Empreendedora do SEBRAE, gra\u00e7as aos investimentos e pol\u00edticas p\u00fablicas voltadas para a agricultura familiar. O reconhecimento nacional refor\u00e7a &#8230; <\/p>\n<p class=\"read-more-container\"><a title=\"Gest\u00e3o Fredson Brito leva S\u00e3o Jos\u00e9 do Egito \u00e0 Bras\u00edlia e munic\u00edpio \u00e9 destaque nacional em investimentos agricultura familiar\" class=\"read-more button\" href=\"https:\/\/zulenealves.com.br\/index.php\/2026\/05\/19\/gestao-fredson-brito-leva-sao-jose-do-egito-a-brasilia-e-municipio-e-destaque-nacional-em-investimentos-agricultura-familiar\/#more-48264\" aria-label=\"More on Gest\u00e3o Fredson Brito leva S\u00e3o Jos\u00e9 do Egito \u00e0 Bras\u00edlia e munic\u00edpio \u00e9 destaque nacional em investimentos agricultura familiar\">Leia mais<\/a><\/p>\n","protected":false},"author":2,"featured_media":0,"comment_status":"closed","ping_status":"closed","sticky":false,"template":"","format":"standard","meta":{"footnotes":""},"categories":[13],"tags":[],"class_list":["post-48264","post","type-post","status-publish","format-standard","hentry","category-sao-jose-do-egito"],"yoast_head":"<!-- This site is optimized with the Yoast SEO plugin v28.4 - https:\/\/yoast.com\/product\/yoast-seo-wordpress\/ -->\n<title>Gest\u00e3o Fredson Brito leva S\u00e3o Jos\u00e9 do Egito \u00e0 Bras\u00edlia e munic\u00edpio \u00e9 destaque nacional em investimentos agricultura familiar - Blog Zulene Alves<\/title>\n<meta name=\"robots\" content=\"index, follow, max-snippet:-1, max-image-preview:large, max-video-preview:-1\" \/>\n<link rel=\"canonical\" href=\"https:\/\/zulenealves.com.br\/index.php\/2026\/05\/19\/gestao-fredson-brito-leva-sao-jose-do-egito-a-brasilia-e-municipio-e-destaque-nacional-em-investimentos-agricultura-familiar\/\" \/>\n<meta property=\"og:locale\" content=\"pt_BR\" \/>\n<meta property=\"og:type\" content=\"article\" \/>\n<meta property=\"og:title\" content=\"Gest\u00e3o Fredson Brito leva S\u00e3o Jos\u00e9 do Egito \u00e0 Bras\u00edlia e munic\u00edpio \u00e9 destaque nacional em investimentos agricultura familiar - Blog Zulene Alves\" \/>\n<meta property=\"og:description\" content=\"A gest\u00e3o do prefeito Fredson Brito segue acumulando resultados expressivos e reconhecimento nacional. Em apenas 1 ano e 5 meses de administra\u00e7\u00e3o, S\u00e3o Jos\u00e9 do Egito j\u00e1 aparece entre os grandes destaques do Brasil no Pr\u00eamio Prefeitura Empreendedora do SEBRAE, gra\u00e7as aos investimentos e pol\u00edticas p\u00fablicas voltadas para a agricultura familiar. O reconhecimento nacional refor\u00e7a ... Leia mais\" \/>\n<meta property=\"og:url\" content=\"https:\/\/zulenealves.com.br\/index.php\/2026\/05\/19\/gestao-fredson-brito-leva-sao-jose-do-egito-a-brasilia-e-municipio-e-destaque-nacional-em-investimentos-agricultura-familiar\/\" \/>\n<meta property=\"og:site_name\" content=\"Blog Zulene Alves\" \/>\n<meta property=\"article:published_time\" content=\"2026-05-19T13:01:30+00:00\" \/>\n<meta property=\"og:image\" content=\"https:\/\/zulenealves.com.br\/wp-content\/uploads\/2026\/05\/WhatsApp-Image-2026-05-19-at-09.46.31-scaled-e1779195577819.jpeg\" \/>\n\t<meta property=\"og:image:width\" content=\"1920\" \/>\n\t<meta property=\"og:image:height\" content=\"1520\" \/>\n\t<meta property=\"og:image:type\" content=\"image\/jpeg\" \/>\n<meta name=\"author\" content=\"Zulene Alves\" \/>\n<meta name=\"twitter:card\" content=\"summary_large_image\" \/>\n<meta name=\"twitter:label1\" content=\"Escrito por\" \/>\n\t<meta name=\"twitter:data1\" content=\"Zulene Alves\" \/>\n\t<meta name=\"twitter:label2\" content=\"Est. tempo de leitura\" \/>\n\t<meta name=\"twitter:data2\" content=\"2 minutos\" \/>\n<script type=\"application\/ld+json\" class=\"yoast-schema-graph\">{\"@context\":\"https:\\\/\\\/schema.org\",\"@graph\":[{\"@type\":\"Article\",\"@id\":\"https:\\\/\\\/zulenealves.com.br\\\/index.php\\\/2026\\\/05\\\/19\\\/gestao-fredson-brito-leva-sao-jose-do-egito-a-brasilia-e-municipio-e-destaque-nacional-em-investimentos-agricultura-familiar\\\/#article\",\"isPartOf\":{\"@id\":\"https:\\\/\\\/zulenealves.com.br\\\/index.php\\\/2026\\\/05\\\/19\\\/gestao-fredson-brito-leva-sao-jose-do-egito-a-brasilia-e-municipio-e-destaque-nacional-em-investimentos-agricultura-familiar\\\/\"},\"author\":{\"name\":\"Zulene Alves\",\"@id\":\"https:\\\/\\\/zulenealves.com.br\\\/#\\\/schema\\\/person\\\/211b267042952b9d9062603ea5230577\"},\"headline\":\"Gest\u00e3o Fredson Brito leva S\u00e3o Jos\u00e9 do Egito \u00e0 Bras\u00edlia e munic\u00edpio \u00e9 destaque nacional em investimentos agricultura familiar\",\"datePublished\":\"2026-05-19T13:01:30+00:00\",\"mainEntityOfPage\":{\"@id\":\"https:\\\/\\\/zulenealves.com.br\\\/index.php\\\/2026\\\/05\\\/19\\\/gestao-fredson-brito-leva-sao-jose-do-egito-a-brasilia-e-municipio-e-destaque-nacional-em-investimentos-agricultura-familiar\\\/\"},\"wordCount\":283,\"image\":{\"@id\":\"https:\\\/\\\/zulenealves.com.br\\\/index.php\\\/2026\\\/05\\\/19\\\/gestao-fredson-brito-leva-sao-jose-do-egito-a-brasilia-e-municipio-e-destaque-nacional-em-investimentos-agricultura-familiar\\\/#primaryimage\"},\"thumbnailUrl\":\"https:\\\/\\\/zulenealves.com.br\\\/wp-content\\\/uploads\\\/2026\\\/05\\\/WhatsApp-Image-2026-05-19-at-09.46.31-scaled-e1779195577819.jpeg\",\"articleSection\":[\"S\u00e3o Jos\u00e9 do Egito\"],\"inLanguage\":\"pt-BR\"},{\"@type\":\"WebPage\",\"@id\":\"https:\\\/\\\/zulenealves.com.br\\\/index.php\\\/2026\\\/05\\\/19\\\/gestao-fredson-brito-leva-sao-jose-do-egito-a-brasilia-e-municipio-e-destaque-nacional-em-investimentos-agricultura-familiar\\\/\",\"url\":\"https:\\\/\\\/zulenealves.com.br\\\/index.php\\\/2026\\\/05\\\/19\\\/gestao-fredson-brito-leva-sao-jose-do-egito-a-brasilia-e-municipio-e-destaque-nacional-em-investimentos-agricultura-familiar\\\/\",\"name\":\"Gest\u00e3o Fredson Brito leva S\u00e3o Jos\u00e9 do Egito \u00e0 Bras\u00edlia e munic\u00edpio \u00e9 destaque nacional em investimentos agricultura familiar - Blog Zulene Alves\",\"isPartOf\":{\"@id\":\"https:\\\/\\\/zulenealves.com.br\\\/#website\"},\"primaryImageOfPage\":{\"@id\":\"https:\\\/\\\/zulenealves.com.br\\\/index.php\\\/2026\\\/05\\\/19\\\/gestao-fredson-brito-leva-sao-jose-do-egito-a-brasilia-e-municipio-e-destaque-nacional-em-investimentos-agricultura-familiar\\\/#primaryimage\"},\"image\":{\"@id\":\"https:\\\/\\\/zulenealves.com.br\\\/index.php\\\/2026\\\/05\\\/19\\\/gestao-fredson-brito-leva-sao-jose-do-egito-a-brasilia-e-municipio-e-destaque-nacional-em-investimentos-agricultura-familiar\\\/#primaryimage\"},\"thumbnailUrl\":\"https:\\\/\\\/zulenealves.com.br\\\/wp-content\\\/uploads\\\/2026\\\/05\\\/WhatsApp-Image-2026-05-19-at-09.46.31-scaled-e1779195577819.jpeg\",\"datePublished\":\"2026-05-19T13:01:30+00:00\",\"author\":{\"@id\":\"https:\\\/\\\/zulenealves.com.br\\\/#\\\/schema\\\/person\\\/211b267042952b9d9062603ea5230577\"},\"breadcrumb\":{\"@id\":\"https:\\\/\\\/zulenealves.com.br\\\/index.php\\\/2026\\\/05\\\/19\\\/gestao-fredson-brito-leva-sao-jose-do-egito-a-brasilia-e-municipio-e-destaque-nacional-em-investimentos-agricultura-familiar\\\/#breadcrumb\"},\"inLanguage\":\"pt-BR\",\"potentialAction\":[{\"@type\":\"ReadAction\",\"target\":[\"https:\\\/\\\/zulenealves.com.br\\\/index.php\\\/2026\\\/05\\\/19\\\/gestao-fredson-brito-leva-sao-jose-do-egito-a-brasilia-e-municipio-e-destaque-nacional-em-investimentos-agricultura-familiar\\\/\"]}]},{\"@type\":\"ImageObject\",\"inLanguage\":\"pt-BR\",\"@id\":\"https:\\\/\\\/zulenealves.com.br\\\/index.php\\\/2026\\\/05\\\/19\\\/gestao-fredson-brito-leva-sao-jose-do-egito-a-brasilia-e-municipio-e-destaque-nacional-em-investimentos-agricultura-familiar\\\/#primaryimage\",\"url\":\"https:\\\/\\\/zulenealves.com.br\\\/wp-content\\\/uploads\\\/2026\\\/05\\\/WhatsApp-Image-2026-05-19-at-09.46.31-scaled-e1779195577819.jpeg\",\"contentUrl\":\"https:\\\/\\\/zulenealves.com.br\\\/wp-content\\\/uploads\\\/2026\\\/05\\\/WhatsApp-Image-2026-05-19-at-09.46.31-scaled-e1779195577819.jpeg\",\"width\":1920,\"height\":1520},{\"@type\":\"BreadcrumbList\",\"@id\":\"https:\\\/\\\/zulenealves.com.br\\\/index.php\\\/2026\\\/05\\\/19\\\/gestao-fredson-brito-leva-sao-jose-do-egito-a-brasilia-e-municipio-e-destaque-nacional-em-investimentos-agricultura-familiar\\\/#breadcrumb\",\"itemListElement\":[{\"@type\":\"ListItem\",\"position\":1,\"name\":\"In\u00edcio\",\"item\":\"https:\\\/\\\/zulenealves.com.br\\\/\"},{\"@type\":\"ListItem\",\"position\":2,\"name\":\"Gest\u00e3o Fredson Brito leva S\u00e3o Jos\u00e9 do Egito \u00e0 Bras\u00edlia e munic\u00edpio \u00e9 destaque nacional em investimentos agricultura familiar\"}]},{\"@type\":\"WebSite\",\"@id\":\"https:\\\/\\\/zulenealves.com.br\\\/#website\",\"url\":\"https:\\\/\\\/zulenealves.com.br\\\/\",\"name\":\"Blog Zulene Alves\",\"description\":\"\",\"potentialAction\":[{\"@type\":\"SearchAction\",\"target\":{\"@type\":\"EntryPoint\",\"urlTemplate\":\"https:\\\/\\\/zulenealves.com.br\\\/?s={search_term_string}\"},\"query-input\":{\"@type\":\"PropertyValueSpecification\",\"valueRequired\":true,\"valueName\":\"search_term_string\"}}],\"inLanguage\":\"pt-BR\"},{\"@type\":\"Person\",\"@id\":\"https:\\\/\\\/zulenealves.com.br\\\/#\\\/schema\\\/person\\\/211b267042952b9d9062603ea5230577\",\"name\":\"Zulene Alves\",\"image\":{\"@type\":\"ImageObject\",\"inLanguage\":\"pt-BR\",\"@id\":\"https:\\\/\\\/secure.gravatar.com\\\/avatar\\\/6256ae245147d58c317918f3a20dbf75c244838a7b265be12b0edacdedc94737?s=96&d=mm&r=g\",\"url\":\"https:\\\/\\\/secure.gravatar.com\\\/avatar\\\/6256ae245147d58c317918f3a20dbf75c244838a7b265be12b0edacdedc94737?s=96&d=mm&r=g\",\"contentUrl\":\"https:\\\/\\\/secure.gravatar.com\\\/avatar\\\/6256ae245147d58c317918f3a20dbf75c244838a7b265be12b0edacdedc94737?s=96&d=mm&r=g\",\"caption\":\"Zulene Alves\"},\"sameAs\":[\"https:\\\/\\\/zulenealves.com.br\\\/\"],\"url\":\"https:\\\/\\\/zulenealves.com.br\\\/index.php\\\/author\\\/zulene\\\/\"}]}<\/script>\n<!-- \/ Yoast SEO plugin. -->","yoast_head_json":{"title":"Gest\u00e3o Fredson Brito leva S\u00e3o Jos\u00e9 do Egito \u00e0 Bras\u00edlia e munic\u00edpio \u00e9 destaque nacional em investimentos agricultura familiar - Blog Zulene Alves","robots":{"index":"index","follow":"follow","max-snippet":"max-snippet:-1","max-image-preview":"max-image-preview:large","max-video-preview":"max-video-preview:-1"},"canonical":"https:\/\/zulenealves.com.br\/index.php\/2026\/05\/19\/gestao-fredson-brito-leva-sao-jose-do-egito-a-brasilia-e-municipio-e-destaque-nacional-em-investimentos-agricultura-familiar\/","og_locale":"pt_BR","og_type":"article","og_title":"Gest\u00e3o Fredson Brito leva S\u00e3o Jos\u00e9 do Egito \u00e0 Bras\u00edlia e munic\u00edpio \u00e9 destaque nacional em investimentos agricultura familiar - Blog Zulene Alves","og_description":"A gest\u00e3o do prefeito Fredson Brito segue acumulando resultados expressivos e reconhecimento nacional. Em apenas 1 ano e 5 meses de administra\u00e7\u00e3o, S\u00e3o Jos\u00e9 do Egito j\u00e1 aparece entre os grandes destaques do Brasil no Pr\u00eamio Prefeitura Empreendedora do SEBRAE, gra\u00e7as aos investimentos e pol\u00edticas p\u00fablicas voltadas para a agricultura familiar. O reconhecimento nacional refor\u00e7a ... Leia mais","og_url":"https:\/\/zulenealves.com.br\/index.php\/2026\/05\/19\/gestao-fredson-brito-leva-sao-jose-do-egito-a-brasilia-e-municipio-e-destaque-nacional-em-investimentos-agricultura-familiar\/","og_site_name":"Blog Zulene Alves","article_published_time":"2026-05-19T13:01:30+00:00","og_image":[{"width":1920,"height":1520,"url":"https:\/\/zulenealves.com.br\/wp-content\/uploads\/2026\/05\/WhatsApp-Image-2026-05-19-at-09.46.31-scaled-e1779195577819.jpeg","type":"image\/jpeg"}],"author":"Zulene Alves","twitter_card":"summary_large_image","twitter_misc":{"Escrito por":"Zulene Alves","Est. tempo de leitura":"2 minutos"},"schema":{"@context":"https:\/\/schema.org","@graph":[{"@type":"Article","@id":"https:\/\/zulenealves.com.br\/index.php\/2026\/05\/19\/gestao-fredson-brito-leva-sao-jose-do-egito-a-brasilia-e-municipio-e-destaque-nacional-em-investimentos-agricultura-familiar\/#article","isPartOf":{"@id":"https:\/\/zulenealves.com.br\/index.php\/2026\/05\/19\/gestao-fredson-brito-leva-sao-jose-do-egito-a-brasilia-e-municipio-e-destaque-nacional-em-investimentos-agricultura-familiar\/"},"author":{"name":"Zulene Alves","@id":"https:\/\/zulenealves.com.br\/#\/schema\/person\/211b267042952b9d9062603ea5230577"},"headline":"Gest\u00e3o Fredson Brito leva S\u00e3o Jos\u00e9 do Egito \u00e0 Bras\u00edlia e munic\u00edpio \u00e9 destaque nacional em investimentos agricultura familiar","datePublished":"2026-05-19T13:01:30+00:00","mainEntityOfPage":{"@id":"https:\/\/zulenealves.com.br\/index.php\/2026\/05\/19\/gestao-fredson-brito-leva-sao-jose-do-egito-a-brasilia-e-municipio-e-destaque-nacional-em-investimentos-agricultura-familiar\/"},"wordCount":283,"image":{"@id":"https:\/\/zulenealves.com.br\/index.php\/2026\/05\/19\/gestao-fredson-brito-leva-sao-jose-do-egito-a-brasilia-e-municipio-e-destaque-nacional-em-investimentos-agricultura-familiar\/#primaryimage"},"thumbnailUrl":"https:\/\/zulenealves.com.br\/wp-content\/uploads\/2026\/05\/WhatsApp-Image-2026-05-19-at-09.46.31-scaled-e1779195577819.jpeg","articleSection":["S\u00e3o Jos\u00e9 do Egito"],"inLanguage":"pt-BR"},{"@type":"WebPage","@id":"https:\/\/zulenealves.com.br\/index.php\/2026\/05\/19\/gestao-fredson-brito-leva-sao-jose-do-egito-a-brasilia-e-municipio-e-destaque-nacional-em-investimentos-agricultura-familiar\/","url":"https:\/\/zulenealves.com.br\/index.php\/2026\/05\/19\/gestao-fredson-brito-leva-sao-jose-do-egito-a-brasilia-e-municipio-e-destaque-nacional-em-investimentos-agricultura-familiar\/","name":"Gest\u00e3o Fredson Brito leva S\u00e3o Jos\u00e9 do Egito \u00e0 Bras\u00edlia e munic\u00edpio \u00e9 destaque nacional em investimentos agricultura familiar - Blog Zulene Alves","isPartOf":{"@id":"https:\/\/zulenealves.com.br\/#website"},"primaryImageOfPage":{"@id":"https:\/\/zulenealves.com.br\/index.php\/2026\/05\/19\/gestao-fredson-brito-leva-sao-jose-do-egito-a-brasilia-e-municipio-e-destaque-nacional-em-investimentos-agricultura-familiar\/#primaryimage"},"image":{"@id":"https:\/\/zulenealves.com.br\/index.php\/2026\/05\/19\/gestao-fredson-brito-leva-sao-jose-do-egito-a-brasilia-e-municipio-e-destaque-nacional-em-investimentos-agricultura-familiar\/#primaryimage"},"thumbnailUrl":"https:\/\/zulenealves.com.br\/wp-content\/uploads\/2026\/05\/WhatsApp-Image-2026-05-19-at-09.46.31-scaled-e1779195577819.jpeg","datePublished":"2026-05-19T13:01:30+00:00","author":{"@id":"https:\/\/zulenealves.com.br\/#\/schema\/person\/211b267042952b9d9062603ea5230577"},"breadcrumb":{"@id":"https:\/\/zulenealves.com.br\/index.php\/2026\/05\/19\/gestao-fredson-brito-leva-sao-jose-do-egito-a-brasilia-e-municipio-e-destaque-nacional-em-investimentos-agricultura-familiar\/#breadcrumb"},"inLanguage":"pt-BR","potentialAction":[{"@type":"ReadAction","target":["https:\/\/zulenealves.com.br\/index.php\/2026\/05\/19\/gestao-fredson-brito-leva-sao-jose-do-egito-a-brasilia-e-municipio-e-destaque-nacional-em-investimentos-agricultura-familiar\/"]}]},{"@type":"ImageObject","inLanguage":"pt-BR","@id":"https:\/\/zulenealves.com.br\/index.php\/2026\/05\/19\/gestao-fredson-brito-leva-sao-jose-do-egito-a-brasilia-e-municipio-e-destaque-nacional-em-investimentos-agricultura-familiar\/#primaryimage","url":"https:\/\/zulenealves.com.br\/wp-content\/uploads\/2026\/05\/WhatsApp-Image-2026-05-19-at-09.46.31-scaled-e1779195577819.jpeg","contentUrl":"https:\/\/zulenealves.com.br\/wp-content\/uploads\/2026\/05\/WhatsApp-Image-2026-05-19-at-09.46.31-scaled-e1779195577819.jpeg","width":1920,"height":1520},{"@type":"BreadcrumbList","@id":"https:\/\/zulenealves.com.br\/index.php\/2026\/05\/19\/gestao-fredson-brito-leva-sao-jose-do-egito-a-brasilia-e-municipio-e-destaque-nacional-em-investimentos-agricultura-familiar\/#breadcrumb","itemListElement":[{"@type":"ListItem","position":1,"name":"In\u00edcio","item":"https:\/\/zulenealves.com.br\/"},{"@type":"ListItem","position":2,"name":"Gest\u00e3o Fredson Brito leva S\u00e3o Jos\u00e9 do Egito \u00e0 Bras\u00edlia e munic\u00edpio \u00e9 destaque nacional em investimentos agricultura familiar"}]},{"@type":"WebSite","@id":"https:\/\/zulenealves.com.br\/#website","url":"https:\/\/zulenealves.com.br\/","name":"Blog Zulene Alves","description":"","potentialAction":[{"@type":"SearchAction","target":{"@type":"EntryPoint","urlTemplate":"https:\/\/zulenealves.com.br\/?s={search_term_string}"},"query-input":{"@type":"PropertyValueSpecification","valueRequired":true,"valueName":"search_term_string"}}],"inLanguage":"pt-BR"},{"@type":"Person","@id":"https:\/\/zulenealves.com.br\/#\/schema\/person\/211b267042952b9d9062603ea5230577","name":"Zulene Alves","image":{"@type":"ImageObject","inLanguage":"pt-BR","@id":"https:\/\/secure.gravatar.com\/avatar\/6256ae245147d58c317918f3a20dbf75c244838a7b265be12b0edacdedc94737?s=96&d=mm&r=g","url":"https:\/\/secure.gravatar.com\/avatar\/6256ae245147d58c317918f3a20dbf75c244838a7b265be12b0edacdedc94737?s=96&d=mm&r=g","contentUrl":"https:\/\/secure.gravatar.com\/avatar\/6256ae245147d58c317918f3a20dbf75c244838a7b265be12b0edacdedc94737?s=96&d=mm&r=g","caption":"Zulene Alves"},"sameAs":["https:\/\/zulenealves.com.br\/"],"url":"https:\/\/zulenealves.com.br\/index.php\/author\/zulene\/"}]}},"_links":{"self":[{"href":"https:\/\/zulenealves.com.br\/index.php\/wp-json\/wp\/v2\/posts\/48264","targetHints":{"allow":["GET"]}}],"collection":[{"href":"https:\/\/zulenealves.com.br\/index.php\/wp-json\/wp\/v2\/posts"}],"about":[{"href":"https:\/\/zulenealves.com.br\/index.php\/wp-json\/wp\/v2\/types\/post"}],"author":[{"embeddable":true,"href":"https:\/\/zulenealves.com.br\/index.php\/wp-json\/wp\/v2\/users\/2"}],"replies":[{"embeddable":true,"href":"https:\/\/zulenealves.com.br\/index.php\/wp-json\/wp\/v2\/comments?post=48264"}],"version-history":[{"count":1,"href":"https:\/\/zulenealves.com.br\/index.php\/wp-json\/wp\/v2\/posts\/48264\/revisions"}],"predecessor-version":[{"id":48268,"href":"https:\/\/zulenealves.com.br\/index.php\/wp-json\/wp\/v2\/posts\/48264\/revisions\/48268"}],"wp:attachment":[{"href":"https:\/\/zulenealves.com.br\/index.php\/wp-json\/wp\/v2\/media?parent=48264"}],"wp:term":[{"taxonomy":"category","embeddable":true,"href":"https:\/\/zulenealves.com.br\/index.php\/wp-json\/wp\/v2\/categories?post=48264"},{"taxonomy":"post_tag","embeddable":true,"href":"https:\/\/zulenealves.com.br\/index.php\/wp-json\/wp\/v2\/tags?post=48264"}],"curies":[{"name":"wp","href":"https:\/\/api.w.org\/{rel}","templated":true}]}}