{"id":48645,"date":"2026-05-28T05:51:16","date_gmt":"2026-05-28T08:51:16","guid":{"rendered":"https:\/\/zulenealves.com.br\/?p=48645"},"modified":"2026-05-28T05:51:16","modified_gmt":"2026-05-28T08:51:16","slug":"fim-da-escala-6x1-pec-que-reduz-jornada-de-trabalho-e-aprovada-na-camara","status":"publish","type":"post","link":"https:\/\/zulenealves.com.br\/index.php\/2026\/05\/28\/fim-da-escala-6x1-pec-que-reduz-jornada-de-trabalho-e-aprovada-na-camara\/","title":{"rendered":"Fim da escala 6&#215;1: PEC que reduz jornada de trabalho \u00e9 aprovada na C\u00e2mara"},"content":{"rendered":"<p><img fetchpriority=\"high\" decoding=\"async\" class=\"aligncenter\" src=\"https:\/\/imagens.ne10.uol.com.br\/veiculos\/_midias\/jpg\/2026\/05\/27\/img20260527215534037-36766593.jpg?ims=800x533\" alt=\"Discuss\u00e3o e vota\u00e7\u00e3o na C\u00e2mara dos Deputados da PEC que reduz jornada de trabalho\" width=\"575\" height=\"383\" \/><strong>Por<\/strong>\u00a0<strong>Estad\u00e3o Conte\u00fado<\/strong><\/p>\n<p style=\"text-align: justify;\">A C\u00e2mara dos Deputados aprovou nesta quarta-feira (27), ap\u00f3s vota\u00e7\u00e3o em dois turnos, a Proposta de Emenda \u00e0 Constitui\u00e7\u00e3o (PEC) que reduz a jornada m\u00e1xima de trabalho de 44 para 40 horas semanais e permite a transi\u00e7\u00e3o para a escala 5&#215;2. O texto teve 461 votos favor\u00e1veis e 19 contr\u00e1rios na segunda vota\u00e7\u00e3o. Agora, a proposta segue para an\u00e1lise do Senado Federal.<\/p>\n<p class=\"texto\" style=\"text-align: justify;\">Para ser promulgada, a PEC ainda precisar\u00e1 ser aprovada pelos senadores em dois turnos, com apoio m\u00ednimo de 49 parlamentares.<\/p>\n<p class=\"texto\" style=\"text-align: justify;\"><strong>Proposta prev\u00ea transi\u00e7\u00e3o gradual em at\u00e9 14 meses<\/strong><\/p>\n<p class=\"texto\" style=\"text-align: justify;\">O parecer aprovado \u00e9 relatado pelo deputado Leo Prates (Republicanos-BA) e estabelece uma implementa\u00e7\u00e3o gradual da nova jornada. &#8220;<\/p>\n<p class=\"texto\" style=\"text-align: justify;\">Segundo o texto, haver\u00e1 redu\u00e7\u00e3o de duas horas na carga semanal ap\u00f3s dois meses da promulga\u00e7\u00e3o da PEC, at\u00e9 alcan\u00e7ar o limite de 40 horas semanais em um prazo m\u00e1ximo de 14 meses, sem redu\u00e7\u00e3o de sal\u00e1rio.<\/p>\n<p class=\"texto\" style=\"text-align: justify;\">Depois de dois meses da publica\u00e7\u00e3o da futura emenda constitucional, j\u00e1 valer\u00e3o os dois dias de descanso remunerado por semana, um dos quais preferencialmente aos domingos.<\/p>\n<p class=\"texto\" style=\"text-align: justify;\"><strong>Texto foi constru\u00eddo a partir de acordo na C\u00e2mara<\/strong><\/p>\n<p class=\"texto\" style=\"text-align: justify;\">A PEC analisada pela C\u00e2mara unificou propostas apresentadas pelo deputado Reginaldo Lopes (PT-MG) e pela deputada Erika Hilton (PSOL-SP).<\/p>\n<p class=\"texto\" style=\"text-align: justify;\">Os textos originais defendiam a redu\u00e7\u00e3o da jornada para 36 horas semanais. Durante a tramita\u00e7\u00e3o, o acordo firmado entre parlamentares definiu o limite de 40 horas como vers\u00e3o final da proposta.<\/p>\n<p class=\"texto\" style=\"text-align: justify;\">Antes da vota\u00e7\u00e3o em plen\u00e1rio, o texto j\u00e1 havia sido aprovado em comiss\u00e3o especial da C\u00e2mara.<\/p>\n<p class=\"texto\" style=\"text-align: justify;\"><strong>Como votaram os pernambucanos?<\/strong><\/p>\n<p class=\"texto\" style=\"text-align: justify;\"><strong>Todos<\/strong>\u00a0os deputados de Pernambuco votaram &#8220;Sim&#8221;\u00a0\u00e0\u00a0Proposta de Emenda \u00e0 Constitui\u00e7\u00e3o. Confira quem estava presente:<\/p>\n<ul style=\"text-align: justify;\">\n<li>Andr\u00e9 Ferreira (PL-PE)<\/li>\n<li>Augusto Coutinho (Republican-PE)<\/li>\n<li>Carlos Veras (PT-PE)<\/li>\n<li>Clarissa T\u00e9rcio (PP-PE)<\/li>\n<li>Clodoaldo Magalh\u00e3e (PV-PE)<\/li>\n<li>Coronel Meira (PL-PE)<\/li>\n<li>Eduardo da Fonte (PP-PE)<\/li>\n<li>Eriberto Medeiros (PSB-PE)<\/li>\n<li>Felipe Carreras (PSB-PE)<\/li>\n<li>Fernando Coelho (Uni\u00e3o-PE)<\/li>\n<li>Fernando Monteiro (PSD-PE)<\/li>\n<li>Fernando Rodolfo (PRD-PE)<\/li>\n<li>Guilherme Uchoa (PSD-PE)<\/li>\n<li>Iza Arruda (MDB-PE)<\/li>\n<li>Lucas Ramos (PSB-PE)<\/li>\n<li>Luciano Bivar (MDB-PE)<\/li>\n<li>Lula da Fonte (PP-PE)<\/li>\n<li>Maria Arraes (PSB-PE)<\/li>\n<li>Mendon\u00e7a Filho (PL-PE)<\/li>\n<li>Pastor Eurico (PSDB-PE)<\/li>\n<li>Pedro Campos (PSB-PE)<\/li>\n<li>Renildo Calheiros (PCdoB-PE)<\/li>\n<li>Silvio Costa Filho (Republican-PE)<\/li>\n<li>T\u00falio Gad\u00ealha (PSD-PE)<\/li>\n<li>Waldemar Oliveira (Avante-PE)<\/li>\n<\/ul>\n<p class=\"texto\" style=\"text-align: justify;\">*No segundo turno, n\u00e3o houve registro do voto do deputado Eriberto Medeiros.<\/p>\n<div class=\"gsp_post_data\" \r\n\t            data-post_type=\"post\" \r\n\t            data-cat=\"sem-categoria\" \r\n\t            data-modified=\"120\"\r\n\t            data-created=\"1779947476\"\r\n\t            data-title=\"Fim da escala 6&#215;1: PEC que reduz jornada de trabalho \u00e9 aprovada na C\u00e2mara\" \r\n\t            data-home=\"https:\/\/zulenealves.com.br\"><\/div>","protected":false},"excerpt":{"rendered":"<p>Por\u00a0Estad\u00e3o Conte\u00fado A C\u00e2mara dos Deputados aprovou nesta quarta-feira (27), ap\u00f3s vota\u00e7\u00e3o em dois turnos, a Proposta de Emenda \u00e0 Constitui\u00e7\u00e3o (PEC) que reduz a jornada m\u00e1xima de trabalho de 44 para 40 horas semanais e permite a transi\u00e7\u00e3o para a escala 5&#215;2. O texto teve 461 votos favor\u00e1veis e 19 contr\u00e1rios na segunda vota\u00e7\u00e3o. &#8230; <\/p>\n<p class=\"read-more-container\"><a title=\"Fim da escala 6&#215;1: PEC que reduz jornada de trabalho \u00e9 aprovada na C\u00e2mara\" class=\"read-more button\" href=\"https:\/\/zulenealves.com.br\/index.php\/2026\/05\/28\/fim-da-escala-6x1-pec-que-reduz-jornada-de-trabalho-e-aprovada-na-camara\/#more-48645\" aria-label=\"More on Fim da escala 6&#215;1: PEC que reduz jornada de trabalho \u00e9 aprovada na C\u00e2mara\">Leia mais<\/a><\/p>\n","protected":false},"author":2,"featured_media":0,"comment_status":"closed","ping_status":"closed","sticky":false,"template":"","format":"standard","meta":{"footnotes":""},"categories":[1],"tags":[],"class_list":["post-48645","post","type-post","status-publish","format-standard","hentry","category-sem-categoria"],"yoast_head":"<!-- This site is optimized with the Yoast SEO plugin v28.4 - https:\/\/yoast.com\/product\/yoast-seo-wordpress\/ -->\n<title>Fim da escala 6x1: PEC que reduz jornada de trabalho \u00e9 aprovada na C\u00e2mara - Blog Zulene Alves<\/title>\n<meta name=\"robots\" content=\"index, follow, max-snippet:-1, max-image-preview:large, max-video-preview:-1\" \/>\n<link rel=\"canonical\" href=\"https:\/\/zulenealves.com.br\/index.php\/2026\/05\/28\/fim-da-escala-6x1-pec-que-reduz-jornada-de-trabalho-e-aprovada-na-camara\/\" \/>\n<meta property=\"og:locale\" content=\"pt_BR\" \/>\n<meta property=\"og:type\" content=\"article\" \/>\n<meta property=\"og:title\" content=\"Fim da escala 6x1: PEC que reduz jornada de trabalho \u00e9 aprovada na C\u00e2mara - Blog Zulene Alves\" \/>\n<meta property=\"og:description\" content=\"Por\u00a0Estad\u00e3o Conte\u00fado A C\u00e2mara dos Deputados aprovou nesta quarta-feira (27), ap\u00f3s vota\u00e7\u00e3o em dois turnos, a Proposta de Emenda \u00e0 Constitui\u00e7\u00e3o (PEC) que reduz a jornada m\u00e1xima de trabalho de 44 para 40 horas semanais e permite a transi\u00e7\u00e3o para a escala 5&#215;2. O texto teve 461 votos favor\u00e1veis e 19 contr\u00e1rios na segunda vota\u00e7\u00e3o. ... Leia mais\" \/>\n<meta property=\"og:url\" content=\"https:\/\/zulenealves.com.br\/index.php\/2026\/05\/28\/fim-da-escala-6x1-pec-que-reduz-jornada-de-trabalho-e-aprovada-na-camara\/\" \/>\n<meta property=\"og:site_name\" content=\"Blog Zulene Alves\" \/>\n<meta property=\"article:published_time\" content=\"2026-05-28T08:51:16+00:00\" \/>\n<meta property=\"og:image\" content=\"https:\/\/imagens.ne10.uol.com.br\/veiculos\/_midias\/jpg\/2026\/05\/27\/img20260527215534037-36766593.jpg?ims=800x533\" \/>\n<meta name=\"author\" content=\"Zulene Alves\" \/>\n<meta name=\"twitter:card\" content=\"summary_large_image\" \/>\n<meta name=\"twitter:label1\" content=\"Escrito por\" \/>\n\t<meta name=\"twitter:data1\" content=\"Zulene Alves\" \/>\n\t<meta name=\"twitter:label2\" content=\"Est. tempo de leitura\" \/>\n\t<meta name=\"twitter:data2\" content=\"3 minutos\" \/>\n<script type=\"application\/ld+json\" class=\"yoast-schema-graph\">{\"@context\":\"https:\\\/\\\/schema.org\",\"@graph\":[{\"@type\":\"Article\",\"@id\":\"https:\\\/\\\/zulenealves.com.br\\\/index.php\\\/2026\\\/05\\\/28\\\/fim-da-escala-6x1-pec-que-reduz-jornada-de-trabalho-e-aprovada-na-camara\\\/#article\",\"isPartOf\":{\"@id\":\"https:\\\/\\\/zulenealves.com.br\\\/index.php\\\/2026\\\/05\\\/28\\\/fim-da-escala-6x1-pec-que-reduz-jornada-de-trabalho-e-aprovada-na-camara\\\/\"},\"author\":{\"name\":\"Zulene Alves\",\"@id\":\"https:\\\/\\\/zulenealves.com.br\\\/#\\\/schema\\\/person\\\/211b267042952b9d9062603ea5230577\"},\"headline\":\"Fim da escala 6&#215;1: PEC que reduz jornada de trabalho \u00e9 aprovada na C\u00e2mara\",\"datePublished\":\"2026-05-28T08:51:16+00:00\",\"mainEntityOfPage\":{\"@id\":\"https:\\\/\\\/zulenealves.com.br\\\/index.php\\\/2026\\\/05\\\/28\\\/fim-da-escala-6x1-pec-que-reduz-jornada-de-trabalho-e-aprovada-na-camara\\\/\"},\"wordCount\":401,\"image\":{\"@id\":\"https:\\\/\\\/zulenealves.com.br\\\/index.php\\\/2026\\\/05\\\/28\\\/fim-da-escala-6x1-pec-que-reduz-jornada-de-trabalho-e-aprovada-na-camara\\\/#primaryimage\"},\"thumbnailUrl\":\"https:\\\/\\\/imagens.ne10.uol.com.br\\\/veiculos\\\/_midias\\\/jpg\\\/2026\\\/05\\\/27\\\/img20260527215534037-36766593.jpg?ims=800x533\",\"inLanguage\":\"pt-BR\"},{\"@type\":\"WebPage\",\"@id\":\"https:\\\/\\\/zulenealves.com.br\\\/index.php\\\/2026\\\/05\\\/28\\\/fim-da-escala-6x1-pec-que-reduz-jornada-de-trabalho-e-aprovada-na-camara\\\/\",\"url\":\"https:\\\/\\\/zulenealves.com.br\\\/index.php\\\/2026\\\/05\\\/28\\\/fim-da-escala-6x1-pec-que-reduz-jornada-de-trabalho-e-aprovada-na-camara\\\/\",\"name\":\"Fim da escala 6x1: PEC que reduz jornada de trabalho \u00e9 aprovada na C\u00e2mara - Blog Zulene Alves\",\"isPartOf\":{\"@id\":\"https:\\\/\\\/zulenealves.com.br\\\/#website\"},\"primaryImageOfPage\":{\"@id\":\"https:\\\/\\\/zulenealves.com.br\\\/index.php\\\/2026\\\/05\\\/28\\\/fim-da-escala-6x1-pec-que-reduz-jornada-de-trabalho-e-aprovada-na-camara\\\/#primaryimage\"},\"image\":{\"@id\":\"https:\\\/\\\/zulenealves.com.br\\\/index.php\\\/2026\\\/05\\\/28\\\/fim-da-escala-6x1-pec-que-reduz-jornada-de-trabalho-e-aprovada-na-camara\\\/#primaryimage\"},\"thumbnailUrl\":\"https:\\\/\\\/imagens.ne10.uol.com.br\\\/veiculos\\\/_midias\\\/jpg\\\/2026\\\/05\\\/27\\\/img20260527215534037-36766593.jpg?ims=800x533\",\"datePublished\":\"2026-05-28T08:51:16+00:00\",\"author\":{\"@id\":\"https:\\\/\\\/zulenealves.com.br\\\/#\\\/schema\\\/person\\\/211b267042952b9d9062603ea5230577\"},\"breadcrumb\":{\"@id\":\"https:\\\/\\\/zulenealves.com.br\\\/index.php\\\/2026\\\/05\\\/28\\\/fim-da-escala-6x1-pec-que-reduz-jornada-de-trabalho-e-aprovada-na-camara\\\/#breadcrumb\"},\"inLanguage\":\"pt-BR\",\"potentialAction\":[{\"@type\":\"ReadAction\",\"target\":[\"https:\\\/\\\/zulenealves.com.br\\\/index.php\\\/2026\\\/05\\\/28\\\/fim-da-escala-6x1-pec-que-reduz-jornada-de-trabalho-e-aprovada-na-camara\\\/\"]}]},{\"@type\":\"ImageObject\",\"inLanguage\":\"pt-BR\",\"@id\":\"https:\\\/\\\/zulenealves.com.br\\\/index.php\\\/2026\\\/05\\\/28\\\/fim-da-escala-6x1-pec-que-reduz-jornada-de-trabalho-e-aprovada-na-camara\\\/#primaryimage\",\"url\":\"https:\\\/\\\/imagens.ne10.uol.com.br\\\/veiculos\\\/_midias\\\/jpg\\\/2026\\\/05\\\/27\\\/img20260527215534037-36766593.jpg?ims=800x533\",\"contentUrl\":\"https:\\\/\\\/imagens.ne10.uol.com.br\\\/veiculos\\\/_midias\\\/jpg\\\/2026\\\/05\\\/27\\\/img20260527215534037-36766593.jpg?ims=800x533\"},{\"@type\":\"BreadcrumbList\",\"@id\":\"https:\\\/\\\/zulenealves.com.br\\\/index.php\\\/2026\\\/05\\\/28\\\/fim-da-escala-6x1-pec-que-reduz-jornada-de-trabalho-e-aprovada-na-camara\\\/#breadcrumb\",\"itemListElement\":[{\"@type\":\"ListItem\",\"position\":1,\"name\":\"In\u00edcio\",\"item\":\"https:\\\/\\\/zulenealves.com.br\\\/\"},{\"@type\":\"ListItem\",\"position\":2,\"name\":\"Fim da escala 6&#215;1: PEC que reduz jornada de trabalho \u00e9 aprovada na C\u00e2mara\"}]},{\"@type\":\"WebSite\",\"@id\":\"https:\\\/\\\/zulenealves.com.br\\\/#website\",\"url\":\"https:\\\/\\\/zulenealves.com.br\\\/\",\"name\":\"Blog Zulene Alves\",\"description\":\"\",\"potentialAction\":[{\"@type\":\"SearchAction\",\"target\":{\"@type\":\"EntryPoint\",\"urlTemplate\":\"https:\\\/\\\/zulenealves.com.br\\\/?s={search_term_string}\"},\"query-input\":{\"@type\":\"PropertyValueSpecification\",\"valueRequired\":true,\"valueName\":\"search_term_string\"}}],\"inLanguage\":\"pt-BR\"},{\"@type\":\"Person\",\"@id\":\"https:\\\/\\\/zulenealves.com.br\\\/#\\\/schema\\\/person\\\/211b267042952b9d9062603ea5230577\",\"name\":\"Zulene Alves\",\"image\":{\"@type\":\"ImageObject\",\"inLanguage\":\"pt-BR\",\"@id\":\"https:\\\/\\\/secure.gravatar.com\\\/avatar\\\/6256ae245147d58c317918f3a20dbf75c244838a7b265be12b0edacdedc94737?s=96&d=mm&r=g\",\"url\":\"https:\\\/\\\/secure.gravatar.com\\\/avatar\\\/6256ae245147d58c317918f3a20dbf75c244838a7b265be12b0edacdedc94737?s=96&d=mm&r=g\",\"contentUrl\":\"https:\\\/\\\/secure.gravatar.com\\\/avatar\\\/6256ae245147d58c317918f3a20dbf75c244838a7b265be12b0edacdedc94737?s=96&d=mm&r=g\",\"caption\":\"Zulene Alves\"},\"sameAs\":[\"https:\\\/\\\/zulenealves.com.br\\\/\"],\"url\":\"https:\\\/\\\/zulenealves.com.br\\\/index.php\\\/author\\\/zulene\\\/\"}]}<\/script>\n<!-- \/ Yoast SEO plugin. -->","yoast_head_json":{"title":"Fim da escala 6x1: PEC que reduz jornada de trabalho \u00e9 aprovada na C\u00e2mara - Blog Zulene Alves","robots":{"index":"index","follow":"follow","max-snippet":"max-snippet:-1","max-image-preview":"max-image-preview:large","max-video-preview":"max-video-preview:-1"},"canonical":"https:\/\/zulenealves.com.br\/index.php\/2026\/05\/28\/fim-da-escala-6x1-pec-que-reduz-jornada-de-trabalho-e-aprovada-na-camara\/","og_locale":"pt_BR","og_type":"article","og_title":"Fim da escala 6x1: PEC que reduz jornada de trabalho \u00e9 aprovada na C\u00e2mara - Blog Zulene Alves","og_description":"Por\u00a0Estad\u00e3o Conte\u00fado A C\u00e2mara dos Deputados aprovou nesta quarta-feira (27), ap\u00f3s vota\u00e7\u00e3o em dois turnos, a Proposta de Emenda \u00e0 Constitui\u00e7\u00e3o (PEC) que reduz a jornada m\u00e1xima de trabalho de 44 para 40 horas semanais e permite a transi\u00e7\u00e3o para a escala 5&#215;2. O texto teve 461 votos favor\u00e1veis e 19 contr\u00e1rios na segunda vota\u00e7\u00e3o. ... Leia mais","og_url":"https:\/\/zulenealves.com.br\/index.php\/2026\/05\/28\/fim-da-escala-6x1-pec-que-reduz-jornada-de-trabalho-e-aprovada-na-camara\/","og_site_name":"Blog Zulene Alves","article_published_time":"2026-05-28T08:51:16+00:00","og_image":[{"url":"https:\/\/imagens.ne10.uol.com.br\/veiculos\/_midias\/jpg\/2026\/05\/27\/img20260527215534037-36766593.jpg?ims=800x533","type":"","width":"","height":""}],"author":"Zulene Alves","twitter_card":"summary_large_image","twitter_misc":{"Escrito por":"Zulene Alves","Est. tempo de leitura":"3 minutos"},"schema":{"@context":"https:\/\/schema.org","@graph":[{"@type":"Article","@id":"https:\/\/zulenealves.com.br\/index.php\/2026\/05\/28\/fim-da-escala-6x1-pec-que-reduz-jornada-de-trabalho-e-aprovada-na-camara\/#article","isPartOf":{"@id":"https:\/\/zulenealves.com.br\/index.php\/2026\/05\/28\/fim-da-escala-6x1-pec-que-reduz-jornada-de-trabalho-e-aprovada-na-camara\/"},"author":{"name":"Zulene Alves","@id":"https:\/\/zulenealves.com.br\/#\/schema\/person\/211b267042952b9d9062603ea5230577"},"headline":"Fim da escala 6&#215;1: PEC que reduz jornada de trabalho \u00e9 aprovada na C\u00e2mara","datePublished":"2026-05-28T08:51:16+00:00","mainEntityOfPage":{"@id":"https:\/\/zulenealves.com.br\/index.php\/2026\/05\/28\/fim-da-escala-6x1-pec-que-reduz-jornada-de-trabalho-e-aprovada-na-camara\/"},"wordCount":401,"image":{"@id":"https:\/\/zulenealves.com.br\/index.php\/2026\/05\/28\/fim-da-escala-6x1-pec-que-reduz-jornada-de-trabalho-e-aprovada-na-camara\/#primaryimage"},"thumbnailUrl":"https:\/\/imagens.ne10.uol.com.br\/veiculos\/_midias\/jpg\/2026\/05\/27\/img20260527215534037-36766593.jpg?ims=800x533","inLanguage":"pt-BR"},{"@type":"WebPage","@id":"https:\/\/zulenealves.com.br\/index.php\/2026\/05\/28\/fim-da-escala-6x1-pec-que-reduz-jornada-de-trabalho-e-aprovada-na-camara\/","url":"https:\/\/zulenealves.com.br\/index.php\/2026\/05\/28\/fim-da-escala-6x1-pec-que-reduz-jornada-de-trabalho-e-aprovada-na-camara\/","name":"Fim da escala 6x1: PEC que reduz jornada de trabalho \u00e9 aprovada na C\u00e2mara - Blog Zulene Alves","isPartOf":{"@id":"https:\/\/zulenealves.com.br\/#website"},"primaryImageOfPage":{"@id":"https:\/\/zulenealves.com.br\/index.php\/2026\/05\/28\/fim-da-escala-6x1-pec-que-reduz-jornada-de-trabalho-e-aprovada-na-camara\/#primaryimage"},"image":{"@id":"https:\/\/zulenealves.com.br\/index.php\/2026\/05\/28\/fim-da-escala-6x1-pec-que-reduz-jornada-de-trabalho-e-aprovada-na-camara\/#primaryimage"},"thumbnailUrl":"https:\/\/imagens.ne10.uol.com.br\/veiculos\/_midias\/jpg\/2026\/05\/27\/img20260527215534037-36766593.jpg?ims=800x533","datePublished":"2026-05-28T08:51:16+00:00","author":{"@id":"https:\/\/zulenealves.com.br\/#\/schema\/person\/211b267042952b9d9062603ea5230577"},"breadcrumb":{"@id":"https:\/\/zulenealves.com.br\/index.php\/2026\/05\/28\/fim-da-escala-6x1-pec-que-reduz-jornada-de-trabalho-e-aprovada-na-camara\/#breadcrumb"},"inLanguage":"pt-BR","potentialAction":[{"@type":"ReadAction","target":["https:\/\/zulenealves.com.br\/index.php\/2026\/05\/28\/fim-da-escala-6x1-pec-que-reduz-jornada-de-trabalho-e-aprovada-na-camara\/"]}]},{"@type":"ImageObject","inLanguage":"pt-BR","@id":"https:\/\/zulenealves.com.br\/index.php\/2026\/05\/28\/fim-da-escala-6x1-pec-que-reduz-jornada-de-trabalho-e-aprovada-na-camara\/#primaryimage","url":"https:\/\/imagens.ne10.uol.com.br\/veiculos\/_midias\/jpg\/2026\/05\/27\/img20260527215534037-36766593.jpg?ims=800x533","contentUrl":"https:\/\/imagens.ne10.uol.com.br\/veiculos\/_midias\/jpg\/2026\/05\/27\/img20260527215534037-36766593.jpg?ims=800x533"},{"@type":"BreadcrumbList","@id":"https:\/\/zulenealves.com.br\/index.php\/2026\/05\/28\/fim-da-escala-6x1-pec-que-reduz-jornada-de-trabalho-e-aprovada-na-camara\/#breadcrumb","itemListElement":[{"@type":"ListItem","position":1,"name":"In\u00edcio","item":"https:\/\/zulenealves.com.br\/"},{"@type":"ListItem","position":2,"name":"Fim da escala 6&#215;1: PEC que reduz jornada de trabalho \u00e9 aprovada na C\u00e2mara"}]},{"@type":"WebSite","@id":"https:\/\/zulenealves.com.br\/#website","url":"https:\/\/zulenealves.com.br\/","name":"Blog Zulene Alves","description":"","potentialAction":[{"@type":"SearchAction","target":{"@type":"EntryPoint","urlTemplate":"https:\/\/zulenealves.com.br\/?s={search_term_string}"},"query-input":{"@type":"PropertyValueSpecification","valueRequired":true,"valueName":"search_term_string"}}],"inLanguage":"pt-BR"},{"@type":"Person","@id":"https:\/\/zulenealves.com.br\/#\/schema\/person\/211b267042952b9d9062603ea5230577","name":"Zulene Alves","image":{"@type":"ImageObject","inLanguage":"pt-BR","@id":"https:\/\/secure.gravatar.com\/avatar\/6256ae245147d58c317918f3a20dbf75c244838a7b265be12b0edacdedc94737?s=96&d=mm&r=g","url":"https:\/\/secure.gravatar.com\/avatar\/6256ae245147d58c317918f3a20dbf75c244838a7b265be12b0edacdedc94737?s=96&d=mm&r=g","contentUrl":"https:\/\/secure.gravatar.com\/avatar\/6256ae245147d58c317918f3a20dbf75c244838a7b265be12b0edacdedc94737?s=96&d=mm&r=g","caption":"Zulene Alves"},"sameAs":["https:\/\/zulenealves.com.br\/"],"url":"https:\/\/zulenealves.com.br\/index.php\/author\/zulene\/"}]}},"_links":{"self":[{"href":"https:\/\/zulenealves.com.br\/index.php\/wp-json\/wp\/v2\/posts\/48645","targetHints":{"allow":["GET"]}}],"collection":[{"href":"https:\/\/zulenealves.com.br\/index.php\/wp-json\/wp\/v2\/posts"}],"about":[{"href":"https:\/\/zulenealves.com.br\/index.php\/wp-json\/wp\/v2\/types\/post"}],"author":[{"embeddable":true,"href":"https:\/\/zulenealves.com.br\/index.php\/wp-json\/wp\/v2\/users\/2"}],"replies":[{"embeddable":true,"href":"https:\/\/zulenealves.com.br\/index.php\/wp-json\/wp\/v2\/comments?post=48645"}],"version-history":[{"count":1,"href":"https:\/\/zulenealves.com.br\/index.php\/wp-json\/wp\/v2\/posts\/48645\/revisions"}],"predecessor-version":[{"id":48647,"href":"https:\/\/zulenealves.com.br\/index.php\/wp-json\/wp\/v2\/posts\/48645\/revisions\/48647"}],"wp:attachment":[{"href":"https:\/\/zulenealves.com.br\/index.php\/wp-json\/wp\/v2\/media?parent=48645"}],"wp:term":[{"taxonomy":"category","embeddable":true,"href":"https:\/\/zulenealves.com.br\/index.php\/wp-json\/wp\/v2\/categories?post=48645"},{"taxonomy":"post_tag","embeddable":true,"href":"https:\/\/zulenealves.com.br\/index.php\/wp-json\/wp\/v2\/tags?post=48645"}],"curies":[{"name":"wp","href":"https:\/\/api.w.org\/{rel}","templated":true}]}}