{"id":48651,"date":"2026-05-28T06:06:37","date_gmt":"2026-05-28T09:06:37","guid":{"rendered":"https:\/\/zulenealves.com.br\/?p=48651"},"modified":"2026-05-28T06:06:37","modified_gmt":"2026-05-28T09:06:37","slug":"em-reuniao-da-executiva-nacional-do-psb-joao-campos-defende-busca-de-conexao-com-o-povo","status":"publish","type":"post","link":"https:\/\/zulenealves.com.br\/index.php\/2026\/05\/28\/em-reuniao-da-executiva-nacional-do-psb-joao-campos-defende-busca-de-conexao-com-o-povo\/","title":{"rendered":"Em reuni\u00e3o da Executiva Nacional do PSB, Jo\u00e3o Campos defende busca de \u201cconex\u00e3o com o povo\u201d"},"content":{"rendered":"<p><img fetchpriority=\"high\" decoding=\"async\" class=\"aligncenter\" src=\"https:\/\/cdn.folhape.com.br\/img\/pc\/1100\/1\/dn_arquivo\/2026\/05\/joao-campos-4.jpg\" alt=\"Executiva Nacional do PSB se reuniu na sede do partido, em Bras\u00edlia\" width=\"549\" height=\"365\" \/>Por<strong>\u00a0Blog da Folha*<\/strong><\/p>\n<p style=\"text-align: justify;\">Na esteira da corrida \u00e0s urnas de outubro, a Executiva Nacional do PSB se reuniu para avaliar a prepara\u00e7\u00e3o do partido durante a etapa de pr\u00e9-campanha eleitoral e o cen\u00e1rio pol\u00edtico do pa\u00eds. Na ocasi\u00e3o, o presidente nacional do PSB e pr\u00e9-candidato ao governo do estado, Jo\u00e3o Campos, comemorou o crescimento da legenda na janela partid\u00e1ria e defendeu uma aproxima\u00e7\u00e3o maior da sigla com as demandas da popula\u00e7\u00e3o. Na avalia\u00e7\u00e3o do dirigente, o partido deve assumir uma postura propositiva e proativa no debate pol\u00edtico.<\/p>\n<p style=\"text-align: justify;\">\u201cA gente tem uma necessidade de conex\u00e3o cada vez maior com o\u00a0sentimento do povo, da rua. E n\u00e3o s\u00f3 dizer aquilo que as pessoas sabem, mas tamb\u00e9m dizer aquilo que elas querem, mas n\u00e3o sabem que \u00e9 poss\u00edvel\u201d, afirmou. O socialista reconheceu que o cen\u00e1rio pol\u00edtico do pa\u00eds \u00e9 polarizado e que, neste panorama, o partido deve buscar se conectar com a sociedade, debatendo o \u201ccombate a privil\u00e9gios\u201d, a efici\u00eancia da gest\u00e3o p\u00fablica e o uso respons\u00e1vel do or\u00e7amento.<\/p>\n<p style=\"text-align: justify;\" data-intext-processed=\"true\">\u201cEnxergo que hoje tem um ambiente polarizado, e tem pouca gente que faz esse debate. O partido tem quadros, tem a capacidade de fazer uma agenda de forma proativa. Ent\u00e3o, eu vejo que o p\u00f3s-elei\u00e7\u00e3o vai ser decisivo nessa constru\u00e7\u00e3o de agenda program\u00e1tica\u201d, defendeu.<\/p>\n<p style=\"text-align: justify;\">\u201cA gente tem uma necessidade de conex\u00e3o cada vez maior com o\u00a0sentimento do povo, da rua. E n\u00e3o s\u00f3 dizer aquilo que as pessoas sabem, mas tamb\u00e9m dizer aquilo que elas querem, mas n\u00e3o sabem que \u00e9 poss\u00edvel\u201d, afirmou. O socialista reconheceu que o cen\u00e1rio pol\u00edtico do pa\u00eds \u00e9 polarizado e que, neste panorama, o partido deve buscar se conectar com a sociedade, debatendo o \u201ccombate a privil\u00e9gios\u201d, a efici\u00eancia da gest\u00e3o p\u00fablica e o uso respons\u00e1vel do or\u00e7amento.<\/p>\n<p style=\"text-align: justify;\" data-intext-processed=\"true\">\u201cEnxergo que hoje tem um ambiente polarizado, e tem pouca gente que faz esse debate. O partido tem quadros, tem a capacidade de fazer uma agenda de forma proativa. Ent\u00e3o, eu vejo que o p\u00f3s-elei\u00e7\u00e3o vai ser decisivo nessa constru\u00e7\u00e3o de agenda program\u00e1tica\u201d, defendeu.<\/p>\n<p style=\"text-align: justify;\"><strong>Vice-presidente<\/strong><\/p>\n<p style=\"text-align: justify;\">O vice-presidente da Rep\u00fablica, Geraldo Alckmin, avaliou que o cen\u00e1rio pol\u00edtico nacional melhorou para o campo governista, embora ainda considere a disputa acirrada. Segundo ele, os recentes esc\u00e2ndalos envolvendo advers\u00e1rios alteraram o ambiente eleitoral. \u201cO quadro nacional melhorou. Ainda \u00e9 um quadro apertado de quem errar menos, mas, com os esc\u00e2ndalos ocorridos, teve uma altera\u00e7\u00e3o importante\u201d.<\/p>\n<p style=\"text-align: justify;\" data-intext-processed=\"true\">Alckmin tamb\u00e9m defendeu o di\u00e1logo com o eleitorado de centro, conservador e religioso e afirmou que o partido deve incorporar ao discurso o sentimento de indigna\u00e7\u00e3o da popula\u00e7\u00e3o com privil\u00e9gios e desperd\u00edcios. \u201cN\u00e3o \u00e9 trocar Z\u00e9 por Jos\u00e9, mas mudar os m\u00e9todos da pol\u00edtica e avan\u00e7ar mais\u201d, disse.<\/p>\n<p style=\"text-align: justify;\">O vice-presidente elogiou a\u00a0lideran\u00e7a de Jo\u00e3o Campos e afirmou que \u201co futuro come\u00e7a hoje\u201d e \u201cse chama juventude\u201d.<\/p>\n<p style=\"text-align: justify;\"><strong>Diretrizes<\/strong><\/p>\n<p style=\"text-align: justify;\" data-intext-processed=\"true\">Durante a reuni\u00e3o, foram aprovadas, por unanimidade, duas resolu\u00e7\u00f5es que estabelecem as diretrizes pol\u00edticas e eleitorais do partido para as elei\u00e7\u00f5es de 2026. A primeira define os crit\u00e9rios para a distribui\u00e7\u00e3o do Fundo Especial de Financiamento de Campanha (FEFC) e do fundo partid\u00e1rio. J\u00e1 a segunda disciplina os crit\u00e9rios e diretrizes que as dire\u00e7\u00f5es estaduais e distritais devem observar para a forma\u00e7\u00e3o de coliga\u00e7\u00f5es e alian\u00e7as.<\/p>\n<p style=\"text-align: justify;\">Ao final da janela partid\u00e1ria, o PSB filiou nove parlamentares na C\u00e2mara dos\u00a0Deputados e ampliou seus quadros pol\u00edticos em diferentes estados. Entre os destaques est\u00e3o os senadores Rodrigo Pacheco e Soraya Thronicke, a ex-ministra Simone Tebet e o ex-governador do Distrito Federal Cristovam Buarque.<\/p>\n<p style=\"text-align: justify;\">O ministro do Empreendedorismo e secret\u00e1rio nacional do PSB, Paulo Pereira, afirmou que, mesmo diante de um cen\u00e1rio adverso e de forte ass\u00e9dio pol\u00edtico de outras legendas, o PSB foi o partido de centro-esquerda que mais cresceu durante a janela partid\u00e1ria.<\/p>\n<div class=\"gsp_post_data\" \r\n\t            data-post_type=\"post\" \r\n\t            data-cat=\"sem-categoria\" \r\n\t            data-modified=\"120\"\r\n\t            data-created=\"1779948397\"\r\n\t            data-title=\"Em reuni\u00e3o da Executiva Nacional do PSB, Jo\u00e3o Campos defende busca de \u201cconex\u00e3o com o povo\u201d\" \r\n\t            data-home=\"https:\/\/zulenealves.com.br\"><\/div>","protected":false},"excerpt":{"rendered":"<p>Por\u00a0Blog da Folha* Na esteira da corrida \u00e0s urnas de outubro, a Executiva Nacional do PSB se reuniu para avaliar a prepara\u00e7\u00e3o do partido durante a etapa de pr\u00e9-campanha eleitoral e o cen\u00e1rio pol\u00edtico do pa\u00eds. Na ocasi\u00e3o, o presidente nacional do PSB e pr\u00e9-candidato ao governo do estado, Jo\u00e3o Campos, comemorou o crescimento da &#8230; <\/p>\n<p class=\"read-more-container\"><a title=\"Em reuni\u00e3o da Executiva Nacional do PSB, Jo\u00e3o Campos defende busca de \u201cconex\u00e3o com o povo\u201d\" class=\"read-more button\" href=\"https:\/\/zulenealves.com.br\/index.php\/2026\/05\/28\/em-reuniao-da-executiva-nacional-do-psb-joao-campos-defende-busca-de-conexao-com-o-povo\/#more-48651\" aria-label=\"More on Em reuni\u00e3o da Executiva Nacional do PSB, Jo\u00e3o Campos defende busca de \u201cconex\u00e3o com o povo\u201d\">Leia mais<\/a><\/p>\n","protected":false},"author":2,"featured_media":0,"comment_status":"closed","ping_status":"closed","sticky":false,"template":"","format":"standard","meta":{"footnotes":""},"categories":[1],"tags":[],"class_list":["post-48651","post","type-post","status-publish","format-standard","hentry","category-sem-categoria"],"yoast_head":"<!-- This site is optimized with the Yoast SEO plugin v28.4 - https:\/\/yoast.com\/product\/yoast-seo-wordpress\/ -->\n<title>Em reuni\u00e3o da Executiva Nacional do PSB, Jo\u00e3o Campos defende busca de \u201cconex\u00e3o com o povo\u201d - Blog Zulene Alves<\/title>\n<meta name=\"robots\" content=\"index, follow, max-snippet:-1, max-image-preview:large, max-video-preview:-1\" \/>\n<link rel=\"canonical\" href=\"https:\/\/zulenealves.com.br\/?p=48651\" \/>\n<meta property=\"og:locale\" content=\"pt_BR\" \/>\n<meta property=\"og:type\" content=\"article\" \/>\n<meta property=\"og:title\" content=\"Em reuni\u00e3o da Executiva Nacional do PSB, Jo\u00e3o Campos defende busca de \u201cconex\u00e3o com o povo\u201d - Blog Zulene Alves\" \/>\n<meta property=\"og:description\" content=\"Por\u00a0Blog da Folha* Na esteira da corrida \u00e0s urnas de outubro, a Executiva Nacional do PSB se reuniu para avaliar a prepara\u00e7\u00e3o do partido durante a etapa de pr\u00e9-campanha eleitoral e o cen\u00e1rio pol\u00edtico do pa\u00eds. Na ocasi\u00e3o, o presidente nacional do PSB e pr\u00e9-candidato ao governo do estado, Jo\u00e3o Campos, comemorou o crescimento da ... Leia mais\" \/>\n<meta property=\"og:url\" content=\"https:\/\/zulenealves.com.br\/?p=48651\" \/>\n<meta property=\"og:site_name\" content=\"Blog Zulene Alves\" \/>\n<meta property=\"article:published_time\" content=\"2026-05-28T09:06:37+00:00\" \/>\n<meta property=\"og:image\" content=\"https:\/\/cdn.folhape.com.br\/img\/pc\/1100\/1\/dn_arquivo\/2026\/05\/joao-campos-4.jpg\" \/>\n<meta name=\"author\" content=\"Zulene Alves\" \/>\n<meta name=\"twitter:card\" content=\"summary_large_image\" \/>\n<meta name=\"twitter:label1\" content=\"Escrito por\" \/>\n\t<meta name=\"twitter:data1\" content=\"Zulene Alves\" \/>\n\t<meta name=\"twitter:label2\" content=\"Est. tempo de leitura\" \/>\n\t<meta name=\"twitter:data2\" content=\"3 minutos\" \/>\n<script type=\"application\/ld+json\" class=\"yoast-schema-graph\">{\"@context\":\"https:\\\/\\\/schema.org\",\"@graph\":[{\"@type\":\"Article\",\"@id\":\"https:\\\/\\\/zulenealves.com.br\\\/?p=48651#article\",\"isPartOf\":{\"@id\":\"https:\\\/\\\/zulenealves.com.br\\\/?p=48651\"},\"author\":{\"name\":\"Zulene Alves\",\"@id\":\"https:\\\/\\\/zulenealves.com.br\\\/#\\\/schema\\\/person\\\/211b267042952b9d9062603ea5230577\"},\"headline\":\"Em reuni\u00e3o da Executiva Nacional do PSB, Jo\u00e3o Campos defende busca de \u201cconex\u00e3o com o povo\u201d\",\"datePublished\":\"2026-05-28T09:06:37+00:00\",\"mainEntityOfPage\":{\"@id\":\"https:\\\/\\\/zulenealves.com.br\\\/?p=48651\"},\"wordCount\":717,\"image\":{\"@id\":\"https:\\\/\\\/zulenealves.com.br\\\/?p=48651#primaryimage\"},\"thumbnailUrl\":\"https:\\\/\\\/cdn.folhape.com.br\\\/img\\\/pc\\\/1100\\\/1\\\/dn_arquivo\\\/2026\\\/05\\\/joao-campos-4.jpg\",\"inLanguage\":\"pt-BR\"},{\"@type\":\"WebPage\",\"@id\":\"https:\\\/\\\/zulenealves.com.br\\\/?p=48651\",\"url\":\"https:\\\/\\\/zulenealves.com.br\\\/?p=48651\",\"name\":\"Em reuni\u00e3o da Executiva Nacional do PSB, Jo\u00e3o Campos defende busca de \u201cconex\u00e3o com o povo\u201d - Blog Zulene Alves\",\"isPartOf\":{\"@id\":\"https:\\\/\\\/zulenealves.com.br\\\/#website\"},\"primaryImageOfPage\":{\"@id\":\"https:\\\/\\\/zulenealves.com.br\\\/?p=48651#primaryimage\"},\"image\":{\"@id\":\"https:\\\/\\\/zulenealves.com.br\\\/?p=48651#primaryimage\"},\"thumbnailUrl\":\"https:\\\/\\\/cdn.folhape.com.br\\\/img\\\/pc\\\/1100\\\/1\\\/dn_arquivo\\\/2026\\\/05\\\/joao-campos-4.jpg\",\"datePublished\":\"2026-05-28T09:06:37+00:00\",\"author\":{\"@id\":\"https:\\\/\\\/zulenealves.com.br\\\/#\\\/schema\\\/person\\\/211b267042952b9d9062603ea5230577\"},\"breadcrumb\":{\"@id\":\"https:\\\/\\\/zulenealves.com.br\\\/?p=48651#breadcrumb\"},\"inLanguage\":\"pt-BR\",\"potentialAction\":[{\"@type\":\"ReadAction\",\"target\":[\"https:\\\/\\\/zulenealves.com.br\\\/?p=48651\"]}]},{\"@type\":\"ImageObject\",\"inLanguage\":\"pt-BR\",\"@id\":\"https:\\\/\\\/zulenealves.com.br\\\/?p=48651#primaryimage\",\"url\":\"https:\\\/\\\/cdn.folhape.com.br\\\/img\\\/pc\\\/1100\\\/1\\\/dn_arquivo\\\/2026\\\/05\\\/joao-campos-4.jpg\",\"contentUrl\":\"https:\\\/\\\/cdn.folhape.com.br\\\/img\\\/pc\\\/1100\\\/1\\\/dn_arquivo\\\/2026\\\/05\\\/joao-campos-4.jpg\"},{\"@type\":\"BreadcrumbList\",\"@id\":\"https:\\\/\\\/zulenealves.com.br\\\/?p=48651#breadcrumb\",\"itemListElement\":[{\"@type\":\"ListItem\",\"position\":1,\"name\":\"In\u00edcio\",\"item\":\"https:\\\/\\\/zulenealves.com.br\\\/\"},{\"@type\":\"ListItem\",\"position\":2,\"name\":\"Em reuni\u00e3o da Executiva Nacional do PSB, Jo\u00e3o Campos defende busca de \u201cconex\u00e3o com o povo\u201d\"}]},{\"@type\":\"WebSite\",\"@id\":\"https:\\\/\\\/zulenealves.com.br\\\/#website\",\"url\":\"https:\\\/\\\/zulenealves.com.br\\\/\",\"name\":\"Blog Zulene Alves\",\"description\":\"\",\"potentialAction\":[{\"@type\":\"SearchAction\",\"target\":{\"@type\":\"EntryPoint\",\"urlTemplate\":\"https:\\\/\\\/zulenealves.com.br\\\/?s={search_term_string}\"},\"query-input\":{\"@type\":\"PropertyValueSpecification\",\"valueRequired\":true,\"valueName\":\"search_term_string\"}}],\"inLanguage\":\"pt-BR\"},{\"@type\":\"Person\",\"@id\":\"https:\\\/\\\/zulenealves.com.br\\\/#\\\/schema\\\/person\\\/211b267042952b9d9062603ea5230577\",\"name\":\"Zulene Alves\",\"image\":{\"@type\":\"ImageObject\",\"inLanguage\":\"pt-BR\",\"@id\":\"https:\\\/\\\/secure.gravatar.com\\\/avatar\\\/6256ae245147d58c317918f3a20dbf75c244838a7b265be12b0edacdedc94737?s=96&d=mm&r=g\",\"url\":\"https:\\\/\\\/secure.gravatar.com\\\/avatar\\\/6256ae245147d58c317918f3a20dbf75c244838a7b265be12b0edacdedc94737?s=96&d=mm&r=g\",\"contentUrl\":\"https:\\\/\\\/secure.gravatar.com\\\/avatar\\\/6256ae245147d58c317918f3a20dbf75c244838a7b265be12b0edacdedc94737?s=96&d=mm&r=g\",\"caption\":\"Zulene Alves\"},\"sameAs\":[\"https:\\\/\\\/zulenealves.com.br\\\/\"],\"url\":\"https:\\\/\\\/zulenealves.com.br\\\/index.php\\\/author\\\/zulene\\\/\"}]}<\/script>\n<!-- \/ Yoast SEO plugin. -->","yoast_head_json":{"title":"Em reuni\u00e3o da Executiva Nacional do PSB, Jo\u00e3o Campos defende busca de \u201cconex\u00e3o com o povo\u201d - Blog Zulene Alves","robots":{"index":"index","follow":"follow","max-snippet":"max-snippet:-1","max-image-preview":"max-image-preview:large","max-video-preview":"max-video-preview:-1"},"canonical":"https:\/\/zulenealves.com.br\/?p=48651","og_locale":"pt_BR","og_type":"article","og_title":"Em reuni\u00e3o da Executiva Nacional do PSB, Jo\u00e3o Campos defende busca de \u201cconex\u00e3o com o povo\u201d - Blog Zulene Alves","og_description":"Por\u00a0Blog da Folha* Na esteira da corrida \u00e0s urnas de outubro, a Executiva Nacional do PSB se reuniu para avaliar a prepara\u00e7\u00e3o do partido durante a etapa de pr\u00e9-campanha eleitoral e o cen\u00e1rio pol\u00edtico do pa\u00eds. Na ocasi\u00e3o, o presidente nacional do PSB e pr\u00e9-candidato ao governo do estado, Jo\u00e3o Campos, comemorou o crescimento da ... Leia mais","og_url":"https:\/\/zulenealves.com.br\/?p=48651","og_site_name":"Blog Zulene Alves","article_published_time":"2026-05-28T09:06:37+00:00","og_image":[{"url":"https:\/\/cdn.folhape.com.br\/img\/pc\/1100\/1\/dn_arquivo\/2026\/05\/joao-campos-4.jpg","type":"","width":"","height":""}],"author":"Zulene Alves","twitter_card":"summary_large_image","twitter_misc":{"Escrito por":"Zulene Alves","Est. tempo de leitura":"3 minutos"},"schema":{"@context":"https:\/\/schema.org","@graph":[{"@type":"Article","@id":"https:\/\/zulenealves.com.br\/?p=48651#article","isPartOf":{"@id":"https:\/\/zulenealves.com.br\/?p=48651"},"author":{"name":"Zulene Alves","@id":"https:\/\/zulenealves.com.br\/#\/schema\/person\/211b267042952b9d9062603ea5230577"},"headline":"Em reuni\u00e3o da Executiva Nacional do PSB, Jo\u00e3o Campos defende busca de \u201cconex\u00e3o com o povo\u201d","datePublished":"2026-05-28T09:06:37+00:00","mainEntityOfPage":{"@id":"https:\/\/zulenealves.com.br\/?p=48651"},"wordCount":717,"image":{"@id":"https:\/\/zulenealves.com.br\/?p=48651#primaryimage"},"thumbnailUrl":"https:\/\/cdn.folhape.com.br\/img\/pc\/1100\/1\/dn_arquivo\/2026\/05\/joao-campos-4.jpg","inLanguage":"pt-BR"},{"@type":"WebPage","@id":"https:\/\/zulenealves.com.br\/?p=48651","url":"https:\/\/zulenealves.com.br\/?p=48651","name":"Em reuni\u00e3o da Executiva Nacional do PSB, Jo\u00e3o Campos defende busca de \u201cconex\u00e3o com o povo\u201d - Blog Zulene Alves","isPartOf":{"@id":"https:\/\/zulenealves.com.br\/#website"},"primaryImageOfPage":{"@id":"https:\/\/zulenealves.com.br\/?p=48651#primaryimage"},"image":{"@id":"https:\/\/zulenealves.com.br\/?p=48651#primaryimage"},"thumbnailUrl":"https:\/\/cdn.folhape.com.br\/img\/pc\/1100\/1\/dn_arquivo\/2026\/05\/joao-campos-4.jpg","datePublished":"2026-05-28T09:06:37+00:00","author":{"@id":"https:\/\/zulenealves.com.br\/#\/schema\/person\/211b267042952b9d9062603ea5230577"},"breadcrumb":{"@id":"https:\/\/zulenealves.com.br\/?p=48651#breadcrumb"},"inLanguage":"pt-BR","potentialAction":[{"@type":"ReadAction","target":["https:\/\/zulenealves.com.br\/?p=48651"]}]},{"@type":"ImageObject","inLanguage":"pt-BR","@id":"https:\/\/zulenealves.com.br\/?p=48651#primaryimage","url":"https:\/\/cdn.folhape.com.br\/img\/pc\/1100\/1\/dn_arquivo\/2026\/05\/joao-campos-4.jpg","contentUrl":"https:\/\/cdn.folhape.com.br\/img\/pc\/1100\/1\/dn_arquivo\/2026\/05\/joao-campos-4.jpg"},{"@type":"BreadcrumbList","@id":"https:\/\/zulenealves.com.br\/?p=48651#breadcrumb","itemListElement":[{"@type":"ListItem","position":1,"name":"In\u00edcio","item":"https:\/\/zulenealves.com.br\/"},{"@type":"ListItem","position":2,"name":"Em reuni\u00e3o da Executiva Nacional do PSB, Jo\u00e3o Campos defende busca de \u201cconex\u00e3o com o povo\u201d"}]},{"@type":"WebSite","@id":"https:\/\/zulenealves.com.br\/#website","url":"https:\/\/zulenealves.com.br\/","name":"Blog Zulene Alves","description":"","potentialAction":[{"@type":"SearchAction","target":{"@type":"EntryPoint","urlTemplate":"https:\/\/zulenealves.com.br\/?s={search_term_string}"},"query-input":{"@type":"PropertyValueSpecification","valueRequired":true,"valueName":"search_term_string"}}],"inLanguage":"pt-BR"},{"@type":"Person","@id":"https:\/\/zulenealves.com.br\/#\/schema\/person\/211b267042952b9d9062603ea5230577","name":"Zulene Alves","image":{"@type":"ImageObject","inLanguage":"pt-BR","@id":"https:\/\/secure.gravatar.com\/avatar\/6256ae245147d58c317918f3a20dbf75c244838a7b265be12b0edacdedc94737?s=96&d=mm&r=g","url":"https:\/\/secure.gravatar.com\/avatar\/6256ae245147d58c317918f3a20dbf75c244838a7b265be12b0edacdedc94737?s=96&d=mm&r=g","contentUrl":"https:\/\/secure.gravatar.com\/avatar\/6256ae245147d58c317918f3a20dbf75c244838a7b265be12b0edacdedc94737?s=96&d=mm&r=g","caption":"Zulene Alves"},"sameAs":["https:\/\/zulenealves.com.br\/"],"url":"https:\/\/zulenealves.com.br\/index.php\/author\/zulene\/"}]}},"_links":{"self":[{"href":"https:\/\/zulenealves.com.br\/index.php\/wp-json\/wp\/v2\/posts\/48651","targetHints":{"allow":["GET"]}}],"collection":[{"href":"https:\/\/zulenealves.com.br\/index.php\/wp-json\/wp\/v2\/posts"}],"about":[{"href":"https:\/\/zulenealves.com.br\/index.php\/wp-json\/wp\/v2\/types\/post"}],"author":[{"embeddable":true,"href":"https:\/\/zulenealves.com.br\/index.php\/wp-json\/wp\/v2\/users\/2"}],"replies":[{"embeddable":true,"href":"https:\/\/zulenealves.com.br\/index.php\/wp-json\/wp\/v2\/comments?post=48651"}],"version-history":[{"count":0,"href":"https:\/\/zulenealves.com.br\/index.php\/wp-json\/wp\/v2\/posts\/48651\/revisions"}],"wp:attachment":[{"href":"https:\/\/zulenealves.com.br\/index.php\/wp-json\/wp\/v2\/media?parent=48651"}],"wp:term":[{"taxonomy":"category","embeddable":true,"href":"https:\/\/zulenealves.com.br\/index.php\/wp-json\/wp\/v2\/categories?post=48651"},{"taxonomy":"post_tag","embeddable":true,"href":"https:\/\/zulenealves.com.br\/index.php\/wp-json\/wp\/v2\/tags?post=48651"}],"curies":[{"name":"wp","href":"https:\/\/api.w.org\/{rel}","templated":true}]}}