{"id":48652,"date":"2026-05-28T08:41:10","date_gmt":"2026-05-28T11:41:10","guid":{"rendered":"https:\/\/zulenealves.com.br\/?p=48652"},"modified":"2026-05-28T09:06:38","modified_gmt":"2026-05-28T12:06:38","slug":"governo-de-pernambuco-nomeia-profissionais-aprovados-em-concurso-da-fundacao-hemope","status":"publish","type":"post","link":"https:\/\/zulenealves.com.br\/index.php\/2026\/05\/28\/governo-de-pernambuco-nomeia-profissionais-aprovados-em-concurso-da-fundacao-hemope\/","title":{"rendered":"Governo de Pernambuco nomeia profissionais aprovados em concurso da Funda\u00e7\u00e3o Hemope"},"content":{"rendered":"<div style=\"text-align: justify;\"><img fetchpriority=\"high\" decoding=\"async\" class=\"wp-image-48653 aligncenter\" src=\"https:\/\/zulenealves.com.br\/wp-content\/uploads\/2026\/05\/11-1.jpg\" alt=\"\" width=\"500\" height=\"334\" srcset=\"https:\/\/zulenealves.com.br\/wp-content\/uploads\/2026\/05\/11-1.jpg 1280w, https:\/\/zulenealves.com.br\/wp-content\/uploads\/2026\/05\/11-1-300x200.jpg 300w, https:\/\/zulenealves.com.br\/wp-content\/uploads\/2026\/05\/11-1-1024x683.jpg 1024w, https:\/\/zulenealves.com.br\/wp-content\/uploads\/2026\/05\/11-1-768x512.jpg 768w\" sizes=\"(max-width: 500px) 100vw, 500px\" \/><\/div>\n<div style=\"text-align: justify;\"><span style=\"font-family: Arial; font-size: medium;\">\u00a0<\/span><\/div>\n<div style=\"text-align: justify;\"><span style=\"font-family: Arial; font-size: medium;\">O Governo de Pernambuco publicou no Di\u00e1rio Oficial do Estado desta quinta-feira (28), a nomea\u00e7\u00e3o de 44 profissionais aprovados no concurso p\u00fablico da Funda\u00e7\u00e3o de Hematologia e Hemoterapia de Pernambuco (Hemope). Os novos servidores atuar\u00e3o nas unidades do Recife, Arcoverde, Caruaru, Petrolina e Salgueiro. Desde 2023, a gest\u00e3o estadual j\u00e1 incorporou mais de 14 mil profissionais \u00e0 \u00e1rea da sa\u00fade.<\/span><\/div>\n<div style=\"text-align: justify;\"><span style=\"font-family: Arial; font-size: medium;\">\u00a0<\/span><\/div>\n<div style=\"text-align: justify;\"><span style=\"font-family: Arial; font-size: medium;\">\u201cAs nomea\u00e7\u00f5es para o Hemope se somam aos investimentos que estamos realizando na sa\u00fade p\u00fablica de Pernambuco, com obras nos grandes hospitais, entregas em todas as regi\u00f5es do Estado e refor\u00e7o das equipes que atendem a popula\u00e7\u00e3o diariamente. Nosso compromisso \u00e9 seguir fortalecendo a rede estadual de sa\u00fade e garantindo um atendimento cada vez mais qualificado para os pernambucanos\u201d, destacou a governadora Raquel Lyra.<\/span><\/div>\n<div style=\"text-align: justify;\"><span style=\"font-family: Arial; font-size: medium;\">\u00a0<\/span><\/div>\n<div style=\"text-align: justify;\"><span style=\"font-family: Arial; font-size: medium;\">Do total de profissionais chamados, 23 atuar\u00e3o em cargos de n\u00edvel superior e 21 ocupar\u00e3o fun\u00e7\u00f5es t\u00e9cnicas ligadas \u00e0 assist\u00eancia hemoter\u00e1pica e hematol\u00f3gica da rede estadual de sa\u00fade. Entre os cargos contemplados est\u00e3o m\u00e9dico hematologista cl\u00ednico, advogado, assistente social, enfermeiro, farmac\u00eautico hospitalar, laboratorista, psic\u00f3logo, t\u00e9cnico em enfermagem e t\u00e9cnico em laborat\u00f3rio.<\/span><\/div>\n<div style=\"text-align: justify;\"><span style=\"font-family: Arial; font-size: medium;\">\u00a0<\/span><\/div>\n<div style=\"text-align: justify;\"><span style=\"font-family: Arial; font-size: medium;\">A maior parte das vagas foi destinada ao Hemope Recife, que recebeu refor\u00e7o em diferentes \u00e1reas assistenciais e administrativas. Tamb\u00e9m foram contempladas unidades regionais da institui\u00e7\u00e3o em Arcoverde, Caruaru, Petrolina e Salgueiro, fortalecendo o atendimento prestado \u00e0 popula\u00e7\u00e3o em diversas regi\u00f5es do Estado.\u00a0<\/span><\/div>\n<div style=\"text-align: justify;\"><span style=\"font-family: Arial; font-size: medium;\">\u00a0<\/span><\/div>\n<div style=\"text-align: justify;\"><span style=\"font-family: Arial; font-size: medium;\">Coleta itinerante &#8211; Como parte dos investimentos realizados na Funda\u00e7\u00e3o Hemope, o Governo de Pernambuco entregou, em mar\u00e7o deste ano, uma nova unidade m\u00f3vel de coleta de sangue para ampliar o acesso da popula\u00e7\u00e3o pernambucana \u00e0 doa\u00e7\u00e3o de sangue em diferentes regi\u00f5es do Estado. Com investimento de R$ 2,5 milh\u00f5es, a estrutura \u00e9 equipada com sala de triagem, espa\u00e7o de coleta com quatro poltronas, sistema de climatiza\u00e7\u00e3o, acessibilidade e \u00e1rea de acolhimento aos doadores.<\/span><\/div>\n<div style=\"text-align: justify;\"><span style=\"font-family: Arial; font-size: medium;\">\u00a0<\/span><\/div>\n<div style=\"text-align: justify;\"><span style=\"font-family: Arial; font-size: medium;\">A nova unidade est\u00e1 ampliando a capacidade de atendimento, com estimativa de contribuir com at\u00e9 800 novas doa\u00e7\u00f5es de sangue por m\u00eas. O ve\u00edculo percorre munic\u00edpios pernambucanos em a\u00e7\u00f5es itinerantes promovidas pelo Hemope, refor\u00e7ando as campanhas de coleta externa e ajudando no fortalecimento dos estoques da rede estadual.<\/span><\/div>\n<div class=\"gsp_post_data\" \r\n\t            data-post_type=\"post\" \r\n\t            data-cat=\"sem-categoria\" \r\n\t            data-modified=\"120\"\r\n\t            data-created=\"1779957670\"\r\n\t            data-title=\"Governo de Pernambuco nomeia profissionais aprovados em concurso da Funda\u00e7\u00e3o Hemope\" \r\n\t            data-home=\"https:\/\/zulenealves.com.br\"><\/div>","protected":false},"excerpt":{"rendered":"<p>\u00a0 O Governo de Pernambuco publicou no Di\u00e1rio Oficial do Estado desta quinta-feira (28), a nomea\u00e7\u00e3o de 44 profissionais aprovados no concurso p\u00fablico da Funda\u00e7\u00e3o de Hematologia e Hemoterapia de Pernambuco (Hemope). Os novos servidores atuar\u00e3o nas unidades do Recife, Arcoverde, Caruaru, Petrolina e Salgueiro. Desde 2023, a gest\u00e3o estadual j\u00e1 incorporou mais de 14 &#8230; <\/p>\n<p class=\"read-more-container\"><a title=\"Governo de Pernambuco nomeia profissionais aprovados em concurso da Funda\u00e7\u00e3o Hemope\" class=\"read-more button\" href=\"https:\/\/zulenealves.com.br\/index.php\/2026\/05\/28\/governo-de-pernambuco-nomeia-profissionais-aprovados-em-concurso-da-fundacao-hemope\/#more-48652\" aria-label=\"More on Governo de Pernambuco nomeia profissionais aprovados em concurso da Funda\u00e7\u00e3o Hemope\">Leia mais<\/a><\/p>\n","protected":false},"author":2,"featured_media":0,"comment_status":"closed","ping_status":"closed","sticky":false,"template":"","format":"standard","meta":{"footnotes":""},"categories":[1],"tags":[],"class_list":["post-48652","post","type-post","status-publish","format-standard","hentry","category-sem-categoria"],"yoast_head":"<!-- This site is optimized with the Yoast SEO plugin v28.4 - https:\/\/yoast.com\/product\/yoast-seo-wordpress\/ -->\n<title>Governo de Pernambuco nomeia profissionais aprovados em concurso da Funda\u00e7\u00e3o Hemope - Blog Zulene Alves<\/title>\n<meta name=\"robots\" content=\"index, follow, max-snippet:-1, max-image-preview:large, max-video-preview:-1\" \/>\n<link rel=\"canonical\" href=\"https:\/\/zulenealves.com.br\/index.php\/2026\/05\/28\/governo-de-pernambuco-nomeia-profissionais-aprovados-em-concurso-da-fundacao-hemope\/\" \/>\n<meta property=\"og:locale\" content=\"pt_BR\" \/>\n<meta property=\"og:type\" content=\"article\" \/>\n<meta property=\"og:title\" content=\"Governo de Pernambuco nomeia profissionais aprovados em concurso da Funda\u00e7\u00e3o Hemope - Blog Zulene Alves\" \/>\n<meta property=\"og:description\" content=\"\u00a0 O Governo de Pernambuco publicou no Di\u00e1rio Oficial do Estado desta quinta-feira (28), a nomea\u00e7\u00e3o de 44 profissionais aprovados no concurso p\u00fablico da Funda\u00e7\u00e3o de Hematologia e Hemoterapia de Pernambuco (Hemope). Os novos servidores atuar\u00e3o nas unidades do Recife, Arcoverde, Caruaru, Petrolina e Salgueiro. Desde 2023, a gest\u00e3o estadual j\u00e1 incorporou mais de 14 ... Leia mais\" \/>\n<meta property=\"og:url\" content=\"https:\/\/zulenealves.com.br\/index.php\/2026\/05\/28\/governo-de-pernambuco-nomeia-profissionais-aprovados-em-concurso-da-fundacao-hemope\/\" \/>\n<meta property=\"og:site_name\" content=\"Blog Zulene Alves\" \/>\n<meta property=\"article:published_time\" content=\"2026-05-28T11:41:10+00:00\" \/>\n<meta property=\"article:modified_time\" content=\"2026-05-28T12:06:38+00:00\" \/>\n<meta property=\"og:image\" content=\"https:\/\/zulenealves.com.br\/wp-content\/uploads\/2026\/05\/11-1.jpg\" \/>\n\t<meta property=\"og:image:width\" content=\"1280\" \/>\n\t<meta property=\"og:image:height\" content=\"854\" \/>\n\t<meta property=\"og:image:type\" content=\"image\/jpeg\" \/>\n<meta name=\"author\" content=\"Zulene Alves\" \/>\n<meta name=\"twitter:card\" content=\"summary_large_image\" \/>\n<meta name=\"twitter:label1\" content=\"Escrito por\" \/>\n\t<meta name=\"twitter:data1\" content=\"Zulene Alves\" \/>\n\t<meta name=\"twitter:label2\" content=\"Est. tempo de leitura\" \/>\n\t<meta name=\"twitter:data2\" content=\"3 minutos\" \/>\n<script type=\"application\/ld+json\" class=\"yoast-schema-graph\">{\"@context\":\"https:\\\/\\\/schema.org\",\"@graph\":[{\"@type\":\"Article\",\"@id\":\"https:\\\/\\\/zulenealves.com.br\\\/index.php\\\/2026\\\/05\\\/28\\\/governo-de-pernambuco-nomeia-profissionais-aprovados-em-concurso-da-fundacao-hemope\\\/#article\",\"isPartOf\":{\"@id\":\"https:\\\/\\\/zulenealves.com.br\\\/index.php\\\/2026\\\/05\\\/28\\\/governo-de-pernambuco-nomeia-profissionais-aprovados-em-concurso-da-fundacao-hemope\\\/\"},\"author\":{\"name\":\"Zulene Alves\",\"@id\":\"https:\\\/\\\/zulenealves.com.br\\\/#\\\/schema\\\/person\\\/211b267042952b9d9062603ea5230577\"},\"headline\":\"Governo de Pernambuco nomeia profissionais aprovados em concurso da Funda\u00e7\u00e3o Hemope\",\"datePublished\":\"2026-05-28T11:41:10+00:00\",\"dateModified\":\"2026-05-28T12:06:38+00:00\",\"mainEntityOfPage\":{\"@id\":\"https:\\\/\\\/zulenealves.com.br\\\/index.php\\\/2026\\\/05\\\/28\\\/governo-de-pernambuco-nomeia-profissionais-aprovados-em-concurso-da-fundacao-hemope\\\/\"},\"wordCount\":389,\"image\":{\"@id\":\"https:\\\/\\\/zulenealves.com.br\\\/index.php\\\/2026\\\/05\\\/28\\\/governo-de-pernambuco-nomeia-profissionais-aprovados-em-concurso-da-fundacao-hemope\\\/#primaryimage\"},\"thumbnailUrl\":\"https:\\\/\\\/zulenealves.com.br\\\/wp-content\\\/uploads\\\/2026\\\/05\\\/11-1.jpg\",\"inLanguage\":\"pt-BR\"},{\"@type\":\"WebPage\",\"@id\":\"https:\\\/\\\/zulenealves.com.br\\\/index.php\\\/2026\\\/05\\\/28\\\/governo-de-pernambuco-nomeia-profissionais-aprovados-em-concurso-da-fundacao-hemope\\\/\",\"url\":\"https:\\\/\\\/zulenealves.com.br\\\/index.php\\\/2026\\\/05\\\/28\\\/governo-de-pernambuco-nomeia-profissionais-aprovados-em-concurso-da-fundacao-hemope\\\/\",\"name\":\"Governo de Pernambuco nomeia profissionais aprovados em concurso da Funda\u00e7\u00e3o Hemope - Blog Zulene Alves\",\"isPartOf\":{\"@id\":\"https:\\\/\\\/zulenealves.com.br\\\/#website\"},\"primaryImageOfPage\":{\"@id\":\"https:\\\/\\\/zulenealves.com.br\\\/index.php\\\/2026\\\/05\\\/28\\\/governo-de-pernambuco-nomeia-profissionais-aprovados-em-concurso-da-fundacao-hemope\\\/#primaryimage\"},\"image\":{\"@id\":\"https:\\\/\\\/zulenealves.com.br\\\/index.php\\\/2026\\\/05\\\/28\\\/governo-de-pernambuco-nomeia-profissionais-aprovados-em-concurso-da-fundacao-hemope\\\/#primaryimage\"},\"thumbnailUrl\":\"https:\\\/\\\/zulenealves.com.br\\\/wp-content\\\/uploads\\\/2026\\\/05\\\/11-1.jpg\",\"datePublished\":\"2026-05-28T11:41:10+00:00\",\"dateModified\":\"2026-05-28T12:06:38+00:00\",\"author\":{\"@id\":\"https:\\\/\\\/zulenealves.com.br\\\/#\\\/schema\\\/person\\\/211b267042952b9d9062603ea5230577\"},\"breadcrumb\":{\"@id\":\"https:\\\/\\\/zulenealves.com.br\\\/index.php\\\/2026\\\/05\\\/28\\\/governo-de-pernambuco-nomeia-profissionais-aprovados-em-concurso-da-fundacao-hemope\\\/#breadcrumb\"},\"inLanguage\":\"pt-BR\",\"potentialAction\":[{\"@type\":\"ReadAction\",\"target\":[\"https:\\\/\\\/zulenealves.com.br\\\/index.php\\\/2026\\\/05\\\/28\\\/governo-de-pernambuco-nomeia-profissionais-aprovados-em-concurso-da-fundacao-hemope\\\/\"]}]},{\"@type\":\"ImageObject\",\"inLanguage\":\"pt-BR\",\"@id\":\"https:\\\/\\\/zulenealves.com.br\\\/index.php\\\/2026\\\/05\\\/28\\\/governo-de-pernambuco-nomeia-profissionais-aprovados-em-concurso-da-fundacao-hemope\\\/#primaryimage\",\"url\":\"https:\\\/\\\/zulenealves.com.br\\\/wp-content\\\/uploads\\\/2026\\\/05\\\/11-1.jpg\",\"contentUrl\":\"https:\\\/\\\/zulenealves.com.br\\\/wp-content\\\/uploads\\\/2026\\\/05\\\/11-1.jpg\",\"width\":1280,\"height\":854},{\"@type\":\"BreadcrumbList\",\"@id\":\"https:\\\/\\\/zulenealves.com.br\\\/index.php\\\/2026\\\/05\\\/28\\\/governo-de-pernambuco-nomeia-profissionais-aprovados-em-concurso-da-fundacao-hemope\\\/#breadcrumb\",\"itemListElement\":[{\"@type\":\"ListItem\",\"position\":1,\"name\":\"In\u00edcio\",\"item\":\"https:\\\/\\\/zulenealves.com.br\\\/\"},{\"@type\":\"ListItem\",\"position\":2,\"name\":\"Governo de Pernambuco nomeia profissionais aprovados em concurso da Funda\u00e7\u00e3o Hemope\"}]},{\"@type\":\"WebSite\",\"@id\":\"https:\\\/\\\/zulenealves.com.br\\\/#website\",\"url\":\"https:\\\/\\\/zulenealves.com.br\\\/\",\"name\":\"Blog Zulene Alves\",\"description\":\"\",\"potentialAction\":[{\"@type\":\"SearchAction\",\"target\":{\"@type\":\"EntryPoint\",\"urlTemplate\":\"https:\\\/\\\/zulenealves.com.br\\\/?s={search_term_string}\"},\"query-input\":{\"@type\":\"PropertyValueSpecification\",\"valueRequired\":true,\"valueName\":\"search_term_string\"}}],\"inLanguage\":\"pt-BR\"},{\"@type\":\"Person\",\"@id\":\"https:\\\/\\\/zulenealves.com.br\\\/#\\\/schema\\\/person\\\/211b267042952b9d9062603ea5230577\",\"name\":\"Zulene Alves\",\"image\":{\"@type\":\"ImageObject\",\"inLanguage\":\"pt-BR\",\"@id\":\"https:\\\/\\\/secure.gravatar.com\\\/avatar\\\/6256ae245147d58c317918f3a20dbf75c244838a7b265be12b0edacdedc94737?s=96&d=mm&r=g\",\"url\":\"https:\\\/\\\/secure.gravatar.com\\\/avatar\\\/6256ae245147d58c317918f3a20dbf75c244838a7b265be12b0edacdedc94737?s=96&d=mm&r=g\",\"contentUrl\":\"https:\\\/\\\/secure.gravatar.com\\\/avatar\\\/6256ae245147d58c317918f3a20dbf75c244838a7b265be12b0edacdedc94737?s=96&d=mm&r=g\",\"caption\":\"Zulene Alves\"},\"sameAs\":[\"https:\\\/\\\/zulenealves.com.br\\\/\"],\"url\":\"https:\\\/\\\/zulenealves.com.br\\\/index.php\\\/author\\\/zulene\\\/\"}]}<\/script>\n<!-- \/ Yoast SEO plugin. -->","yoast_head_json":{"title":"Governo de Pernambuco nomeia profissionais aprovados em concurso da Funda\u00e7\u00e3o Hemope - Blog Zulene Alves","robots":{"index":"index","follow":"follow","max-snippet":"max-snippet:-1","max-image-preview":"max-image-preview:large","max-video-preview":"max-video-preview:-1"},"canonical":"https:\/\/zulenealves.com.br\/index.php\/2026\/05\/28\/governo-de-pernambuco-nomeia-profissionais-aprovados-em-concurso-da-fundacao-hemope\/","og_locale":"pt_BR","og_type":"article","og_title":"Governo de Pernambuco nomeia profissionais aprovados em concurso da Funda\u00e7\u00e3o Hemope - Blog Zulene Alves","og_description":"\u00a0 O Governo de Pernambuco publicou no Di\u00e1rio Oficial do Estado desta quinta-feira (28), a nomea\u00e7\u00e3o de 44 profissionais aprovados no concurso p\u00fablico da Funda\u00e7\u00e3o de Hematologia e Hemoterapia de Pernambuco (Hemope). Os novos servidores atuar\u00e3o nas unidades do Recife, Arcoverde, Caruaru, Petrolina e Salgueiro. Desde 2023, a gest\u00e3o estadual j\u00e1 incorporou mais de 14 ... Leia mais","og_url":"https:\/\/zulenealves.com.br\/index.php\/2026\/05\/28\/governo-de-pernambuco-nomeia-profissionais-aprovados-em-concurso-da-fundacao-hemope\/","og_site_name":"Blog Zulene Alves","article_published_time":"2026-05-28T11:41:10+00:00","article_modified_time":"2026-05-28T12:06:38+00:00","og_image":[{"width":1280,"height":854,"url":"https:\/\/zulenealves.com.br\/wp-content\/uploads\/2026\/05\/11-1.jpg","type":"image\/jpeg"}],"author":"Zulene Alves","twitter_card":"summary_large_image","twitter_misc":{"Escrito por":"Zulene Alves","Est. tempo de leitura":"3 minutos"},"schema":{"@context":"https:\/\/schema.org","@graph":[{"@type":"Article","@id":"https:\/\/zulenealves.com.br\/index.php\/2026\/05\/28\/governo-de-pernambuco-nomeia-profissionais-aprovados-em-concurso-da-fundacao-hemope\/#article","isPartOf":{"@id":"https:\/\/zulenealves.com.br\/index.php\/2026\/05\/28\/governo-de-pernambuco-nomeia-profissionais-aprovados-em-concurso-da-fundacao-hemope\/"},"author":{"name":"Zulene Alves","@id":"https:\/\/zulenealves.com.br\/#\/schema\/person\/211b267042952b9d9062603ea5230577"},"headline":"Governo de Pernambuco nomeia profissionais aprovados em concurso da Funda\u00e7\u00e3o Hemope","datePublished":"2026-05-28T11:41:10+00:00","dateModified":"2026-05-28T12:06:38+00:00","mainEntityOfPage":{"@id":"https:\/\/zulenealves.com.br\/index.php\/2026\/05\/28\/governo-de-pernambuco-nomeia-profissionais-aprovados-em-concurso-da-fundacao-hemope\/"},"wordCount":389,"image":{"@id":"https:\/\/zulenealves.com.br\/index.php\/2026\/05\/28\/governo-de-pernambuco-nomeia-profissionais-aprovados-em-concurso-da-fundacao-hemope\/#primaryimage"},"thumbnailUrl":"https:\/\/zulenealves.com.br\/wp-content\/uploads\/2026\/05\/11-1.jpg","inLanguage":"pt-BR"},{"@type":"WebPage","@id":"https:\/\/zulenealves.com.br\/index.php\/2026\/05\/28\/governo-de-pernambuco-nomeia-profissionais-aprovados-em-concurso-da-fundacao-hemope\/","url":"https:\/\/zulenealves.com.br\/index.php\/2026\/05\/28\/governo-de-pernambuco-nomeia-profissionais-aprovados-em-concurso-da-fundacao-hemope\/","name":"Governo de Pernambuco nomeia profissionais aprovados em concurso da Funda\u00e7\u00e3o Hemope - Blog Zulene Alves","isPartOf":{"@id":"https:\/\/zulenealves.com.br\/#website"},"primaryImageOfPage":{"@id":"https:\/\/zulenealves.com.br\/index.php\/2026\/05\/28\/governo-de-pernambuco-nomeia-profissionais-aprovados-em-concurso-da-fundacao-hemope\/#primaryimage"},"image":{"@id":"https:\/\/zulenealves.com.br\/index.php\/2026\/05\/28\/governo-de-pernambuco-nomeia-profissionais-aprovados-em-concurso-da-fundacao-hemope\/#primaryimage"},"thumbnailUrl":"https:\/\/zulenealves.com.br\/wp-content\/uploads\/2026\/05\/11-1.jpg","datePublished":"2026-05-28T11:41:10+00:00","dateModified":"2026-05-28T12:06:38+00:00","author":{"@id":"https:\/\/zulenealves.com.br\/#\/schema\/person\/211b267042952b9d9062603ea5230577"},"breadcrumb":{"@id":"https:\/\/zulenealves.com.br\/index.php\/2026\/05\/28\/governo-de-pernambuco-nomeia-profissionais-aprovados-em-concurso-da-fundacao-hemope\/#breadcrumb"},"inLanguage":"pt-BR","potentialAction":[{"@type":"ReadAction","target":["https:\/\/zulenealves.com.br\/index.php\/2026\/05\/28\/governo-de-pernambuco-nomeia-profissionais-aprovados-em-concurso-da-fundacao-hemope\/"]}]},{"@type":"ImageObject","inLanguage":"pt-BR","@id":"https:\/\/zulenealves.com.br\/index.php\/2026\/05\/28\/governo-de-pernambuco-nomeia-profissionais-aprovados-em-concurso-da-fundacao-hemope\/#primaryimage","url":"https:\/\/zulenealves.com.br\/wp-content\/uploads\/2026\/05\/11-1.jpg","contentUrl":"https:\/\/zulenealves.com.br\/wp-content\/uploads\/2026\/05\/11-1.jpg","width":1280,"height":854},{"@type":"BreadcrumbList","@id":"https:\/\/zulenealves.com.br\/index.php\/2026\/05\/28\/governo-de-pernambuco-nomeia-profissionais-aprovados-em-concurso-da-fundacao-hemope\/#breadcrumb","itemListElement":[{"@type":"ListItem","position":1,"name":"In\u00edcio","item":"https:\/\/zulenealves.com.br\/"},{"@type":"ListItem","position":2,"name":"Governo de Pernambuco nomeia profissionais aprovados em concurso da Funda\u00e7\u00e3o Hemope"}]},{"@type":"WebSite","@id":"https:\/\/zulenealves.com.br\/#website","url":"https:\/\/zulenealves.com.br\/","name":"Blog Zulene Alves","description":"","potentialAction":[{"@type":"SearchAction","target":{"@type":"EntryPoint","urlTemplate":"https:\/\/zulenealves.com.br\/?s={search_term_string}"},"query-input":{"@type":"PropertyValueSpecification","valueRequired":true,"valueName":"search_term_string"}}],"inLanguage":"pt-BR"},{"@type":"Person","@id":"https:\/\/zulenealves.com.br\/#\/schema\/person\/211b267042952b9d9062603ea5230577","name":"Zulene Alves","image":{"@type":"ImageObject","inLanguage":"pt-BR","@id":"https:\/\/secure.gravatar.com\/avatar\/6256ae245147d58c317918f3a20dbf75c244838a7b265be12b0edacdedc94737?s=96&d=mm&r=g","url":"https:\/\/secure.gravatar.com\/avatar\/6256ae245147d58c317918f3a20dbf75c244838a7b265be12b0edacdedc94737?s=96&d=mm&r=g","contentUrl":"https:\/\/secure.gravatar.com\/avatar\/6256ae245147d58c317918f3a20dbf75c244838a7b265be12b0edacdedc94737?s=96&d=mm&r=g","caption":"Zulene Alves"},"sameAs":["https:\/\/zulenealves.com.br\/"],"url":"https:\/\/zulenealves.com.br\/index.php\/author\/zulene\/"}]}},"_links":{"self":[{"href":"https:\/\/zulenealves.com.br\/index.php\/wp-json\/wp\/v2\/posts\/48652","targetHints":{"allow":["GET"]}}],"collection":[{"href":"https:\/\/zulenealves.com.br\/index.php\/wp-json\/wp\/v2\/posts"}],"about":[{"href":"https:\/\/zulenealves.com.br\/index.php\/wp-json\/wp\/v2\/types\/post"}],"author":[{"embeddable":true,"href":"https:\/\/zulenealves.com.br\/index.php\/wp-json\/wp\/v2\/users\/2"}],"replies":[{"embeddable":true,"href":"https:\/\/zulenealves.com.br\/index.php\/wp-json\/wp\/v2\/comments?post=48652"}],"version-history":[{"count":1,"href":"https:\/\/zulenealves.com.br\/index.php\/wp-json\/wp\/v2\/posts\/48652\/revisions"}],"predecessor-version":[{"id":48654,"href":"https:\/\/zulenealves.com.br\/index.php\/wp-json\/wp\/v2\/posts\/48652\/revisions\/48654"}],"wp:attachment":[{"href":"https:\/\/zulenealves.com.br\/index.php\/wp-json\/wp\/v2\/media?parent=48652"}],"wp:term":[{"taxonomy":"category","embeddable":true,"href":"https:\/\/zulenealves.com.br\/index.php\/wp-json\/wp\/v2\/categories?post=48652"},{"taxonomy":"post_tag","embeddable":true,"href":"https:\/\/zulenealves.com.br\/index.php\/wp-json\/wp\/v2\/tags?post=48652"}],"curies":[{"name":"wp","href":"https:\/\/api.w.org\/{rel}","templated":true}]}}