{"id":49304,"date":"2026-06-21T09:15:45","date_gmt":"2026-06-21T12:15:45","guid":{"rendered":"https:\/\/zulenealves.com.br\/?p=49304"},"modified":"2026-06-21T15:16:19","modified_gmt":"2026-06-21T18:16:19","slug":"governo-de-pernambuco-decreta-ponto-facultativo-na-segunda-feira-22","status":"publish","type":"post","link":"https:\/\/zulenealves.com.br\/index.php\/2026\/06\/21\/governo-de-pernambuco-decreta-ponto-facultativo-na-segunda-feira-22\/","title":{"rendered":"Governo de Pernambuco decreta ponto facultativo na segunda-feira (22)"},"content":{"rendered":"<div class=\"featured-image  page-header-image-single \" style=\"text-align: justify;\"><img fetchpriority=\"high\" decoding=\"async\" class=\"attachment-full  aligncenter\" src=\"https:\/\/blogdojuniorcavalcanti.com.br\/wp-content\/uploads\/2026\/06\/palacio-campo-princesas.jpg\" sizes=\"(max-width: 800px) 100vw, 800px\" srcset=\"https:\/\/blogdojuniorcavalcanti.com.br\/wp-content\/uploads\/2026\/06\/palacio-campo-princesas.jpg 800w, https:\/\/blogdojuniorcavalcanti.com.br\/wp-content\/uploads\/2026\/06\/palacio-campo-princesas-768x512.jpg 768w\" alt=\"\" width=\"569\" height=\"379\" \/><\/div>\n<div class=\"entry-content\">\n<p style=\"text-align: justify;\">O Governo de Pernambuco decretou ponto facultativo para a pr\u00f3xima segunda-feira (22) nas reparti\u00e7\u00f5es p\u00fablicas e entidades da administra\u00e7\u00e3o direta e indireta do Estado. A determina\u00e7\u00e3o ser\u00e1 publicada na edi\u00e7\u00e3o deste s\u00e1bado (20) do Di\u00e1rio Oficial.<\/p>\n<p style=\"text-align: justify;\">De acordo com o decreto, a medida n\u00e3o se aplica a servi\u00e7os considerados indispens\u00e1veis, cujo funcionamento ficar\u00e1 a crit\u00e9rio dos gestores de cada \u00f3rg\u00e3o.<\/p>\n<p style=\"text-align: justify;\">A decis\u00e3o ocorre poucos dias antes do feriado de S\u00e3o Jo\u00e3o, celebrado na quarta-feira (24). No fim de maio, o governo estadual j\u00e1 havia anunciado a transfer\u00eancia do ponto facultativo de Corpus Christi para a ter\u00e7a-feira (23), v\u00e9spera da data.<\/p>\n<p style=\"text-align: justify;\"><strong>Pagamento antecipado<\/strong><\/p>\n<p style=\"text-align: justify;\">Na \u00faltima quinta-feira (18), a governadora Raquel Lyra tamb\u00e9m anunciou a antecipa\u00e7\u00e3o do pagamento dos sal\u00e1rios de junho dos servidores estaduais para a segunda-feira (22).<\/p>\n<p style=\"text-align: justify;\">O pagamento contempla servidores ativos, comissionados, aposentados e pensionistas vinculados ao Estado.<\/p>\n<p style=\"text-align: justify;\">Com a medida, parte dos servidores p\u00fablicos estaduais ter\u00e1 expediente suspenso na segunda e na ter\u00e7a-feira, antes do feriado de S\u00e3o Jo\u00e3o. Os servi\u00e7os essenciais, no entanto, devem manter o funcionamento normal durante o per\u00edodo.<\/p>\n<\/div>\n<div class=\"gsp_post_data\" \r\n\t            data-post_type=\"post\" \r\n\t            data-cat=\"pernambuco\" \r\n\t            data-modified=\"120\"\r\n\t            data-created=\"1782033345\"\r\n\t            data-title=\"Governo de Pernambuco decreta ponto facultativo na segunda-feira (22)\" \r\n\t            data-home=\"https:\/\/zulenealves.com.br\"><\/div>","protected":false},"excerpt":{"rendered":"<p>O Governo de Pernambuco decretou ponto facultativo para a pr\u00f3xima segunda-feira (22) nas reparti\u00e7\u00f5es p\u00fablicas e entidades da administra\u00e7\u00e3o direta e indireta do Estado. A determina\u00e7\u00e3o ser\u00e1 publicada na edi\u00e7\u00e3o deste s\u00e1bado (20) do Di\u00e1rio Oficial. De acordo com o decreto, a medida n\u00e3o se aplica a servi\u00e7os considerados indispens\u00e1veis, cujo funcionamento ficar\u00e1 a crit\u00e9rio &#8230; <\/p>\n<p class=\"read-more-container\"><a title=\"Governo de Pernambuco decreta ponto facultativo na segunda-feira (22)\" class=\"read-more button\" href=\"https:\/\/zulenealves.com.br\/index.php\/2026\/06\/21\/governo-de-pernambuco-decreta-ponto-facultativo-na-segunda-feira-22\/#more-49304\" aria-label=\"More on Governo de Pernambuco decreta ponto facultativo na segunda-feira (22)\">Leia mais<\/a><\/p>\n","protected":false},"author":1,"featured_media":0,"comment_status":"closed","ping_status":"closed","sticky":false,"template":"","format":"standard","meta":{"footnotes":""},"categories":[15],"tags":[],"class_list":["post-49304","post","type-post","status-publish","format-standard","hentry","category-pernambuco"],"yoast_head":"<!-- This site is optimized with the Yoast SEO plugin v28.4 - https:\/\/yoast.com\/product\/yoast-seo-wordpress\/ -->\n<title>Governo de Pernambuco decreta ponto facultativo na segunda-feira (22) - Blog Zulene Alves<\/title>\n<meta name=\"robots\" content=\"index, follow, max-snippet:-1, max-image-preview:large, max-video-preview:-1\" \/>\n<link rel=\"canonical\" href=\"https:\/\/zulenealves.com.br\/index.php\/2026\/06\/21\/governo-de-pernambuco-decreta-ponto-facultativo-na-segunda-feira-22\/\" \/>\n<meta property=\"og:locale\" content=\"pt_BR\" \/>\n<meta property=\"og:type\" content=\"article\" \/>\n<meta property=\"og:title\" content=\"Governo de Pernambuco decreta ponto facultativo na segunda-feira (22) - Blog Zulene Alves\" \/>\n<meta property=\"og:description\" content=\"O Governo de Pernambuco decretou ponto facultativo para a pr\u00f3xima segunda-feira (22) nas reparti\u00e7\u00f5es p\u00fablicas e entidades da administra\u00e7\u00e3o direta e indireta do Estado. A determina\u00e7\u00e3o ser\u00e1 publicada na edi\u00e7\u00e3o deste s\u00e1bado (20) do Di\u00e1rio Oficial. De acordo com o decreto, a medida n\u00e3o se aplica a servi\u00e7os considerados indispens\u00e1veis, cujo funcionamento ficar\u00e1 a crit\u00e9rio ... Leia mais\" \/>\n<meta property=\"og:url\" content=\"https:\/\/zulenealves.com.br\/index.php\/2026\/06\/21\/governo-de-pernambuco-decreta-ponto-facultativo-na-segunda-feira-22\/\" \/>\n<meta property=\"og:site_name\" content=\"Blog Zulene Alves\" \/>\n<meta property=\"article:published_time\" content=\"2026-06-21T12:15:45+00:00\" \/>\n<meta property=\"article:modified_time\" content=\"2026-06-21T18:16:19+00:00\" \/>\n<meta property=\"og:image\" content=\"https:\/\/blogdojuniorcavalcanti.com.br\/wp-content\/uploads\/2026\/06\/palacio-campo-princesas.jpg\" \/>\n<meta name=\"author\" content=\"zulenealves\" \/>\n<meta name=\"twitter:card\" content=\"summary_large_image\" \/>\n<meta name=\"twitter:label1\" content=\"Escrito por\" \/>\n\t<meta name=\"twitter:data1\" content=\"zulenealves\" \/>\n\t<meta name=\"twitter:label2\" content=\"Est. tempo de leitura\" \/>\n\t<meta name=\"twitter:data2\" content=\"2 minutos\" \/>\n<script type=\"application\/ld+json\" class=\"yoast-schema-graph\">{\"@context\":\"https:\\\/\\\/schema.org\",\"@graph\":[{\"@type\":\"Article\",\"@id\":\"https:\\\/\\\/zulenealves.com.br\\\/index.php\\\/2026\\\/06\\\/21\\\/governo-de-pernambuco-decreta-ponto-facultativo-na-segunda-feira-22\\\/#article\",\"isPartOf\":{\"@id\":\"https:\\\/\\\/zulenealves.com.br\\\/index.php\\\/2026\\\/06\\\/21\\\/governo-de-pernambuco-decreta-ponto-facultativo-na-segunda-feira-22\\\/\"},\"author\":{\"name\":\"zulenealves\",\"@id\":\"https:\\\/\\\/zulenealves.com.br\\\/#\\\/schema\\\/person\\\/4076c08f761164e658f6461c6b0316ef\"},\"headline\":\"Governo de Pernambuco decreta ponto facultativo na segunda-feira (22)\",\"datePublished\":\"2026-06-21T12:15:45+00:00\",\"dateModified\":\"2026-06-21T18:16:19+00:00\",\"mainEntityOfPage\":{\"@id\":\"https:\\\/\\\/zulenealves.com.br\\\/index.php\\\/2026\\\/06\\\/21\\\/governo-de-pernambuco-decreta-ponto-facultativo-na-segunda-feira-22\\\/\"},\"wordCount\":204,\"image\":{\"@id\":\"https:\\\/\\\/zulenealves.com.br\\\/index.php\\\/2026\\\/06\\\/21\\\/governo-de-pernambuco-decreta-ponto-facultativo-na-segunda-feira-22\\\/#primaryimage\"},\"thumbnailUrl\":\"https:\\\/\\\/blogdojuniorcavalcanti.com.br\\\/wp-content\\\/uploads\\\/2026\\\/06\\\/palacio-campo-princesas.jpg\",\"articleSection\":[\"Pernambuco\"],\"inLanguage\":\"pt-BR\"},{\"@type\":\"WebPage\",\"@id\":\"https:\\\/\\\/zulenealves.com.br\\\/index.php\\\/2026\\\/06\\\/21\\\/governo-de-pernambuco-decreta-ponto-facultativo-na-segunda-feira-22\\\/\",\"url\":\"https:\\\/\\\/zulenealves.com.br\\\/index.php\\\/2026\\\/06\\\/21\\\/governo-de-pernambuco-decreta-ponto-facultativo-na-segunda-feira-22\\\/\",\"name\":\"Governo de Pernambuco decreta ponto facultativo na segunda-feira (22) - Blog Zulene Alves\",\"isPartOf\":{\"@id\":\"https:\\\/\\\/zulenealves.com.br\\\/#website\"},\"primaryImageOfPage\":{\"@id\":\"https:\\\/\\\/zulenealves.com.br\\\/index.php\\\/2026\\\/06\\\/21\\\/governo-de-pernambuco-decreta-ponto-facultativo-na-segunda-feira-22\\\/#primaryimage\"},\"image\":{\"@id\":\"https:\\\/\\\/zulenealves.com.br\\\/index.php\\\/2026\\\/06\\\/21\\\/governo-de-pernambuco-decreta-ponto-facultativo-na-segunda-feira-22\\\/#primaryimage\"},\"thumbnailUrl\":\"https:\\\/\\\/blogdojuniorcavalcanti.com.br\\\/wp-content\\\/uploads\\\/2026\\\/06\\\/palacio-campo-princesas.jpg\",\"datePublished\":\"2026-06-21T12:15:45+00:00\",\"dateModified\":\"2026-06-21T18:16:19+00:00\",\"author\":{\"@id\":\"https:\\\/\\\/zulenealves.com.br\\\/#\\\/schema\\\/person\\\/4076c08f761164e658f6461c6b0316ef\"},\"breadcrumb\":{\"@id\":\"https:\\\/\\\/zulenealves.com.br\\\/index.php\\\/2026\\\/06\\\/21\\\/governo-de-pernambuco-decreta-ponto-facultativo-na-segunda-feira-22\\\/#breadcrumb\"},\"inLanguage\":\"pt-BR\",\"potentialAction\":[{\"@type\":\"ReadAction\",\"target\":[\"https:\\\/\\\/zulenealves.com.br\\\/index.php\\\/2026\\\/06\\\/21\\\/governo-de-pernambuco-decreta-ponto-facultativo-na-segunda-feira-22\\\/\"]}]},{\"@type\":\"ImageObject\",\"inLanguage\":\"pt-BR\",\"@id\":\"https:\\\/\\\/zulenealves.com.br\\\/index.php\\\/2026\\\/06\\\/21\\\/governo-de-pernambuco-decreta-ponto-facultativo-na-segunda-feira-22\\\/#primaryimage\",\"url\":\"https:\\\/\\\/blogdojuniorcavalcanti.com.br\\\/wp-content\\\/uploads\\\/2026\\\/06\\\/palacio-campo-princesas.jpg\",\"contentUrl\":\"https:\\\/\\\/blogdojuniorcavalcanti.com.br\\\/wp-content\\\/uploads\\\/2026\\\/06\\\/palacio-campo-princesas.jpg\"},{\"@type\":\"BreadcrumbList\",\"@id\":\"https:\\\/\\\/zulenealves.com.br\\\/index.php\\\/2026\\\/06\\\/21\\\/governo-de-pernambuco-decreta-ponto-facultativo-na-segunda-feira-22\\\/#breadcrumb\",\"itemListElement\":[{\"@type\":\"ListItem\",\"position\":1,\"name\":\"In\u00edcio\",\"item\":\"https:\\\/\\\/zulenealves.com.br\\\/\"},{\"@type\":\"ListItem\",\"position\":2,\"name\":\"Governo de Pernambuco decreta ponto facultativo na segunda-feira (22)\"}]},{\"@type\":\"WebSite\",\"@id\":\"https:\\\/\\\/zulenealves.com.br\\\/#website\",\"url\":\"https:\\\/\\\/zulenealves.com.br\\\/\",\"name\":\"Blog Zulene Alves\",\"description\":\"\",\"potentialAction\":[{\"@type\":\"SearchAction\",\"target\":{\"@type\":\"EntryPoint\",\"urlTemplate\":\"https:\\\/\\\/zulenealves.com.br\\\/?s={search_term_string}\"},\"query-input\":{\"@type\":\"PropertyValueSpecification\",\"valueRequired\":true,\"valueName\":\"search_term_string\"}}],\"inLanguage\":\"pt-BR\"},{\"@type\":\"Person\",\"@id\":\"https:\\\/\\\/zulenealves.com.br\\\/#\\\/schema\\\/person\\\/4076c08f761164e658f6461c6b0316ef\",\"name\":\"zulenealves\",\"image\":{\"@type\":\"ImageObject\",\"inLanguage\":\"pt-BR\",\"@id\":\"https:\\\/\\\/secure.gravatar.com\\\/avatar\\\/0c6cfdd7fa501763e4ab9715fb2b12c342c6a1ace0a16a25d743cdfbb340b122?s=96&d=mm&r=g\",\"url\":\"https:\\\/\\\/secure.gravatar.com\\\/avatar\\\/0c6cfdd7fa501763e4ab9715fb2b12c342c6a1ace0a16a25d743cdfbb340b122?s=96&d=mm&r=g\",\"contentUrl\":\"https:\\\/\\\/secure.gravatar.com\\\/avatar\\\/0c6cfdd7fa501763e4ab9715fb2b12c342c6a1ace0a16a25d743cdfbb340b122?s=96&d=mm&r=g\",\"caption\":\"zulenealves\"},\"sameAs\":[\"https:\\\/\\\/zulenealves.com.br\"],\"url\":\"https:\\\/\\\/zulenealves.com.br\\\/index.php\\\/author\\\/zulenealves\\\/\"}]}<\/script>\n<!-- \/ Yoast SEO plugin. -->","yoast_head_json":{"title":"Governo de Pernambuco decreta ponto facultativo na segunda-feira (22) - Blog Zulene Alves","robots":{"index":"index","follow":"follow","max-snippet":"max-snippet:-1","max-image-preview":"max-image-preview:large","max-video-preview":"max-video-preview:-1"},"canonical":"https:\/\/zulenealves.com.br\/index.php\/2026\/06\/21\/governo-de-pernambuco-decreta-ponto-facultativo-na-segunda-feira-22\/","og_locale":"pt_BR","og_type":"article","og_title":"Governo de Pernambuco decreta ponto facultativo na segunda-feira (22) - Blog Zulene Alves","og_description":"O Governo de Pernambuco decretou ponto facultativo para a pr\u00f3xima segunda-feira (22) nas reparti\u00e7\u00f5es p\u00fablicas e entidades da administra\u00e7\u00e3o direta e indireta do Estado. A determina\u00e7\u00e3o ser\u00e1 publicada na edi\u00e7\u00e3o deste s\u00e1bado (20) do Di\u00e1rio Oficial. De acordo com o decreto, a medida n\u00e3o se aplica a servi\u00e7os considerados indispens\u00e1veis, cujo funcionamento ficar\u00e1 a crit\u00e9rio ... Leia mais","og_url":"https:\/\/zulenealves.com.br\/index.php\/2026\/06\/21\/governo-de-pernambuco-decreta-ponto-facultativo-na-segunda-feira-22\/","og_site_name":"Blog Zulene Alves","article_published_time":"2026-06-21T12:15:45+00:00","article_modified_time":"2026-06-21T18:16:19+00:00","og_image":[{"url":"https:\/\/blogdojuniorcavalcanti.com.br\/wp-content\/uploads\/2026\/06\/palacio-campo-princesas.jpg","type":"","width":"","height":""}],"author":"zulenealves","twitter_card":"summary_large_image","twitter_misc":{"Escrito por":"zulenealves","Est. tempo de leitura":"2 minutos"},"schema":{"@context":"https:\/\/schema.org","@graph":[{"@type":"Article","@id":"https:\/\/zulenealves.com.br\/index.php\/2026\/06\/21\/governo-de-pernambuco-decreta-ponto-facultativo-na-segunda-feira-22\/#article","isPartOf":{"@id":"https:\/\/zulenealves.com.br\/index.php\/2026\/06\/21\/governo-de-pernambuco-decreta-ponto-facultativo-na-segunda-feira-22\/"},"author":{"name":"zulenealves","@id":"https:\/\/zulenealves.com.br\/#\/schema\/person\/4076c08f761164e658f6461c6b0316ef"},"headline":"Governo de Pernambuco decreta ponto facultativo na segunda-feira (22)","datePublished":"2026-06-21T12:15:45+00:00","dateModified":"2026-06-21T18:16:19+00:00","mainEntityOfPage":{"@id":"https:\/\/zulenealves.com.br\/index.php\/2026\/06\/21\/governo-de-pernambuco-decreta-ponto-facultativo-na-segunda-feira-22\/"},"wordCount":204,"image":{"@id":"https:\/\/zulenealves.com.br\/index.php\/2026\/06\/21\/governo-de-pernambuco-decreta-ponto-facultativo-na-segunda-feira-22\/#primaryimage"},"thumbnailUrl":"https:\/\/blogdojuniorcavalcanti.com.br\/wp-content\/uploads\/2026\/06\/palacio-campo-princesas.jpg","articleSection":["Pernambuco"],"inLanguage":"pt-BR"},{"@type":"WebPage","@id":"https:\/\/zulenealves.com.br\/index.php\/2026\/06\/21\/governo-de-pernambuco-decreta-ponto-facultativo-na-segunda-feira-22\/","url":"https:\/\/zulenealves.com.br\/index.php\/2026\/06\/21\/governo-de-pernambuco-decreta-ponto-facultativo-na-segunda-feira-22\/","name":"Governo de Pernambuco decreta ponto facultativo na segunda-feira (22) - Blog Zulene Alves","isPartOf":{"@id":"https:\/\/zulenealves.com.br\/#website"},"primaryImageOfPage":{"@id":"https:\/\/zulenealves.com.br\/index.php\/2026\/06\/21\/governo-de-pernambuco-decreta-ponto-facultativo-na-segunda-feira-22\/#primaryimage"},"image":{"@id":"https:\/\/zulenealves.com.br\/index.php\/2026\/06\/21\/governo-de-pernambuco-decreta-ponto-facultativo-na-segunda-feira-22\/#primaryimage"},"thumbnailUrl":"https:\/\/blogdojuniorcavalcanti.com.br\/wp-content\/uploads\/2026\/06\/palacio-campo-princesas.jpg","datePublished":"2026-06-21T12:15:45+00:00","dateModified":"2026-06-21T18:16:19+00:00","author":{"@id":"https:\/\/zulenealves.com.br\/#\/schema\/person\/4076c08f761164e658f6461c6b0316ef"},"breadcrumb":{"@id":"https:\/\/zulenealves.com.br\/index.php\/2026\/06\/21\/governo-de-pernambuco-decreta-ponto-facultativo-na-segunda-feira-22\/#breadcrumb"},"inLanguage":"pt-BR","potentialAction":[{"@type":"ReadAction","target":["https:\/\/zulenealves.com.br\/index.php\/2026\/06\/21\/governo-de-pernambuco-decreta-ponto-facultativo-na-segunda-feira-22\/"]}]},{"@type":"ImageObject","inLanguage":"pt-BR","@id":"https:\/\/zulenealves.com.br\/index.php\/2026\/06\/21\/governo-de-pernambuco-decreta-ponto-facultativo-na-segunda-feira-22\/#primaryimage","url":"https:\/\/blogdojuniorcavalcanti.com.br\/wp-content\/uploads\/2026\/06\/palacio-campo-princesas.jpg","contentUrl":"https:\/\/blogdojuniorcavalcanti.com.br\/wp-content\/uploads\/2026\/06\/palacio-campo-princesas.jpg"},{"@type":"BreadcrumbList","@id":"https:\/\/zulenealves.com.br\/index.php\/2026\/06\/21\/governo-de-pernambuco-decreta-ponto-facultativo-na-segunda-feira-22\/#breadcrumb","itemListElement":[{"@type":"ListItem","position":1,"name":"In\u00edcio","item":"https:\/\/zulenealves.com.br\/"},{"@type":"ListItem","position":2,"name":"Governo de Pernambuco decreta ponto facultativo na segunda-feira (22)"}]},{"@type":"WebSite","@id":"https:\/\/zulenealves.com.br\/#website","url":"https:\/\/zulenealves.com.br\/","name":"Blog Zulene Alves","description":"","potentialAction":[{"@type":"SearchAction","target":{"@type":"EntryPoint","urlTemplate":"https:\/\/zulenealves.com.br\/?s={search_term_string}"},"query-input":{"@type":"PropertyValueSpecification","valueRequired":true,"valueName":"search_term_string"}}],"inLanguage":"pt-BR"},{"@type":"Person","@id":"https:\/\/zulenealves.com.br\/#\/schema\/person\/4076c08f761164e658f6461c6b0316ef","name":"zulenealves","image":{"@type":"ImageObject","inLanguage":"pt-BR","@id":"https:\/\/secure.gravatar.com\/avatar\/0c6cfdd7fa501763e4ab9715fb2b12c342c6a1ace0a16a25d743cdfbb340b122?s=96&d=mm&r=g","url":"https:\/\/secure.gravatar.com\/avatar\/0c6cfdd7fa501763e4ab9715fb2b12c342c6a1ace0a16a25d743cdfbb340b122?s=96&d=mm&r=g","contentUrl":"https:\/\/secure.gravatar.com\/avatar\/0c6cfdd7fa501763e4ab9715fb2b12c342c6a1ace0a16a25d743cdfbb340b122?s=96&d=mm&r=g","caption":"zulenealves"},"sameAs":["https:\/\/zulenealves.com.br"],"url":"https:\/\/zulenealves.com.br\/index.php\/author\/zulenealves\/"}]}},"_links":{"self":[{"href":"https:\/\/zulenealves.com.br\/index.php\/wp-json\/wp\/v2\/posts\/49304","targetHints":{"allow":["GET"]}}],"collection":[{"href":"https:\/\/zulenealves.com.br\/index.php\/wp-json\/wp\/v2\/posts"}],"about":[{"href":"https:\/\/zulenealves.com.br\/index.php\/wp-json\/wp\/v2\/types\/post"}],"author":[{"embeddable":true,"href":"https:\/\/zulenealves.com.br\/index.php\/wp-json\/wp\/v2\/users\/1"}],"replies":[{"embeddable":true,"href":"https:\/\/zulenealves.com.br\/index.php\/wp-json\/wp\/v2\/comments?post=49304"}],"version-history":[{"count":1,"href":"https:\/\/zulenealves.com.br\/index.php\/wp-json\/wp\/v2\/posts\/49304\/revisions"}],"predecessor-version":[{"id":49305,"href":"https:\/\/zulenealves.com.br\/index.php\/wp-json\/wp\/v2\/posts\/49304\/revisions\/49305"}],"wp:attachment":[{"href":"https:\/\/zulenealves.com.br\/index.php\/wp-json\/wp\/v2\/media?parent=49304"}],"wp:term":[{"taxonomy":"category","embeddable":true,"href":"https:\/\/zulenealves.com.br\/index.php\/wp-json\/wp\/v2\/categories?post=49304"},{"taxonomy":"post_tag","embeddable":true,"href":"https:\/\/zulenealves.com.br\/index.php\/wp-json\/wp\/v2\/tags?post=49304"}],"curies":[{"name":"wp","href":"https:\/\/api.w.org\/{rel}","templated":true}]}}