{"id":49976,"date":"2026-07-09T12:00:47","date_gmt":"2026-07-09T15:00:47","guid":{"rendered":"https:\/\/zulenealves.com.br\/?p=49976"},"modified":"2026-07-09T08:58:24","modified_gmt":"2026-07-09T11:58:24","slug":"de-pistolas-a-fuzil-arabe-conheca-o-arsenal-de-jair-bolsonaro-alvo-de-medidas-de-moraes","status":"publish","type":"post","link":"https:\/\/zulenealves.com.br\/index.php\/2026\/07\/09\/de-pistolas-a-fuzil-arabe-conheca-o-arsenal-de-jair-bolsonaro-alvo-de-medidas-de-moraes\/","title":{"rendered":"De pistolas a fuzil \u00e1rabe: conhe\u00e7a o arsenal de Jair Bolsonaro alvo de medidas de Moraes"},"content":{"rendered":"<figure style=\"width: 611px\" class=\"wp-caption aligncenter\"><img fetchpriority=\"high\" decoding=\"async\" src=\"https:\/\/cdn.folhape.com.br\/img\/pc\/1100\/1\/dn_arquivo\/2026\/06\/image-90.jpg\" alt=\"Jair Bolsonaro est\u00e1 em pris\u00e3o domiciliar desde o dia 24 de mar\u00e7o de 2026\" width=\"621\" height=\"372\" \/><figcaption class=\"wp-caption-text\">Foto: Fabio Rodrigues-Pozzebom\/ Ag\u00eancia Brasil<\/figcaption><\/figure>\n<p class=\"subTituloDet\" style=\"text-align: justify;\"><em><strong>Opera\u00e7\u00e3o da PF ocorre um dia ap\u00f3s os advogados de Bolsonaro comunicarem ao STF o paradeiro das duas armas que ainda n\u00e3o haviam sido localizadas<\/strong><\/em><\/p>\n<p style=\"text-align: justify;\">O ex-presidente Jair Bolsonaro foi alvo na quarta-feira (8) de um mandado de busca e apreens\u00e3o em sua casa, em nova dilig\u00eancia da Pol\u00edcia Federal autorizada pelo ministro Alexandre de Moraes, do Supremo Tribunal Federal (STF).<\/p>\n<p style=\"text-align: justify;\">A opera\u00e7\u00e3o, determinada ap\u00f3s o magistrado identificar diverg\u00eancias em informa\u00e7\u00f5es prestadas pela defesa de Bolsonaro sobre o paradeiro de armas registradas em nome dele, teve o objetivo de checar se havia armamento, muni\u00e7\u00f5es, acess\u00f3rios e documentos ainda em posse do ex-presidente. Segundo os advogados, nada foi encontrado.<\/p>\n<p style=\"text-align: justify;\" data-intext-processed=\"true\">Em sua decis\u00e3o, Moraes afirmou que \u201ca discrep\u00e2ncia entre as informa\u00e7\u00f5es constantes dos autos e aquelas posteriormente apresentadas pela defesa torna imprescind\u00edvel a ado\u00e7\u00e3o de busca e apreens\u00e3o domiciliar a fim de assegurar o efetivo cumprimento da ordem judicial de entrega integral das armas de fogo e afastar qualquer d\u00favida quanto \u00e0 perman\u00eancia de armamentos sob a posse, direta ou indireta, do condenado Jair Messias Bolsonaro\u201d.<\/p>\n<p style=\"text-align: justify;\">A opera\u00e7\u00e3o da PF ocorre um dia ap\u00f3s os advogados de Bolsonaro comunicarem ao STF o paradeiro das duas armas que ainda n\u00e3o haviam sido localizadas pela PF. Segundo a defesa, as dez armas registradas em nome do ex-presidente j\u00e1 est\u00e3o sob cust\u00f3dia de \u00f3rg\u00e3os p\u00fablicos ou t\u00eam localiza\u00e7\u00e3o informada \u00e0s autoridades.<\/p>\n<p style=\"text-align: justify;\"><strong>Dez armas<\/strong><br \/>\nNo acervo de Bolsonaro h\u00e1 seis pistolas, duas carabinas e duas espingardas. Os mais potentes s\u00e3o um fuzil americano Springfield Armory e outro Caracal, que, junto a uma pistola, j\u00e1 havia sido entregue \u00e0s autoridades ap\u00f3s uma decis\u00e3o do Tribunal de Contas da Uni\u00e3o (TCU) em 2023. As pe\u00e7as foram dadas de presente pelos Emirados \u00c1rabes a Bolsonaro enquanto ele era presidente, o que justificou a ordem de devolu\u00e7\u00e3o \u00e0 Pol\u00edcia Federal.<\/p>\n<p style=\"text-align: justify;\" data-intext-processed=\"true\">Um dos advogados de Bolsonaro, Jo\u00e3o Henrique de Freitas, disse nas redes ser \u201clament\u00e1vel que um ex-presidente da Rep\u00fablica ainda seja submetido a esse tipo de a\u00e7\u00e3o\u201d.<\/p>\n<p style=\"text-align: justify;\">Na ter\u00e7a-feira, os advogados haviam informado ao STF que uma das armas que n\u00e3o havia sido encontrada no Ex\u00e9rcito, uma espingarda dada a Bolsonaro de presente, estava em Caxias do Sul (RS), e que nunca havia sido retirada da loja em que foi comprada. Antes, a defesa dissera que a arma estava sob cust\u00f3dia do Ex\u00e9rcito. Ontem, a PF apreendeu a espingarda, ap\u00f3s o dono da loja comunicar que ela estava em sua casa. A outra arma est\u00e1 com a Pol\u00edcia Civil do DF.<\/p>\n<p style=\"text-align: justify;\">A opera\u00e7\u00e3o repercutiu entre a direita bolsonarista. Dos EUA, Fl\u00e1vio Bolsonaro, candidato \u00e0 Presid\u00eancia, afirmou que a a\u00e7\u00e3o foi uma \u201cclara tentativa de criar \u201ccortina de fuma\u00e7a\u201d para \u201cdividir o notici\u00e1rio\u201d, enquanto ele busca apoio contra o tarifa\u00e7o. Aliados ainda classificaram a opera\u00e7\u00e3o como \u201cespetaculariza\u00e7\u00e3o\u201d e \u201ctentativa de humilha\u00e7\u00e3o e constrangimento\u201d. O presidente do PL, Valdemar Costa Neto, por sua vez, disse que foi \u201cexcesso de zelo\u201d de Moraes.<\/p>\n<p style=\"text-align: justify;\"><span style=\"font-size: 10pt;\"><em><strong>Por Ag\u00eancia O Globo<\/strong><\/em><\/span><\/p>\n<div class=\"gsp_post_data\" \r\n\t            data-post_type=\"post\" \r\n\t            data-cat=\"politica\" \r\n\t            data-modified=\"120\"\r\n\t            data-created=\"1783598447\"\r\n\t            data-title=\"De pistolas a fuzil \u00e1rabe: conhe\u00e7a o arsenal de Jair Bolsonaro alvo de medidas de Moraes\" \r\n\t            data-home=\"https:\/\/zulenealves.com.br\"><\/div>","protected":false},"excerpt":{"rendered":"<p>Opera\u00e7\u00e3o da PF ocorre um dia ap\u00f3s os advogados de Bolsonaro comunicarem ao STF o paradeiro das duas armas que ainda n\u00e3o haviam sido localizadas O ex-presidente Jair Bolsonaro foi alvo na quarta-feira (8) de um mandado de busca e apreens\u00e3o em sua casa, em nova dilig\u00eancia da Pol\u00edcia Federal autorizada pelo ministro Alexandre de &#8230; <\/p>\n<p class=\"read-more-container\"><a title=\"De pistolas a fuzil \u00e1rabe: conhe\u00e7a o arsenal de Jair Bolsonaro alvo de medidas de Moraes\" class=\"read-more button\" href=\"https:\/\/zulenealves.com.br\/index.php\/2026\/07\/09\/de-pistolas-a-fuzil-arabe-conheca-o-arsenal-de-jair-bolsonaro-alvo-de-medidas-de-moraes\/#more-49976\" aria-label=\"More on De pistolas a fuzil \u00e1rabe: conhe\u00e7a o arsenal de Jair Bolsonaro alvo de medidas de Moraes\">Leia mais<\/a><\/p>\n","protected":false},"author":1,"featured_media":0,"comment_status":"closed","ping_status":"closed","sticky":false,"template":"","format":"standard","meta":{"footnotes":""},"categories":[12],"tags":[],"class_list":["post-49976","post","type-post","status-publish","format-standard","hentry","category-politica"],"yoast_head":"<!-- This site is optimized with the Yoast SEO plugin v28.4 - https:\/\/yoast.com\/product\/yoast-seo-wordpress\/ -->\n<title>De pistolas a fuzil \u00e1rabe: conhe\u00e7a o arsenal de Jair Bolsonaro alvo de medidas de Moraes - Blog Zulene Alves<\/title>\n<meta name=\"robots\" content=\"index, follow, max-snippet:-1, max-image-preview:large, max-video-preview:-1\" \/>\n<link rel=\"canonical\" href=\"https:\/\/zulenealves.com.br\/index.php\/2026\/07\/09\/de-pistolas-a-fuzil-arabe-conheca-o-arsenal-de-jair-bolsonaro-alvo-de-medidas-de-moraes\/\" \/>\n<meta property=\"og:locale\" content=\"pt_BR\" \/>\n<meta property=\"og:type\" content=\"article\" \/>\n<meta property=\"og:title\" content=\"De pistolas a fuzil \u00e1rabe: conhe\u00e7a o arsenal de Jair Bolsonaro alvo de medidas de Moraes - Blog Zulene Alves\" \/>\n<meta property=\"og:description\" content=\"Opera\u00e7\u00e3o da PF ocorre um dia ap\u00f3s os advogados de Bolsonaro comunicarem ao STF o paradeiro das duas armas que ainda n\u00e3o haviam sido localizadas O ex-presidente Jair Bolsonaro foi alvo na quarta-feira (8) de um mandado de busca e apreens\u00e3o em sua casa, em nova dilig\u00eancia da Pol\u00edcia Federal autorizada pelo ministro Alexandre de ... Leia mais\" \/>\n<meta property=\"og:url\" content=\"https:\/\/zulenealves.com.br\/index.php\/2026\/07\/09\/de-pistolas-a-fuzil-arabe-conheca-o-arsenal-de-jair-bolsonaro-alvo-de-medidas-de-moraes\/\" \/>\n<meta property=\"og:site_name\" content=\"Blog Zulene Alves\" \/>\n<meta property=\"article:published_time\" content=\"2026-07-09T15:00:47+00:00\" \/>\n<meta property=\"og:image\" content=\"https:\/\/cdn.folhape.com.br\/img\/pc\/1100\/1\/dn_arquivo\/2026\/06\/image-90.jpg\" \/>\n<meta name=\"author\" content=\"zulenealves\" \/>\n<meta name=\"twitter:card\" content=\"summary_large_image\" \/>\n<meta name=\"twitter:label1\" content=\"Escrito por\" \/>\n\t<meta name=\"twitter:data1\" content=\"zulenealves\" \/>\n\t<meta name=\"twitter:label2\" content=\"Est. tempo de leitura\" \/>\n\t<meta name=\"twitter:data2\" content=\"3 minutos\" \/>\n<script type=\"application\/ld+json\" class=\"yoast-schema-graph\">{\"@context\":\"https:\\\/\\\/schema.org\",\"@graph\":[{\"@type\":\"Article\",\"@id\":\"https:\\\/\\\/zulenealves.com.br\\\/index.php\\\/2026\\\/07\\\/09\\\/de-pistolas-a-fuzil-arabe-conheca-o-arsenal-de-jair-bolsonaro-alvo-de-medidas-de-moraes\\\/#article\",\"isPartOf\":{\"@id\":\"https:\\\/\\\/zulenealves.com.br\\\/index.php\\\/2026\\\/07\\\/09\\\/de-pistolas-a-fuzil-arabe-conheca-o-arsenal-de-jair-bolsonaro-alvo-de-medidas-de-moraes\\\/\"},\"author\":{\"name\":\"zulenealves\",\"@id\":\"https:\\\/\\\/zulenealves.com.br\\\/#\\\/schema\\\/person\\\/4076c08f761164e658f6461c6b0316ef\"},\"headline\":\"De pistolas a fuzil \u00e1rabe: conhe\u00e7a o arsenal de Jair Bolsonaro alvo de medidas de Moraes\",\"datePublished\":\"2026-07-09T15:00:47+00:00\",\"mainEntityOfPage\":{\"@id\":\"https:\\\/\\\/zulenealves.com.br\\\/index.php\\\/2026\\\/07\\\/09\\\/de-pistolas-a-fuzil-arabe-conheca-o-arsenal-de-jair-bolsonaro-alvo-de-medidas-de-moraes\\\/\"},\"wordCount\":566,\"image\":{\"@id\":\"https:\\\/\\\/zulenealves.com.br\\\/index.php\\\/2026\\\/07\\\/09\\\/de-pistolas-a-fuzil-arabe-conheca-o-arsenal-de-jair-bolsonaro-alvo-de-medidas-de-moraes\\\/#primaryimage\"},\"thumbnailUrl\":\"https:\\\/\\\/cdn.folhape.com.br\\\/img\\\/pc\\\/1100\\\/1\\\/dn_arquivo\\\/2026\\\/06\\\/image-90.jpg\",\"articleSection\":[\"Pol\u00edtica\"],\"inLanguage\":\"pt-BR\"},{\"@type\":\"WebPage\",\"@id\":\"https:\\\/\\\/zulenealves.com.br\\\/index.php\\\/2026\\\/07\\\/09\\\/de-pistolas-a-fuzil-arabe-conheca-o-arsenal-de-jair-bolsonaro-alvo-de-medidas-de-moraes\\\/\",\"url\":\"https:\\\/\\\/zulenealves.com.br\\\/index.php\\\/2026\\\/07\\\/09\\\/de-pistolas-a-fuzil-arabe-conheca-o-arsenal-de-jair-bolsonaro-alvo-de-medidas-de-moraes\\\/\",\"name\":\"De pistolas a fuzil \u00e1rabe: conhe\u00e7a o arsenal de Jair Bolsonaro alvo de medidas de Moraes - Blog Zulene Alves\",\"isPartOf\":{\"@id\":\"https:\\\/\\\/zulenealves.com.br\\\/#website\"},\"primaryImageOfPage\":{\"@id\":\"https:\\\/\\\/zulenealves.com.br\\\/index.php\\\/2026\\\/07\\\/09\\\/de-pistolas-a-fuzil-arabe-conheca-o-arsenal-de-jair-bolsonaro-alvo-de-medidas-de-moraes\\\/#primaryimage\"},\"image\":{\"@id\":\"https:\\\/\\\/zulenealves.com.br\\\/index.php\\\/2026\\\/07\\\/09\\\/de-pistolas-a-fuzil-arabe-conheca-o-arsenal-de-jair-bolsonaro-alvo-de-medidas-de-moraes\\\/#primaryimage\"},\"thumbnailUrl\":\"https:\\\/\\\/cdn.folhape.com.br\\\/img\\\/pc\\\/1100\\\/1\\\/dn_arquivo\\\/2026\\\/06\\\/image-90.jpg\",\"datePublished\":\"2026-07-09T15:00:47+00:00\",\"author\":{\"@id\":\"https:\\\/\\\/zulenealves.com.br\\\/#\\\/schema\\\/person\\\/4076c08f761164e658f6461c6b0316ef\"},\"breadcrumb\":{\"@id\":\"https:\\\/\\\/zulenealves.com.br\\\/index.php\\\/2026\\\/07\\\/09\\\/de-pistolas-a-fuzil-arabe-conheca-o-arsenal-de-jair-bolsonaro-alvo-de-medidas-de-moraes\\\/#breadcrumb\"},\"inLanguage\":\"pt-BR\",\"potentialAction\":[{\"@type\":\"ReadAction\",\"target\":[\"https:\\\/\\\/zulenealves.com.br\\\/index.php\\\/2026\\\/07\\\/09\\\/de-pistolas-a-fuzil-arabe-conheca-o-arsenal-de-jair-bolsonaro-alvo-de-medidas-de-moraes\\\/\"]}]},{\"@type\":\"ImageObject\",\"inLanguage\":\"pt-BR\",\"@id\":\"https:\\\/\\\/zulenealves.com.br\\\/index.php\\\/2026\\\/07\\\/09\\\/de-pistolas-a-fuzil-arabe-conheca-o-arsenal-de-jair-bolsonaro-alvo-de-medidas-de-moraes\\\/#primaryimage\",\"url\":\"https:\\\/\\\/cdn.folhape.com.br\\\/img\\\/pc\\\/1100\\\/1\\\/dn_arquivo\\\/2026\\\/06\\\/image-90.jpg\",\"contentUrl\":\"https:\\\/\\\/cdn.folhape.com.br\\\/img\\\/pc\\\/1100\\\/1\\\/dn_arquivo\\\/2026\\\/06\\\/image-90.jpg\"},{\"@type\":\"BreadcrumbList\",\"@id\":\"https:\\\/\\\/zulenealves.com.br\\\/index.php\\\/2026\\\/07\\\/09\\\/de-pistolas-a-fuzil-arabe-conheca-o-arsenal-de-jair-bolsonaro-alvo-de-medidas-de-moraes\\\/#breadcrumb\",\"itemListElement\":[{\"@type\":\"ListItem\",\"position\":1,\"name\":\"In\u00edcio\",\"item\":\"https:\\\/\\\/zulenealves.com.br\\\/\"},{\"@type\":\"ListItem\",\"position\":2,\"name\":\"De pistolas a fuzil \u00e1rabe: conhe\u00e7a o arsenal de Jair Bolsonaro alvo de medidas de Moraes\"}]},{\"@type\":\"WebSite\",\"@id\":\"https:\\\/\\\/zulenealves.com.br\\\/#website\",\"url\":\"https:\\\/\\\/zulenealves.com.br\\\/\",\"name\":\"Blog Zulene Alves\",\"description\":\"\",\"potentialAction\":[{\"@type\":\"SearchAction\",\"target\":{\"@type\":\"EntryPoint\",\"urlTemplate\":\"https:\\\/\\\/zulenealves.com.br\\\/?s={search_term_string}\"},\"query-input\":{\"@type\":\"PropertyValueSpecification\",\"valueRequired\":true,\"valueName\":\"search_term_string\"}}],\"inLanguage\":\"pt-BR\"},{\"@type\":\"Person\",\"@id\":\"https:\\\/\\\/zulenealves.com.br\\\/#\\\/schema\\\/person\\\/4076c08f761164e658f6461c6b0316ef\",\"name\":\"zulenealves\",\"image\":{\"@type\":\"ImageObject\",\"inLanguage\":\"pt-BR\",\"@id\":\"https:\\\/\\\/secure.gravatar.com\\\/avatar\\\/0c6cfdd7fa501763e4ab9715fb2b12c342c6a1ace0a16a25d743cdfbb340b122?s=96&d=mm&r=g\",\"url\":\"https:\\\/\\\/secure.gravatar.com\\\/avatar\\\/0c6cfdd7fa501763e4ab9715fb2b12c342c6a1ace0a16a25d743cdfbb340b122?s=96&d=mm&r=g\",\"contentUrl\":\"https:\\\/\\\/secure.gravatar.com\\\/avatar\\\/0c6cfdd7fa501763e4ab9715fb2b12c342c6a1ace0a16a25d743cdfbb340b122?s=96&d=mm&r=g\",\"caption\":\"zulenealves\"},\"sameAs\":[\"https:\\\/\\\/zulenealves.com.br\"],\"url\":\"https:\\\/\\\/zulenealves.com.br\\\/index.php\\\/author\\\/zulenealves\\\/\"}]}<\/script>\n<!-- \/ Yoast SEO plugin. -->","yoast_head_json":{"title":"De pistolas a fuzil \u00e1rabe: conhe\u00e7a o arsenal de Jair Bolsonaro alvo de medidas de Moraes - Blog Zulene Alves","robots":{"index":"index","follow":"follow","max-snippet":"max-snippet:-1","max-image-preview":"max-image-preview:large","max-video-preview":"max-video-preview:-1"},"canonical":"https:\/\/zulenealves.com.br\/index.php\/2026\/07\/09\/de-pistolas-a-fuzil-arabe-conheca-o-arsenal-de-jair-bolsonaro-alvo-de-medidas-de-moraes\/","og_locale":"pt_BR","og_type":"article","og_title":"De pistolas a fuzil \u00e1rabe: conhe\u00e7a o arsenal de Jair Bolsonaro alvo de medidas de Moraes - Blog Zulene Alves","og_description":"Opera\u00e7\u00e3o da PF ocorre um dia ap\u00f3s os advogados de Bolsonaro comunicarem ao STF o paradeiro das duas armas que ainda n\u00e3o haviam sido localizadas O ex-presidente Jair Bolsonaro foi alvo na quarta-feira (8) de um mandado de busca e apreens\u00e3o em sua casa, em nova dilig\u00eancia da Pol\u00edcia Federal autorizada pelo ministro Alexandre de ... Leia mais","og_url":"https:\/\/zulenealves.com.br\/index.php\/2026\/07\/09\/de-pistolas-a-fuzil-arabe-conheca-o-arsenal-de-jair-bolsonaro-alvo-de-medidas-de-moraes\/","og_site_name":"Blog Zulene Alves","article_published_time":"2026-07-09T15:00:47+00:00","og_image":[{"url":"https:\/\/cdn.folhape.com.br\/img\/pc\/1100\/1\/dn_arquivo\/2026\/06\/image-90.jpg","type":"","width":"","height":""}],"author":"zulenealves","twitter_card":"summary_large_image","twitter_misc":{"Escrito por":"zulenealves","Est. tempo de leitura":"3 minutos"},"schema":{"@context":"https:\/\/schema.org","@graph":[{"@type":"Article","@id":"https:\/\/zulenealves.com.br\/index.php\/2026\/07\/09\/de-pistolas-a-fuzil-arabe-conheca-o-arsenal-de-jair-bolsonaro-alvo-de-medidas-de-moraes\/#article","isPartOf":{"@id":"https:\/\/zulenealves.com.br\/index.php\/2026\/07\/09\/de-pistolas-a-fuzil-arabe-conheca-o-arsenal-de-jair-bolsonaro-alvo-de-medidas-de-moraes\/"},"author":{"name":"zulenealves","@id":"https:\/\/zulenealves.com.br\/#\/schema\/person\/4076c08f761164e658f6461c6b0316ef"},"headline":"De pistolas a fuzil \u00e1rabe: conhe\u00e7a o arsenal de Jair Bolsonaro alvo de medidas de Moraes","datePublished":"2026-07-09T15:00:47+00:00","mainEntityOfPage":{"@id":"https:\/\/zulenealves.com.br\/index.php\/2026\/07\/09\/de-pistolas-a-fuzil-arabe-conheca-o-arsenal-de-jair-bolsonaro-alvo-de-medidas-de-moraes\/"},"wordCount":566,"image":{"@id":"https:\/\/zulenealves.com.br\/index.php\/2026\/07\/09\/de-pistolas-a-fuzil-arabe-conheca-o-arsenal-de-jair-bolsonaro-alvo-de-medidas-de-moraes\/#primaryimage"},"thumbnailUrl":"https:\/\/cdn.folhape.com.br\/img\/pc\/1100\/1\/dn_arquivo\/2026\/06\/image-90.jpg","articleSection":["Pol\u00edtica"],"inLanguage":"pt-BR"},{"@type":"WebPage","@id":"https:\/\/zulenealves.com.br\/index.php\/2026\/07\/09\/de-pistolas-a-fuzil-arabe-conheca-o-arsenal-de-jair-bolsonaro-alvo-de-medidas-de-moraes\/","url":"https:\/\/zulenealves.com.br\/index.php\/2026\/07\/09\/de-pistolas-a-fuzil-arabe-conheca-o-arsenal-de-jair-bolsonaro-alvo-de-medidas-de-moraes\/","name":"De pistolas a fuzil \u00e1rabe: conhe\u00e7a o arsenal de Jair Bolsonaro alvo de medidas de Moraes - Blog Zulene Alves","isPartOf":{"@id":"https:\/\/zulenealves.com.br\/#website"},"primaryImageOfPage":{"@id":"https:\/\/zulenealves.com.br\/index.php\/2026\/07\/09\/de-pistolas-a-fuzil-arabe-conheca-o-arsenal-de-jair-bolsonaro-alvo-de-medidas-de-moraes\/#primaryimage"},"image":{"@id":"https:\/\/zulenealves.com.br\/index.php\/2026\/07\/09\/de-pistolas-a-fuzil-arabe-conheca-o-arsenal-de-jair-bolsonaro-alvo-de-medidas-de-moraes\/#primaryimage"},"thumbnailUrl":"https:\/\/cdn.folhape.com.br\/img\/pc\/1100\/1\/dn_arquivo\/2026\/06\/image-90.jpg","datePublished":"2026-07-09T15:00:47+00:00","author":{"@id":"https:\/\/zulenealves.com.br\/#\/schema\/person\/4076c08f761164e658f6461c6b0316ef"},"breadcrumb":{"@id":"https:\/\/zulenealves.com.br\/index.php\/2026\/07\/09\/de-pistolas-a-fuzil-arabe-conheca-o-arsenal-de-jair-bolsonaro-alvo-de-medidas-de-moraes\/#breadcrumb"},"inLanguage":"pt-BR","potentialAction":[{"@type":"ReadAction","target":["https:\/\/zulenealves.com.br\/index.php\/2026\/07\/09\/de-pistolas-a-fuzil-arabe-conheca-o-arsenal-de-jair-bolsonaro-alvo-de-medidas-de-moraes\/"]}]},{"@type":"ImageObject","inLanguage":"pt-BR","@id":"https:\/\/zulenealves.com.br\/index.php\/2026\/07\/09\/de-pistolas-a-fuzil-arabe-conheca-o-arsenal-de-jair-bolsonaro-alvo-de-medidas-de-moraes\/#primaryimage","url":"https:\/\/cdn.folhape.com.br\/img\/pc\/1100\/1\/dn_arquivo\/2026\/06\/image-90.jpg","contentUrl":"https:\/\/cdn.folhape.com.br\/img\/pc\/1100\/1\/dn_arquivo\/2026\/06\/image-90.jpg"},{"@type":"BreadcrumbList","@id":"https:\/\/zulenealves.com.br\/index.php\/2026\/07\/09\/de-pistolas-a-fuzil-arabe-conheca-o-arsenal-de-jair-bolsonaro-alvo-de-medidas-de-moraes\/#breadcrumb","itemListElement":[{"@type":"ListItem","position":1,"name":"In\u00edcio","item":"https:\/\/zulenealves.com.br\/"},{"@type":"ListItem","position":2,"name":"De pistolas a fuzil \u00e1rabe: conhe\u00e7a o arsenal de Jair Bolsonaro alvo de medidas de Moraes"}]},{"@type":"WebSite","@id":"https:\/\/zulenealves.com.br\/#website","url":"https:\/\/zulenealves.com.br\/","name":"Blog Zulene Alves","description":"","potentialAction":[{"@type":"SearchAction","target":{"@type":"EntryPoint","urlTemplate":"https:\/\/zulenealves.com.br\/?s={search_term_string}"},"query-input":{"@type":"PropertyValueSpecification","valueRequired":true,"valueName":"search_term_string"}}],"inLanguage":"pt-BR"},{"@type":"Person","@id":"https:\/\/zulenealves.com.br\/#\/schema\/person\/4076c08f761164e658f6461c6b0316ef","name":"zulenealves","image":{"@type":"ImageObject","inLanguage":"pt-BR","@id":"https:\/\/secure.gravatar.com\/avatar\/0c6cfdd7fa501763e4ab9715fb2b12c342c6a1ace0a16a25d743cdfbb340b122?s=96&d=mm&r=g","url":"https:\/\/secure.gravatar.com\/avatar\/0c6cfdd7fa501763e4ab9715fb2b12c342c6a1ace0a16a25d743cdfbb340b122?s=96&d=mm&r=g","contentUrl":"https:\/\/secure.gravatar.com\/avatar\/0c6cfdd7fa501763e4ab9715fb2b12c342c6a1ace0a16a25d743cdfbb340b122?s=96&d=mm&r=g","caption":"zulenealves"},"sameAs":["https:\/\/zulenealves.com.br"],"url":"https:\/\/zulenealves.com.br\/index.php\/author\/zulenealves\/"}]}},"_links":{"self":[{"href":"https:\/\/zulenealves.com.br\/index.php\/wp-json\/wp\/v2\/posts\/49976","targetHints":{"allow":["GET"]}}],"collection":[{"href":"https:\/\/zulenealves.com.br\/index.php\/wp-json\/wp\/v2\/posts"}],"about":[{"href":"https:\/\/zulenealves.com.br\/index.php\/wp-json\/wp\/v2\/types\/post"}],"author":[{"embeddable":true,"href":"https:\/\/zulenealves.com.br\/index.php\/wp-json\/wp\/v2\/users\/1"}],"replies":[{"embeddable":true,"href":"https:\/\/zulenealves.com.br\/index.php\/wp-json\/wp\/v2\/comments?post=49976"}],"version-history":[{"count":1,"href":"https:\/\/zulenealves.com.br\/index.php\/wp-json\/wp\/v2\/posts\/49976\/revisions"}],"predecessor-version":[{"id":49977,"href":"https:\/\/zulenealves.com.br\/index.php\/wp-json\/wp\/v2\/posts\/49976\/revisions\/49977"}],"wp:attachment":[{"href":"https:\/\/zulenealves.com.br\/index.php\/wp-json\/wp\/v2\/media?parent=49976"}],"wp:term":[{"taxonomy":"category","embeddable":true,"href":"https:\/\/zulenealves.com.br\/index.php\/wp-json\/wp\/v2\/categories?post=49976"},{"taxonomy":"post_tag","embeddable":true,"href":"https:\/\/zulenealves.com.br\/index.php\/wp-json\/wp\/v2\/tags?post=49976"}],"curies":[{"name":"wp","href":"https:\/\/api.w.org\/{rel}","templated":true}]}}