{"id":50543,"date":"2026-07-29T08:44:29","date_gmt":"2026-07-29T11:44:29","guid":{"rendered":"https:\/\/zulenealves.com.br\/?p=50543"},"modified":"2026-07-29T08:44:29","modified_gmt":"2026-07-29T11:44:29","slug":"lula-tem-492-e-flavio-bolsonaro-registra-429-no-2o-turno-diz-atlas-bloomberg","status":"publish","type":"post","link":"https:\/\/zulenealves.com.br\/index.php\/2026\/07\/29\/lula-tem-492-e-flavio-bolsonaro-registra-429-no-2o-turno-diz-atlas-bloomberg\/","title":{"rendered":"Lula tem 49,2% e Fl\u00e1vio Bolsonaro registra 42,9% no 2\u00ba turno, diz Atlas\/Bloomberg"},"content":{"rendered":"<figure style=\"width: 670px\" class=\"wp-caption aligncenter\"><img fetchpriority=\"high\" decoding=\"async\" class=\"image w-full h-auto type:primaryImage\" title=\"Montagem com os candidatos \u00e0 presid\u00eancia Lula (\u00e0 esquerda) e Fl\u00e1vio Bolsonaro (\u00e0 direita) (Ricardo Stuckert\/PR e Saulo Cruz\/Ag\u00eancia Senado)\" src=\"https:\/\/www.diariodepernambuco.com.br\/_midias\/jpg\/2026\/07\/28\/1200x800\/1_imagem_para_site__1_-928120.jpg\" alt=\"Montagem com os candidatos \u00e0 presid\u00eancia Lula (\u00e0 esquerda) e Fl\u00e1vio Bolsonaro (\u00e0 direita)\/Ricardo Stuckert\/PR e Saulo Cruz\/Ag\u00eancia Senado\" width=\"680\" height=\"420\" data-src=\"https:\/\/www.diariodepernambuco.com.br\/_midias\/jpg\/2026\/07\/28\/1200x800\/1_imagem_para_site__1_-928120.jpg\" \/><figcaption class=\"wp-caption-text\">Montagem com os candidatos \u00e0 presid\u00eancia Lula (\u00e0 esquerda) e Fl\u00e1vio Bolsonaro (\u00e0 direita) (Ricardo Stuckert\/PR e Saulo Cruz\/Ag\u00eancia Senado)<\/figcaption><\/figure>\n<p style=\"text-align: justify;\"><strong><em>Tanto Lula quanto Fl\u00e1vio oscilaram dentro da margem de erro de um ponto porcentual para mais ou para menos<\/em> <\/strong><\/p>\n<p class=\"texto\" style=\"text-align: justify;\">O presidente Luiz In\u00e1cio Lula da Silva (PT) segue com vantagem sobre o senador Fl\u00e1vio Bolsonaro (PL) na disputa pelo Pal\u00e1cio do Planalto. De acordo com pesquisa Atlas\/Bloomberg divulgada nesta quarta-feira, 29, o atual presidente tem 49,2% das inten\u00e7\u00f5es de voto contra 42,9% do pr\u00e9-candidato do PL em um eventual segundo turno. A diferen\u00e7a \u00e9 de 6,3 pontos porcentuais a favor do atual presidente.<\/p>\n<p class=\"texto\" style=\"text-align: justify;\">Tanto Lula quanto Fl\u00e1vio oscilaram dentro da margem de erro de um ponto porcentual para mais ou para menos. Na pesquisa do m\u00eas passado, o petista tinha 48,8% contra 42,3% do filho do ex-presidente Jair Bolsonaro (PL).<\/p>\n<p class=\"texto\" style=\"text-align: justify;\">A pesquisa tamb\u00e9m indica vit\u00f3ria de Lula contra todos os outros candidatos testados em cen\u00e1rios de segundo turno.<\/p>\n<p class=\"texto\" style=\"text-align: justify;\">O presidente tem 48,2% contra 38,9% de Ronaldo Caiado (PSD); 48 6% contra 39,6% de Romeu Zema (Novo); 47,6% contra 30,2% de Renan Santos (Miss\u00e3o); e 48,8% contra 42,5% da ex-primeira-dama Michelle Bolsonaro (PL).<\/p>\n<p class=\"texto\" style=\"text-align: justify;\">A Atlas\/Bloomberg entrevistou 5.021 eleitores por meio de question\u00e1rio aplicado pela internet entre os dias 22 e 27 de julho. A margem de erro \u00e9 de 1 ponto porcentual para mais ou para menos e o n\u00edvel de confian\u00e7a, 95%. A pesquisa foi registrada no Tribunal Superior Eleitoral (TSE) sob o protocolo BR-08602\/2026.<\/p>\n<p class=\"texto\" style=\"text-align: justify;\"><strong>Primeiro turno<\/strong><\/p>\n<p class=\"texto\" style=\"text-align: justify;\">No cen\u00e1rio de primeiro turno, Lula registra 44,9% das inten\u00e7\u00f5es de voto, seguido de Fl\u00e1vio com 35,8%. Na rodada anterior, o petista tinha 46,3% e o senador, 36,6%.<\/p>\n<p class=\"texto\" style=\"text-align: justify;\">Neste caso, n\u00e3o \u00e9 poss\u00edvel comparar os dois resultados porque a lista de candidatos apresentada aos eleitores n\u00e3o \u00e9 a mesma &#8211; o levantamento atual n\u00e3o conta com A\u00e9cio Neves (PSDB) nem Joaquim Barbosa (DC).<\/p>\n<p class=\"texto\" style=\"text-align: justify;\">Na terceira coloca\u00e7\u00e3o, Renan Santos registra 7,8% das inten\u00e7\u00f5es de voto. Caiado (3,1%), Zema (2,8%), Samara Martins (2,1%) e Augusto Cury (1,6%) est\u00e3o empatados tecnicamente.<\/p>\n<p class=\"texto\" style=\"text-align: justify;\">Cabo Daciolo (Mobiliza), Hertz Dias (PSTU), Rui Costa Pimenta (PCO) e Edmilson Costa (PCB) pontuaram abaixo de 1%. Indecisos s\u00e3o 1% e brancos e nulos, 0,6%.<\/p>\n<p class=\"texto\" style=\"text-align: justify;\"><strong>Rejei\u00e7\u00e3o<\/strong><!--more--><\/p>\n<p class=\"texto\" style=\"text-align: justify;\">A pesquisa tamb\u00e9m questionou os entrevistados sobre quais pol\u00edticos eles n\u00e3o votariam de jeito nenhum. O mais rejeitado \u00e9 Fl\u00e1vio Bolsonaro, com 52,9%. Lula \u00e9 o segundo da lista, com 49 4%.<\/p>\n<p class=\"texto\" style=\"text-align: justify;\">Na sequ\u00eancia, est\u00e3o o ex-presidente Jair Bolsonaro, com 42,6% de rejei\u00e7\u00e3o, Michelle Bolsonaro, com 39,2% e Renan Santos, citado por 38% dos entrevistados. A rejei\u00e7\u00e3o a Zema \u00e9 de 37,7%, seguido de Caiado, com 33,3%.<\/p>\n<p style=\"text-align: justify;\"><span style=\"font-size: 10pt;\"><strong><em> <a class=\"hover:underline\" title=\"Mais de Estad\u00e3o Conte\u00fado\" href=\"https:\/\/www.diariodepernambuco.com.br\/autor\/estadao-conteudo\/\">Estad\u00e3o Conte\u00fado<\/a> <\/em><\/strong><\/span><\/p>\n<div class=\"gsp_post_data\" \r\n\t            data-post_type=\"post\" \r\n\t            data-cat=\"brasil,politica\" \r\n\t            data-modified=\"120\"\r\n\t            data-created=\"1785314669\"\r\n\t            data-title=\"Lula tem 49,2% e Fl\u00e1vio Bolsonaro registra 42,9% no 2\u00ba turno, diz Atlas\/Bloomberg\" \r\n\t            data-home=\"https:\/\/zulenealves.com.br\"><\/div>","protected":false},"excerpt":{"rendered":"<p>Tanto Lula quanto Fl\u00e1vio oscilaram dentro da margem de erro de um ponto porcentual para mais ou para menos O presidente Luiz In\u00e1cio Lula da Silva (PT) segue com vantagem sobre o senador Fl\u00e1vio Bolsonaro (PL) na disputa pelo Pal\u00e1cio do Planalto. De acordo com pesquisa Atlas\/Bloomberg divulgada nesta quarta-feira, 29, o atual presidente tem &#8230; <\/p>\n<p class=\"read-more-container\"><a title=\"Lula tem 49,2% e Fl\u00e1vio Bolsonaro registra 42,9% no 2\u00ba turno, diz Atlas\/Bloomberg\" class=\"read-more button\" href=\"https:\/\/zulenealves.com.br\/index.php\/2026\/07\/29\/lula-tem-492-e-flavio-bolsonaro-registra-429-no-2o-turno-diz-atlas-bloomberg\/#more-50543\" aria-label=\"More on Lula tem 49,2% e Fl\u00e1vio Bolsonaro registra 42,9% no 2\u00ba turno, diz Atlas\/Bloomberg\">Leia mais<\/a><\/p>\n","protected":false},"author":1,"featured_media":0,"comment_status":"closed","ping_status":"closed","sticky":false,"template":"","format":"standard","meta":{"footnotes":""},"categories":[16,12],"tags":[],"class_list":["post-50543","post","type-post","status-publish","format-standard","hentry","category-brasil","category-politica"],"yoast_head":"<!-- This site is optimized with the Yoast SEO plugin v28.4 - https:\/\/yoast.com\/product\/yoast-seo-wordpress\/ -->\n<title>Lula tem 49,2% e Fl\u00e1vio Bolsonaro registra 42,9% no 2\u00ba turno, diz Atlas\/Bloomberg - Blog Zulene Alves<\/title>\n<meta name=\"robots\" content=\"index, follow, max-snippet:-1, max-image-preview:large, max-video-preview:-1\" \/>\n<link rel=\"canonical\" href=\"https:\/\/zulenealves.com.br\/index.php\/2026\/07\/29\/lula-tem-492-e-flavio-bolsonaro-registra-429-no-2o-turno-diz-atlas-bloomberg\/\" \/>\n<meta property=\"og:locale\" content=\"pt_BR\" \/>\n<meta property=\"og:type\" content=\"article\" \/>\n<meta property=\"og:title\" content=\"Lula tem 49,2% e Fl\u00e1vio Bolsonaro registra 42,9% no 2\u00ba turno, diz Atlas\/Bloomberg - Blog Zulene Alves\" \/>\n<meta property=\"og:description\" content=\"Tanto Lula quanto Fl\u00e1vio oscilaram dentro da margem de erro de um ponto porcentual para mais ou para menos O presidente Luiz In\u00e1cio Lula da Silva (PT) segue com vantagem sobre o senador Fl\u00e1vio Bolsonaro (PL) na disputa pelo Pal\u00e1cio do Planalto. De acordo com pesquisa Atlas\/Bloomberg divulgada nesta quarta-feira, 29, o atual presidente tem ... Leia mais\" \/>\n<meta property=\"og:url\" content=\"https:\/\/zulenealves.com.br\/index.php\/2026\/07\/29\/lula-tem-492-e-flavio-bolsonaro-registra-429-no-2o-turno-diz-atlas-bloomberg\/\" \/>\n<meta property=\"og:site_name\" content=\"Blog Zulene Alves\" \/>\n<meta property=\"article:published_time\" content=\"2026-07-29T11:44:29+00:00\" \/>\n<meta property=\"og:image\" content=\"https:\/\/www.diariodepernambuco.com.br\/_midias\/jpg\/2026\/07\/28\/1200x800\/1_imagem_para_site__1_-928120.jpg\" \/>\n<meta name=\"author\" content=\"zulenealves\" \/>\n<meta name=\"twitter:card\" content=\"summary_large_image\" \/>\n<meta name=\"twitter:label1\" content=\"Escrito por\" \/>\n\t<meta name=\"twitter:data1\" content=\"zulenealves\" \/>\n\t<meta name=\"twitter:label2\" content=\"Est. tempo de leitura\" \/>\n\t<meta name=\"twitter:data2\" content=\"3 minutos\" \/>\n<script type=\"application\/ld+json\" class=\"yoast-schema-graph\">{\"@context\":\"https:\\\/\\\/schema.org\",\"@graph\":[{\"@type\":\"Article\",\"@id\":\"https:\\\/\\\/zulenealves.com.br\\\/index.php\\\/2026\\\/07\\\/29\\\/lula-tem-492-e-flavio-bolsonaro-registra-429-no-2o-turno-diz-atlas-bloomberg\\\/#article\",\"isPartOf\":{\"@id\":\"https:\\\/\\\/zulenealves.com.br\\\/index.php\\\/2026\\\/07\\\/29\\\/lula-tem-492-e-flavio-bolsonaro-registra-429-no-2o-turno-diz-atlas-bloomberg\\\/\"},\"author\":{\"name\":\"zulenealves\",\"@id\":\"https:\\\/\\\/zulenealves.com.br\\\/#\\\/schema\\\/person\\\/4076c08f761164e658f6461c6b0316ef\"},\"headline\":\"Lula tem 49,2% e Fl\u00e1vio Bolsonaro registra 42,9% no 2\u00ba turno, diz Atlas\\\/Bloomberg\",\"datePublished\":\"2026-07-29T11:44:29+00:00\",\"mainEntityOfPage\":{\"@id\":\"https:\\\/\\\/zulenealves.com.br\\\/index.php\\\/2026\\\/07\\\/29\\\/lula-tem-492-e-flavio-bolsonaro-registra-429-no-2o-turno-diz-atlas-bloomberg\\\/\"},\"wordCount\":445,\"image\":{\"@id\":\"https:\\\/\\\/zulenealves.com.br\\\/index.php\\\/2026\\\/07\\\/29\\\/lula-tem-492-e-flavio-bolsonaro-registra-429-no-2o-turno-diz-atlas-bloomberg\\\/#primaryimage\"},\"thumbnailUrl\":\"https:\\\/\\\/www.diariodepernambuco.com.br\\\/_midias\\\/jpg\\\/2026\\\/07\\\/28\\\/1200x800\\\/1_imagem_para_site__1_-928120.jpg\",\"articleSection\":[\"Brasil\",\"Pol\u00edtica\"],\"inLanguage\":\"pt-BR\"},{\"@type\":\"WebPage\",\"@id\":\"https:\\\/\\\/zulenealves.com.br\\\/index.php\\\/2026\\\/07\\\/29\\\/lula-tem-492-e-flavio-bolsonaro-registra-429-no-2o-turno-diz-atlas-bloomberg\\\/\",\"url\":\"https:\\\/\\\/zulenealves.com.br\\\/index.php\\\/2026\\\/07\\\/29\\\/lula-tem-492-e-flavio-bolsonaro-registra-429-no-2o-turno-diz-atlas-bloomberg\\\/\",\"name\":\"Lula tem 49,2% e Fl\u00e1vio Bolsonaro registra 42,9% no 2\u00ba turno, diz Atlas\\\/Bloomberg - Blog Zulene Alves\",\"isPartOf\":{\"@id\":\"https:\\\/\\\/zulenealves.com.br\\\/#website\"},\"primaryImageOfPage\":{\"@id\":\"https:\\\/\\\/zulenealves.com.br\\\/index.php\\\/2026\\\/07\\\/29\\\/lula-tem-492-e-flavio-bolsonaro-registra-429-no-2o-turno-diz-atlas-bloomberg\\\/#primaryimage\"},\"image\":{\"@id\":\"https:\\\/\\\/zulenealves.com.br\\\/index.php\\\/2026\\\/07\\\/29\\\/lula-tem-492-e-flavio-bolsonaro-registra-429-no-2o-turno-diz-atlas-bloomberg\\\/#primaryimage\"},\"thumbnailUrl\":\"https:\\\/\\\/www.diariodepernambuco.com.br\\\/_midias\\\/jpg\\\/2026\\\/07\\\/28\\\/1200x800\\\/1_imagem_para_site__1_-928120.jpg\",\"datePublished\":\"2026-07-29T11:44:29+00:00\",\"author\":{\"@id\":\"https:\\\/\\\/zulenealves.com.br\\\/#\\\/schema\\\/person\\\/4076c08f761164e658f6461c6b0316ef\"},\"breadcrumb\":{\"@id\":\"https:\\\/\\\/zulenealves.com.br\\\/index.php\\\/2026\\\/07\\\/29\\\/lula-tem-492-e-flavio-bolsonaro-registra-429-no-2o-turno-diz-atlas-bloomberg\\\/#breadcrumb\"},\"inLanguage\":\"pt-BR\",\"potentialAction\":[{\"@type\":\"ReadAction\",\"target\":[\"https:\\\/\\\/zulenealves.com.br\\\/index.php\\\/2026\\\/07\\\/29\\\/lula-tem-492-e-flavio-bolsonaro-registra-429-no-2o-turno-diz-atlas-bloomberg\\\/\"]}]},{\"@type\":\"ImageObject\",\"inLanguage\":\"pt-BR\",\"@id\":\"https:\\\/\\\/zulenealves.com.br\\\/index.php\\\/2026\\\/07\\\/29\\\/lula-tem-492-e-flavio-bolsonaro-registra-429-no-2o-turno-diz-atlas-bloomberg\\\/#primaryimage\",\"url\":\"https:\\\/\\\/www.diariodepernambuco.com.br\\\/_midias\\\/jpg\\\/2026\\\/07\\\/28\\\/1200x800\\\/1_imagem_para_site__1_-928120.jpg\",\"contentUrl\":\"https:\\\/\\\/www.diariodepernambuco.com.br\\\/_midias\\\/jpg\\\/2026\\\/07\\\/28\\\/1200x800\\\/1_imagem_para_site__1_-928120.jpg\"},{\"@type\":\"BreadcrumbList\",\"@id\":\"https:\\\/\\\/zulenealves.com.br\\\/index.php\\\/2026\\\/07\\\/29\\\/lula-tem-492-e-flavio-bolsonaro-registra-429-no-2o-turno-diz-atlas-bloomberg\\\/#breadcrumb\",\"itemListElement\":[{\"@type\":\"ListItem\",\"position\":1,\"name\":\"In\u00edcio\",\"item\":\"https:\\\/\\\/zulenealves.com.br\\\/\"},{\"@type\":\"ListItem\",\"position\":2,\"name\":\"Lula tem 49,2% e Fl\u00e1vio Bolsonaro registra 42,9% no 2\u00ba turno, diz Atlas\\\/Bloomberg\"}]},{\"@type\":\"WebSite\",\"@id\":\"https:\\\/\\\/zulenealves.com.br\\\/#website\",\"url\":\"https:\\\/\\\/zulenealves.com.br\\\/\",\"name\":\"Blog Zulene Alves\",\"description\":\"\",\"potentialAction\":[{\"@type\":\"SearchAction\",\"target\":{\"@type\":\"EntryPoint\",\"urlTemplate\":\"https:\\\/\\\/zulenealves.com.br\\\/?s={search_term_string}\"},\"query-input\":{\"@type\":\"PropertyValueSpecification\",\"valueRequired\":true,\"valueName\":\"search_term_string\"}}],\"inLanguage\":\"pt-BR\"},{\"@type\":\"Person\",\"@id\":\"https:\\\/\\\/zulenealves.com.br\\\/#\\\/schema\\\/person\\\/4076c08f761164e658f6461c6b0316ef\",\"name\":\"zulenealves\",\"image\":{\"@type\":\"ImageObject\",\"inLanguage\":\"pt-BR\",\"@id\":\"https:\\\/\\\/secure.gravatar.com\\\/avatar\\\/0c6cfdd7fa501763e4ab9715fb2b12c342c6a1ace0a16a25d743cdfbb340b122?s=96&d=mm&r=g\",\"url\":\"https:\\\/\\\/secure.gravatar.com\\\/avatar\\\/0c6cfdd7fa501763e4ab9715fb2b12c342c6a1ace0a16a25d743cdfbb340b122?s=96&d=mm&r=g\",\"contentUrl\":\"https:\\\/\\\/secure.gravatar.com\\\/avatar\\\/0c6cfdd7fa501763e4ab9715fb2b12c342c6a1ace0a16a25d743cdfbb340b122?s=96&d=mm&r=g\",\"caption\":\"zulenealves\"},\"sameAs\":[\"https:\\\/\\\/zulenealves.com.br\"],\"url\":\"https:\\\/\\\/zulenealves.com.br\\\/index.php\\\/author\\\/zulenealves\\\/\"}]}<\/script>\n<!-- \/ Yoast SEO plugin. -->","yoast_head_json":{"title":"Lula tem 49,2% e Fl\u00e1vio Bolsonaro registra 42,9% no 2\u00ba turno, diz Atlas\/Bloomberg - Blog Zulene Alves","robots":{"index":"index","follow":"follow","max-snippet":"max-snippet:-1","max-image-preview":"max-image-preview:large","max-video-preview":"max-video-preview:-1"},"canonical":"https:\/\/zulenealves.com.br\/index.php\/2026\/07\/29\/lula-tem-492-e-flavio-bolsonaro-registra-429-no-2o-turno-diz-atlas-bloomberg\/","og_locale":"pt_BR","og_type":"article","og_title":"Lula tem 49,2% e Fl\u00e1vio Bolsonaro registra 42,9% no 2\u00ba turno, diz Atlas\/Bloomberg - Blog Zulene Alves","og_description":"Tanto Lula quanto Fl\u00e1vio oscilaram dentro da margem de erro de um ponto porcentual para mais ou para menos O presidente Luiz In\u00e1cio Lula da Silva (PT) segue com vantagem sobre o senador Fl\u00e1vio Bolsonaro (PL) na disputa pelo Pal\u00e1cio do Planalto. De acordo com pesquisa Atlas\/Bloomberg divulgada nesta quarta-feira, 29, o atual presidente tem ... Leia mais","og_url":"https:\/\/zulenealves.com.br\/index.php\/2026\/07\/29\/lula-tem-492-e-flavio-bolsonaro-registra-429-no-2o-turno-diz-atlas-bloomberg\/","og_site_name":"Blog Zulene Alves","article_published_time":"2026-07-29T11:44:29+00:00","og_image":[{"url":"https:\/\/www.diariodepernambuco.com.br\/_midias\/jpg\/2026\/07\/28\/1200x800\/1_imagem_para_site__1_-928120.jpg","type":"","width":"","height":""}],"author":"zulenealves","twitter_card":"summary_large_image","twitter_misc":{"Escrito por":"zulenealves","Est. tempo de leitura":"3 minutos"},"schema":{"@context":"https:\/\/schema.org","@graph":[{"@type":"Article","@id":"https:\/\/zulenealves.com.br\/index.php\/2026\/07\/29\/lula-tem-492-e-flavio-bolsonaro-registra-429-no-2o-turno-diz-atlas-bloomberg\/#article","isPartOf":{"@id":"https:\/\/zulenealves.com.br\/index.php\/2026\/07\/29\/lula-tem-492-e-flavio-bolsonaro-registra-429-no-2o-turno-diz-atlas-bloomberg\/"},"author":{"name":"zulenealves","@id":"https:\/\/zulenealves.com.br\/#\/schema\/person\/4076c08f761164e658f6461c6b0316ef"},"headline":"Lula tem 49,2% e Fl\u00e1vio Bolsonaro registra 42,9% no 2\u00ba turno, diz Atlas\/Bloomberg","datePublished":"2026-07-29T11:44:29+00:00","mainEntityOfPage":{"@id":"https:\/\/zulenealves.com.br\/index.php\/2026\/07\/29\/lula-tem-492-e-flavio-bolsonaro-registra-429-no-2o-turno-diz-atlas-bloomberg\/"},"wordCount":445,"image":{"@id":"https:\/\/zulenealves.com.br\/index.php\/2026\/07\/29\/lula-tem-492-e-flavio-bolsonaro-registra-429-no-2o-turno-diz-atlas-bloomberg\/#primaryimage"},"thumbnailUrl":"https:\/\/www.diariodepernambuco.com.br\/_midias\/jpg\/2026\/07\/28\/1200x800\/1_imagem_para_site__1_-928120.jpg","articleSection":["Brasil","Pol\u00edtica"],"inLanguage":"pt-BR"},{"@type":"WebPage","@id":"https:\/\/zulenealves.com.br\/index.php\/2026\/07\/29\/lula-tem-492-e-flavio-bolsonaro-registra-429-no-2o-turno-diz-atlas-bloomberg\/","url":"https:\/\/zulenealves.com.br\/index.php\/2026\/07\/29\/lula-tem-492-e-flavio-bolsonaro-registra-429-no-2o-turno-diz-atlas-bloomberg\/","name":"Lula tem 49,2% e Fl\u00e1vio Bolsonaro registra 42,9% no 2\u00ba turno, diz Atlas\/Bloomberg - Blog Zulene Alves","isPartOf":{"@id":"https:\/\/zulenealves.com.br\/#website"},"primaryImageOfPage":{"@id":"https:\/\/zulenealves.com.br\/index.php\/2026\/07\/29\/lula-tem-492-e-flavio-bolsonaro-registra-429-no-2o-turno-diz-atlas-bloomberg\/#primaryimage"},"image":{"@id":"https:\/\/zulenealves.com.br\/index.php\/2026\/07\/29\/lula-tem-492-e-flavio-bolsonaro-registra-429-no-2o-turno-diz-atlas-bloomberg\/#primaryimage"},"thumbnailUrl":"https:\/\/www.diariodepernambuco.com.br\/_midias\/jpg\/2026\/07\/28\/1200x800\/1_imagem_para_site__1_-928120.jpg","datePublished":"2026-07-29T11:44:29+00:00","author":{"@id":"https:\/\/zulenealves.com.br\/#\/schema\/person\/4076c08f761164e658f6461c6b0316ef"},"breadcrumb":{"@id":"https:\/\/zulenealves.com.br\/index.php\/2026\/07\/29\/lula-tem-492-e-flavio-bolsonaro-registra-429-no-2o-turno-diz-atlas-bloomberg\/#breadcrumb"},"inLanguage":"pt-BR","potentialAction":[{"@type":"ReadAction","target":["https:\/\/zulenealves.com.br\/index.php\/2026\/07\/29\/lula-tem-492-e-flavio-bolsonaro-registra-429-no-2o-turno-diz-atlas-bloomberg\/"]}]},{"@type":"ImageObject","inLanguage":"pt-BR","@id":"https:\/\/zulenealves.com.br\/index.php\/2026\/07\/29\/lula-tem-492-e-flavio-bolsonaro-registra-429-no-2o-turno-diz-atlas-bloomberg\/#primaryimage","url":"https:\/\/www.diariodepernambuco.com.br\/_midias\/jpg\/2026\/07\/28\/1200x800\/1_imagem_para_site__1_-928120.jpg","contentUrl":"https:\/\/www.diariodepernambuco.com.br\/_midias\/jpg\/2026\/07\/28\/1200x800\/1_imagem_para_site__1_-928120.jpg"},{"@type":"BreadcrumbList","@id":"https:\/\/zulenealves.com.br\/index.php\/2026\/07\/29\/lula-tem-492-e-flavio-bolsonaro-registra-429-no-2o-turno-diz-atlas-bloomberg\/#breadcrumb","itemListElement":[{"@type":"ListItem","position":1,"name":"In\u00edcio","item":"https:\/\/zulenealves.com.br\/"},{"@type":"ListItem","position":2,"name":"Lula tem 49,2% e Fl\u00e1vio Bolsonaro registra 42,9% no 2\u00ba turno, diz Atlas\/Bloomberg"}]},{"@type":"WebSite","@id":"https:\/\/zulenealves.com.br\/#website","url":"https:\/\/zulenealves.com.br\/","name":"Blog Zulene Alves","description":"","potentialAction":[{"@type":"SearchAction","target":{"@type":"EntryPoint","urlTemplate":"https:\/\/zulenealves.com.br\/?s={search_term_string}"},"query-input":{"@type":"PropertyValueSpecification","valueRequired":true,"valueName":"search_term_string"}}],"inLanguage":"pt-BR"},{"@type":"Person","@id":"https:\/\/zulenealves.com.br\/#\/schema\/person\/4076c08f761164e658f6461c6b0316ef","name":"zulenealves","image":{"@type":"ImageObject","inLanguage":"pt-BR","@id":"https:\/\/secure.gravatar.com\/avatar\/0c6cfdd7fa501763e4ab9715fb2b12c342c6a1ace0a16a25d743cdfbb340b122?s=96&d=mm&r=g","url":"https:\/\/secure.gravatar.com\/avatar\/0c6cfdd7fa501763e4ab9715fb2b12c342c6a1ace0a16a25d743cdfbb340b122?s=96&d=mm&r=g","contentUrl":"https:\/\/secure.gravatar.com\/avatar\/0c6cfdd7fa501763e4ab9715fb2b12c342c6a1ace0a16a25d743cdfbb340b122?s=96&d=mm&r=g","caption":"zulenealves"},"sameAs":["https:\/\/zulenealves.com.br"],"url":"https:\/\/zulenealves.com.br\/index.php\/author\/zulenealves\/"}]}},"_links":{"self":[{"href":"https:\/\/zulenealves.com.br\/index.php\/wp-json\/wp\/v2\/posts\/50543","targetHints":{"allow":["GET"]}}],"collection":[{"href":"https:\/\/zulenealves.com.br\/index.php\/wp-json\/wp\/v2\/posts"}],"about":[{"href":"https:\/\/zulenealves.com.br\/index.php\/wp-json\/wp\/v2\/types\/post"}],"author":[{"embeddable":true,"href":"https:\/\/zulenealves.com.br\/index.php\/wp-json\/wp\/v2\/users\/1"}],"replies":[{"embeddable":true,"href":"https:\/\/zulenealves.com.br\/index.php\/wp-json\/wp\/v2\/comments?post=50543"}],"version-history":[{"count":1,"href":"https:\/\/zulenealves.com.br\/index.php\/wp-json\/wp\/v2\/posts\/50543\/revisions"}],"predecessor-version":[{"id":50544,"href":"https:\/\/zulenealves.com.br\/index.php\/wp-json\/wp\/v2\/posts\/50543\/revisions\/50544"}],"wp:attachment":[{"href":"https:\/\/zulenealves.com.br\/index.php\/wp-json\/wp\/v2\/media?parent=50543"}],"wp:term":[{"taxonomy":"category","embeddable":true,"href":"https:\/\/zulenealves.com.br\/index.php\/wp-json\/wp\/v2\/categories?post=50543"},{"taxonomy":"post_tag","embeddable":true,"href":"https:\/\/zulenealves.com.br\/index.php\/wp-json\/wp\/v2\/tags?post=50543"}],"curies":[{"name":"wp","href":"https:\/\/api.w.org\/{rel}","templated":true}]}}