{"id":50549,"date":"2026-07-29T14:27:19","date_gmt":"2026-07-29T17:27:19","guid":{"rendered":"https:\/\/zulenealves.com.br\/?p=50549"},"modified":"2026-07-29T14:38:52","modified_gmt":"2026-07-29T17:38:52","slug":"ingazeira-divulga-programacao-da-tradicional-festa-de-agosto-2026","status":"publish","type":"post","link":"https:\/\/zulenealves.com.br\/index.php\/2026\/07\/29\/ingazeira-divulga-programacao-da-tradicional-festa-de-agosto-2026\/","title":{"rendered":"Ingazeira divulga programa\u00e7\u00e3o da tradicional Festa de Agosto 2026"},"content":{"rendered":"<p style=\"text-align: justify;\">O prefeito Luciano Torres anunciou oficialmente a programa\u00e7\u00e3o da tradicional Festa de Agosto de Ingazeira 2026, um dos eventos mais aguardados do calend\u00e1rio cultural do munic\u00edpio. A festa ser\u00e1 realizada nos dias 21 e 22 de agosto, no distrito de Santa Rosa, com shows a partir das 22h.<\/p>\n<p style=\"text-align: justify;\">Na sexta-feira (21), o p\u00fablico vai curtir as apresenta\u00e7\u00f5es de Heraldo Jr. e Emanoel e do cantor Jonas Esticado, um dos grandes nomes do forr\u00f3 nacional.<\/p>\n<p style=\"text-align: justify;\">J\u00e1 no s\u00e1bado (22), a anima\u00e7\u00e3o ficar\u00e1 por conta de Day Ara\u00fajo e da cantora Raphaela Santos, conhecida por seus sucessos e pelo forte carisma junto ao p\u00fablico.<\/p>\n<p style=\"text-align: justify;\">Ao lan\u00e7ar a programa\u00e7\u00e3o, o prefeito Luciano Torres destacou o compromisso da gest\u00e3o em valorizar a cultura, fortalecer as tradi\u00e7\u00f5es e promover um evento organizado, seguro e capaz de movimentar a economia local, gerando oportunidades para comerciantes, empreendedores e trabalhadores do munic\u00edpio.<\/p>\n<p style=\"text-align: justify;\">A expectativa \u00e9 de que milhares de pessoas participem da Festa de Agosto, consolidando mais uma vez o evento como uma das maiores celebra\u00e7\u00f5es populares da regi\u00e3o, reunindo moradores, visitantes e turistas em dois dias de muita m\u00fasica, lazer e confraterniza\u00e7\u00e3o.<\/p>\n<div class=\"gsp_post_data\" \r\n\t            data-post_type=\"post\" \r\n\t            data-cat=\"destaque\" \r\n\t            data-modified=\"120\"\r\n\t            data-created=\"1785335239\"\r\n\t            data-title=\"Ingazeira divulga programa\u00e7\u00e3o da tradicional Festa de Agosto 2026\" \r\n\t            data-home=\"https:\/\/zulenealves.com.br\"><\/div>","protected":false},"excerpt":{"rendered":"<p>O prefeito Luciano Torres anunciou oficialmente a programa\u00e7\u00e3o da tradicional Festa de Agosto de Ingazeira 2026, um dos eventos mais aguardados do calend\u00e1rio cultural do munic\u00edpio. A festa ser\u00e1 realizada nos dias 21 e 22 de agosto, no distrito de Santa Rosa, com shows a partir das 22h. Na sexta-feira (21), o p\u00fablico vai curtir &#8230; <\/p>\n<p class=\"read-more-container\"><a title=\"Ingazeira divulga programa\u00e7\u00e3o da tradicional Festa de Agosto 2026\" class=\"read-more button\" href=\"https:\/\/zulenealves.com.br\/index.php\/2026\/07\/29\/ingazeira-divulga-programacao-da-tradicional-festa-de-agosto-2026\/#more-50549\" aria-label=\"More on Ingazeira divulga programa\u00e7\u00e3o da tradicional Festa de Agosto 2026\">Leia mais<\/a><\/p>\n","protected":false},"author":1,"featured_media":50550,"comment_status":"closed","ping_status":"closed","sticky":false,"template":"","format":"standard","meta":{"footnotes":""},"categories":[23],"tags":[],"class_list":["post-50549","post","type-post","status-publish","format-standard","has-post-thumbnail","hentry","category-destaque","resize-featured-image"],"yoast_head":"<!-- This site is optimized with the Yoast SEO plugin v28.4 - https:\/\/yoast.com\/product\/yoast-seo-wordpress\/ -->\n<title>Ingazeira divulga programa\u00e7\u00e3o da tradicional Festa de Agosto 2026 - Blog Zulene Alves<\/title>\n<meta name=\"robots\" content=\"index, follow, max-snippet:-1, max-image-preview:large, max-video-preview:-1\" \/>\n<link rel=\"canonical\" href=\"https:\/\/zulenealves.com.br\/index.php\/2026\/07\/29\/ingazeira-divulga-programacao-da-tradicional-festa-de-agosto-2026\/\" \/>\n<meta property=\"og:locale\" content=\"pt_BR\" \/>\n<meta property=\"og:type\" content=\"article\" \/>\n<meta property=\"og:title\" content=\"Ingazeira divulga programa\u00e7\u00e3o da tradicional Festa de Agosto 2026 - Blog Zulene Alves\" \/>\n<meta property=\"og:description\" content=\"O prefeito Luciano Torres anunciou oficialmente a programa\u00e7\u00e3o da tradicional Festa de Agosto de Ingazeira 2026, um dos eventos mais aguardados do calend\u00e1rio cultural do munic\u00edpio. A festa ser\u00e1 realizada nos dias 21 e 22 de agosto, no distrito de Santa Rosa, com shows a partir das 22h. Na sexta-feira (21), o p\u00fablico vai curtir ... Leia mais\" \/>\n<meta property=\"og:url\" content=\"https:\/\/zulenealves.com.br\/index.php\/2026\/07\/29\/ingazeira-divulga-programacao-da-tradicional-festa-de-agosto-2026\/\" \/>\n<meta property=\"og:site_name\" content=\"Blog Zulene Alves\" \/>\n<meta property=\"article:published_time\" content=\"2026-07-29T17:27:19+00:00\" \/>\n<meta property=\"article:modified_time\" content=\"2026-07-29T17:38:52+00:00\" \/>\n<meta property=\"og:image\" content=\"https:\/\/zulenealves.com.br\/wp-content\/uploads\/2026\/07\/404efcf1-99f3-43be-98d7-934879c9194f.jpeg\" \/>\n\t<meta property=\"og:image:width\" content=\"1920\" \/>\n\t<meta property=\"og:image:height\" content=\"2560\" \/>\n\t<meta property=\"og:image:type\" content=\"image\/jpeg\" \/>\n<meta name=\"author\" content=\"zulenealves\" \/>\n<meta name=\"twitter:card\" content=\"summary_large_image\" \/>\n<meta name=\"twitter:label1\" content=\"Escrito por\" \/>\n\t<meta name=\"twitter:data1\" content=\"zulenealves\" \/>\n\t<meta name=\"twitter:label2\" content=\"Est. tempo de leitura\" \/>\n\t<meta name=\"twitter:data2\" content=\"2 minutos\" \/>\n<script type=\"application\/ld+json\" class=\"yoast-schema-graph\">{\"@context\":\"https:\\\/\\\/schema.org\",\"@graph\":[{\"@type\":\"Article\",\"@id\":\"https:\\\/\\\/zulenealves.com.br\\\/index.php\\\/2026\\\/07\\\/29\\\/ingazeira-divulga-programacao-da-tradicional-festa-de-agosto-2026\\\/#article\",\"isPartOf\":{\"@id\":\"https:\\\/\\\/zulenealves.com.br\\\/index.php\\\/2026\\\/07\\\/29\\\/ingazeira-divulga-programacao-da-tradicional-festa-de-agosto-2026\\\/\"},\"author\":{\"name\":\"zulenealves\",\"@id\":\"https:\\\/\\\/zulenealves.com.br\\\/#\\\/schema\\\/person\\\/4076c08f761164e658f6461c6b0316ef\"},\"headline\":\"Ingazeira divulga programa\u00e7\u00e3o da tradicional Festa de Agosto 2026\",\"datePublished\":\"2026-07-29T17:27:19+00:00\",\"dateModified\":\"2026-07-29T17:38:52+00:00\",\"mainEntityOfPage\":{\"@id\":\"https:\\\/\\\/zulenealves.com.br\\\/index.php\\\/2026\\\/07\\\/29\\\/ingazeira-divulga-programacao-da-tradicional-festa-de-agosto-2026\\\/\"},\"wordCount\":206,\"image\":{\"@id\":\"https:\\\/\\\/zulenealves.com.br\\\/index.php\\\/2026\\\/07\\\/29\\\/ingazeira-divulga-programacao-da-tradicional-festa-de-agosto-2026\\\/#primaryimage\"},\"thumbnailUrl\":\"https:\\\/\\\/zulenealves.com.br\\\/wp-content\\\/uploads\\\/2026\\\/07\\\/404efcf1-99f3-43be-98d7-934879c9194f.jpeg\",\"articleSection\":[\"Destaque\"],\"inLanguage\":\"pt-BR\"},{\"@type\":\"WebPage\",\"@id\":\"https:\\\/\\\/zulenealves.com.br\\\/index.php\\\/2026\\\/07\\\/29\\\/ingazeira-divulga-programacao-da-tradicional-festa-de-agosto-2026\\\/\",\"url\":\"https:\\\/\\\/zulenealves.com.br\\\/index.php\\\/2026\\\/07\\\/29\\\/ingazeira-divulga-programacao-da-tradicional-festa-de-agosto-2026\\\/\",\"name\":\"Ingazeira divulga programa\u00e7\u00e3o da tradicional Festa de Agosto 2026 - Blog Zulene Alves\",\"isPartOf\":{\"@id\":\"https:\\\/\\\/zulenealves.com.br\\\/#website\"},\"primaryImageOfPage\":{\"@id\":\"https:\\\/\\\/zulenealves.com.br\\\/index.php\\\/2026\\\/07\\\/29\\\/ingazeira-divulga-programacao-da-tradicional-festa-de-agosto-2026\\\/#primaryimage\"},\"image\":{\"@id\":\"https:\\\/\\\/zulenealves.com.br\\\/index.php\\\/2026\\\/07\\\/29\\\/ingazeira-divulga-programacao-da-tradicional-festa-de-agosto-2026\\\/#primaryimage\"},\"thumbnailUrl\":\"https:\\\/\\\/zulenealves.com.br\\\/wp-content\\\/uploads\\\/2026\\\/07\\\/404efcf1-99f3-43be-98d7-934879c9194f.jpeg\",\"datePublished\":\"2026-07-29T17:27:19+00:00\",\"dateModified\":\"2026-07-29T17:38:52+00:00\",\"author\":{\"@id\":\"https:\\\/\\\/zulenealves.com.br\\\/#\\\/schema\\\/person\\\/4076c08f761164e658f6461c6b0316ef\"},\"breadcrumb\":{\"@id\":\"https:\\\/\\\/zulenealves.com.br\\\/index.php\\\/2026\\\/07\\\/29\\\/ingazeira-divulga-programacao-da-tradicional-festa-de-agosto-2026\\\/#breadcrumb\"},\"inLanguage\":\"pt-BR\",\"potentialAction\":[{\"@type\":\"ReadAction\",\"target\":[\"https:\\\/\\\/zulenealves.com.br\\\/index.php\\\/2026\\\/07\\\/29\\\/ingazeira-divulga-programacao-da-tradicional-festa-de-agosto-2026\\\/\"]}]},{\"@type\":\"ImageObject\",\"inLanguage\":\"pt-BR\",\"@id\":\"https:\\\/\\\/zulenealves.com.br\\\/index.php\\\/2026\\\/07\\\/29\\\/ingazeira-divulga-programacao-da-tradicional-festa-de-agosto-2026\\\/#primaryimage\",\"url\":\"https:\\\/\\\/zulenealves.com.br\\\/wp-content\\\/uploads\\\/2026\\\/07\\\/404efcf1-99f3-43be-98d7-934879c9194f.jpeg\",\"contentUrl\":\"https:\\\/\\\/zulenealves.com.br\\\/wp-content\\\/uploads\\\/2026\\\/07\\\/404efcf1-99f3-43be-98d7-934879c9194f.jpeg\",\"width\":1920,\"height\":2560},{\"@type\":\"BreadcrumbList\",\"@id\":\"https:\\\/\\\/zulenealves.com.br\\\/index.php\\\/2026\\\/07\\\/29\\\/ingazeira-divulga-programacao-da-tradicional-festa-de-agosto-2026\\\/#breadcrumb\",\"itemListElement\":[{\"@type\":\"ListItem\",\"position\":1,\"name\":\"In\u00edcio\",\"item\":\"https:\\\/\\\/zulenealves.com.br\\\/\"},{\"@type\":\"ListItem\",\"position\":2,\"name\":\"Ingazeira divulga programa\u00e7\u00e3o da tradicional Festa de Agosto 2026\"}]},{\"@type\":\"WebSite\",\"@id\":\"https:\\\/\\\/zulenealves.com.br\\\/#website\",\"url\":\"https:\\\/\\\/zulenealves.com.br\\\/\",\"name\":\"Blog Zulene Alves\",\"description\":\"\",\"potentialAction\":[{\"@type\":\"SearchAction\",\"target\":{\"@type\":\"EntryPoint\",\"urlTemplate\":\"https:\\\/\\\/zulenealves.com.br\\\/?s={search_term_string}\"},\"query-input\":{\"@type\":\"PropertyValueSpecification\",\"valueRequired\":true,\"valueName\":\"search_term_string\"}}],\"inLanguage\":\"pt-BR\"},{\"@type\":\"Person\",\"@id\":\"https:\\\/\\\/zulenealves.com.br\\\/#\\\/schema\\\/person\\\/4076c08f761164e658f6461c6b0316ef\",\"name\":\"zulenealves\",\"image\":{\"@type\":\"ImageObject\",\"inLanguage\":\"pt-BR\",\"@id\":\"https:\\\/\\\/secure.gravatar.com\\\/avatar\\\/0c6cfdd7fa501763e4ab9715fb2b12c342c6a1ace0a16a25d743cdfbb340b122?s=96&d=mm&r=g\",\"url\":\"https:\\\/\\\/secure.gravatar.com\\\/avatar\\\/0c6cfdd7fa501763e4ab9715fb2b12c342c6a1ace0a16a25d743cdfbb340b122?s=96&d=mm&r=g\",\"contentUrl\":\"https:\\\/\\\/secure.gravatar.com\\\/avatar\\\/0c6cfdd7fa501763e4ab9715fb2b12c342c6a1ace0a16a25d743cdfbb340b122?s=96&d=mm&r=g\",\"caption\":\"zulenealves\"},\"sameAs\":[\"https:\\\/\\\/zulenealves.com.br\"],\"url\":\"https:\\\/\\\/zulenealves.com.br\\\/index.php\\\/author\\\/zulenealves\\\/\"}]}<\/script>\n<!-- \/ Yoast SEO plugin. -->","yoast_head_json":{"title":"Ingazeira divulga programa\u00e7\u00e3o da tradicional Festa de Agosto 2026 - Blog Zulene Alves","robots":{"index":"index","follow":"follow","max-snippet":"max-snippet:-1","max-image-preview":"max-image-preview:large","max-video-preview":"max-video-preview:-1"},"canonical":"https:\/\/zulenealves.com.br\/index.php\/2026\/07\/29\/ingazeira-divulga-programacao-da-tradicional-festa-de-agosto-2026\/","og_locale":"pt_BR","og_type":"article","og_title":"Ingazeira divulga programa\u00e7\u00e3o da tradicional Festa de Agosto 2026 - Blog Zulene Alves","og_description":"O prefeito Luciano Torres anunciou oficialmente a programa\u00e7\u00e3o da tradicional Festa de Agosto de Ingazeira 2026, um dos eventos mais aguardados do calend\u00e1rio cultural do munic\u00edpio. A festa ser\u00e1 realizada nos dias 21 e 22 de agosto, no distrito de Santa Rosa, com shows a partir das 22h. Na sexta-feira (21), o p\u00fablico vai curtir ... Leia mais","og_url":"https:\/\/zulenealves.com.br\/index.php\/2026\/07\/29\/ingazeira-divulga-programacao-da-tradicional-festa-de-agosto-2026\/","og_site_name":"Blog Zulene Alves","article_published_time":"2026-07-29T17:27:19+00:00","article_modified_time":"2026-07-29T17:38:52+00:00","og_image":[{"width":1920,"height":2560,"url":"https:\/\/zulenealves.com.br\/wp-content\/uploads\/2026\/07\/404efcf1-99f3-43be-98d7-934879c9194f.jpeg","type":"image\/jpeg"}],"author":"zulenealves","twitter_card":"summary_large_image","twitter_misc":{"Escrito por":"zulenealves","Est. tempo de leitura":"2 minutos"},"schema":{"@context":"https:\/\/schema.org","@graph":[{"@type":"Article","@id":"https:\/\/zulenealves.com.br\/index.php\/2026\/07\/29\/ingazeira-divulga-programacao-da-tradicional-festa-de-agosto-2026\/#article","isPartOf":{"@id":"https:\/\/zulenealves.com.br\/index.php\/2026\/07\/29\/ingazeira-divulga-programacao-da-tradicional-festa-de-agosto-2026\/"},"author":{"name":"zulenealves","@id":"https:\/\/zulenealves.com.br\/#\/schema\/person\/4076c08f761164e658f6461c6b0316ef"},"headline":"Ingazeira divulga programa\u00e7\u00e3o da tradicional Festa de Agosto 2026","datePublished":"2026-07-29T17:27:19+00:00","dateModified":"2026-07-29T17:38:52+00:00","mainEntityOfPage":{"@id":"https:\/\/zulenealves.com.br\/index.php\/2026\/07\/29\/ingazeira-divulga-programacao-da-tradicional-festa-de-agosto-2026\/"},"wordCount":206,"image":{"@id":"https:\/\/zulenealves.com.br\/index.php\/2026\/07\/29\/ingazeira-divulga-programacao-da-tradicional-festa-de-agosto-2026\/#primaryimage"},"thumbnailUrl":"https:\/\/zulenealves.com.br\/wp-content\/uploads\/2026\/07\/404efcf1-99f3-43be-98d7-934879c9194f.jpeg","articleSection":["Destaque"],"inLanguage":"pt-BR"},{"@type":"WebPage","@id":"https:\/\/zulenealves.com.br\/index.php\/2026\/07\/29\/ingazeira-divulga-programacao-da-tradicional-festa-de-agosto-2026\/","url":"https:\/\/zulenealves.com.br\/index.php\/2026\/07\/29\/ingazeira-divulga-programacao-da-tradicional-festa-de-agosto-2026\/","name":"Ingazeira divulga programa\u00e7\u00e3o da tradicional Festa de Agosto 2026 - Blog Zulene Alves","isPartOf":{"@id":"https:\/\/zulenealves.com.br\/#website"},"primaryImageOfPage":{"@id":"https:\/\/zulenealves.com.br\/index.php\/2026\/07\/29\/ingazeira-divulga-programacao-da-tradicional-festa-de-agosto-2026\/#primaryimage"},"image":{"@id":"https:\/\/zulenealves.com.br\/index.php\/2026\/07\/29\/ingazeira-divulga-programacao-da-tradicional-festa-de-agosto-2026\/#primaryimage"},"thumbnailUrl":"https:\/\/zulenealves.com.br\/wp-content\/uploads\/2026\/07\/404efcf1-99f3-43be-98d7-934879c9194f.jpeg","datePublished":"2026-07-29T17:27:19+00:00","dateModified":"2026-07-29T17:38:52+00:00","author":{"@id":"https:\/\/zulenealves.com.br\/#\/schema\/person\/4076c08f761164e658f6461c6b0316ef"},"breadcrumb":{"@id":"https:\/\/zulenealves.com.br\/index.php\/2026\/07\/29\/ingazeira-divulga-programacao-da-tradicional-festa-de-agosto-2026\/#breadcrumb"},"inLanguage":"pt-BR","potentialAction":[{"@type":"ReadAction","target":["https:\/\/zulenealves.com.br\/index.php\/2026\/07\/29\/ingazeira-divulga-programacao-da-tradicional-festa-de-agosto-2026\/"]}]},{"@type":"ImageObject","inLanguage":"pt-BR","@id":"https:\/\/zulenealves.com.br\/index.php\/2026\/07\/29\/ingazeira-divulga-programacao-da-tradicional-festa-de-agosto-2026\/#primaryimage","url":"https:\/\/zulenealves.com.br\/wp-content\/uploads\/2026\/07\/404efcf1-99f3-43be-98d7-934879c9194f.jpeg","contentUrl":"https:\/\/zulenealves.com.br\/wp-content\/uploads\/2026\/07\/404efcf1-99f3-43be-98d7-934879c9194f.jpeg","width":1920,"height":2560},{"@type":"BreadcrumbList","@id":"https:\/\/zulenealves.com.br\/index.php\/2026\/07\/29\/ingazeira-divulga-programacao-da-tradicional-festa-de-agosto-2026\/#breadcrumb","itemListElement":[{"@type":"ListItem","position":1,"name":"In\u00edcio","item":"https:\/\/zulenealves.com.br\/"},{"@type":"ListItem","position":2,"name":"Ingazeira divulga programa\u00e7\u00e3o da tradicional Festa de Agosto 2026"}]},{"@type":"WebSite","@id":"https:\/\/zulenealves.com.br\/#website","url":"https:\/\/zulenealves.com.br\/","name":"Blog Zulene Alves","description":"","potentialAction":[{"@type":"SearchAction","target":{"@type":"EntryPoint","urlTemplate":"https:\/\/zulenealves.com.br\/?s={search_term_string}"},"query-input":{"@type":"PropertyValueSpecification","valueRequired":true,"valueName":"search_term_string"}}],"inLanguage":"pt-BR"},{"@type":"Person","@id":"https:\/\/zulenealves.com.br\/#\/schema\/person\/4076c08f761164e658f6461c6b0316ef","name":"zulenealves","image":{"@type":"ImageObject","inLanguage":"pt-BR","@id":"https:\/\/secure.gravatar.com\/avatar\/0c6cfdd7fa501763e4ab9715fb2b12c342c6a1ace0a16a25d743cdfbb340b122?s=96&d=mm&r=g","url":"https:\/\/secure.gravatar.com\/avatar\/0c6cfdd7fa501763e4ab9715fb2b12c342c6a1ace0a16a25d743cdfbb340b122?s=96&d=mm&r=g","contentUrl":"https:\/\/secure.gravatar.com\/avatar\/0c6cfdd7fa501763e4ab9715fb2b12c342c6a1ace0a16a25d743cdfbb340b122?s=96&d=mm&r=g","caption":"zulenealves"},"sameAs":["https:\/\/zulenealves.com.br"],"url":"https:\/\/zulenealves.com.br\/index.php\/author\/zulenealves\/"}]}},"_links":{"self":[{"href":"https:\/\/zulenealves.com.br\/index.php\/wp-json\/wp\/v2\/posts\/50549","targetHints":{"allow":["GET"]}}],"collection":[{"href":"https:\/\/zulenealves.com.br\/index.php\/wp-json\/wp\/v2\/posts"}],"about":[{"href":"https:\/\/zulenealves.com.br\/index.php\/wp-json\/wp\/v2\/types\/post"}],"author":[{"embeddable":true,"href":"https:\/\/zulenealves.com.br\/index.php\/wp-json\/wp\/v2\/users\/1"}],"replies":[{"embeddable":true,"href":"https:\/\/zulenealves.com.br\/index.php\/wp-json\/wp\/v2\/comments?post=50549"}],"version-history":[{"count":1,"href":"https:\/\/zulenealves.com.br\/index.php\/wp-json\/wp\/v2\/posts\/50549\/revisions"}],"predecessor-version":[{"id":50551,"href":"https:\/\/zulenealves.com.br\/index.php\/wp-json\/wp\/v2\/posts\/50549\/revisions\/50551"}],"wp:featuredmedia":[{"embeddable":true,"href":"https:\/\/zulenealves.com.br\/index.php\/wp-json\/wp\/v2\/media\/50550"}],"wp:attachment":[{"href":"https:\/\/zulenealves.com.br\/index.php\/wp-json\/wp\/v2\/media?parent=50549"}],"wp:term":[{"taxonomy":"category","embeddable":true,"href":"https:\/\/zulenealves.com.br\/index.php\/wp-json\/wp\/v2\/categories?post=50549"},{"taxonomy":"post_tag","embeddable":true,"href":"https:\/\/zulenealves.com.br\/index.php\/wp-json\/wp\/v2\/tags?post=50549"}],"curies":[{"name":"wp","href":"https:\/\/api.w.org\/{rel}","templated":true}]}}