{"id":50555,"date":"2026-07-29T14:43:07","date_gmt":"2026-07-29T17:43:07","guid":{"rendered":"https:\/\/zulenealves.com.br\/?p=50555"},"modified":"2026-07-29T14:43:36","modified_gmt":"2026-07-29T17:43:36","slug":"50555","status":"publish","type":"post","link":"https:\/\/zulenealves.com.br\/index.php\/2026\/07\/29\/50555\/","title":{"rendered":"Parte de teto no Hospital da Restaura\u00e7\u00e3o desaba e atinge paciente"},"content":{"rendered":"<p><img fetchpriority=\"high\" decoding=\"async\" class=\"aligncenter\" src=\"https:\/\/imagens.ne10.uol.com.br\/veiculos\/_midias\/jpg\/2026\/07\/29\/whatsapp_image_2026_07_29_at_12_55_48-36950712.jpeg?6a6a26282fd20?ims=800x533\" alt=\"Parte de forro de gesso desabou em sala de recupera&amp;ccedil;&amp;atilde;o no terceiro andar do Hospital da Restaura&amp;ccedil;&amp;atilde;o\" width=\"501\" height=\"334\" \/><strong>Por<\/strong>\u00a0<strong>JC<\/strong><\/p>\n<p class=\"texto\">Parte do teto de gesso de uma sala de recupera\u00e7\u00e3o do Hospital da Restaura\u00e7\u00e3o (HR), no Recife, desabou na manh\u00e3 desta quarta-feira (29) e atingiu uma paciente em p\u00f3s-operat\u00f3rio.<\/p>\n<p class=\"texto\">No momento do incidente, 11 pessoas ocupavam o c\u00f4modo situado no terceiro andar da unidade de sa\u00fade.<\/p>\n<p class=\"texto\"><strong>Estado de sa\u00fade\u00a0dos pacientes<\/strong><\/p>\n<p class=\"texto\">A paciente atingida pela estrutura passou por exames de tomografia que, em avalia\u00e7\u00e3o radiol\u00f3gica inicial, n\u00e3o indicaram fraturas ou traumas decorrentes do impacto.<\/p>\n<p class=\"texto\">A mulher tinha feito uma cirurgia de corre\u00e7\u00e3o de uma f\u00edstula no bra\u00e7o e apresentou sangramento no local ap\u00f3s o evento. De acordo com\u00a0o assessor m\u00e9dico do HR, Thiago Azevedo, o sangramento j\u00e1 foi corrigido\u00a0e a paciente, com quadro cl\u00ednico est\u00e1vel, foi transferida para a UTI.<\/p>\n<p class=\"texto\">Os outros dez ocupantes da sala foram realocados para outros setores do hospital, como a unidade de trauma, por medida de seguran\u00e7a.<\/p>\n<p class=\"texto\">&#8220;A paciente j\u00e1 est\u00e1 em direcionamento para a UTI, acabou de terminar a cirurgia de corre\u00e7\u00e3o do sangramento da f\u00edstula. Foi tudo feito sem intercorr\u00eancias. A paciente encontra-se bem, est\u00e1vel, e passou por um exame de imagem para avalia\u00e7\u00e3o por causa do trauma, mas, na primeira avalia\u00e7\u00e3o do radiologista, n\u00e3o tem nenhuma les\u00e3o ou fratura&#8221;, explica o m\u00e9dico.<\/p>\n<p class=\"texto\"><strong>Investiga\u00e7\u00e3o da Controladoria Geral do Estado<\/strong><\/p>\n<p class=\"texto\">A \u00e1rea onde ocorreu a queda do forro ainda n\u00e3o passou pelas interven\u00e7\u00f5es recentes promovidas no pr\u00e9dio de 56 anos, embora esteja contemplada no plano de reformas do hospital. Diante do ocorrido, a Controladoria Geral do Estado (CGE) instaurou um procedimento de inspe\u00e7\u00e3o e auditoria para avaliar as causas do desabamento e apurar se obras realizadas em outros andares do HR tiveram rela\u00e7\u00e3o com o acidente.<\/p>\n<p>alguma rela\u00e7\u00e3o com o acidente causado. Queremos dar seguran\u00e7a e, se houver necessidade, fazer a apura\u00e7\u00e3o e responsabiliza\u00e7\u00e3o da empresa, caso seja identificado que ela foi causadora desse problema&#8221;, afirma Renato Cirne, controlador-geral do Estado, em entrevista \u00e0 TV Jornal.<\/p>\n<div class=\"gsp_post_data\" \r\n\t            data-post_type=\"post\" \r\n\t            data-cat=\"sem-categoria\" \r\n\t            data-modified=\"120\"\r\n\t            data-created=\"1785336187\"\r\n\t            data-title=\"Parte de teto no Hospital da Restaura\u00e7\u00e3o desaba e atinge paciente\" \r\n\t            data-home=\"https:\/\/zulenealves.com.br\"><\/div>","protected":false},"excerpt":{"rendered":"<p>Por\u00a0JC Parte do teto de gesso de uma sala de recupera\u00e7\u00e3o do Hospital da Restaura\u00e7\u00e3o (HR), no Recife, desabou na manh\u00e3 desta quarta-feira (29) e atingiu uma paciente em p\u00f3s-operat\u00f3rio. No momento do incidente, 11 pessoas ocupavam o c\u00f4modo situado no terceiro andar da unidade de sa\u00fade. Estado de sa\u00fade\u00a0dos pacientes A paciente atingida pela &#8230; <\/p>\n<p class=\"read-more-container\"><a title=\"Parte de teto no Hospital da Restaura\u00e7\u00e3o desaba e atinge paciente\" class=\"read-more button\" href=\"https:\/\/zulenealves.com.br\/index.php\/2026\/07\/29\/50555\/#more-50555\" aria-label=\"More on Parte de teto no Hospital da Restaura\u00e7\u00e3o desaba e atinge paciente\">Leia mais<\/a><\/p>\n","protected":false},"author":2,"featured_media":0,"comment_status":"closed","ping_status":"closed","sticky":false,"template":"","format":"standard","meta":{"footnotes":""},"categories":[1],"tags":[],"class_list":["post-50555","post","type-post","status-publish","format-standard","hentry","category-sem-categoria"],"yoast_head":"<!-- This site is optimized with the Yoast SEO plugin v28.4 - https:\/\/yoast.com\/product\/yoast-seo-wordpress\/ -->\n<title>Parte de teto no Hospital da Restaura\u00e7\u00e3o desaba e atinge paciente - Blog Zulene Alves<\/title>\n<meta name=\"robots\" content=\"index, follow, max-snippet:-1, max-image-preview:large, max-video-preview:-1\" \/>\n<link rel=\"canonical\" href=\"https:\/\/zulenealves.com.br\/index.php\/2026\/07\/29\/50555\/\" \/>\n<meta property=\"og:locale\" content=\"pt_BR\" \/>\n<meta property=\"og:type\" content=\"article\" \/>\n<meta property=\"og:title\" content=\"Parte de teto no Hospital da Restaura\u00e7\u00e3o desaba e atinge paciente - Blog Zulene Alves\" \/>\n<meta property=\"og:description\" content=\"Por\u00a0JC Parte do teto de gesso de uma sala de recupera\u00e7\u00e3o do Hospital da Restaura\u00e7\u00e3o (HR), no Recife, desabou na manh\u00e3 desta quarta-feira (29) e atingiu uma paciente em p\u00f3s-operat\u00f3rio. No momento do incidente, 11 pessoas ocupavam o c\u00f4modo situado no terceiro andar da unidade de sa\u00fade. Estado de sa\u00fade\u00a0dos pacientes A paciente atingida pela ... Leia mais\" \/>\n<meta property=\"og:url\" content=\"https:\/\/zulenealves.com.br\/index.php\/2026\/07\/29\/50555\/\" \/>\n<meta property=\"og:site_name\" content=\"Blog Zulene Alves\" \/>\n<meta property=\"article:published_time\" content=\"2026-07-29T17:43:07+00:00\" \/>\n<meta property=\"article:modified_time\" content=\"2026-07-29T17:43:36+00:00\" \/>\n<meta property=\"og:image\" content=\"https:\/\/imagens.ne10.uol.com.br\/veiculos\/_midias\/jpg\/2026\/07\/29\/whatsapp_image_2026_07_29_at_12_55_48-36950712.jpeg?6a6a26282fd20?ims=800x533\" \/>\n<meta name=\"author\" content=\"Zulene Alves\" \/>\n<meta name=\"twitter:card\" content=\"summary_large_image\" \/>\n<meta name=\"twitter:label1\" content=\"Escrito por\" \/>\n\t<meta name=\"twitter:data1\" content=\"Zulene Alves\" \/>\n\t<meta name=\"twitter:label2\" content=\"Est. tempo de leitura\" \/>\n\t<meta name=\"twitter:data2\" content=\"2 minutos\" \/>\n<script type=\"application\/ld+json\" class=\"yoast-schema-graph\">{\"@context\":\"https:\\\/\\\/schema.org\",\"@graph\":[{\"@type\":\"Article\",\"@id\":\"https:\\\/\\\/zulenealves.com.br\\\/index.php\\\/2026\\\/07\\\/29\\\/50555\\\/#article\",\"isPartOf\":{\"@id\":\"https:\\\/\\\/zulenealves.com.br\\\/index.php\\\/2026\\\/07\\\/29\\\/50555\\\/\"},\"author\":{\"name\":\"Zulene Alves\",\"@id\":\"https:\\\/\\\/zulenealves.com.br\\\/#\\\/schema\\\/person\\\/211b267042952b9d9062603ea5230577\"},\"headline\":\"Parte de teto no Hospital da Restaura\u00e7\u00e3o desaba e atinge paciente\",\"datePublished\":\"2026-07-29T17:43:07+00:00\",\"dateModified\":\"2026-07-29T17:43:36+00:00\",\"mainEntityOfPage\":{\"@id\":\"https:\\\/\\\/zulenealves.com.br\\\/index.php\\\/2026\\\/07\\\/29\\\/50555\\\/\"},\"wordCount\":361,\"image\":{\"@id\":\"https:\\\/\\\/zulenealves.com.br\\\/index.php\\\/2026\\\/07\\\/29\\\/50555\\\/#primaryimage\"},\"thumbnailUrl\":\"https:\\\/\\\/imagens.ne10.uol.com.br\\\/veiculos\\\/_midias\\\/jpg\\\/2026\\\/07\\\/29\\\/whatsapp_image_2026_07_29_at_12_55_48-36950712.jpeg?6a6a26282fd20?ims=800x533\",\"inLanguage\":\"pt-BR\"},{\"@type\":\"WebPage\",\"@id\":\"https:\\\/\\\/zulenealves.com.br\\\/index.php\\\/2026\\\/07\\\/29\\\/50555\\\/\",\"url\":\"https:\\\/\\\/zulenealves.com.br\\\/index.php\\\/2026\\\/07\\\/29\\\/50555\\\/\",\"name\":\"Parte de teto no Hospital da Restaura\u00e7\u00e3o desaba e atinge paciente - Blog Zulene Alves\",\"isPartOf\":{\"@id\":\"https:\\\/\\\/zulenealves.com.br\\\/#website\"},\"primaryImageOfPage\":{\"@id\":\"https:\\\/\\\/zulenealves.com.br\\\/index.php\\\/2026\\\/07\\\/29\\\/50555\\\/#primaryimage\"},\"image\":{\"@id\":\"https:\\\/\\\/zulenealves.com.br\\\/index.php\\\/2026\\\/07\\\/29\\\/50555\\\/#primaryimage\"},\"thumbnailUrl\":\"https:\\\/\\\/imagens.ne10.uol.com.br\\\/veiculos\\\/_midias\\\/jpg\\\/2026\\\/07\\\/29\\\/whatsapp_image_2026_07_29_at_12_55_48-36950712.jpeg?6a6a26282fd20?ims=800x533\",\"datePublished\":\"2026-07-29T17:43:07+00:00\",\"dateModified\":\"2026-07-29T17:43:36+00:00\",\"author\":{\"@id\":\"https:\\\/\\\/zulenealves.com.br\\\/#\\\/schema\\\/person\\\/211b267042952b9d9062603ea5230577\"},\"breadcrumb\":{\"@id\":\"https:\\\/\\\/zulenealves.com.br\\\/index.php\\\/2026\\\/07\\\/29\\\/50555\\\/#breadcrumb\"},\"inLanguage\":\"pt-BR\",\"potentialAction\":[{\"@type\":\"ReadAction\",\"target\":[\"https:\\\/\\\/zulenealves.com.br\\\/index.php\\\/2026\\\/07\\\/29\\\/50555\\\/\"]}]},{\"@type\":\"ImageObject\",\"inLanguage\":\"pt-BR\",\"@id\":\"https:\\\/\\\/zulenealves.com.br\\\/index.php\\\/2026\\\/07\\\/29\\\/50555\\\/#primaryimage\",\"url\":\"https:\\\/\\\/imagens.ne10.uol.com.br\\\/veiculos\\\/_midias\\\/jpg\\\/2026\\\/07\\\/29\\\/whatsapp_image_2026_07_29_at_12_55_48-36950712.jpeg?6a6a26282fd20?ims=800x533\",\"contentUrl\":\"https:\\\/\\\/imagens.ne10.uol.com.br\\\/veiculos\\\/_midias\\\/jpg\\\/2026\\\/07\\\/29\\\/whatsapp_image_2026_07_29_at_12_55_48-36950712.jpeg?6a6a26282fd20?ims=800x533\"},{\"@type\":\"BreadcrumbList\",\"@id\":\"https:\\\/\\\/zulenealves.com.br\\\/index.php\\\/2026\\\/07\\\/29\\\/50555\\\/#breadcrumb\",\"itemListElement\":[{\"@type\":\"ListItem\",\"position\":1,\"name\":\"In\u00edcio\",\"item\":\"https:\\\/\\\/zulenealves.com.br\\\/\"},{\"@type\":\"ListItem\",\"position\":2,\"name\":\"Parte de teto no Hospital da Restaura\u00e7\u00e3o desaba e atinge paciente\"}]},{\"@type\":\"WebSite\",\"@id\":\"https:\\\/\\\/zulenealves.com.br\\\/#website\",\"url\":\"https:\\\/\\\/zulenealves.com.br\\\/\",\"name\":\"Blog Zulene Alves\",\"description\":\"\",\"potentialAction\":[{\"@type\":\"SearchAction\",\"target\":{\"@type\":\"EntryPoint\",\"urlTemplate\":\"https:\\\/\\\/zulenealves.com.br\\\/?s={search_term_string}\"},\"query-input\":{\"@type\":\"PropertyValueSpecification\",\"valueRequired\":true,\"valueName\":\"search_term_string\"}}],\"inLanguage\":\"pt-BR\"},{\"@type\":\"Person\",\"@id\":\"https:\\\/\\\/zulenealves.com.br\\\/#\\\/schema\\\/person\\\/211b267042952b9d9062603ea5230577\",\"name\":\"Zulene Alves\",\"image\":{\"@type\":\"ImageObject\",\"inLanguage\":\"pt-BR\",\"@id\":\"https:\\\/\\\/secure.gravatar.com\\\/avatar\\\/6256ae245147d58c317918f3a20dbf75c244838a7b265be12b0edacdedc94737?s=96&d=mm&r=g\",\"url\":\"https:\\\/\\\/secure.gravatar.com\\\/avatar\\\/6256ae245147d58c317918f3a20dbf75c244838a7b265be12b0edacdedc94737?s=96&d=mm&r=g\",\"contentUrl\":\"https:\\\/\\\/secure.gravatar.com\\\/avatar\\\/6256ae245147d58c317918f3a20dbf75c244838a7b265be12b0edacdedc94737?s=96&d=mm&r=g\",\"caption\":\"Zulene Alves\"},\"sameAs\":[\"https:\\\/\\\/zulenealves.com.br\\\/\"],\"url\":\"https:\\\/\\\/zulenealves.com.br\\\/index.php\\\/author\\\/zulene\\\/\"}]}<\/script>\n<!-- \/ Yoast SEO plugin. -->","yoast_head_json":{"title":"Parte de teto no Hospital da Restaura\u00e7\u00e3o desaba e atinge paciente - Blog Zulene Alves","robots":{"index":"index","follow":"follow","max-snippet":"max-snippet:-1","max-image-preview":"max-image-preview:large","max-video-preview":"max-video-preview:-1"},"canonical":"https:\/\/zulenealves.com.br\/index.php\/2026\/07\/29\/50555\/","og_locale":"pt_BR","og_type":"article","og_title":"Parte de teto no Hospital da Restaura\u00e7\u00e3o desaba e atinge paciente - Blog Zulene Alves","og_description":"Por\u00a0JC Parte do teto de gesso de uma sala de recupera\u00e7\u00e3o do Hospital da Restaura\u00e7\u00e3o (HR), no Recife, desabou na manh\u00e3 desta quarta-feira (29) e atingiu uma paciente em p\u00f3s-operat\u00f3rio. No momento do incidente, 11 pessoas ocupavam o c\u00f4modo situado no terceiro andar da unidade de sa\u00fade. Estado de sa\u00fade\u00a0dos pacientes A paciente atingida pela ... Leia mais","og_url":"https:\/\/zulenealves.com.br\/index.php\/2026\/07\/29\/50555\/","og_site_name":"Blog Zulene Alves","article_published_time":"2026-07-29T17:43:07+00:00","article_modified_time":"2026-07-29T17:43:36+00:00","og_image":[{"url":"https:\/\/imagens.ne10.uol.com.br\/veiculos\/_midias\/jpg\/2026\/07\/29\/whatsapp_image_2026_07_29_at_12_55_48-36950712.jpeg?6a6a26282fd20?ims=800x533","type":"","width":"","height":""}],"author":"Zulene Alves","twitter_card":"summary_large_image","twitter_misc":{"Escrito por":"Zulene Alves","Est. tempo de leitura":"2 minutos"},"schema":{"@context":"https:\/\/schema.org","@graph":[{"@type":"Article","@id":"https:\/\/zulenealves.com.br\/index.php\/2026\/07\/29\/50555\/#article","isPartOf":{"@id":"https:\/\/zulenealves.com.br\/index.php\/2026\/07\/29\/50555\/"},"author":{"name":"Zulene Alves","@id":"https:\/\/zulenealves.com.br\/#\/schema\/person\/211b267042952b9d9062603ea5230577"},"headline":"Parte de teto no Hospital da Restaura\u00e7\u00e3o desaba e atinge paciente","datePublished":"2026-07-29T17:43:07+00:00","dateModified":"2026-07-29T17:43:36+00:00","mainEntityOfPage":{"@id":"https:\/\/zulenealves.com.br\/index.php\/2026\/07\/29\/50555\/"},"wordCount":361,"image":{"@id":"https:\/\/zulenealves.com.br\/index.php\/2026\/07\/29\/50555\/#primaryimage"},"thumbnailUrl":"https:\/\/imagens.ne10.uol.com.br\/veiculos\/_midias\/jpg\/2026\/07\/29\/whatsapp_image_2026_07_29_at_12_55_48-36950712.jpeg?6a6a26282fd20?ims=800x533","inLanguage":"pt-BR"},{"@type":"WebPage","@id":"https:\/\/zulenealves.com.br\/index.php\/2026\/07\/29\/50555\/","url":"https:\/\/zulenealves.com.br\/index.php\/2026\/07\/29\/50555\/","name":"Parte de teto no Hospital da Restaura\u00e7\u00e3o desaba e atinge paciente - Blog Zulene Alves","isPartOf":{"@id":"https:\/\/zulenealves.com.br\/#website"},"primaryImageOfPage":{"@id":"https:\/\/zulenealves.com.br\/index.php\/2026\/07\/29\/50555\/#primaryimage"},"image":{"@id":"https:\/\/zulenealves.com.br\/index.php\/2026\/07\/29\/50555\/#primaryimage"},"thumbnailUrl":"https:\/\/imagens.ne10.uol.com.br\/veiculos\/_midias\/jpg\/2026\/07\/29\/whatsapp_image_2026_07_29_at_12_55_48-36950712.jpeg?6a6a26282fd20?ims=800x533","datePublished":"2026-07-29T17:43:07+00:00","dateModified":"2026-07-29T17:43:36+00:00","author":{"@id":"https:\/\/zulenealves.com.br\/#\/schema\/person\/211b267042952b9d9062603ea5230577"},"breadcrumb":{"@id":"https:\/\/zulenealves.com.br\/index.php\/2026\/07\/29\/50555\/#breadcrumb"},"inLanguage":"pt-BR","potentialAction":[{"@type":"ReadAction","target":["https:\/\/zulenealves.com.br\/index.php\/2026\/07\/29\/50555\/"]}]},{"@type":"ImageObject","inLanguage":"pt-BR","@id":"https:\/\/zulenealves.com.br\/index.php\/2026\/07\/29\/50555\/#primaryimage","url":"https:\/\/imagens.ne10.uol.com.br\/veiculos\/_midias\/jpg\/2026\/07\/29\/whatsapp_image_2026_07_29_at_12_55_48-36950712.jpeg?6a6a26282fd20?ims=800x533","contentUrl":"https:\/\/imagens.ne10.uol.com.br\/veiculos\/_midias\/jpg\/2026\/07\/29\/whatsapp_image_2026_07_29_at_12_55_48-36950712.jpeg?6a6a26282fd20?ims=800x533"},{"@type":"BreadcrumbList","@id":"https:\/\/zulenealves.com.br\/index.php\/2026\/07\/29\/50555\/#breadcrumb","itemListElement":[{"@type":"ListItem","position":1,"name":"In\u00edcio","item":"https:\/\/zulenealves.com.br\/"},{"@type":"ListItem","position":2,"name":"Parte de teto no Hospital da Restaura\u00e7\u00e3o desaba e atinge paciente"}]},{"@type":"WebSite","@id":"https:\/\/zulenealves.com.br\/#website","url":"https:\/\/zulenealves.com.br\/","name":"Blog Zulene Alves","description":"","potentialAction":[{"@type":"SearchAction","target":{"@type":"EntryPoint","urlTemplate":"https:\/\/zulenealves.com.br\/?s={search_term_string}"},"query-input":{"@type":"PropertyValueSpecification","valueRequired":true,"valueName":"search_term_string"}}],"inLanguage":"pt-BR"},{"@type":"Person","@id":"https:\/\/zulenealves.com.br\/#\/schema\/person\/211b267042952b9d9062603ea5230577","name":"Zulene Alves","image":{"@type":"ImageObject","inLanguage":"pt-BR","@id":"https:\/\/secure.gravatar.com\/avatar\/6256ae245147d58c317918f3a20dbf75c244838a7b265be12b0edacdedc94737?s=96&d=mm&r=g","url":"https:\/\/secure.gravatar.com\/avatar\/6256ae245147d58c317918f3a20dbf75c244838a7b265be12b0edacdedc94737?s=96&d=mm&r=g","contentUrl":"https:\/\/secure.gravatar.com\/avatar\/6256ae245147d58c317918f3a20dbf75c244838a7b265be12b0edacdedc94737?s=96&d=mm&r=g","caption":"Zulene Alves"},"sameAs":["https:\/\/zulenealves.com.br\/"],"url":"https:\/\/zulenealves.com.br\/index.php\/author\/zulene\/"}]}},"_links":{"self":[{"href":"https:\/\/zulenealves.com.br\/index.php\/wp-json\/wp\/v2\/posts\/50555","targetHints":{"allow":["GET"]}}],"collection":[{"href":"https:\/\/zulenealves.com.br\/index.php\/wp-json\/wp\/v2\/posts"}],"about":[{"href":"https:\/\/zulenealves.com.br\/index.php\/wp-json\/wp\/v2\/types\/post"}],"author":[{"embeddable":true,"href":"https:\/\/zulenealves.com.br\/index.php\/wp-json\/wp\/v2\/users\/2"}],"replies":[{"embeddable":true,"href":"https:\/\/zulenealves.com.br\/index.php\/wp-json\/wp\/v2\/comments?post=50555"}],"version-history":[{"count":2,"href":"https:\/\/zulenealves.com.br\/index.php\/wp-json\/wp\/v2\/posts\/50555\/revisions"}],"predecessor-version":[{"id":50557,"href":"https:\/\/zulenealves.com.br\/index.php\/wp-json\/wp\/v2\/posts\/50555\/revisions\/50557"}],"wp:attachment":[{"href":"https:\/\/zulenealves.com.br\/index.php\/wp-json\/wp\/v2\/media?parent=50555"}],"wp:term":[{"taxonomy":"category","embeddable":true,"href":"https:\/\/zulenealves.com.br\/index.php\/wp-json\/wp\/v2\/categories?post=50555"},{"taxonomy":"post_tag","embeddable":true,"href":"https:\/\/zulenealves.com.br\/index.php\/wp-json\/wp\/v2\/tags?post=50555"}],"curies":[{"name":"wp","href":"https:\/\/api.w.org\/{rel}","templated":true}]}}