{"id":50558,"date":"2026-07-29T14:46:42","date_gmt":"2026-07-29T17:46:42","guid":{"rendered":"https:\/\/zulenealves.com.br\/?p=50558"},"modified":"2026-07-29T15:09:38","modified_gmt":"2026-07-29T18:09:38","slug":"raquel-deve-chegar-a-sua-convencao-no-proximo-domingo-acompanhada-de-priscila-tulio-e-miguel","status":"publish","type":"post","link":"https:\/\/zulenealves.com.br\/index.php\/2026\/07\/29\/raquel-deve-chegar-a-sua-convencao-no-proximo-domingo-acompanhada-de-priscila-tulio-e-miguel\/","title":{"rendered":"Raquel deve chegar \u00e0 sua Conven\u00e7\u00e3o no pr\u00f3ximo domingo acompanhada de Priscila, T\u00falio e Miguel"},"content":{"rendered":"<p style=\"text-align: justify;\"><img fetchpriority=\"high\" decoding=\"async\" class=\"aligncenter\" src=\"https:\/\/imagens.ne10.uol.com.br\/veiculos\/_midias\/jpg\/2026\/07\/29\/miguel_coelho__raquel__priscila__tulio-36949565.jpg?ims=800x533\" alt=\"Ex-prefeito de Petrolina Miguel Coelho; governadora Raquel Lyra; vice-governadora Priscila Krause; e o deputado federal T\u00falio Gad\u00ealha.\" width=\"573\" height=\"382\" \/><strong>Por<\/strong>\u00a0<strong>TEREZINHA NUNES<\/strong><\/p>\n<p class=\"texto\" style=\"text-align: justify;\">Embora sem aval da Federa\u00e7\u00e3o Uni\u00e3o Progressista que s\u00f3 realizar\u00e1 sua conven\u00e7\u00e3o entre os dias 03 e 05 de agosto, quando definir\u00e1 sua posi\u00e7\u00e3o sobre o apoio \u00e0 governadora Raquel e a indica\u00e7\u00e3o de um candidato ao Senado, tudo est\u00e1 sendo preparado no PSD para que a governadora chegue a sua Conven\u00e7\u00e3o no domingo, dia 02, acompanhada de Priscila e T\u00falio Gadelha, que j\u00e1 est\u00e3o confirmados como vice e senador, e de Miguel Coelho, o nome da Federa\u00e7\u00e3o que ela prefere para disputar a outra vaga no Senado, embora o colegiado j\u00e1 tenha decidido pela candidatura do deputado federal Eduardo da Fonte.<\/p>\n<p style=\"text-align: justify;\">O que est\u00e1 planejado para o domingo \u00e9 um verdadeiro ritual em que a governadora sairia do Pal\u00e1cio das Princesas a p\u00e9 ao lado de Priscila e acompanhada de seguidores; as duas se dirigiriam \u00e0 Ponte Buarque de Macedo, que d\u00e1 acesso ao Recife Antigo, quando encontrariam na entrada da ponte o candidato ao Senado T\u00falio Gadelha, tamb\u00e9m acompanhado de seguidores; e, no final da ponte, o ex-prefeito de Petrolina, Miguel Coelho que, da mesma forma, estaria com correligion\u00e1rios. Ainda a p\u00e9, o grupo se dirigiria pela avenida Rio Branco at\u00e9 chegar ao Parador, onde o evento vai ser realizado.<\/p>\n<p style=\"text-align: justify;\">Duas fontes deste blog confirmaram a exist\u00eancia do planejamento acima mas assessores da governadora procurados n\u00e3o confirmaram mas tamb\u00e9m n\u00e3o desmentiram as informa\u00e7\u00f5es. Preferiram o sil\u00eancio. Raquel incluir Miguel entre os seus acompanhantes n\u00e3o \u00e9 novidade depois que ela informou em reuni\u00f5es com a Federa\u00e7\u00e3o Uni\u00e3o Progressista a n\u00edvel local e nacional que o prefere como o nome para o Senado pela Federa\u00e7\u00e3o. No final de semana ela voltou a repetir isso a v\u00e1rios interlocutores, o que explica o fato de at\u00e9 agora o PSD, como informou ontem, em primeira m\u00e3o, este blog, n\u00e3o ter chegado a um acordo com a Federa\u00e7\u00e3o sobre a reda\u00e7\u00e3o das atas das duas conven\u00e7\u00f5es que v\u00e3o ser feitas em dias diferentes.<\/p>\n<div class=\"ads\" style=\"text-align: justify;\">\n<div id=\"uolpd-video-inarticle\">\n<div id=\"player-in-article\">\n<div id=\"inarticle-ad-container\">\n<div id=\"ad-300x250-outstream-area\" data-google-query-id=\"CLenv5a4-JUDFakRHgAdzyMGcQ\">\n<div id=\"google_ads_iframe_\/8804\/parceiros\/ne_10\/jornal_do_commercio\/in-article\/outstream_0__container__\"><strong>Miguel ter\u00e1 nome inclu\u00eddo na ata da conven\u00e7\u00e3o<\/strong><\/div>\n<\/div>\n<\/div>\n<\/div>\n<\/div>\n<\/div>\n<p class=\"texto\" style=\"text-align: justify;\">Outra novidade prevista \u00e9 a inclus\u00e3o do nome de Miguel Coelho como pr\u00e9-candidato ao Senado na ata de conven\u00e7\u00e3o do PSD. Planeja-se criar uma situa\u00e7\u00e3o que poderia obrigar a Federa\u00e7\u00e3o a ter candidato avulso para o Senado ou mesmo dois candidatos como a pr\u00f3pria governadora chegou a sugerir no encontro com prefeitos e deputados do PP na quinta-feira passada. Na \u00e9poca, ela afirmou que um candidato a governador pode ter mais que dois candidatos ao Senado sendo um deles avulso. No caso seriam T\u00falio Gadelha, Miguel e Eduardo da Fonte. A proposta, por\u00e9m, n\u00e3o foi aceita pelo PP.<\/p>\n<p class=\"texto\" style=\"text-align: justify;\"><strong>Visita de \u00faltima hora e atropelos<\/strong><\/p>\n<p class=\"texto\" style=\"text-align: justify;\">A programa\u00e7\u00e3o interiorana da governadora esta semana foi preparada de \u00faltima hora e acabou n\u00e3o rendendo, politicamente, o que era esperado. Em Arcoverde, onde ela chegou na manh\u00e3 de segunda-feira , acabou recebida pelo vice-prefeito pois o prefeito n\u00e3o estava na cidade. Ontem em Petrol\u00e2ndia dois ex-prefeitos que desejam apoi\u00e1-la j\u00e1 que o prefeito apoia Jo\u00e3o Campos acabaram n\u00e3o acompanhando a programa\u00e7\u00e3o tamb\u00e9m por falta de planejamento. Nessas viagens improvisadas a governadora est\u00e1 inspecionando obras j\u00e1 que n\u00e3o pode inaugur\u00e1-las e nem dar ordem de servi\u00e7o desde o dia 05 de abril.<\/p>\n<p class=\"texto\" style=\"text-align: justify;\"><strong>PERGUNTA QUE N\u00c3O QUER CALAR<\/strong><\/p>\n<p class=\"texto\" style=\"text-align: justify;\">Em quais artigos da legisla\u00e7\u00e3o eleitoral consta a figura de candidato avulso para o Senado por uma Federa\u00e7\u00e3o?<\/p>\n<div class=\"gsp_post_data\" \r\n\t            data-post_type=\"post\" \r\n\t            data-cat=\"sem-categoria\" \r\n\t            data-modified=\"120\"\r\n\t            data-created=\"1785336402\"\r\n\t            data-title=\"Raquel deve chegar \u00e0 sua Conven\u00e7\u00e3o no pr\u00f3ximo domingo acompanhada de Priscila, T\u00falio e Miguel\" \r\n\t            data-home=\"https:\/\/zulenealves.com.br\"><\/div>","protected":false},"excerpt":{"rendered":"<p>Por\u00a0TEREZINHA NUNES Embora sem aval da Federa\u00e7\u00e3o Uni\u00e3o Progressista que s\u00f3 realizar\u00e1 sua conven\u00e7\u00e3o entre os dias 03 e 05 de agosto, quando definir\u00e1 sua posi\u00e7\u00e3o sobre o apoio \u00e0 governadora Raquel e a indica\u00e7\u00e3o de um candidato ao Senado, tudo est\u00e1 sendo preparado no PSD para que a governadora chegue a sua Conven\u00e7\u00e3o no &#8230; <\/p>\n<p class=\"read-more-container\"><a title=\"Raquel deve chegar \u00e0 sua Conven\u00e7\u00e3o no pr\u00f3ximo domingo acompanhada de Priscila, T\u00falio e Miguel\" class=\"read-more button\" href=\"https:\/\/zulenealves.com.br\/index.php\/2026\/07\/29\/raquel-deve-chegar-a-sua-convencao-no-proximo-domingo-acompanhada-de-priscila-tulio-e-miguel\/#more-50558\" aria-label=\"More on Raquel deve chegar \u00e0 sua Conven\u00e7\u00e3o no pr\u00f3ximo domingo acompanhada de Priscila, T\u00falio e Miguel\">Leia mais<\/a><\/p>\n","protected":false},"author":2,"featured_media":0,"comment_status":"closed","ping_status":"closed","sticky":false,"template":"","format":"standard","meta":{"footnotes":""},"categories":[1],"tags":[],"class_list":["post-50558","post","type-post","status-publish","format-standard","hentry","category-sem-categoria"],"yoast_head":"<!-- This site is optimized with the Yoast SEO plugin v28.4 - https:\/\/yoast.com\/product\/yoast-seo-wordpress\/ -->\n<title>Raquel deve chegar \u00e0 sua Conven\u00e7\u00e3o no pr\u00f3ximo domingo acompanhada de Priscila, T\u00falio e Miguel - Blog Zulene Alves<\/title>\n<meta name=\"robots\" content=\"index, follow, max-snippet:-1, max-image-preview:large, max-video-preview:-1\" \/>\n<link rel=\"canonical\" href=\"https:\/\/zulenealves.com.br\/index.php\/2026\/07\/29\/raquel-deve-chegar-a-sua-convencao-no-proximo-domingo-acompanhada-de-priscila-tulio-e-miguel\/\" \/>\n<meta property=\"og:locale\" content=\"pt_BR\" \/>\n<meta property=\"og:type\" content=\"article\" \/>\n<meta property=\"og:title\" content=\"Raquel deve chegar \u00e0 sua Conven\u00e7\u00e3o no pr\u00f3ximo domingo acompanhada de Priscila, T\u00falio e Miguel - Blog Zulene Alves\" \/>\n<meta property=\"og:description\" content=\"Por\u00a0TEREZINHA NUNES Embora sem aval da Federa\u00e7\u00e3o Uni\u00e3o Progressista que s\u00f3 realizar\u00e1 sua conven\u00e7\u00e3o entre os dias 03 e 05 de agosto, quando definir\u00e1 sua posi\u00e7\u00e3o sobre o apoio \u00e0 governadora Raquel e a indica\u00e7\u00e3o de um candidato ao Senado, tudo est\u00e1 sendo preparado no PSD para que a governadora chegue a sua Conven\u00e7\u00e3o no ... Leia mais\" \/>\n<meta property=\"og:url\" content=\"https:\/\/zulenealves.com.br\/index.php\/2026\/07\/29\/raquel-deve-chegar-a-sua-convencao-no-proximo-domingo-acompanhada-de-priscila-tulio-e-miguel\/\" \/>\n<meta property=\"og:site_name\" content=\"Blog Zulene Alves\" \/>\n<meta property=\"article:published_time\" content=\"2026-07-29T17:46:42+00:00\" \/>\n<meta property=\"article:modified_time\" content=\"2026-07-29T18:09:38+00:00\" \/>\n<meta property=\"og:image\" content=\"https:\/\/imagens.ne10.uol.com.br\/veiculos\/_midias\/jpg\/2026\/07\/29\/miguel_coelho__raquel__priscila__tulio-36949565.jpg?ims=800x533\" \/>\n<meta name=\"author\" content=\"Zulene Alves\" \/>\n<meta name=\"twitter:card\" content=\"summary_large_image\" \/>\n<meta name=\"twitter:label1\" content=\"Escrito por\" \/>\n\t<meta name=\"twitter:data1\" content=\"Zulene Alves\" \/>\n\t<meta name=\"twitter:label2\" content=\"Est. tempo de leitura\" \/>\n\t<meta name=\"twitter:data2\" content=\"4 minutos\" \/>\n<script type=\"application\/ld+json\" class=\"yoast-schema-graph\">{\"@context\":\"https:\\\/\\\/schema.org\",\"@graph\":[{\"@type\":\"Article\",\"@id\":\"https:\\\/\\\/zulenealves.com.br\\\/index.php\\\/2026\\\/07\\\/29\\\/raquel-deve-chegar-a-sua-convencao-no-proximo-domingo-acompanhada-de-priscila-tulio-e-miguel\\\/#article\",\"isPartOf\":{\"@id\":\"https:\\\/\\\/zulenealves.com.br\\\/index.php\\\/2026\\\/07\\\/29\\\/raquel-deve-chegar-a-sua-convencao-no-proximo-domingo-acompanhada-de-priscila-tulio-e-miguel\\\/\"},\"author\":{\"name\":\"Zulene Alves\",\"@id\":\"https:\\\/\\\/zulenealves.com.br\\\/#\\\/schema\\\/person\\\/211b267042952b9d9062603ea5230577\"},\"headline\":\"Raquel deve chegar \u00e0 sua Conven\u00e7\u00e3o no pr\u00f3ximo domingo acompanhada de Priscila, T\u00falio e Miguel\",\"datePublished\":\"2026-07-29T17:46:42+00:00\",\"dateModified\":\"2026-07-29T18:09:38+00:00\",\"mainEntityOfPage\":{\"@id\":\"https:\\\/\\\/zulenealves.com.br\\\/index.php\\\/2026\\\/07\\\/29\\\/raquel-deve-chegar-a-sua-convencao-no-proximo-domingo-acompanhada-de-priscila-tulio-e-miguel\\\/\"},\"wordCount\":614,\"image\":{\"@id\":\"https:\\\/\\\/zulenealves.com.br\\\/index.php\\\/2026\\\/07\\\/29\\\/raquel-deve-chegar-a-sua-convencao-no-proximo-domingo-acompanhada-de-priscila-tulio-e-miguel\\\/#primaryimage\"},\"thumbnailUrl\":\"https:\\\/\\\/imagens.ne10.uol.com.br\\\/veiculos\\\/_midias\\\/jpg\\\/2026\\\/07\\\/29\\\/miguel_coelho__raquel__priscila__tulio-36949565.jpg?ims=800x533\",\"inLanguage\":\"pt-BR\"},{\"@type\":\"WebPage\",\"@id\":\"https:\\\/\\\/zulenealves.com.br\\\/index.php\\\/2026\\\/07\\\/29\\\/raquel-deve-chegar-a-sua-convencao-no-proximo-domingo-acompanhada-de-priscila-tulio-e-miguel\\\/\",\"url\":\"https:\\\/\\\/zulenealves.com.br\\\/index.php\\\/2026\\\/07\\\/29\\\/raquel-deve-chegar-a-sua-convencao-no-proximo-domingo-acompanhada-de-priscila-tulio-e-miguel\\\/\",\"name\":\"Raquel deve chegar \u00e0 sua Conven\u00e7\u00e3o no pr\u00f3ximo domingo acompanhada de Priscila, T\u00falio e Miguel - Blog Zulene Alves\",\"isPartOf\":{\"@id\":\"https:\\\/\\\/zulenealves.com.br\\\/#website\"},\"primaryImageOfPage\":{\"@id\":\"https:\\\/\\\/zulenealves.com.br\\\/index.php\\\/2026\\\/07\\\/29\\\/raquel-deve-chegar-a-sua-convencao-no-proximo-domingo-acompanhada-de-priscila-tulio-e-miguel\\\/#primaryimage\"},\"image\":{\"@id\":\"https:\\\/\\\/zulenealves.com.br\\\/index.php\\\/2026\\\/07\\\/29\\\/raquel-deve-chegar-a-sua-convencao-no-proximo-domingo-acompanhada-de-priscila-tulio-e-miguel\\\/#primaryimage\"},\"thumbnailUrl\":\"https:\\\/\\\/imagens.ne10.uol.com.br\\\/veiculos\\\/_midias\\\/jpg\\\/2026\\\/07\\\/29\\\/miguel_coelho__raquel__priscila__tulio-36949565.jpg?ims=800x533\",\"datePublished\":\"2026-07-29T17:46:42+00:00\",\"dateModified\":\"2026-07-29T18:09:38+00:00\",\"author\":{\"@id\":\"https:\\\/\\\/zulenealves.com.br\\\/#\\\/schema\\\/person\\\/211b267042952b9d9062603ea5230577\"},\"breadcrumb\":{\"@id\":\"https:\\\/\\\/zulenealves.com.br\\\/index.php\\\/2026\\\/07\\\/29\\\/raquel-deve-chegar-a-sua-convencao-no-proximo-domingo-acompanhada-de-priscila-tulio-e-miguel\\\/#breadcrumb\"},\"inLanguage\":\"pt-BR\",\"potentialAction\":[{\"@type\":\"ReadAction\",\"target\":[\"https:\\\/\\\/zulenealves.com.br\\\/index.php\\\/2026\\\/07\\\/29\\\/raquel-deve-chegar-a-sua-convencao-no-proximo-domingo-acompanhada-de-priscila-tulio-e-miguel\\\/\"]}]},{\"@type\":\"ImageObject\",\"inLanguage\":\"pt-BR\",\"@id\":\"https:\\\/\\\/zulenealves.com.br\\\/index.php\\\/2026\\\/07\\\/29\\\/raquel-deve-chegar-a-sua-convencao-no-proximo-domingo-acompanhada-de-priscila-tulio-e-miguel\\\/#primaryimage\",\"url\":\"https:\\\/\\\/imagens.ne10.uol.com.br\\\/veiculos\\\/_midias\\\/jpg\\\/2026\\\/07\\\/29\\\/miguel_coelho__raquel__priscila__tulio-36949565.jpg?ims=800x533\",\"contentUrl\":\"https:\\\/\\\/imagens.ne10.uol.com.br\\\/veiculos\\\/_midias\\\/jpg\\\/2026\\\/07\\\/29\\\/miguel_coelho__raquel__priscila__tulio-36949565.jpg?ims=800x533\"},{\"@type\":\"BreadcrumbList\",\"@id\":\"https:\\\/\\\/zulenealves.com.br\\\/index.php\\\/2026\\\/07\\\/29\\\/raquel-deve-chegar-a-sua-convencao-no-proximo-domingo-acompanhada-de-priscila-tulio-e-miguel\\\/#breadcrumb\",\"itemListElement\":[{\"@type\":\"ListItem\",\"position\":1,\"name\":\"In\u00edcio\",\"item\":\"https:\\\/\\\/zulenealves.com.br\\\/\"},{\"@type\":\"ListItem\",\"position\":2,\"name\":\"Raquel deve chegar \u00e0 sua Conven\u00e7\u00e3o no pr\u00f3ximo domingo acompanhada de Priscila, T\u00falio e Miguel\"}]},{\"@type\":\"WebSite\",\"@id\":\"https:\\\/\\\/zulenealves.com.br\\\/#website\",\"url\":\"https:\\\/\\\/zulenealves.com.br\\\/\",\"name\":\"Blog Zulene Alves\",\"description\":\"\",\"potentialAction\":[{\"@type\":\"SearchAction\",\"target\":{\"@type\":\"EntryPoint\",\"urlTemplate\":\"https:\\\/\\\/zulenealves.com.br\\\/?s={search_term_string}\"},\"query-input\":{\"@type\":\"PropertyValueSpecification\",\"valueRequired\":true,\"valueName\":\"search_term_string\"}}],\"inLanguage\":\"pt-BR\"},{\"@type\":\"Person\",\"@id\":\"https:\\\/\\\/zulenealves.com.br\\\/#\\\/schema\\\/person\\\/211b267042952b9d9062603ea5230577\",\"name\":\"Zulene Alves\",\"image\":{\"@type\":\"ImageObject\",\"inLanguage\":\"pt-BR\",\"@id\":\"https:\\\/\\\/secure.gravatar.com\\\/avatar\\\/6256ae245147d58c317918f3a20dbf75c244838a7b265be12b0edacdedc94737?s=96&d=mm&r=g\",\"url\":\"https:\\\/\\\/secure.gravatar.com\\\/avatar\\\/6256ae245147d58c317918f3a20dbf75c244838a7b265be12b0edacdedc94737?s=96&d=mm&r=g\",\"contentUrl\":\"https:\\\/\\\/secure.gravatar.com\\\/avatar\\\/6256ae245147d58c317918f3a20dbf75c244838a7b265be12b0edacdedc94737?s=96&d=mm&r=g\",\"caption\":\"Zulene Alves\"},\"sameAs\":[\"https:\\\/\\\/zulenealves.com.br\\\/\"],\"url\":\"https:\\\/\\\/zulenealves.com.br\\\/index.php\\\/author\\\/zulene\\\/\"}]}<\/script>\n<!-- \/ Yoast SEO plugin. -->","yoast_head_json":{"title":"Raquel deve chegar \u00e0 sua Conven\u00e7\u00e3o no pr\u00f3ximo domingo acompanhada de Priscila, T\u00falio e Miguel - Blog Zulene Alves","robots":{"index":"index","follow":"follow","max-snippet":"max-snippet:-1","max-image-preview":"max-image-preview:large","max-video-preview":"max-video-preview:-1"},"canonical":"https:\/\/zulenealves.com.br\/index.php\/2026\/07\/29\/raquel-deve-chegar-a-sua-convencao-no-proximo-domingo-acompanhada-de-priscila-tulio-e-miguel\/","og_locale":"pt_BR","og_type":"article","og_title":"Raquel deve chegar \u00e0 sua Conven\u00e7\u00e3o no pr\u00f3ximo domingo acompanhada de Priscila, T\u00falio e Miguel - Blog Zulene Alves","og_description":"Por\u00a0TEREZINHA NUNES Embora sem aval da Federa\u00e7\u00e3o Uni\u00e3o Progressista que s\u00f3 realizar\u00e1 sua conven\u00e7\u00e3o entre os dias 03 e 05 de agosto, quando definir\u00e1 sua posi\u00e7\u00e3o sobre o apoio \u00e0 governadora Raquel e a indica\u00e7\u00e3o de um candidato ao Senado, tudo est\u00e1 sendo preparado no PSD para que a governadora chegue a sua Conven\u00e7\u00e3o no ... Leia mais","og_url":"https:\/\/zulenealves.com.br\/index.php\/2026\/07\/29\/raquel-deve-chegar-a-sua-convencao-no-proximo-domingo-acompanhada-de-priscila-tulio-e-miguel\/","og_site_name":"Blog Zulene Alves","article_published_time":"2026-07-29T17:46:42+00:00","article_modified_time":"2026-07-29T18:09:38+00:00","og_image":[{"url":"https:\/\/imagens.ne10.uol.com.br\/veiculos\/_midias\/jpg\/2026\/07\/29\/miguel_coelho__raquel__priscila__tulio-36949565.jpg?ims=800x533","type":"","width":"","height":""}],"author":"Zulene Alves","twitter_card":"summary_large_image","twitter_misc":{"Escrito por":"Zulene Alves","Est. tempo de leitura":"4 minutos"},"schema":{"@context":"https:\/\/schema.org","@graph":[{"@type":"Article","@id":"https:\/\/zulenealves.com.br\/index.php\/2026\/07\/29\/raquel-deve-chegar-a-sua-convencao-no-proximo-domingo-acompanhada-de-priscila-tulio-e-miguel\/#article","isPartOf":{"@id":"https:\/\/zulenealves.com.br\/index.php\/2026\/07\/29\/raquel-deve-chegar-a-sua-convencao-no-proximo-domingo-acompanhada-de-priscila-tulio-e-miguel\/"},"author":{"name":"Zulene Alves","@id":"https:\/\/zulenealves.com.br\/#\/schema\/person\/211b267042952b9d9062603ea5230577"},"headline":"Raquel deve chegar \u00e0 sua Conven\u00e7\u00e3o no pr\u00f3ximo domingo acompanhada de Priscila, T\u00falio e Miguel","datePublished":"2026-07-29T17:46:42+00:00","dateModified":"2026-07-29T18:09:38+00:00","mainEntityOfPage":{"@id":"https:\/\/zulenealves.com.br\/index.php\/2026\/07\/29\/raquel-deve-chegar-a-sua-convencao-no-proximo-domingo-acompanhada-de-priscila-tulio-e-miguel\/"},"wordCount":614,"image":{"@id":"https:\/\/zulenealves.com.br\/index.php\/2026\/07\/29\/raquel-deve-chegar-a-sua-convencao-no-proximo-domingo-acompanhada-de-priscila-tulio-e-miguel\/#primaryimage"},"thumbnailUrl":"https:\/\/imagens.ne10.uol.com.br\/veiculos\/_midias\/jpg\/2026\/07\/29\/miguel_coelho__raquel__priscila__tulio-36949565.jpg?ims=800x533","inLanguage":"pt-BR"},{"@type":"WebPage","@id":"https:\/\/zulenealves.com.br\/index.php\/2026\/07\/29\/raquel-deve-chegar-a-sua-convencao-no-proximo-domingo-acompanhada-de-priscila-tulio-e-miguel\/","url":"https:\/\/zulenealves.com.br\/index.php\/2026\/07\/29\/raquel-deve-chegar-a-sua-convencao-no-proximo-domingo-acompanhada-de-priscila-tulio-e-miguel\/","name":"Raquel deve chegar \u00e0 sua Conven\u00e7\u00e3o no pr\u00f3ximo domingo acompanhada de Priscila, T\u00falio e Miguel - Blog Zulene Alves","isPartOf":{"@id":"https:\/\/zulenealves.com.br\/#website"},"primaryImageOfPage":{"@id":"https:\/\/zulenealves.com.br\/index.php\/2026\/07\/29\/raquel-deve-chegar-a-sua-convencao-no-proximo-domingo-acompanhada-de-priscila-tulio-e-miguel\/#primaryimage"},"image":{"@id":"https:\/\/zulenealves.com.br\/index.php\/2026\/07\/29\/raquel-deve-chegar-a-sua-convencao-no-proximo-domingo-acompanhada-de-priscila-tulio-e-miguel\/#primaryimage"},"thumbnailUrl":"https:\/\/imagens.ne10.uol.com.br\/veiculos\/_midias\/jpg\/2026\/07\/29\/miguel_coelho__raquel__priscila__tulio-36949565.jpg?ims=800x533","datePublished":"2026-07-29T17:46:42+00:00","dateModified":"2026-07-29T18:09:38+00:00","author":{"@id":"https:\/\/zulenealves.com.br\/#\/schema\/person\/211b267042952b9d9062603ea5230577"},"breadcrumb":{"@id":"https:\/\/zulenealves.com.br\/index.php\/2026\/07\/29\/raquel-deve-chegar-a-sua-convencao-no-proximo-domingo-acompanhada-de-priscila-tulio-e-miguel\/#breadcrumb"},"inLanguage":"pt-BR","potentialAction":[{"@type":"ReadAction","target":["https:\/\/zulenealves.com.br\/index.php\/2026\/07\/29\/raquel-deve-chegar-a-sua-convencao-no-proximo-domingo-acompanhada-de-priscila-tulio-e-miguel\/"]}]},{"@type":"ImageObject","inLanguage":"pt-BR","@id":"https:\/\/zulenealves.com.br\/index.php\/2026\/07\/29\/raquel-deve-chegar-a-sua-convencao-no-proximo-domingo-acompanhada-de-priscila-tulio-e-miguel\/#primaryimage","url":"https:\/\/imagens.ne10.uol.com.br\/veiculos\/_midias\/jpg\/2026\/07\/29\/miguel_coelho__raquel__priscila__tulio-36949565.jpg?ims=800x533","contentUrl":"https:\/\/imagens.ne10.uol.com.br\/veiculos\/_midias\/jpg\/2026\/07\/29\/miguel_coelho__raquel__priscila__tulio-36949565.jpg?ims=800x533"},{"@type":"BreadcrumbList","@id":"https:\/\/zulenealves.com.br\/index.php\/2026\/07\/29\/raquel-deve-chegar-a-sua-convencao-no-proximo-domingo-acompanhada-de-priscila-tulio-e-miguel\/#breadcrumb","itemListElement":[{"@type":"ListItem","position":1,"name":"In\u00edcio","item":"https:\/\/zulenealves.com.br\/"},{"@type":"ListItem","position":2,"name":"Raquel deve chegar \u00e0 sua Conven\u00e7\u00e3o no pr\u00f3ximo domingo acompanhada de Priscila, T\u00falio e Miguel"}]},{"@type":"WebSite","@id":"https:\/\/zulenealves.com.br\/#website","url":"https:\/\/zulenealves.com.br\/","name":"Blog Zulene Alves","description":"","potentialAction":[{"@type":"SearchAction","target":{"@type":"EntryPoint","urlTemplate":"https:\/\/zulenealves.com.br\/?s={search_term_string}"},"query-input":{"@type":"PropertyValueSpecification","valueRequired":true,"valueName":"search_term_string"}}],"inLanguage":"pt-BR"},{"@type":"Person","@id":"https:\/\/zulenealves.com.br\/#\/schema\/person\/211b267042952b9d9062603ea5230577","name":"Zulene Alves","image":{"@type":"ImageObject","inLanguage":"pt-BR","@id":"https:\/\/secure.gravatar.com\/avatar\/6256ae245147d58c317918f3a20dbf75c244838a7b265be12b0edacdedc94737?s=96&d=mm&r=g","url":"https:\/\/secure.gravatar.com\/avatar\/6256ae245147d58c317918f3a20dbf75c244838a7b265be12b0edacdedc94737?s=96&d=mm&r=g","contentUrl":"https:\/\/secure.gravatar.com\/avatar\/6256ae245147d58c317918f3a20dbf75c244838a7b265be12b0edacdedc94737?s=96&d=mm&r=g","caption":"Zulene Alves"},"sameAs":["https:\/\/zulenealves.com.br\/"],"url":"https:\/\/zulenealves.com.br\/index.php\/author\/zulene\/"}]}},"_links":{"self":[{"href":"https:\/\/zulenealves.com.br\/index.php\/wp-json\/wp\/v2\/posts\/50558","targetHints":{"allow":["GET"]}}],"collection":[{"href":"https:\/\/zulenealves.com.br\/index.php\/wp-json\/wp\/v2\/posts"}],"about":[{"href":"https:\/\/zulenealves.com.br\/index.php\/wp-json\/wp\/v2\/types\/post"}],"author":[{"embeddable":true,"href":"https:\/\/zulenealves.com.br\/index.php\/wp-json\/wp\/v2\/users\/2"}],"replies":[{"embeddable":true,"href":"https:\/\/zulenealves.com.br\/index.php\/wp-json\/wp\/v2\/comments?post=50558"}],"version-history":[{"count":3,"href":"https:\/\/zulenealves.com.br\/index.php\/wp-json\/wp\/v2\/posts\/50558\/revisions"}],"predecessor-version":[{"id":50563,"href":"https:\/\/zulenealves.com.br\/index.php\/wp-json\/wp\/v2\/posts\/50558\/revisions\/50563"}],"wp:attachment":[{"href":"https:\/\/zulenealves.com.br\/index.php\/wp-json\/wp\/v2\/media?parent=50558"}],"wp:term":[{"taxonomy":"category","embeddable":true,"href":"https:\/\/zulenealves.com.br\/index.php\/wp-json\/wp\/v2\/categories?post=50558"},{"taxonomy":"post_tag","embeddable":true,"href":"https:\/\/zulenealves.com.br\/index.php\/wp-json\/wp\/v2\/tags?post=50558"}],"curies":[{"name":"wp","href":"https:\/\/api.w.org\/{rel}","templated":true}]}}