{"id":50757,"date":"2026-08-05T09:02:32","date_gmt":"2026-08-05T12:02:32","guid":{"rendered":"https:\/\/zulenealves.com.br\/?p=50757"},"modified":"2026-08-05T09:02:32","modified_gmt":"2026-08-05T12:02:32","slug":"em-pico-de-tensao-bilateral-brasil-pede-que-argentina-retire-seu-embaixador","status":"publish","type":"post","link":"https:\/\/zulenealves.com.br\/index.php\/2026\/08\/05\/em-pico-de-tensao-bilateral-brasil-pede-que-argentina-retire-seu-embaixador\/","title":{"rendered":"Em pico de tens\u00e3o bilateral, Brasil pede que Argentina retire seu embaixador"},"content":{"rendered":"<figure style=\"width: 569px\" class=\"wp-caption aligncenter\"><img fetchpriority=\"high\" decoding=\"async\" class=\"image w-full h-auto type:primaryImage\" title=\"Javier Milei, presidente da Argentina, e Luiz In\u00e1cio Lula da Silva, presidente do Brasil (FABRICE COFFRINI\/AFP)\" src=\"https:\/\/www.diariodepernambuco.com.br\/_midias\/jpg\/2026\/08\/05\/1200x800\/1_afp__20260803__c3tq8tb__v1__highres__comboargentinabrazildiplomacy-932806.jpg\" alt=\"Javier Milei, presidente da Argentina, e Luiz In\u00e1cio Lula da Silva, presidente do Brasil\/FABRICE COFFRINI\/AFP\" width=\"579\" height=\"386\" data-src=\"https:\/\/www.diariodepernambuco.com.br\/_midias\/jpg\/2026\/08\/05\/1200x800\/1_afp__20260803__c3tq8tb__v1__highres__comboargentinabrazildiplomacy-932806.jpg\" \/><figcaption class=\"wp-caption-text\">Javier Milei, presidente da Argentina, e Luiz In\u00e1cio Lula da Silva, presidente do Brasil (FABRICE COFFRINI\/AFP)<\/figcaption><\/figure>\n<p style=\"text-align: justify;\"><strong><em>Executivo brasileiro tamb\u00e9m comunicou sua decis\u00e3o de reduzir &#8220;o n\u00edvel de representa\u00e7\u00e3o diplom\u00e1tica bilateral ao de Encarregados de Neg\u00f3cios&#8221;<\/em> <\/strong><\/p>\n<p class=\"texto\" style=\"text-align: justify;\">O governo argentino informou que o Brasil solicitou nesta ter\u00e7a-feira (4) o retorno do embaixador argentino a Buenos Aires, em meio \u00e0 crise diplom\u00e1tica provocada por declara\u00e7\u00f5es do presidente Javier Milei contra Luiz In\u00e1cio Lula da Silva.<\/p>\n<p class=\"texto\" style=\"text-align: justify;\">O Executivo brasileiro tamb\u00e9m comunicou sua decis\u00e3o de reduzir &#8220;o n\u00edvel de representa\u00e7\u00e3o diplom\u00e1tica bilateral ao de Encarregados de Neg\u00f3cios&#8221;, publicou a Chancelaria argentina no X.<\/p>\n<p class=\"texto\" style=\"text-align: justify;\">A tens\u00e3o entre os dois pa\u00edses aumenta ap\u00f3s repetidos ataques de Milei contra Lula, a quem o argentino se referiu como &#8220;ladr\u00e3o&#8221; e &#8220;corrupto&#8221;.<\/p>\n<p class=\"texto\" style=\"text-align: justify;\">Segundo o comunicado divulgado pela Chancelaria argentina, o embaixador Guillermo Raimondi foi convocado na tarde de ter\u00e7a-feira pelo ministro das Rela\u00e7\u00f5es Exteriores brasileiro, Mauro Vieira, que lhe comunicou a decis\u00e3o do governo de reduzir o n\u00edvel de representa\u00e7\u00e3o diplom\u00e1tica bilateral e de solicitar o seu retorno para a Argentina.<\/p>\n<p class=\"texto\" style=\"text-align: justify;\">O governo argentino &#8220;toma nota da decis\u00e3o adotada unilateralmente&#8221; pelo Brasil e &#8220;lamenta sua decis\u00e3o de continuar se isolando do restante da regi\u00e3o por raz\u00f5es puramente ideol\u00f3gicas&#8221;.<\/p>\n<p class=\"texto\" style=\"text-align: justify;\">A Chancelaria argentina mencionou ainda diversos &#8220;epis\u00f3dios de declara\u00e7\u00f5es e apoios pol\u00edticos cruzados entre dirigentes de ambos os pa\u00edses&#8221; no passado e ressaltou que sempre optou por n\u00e3o transformar essas trocas &#8220;em um incidente diplom\u00e1tico&#8221;.<\/p>\n<p class=\"texto\" style=\"text-align: justify;\">&#8220;Nunca respondemos a uma diverg\u00eancia pol\u00edtica com uma medida institucional&#8221;, indicou.<\/p>\n<p class=\"texto\" style=\"text-align: justify;\"><strong>Duas vis\u00f5es opostas<\/strong><\/p>\n<p class=\"texto\" style=\"text-align: justify;\">O conflito diplom\u00e1tico come\u00e7ou quando Milei participou, h\u00e1 dez dias, em S\u00e3o Paulo, da oficializa\u00e7\u00e3o da candidatura presidencial do opositor direitista de Lula nas elei\u00e7\u00f5es de outubro, Fl\u00e1vio Bolsonaro, filho do ex-presidente Jair Bolsonaro e aliado regional do argentino.<\/p>\n<p class=\"texto\" style=\"text-align: justify;\">Naquela ocasi\u00e3o, ele acusou, sem apresentar provas, o governo do Brasil de &#8220;interfer\u00eancia pol\u00edtica&#8221; contra Buenos Aires e insultou, sem mencion\u00e1-los diretamente, Lula e o ministro do Supremo Tribunal Federal Alexandre de Moraes.<\/p>\n<p class=\"texto\" style=\"text-align: justify;\">Depois disso, o Brasil chamou para consultas seu embaixador em Buenos Aires, Julio Bitelli, pelas &#8220;ofensas proferidas&#8221; por Milei e convocou o embaixador argentino para pedir explica\u00e7\u00f5es pelas &#8220;agress\u00f5es&#8221;.<!--more--><\/p>\n<p class=\"texto\" style=\"text-align: justify;\">O chanceler Pablo Quirno tentou reduzir a tens\u00e3o, enfatizando que, do ponto de vista argentino, &#8220;n\u00e3o existe absolutamente nenhuma possibilidade&#8221; de ruptura das rela\u00e7\u00f5es diplom\u00e1ticas.<\/p>\n<p class=\"texto\" style=\"text-align: justify;\">No entanto, nos \u00faltimos dias, Milei intensificou suas cr\u00edticas a Lula em diferentes entrevistas.<\/p>\n<p class=\"texto\" style=\"text-align: justify;\"><strong>Elei\u00e7\u00f5es \u00e0 vista<\/strong><\/p>\n<p class=\"texto\" style=\"text-align: justify;\">O an\u00fancio da rebaixamento da representa\u00e7\u00e3o brasileira em Buenos Aires marca uma nova escalada em um conflito marcado pelo pano de fundo eleitoral em ambos os pa\u00edses.<\/p>\n<p class=\"texto\" style=\"text-align: justify;\">Ap\u00f3s seu retorno ao poder em 2023, Lula, aos 80 anos, lan\u00e7ou no domingo sua campanha para um quarto e \u00faltimo mandato.<\/p>\n<p class=\"texto\" style=\"text-align: justify;\">Na Argentina, Milei, presidente desde dezembro de 2023, fala cada vez mais abertamente em se candidatar \u00e0 reelei\u00e7\u00e3o em outubro de 2027.<\/p>\n<p class=\"texto\" style=\"text-align: justify;\">&#8220;Fa\u00e7o isso porque sou um defensor dos ideais da liberdade&#8221;, explicou o ultraliberal argentino no domingo, ao justificar suas duras cr\u00edticas contra os governos de esquerda e centro-esquerda na Am\u00e9rica Latina e em outros pa\u00edses, como a Espanha de Pedro S\u00e1nchez.<\/p>\n<p style=\"text-align: justify;\"><strong><em> <a class=\"hover:underline\" title=\"Mais de AFP\" href=\"https:\/\/www.diariodepernambuco.com.br\/autor\/afp\/\">AFP<\/a> <\/em><\/strong><\/p>\n<div class=\"gsp_post_data\" \r\n\t            data-post_type=\"post\" \r\n\t            data-cat=\"noticia\" \r\n\t            data-modified=\"120\"\r\n\t            data-created=\"1785920552\"\r\n\t            data-title=\"Em pico de tens\u00e3o bilateral, Brasil pede que Argentina retire seu embaixador\" \r\n\t            data-home=\"https:\/\/zulenealves.com.br\"><\/div>","protected":false},"excerpt":{"rendered":"<p>Executivo brasileiro tamb\u00e9m comunicou sua decis\u00e3o de reduzir &#8220;o n\u00edvel de representa\u00e7\u00e3o diplom\u00e1tica bilateral ao de Encarregados de Neg\u00f3cios&#8221; O governo argentino informou que o Brasil solicitou nesta ter\u00e7a-feira (4) o retorno do embaixador argentino a Buenos Aires, em meio \u00e0 crise diplom\u00e1tica provocada por declara\u00e7\u00f5es do presidente Javier Milei contra Luiz In\u00e1cio Lula da &#8230; <\/p>\n<p class=\"read-more-container\"><a title=\"Em pico de tens\u00e3o bilateral, Brasil pede que Argentina retire seu embaixador\" class=\"read-more button\" href=\"https:\/\/zulenealves.com.br\/index.php\/2026\/08\/05\/em-pico-de-tensao-bilateral-brasil-pede-que-argentina-retire-seu-embaixador\/#more-50757\" aria-label=\"More on Em pico de tens\u00e3o bilateral, Brasil pede que Argentina retire seu embaixador\">Leia mais<\/a><\/p>\n","protected":false},"author":1,"featured_media":0,"comment_status":"closed","ping_status":"closed","sticky":false,"template":"","format":"standard","meta":{"footnotes":""},"categories":[17],"tags":[],"class_list":["post-50757","post","type-post","status-publish","format-standard","hentry","category-noticia"],"yoast_head":"<!-- This site is optimized with the Yoast SEO plugin v28.4 - https:\/\/yoast.com\/product\/yoast-seo-wordpress\/ -->\n<title>Em pico de tens\u00e3o bilateral, Brasil pede que Argentina retire seu embaixador - Blog Zulene Alves<\/title>\n<meta name=\"robots\" content=\"index, follow, max-snippet:-1, max-image-preview:large, max-video-preview:-1\" \/>\n<link rel=\"canonical\" href=\"https:\/\/zulenealves.com.br\/index.php\/2026\/08\/05\/em-pico-de-tensao-bilateral-brasil-pede-que-argentina-retire-seu-embaixador\/\" \/>\n<meta property=\"og:locale\" content=\"pt_BR\" \/>\n<meta property=\"og:type\" content=\"article\" \/>\n<meta property=\"og:title\" content=\"Em pico de tens\u00e3o bilateral, Brasil pede que Argentina retire seu embaixador - Blog Zulene Alves\" \/>\n<meta property=\"og:description\" content=\"Executivo brasileiro tamb\u00e9m comunicou sua decis\u00e3o de reduzir &#8220;o n\u00edvel de representa\u00e7\u00e3o diplom\u00e1tica bilateral ao de Encarregados de Neg\u00f3cios&#8221; O governo argentino informou que o Brasil solicitou nesta ter\u00e7a-feira (4) o retorno do embaixador argentino a Buenos Aires, em meio \u00e0 crise diplom\u00e1tica provocada por declara\u00e7\u00f5es do presidente Javier Milei contra Luiz In\u00e1cio Lula da ... Leia mais\" \/>\n<meta property=\"og:url\" content=\"https:\/\/zulenealves.com.br\/index.php\/2026\/08\/05\/em-pico-de-tensao-bilateral-brasil-pede-que-argentina-retire-seu-embaixador\/\" \/>\n<meta property=\"og:site_name\" content=\"Blog Zulene Alves\" \/>\n<meta property=\"article:published_time\" content=\"2026-08-05T12:02:32+00:00\" \/>\n<meta property=\"og:image\" content=\"https:\/\/www.diariodepernambuco.com.br\/_midias\/jpg\/2026\/08\/05\/1200x800\/1_afp__20260803__c3tq8tb__v1__highres__comboargentinabrazildiplomacy-932806.jpg\" \/>\n<meta name=\"author\" content=\"zulenealves\" \/>\n<meta name=\"twitter:card\" content=\"summary_large_image\" \/>\n<meta name=\"twitter:label1\" content=\"Escrito por\" \/>\n\t<meta name=\"twitter:data1\" content=\"zulenealves\" \/>\n\t<meta name=\"twitter:label2\" content=\"Est. tempo de leitura\" \/>\n\t<meta name=\"twitter:data2\" content=\"3 minutos\" \/>\n<script type=\"application\/ld+json\" class=\"yoast-schema-graph\">{\"@context\":\"https:\\\/\\\/schema.org\",\"@graph\":[{\"@type\":\"Article\",\"@id\":\"https:\\\/\\\/zulenealves.com.br\\\/index.php\\\/2026\\\/08\\\/05\\\/em-pico-de-tensao-bilateral-brasil-pede-que-argentina-retire-seu-embaixador\\\/#article\",\"isPartOf\":{\"@id\":\"https:\\\/\\\/zulenealves.com.br\\\/index.php\\\/2026\\\/08\\\/05\\\/em-pico-de-tensao-bilateral-brasil-pede-que-argentina-retire-seu-embaixador\\\/\"},\"author\":{\"name\":\"zulenealves\",\"@id\":\"https:\\\/\\\/zulenealves.com.br\\\/#\\\/schema\\\/person\\\/4076c08f761164e658f6461c6b0316ef\"},\"headline\":\"Em pico de tens\u00e3o bilateral, Brasil pede que Argentina retire seu embaixador\",\"datePublished\":\"2026-08-05T12:02:32+00:00\",\"mainEntityOfPage\":{\"@id\":\"https:\\\/\\\/zulenealves.com.br\\\/index.php\\\/2026\\\/08\\\/05\\\/em-pico-de-tensao-bilateral-brasil-pede-que-argentina-retire-seu-embaixador\\\/\"},\"wordCount\":585,\"image\":{\"@id\":\"https:\\\/\\\/zulenealves.com.br\\\/index.php\\\/2026\\\/08\\\/05\\\/em-pico-de-tensao-bilateral-brasil-pede-que-argentina-retire-seu-embaixador\\\/#primaryimage\"},\"thumbnailUrl\":\"https:\\\/\\\/www.diariodepernambuco.com.br\\\/_midias\\\/jpg\\\/2026\\\/08\\\/05\\\/1200x800\\\/1_afp__20260803__c3tq8tb__v1__highres__comboargentinabrazildiplomacy-932806.jpg\",\"articleSection\":[\"Not\u00edcia\"],\"inLanguage\":\"pt-BR\"},{\"@type\":\"WebPage\",\"@id\":\"https:\\\/\\\/zulenealves.com.br\\\/index.php\\\/2026\\\/08\\\/05\\\/em-pico-de-tensao-bilateral-brasil-pede-que-argentina-retire-seu-embaixador\\\/\",\"url\":\"https:\\\/\\\/zulenealves.com.br\\\/index.php\\\/2026\\\/08\\\/05\\\/em-pico-de-tensao-bilateral-brasil-pede-que-argentina-retire-seu-embaixador\\\/\",\"name\":\"Em pico de tens\u00e3o bilateral, Brasil pede que Argentina retire seu embaixador - Blog Zulene Alves\",\"isPartOf\":{\"@id\":\"https:\\\/\\\/zulenealves.com.br\\\/#website\"},\"primaryImageOfPage\":{\"@id\":\"https:\\\/\\\/zulenealves.com.br\\\/index.php\\\/2026\\\/08\\\/05\\\/em-pico-de-tensao-bilateral-brasil-pede-que-argentina-retire-seu-embaixador\\\/#primaryimage\"},\"image\":{\"@id\":\"https:\\\/\\\/zulenealves.com.br\\\/index.php\\\/2026\\\/08\\\/05\\\/em-pico-de-tensao-bilateral-brasil-pede-que-argentina-retire-seu-embaixador\\\/#primaryimage\"},\"thumbnailUrl\":\"https:\\\/\\\/www.diariodepernambuco.com.br\\\/_midias\\\/jpg\\\/2026\\\/08\\\/05\\\/1200x800\\\/1_afp__20260803__c3tq8tb__v1__highres__comboargentinabrazildiplomacy-932806.jpg\",\"datePublished\":\"2026-08-05T12:02:32+00:00\",\"author\":{\"@id\":\"https:\\\/\\\/zulenealves.com.br\\\/#\\\/schema\\\/person\\\/4076c08f761164e658f6461c6b0316ef\"},\"breadcrumb\":{\"@id\":\"https:\\\/\\\/zulenealves.com.br\\\/index.php\\\/2026\\\/08\\\/05\\\/em-pico-de-tensao-bilateral-brasil-pede-que-argentina-retire-seu-embaixador\\\/#breadcrumb\"},\"inLanguage\":\"pt-BR\",\"potentialAction\":[{\"@type\":\"ReadAction\",\"target\":[\"https:\\\/\\\/zulenealves.com.br\\\/index.php\\\/2026\\\/08\\\/05\\\/em-pico-de-tensao-bilateral-brasil-pede-que-argentina-retire-seu-embaixador\\\/\"]}]},{\"@type\":\"ImageObject\",\"inLanguage\":\"pt-BR\",\"@id\":\"https:\\\/\\\/zulenealves.com.br\\\/index.php\\\/2026\\\/08\\\/05\\\/em-pico-de-tensao-bilateral-brasil-pede-que-argentina-retire-seu-embaixador\\\/#primaryimage\",\"url\":\"https:\\\/\\\/www.diariodepernambuco.com.br\\\/_midias\\\/jpg\\\/2026\\\/08\\\/05\\\/1200x800\\\/1_afp__20260803__c3tq8tb__v1__highres__comboargentinabrazildiplomacy-932806.jpg\",\"contentUrl\":\"https:\\\/\\\/www.diariodepernambuco.com.br\\\/_midias\\\/jpg\\\/2026\\\/08\\\/05\\\/1200x800\\\/1_afp__20260803__c3tq8tb__v1__highres__comboargentinabrazildiplomacy-932806.jpg\"},{\"@type\":\"BreadcrumbList\",\"@id\":\"https:\\\/\\\/zulenealves.com.br\\\/index.php\\\/2026\\\/08\\\/05\\\/em-pico-de-tensao-bilateral-brasil-pede-que-argentina-retire-seu-embaixador\\\/#breadcrumb\",\"itemListElement\":[{\"@type\":\"ListItem\",\"position\":1,\"name\":\"In\u00edcio\",\"item\":\"https:\\\/\\\/zulenealves.com.br\\\/\"},{\"@type\":\"ListItem\",\"position\":2,\"name\":\"Em pico de tens\u00e3o bilateral, Brasil pede que Argentina retire seu embaixador\"}]},{\"@type\":\"WebSite\",\"@id\":\"https:\\\/\\\/zulenealves.com.br\\\/#website\",\"url\":\"https:\\\/\\\/zulenealves.com.br\\\/\",\"name\":\"Blog Zulene Alves\",\"description\":\"\",\"potentialAction\":[{\"@type\":\"SearchAction\",\"target\":{\"@type\":\"EntryPoint\",\"urlTemplate\":\"https:\\\/\\\/zulenealves.com.br\\\/?s={search_term_string}\"},\"query-input\":{\"@type\":\"PropertyValueSpecification\",\"valueRequired\":true,\"valueName\":\"search_term_string\"}}],\"inLanguage\":\"pt-BR\"},{\"@type\":\"Person\",\"@id\":\"https:\\\/\\\/zulenealves.com.br\\\/#\\\/schema\\\/person\\\/4076c08f761164e658f6461c6b0316ef\",\"name\":\"zulenealves\",\"image\":{\"@type\":\"ImageObject\",\"inLanguage\":\"pt-BR\",\"@id\":\"https:\\\/\\\/secure.gravatar.com\\\/avatar\\\/0c6cfdd7fa501763e4ab9715fb2b12c342c6a1ace0a16a25d743cdfbb340b122?s=96&d=mm&r=g\",\"url\":\"https:\\\/\\\/secure.gravatar.com\\\/avatar\\\/0c6cfdd7fa501763e4ab9715fb2b12c342c6a1ace0a16a25d743cdfbb340b122?s=96&d=mm&r=g\",\"contentUrl\":\"https:\\\/\\\/secure.gravatar.com\\\/avatar\\\/0c6cfdd7fa501763e4ab9715fb2b12c342c6a1ace0a16a25d743cdfbb340b122?s=96&d=mm&r=g\",\"caption\":\"zulenealves\"},\"sameAs\":[\"https:\\\/\\\/zulenealves.com.br\"],\"url\":\"https:\\\/\\\/zulenealves.com.br\\\/index.php\\\/author\\\/zulenealves\\\/\"}]}<\/script>\n<!-- \/ Yoast SEO plugin. -->","yoast_head_json":{"title":"Em pico de tens\u00e3o bilateral, Brasil pede que Argentina retire seu embaixador - Blog Zulene Alves","robots":{"index":"index","follow":"follow","max-snippet":"max-snippet:-1","max-image-preview":"max-image-preview:large","max-video-preview":"max-video-preview:-1"},"canonical":"https:\/\/zulenealves.com.br\/index.php\/2026\/08\/05\/em-pico-de-tensao-bilateral-brasil-pede-que-argentina-retire-seu-embaixador\/","og_locale":"pt_BR","og_type":"article","og_title":"Em pico de tens\u00e3o bilateral, Brasil pede que Argentina retire seu embaixador - Blog Zulene Alves","og_description":"Executivo brasileiro tamb\u00e9m comunicou sua decis\u00e3o de reduzir &#8220;o n\u00edvel de representa\u00e7\u00e3o diplom\u00e1tica bilateral ao de Encarregados de Neg\u00f3cios&#8221; O governo argentino informou que o Brasil solicitou nesta ter\u00e7a-feira (4) o retorno do embaixador argentino a Buenos Aires, em meio \u00e0 crise diplom\u00e1tica provocada por declara\u00e7\u00f5es do presidente Javier Milei contra Luiz In\u00e1cio Lula da ... Leia mais","og_url":"https:\/\/zulenealves.com.br\/index.php\/2026\/08\/05\/em-pico-de-tensao-bilateral-brasil-pede-que-argentina-retire-seu-embaixador\/","og_site_name":"Blog Zulene Alves","article_published_time":"2026-08-05T12:02:32+00:00","og_image":[{"url":"https:\/\/www.diariodepernambuco.com.br\/_midias\/jpg\/2026\/08\/05\/1200x800\/1_afp__20260803__c3tq8tb__v1__highres__comboargentinabrazildiplomacy-932806.jpg","type":"","width":"","height":""}],"author":"zulenealves","twitter_card":"summary_large_image","twitter_misc":{"Escrito por":"zulenealves","Est. tempo de leitura":"3 minutos"},"schema":{"@context":"https:\/\/schema.org","@graph":[{"@type":"Article","@id":"https:\/\/zulenealves.com.br\/index.php\/2026\/08\/05\/em-pico-de-tensao-bilateral-brasil-pede-que-argentina-retire-seu-embaixador\/#article","isPartOf":{"@id":"https:\/\/zulenealves.com.br\/index.php\/2026\/08\/05\/em-pico-de-tensao-bilateral-brasil-pede-que-argentina-retire-seu-embaixador\/"},"author":{"name":"zulenealves","@id":"https:\/\/zulenealves.com.br\/#\/schema\/person\/4076c08f761164e658f6461c6b0316ef"},"headline":"Em pico de tens\u00e3o bilateral, Brasil pede que Argentina retire seu embaixador","datePublished":"2026-08-05T12:02:32+00:00","mainEntityOfPage":{"@id":"https:\/\/zulenealves.com.br\/index.php\/2026\/08\/05\/em-pico-de-tensao-bilateral-brasil-pede-que-argentina-retire-seu-embaixador\/"},"wordCount":585,"image":{"@id":"https:\/\/zulenealves.com.br\/index.php\/2026\/08\/05\/em-pico-de-tensao-bilateral-brasil-pede-que-argentina-retire-seu-embaixador\/#primaryimage"},"thumbnailUrl":"https:\/\/www.diariodepernambuco.com.br\/_midias\/jpg\/2026\/08\/05\/1200x800\/1_afp__20260803__c3tq8tb__v1__highres__comboargentinabrazildiplomacy-932806.jpg","articleSection":["Not\u00edcia"],"inLanguage":"pt-BR"},{"@type":"WebPage","@id":"https:\/\/zulenealves.com.br\/index.php\/2026\/08\/05\/em-pico-de-tensao-bilateral-brasil-pede-que-argentina-retire-seu-embaixador\/","url":"https:\/\/zulenealves.com.br\/index.php\/2026\/08\/05\/em-pico-de-tensao-bilateral-brasil-pede-que-argentina-retire-seu-embaixador\/","name":"Em pico de tens\u00e3o bilateral, Brasil pede que Argentina retire seu embaixador - Blog Zulene Alves","isPartOf":{"@id":"https:\/\/zulenealves.com.br\/#website"},"primaryImageOfPage":{"@id":"https:\/\/zulenealves.com.br\/index.php\/2026\/08\/05\/em-pico-de-tensao-bilateral-brasil-pede-que-argentina-retire-seu-embaixador\/#primaryimage"},"image":{"@id":"https:\/\/zulenealves.com.br\/index.php\/2026\/08\/05\/em-pico-de-tensao-bilateral-brasil-pede-que-argentina-retire-seu-embaixador\/#primaryimage"},"thumbnailUrl":"https:\/\/www.diariodepernambuco.com.br\/_midias\/jpg\/2026\/08\/05\/1200x800\/1_afp__20260803__c3tq8tb__v1__highres__comboargentinabrazildiplomacy-932806.jpg","datePublished":"2026-08-05T12:02:32+00:00","author":{"@id":"https:\/\/zulenealves.com.br\/#\/schema\/person\/4076c08f761164e658f6461c6b0316ef"},"breadcrumb":{"@id":"https:\/\/zulenealves.com.br\/index.php\/2026\/08\/05\/em-pico-de-tensao-bilateral-brasil-pede-que-argentina-retire-seu-embaixador\/#breadcrumb"},"inLanguage":"pt-BR","potentialAction":[{"@type":"ReadAction","target":["https:\/\/zulenealves.com.br\/index.php\/2026\/08\/05\/em-pico-de-tensao-bilateral-brasil-pede-que-argentina-retire-seu-embaixador\/"]}]},{"@type":"ImageObject","inLanguage":"pt-BR","@id":"https:\/\/zulenealves.com.br\/index.php\/2026\/08\/05\/em-pico-de-tensao-bilateral-brasil-pede-que-argentina-retire-seu-embaixador\/#primaryimage","url":"https:\/\/www.diariodepernambuco.com.br\/_midias\/jpg\/2026\/08\/05\/1200x800\/1_afp__20260803__c3tq8tb__v1__highres__comboargentinabrazildiplomacy-932806.jpg","contentUrl":"https:\/\/www.diariodepernambuco.com.br\/_midias\/jpg\/2026\/08\/05\/1200x800\/1_afp__20260803__c3tq8tb__v1__highres__comboargentinabrazildiplomacy-932806.jpg"},{"@type":"BreadcrumbList","@id":"https:\/\/zulenealves.com.br\/index.php\/2026\/08\/05\/em-pico-de-tensao-bilateral-brasil-pede-que-argentina-retire-seu-embaixador\/#breadcrumb","itemListElement":[{"@type":"ListItem","position":1,"name":"In\u00edcio","item":"https:\/\/zulenealves.com.br\/"},{"@type":"ListItem","position":2,"name":"Em pico de tens\u00e3o bilateral, Brasil pede que Argentina retire seu embaixador"}]},{"@type":"WebSite","@id":"https:\/\/zulenealves.com.br\/#website","url":"https:\/\/zulenealves.com.br\/","name":"Blog Zulene Alves","description":"","potentialAction":[{"@type":"SearchAction","target":{"@type":"EntryPoint","urlTemplate":"https:\/\/zulenealves.com.br\/?s={search_term_string}"},"query-input":{"@type":"PropertyValueSpecification","valueRequired":true,"valueName":"search_term_string"}}],"inLanguage":"pt-BR"},{"@type":"Person","@id":"https:\/\/zulenealves.com.br\/#\/schema\/person\/4076c08f761164e658f6461c6b0316ef","name":"zulenealves","image":{"@type":"ImageObject","inLanguage":"pt-BR","@id":"https:\/\/secure.gravatar.com\/avatar\/0c6cfdd7fa501763e4ab9715fb2b12c342c6a1ace0a16a25d743cdfbb340b122?s=96&d=mm&r=g","url":"https:\/\/secure.gravatar.com\/avatar\/0c6cfdd7fa501763e4ab9715fb2b12c342c6a1ace0a16a25d743cdfbb340b122?s=96&d=mm&r=g","contentUrl":"https:\/\/secure.gravatar.com\/avatar\/0c6cfdd7fa501763e4ab9715fb2b12c342c6a1ace0a16a25d743cdfbb340b122?s=96&d=mm&r=g","caption":"zulenealves"},"sameAs":["https:\/\/zulenealves.com.br"],"url":"https:\/\/zulenealves.com.br\/index.php\/author\/zulenealves\/"}]}},"_links":{"self":[{"href":"https:\/\/zulenealves.com.br\/index.php\/wp-json\/wp\/v2\/posts\/50757","targetHints":{"allow":["GET"]}}],"collection":[{"href":"https:\/\/zulenealves.com.br\/index.php\/wp-json\/wp\/v2\/posts"}],"about":[{"href":"https:\/\/zulenealves.com.br\/index.php\/wp-json\/wp\/v2\/types\/post"}],"author":[{"embeddable":true,"href":"https:\/\/zulenealves.com.br\/index.php\/wp-json\/wp\/v2\/users\/1"}],"replies":[{"embeddable":true,"href":"https:\/\/zulenealves.com.br\/index.php\/wp-json\/wp\/v2\/comments?post=50757"}],"version-history":[{"count":1,"href":"https:\/\/zulenealves.com.br\/index.php\/wp-json\/wp\/v2\/posts\/50757\/revisions"}],"predecessor-version":[{"id":50758,"href":"https:\/\/zulenealves.com.br\/index.php\/wp-json\/wp\/v2\/posts\/50757\/revisions\/50758"}],"wp:attachment":[{"href":"https:\/\/zulenealves.com.br\/index.php\/wp-json\/wp\/v2\/media?parent=50757"}],"wp:term":[{"taxonomy":"category","embeddable":true,"href":"https:\/\/zulenealves.com.br\/index.php\/wp-json\/wp\/v2\/categories?post=50757"},{"taxonomy":"post_tag","embeddable":true,"href":"https:\/\/zulenealves.com.br\/index.php\/wp-json\/wp\/v2\/tags?post=50757"}],"curies":[{"name":"wp","href":"https:\/\/api.w.org\/{rel}","templated":true}]}}