{"id":50787,"date":"2026-08-06T13:13:47","date_gmt":"2026-08-06T16:13:47","guid":{"rendered":"https:\/\/zulenealves.com.br\/?p=50787"},"modified":"2026-08-06T13:13:47","modified_gmt":"2026-08-06T16:13:47","slug":"mais-de-830-mil-celulares-foram-subtraidos-em-2025-aponta-relatorio","status":"publish","type":"post","link":"https:\/\/zulenealves.com.br\/index.php\/2026\/08\/06\/mais-de-830-mil-celulares-foram-subtraidos-em-2025-aponta-relatorio\/","title":{"rendered":"Mais de 830 mil celulares foram subtra\u00eddos em 2025, aponta relat\u00f3rio"},"content":{"rendered":"<figure style=\"width: 605px\" class=\"wp-caption aligncenter\"><img fetchpriority=\"high\" decoding=\"async\" class=\"image w-full h-auto type:primaryImage\" title=\"Celular (T\u00e2nia R\u00eago\/Ag\u00eancia Brasil)\" src=\"https:\/\/www.diariodepernambuco.com.br\/_midias\/jpg\/2026\/08\/06\/celular-933516.jpeg\" alt=\"Celular\/T\u00e2nia R\u00eago\/Ag\u00eancia Brasil\" width=\"615\" height=\"368\" data-src=\"https:\/\/www.diariodepernambuco.com.br\/_midias\/jpg\/2026\/08\/06\/celular-933516.jpeg\" \/><figcaption class=\"wp-caption-text\">Celular (T\u00e2nia R\u00eago\/Ag\u00eancia Brasil)<\/figcaption><\/figure>\n<p style=\"text-align: justify;\"><em><strong>Roubos recuaram 18,6%; enquanto os furtos aumentaram 0,9%<\/strong> <\/em><\/p>\n<p class=\"texto\" style=\"text-align: justify;\">O <strong>Brasil<\/strong> registrou 830.890 <strong>roubos<\/strong> ou <strong>furtos<\/strong> de <strong>celulares<\/strong> em 2025 \u2013 9% menos que as 909.753 subtra\u00e7\u00f5es de aparelhos registradas em 2024.<\/p>\n<p class=\"texto\" style=\"text-align: justify;\">De acordo com o 20\u00b0 Anu\u00e1rio Brasileiro de Seguran\u00e7a P\u00fablica, os roubos recuaram 18,6% (de 377.787 para 308.723), enquanto os furtos cresceram 0,9% (de 477.326 para 483.561).<\/p>\n<p class=\"texto\" style=\"text-align: justify;\">Na maioria as vezes, o furto acontece sem que a v\u00edtima perceba imediatamente, sobretudo em locais movimentados e no transporte p\u00fablico. Essa modalidade j\u00e1 responde por 61% das ocorr\u00eancias de subtra\u00e7\u00e3o de celulares. O avan\u00e7o de 0,9% em um ano, elevou a m\u00e9dia para aproximadamente 1.325 registros por dia em 2025.<\/p>\n<p class=\"texto\" style=\"text-align: justify;\">O aparelho celular \u00e9 considerado o principal meio de comunica\u00e7\u00e3o do brasileiro \u2013 com aplicativos de bancos, pagamentos via pix, agenda de contatos, calend\u00e1rio de eventos e tantas outros aplicativos e funcionalidades. Por isso, quando um aparelho \u00e9 furtado ou roubado, isso impacta o or\u00e7amento da v\u00edtima.<\/p>\n<p class=\"texto\" style=\"text-align: justify;\">Esse impacto consta na pesquisa Expans\u00e3o de Seguros Inclusivos em Comunidades Perif\u00e9ricas, realizada pela Confedera\u00e7\u00e3o Nacional das Seguradoras (CNseg) e pelo Instituto Locomotiva.<\/p>\n<p class=\"texto\" style=\"text-align: justify;\">Entre os entrevistados, 60% disseram j\u00e1 ter o celular levado ou conviver com algu\u00e9m que passou por essa situa\u00e7\u00e3o sem conseguir comprar outro imediatamente. Ao mesmo tempo, 53% das fam\u00edlias n\u00e3o cobrem todas as despesas b\u00e1sicas do m\u00eas, 36% pagam as contas sem nenhuma sobra e apenas 11% terminam o m\u00eas com algum recurso dispon\u00edvel.<\/p>\n<p class=\"texto\" style=\"text-align: justify;\">Nesse cen\u00e1rio, a reposi\u00e7\u00e3o inesperada de outro aparelho pode exigir endividamento ou o uso de recursos destinados a alimenta\u00e7\u00e3o, transporte e moradia.<\/p>\n<p class=\"texto\" style=\"text-align: justify;\">Para quem depende do telefone para receber pedidos, atender clientes, fazer pagamentos ou acessar plataformas digitais, o preju\u00edzo inclui tamb\u00e9m dias ou semanas de renda comprometida.<!--more--><\/p>\n<p class=\"texto\" style=\"text-align: justify;\">O equipamento f\u00edsico \u00e9 apenas parte do interesse dos criminosos. Aplicativos banc\u00e1rios, carteiras digitais, documentos e dados pessoais podem ser usados para transfer\u00eancias, empr\u00e9stimos, invas\u00e3o de redes sociais e golpes contra contatos da v\u00edtima.<\/p>\n<p class=\"texto\" style=\"text-align: justify;\">Pesquisa do F\u00f3rum Brasileiro de Seguran\u00e7a P\u00fablica e do Datafolha, realizada em mar\u00e7o de 2026, mostrou que 78,8% da popula\u00e7\u00e3o teme ter o celular roubado ou furtado; o receio de golpes pela internet ou pelo telefone chega a 83,2%.<\/p>\n<p class=\"texto\" style=\"text-align: justify;\">A resposta, portanto, exige duas frentes: bloquear o aparelho, a linha, as contas banc\u00e1rias e os acessos vinculados ao dispositivo; e lidar com o custo de reposi\u00e7\u00e3o e a eventual interrup\u00e7\u00e3o das atividades que dependem dele.<\/p>\n<p class=\"texto\" style=\"text-align: justify;\">Para o presidente da Comiss\u00e3o de Seguros Gerais Afinidades da Federa\u00e7\u00e3o Nacional de Seguros Gerais (FenSeg), Sidemar Sprincigo, a amplia\u00e7\u00e3o do risco exige uma vis\u00e3o integrada.<\/p>\n<p class=\"texto\" style=\"text-align: justify;\">\u201cQuando o celular \u00e9 levado, o preju\u00edzo pode ir muito al\u00e9m do valor do equipamento. O seguro para celular e o seguro contra golpes banc\u00e1rios, conhecido como seguro Pix, oferecem camadas complementares de prote\u00e7\u00e3o: o primeiro pode amparar a reposi\u00e7\u00e3o do aparelho; o segundo, preju\u00edzos decorrentes do uso fraudulento de aplicativos banc\u00e1rios ou de transfer\u00eancias sob coa\u00e7\u00e3o, sempre nas situa\u00e7\u00f5es previstas na ap\u00f3lice\u201d, afirma.<\/p>\n<p class=\"texto\" style=\"text-align: justify;\">No seguro celular, a cobertura pode incluir roubo, furto qualificado e danos acidentais, conforme a contrata\u00e7\u00e3o. J\u00e1 o chamado seguro Pix pode prever transfer\u00eancias sob coa\u00e7\u00e3o, como em situa\u00e7\u00f5es de amea\u00e7a, roubo ou sequestro, al\u00e9m de modalidades espec\u00edficas de fraude eletr\u00f4nica. A prote\u00e7\u00e3o n\u00e3o \u00e9 autom\u00e1tica para todo tipo de golpe ou transfer\u00eancia volunt\u00e1ria: eventos cobertos, limites e exclus\u00f5es variam entre as ap\u00f3lices.<\/p>\n<p class=\"texto\" style=\"text-align: justify;\"><strong>Cuidados<\/strong><\/p>\n<p class=\"texto\" style=\"text-align: justify;\">Antes de contratar, o consumidor deve comparar pr\u00eamio, franquia, crit\u00e9rios de indeniza\u00e7\u00e3o, eventual deprecia\u00e7\u00e3o do aparelho, documentos exigidos e exclus\u00f5es.<\/p>\n<p class=\"texto\" style=\"text-align: justify;\">Furto simples e furto qualificado, por exemplo, podem receber tratamentos diferentes. Tamb\u00e9m \u00e9 importante considerar o valor e o tempo de uso do celular e se ele \u00e9 indispens\u00e1vel ao trabalho ou ao estudo.<\/p>\n<p class=\"texto\" style=\"text-align: justify;\">O seguro n\u00e3o impede o crime nem substitui os cuidados de seguran\u00e7a digital, mas pode reduzir o impacto de uma perda repentina e evitar que o consumidor tenha de absorver sozinho um preju\u00edzo capaz de desorganizar o or\u00e7amento familiar.<\/p>\n<p><a class=\"hover:underline\" title=\"Mais de Ag\u00eancia Brasil\" href=\"https:\/\/www.diariodepernambuco.com.br\/autor\/agencia-brasil\/\">Ag\u00eancia Brasil<\/a><\/p>\n<div class=\"gsp_post_data\" \r\n\t            data-post_type=\"post\" \r\n\t            data-cat=\"brasil\" \r\n\t            data-modified=\"120\"\r\n\t            data-created=\"1786022027\"\r\n\t            data-title=\"Mais de 830 mil celulares foram subtra\u00eddos em 2025, aponta relat\u00f3rio\" \r\n\t            data-home=\"https:\/\/zulenealves.com.br\"><\/div>","protected":false},"excerpt":{"rendered":"<p>Roubos recuaram 18,6%; enquanto os furtos aumentaram 0,9% O Brasil registrou 830.890 roubos ou furtos de celulares em 2025 \u2013 9% menos que as 909.753 subtra\u00e7\u00f5es de aparelhos registradas em 2024. De acordo com o 20\u00b0 Anu\u00e1rio Brasileiro de Seguran\u00e7a P\u00fablica, os roubos recuaram 18,6% (de 377.787 para 308.723), enquanto os furtos cresceram 0,9% (de &#8230; <\/p>\n<p class=\"read-more-container\"><a title=\"Mais de 830 mil celulares foram subtra\u00eddos em 2025, aponta relat\u00f3rio\" class=\"read-more button\" href=\"https:\/\/zulenealves.com.br\/index.php\/2026\/08\/06\/mais-de-830-mil-celulares-foram-subtraidos-em-2025-aponta-relatorio\/#more-50787\" aria-label=\"More on Mais de 830 mil celulares foram subtra\u00eddos em 2025, aponta relat\u00f3rio\">Leia mais<\/a><\/p>\n","protected":false},"author":1,"featured_media":0,"comment_status":"closed","ping_status":"closed","sticky":false,"template":"","format":"standard","meta":{"footnotes":""},"categories":[16],"tags":[],"class_list":["post-50787","post","type-post","status-publish","format-standard","hentry","category-brasil"],"yoast_head":"<!-- This site is optimized with the Yoast SEO plugin v28.4 - https:\/\/yoast.com\/product\/yoast-seo-wordpress\/ -->\n<title>Mais de 830 mil celulares foram subtra\u00eddos em 2025, aponta relat\u00f3rio - Blog Zulene Alves<\/title>\n<meta name=\"robots\" content=\"index, follow, max-snippet:-1, max-image-preview:large, max-video-preview:-1\" \/>\n<link rel=\"canonical\" href=\"https:\/\/zulenealves.com.br\/index.php\/2026\/08\/06\/mais-de-830-mil-celulares-foram-subtraidos-em-2025-aponta-relatorio\/\" \/>\n<meta property=\"og:locale\" content=\"pt_BR\" \/>\n<meta property=\"og:type\" content=\"article\" \/>\n<meta property=\"og:title\" content=\"Mais de 830 mil celulares foram subtra\u00eddos em 2025, aponta relat\u00f3rio - Blog Zulene Alves\" \/>\n<meta property=\"og:description\" content=\"Roubos recuaram 18,6%; enquanto os furtos aumentaram 0,9% O Brasil registrou 830.890 roubos ou furtos de celulares em 2025 \u2013 9% menos que as 909.753 subtra\u00e7\u00f5es de aparelhos registradas em 2024. De acordo com o 20\u00b0 Anu\u00e1rio Brasileiro de Seguran\u00e7a P\u00fablica, os roubos recuaram 18,6% (de 377.787 para 308.723), enquanto os furtos cresceram 0,9% (de ... Leia mais\" \/>\n<meta property=\"og:url\" content=\"https:\/\/zulenealves.com.br\/index.php\/2026\/08\/06\/mais-de-830-mil-celulares-foram-subtraidos-em-2025-aponta-relatorio\/\" \/>\n<meta property=\"og:site_name\" content=\"Blog Zulene Alves\" \/>\n<meta property=\"article:published_time\" content=\"2026-08-06T16:13:47+00:00\" \/>\n<meta property=\"og:image\" content=\"https:\/\/www.diariodepernambuco.com.br\/_midias\/jpg\/2026\/08\/06\/celular-933516.jpeg\" \/>\n<meta name=\"author\" content=\"zulenealves\" \/>\n<meta name=\"twitter:card\" content=\"summary_large_image\" \/>\n<meta name=\"twitter:label1\" content=\"Escrito por\" \/>\n\t<meta name=\"twitter:data1\" content=\"zulenealves\" \/>\n\t<meta name=\"twitter:label2\" content=\"Est. tempo de leitura\" \/>\n\t<meta name=\"twitter:data2\" content=\"4 minutos\" \/>\n<script type=\"application\/ld+json\" class=\"yoast-schema-graph\">{\"@context\":\"https:\\\/\\\/schema.org\",\"@graph\":[{\"@type\":\"Article\",\"@id\":\"https:\\\/\\\/zulenealves.com.br\\\/index.php\\\/2026\\\/08\\\/06\\\/mais-de-830-mil-celulares-foram-subtraidos-em-2025-aponta-relatorio\\\/#article\",\"isPartOf\":{\"@id\":\"https:\\\/\\\/zulenealves.com.br\\\/index.php\\\/2026\\\/08\\\/06\\\/mais-de-830-mil-celulares-foram-subtraidos-em-2025-aponta-relatorio\\\/\"},\"author\":{\"name\":\"zulenealves\",\"@id\":\"https:\\\/\\\/zulenealves.com.br\\\/#\\\/schema\\\/person\\\/4076c08f761164e658f6461c6b0316ef\"},\"headline\":\"Mais de 830 mil celulares foram subtra\u00eddos em 2025, aponta relat\u00f3rio\",\"datePublished\":\"2026-08-06T16:13:47+00:00\",\"mainEntityOfPage\":{\"@id\":\"https:\\\/\\\/zulenealves.com.br\\\/index.php\\\/2026\\\/08\\\/06\\\/mais-de-830-mil-celulares-foram-subtraidos-em-2025-aponta-relatorio\\\/\"},\"wordCount\":717,\"image\":{\"@id\":\"https:\\\/\\\/zulenealves.com.br\\\/index.php\\\/2026\\\/08\\\/06\\\/mais-de-830-mil-celulares-foram-subtraidos-em-2025-aponta-relatorio\\\/#primaryimage\"},\"thumbnailUrl\":\"https:\\\/\\\/www.diariodepernambuco.com.br\\\/_midias\\\/jpg\\\/2026\\\/08\\\/06\\\/celular-933516.jpeg\",\"articleSection\":[\"Brasil\"],\"inLanguage\":\"pt-BR\"},{\"@type\":\"WebPage\",\"@id\":\"https:\\\/\\\/zulenealves.com.br\\\/index.php\\\/2026\\\/08\\\/06\\\/mais-de-830-mil-celulares-foram-subtraidos-em-2025-aponta-relatorio\\\/\",\"url\":\"https:\\\/\\\/zulenealves.com.br\\\/index.php\\\/2026\\\/08\\\/06\\\/mais-de-830-mil-celulares-foram-subtraidos-em-2025-aponta-relatorio\\\/\",\"name\":\"Mais de 830 mil celulares foram subtra\u00eddos em 2025, aponta relat\u00f3rio - Blog Zulene Alves\",\"isPartOf\":{\"@id\":\"https:\\\/\\\/zulenealves.com.br\\\/#website\"},\"primaryImageOfPage\":{\"@id\":\"https:\\\/\\\/zulenealves.com.br\\\/index.php\\\/2026\\\/08\\\/06\\\/mais-de-830-mil-celulares-foram-subtraidos-em-2025-aponta-relatorio\\\/#primaryimage\"},\"image\":{\"@id\":\"https:\\\/\\\/zulenealves.com.br\\\/index.php\\\/2026\\\/08\\\/06\\\/mais-de-830-mil-celulares-foram-subtraidos-em-2025-aponta-relatorio\\\/#primaryimage\"},\"thumbnailUrl\":\"https:\\\/\\\/www.diariodepernambuco.com.br\\\/_midias\\\/jpg\\\/2026\\\/08\\\/06\\\/celular-933516.jpeg\",\"datePublished\":\"2026-08-06T16:13:47+00:00\",\"author\":{\"@id\":\"https:\\\/\\\/zulenealves.com.br\\\/#\\\/schema\\\/person\\\/4076c08f761164e658f6461c6b0316ef\"},\"breadcrumb\":{\"@id\":\"https:\\\/\\\/zulenealves.com.br\\\/index.php\\\/2026\\\/08\\\/06\\\/mais-de-830-mil-celulares-foram-subtraidos-em-2025-aponta-relatorio\\\/#breadcrumb\"},\"inLanguage\":\"pt-BR\",\"potentialAction\":[{\"@type\":\"ReadAction\",\"target\":[\"https:\\\/\\\/zulenealves.com.br\\\/index.php\\\/2026\\\/08\\\/06\\\/mais-de-830-mil-celulares-foram-subtraidos-em-2025-aponta-relatorio\\\/\"]}]},{\"@type\":\"ImageObject\",\"inLanguage\":\"pt-BR\",\"@id\":\"https:\\\/\\\/zulenealves.com.br\\\/index.php\\\/2026\\\/08\\\/06\\\/mais-de-830-mil-celulares-foram-subtraidos-em-2025-aponta-relatorio\\\/#primaryimage\",\"url\":\"https:\\\/\\\/www.diariodepernambuco.com.br\\\/_midias\\\/jpg\\\/2026\\\/08\\\/06\\\/celular-933516.jpeg\",\"contentUrl\":\"https:\\\/\\\/www.diariodepernambuco.com.br\\\/_midias\\\/jpg\\\/2026\\\/08\\\/06\\\/celular-933516.jpeg\"},{\"@type\":\"BreadcrumbList\",\"@id\":\"https:\\\/\\\/zulenealves.com.br\\\/index.php\\\/2026\\\/08\\\/06\\\/mais-de-830-mil-celulares-foram-subtraidos-em-2025-aponta-relatorio\\\/#breadcrumb\",\"itemListElement\":[{\"@type\":\"ListItem\",\"position\":1,\"name\":\"In\u00edcio\",\"item\":\"https:\\\/\\\/zulenealves.com.br\\\/\"},{\"@type\":\"ListItem\",\"position\":2,\"name\":\"Mais de 830 mil celulares foram subtra\u00eddos em 2025, aponta relat\u00f3rio\"}]},{\"@type\":\"WebSite\",\"@id\":\"https:\\\/\\\/zulenealves.com.br\\\/#website\",\"url\":\"https:\\\/\\\/zulenealves.com.br\\\/\",\"name\":\"Blog Zulene Alves\",\"description\":\"\",\"potentialAction\":[{\"@type\":\"SearchAction\",\"target\":{\"@type\":\"EntryPoint\",\"urlTemplate\":\"https:\\\/\\\/zulenealves.com.br\\\/?s={search_term_string}\"},\"query-input\":{\"@type\":\"PropertyValueSpecification\",\"valueRequired\":true,\"valueName\":\"search_term_string\"}}],\"inLanguage\":\"pt-BR\"},{\"@type\":\"Person\",\"@id\":\"https:\\\/\\\/zulenealves.com.br\\\/#\\\/schema\\\/person\\\/4076c08f761164e658f6461c6b0316ef\",\"name\":\"zulenealves\",\"image\":{\"@type\":\"ImageObject\",\"inLanguage\":\"pt-BR\",\"@id\":\"https:\\\/\\\/secure.gravatar.com\\\/avatar\\\/0c6cfdd7fa501763e4ab9715fb2b12c342c6a1ace0a16a25d743cdfbb340b122?s=96&d=mm&r=g\",\"url\":\"https:\\\/\\\/secure.gravatar.com\\\/avatar\\\/0c6cfdd7fa501763e4ab9715fb2b12c342c6a1ace0a16a25d743cdfbb340b122?s=96&d=mm&r=g\",\"contentUrl\":\"https:\\\/\\\/secure.gravatar.com\\\/avatar\\\/0c6cfdd7fa501763e4ab9715fb2b12c342c6a1ace0a16a25d743cdfbb340b122?s=96&d=mm&r=g\",\"caption\":\"zulenealves\"},\"sameAs\":[\"https:\\\/\\\/zulenealves.com.br\"],\"url\":\"https:\\\/\\\/zulenealves.com.br\\\/index.php\\\/author\\\/zulenealves\\\/\"}]}<\/script>\n<!-- \/ Yoast SEO plugin. -->","yoast_head_json":{"title":"Mais de 830 mil celulares foram subtra\u00eddos em 2025, aponta relat\u00f3rio - Blog Zulene Alves","robots":{"index":"index","follow":"follow","max-snippet":"max-snippet:-1","max-image-preview":"max-image-preview:large","max-video-preview":"max-video-preview:-1"},"canonical":"https:\/\/zulenealves.com.br\/index.php\/2026\/08\/06\/mais-de-830-mil-celulares-foram-subtraidos-em-2025-aponta-relatorio\/","og_locale":"pt_BR","og_type":"article","og_title":"Mais de 830 mil celulares foram subtra\u00eddos em 2025, aponta relat\u00f3rio - Blog Zulene Alves","og_description":"Roubos recuaram 18,6%; enquanto os furtos aumentaram 0,9% O Brasil registrou 830.890 roubos ou furtos de celulares em 2025 \u2013 9% menos que as 909.753 subtra\u00e7\u00f5es de aparelhos registradas em 2024. De acordo com o 20\u00b0 Anu\u00e1rio Brasileiro de Seguran\u00e7a P\u00fablica, os roubos recuaram 18,6% (de 377.787 para 308.723), enquanto os furtos cresceram 0,9% (de ... Leia mais","og_url":"https:\/\/zulenealves.com.br\/index.php\/2026\/08\/06\/mais-de-830-mil-celulares-foram-subtraidos-em-2025-aponta-relatorio\/","og_site_name":"Blog Zulene Alves","article_published_time":"2026-08-06T16:13:47+00:00","og_image":[{"url":"https:\/\/www.diariodepernambuco.com.br\/_midias\/jpg\/2026\/08\/06\/celular-933516.jpeg","type":"","width":"","height":""}],"author":"zulenealves","twitter_card":"summary_large_image","twitter_misc":{"Escrito por":"zulenealves","Est. tempo de leitura":"4 minutos"},"schema":{"@context":"https:\/\/schema.org","@graph":[{"@type":"Article","@id":"https:\/\/zulenealves.com.br\/index.php\/2026\/08\/06\/mais-de-830-mil-celulares-foram-subtraidos-em-2025-aponta-relatorio\/#article","isPartOf":{"@id":"https:\/\/zulenealves.com.br\/index.php\/2026\/08\/06\/mais-de-830-mil-celulares-foram-subtraidos-em-2025-aponta-relatorio\/"},"author":{"name":"zulenealves","@id":"https:\/\/zulenealves.com.br\/#\/schema\/person\/4076c08f761164e658f6461c6b0316ef"},"headline":"Mais de 830 mil celulares foram subtra\u00eddos em 2025, aponta relat\u00f3rio","datePublished":"2026-08-06T16:13:47+00:00","mainEntityOfPage":{"@id":"https:\/\/zulenealves.com.br\/index.php\/2026\/08\/06\/mais-de-830-mil-celulares-foram-subtraidos-em-2025-aponta-relatorio\/"},"wordCount":717,"image":{"@id":"https:\/\/zulenealves.com.br\/index.php\/2026\/08\/06\/mais-de-830-mil-celulares-foram-subtraidos-em-2025-aponta-relatorio\/#primaryimage"},"thumbnailUrl":"https:\/\/www.diariodepernambuco.com.br\/_midias\/jpg\/2026\/08\/06\/celular-933516.jpeg","articleSection":["Brasil"],"inLanguage":"pt-BR"},{"@type":"WebPage","@id":"https:\/\/zulenealves.com.br\/index.php\/2026\/08\/06\/mais-de-830-mil-celulares-foram-subtraidos-em-2025-aponta-relatorio\/","url":"https:\/\/zulenealves.com.br\/index.php\/2026\/08\/06\/mais-de-830-mil-celulares-foram-subtraidos-em-2025-aponta-relatorio\/","name":"Mais de 830 mil celulares foram subtra\u00eddos em 2025, aponta relat\u00f3rio - Blog Zulene Alves","isPartOf":{"@id":"https:\/\/zulenealves.com.br\/#website"},"primaryImageOfPage":{"@id":"https:\/\/zulenealves.com.br\/index.php\/2026\/08\/06\/mais-de-830-mil-celulares-foram-subtraidos-em-2025-aponta-relatorio\/#primaryimage"},"image":{"@id":"https:\/\/zulenealves.com.br\/index.php\/2026\/08\/06\/mais-de-830-mil-celulares-foram-subtraidos-em-2025-aponta-relatorio\/#primaryimage"},"thumbnailUrl":"https:\/\/www.diariodepernambuco.com.br\/_midias\/jpg\/2026\/08\/06\/celular-933516.jpeg","datePublished":"2026-08-06T16:13:47+00:00","author":{"@id":"https:\/\/zulenealves.com.br\/#\/schema\/person\/4076c08f761164e658f6461c6b0316ef"},"breadcrumb":{"@id":"https:\/\/zulenealves.com.br\/index.php\/2026\/08\/06\/mais-de-830-mil-celulares-foram-subtraidos-em-2025-aponta-relatorio\/#breadcrumb"},"inLanguage":"pt-BR","potentialAction":[{"@type":"ReadAction","target":["https:\/\/zulenealves.com.br\/index.php\/2026\/08\/06\/mais-de-830-mil-celulares-foram-subtraidos-em-2025-aponta-relatorio\/"]}]},{"@type":"ImageObject","inLanguage":"pt-BR","@id":"https:\/\/zulenealves.com.br\/index.php\/2026\/08\/06\/mais-de-830-mil-celulares-foram-subtraidos-em-2025-aponta-relatorio\/#primaryimage","url":"https:\/\/www.diariodepernambuco.com.br\/_midias\/jpg\/2026\/08\/06\/celular-933516.jpeg","contentUrl":"https:\/\/www.diariodepernambuco.com.br\/_midias\/jpg\/2026\/08\/06\/celular-933516.jpeg"},{"@type":"BreadcrumbList","@id":"https:\/\/zulenealves.com.br\/index.php\/2026\/08\/06\/mais-de-830-mil-celulares-foram-subtraidos-em-2025-aponta-relatorio\/#breadcrumb","itemListElement":[{"@type":"ListItem","position":1,"name":"In\u00edcio","item":"https:\/\/zulenealves.com.br\/"},{"@type":"ListItem","position":2,"name":"Mais de 830 mil celulares foram subtra\u00eddos em 2025, aponta relat\u00f3rio"}]},{"@type":"WebSite","@id":"https:\/\/zulenealves.com.br\/#website","url":"https:\/\/zulenealves.com.br\/","name":"Blog Zulene Alves","description":"","potentialAction":[{"@type":"SearchAction","target":{"@type":"EntryPoint","urlTemplate":"https:\/\/zulenealves.com.br\/?s={search_term_string}"},"query-input":{"@type":"PropertyValueSpecification","valueRequired":true,"valueName":"search_term_string"}}],"inLanguage":"pt-BR"},{"@type":"Person","@id":"https:\/\/zulenealves.com.br\/#\/schema\/person\/4076c08f761164e658f6461c6b0316ef","name":"zulenealves","image":{"@type":"ImageObject","inLanguage":"pt-BR","@id":"https:\/\/secure.gravatar.com\/avatar\/0c6cfdd7fa501763e4ab9715fb2b12c342c6a1ace0a16a25d743cdfbb340b122?s=96&d=mm&r=g","url":"https:\/\/secure.gravatar.com\/avatar\/0c6cfdd7fa501763e4ab9715fb2b12c342c6a1ace0a16a25d743cdfbb340b122?s=96&d=mm&r=g","contentUrl":"https:\/\/secure.gravatar.com\/avatar\/0c6cfdd7fa501763e4ab9715fb2b12c342c6a1ace0a16a25d743cdfbb340b122?s=96&d=mm&r=g","caption":"zulenealves"},"sameAs":["https:\/\/zulenealves.com.br"],"url":"https:\/\/zulenealves.com.br\/index.php\/author\/zulenealves\/"}]}},"_links":{"self":[{"href":"https:\/\/zulenealves.com.br\/index.php\/wp-json\/wp\/v2\/posts\/50787","targetHints":{"allow":["GET"]}}],"collection":[{"href":"https:\/\/zulenealves.com.br\/index.php\/wp-json\/wp\/v2\/posts"}],"about":[{"href":"https:\/\/zulenealves.com.br\/index.php\/wp-json\/wp\/v2\/types\/post"}],"author":[{"embeddable":true,"href":"https:\/\/zulenealves.com.br\/index.php\/wp-json\/wp\/v2\/users\/1"}],"replies":[{"embeddable":true,"href":"https:\/\/zulenealves.com.br\/index.php\/wp-json\/wp\/v2\/comments?post=50787"}],"version-history":[{"count":1,"href":"https:\/\/zulenealves.com.br\/index.php\/wp-json\/wp\/v2\/posts\/50787\/revisions"}],"predecessor-version":[{"id":50788,"href":"https:\/\/zulenealves.com.br\/index.php\/wp-json\/wp\/v2\/posts\/50787\/revisions\/50788"}],"wp:attachment":[{"href":"https:\/\/zulenealves.com.br\/index.php\/wp-json\/wp\/v2\/media?parent=50787"}],"wp:term":[{"taxonomy":"category","embeddable":true,"href":"https:\/\/zulenealves.com.br\/index.php\/wp-json\/wp\/v2\/categories?post=50787"},{"taxonomy":"post_tag","embeddable":true,"href":"https:\/\/zulenealves.com.br\/index.php\/wp-json\/wp\/v2\/tags?post=50787"}],"curies":[{"name":"wp","href":"https:\/\/api.w.org\/{rel}","templated":true}]}}