{"id":50796,"date":"2026-08-07T05:30:09","date_gmt":"2026-08-07T08:30:09","guid":{"rendered":"https:\/\/zulenealves.com.br\/?p=50796"},"modified":"2026-08-07T05:30:09","modified_gmt":"2026-08-07T08:30:09","slug":"joao-campos-inicia-agenda-pelo-sertao-e-intensifica-articulacoes-politicas-rumo-ao-governo-de-pernambuco","status":"publish","type":"post","link":"https:\/\/zulenealves.com.br\/index.php\/2026\/08\/07\/joao-campos-inicia-agenda-pelo-sertao-e-intensifica-articulacoes-politicas-rumo-ao-governo-de-pernambuco\/","title":{"rendered":"Jo\u00e3o Campos inicia agenda pelo Sert\u00e3o e intensifica articula\u00e7\u00f5es pol\u00edticas rumo ao Governo de Pernambuco"},"content":{"rendered":"<p style=\"text-align: justify;\"><img fetchpriority=\"high\" decoding=\"async\" class=\"wp-image-50797 aligncenter\" src=\"https:\/\/zulenealves.com.br\/wp-content\/uploads\/2026\/08\/22-t.jpg\" alt=\"\" width=\"500\" height=\"375\" srcset=\"https:\/\/zulenealves.com.br\/wp-content\/uploads\/2026\/08\/22-t.jpg 1600w, https:\/\/zulenealves.com.br\/wp-content\/uploads\/2026\/08\/22-t-300x225.jpg 300w, https:\/\/zulenealves.com.br\/wp-content\/uploads\/2026\/08\/22-t-1024x768.jpg 1024w, https:\/\/zulenealves.com.br\/wp-content\/uploads\/2026\/08\/22-t-768x576.jpg 768w, https:\/\/zulenealves.com.br\/wp-content\/uploads\/2026\/08\/22-t-1536x1152.jpg 1536w\" sizes=\"(max-width: 500px) 100vw, 500px\" \/><\/p>\n<p style=\"text-align: justify;\">O ex-prefeito do Recife, Jo\u00e3o Campos (PSB), que agora \u00e9 candidato ao Governo de Pernambuco, deu in\u00edcio a uma s\u00e9rie de articula\u00e7\u00f5es pol\u00edticas pelo Sert\u00e3o do Estado. Nesta quinta-feira 6 de agosto, ele participou de um almo\u00e7o na resid\u00eancia do ex-prefeito Alb\u00e9rico Rocha, em Iguaracy, reunindo importantes lideran\u00e7as pol\u00edticas da regi\u00e3o.<\/p>\n<p style=\"text-align: justify;\">O encontro contou com a presen\u00e7a do prefeito de Ingazeira, Luciano Torres, al\u00e9m de outras lideran\u00e7as pol\u00edticas e comunit\u00e1rias do Paje\u00fa. A reuni\u00e3o fez parte do processo de fortalecimento da pr\u00e9-campanha de Jo\u00e3o Campos no interior, onde o socialista busca ampliar o di\u00e1logo e consolidar apoios.<\/p>\n<p style=\"text-align: justify;\">A agenda em Iguaracy marcou o in\u00edcio de uma nova etapa das movimenta\u00e7\u00f5es pol\u00edticas no Estado.<\/p>\n<p style=\"text-align: justify;\">Ao participar do Almo\u00e7o, Jo\u00e3o Campos refor\u00e7ou a import\u00e2ncia de manter um di\u00e1logo pr\u00f3ximo com os munic\u00edpios, ouvindo as demandas da popula\u00e7\u00e3o e fortalecendo parcerias com lideran\u00e7as que conhecem a realidade do Sert\u00e3o.<\/p>\n<p style=\"text-align: justify;\">A presen\u00e7a de prefeitos, ex-prefeitos e representantes pol\u00edticos demonstra que o cen\u00e1rio eleitoral come\u00e7a a ganhar for\u00e7a no interior do Estado. As articula\u00e7\u00f5es iniciadas agora tendem a influenciar diretamente a forma\u00e7\u00e3o dos grupos pol\u00edticos que disputar\u00e3o as elei\u00e7\u00f5es, colocando o Sert\u00e3o do Paje\u00fa como uma das regi\u00f5es estrat\u00e9gicas na corrida pelo Governo de Pernambuco.<\/p>\n<div class=\"gsp_post_data\" \r\n\t            data-post_type=\"post\" \r\n\t            data-cat=\"sem-categoria\" \r\n\t            data-modified=\"120\"\r\n\t            data-created=\"1786080609\"\r\n\t            data-title=\"Jo\u00e3o Campos inicia agenda pelo Sert\u00e3o e intensifica articula\u00e7\u00f5es pol\u00edticas rumo ao Governo de Pernambuco\" \r\n\t            data-home=\"https:\/\/zulenealves.com.br\"><\/div>","protected":false},"excerpt":{"rendered":"<p>O ex-prefeito do Recife, Jo\u00e3o Campos (PSB), que agora \u00e9 candidato ao Governo de Pernambuco, deu in\u00edcio a uma s\u00e9rie de articula\u00e7\u00f5es pol\u00edticas pelo Sert\u00e3o do Estado. Nesta quinta-feira 6 de agosto, ele participou de um almo\u00e7o na resid\u00eancia do ex-prefeito Alb\u00e9rico Rocha, em Iguaracy, reunindo importantes lideran\u00e7as pol\u00edticas da regi\u00e3o. O encontro contou com &#8230; <\/p>\n<p class=\"read-more-container\"><a title=\"Jo\u00e3o Campos inicia agenda pelo Sert\u00e3o e intensifica articula\u00e7\u00f5es pol\u00edticas rumo ao Governo de Pernambuco\" class=\"read-more button\" href=\"https:\/\/zulenealves.com.br\/index.php\/2026\/08\/07\/joao-campos-inicia-agenda-pelo-sertao-e-intensifica-articulacoes-politicas-rumo-ao-governo-de-pernambuco\/#more-50796\" aria-label=\"More on Jo\u00e3o Campos inicia agenda pelo Sert\u00e3o e intensifica articula\u00e7\u00f5es pol\u00edticas rumo ao Governo de Pernambuco\">Leia mais<\/a><\/p>\n","protected":false},"author":2,"featured_media":0,"comment_status":"closed","ping_status":"closed","sticky":false,"template":"","format":"standard","meta":{"footnotes":""},"categories":[1],"tags":[],"class_list":["post-50796","post","type-post","status-publish","format-standard","hentry","category-sem-categoria"],"yoast_head":"<!-- This site is optimized with the Yoast SEO plugin v28.4 - https:\/\/yoast.com\/product\/yoast-seo-wordpress\/ -->\n<title>Jo\u00e3o Campos inicia agenda pelo Sert\u00e3o e intensifica articula\u00e7\u00f5es pol\u00edticas rumo ao Governo de Pernambuco - Blog Zulene Alves<\/title>\n<meta name=\"robots\" content=\"index, follow, max-snippet:-1, max-image-preview:large, max-video-preview:-1\" \/>\n<link rel=\"canonical\" href=\"https:\/\/zulenealves.com.br\/index.php\/2026\/08\/07\/joao-campos-inicia-agenda-pelo-sertao-e-intensifica-articulacoes-politicas-rumo-ao-governo-de-pernambuco\/\" \/>\n<meta property=\"og:locale\" content=\"pt_BR\" \/>\n<meta property=\"og:type\" content=\"article\" \/>\n<meta property=\"og:title\" content=\"Jo\u00e3o Campos inicia agenda pelo Sert\u00e3o e intensifica articula\u00e7\u00f5es pol\u00edticas rumo ao Governo de Pernambuco - Blog Zulene Alves\" \/>\n<meta property=\"og:description\" content=\"O ex-prefeito do Recife, Jo\u00e3o Campos (PSB), que agora \u00e9 candidato ao Governo de Pernambuco, deu in\u00edcio a uma s\u00e9rie de articula\u00e7\u00f5es pol\u00edticas pelo Sert\u00e3o do Estado. Nesta quinta-feira 6 de agosto, ele participou de um almo\u00e7o na resid\u00eancia do ex-prefeito Alb\u00e9rico Rocha, em Iguaracy, reunindo importantes lideran\u00e7as pol\u00edticas da regi\u00e3o. O encontro contou com ... Leia mais\" \/>\n<meta property=\"og:url\" content=\"https:\/\/zulenealves.com.br\/index.php\/2026\/08\/07\/joao-campos-inicia-agenda-pelo-sertao-e-intensifica-articulacoes-politicas-rumo-ao-governo-de-pernambuco\/\" \/>\n<meta property=\"og:site_name\" content=\"Blog Zulene Alves\" \/>\n<meta property=\"article:published_time\" content=\"2026-08-07T08:30:09+00:00\" \/>\n<meta property=\"og:image\" content=\"https:\/\/zulenealves.com.br\/wp-content\/uploads\/2026\/08\/22-t.jpg\" \/>\n\t<meta property=\"og:image:width\" content=\"1600\" \/>\n\t<meta property=\"og:image:height\" content=\"1200\" \/>\n\t<meta property=\"og:image:type\" content=\"image\/jpeg\" \/>\n<meta name=\"author\" content=\"Zulene Alves\" \/>\n<meta name=\"twitter:card\" content=\"summary_large_image\" \/>\n<meta name=\"twitter:label1\" content=\"Escrito por\" \/>\n\t<meta name=\"twitter:data1\" content=\"Zulene Alves\" \/>\n\t<meta name=\"twitter:label2\" content=\"Est. tempo de leitura\" \/>\n\t<meta name=\"twitter:data2\" content=\"2 minutos\" \/>\n<script type=\"application\/ld+json\" class=\"yoast-schema-graph\">{\"@context\":\"https:\\\/\\\/schema.org\",\"@graph\":[{\"@type\":\"Article\",\"@id\":\"https:\\\/\\\/zulenealves.com.br\\\/index.php\\\/2026\\\/08\\\/07\\\/joao-campos-inicia-agenda-pelo-sertao-e-intensifica-articulacoes-politicas-rumo-ao-governo-de-pernambuco\\\/#article\",\"isPartOf\":{\"@id\":\"https:\\\/\\\/zulenealves.com.br\\\/index.php\\\/2026\\\/08\\\/07\\\/joao-campos-inicia-agenda-pelo-sertao-e-intensifica-articulacoes-politicas-rumo-ao-governo-de-pernambuco\\\/\"},\"author\":{\"name\":\"Zulene Alves\",\"@id\":\"https:\\\/\\\/zulenealves.com.br\\\/#\\\/schema\\\/person\\\/211b267042952b9d9062603ea5230577\"},\"headline\":\"Jo\u00e3o Campos inicia agenda pelo Sert\u00e3o e intensifica articula\u00e7\u00f5es pol\u00edticas rumo ao Governo de Pernambuco\",\"datePublished\":\"2026-08-07T08:30:09+00:00\",\"mainEntityOfPage\":{\"@id\":\"https:\\\/\\\/zulenealves.com.br\\\/index.php\\\/2026\\\/08\\\/07\\\/joao-campos-inicia-agenda-pelo-sertao-e-intensifica-articulacoes-politicas-rumo-ao-governo-de-pernambuco\\\/\"},\"wordCount\":264,\"image\":{\"@id\":\"https:\\\/\\\/zulenealves.com.br\\\/index.php\\\/2026\\\/08\\\/07\\\/joao-campos-inicia-agenda-pelo-sertao-e-intensifica-articulacoes-politicas-rumo-ao-governo-de-pernambuco\\\/#primaryimage\"},\"thumbnailUrl\":\"https:\\\/\\\/zulenealves.com.br\\\/wp-content\\\/uploads\\\/2026\\\/08\\\/22-t.jpg\",\"inLanguage\":\"pt-BR\"},{\"@type\":\"WebPage\",\"@id\":\"https:\\\/\\\/zulenealves.com.br\\\/index.php\\\/2026\\\/08\\\/07\\\/joao-campos-inicia-agenda-pelo-sertao-e-intensifica-articulacoes-politicas-rumo-ao-governo-de-pernambuco\\\/\",\"url\":\"https:\\\/\\\/zulenealves.com.br\\\/index.php\\\/2026\\\/08\\\/07\\\/joao-campos-inicia-agenda-pelo-sertao-e-intensifica-articulacoes-politicas-rumo-ao-governo-de-pernambuco\\\/\",\"name\":\"Jo\u00e3o Campos inicia agenda pelo Sert\u00e3o e intensifica articula\u00e7\u00f5es pol\u00edticas rumo ao Governo de Pernambuco - Blog Zulene Alves\",\"isPartOf\":{\"@id\":\"https:\\\/\\\/zulenealves.com.br\\\/#website\"},\"primaryImageOfPage\":{\"@id\":\"https:\\\/\\\/zulenealves.com.br\\\/index.php\\\/2026\\\/08\\\/07\\\/joao-campos-inicia-agenda-pelo-sertao-e-intensifica-articulacoes-politicas-rumo-ao-governo-de-pernambuco\\\/#primaryimage\"},\"image\":{\"@id\":\"https:\\\/\\\/zulenealves.com.br\\\/index.php\\\/2026\\\/08\\\/07\\\/joao-campos-inicia-agenda-pelo-sertao-e-intensifica-articulacoes-politicas-rumo-ao-governo-de-pernambuco\\\/#primaryimage\"},\"thumbnailUrl\":\"https:\\\/\\\/zulenealves.com.br\\\/wp-content\\\/uploads\\\/2026\\\/08\\\/22-t.jpg\",\"datePublished\":\"2026-08-07T08:30:09+00:00\",\"author\":{\"@id\":\"https:\\\/\\\/zulenealves.com.br\\\/#\\\/schema\\\/person\\\/211b267042952b9d9062603ea5230577\"},\"breadcrumb\":{\"@id\":\"https:\\\/\\\/zulenealves.com.br\\\/index.php\\\/2026\\\/08\\\/07\\\/joao-campos-inicia-agenda-pelo-sertao-e-intensifica-articulacoes-politicas-rumo-ao-governo-de-pernambuco\\\/#breadcrumb\"},\"inLanguage\":\"pt-BR\",\"potentialAction\":[{\"@type\":\"ReadAction\",\"target\":[\"https:\\\/\\\/zulenealves.com.br\\\/index.php\\\/2026\\\/08\\\/07\\\/joao-campos-inicia-agenda-pelo-sertao-e-intensifica-articulacoes-politicas-rumo-ao-governo-de-pernambuco\\\/\"]}]},{\"@type\":\"ImageObject\",\"inLanguage\":\"pt-BR\",\"@id\":\"https:\\\/\\\/zulenealves.com.br\\\/index.php\\\/2026\\\/08\\\/07\\\/joao-campos-inicia-agenda-pelo-sertao-e-intensifica-articulacoes-politicas-rumo-ao-governo-de-pernambuco\\\/#primaryimage\",\"url\":\"https:\\\/\\\/zulenealves.com.br\\\/wp-content\\\/uploads\\\/2026\\\/08\\\/22-t.jpg\",\"contentUrl\":\"https:\\\/\\\/zulenealves.com.br\\\/wp-content\\\/uploads\\\/2026\\\/08\\\/22-t.jpg\",\"width\":1600,\"height\":1200},{\"@type\":\"BreadcrumbList\",\"@id\":\"https:\\\/\\\/zulenealves.com.br\\\/index.php\\\/2026\\\/08\\\/07\\\/joao-campos-inicia-agenda-pelo-sertao-e-intensifica-articulacoes-politicas-rumo-ao-governo-de-pernambuco\\\/#breadcrumb\",\"itemListElement\":[{\"@type\":\"ListItem\",\"position\":1,\"name\":\"In\u00edcio\",\"item\":\"https:\\\/\\\/zulenealves.com.br\\\/\"},{\"@type\":\"ListItem\",\"position\":2,\"name\":\"Jo\u00e3o Campos inicia agenda pelo Sert\u00e3o e intensifica articula\u00e7\u00f5es pol\u00edticas rumo ao Governo de Pernambuco\"}]},{\"@type\":\"WebSite\",\"@id\":\"https:\\\/\\\/zulenealves.com.br\\\/#website\",\"url\":\"https:\\\/\\\/zulenealves.com.br\\\/\",\"name\":\"Blog Zulene Alves\",\"description\":\"\",\"potentialAction\":[{\"@type\":\"SearchAction\",\"target\":{\"@type\":\"EntryPoint\",\"urlTemplate\":\"https:\\\/\\\/zulenealves.com.br\\\/?s={search_term_string}\"},\"query-input\":{\"@type\":\"PropertyValueSpecification\",\"valueRequired\":true,\"valueName\":\"search_term_string\"}}],\"inLanguage\":\"pt-BR\"},{\"@type\":\"Person\",\"@id\":\"https:\\\/\\\/zulenealves.com.br\\\/#\\\/schema\\\/person\\\/211b267042952b9d9062603ea5230577\",\"name\":\"Zulene Alves\",\"image\":{\"@type\":\"ImageObject\",\"inLanguage\":\"pt-BR\",\"@id\":\"https:\\\/\\\/secure.gravatar.com\\\/avatar\\\/6256ae245147d58c317918f3a20dbf75c244838a7b265be12b0edacdedc94737?s=96&d=mm&r=g\",\"url\":\"https:\\\/\\\/secure.gravatar.com\\\/avatar\\\/6256ae245147d58c317918f3a20dbf75c244838a7b265be12b0edacdedc94737?s=96&d=mm&r=g\",\"contentUrl\":\"https:\\\/\\\/secure.gravatar.com\\\/avatar\\\/6256ae245147d58c317918f3a20dbf75c244838a7b265be12b0edacdedc94737?s=96&d=mm&r=g\",\"caption\":\"Zulene Alves\"},\"sameAs\":[\"https:\\\/\\\/zulenealves.com.br\\\/\"],\"url\":\"https:\\\/\\\/zulenealves.com.br\\\/index.php\\\/author\\\/zulene\\\/\"}]}<\/script>\n<!-- \/ Yoast SEO plugin. -->","yoast_head_json":{"title":"Jo\u00e3o Campos inicia agenda pelo Sert\u00e3o e intensifica articula\u00e7\u00f5es pol\u00edticas rumo ao Governo de Pernambuco - Blog Zulene Alves","robots":{"index":"index","follow":"follow","max-snippet":"max-snippet:-1","max-image-preview":"max-image-preview:large","max-video-preview":"max-video-preview:-1"},"canonical":"https:\/\/zulenealves.com.br\/index.php\/2026\/08\/07\/joao-campos-inicia-agenda-pelo-sertao-e-intensifica-articulacoes-politicas-rumo-ao-governo-de-pernambuco\/","og_locale":"pt_BR","og_type":"article","og_title":"Jo\u00e3o Campos inicia agenda pelo Sert\u00e3o e intensifica articula\u00e7\u00f5es pol\u00edticas rumo ao Governo de Pernambuco - Blog Zulene Alves","og_description":"O ex-prefeito do Recife, Jo\u00e3o Campos (PSB), que agora \u00e9 candidato ao Governo de Pernambuco, deu in\u00edcio a uma s\u00e9rie de articula\u00e7\u00f5es pol\u00edticas pelo Sert\u00e3o do Estado. Nesta quinta-feira 6 de agosto, ele participou de um almo\u00e7o na resid\u00eancia do ex-prefeito Alb\u00e9rico Rocha, em Iguaracy, reunindo importantes lideran\u00e7as pol\u00edticas da regi\u00e3o. O encontro contou com ... Leia mais","og_url":"https:\/\/zulenealves.com.br\/index.php\/2026\/08\/07\/joao-campos-inicia-agenda-pelo-sertao-e-intensifica-articulacoes-politicas-rumo-ao-governo-de-pernambuco\/","og_site_name":"Blog Zulene Alves","article_published_time":"2026-08-07T08:30:09+00:00","og_image":[{"width":1600,"height":1200,"url":"https:\/\/zulenealves.com.br\/wp-content\/uploads\/2026\/08\/22-t.jpg","type":"image\/jpeg"}],"author":"Zulene Alves","twitter_card":"summary_large_image","twitter_misc":{"Escrito por":"Zulene Alves","Est. tempo de leitura":"2 minutos"},"schema":{"@context":"https:\/\/schema.org","@graph":[{"@type":"Article","@id":"https:\/\/zulenealves.com.br\/index.php\/2026\/08\/07\/joao-campos-inicia-agenda-pelo-sertao-e-intensifica-articulacoes-politicas-rumo-ao-governo-de-pernambuco\/#article","isPartOf":{"@id":"https:\/\/zulenealves.com.br\/index.php\/2026\/08\/07\/joao-campos-inicia-agenda-pelo-sertao-e-intensifica-articulacoes-politicas-rumo-ao-governo-de-pernambuco\/"},"author":{"name":"Zulene Alves","@id":"https:\/\/zulenealves.com.br\/#\/schema\/person\/211b267042952b9d9062603ea5230577"},"headline":"Jo\u00e3o Campos inicia agenda pelo Sert\u00e3o e intensifica articula\u00e7\u00f5es pol\u00edticas rumo ao Governo de Pernambuco","datePublished":"2026-08-07T08:30:09+00:00","mainEntityOfPage":{"@id":"https:\/\/zulenealves.com.br\/index.php\/2026\/08\/07\/joao-campos-inicia-agenda-pelo-sertao-e-intensifica-articulacoes-politicas-rumo-ao-governo-de-pernambuco\/"},"wordCount":264,"image":{"@id":"https:\/\/zulenealves.com.br\/index.php\/2026\/08\/07\/joao-campos-inicia-agenda-pelo-sertao-e-intensifica-articulacoes-politicas-rumo-ao-governo-de-pernambuco\/#primaryimage"},"thumbnailUrl":"https:\/\/zulenealves.com.br\/wp-content\/uploads\/2026\/08\/22-t.jpg","inLanguage":"pt-BR"},{"@type":"WebPage","@id":"https:\/\/zulenealves.com.br\/index.php\/2026\/08\/07\/joao-campos-inicia-agenda-pelo-sertao-e-intensifica-articulacoes-politicas-rumo-ao-governo-de-pernambuco\/","url":"https:\/\/zulenealves.com.br\/index.php\/2026\/08\/07\/joao-campos-inicia-agenda-pelo-sertao-e-intensifica-articulacoes-politicas-rumo-ao-governo-de-pernambuco\/","name":"Jo\u00e3o Campos inicia agenda pelo Sert\u00e3o e intensifica articula\u00e7\u00f5es pol\u00edticas rumo ao Governo de Pernambuco - Blog Zulene Alves","isPartOf":{"@id":"https:\/\/zulenealves.com.br\/#website"},"primaryImageOfPage":{"@id":"https:\/\/zulenealves.com.br\/index.php\/2026\/08\/07\/joao-campos-inicia-agenda-pelo-sertao-e-intensifica-articulacoes-politicas-rumo-ao-governo-de-pernambuco\/#primaryimage"},"image":{"@id":"https:\/\/zulenealves.com.br\/index.php\/2026\/08\/07\/joao-campos-inicia-agenda-pelo-sertao-e-intensifica-articulacoes-politicas-rumo-ao-governo-de-pernambuco\/#primaryimage"},"thumbnailUrl":"https:\/\/zulenealves.com.br\/wp-content\/uploads\/2026\/08\/22-t.jpg","datePublished":"2026-08-07T08:30:09+00:00","author":{"@id":"https:\/\/zulenealves.com.br\/#\/schema\/person\/211b267042952b9d9062603ea5230577"},"breadcrumb":{"@id":"https:\/\/zulenealves.com.br\/index.php\/2026\/08\/07\/joao-campos-inicia-agenda-pelo-sertao-e-intensifica-articulacoes-politicas-rumo-ao-governo-de-pernambuco\/#breadcrumb"},"inLanguage":"pt-BR","potentialAction":[{"@type":"ReadAction","target":["https:\/\/zulenealves.com.br\/index.php\/2026\/08\/07\/joao-campos-inicia-agenda-pelo-sertao-e-intensifica-articulacoes-politicas-rumo-ao-governo-de-pernambuco\/"]}]},{"@type":"ImageObject","inLanguage":"pt-BR","@id":"https:\/\/zulenealves.com.br\/index.php\/2026\/08\/07\/joao-campos-inicia-agenda-pelo-sertao-e-intensifica-articulacoes-politicas-rumo-ao-governo-de-pernambuco\/#primaryimage","url":"https:\/\/zulenealves.com.br\/wp-content\/uploads\/2026\/08\/22-t.jpg","contentUrl":"https:\/\/zulenealves.com.br\/wp-content\/uploads\/2026\/08\/22-t.jpg","width":1600,"height":1200},{"@type":"BreadcrumbList","@id":"https:\/\/zulenealves.com.br\/index.php\/2026\/08\/07\/joao-campos-inicia-agenda-pelo-sertao-e-intensifica-articulacoes-politicas-rumo-ao-governo-de-pernambuco\/#breadcrumb","itemListElement":[{"@type":"ListItem","position":1,"name":"In\u00edcio","item":"https:\/\/zulenealves.com.br\/"},{"@type":"ListItem","position":2,"name":"Jo\u00e3o Campos inicia agenda pelo Sert\u00e3o e intensifica articula\u00e7\u00f5es pol\u00edticas rumo ao Governo de Pernambuco"}]},{"@type":"WebSite","@id":"https:\/\/zulenealves.com.br\/#website","url":"https:\/\/zulenealves.com.br\/","name":"Blog Zulene Alves","description":"","potentialAction":[{"@type":"SearchAction","target":{"@type":"EntryPoint","urlTemplate":"https:\/\/zulenealves.com.br\/?s={search_term_string}"},"query-input":{"@type":"PropertyValueSpecification","valueRequired":true,"valueName":"search_term_string"}}],"inLanguage":"pt-BR"},{"@type":"Person","@id":"https:\/\/zulenealves.com.br\/#\/schema\/person\/211b267042952b9d9062603ea5230577","name":"Zulene Alves","image":{"@type":"ImageObject","inLanguage":"pt-BR","@id":"https:\/\/secure.gravatar.com\/avatar\/6256ae245147d58c317918f3a20dbf75c244838a7b265be12b0edacdedc94737?s=96&d=mm&r=g","url":"https:\/\/secure.gravatar.com\/avatar\/6256ae245147d58c317918f3a20dbf75c244838a7b265be12b0edacdedc94737?s=96&d=mm&r=g","contentUrl":"https:\/\/secure.gravatar.com\/avatar\/6256ae245147d58c317918f3a20dbf75c244838a7b265be12b0edacdedc94737?s=96&d=mm&r=g","caption":"Zulene Alves"},"sameAs":["https:\/\/zulenealves.com.br\/"],"url":"https:\/\/zulenealves.com.br\/index.php\/author\/zulene\/"}]}},"_links":{"self":[{"href":"https:\/\/zulenealves.com.br\/index.php\/wp-json\/wp\/v2\/posts\/50796","targetHints":{"allow":["GET"]}}],"collection":[{"href":"https:\/\/zulenealves.com.br\/index.php\/wp-json\/wp\/v2\/posts"}],"about":[{"href":"https:\/\/zulenealves.com.br\/index.php\/wp-json\/wp\/v2\/types\/post"}],"author":[{"embeddable":true,"href":"https:\/\/zulenealves.com.br\/index.php\/wp-json\/wp\/v2\/users\/2"}],"replies":[{"embeddable":true,"href":"https:\/\/zulenealves.com.br\/index.php\/wp-json\/wp\/v2\/comments?post=50796"}],"version-history":[{"count":1,"href":"https:\/\/zulenealves.com.br\/index.php\/wp-json\/wp\/v2\/posts\/50796\/revisions"}],"predecessor-version":[{"id":50798,"href":"https:\/\/zulenealves.com.br\/index.php\/wp-json\/wp\/v2\/posts\/50796\/revisions\/50798"}],"wp:attachment":[{"href":"https:\/\/zulenealves.com.br\/index.php\/wp-json\/wp\/v2\/media?parent=50796"}],"wp:term":[{"taxonomy":"category","embeddable":true,"href":"https:\/\/zulenealves.com.br\/index.php\/wp-json\/wp\/v2\/categories?post=50796"},{"taxonomy":"post_tag","embeddable":true,"href":"https:\/\/zulenealves.com.br\/index.php\/wp-json\/wp\/v2\/tags?post=50796"}],"curies":[{"name":"wp","href":"https:\/\/api.w.org\/{rel}","templated":true}]}}