{"id":50868,"date":"2026-08-11T05:41:41","date_gmt":"2026-08-11T08:41:41","guid":{"rendered":"https:\/\/zulenealves.com.br\/?p=50868"},"modified":"2026-08-11T05:42:03","modified_gmt":"2026-08-11T08:42:03","slug":"sandrinho-reune-vereadores-da-base-e-mostra-a-forca-da-unidade","status":"publish","type":"post","link":"https:\/\/zulenealves.com.br\/index.php\/2026\/08\/11\/sandrinho-reune-vereadores-da-base-e-mostra-a-forca-da-unidade\/","title":{"rendered":"Sandrinho reune vereadores da base e mostra a for\u00e7a da unidade"},"content":{"rendered":"<p class=\"wp-block-paragraph\" style=\"text-align: justify;\">O Prefeito de Afogados da Ingazeira, Sandrinho Palmeira, reuniu na tarde desta segunda (10) todos os vereadores da base do Governo de Afogados da Ingazeira.<\/p>\n<p class=\"wp-block-paragraph\" style=\"text-align: justify;\">Na pauta, a unidade da frente popular e as estrat\u00e9gias para as elei\u00e7\u00f5es deste ano. Embora haja algumas diferencia\u00e7\u00f5es nas escolhas para as candidaturas proporcionais (estadual e federal), h\u00e1 unidade quanto aos candidatos majorit\u00e1rios.<\/p>\n<p class=\"wp-block-paragraph\" style=\"text-align: justify;\">O time est\u00e1 fechado pela reelei\u00e7\u00e3o do Presidente Lula e pela elei\u00e7\u00e3o do futuro governador Jo\u00e3o Campos.<\/p>\n<p class=\"wp-block-paragraph\" style=\"text-align: justify;\">\u201cFoi uma conversa muito boa, di\u00e1logo franco e transparente, de lideran\u00e7as que querem que Afogados continue avan\u00e7ando, com obras do governo federal, e com um Governo do Estado que traga obras importantes para a nossa cidade, assim como foi no passado, com a UPAE, a \u00e1rea integrada de seguran\u00e7a, a duplica\u00e7\u00e3o da entrada de Afogados no sentido Carna\u00edba e tantas outras de grande import\u00e2ncia. Afogados precisa de um Governador parceiro de verdade. E esse parceiro ser\u00e1 Jo\u00e3o Campos,\u201d destacou Sandrinho.<\/p>\n<p class=\"wp-block-paragraph\" style=\"text-align: justify;\">Participaram da reuni\u00e3o o vice-prefeito Daniel Valadares, o Presidente da C\u00e2mara, Vicente Zuza, os vereadores M\u00e1rio Martins, Douglas Rodrigues, C\u00e9sar Ten\u00f3rio, C\u00edcero Miguel, Reinaldo Lima, Agnaldo Rodrigues, Raimundo Lima, e das vereadoras Gal Mariano, Simone da feira e Lucineide Cordeiro.<\/p>\n<div class=\"gsp_post_data\" \r\n\t            data-post_type=\"post\" \r\n\t            data-cat=\"destaque\" \r\n\t            data-modified=\"120\"\r\n\t            data-created=\"1786426901\"\r\n\t            data-title=\"Sandrinho reune vereadores da base e mostra a for\u00e7a da unidade\" \r\n\t            data-home=\"https:\/\/zulenealves.com.br\"><\/div>","protected":false},"excerpt":{"rendered":"<p>O Prefeito de Afogados da Ingazeira, Sandrinho Palmeira, reuniu na tarde desta segunda (10) todos os vereadores da base do Governo de Afogados da Ingazeira. Na pauta, a unidade da frente popular e as estrat\u00e9gias para as elei\u00e7\u00f5es deste ano. Embora haja algumas diferencia\u00e7\u00f5es nas escolhas para as candidaturas proporcionais (estadual e federal), h\u00e1 unidade &#8230; <\/p>\n<p class=\"read-more-container\"><a title=\"Sandrinho reune vereadores da base e mostra a for\u00e7a da unidade\" class=\"read-more button\" href=\"https:\/\/zulenealves.com.br\/index.php\/2026\/08\/11\/sandrinho-reune-vereadores-da-base-e-mostra-a-forca-da-unidade\/#more-50868\" aria-label=\"More on Sandrinho reune vereadores da base e mostra a for\u00e7a da unidade\">Leia mais<\/a><\/p>\n","protected":false},"author":2,"featured_media":50869,"comment_status":"closed","ping_status":"closed","sticky":false,"template":"","format":"standard","meta":{"footnotes":""},"categories":[23],"tags":[],"class_list":["post-50868","post","type-post","status-publish","format-standard","has-post-thumbnail","hentry","category-destaque","resize-featured-image"],"yoast_head":"<!-- This site is optimized with the Yoast SEO plugin v28.4 - https:\/\/yoast.com\/product\/yoast-seo-wordpress\/ -->\n<title>Sandrinho reune vereadores da base e mostra a for\u00e7a da unidade - Blog Zulene Alves<\/title>\n<meta name=\"robots\" content=\"index, follow, max-snippet:-1, max-image-preview:large, max-video-preview:-1\" \/>\n<link rel=\"canonical\" href=\"https:\/\/zulenealves.com.br\/index.php\/2026\/08\/11\/sandrinho-reune-vereadores-da-base-e-mostra-a-forca-da-unidade\/\" \/>\n<meta property=\"og:locale\" content=\"pt_BR\" \/>\n<meta property=\"og:type\" content=\"article\" \/>\n<meta property=\"og:title\" content=\"Sandrinho reune vereadores da base e mostra a for\u00e7a da unidade - Blog Zulene Alves\" \/>\n<meta property=\"og:description\" content=\"O Prefeito de Afogados da Ingazeira, Sandrinho Palmeira, reuniu na tarde desta segunda (10) todos os vereadores da base do Governo de Afogados da Ingazeira. Na pauta, a unidade da frente popular e as estrat\u00e9gias para as elei\u00e7\u00f5es deste ano. Embora haja algumas diferencia\u00e7\u00f5es nas escolhas para as candidaturas proporcionais (estadual e federal), h\u00e1 unidade ... Leia mais\" \/>\n<meta property=\"og:url\" content=\"https:\/\/zulenealves.com.br\/index.php\/2026\/08\/11\/sandrinho-reune-vereadores-da-base-e-mostra-a-forca-da-unidade\/\" \/>\n<meta property=\"og:site_name\" content=\"Blog Zulene Alves\" \/>\n<meta property=\"article:published_time\" content=\"2026-08-11T08:41:41+00:00\" \/>\n<meta property=\"article:modified_time\" content=\"2026-08-11T08:42:03+00:00\" \/>\n<meta property=\"og:image\" content=\"https:\/\/zulenealves.com.br\/wp-content\/uploads\/2026\/08\/12r.jpeg\" \/>\n\t<meta property=\"og:image:width\" content=\"750\" \/>\n\t<meta property=\"og:image:height\" content=\"500\" \/>\n\t<meta property=\"og:image:type\" content=\"image\/jpeg\" \/>\n<meta name=\"author\" content=\"Zulene Alves\" \/>\n<meta name=\"twitter:card\" content=\"summary_large_image\" \/>\n<meta name=\"twitter:label1\" content=\"Escrito por\" \/>\n\t<meta name=\"twitter:data1\" content=\"Zulene Alves\" \/>\n\t<meta name=\"twitter:label2\" content=\"Est. tempo de leitura\" \/>\n\t<meta name=\"twitter:data2\" content=\"2 minutos\" \/>\n<script type=\"application\/ld+json\" class=\"yoast-schema-graph\">{\"@context\":\"https:\\\/\\\/schema.org\",\"@graph\":[{\"@type\":\"Article\",\"@id\":\"https:\\\/\\\/zulenealves.com.br\\\/index.php\\\/2026\\\/08\\\/11\\\/sandrinho-reune-vereadores-da-base-e-mostra-a-forca-da-unidade\\\/#article\",\"isPartOf\":{\"@id\":\"https:\\\/\\\/zulenealves.com.br\\\/index.php\\\/2026\\\/08\\\/11\\\/sandrinho-reune-vereadores-da-base-e-mostra-a-forca-da-unidade\\\/\"},\"author\":{\"name\":\"Zulene Alves\",\"@id\":\"https:\\\/\\\/zulenealves.com.br\\\/#\\\/schema\\\/person\\\/211b267042952b9d9062603ea5230577\"},\"headline\":\"Sandrinho reune vereadores da base e mostra a for\u00e7a da unidade\",\"datePublished\":\"2026-08-11T08:41:41+00:00\",\"dateModified\":\"2026-08-11T08:42:03+00:00\",\"mainEntityOfPage\":{\"@id\":\"https:\\\/\\\/zulenealves.com.br\\\/index.php\\\/2026\\\/08\\\/11\\\/sandrinho-reune-vereadores-da-base-e-mostra-a-forca-da-unidade\\\/\"},\"wordCount\":228,\"image\":{\"@id\":\"https:\\\/\\\/zulenealves.com.br\\\/index.php\\\/2026\\\/08\\\/11\\\/sandrinho-reune-vereadores-da-base-e-mostra-a-forca-da-unidade\\\/#primaryimage\"},\"thumbnailUrl\":\"https:\\\/\\\/zulenealves.com.br\\\/wp-content\\\/uploads\\\/2026\\\/08\\\/12r.jpeg\",\"articleSection\":[\"Destaque\"],\"inLanguage\":\"pt-BR\"},{\"@type\":\"WebPage\",\"@id\":\"https:\\\/\\\/zulenealves.com.br\\\/index.php\\\/2026\\\/08\\\/11\\\/sandrinho-reune-vereadores-da-base-e-mostra-a-forca-da-unidade\\\/\",\"url\":\"https:\\\/\\\/zulenealves.com.br\\\/index.php\\\/2026\\\/08\\\/11\\\/sandrinho-reune-vereadores-da-base-e-mostra-a-forca-da-unidade\\\/\",\"name\":\"Sandrinho reune vereadores da base e mostra a for\u00e7a da unidade - Blog Zulene Alves\",\"isPartOf\":{\"@id\":\"https:\\\/\\\/zulenealves.com.br\\\/#website\"},\"primaryImageOfPage\":{\"@id\":\"https:\\\/\\\/zulenealves.com.br\\\/index.php\\\/2026\\\/08\\\/11\\\/sandrinho-reune-vereadores-da-base-e-mostra-a-forca-da-unidade\\\/#primaryimage\"},\"image\":{\"@id\":\"https:\\\/\\\/zulenealves.com.br\\\/index.php\\\/2026\\\/08\\\/11\\\/sandrinho-reune-vereadores-da-base-e-mostra-a-forca-da-unidade\\\/#primaryimage\"},\"thumbnailUrl\":\"https:\\\/\\\/zulenealves.com.br\\\/wp-content\\\/uploads\\\/2026\\\/08\\\/12r.jpeg\",\"datePublished\":\"2026-08-11T08:41:41+00:00\",\"dateModified\":\"2026-08-11T08:42:03+00:00\",\"author\":{\"@id\":\"https:\\\/\\\/zulenealves.com.br\\\/#\\\/schema\\\/person\\\/211b267042952b9d9062603ea5230577\"},\"breadcrumb\":{\"@id\":\"https:\\\/\\\/zulenealves.com.br\\\/index.php\\\/2026\\\/08\\\/11\\\/sandrinho-reune-vereadores-da-base-e-mostra-a-forca-da-unidade\\\/#breadcrumb\"},\"inLanguage\":\"pt-BR\",\"potentialAction\":[{\"@type\":\"ReadAction\",\"target\":[\"https:\\\/\\\/zulenealves.com.br\\\/index.php\\\/2026\\\/08\\\/11\\\/sandrinho-reune-vereadores-da-base-e-mostra-a-forca-da-unidade\\\/\"]}]},{\"@type\":\"ImageObject\",\"inLanguage\":\"pt-BR\",\"@id\":\"https:\\\/\\\/zulenealves.com.br\\\/index.php\\\/2026\\\/08\\\/11\\\/sandrinho-reune-vereadores-da-base-e-mostra-a-forca-da-unidade\\\/#primaryimage\",\"url\":\"https:\\\/\\\/zulenealves.com.br\\\/wp-content\\\/uploads\\\/2026\\\/08\\\/12r.jpeg\",\"contentUrl\":\"https:\\\/\\\/zulenealves.com.br\\\/wp-content\\\/uploads\\\/2026\\\/08\\\/12r.jpeg\",\"width\":750,\"height\":500},{\"@type\":\"BreadcrumbList\",\"@id\":\"https:\\\/\\\/zulenealves.com.br\\\/index.php\\\/2026\\\/08\\\/11\\\/sandrinho-reune-vereadores-da-base-e-mostra-a-forca-da-unidade\\\/#breadcrumb\",\"itemListElement\":[{\"@type\":\"ListItem\",\"position\":1,\"name\":\"In\u00edcio\",\"item\":\"https:\\\/\\\/zulenealves.com.br\\\/\"},{\"@type\":\"ListItem\",\"position\":2,\"name\":\"Sandrinho reune vereadores da base e mostra a for\u00e7a da unidade\"}]},{\"@type\":\"WebSite\",\"@id\":\"https:\\\/\\\/zulenealves.com.br\\\/#website\",\"url\":\"https:\\\/\\\/zulenealves.com.br\\\/\",\"name\":\"Blog Zulene Alves\",\"description\":\"\",\"potentialAction\":[{\"@type\":\"SearchAction\",\"target\":{\"@type\":\"EntryPoint\",\"urlTemplate\":\"https:\\\/\\\/zulenealves.com.br\\\/?s={search_term_string}\"},\"query-input\":{\"@type\":\"PropertyValueSpecification\",\"valueRequired\":true,\"valueName\":\"search_term_string\"}}],\"inLanguage\":\"pt-BR\"},{\"@type\":\"Person\",\"@id\":\"https:\\\/\\\/zulenealves.com.br\\\/#\\\/schema\\\/person\\\/211b267042952b9d9062603ea5230577\",\"name\":\"Zulene Alves\",\"image\":{\"@type\":\"ImageObject\",\"inLanguage\":\"pt-BR\",\"@id\":\"https:\\\/\\\/secure.gravatar.com\\\/avatar\\\/6256ae245147d58c317918f3a20dbf75c244838a7b265be12b0edacdedc94737?s=96&d=mm&r=g\",\"url\":\"https:\\\/\\\/secure.gravatar.com\\\/avatar\\\/6256ae245147d58c317918f3a20dbf75c244838a7b265be12b0edacdedc94737?s=96&d=mm&r=g\",\"contentUrl\":\"https:\\\/\\\/secure.gravatar.com\\\/avatar\\\/6256ae245147d58c317918f3a20dbf75c244838a7b265be12b0edacdedc94737?s=96&d=mm&r=g\",\"caption\":\"Zulene Alves\"},\"sameAs\":[\"https:\\\/\\\/zulenealves.com.br\\\/\"],\"url\":\"https:\\\/\\\/zulenealves.com.br\\\/index.php\\\/author\\\/zulene\\\/\"}]}<\/script>\n<!-- \/ Yoast SEO plugin. -->","yoast_head_json":{"title":"Sandrinho reune vereadores da base e mostra a for\u00e7a da unidade - Blog Zulene Alves","robots":{"index":"index","follow":"follow","max-snippet":"max-snippet:-1","max-image-preview":"max-image-preview:large","max-video-preview":"max-video-preview:-1"},"canonical":"https:\/\/zulenealves.com.br\/index.php\/2026\/08\/11\/sandrinho-reune-vereadores-da-base-e-mostra-a-forca-da-unidade\/","og_locale":"pt_BR","og_type":"article","og_title":"Sandrinho reune vereadores da base e mostra a for\u00e7a da unidade - Blog Zulene Alves","og_description":"O Prefeito de Afogados da Ingazeira, Sandrinho Palmeira, reuniu na tarde desta segunda (10) todos os vereadores da base do Governo de Afogados da Ingazeira. Na pauta, a unidade da frente popular e as estrat\u00e9gias para as elei\u00e7\u00f5es deste ano. Embora haja algumas diferencia\u00e7\u00f5es nas escolhas para as candidaturas proporcionais (estadual e federal), h\u00e1 unidade ... Leia mais","og_url":"https:\/\/zulenealves.com.br\/index.php\/2026\/08\/11\/sandrinho-reune-vereadores-da-base-e-mostra-a-forca-da-unidade\/","og_site_name":"Blog Zulene Alves","article_published_time":"2026-08-11T08:41:41+00:00","article_modified_time":"2026-08-11T08:42:03+00:00","og_image":[{"width":750,"height":500,"url":"https:\/\/zulenealves.com.br\/wp-content\/uploads\/2026\/08\/12r.jpeg","type":"image\/jpeg"}],"author":"Zulene Alves","twitter_card":"summary_large_image","twitter_misc":{"Escrito por":"Zulene Alves","Est. tempo de leitura":"2 minutos"},"schema":{"@context":"https:\/\/schema.org","@graph":[{"@type":"Article","@id":"https:\/\/zulenealves.com.br\/index.php\/2026\/08\/11\/sandrinho-reune-vereadores-da-base-e-mostra-a-forca-da-unidade\/#article","isPartOf":{"@id":"https:\/\/zulenealves.com.br\/index.php\/2026\/08\/11\/sandrinho-reune-vereadores-da-base-e-mostra-a-forca-da-unidade\/"},"author":{"name":"Zulene Alves","@id":"https:\/\/zulenealves.com.br\/#\/schema\/person\/211b267042952b9d9062603ea5230577"},"headline":"Sandrinho reune vereadores da base e mostra a for\u00e7a da unidade","datePublished":"2026-08-11T08:41:41+00:00","dateModified":"2026-08-11T08:42:03+00:00","mainEntityOfPage":{"@id":"https:\/\/zulenealves.com.br\/index.php\/2026\/08\/11\/sandrinho-reune-vereadores-da-base-e-mostra-a-forca-da-unidade\/"},"wordCount":228,"image":{"@id":"https:\/\/zulenealves.com.br\/index.php\/2026\/08\/11\/sandrinho-reune-vereadores-da-base-e-mostra-a-forca-da-unidade\/#primaryimage"},"thumbnailUrl":"https:\/\/zulenealves.com.br\/wp-content\/uploads\/2026\/08\/12r.jpeg","articleSection":["Destaque"],"inLanguage":"pt-BR"},{"@type":"WebPage","@id":"https:\/\/zulenealves.com.br\/index.php\/2026\/08\/11\/sandrinho-reune-vereadores-da-base-e-mostra-a-forca-da-unidade\/","url":"https:\/\/zulenealves.com.br\/index.php\/2026\/08\/11\/sandrinho-reune-vereadores-da-base-e-mostra-a-forca-da-unidade\/","name":"Sandrinho reune vereadores da base e mostra a for\u00e7a da unidade - Blog Zulene Alves","isPartOf":{"@id":"https:\/\/zulenealves.com.br\/#website"},"primaryImageOfPage":{"@id":"https:\/\/zulenealves.com.br\/index.php\/2026\/08\/11\/sandrinho-reune-vereadores-da-base-e-mostra-a-forca-da-unidade\/#primaryimage"},"image":{"@id":"https:\/\/zulenealves.com.br\/index.php\/2026\/08\/11\/sandrinho-reune-vereadores-da-base-e-mostra-a-forca-da-unidade\/#primaryimage"},"thumbnailUrl":"https:\/\/zulenealves.com.br\/wp-content\/uploads\/2026\/08\/12r.jpeg","datePublished":"2026-08-11T08:41:41+00:00","dateModified":"2026-08-11T08:42:03+00:00","author":{"@id":"https:\/\/zulenealves.com.br\/#\/schema\/person\/211b267042952b9d9062603ea5230577"},"breadcrumb":{"@id":"https:\/\/zulenealves.com.br\/index.php\/2026\/08\/11\/sandrinho-reune-vereadores-da-base-e-mostra-a-forca-da-unidade\/#breadcrumb"},"inLanguage":"pt-BR","potentialAction":[{"@type":"ReadAction","target":["https:\/\/zulenealves.com.br\/index.php\/2026\/08\/11\/sandrinho-reune-vereadores-da-base-e-mostra-a-forca-da-unidade\/"]}]},{"@type":"ImageObject","inLanguage":"pt-BR","@id":"https:\/\/zulenealves.com.br\/index.php\/2026\/08\/11\/sandrinho-reune-vereadores-da-base-e-mostra-a-forca-da-unidade\/#primaryimage","url":"https:\/\/zulenealves.com.br\/wp-content\/uploads\/2026\/08\/12r.jpeg","contentUrl":"https:\/\/zulenealves.com.br\/wp-content\/uploads\/2026\/08\/12r.jpeg","width":750,"height":500},{"@type":"BreadcrumbList","@id":"https:\/\/zulenealves.com.br\/index.php\/2026\/08\/11\/sandrinho-reune-vereadores-da-base-e-mostra-a-forca-da-unidade\/#breadcrumb","itemListElement":[{"@type":"ListItem","position":1,"name":"In\u00edcio","item":"https:\/\/zulenealves.com.br\/"},{"@type":"ListItem","position":2,"name":"Sandrinho reune vereadores da base e mostra a for\u00e7a da unidade"}]},{"@type":"WebSite","@id":"https:\/\/zulenealves.com.br\/#website","url":"https:\/\/zulenealves.com.br\/","name":"Blog Zulene Alves","description":"","potentialAction":[{"@type":"SearchAction","target":{"@type":"EntryPoint","urlTemplate":"https:\/\/zulenealves.com.br\/?s={search_term_string}"},"query-input":{"@type":"PropertyValueSpecification","valueRequired":true,"valueName":"search_term_string"}}],"inLanguage":"pt-BR"},{"@type":"Person","@id":"https:\/\/zulenealves.com.br\/#\/schema\/person\/211b267042952b9d9062603ea5230577","name":"Zulene Alves","image":{"@type":"ImageObject","inLanguage":"pt-BR","@id":"https:\/\/secure.gravatar.com\/avatar\/6256ae245147d58c317918f3a20dbf75c244838a7b265be12b0edacdedc94737?s=96&d=mm&r=g","url":"https:\/\/secure.gravatar.com\/avatar\/6256ae245147d58c317918f3a20dbf75c244838a7b265be12b0edacdedc94737?s=96&d=mm&r=g","contentUrl":"https:\/\/secure.gravatar.com\/avatar\/6256ae245147d58c317918f3a20dbf75c244838a7b265be12b0edacdedc94737?s=96&d=mm&r=g","caption":"Zulene Alves"},"sameAs":["https:\/\/zulenealves.com.br\/"],"url":"https:\/\/zulenealves.com.br\/index.php\/author\/zulene\/"}]}},"_links":{"self":[{"href":"https:\/\/zulenealves.com.br\/index.php\/wp-json\/wp\/v2\/posts\/50868","targetHints":{"allow":["GET"]}}],"collection":[{"href":"https:\/\/zulenealves.com.br\/index.php\/wp-json\/wp\/v2\/posts"}],"about":[{"href":"https:\/\/zulenealves.com.br\/index.php\/wp-json\/wp\/v2\/types\/post"}],"author":[{"embeddable":true,"href":"https:\/\/zulenealves.com.br\/index.php\/wp-json\/wp\/v2\/users\/2"}],"replies":[{"embeddable":true,"href":"https:\/\/zulenealves.com.br\/index.php\/wp-json\/wp\/v2\/comments?post=50868"}],"version-history":[{"count":2,"href":"https:\/\/zulenealves.com.br\/index.php\/wp-json\/wp\/v2\/posts\/50868\/revisions"}],"predecessor-version":[{"id":50871,"href":"https:\/\/zulenealves.com.br\/index.php\/wp-json\/wp\/v2\/posts\/50868\/revisions\/50871"}],"wp:featuredmedia":[{"embeddable":true,"href":"https:\/\/zulenealves.com.br\/index.php\/wp-json\/wp\/v2\/media\/50869"}],"wp:attachment":[{"href":"https:\/\/zulenealves.com.br\/index.php\/wp-json\/wp\/v2\/media?parent=50868"}],"wp:term":[{"taxonomy":"category","embeddable":true,"href":"https:\/\/zulenealves.com.br\/index.php\/wp-json\/wp\/v2\/categories?post=50868"},{"taxonomy":"post_tag","embeddable":true,"href":"https:\/\/zulenealves.com.br\/index.php\/wp-json\/wp\/v2\/tags?post=50868"}],"curies":[{"name":"wp","href":"https:\/\/api.w.org\/{rel}","templated":true}]}}