{"id":50880,"date":"2026-08-11T11:34:13","date_gmt":"2026-08-11T14:34:13","guid":{"rendered":"https:\/\/zulenealves.com.br\/?p=50880"},"modified":"2026-08-11T11:44:40","modified_gmt":"2026-08-11T14:44:40","slug":"eleicao-do-senado-fica-confusa-e-se-separa-da-disputa-entre-joao-e-raquel","status":"publish","type":"post","link":"https:\/\/zulenealves.com.br\/index.php\/2026\/08\/11\/eleicao-do-senado-fica-confusa-e-se-separa-da-disputa-entre-joao-e-raquel\/","title":{"rendered":"Elei\u00e7\u00e3o do Senado fica confusa e se separa da disputa entre Jo\u00e3o e Raquel"},"content":{"rendered":"<p style=\"text-align: justify;\"><img fetchpriority=\"high\" decoding=\"async\" class=\"aligncenter\" src=\"https:\/\/imagens.ne10.uol.com.br\/veiculos\/_midias\/jpg\/2026\/08\/04\/whatsapp_image_2026_08_04_at_06_58_14-36962617.jpeg?20260811112124?ims=800x533\" alt=\"O senador Humberto Costa, a ex-deputada federal Marilia Arraes, o deputado federal T\u00falio Gadelha, o deputado federal Mendon\u00e7a filho e o deputado federal Eduardo da Fonte\" width=\"581\" height=\"387\" \/><\/p>\n<p><strong>Por<\/strong>\u00a0<strong>Igor<\/strong> <strong>Maciel<\/strong><\/p>\n<p style=\"text-align: justify;\">A elei\u00e7\u00e3o de 2026 em Pernambuco come\u00e7a a se dividir em duas disputas quase independentes. De um lado, Raquel Lyra (PSD) e Jo\u00e3o Campos (PSB) concentraram partidos, prefeitos e lideran\u00e7as na corrida pelo Governo do Estado. Do outro, os grupos que protagonizaram a elei\u00e7\u00e3o de 2022, mas perderam espa\u00e7o na sucess\u00e3o estadual, procuram sobreviver atrav\u00e9s das duas vagas para o Senado. O resultado \u00e9 uma disputa acirrada, fragmentada e muito menos previs\u00edvel do que aquela pelo Pal\u00e1cio do Campo das Princesas.]<\/p>\n<p style=\"text-align: justify;\"><strong>Concentra\u00e7\u00e3o<\/strong><\/p>\n<p class=\"texto\" style=\"text-align: justify;\">Em 2022, a elei\u00e7\u00e3o pernambucana apresentou v\u00e1rios projetos competitivos. Mar\u00edlia Arraes, Anderson Ferreira, Miguel Coelho, Danilo Cabral e a pr\u00f3pria Raquel representavam for\u00e7as pol\u00edticas com estrutura, partidos e pretens\u00f5es de comandar o Estado. Quatro anos depois, praticamente todo esse espa\u00e7o foi ocupado por duas candidaturas.<\/p>\n<p class=\"texto\" style=\"text-align: justify;\">Raquel chegou \u00e0 elei\u00e7\u00e3o como governadora, ampliou sua base municipal e reuniu uma quantidade expressiva de antigos advers\u00e1rios. Jo\u00e3o deixou a Prefeitura do Recife com forte capital eleitoral, assumiu o comando nacional do PSB e agregou o PT e outros partidos ao seu projeto. Quem n\u00e3o se acomodou em um desses dois palanques ficou sem condi\u00e7\u00f5es pol\u00edticas de construir uma terceira candidatura relevante ao governo.<\/p>\n<p class=\"texto\" style=\"text-align: justify;\">A concentra\u00e7\u00e3o produziu uma consequ\u00eancia previs\u00edvel. Os grupos que perderam espa\u00e7o na disputa principal passaram a enxergar o Senado como destino, compensa\u00e7\u00e3o ou possibilidade de sobreviv\u00eancia. S\u00e3o duas vagas dispon\u00edveis, mandatos de oito anos e uma elei\u00e7\u00e3o na qual estruturas pol\u00edticas distintas podem disputar sem precisar apresentar um projeto completo de governo.<\/p>\n<p class=\"texto\" style=\"text-align: justify;\">Mar\u00edlia, candidata ao governo em 2022, agora concorre ao Senado pelo PDT, na chapa de Jo\u00e3o. Humberto Costa busca a reelei\u00e7\u00e3o ao lado dela e tenta preservar a posi\u00e7\u00e3o do PT como uma das principais for\u00e7as do Estado. Na chapa de Raquel, Eduardo da Fonte (PP) representa uma estrutura partid\u00e1ria e municipal pr\u00f3pria, enquanto T\u00falio Gad\u00ealha (PSD) procura ocupar um espa\u00e7o de di\u00e1logo com o eleitorado de esquerda e com os lulistas que apoiam a governadora.<\/p>\n<p class=\"texto\" style=\"text-align: justify;\">Do lado de fora dos dois palanques principais, Mendon\u00e7a Filho entrou como candidato avulso do PL. Sua presen\u00e7a ampliou a incerteza porque oferece uma alternativa ao eleitorado conservador e tamb\u00e9m atrai apoios de lideran\u00e7as que permanecem com Raquel para o governo, mas n\u00e3o aderiram integralmente aos candidatos escolhidos por ela. Miguel Coelho (Uni\u00e3o) \u00e9 a demonstra\u00e7\u00e3o mais evidente dessa separa\u00e7\u00e3o. Apoia a reelei\u00e7\u00e3o da governadora e pede voto para Mendon\u00e7a.<\/p>\n<p class=\"texto\" style=\"text-align: justify;\"><strong>Autonomia<\/strong><\/p>\n<p class=\"texto\" style=\"text-align: justify;\">A elei\u00e7\u00e3o para o Senado favorece esse tipo de combina\u00e7\u00e3o. O eleitor pernambucano ter\u00e1 dois votos e poder\u00e1 distribu\u00ed-los entre candidatos de chapas diferentes. N\u00e3o existe obriga\u00e7\u00e3o de votar na dupla apresentada pelo candidato escolhido para governador. Tamb\u00e9m n\u00e3o h\u00e1 transfer\u00eancia autom\u00e1tica entre companheiros de palanque. Cada candidato precisa construir sua pr\u00f3pria rede de apoios, convencer prefeitos e lideran\u00e7as e disputar individualmente a prefer\u00eancia do eleitor.<\/p>\n<p class=\"texto\" style=\"text-align: justify;\">Por isso, os candidatos ao Senado come\u00e7am a desenvolver campanhas progressivamente aut\u00f4nomas. As chapas oficiais continuam importantes para garantir estrutura, propaganda e associa\u00e7\u00e3o com os candidatos ao governo. Fora delas, por\u00e9m, os apoios podem atravessar as fronteiras constru\u00eddas nas conven\u00e7\u00f5es. \u00c9 isso que d\u00e1 a apar\u00eancia de \u201cbagun\u00e7a\u201d que se v\u00ea no palco politico.<\/p>\n<p class=\"texto\" style=\"text-align: justify;\">Um prefeito pode pedir voto para Raquel e apoiar apenas um de seus candidatos ao Senado. Outro pode votar em Jo\u00e3o e escolher um senador de cada palanque. Lideran\u00e7as que foram reunidas pelas candidaturas ao governo voltam a se separar quando precisam definir seus dois votos. A elei\u00e7\u00e3o estadual foi concentrada por cima e fragmentada por baixo.<\/p>\n<p class=\"texto\" style=\"text-align: justify;\">Essa caracter\u00edstica tamb\u00e9m impede que o desempenho dos candidatos ao governo seja reproduzido automaticamente no Senado. Esta deve ser uma das raras ocasi\u00f5es em que um cabe\u00e7a de chapa eleito n\u00e3o far\u00e1 os dois senadores. Raquel e Jo\u00e3o podem concentrar a maior parte dos votos para o Pal\u00e1cio sem conseguir transferir a mesma prefer\u00eancia para as duplas que apresentam. Os candidatos ao Senado carregam trajet\u00f3rias, rejei\u00e7\u00f5es, bases territoriais e v\u00ednculos partid\u00e1rios pr\u00f3prios. Alguns podem avan\u00e7ar em eleitorados que rejeitam seus companheiros de chapa. Outros podem perder votos dentro do pr\u00f3prio palanque.<\/p>\n<p class=\"texto\" style=\"text-align: justify;\"><strong>Propaganda<\/strong><\/p>\n<p class=\"texto\" style=\"text-align: justify;\">A \u00faltima oportunidade para Jo\u00e3o e Raquel chamarem o feito \u00e0 ordem vir\u00e1 com a propaganda eleitoral. Se utilizarem seu tempo, sua imagem e sua capacidade de mobiliza\u00e7\u00e3o para pedir votos de maneira clara e recorrente aos dois candidatos de suas chapas, poder\u00e3o reduzir a dispers\u00e3o e tentar organizar a escolha do eleitor.<\/p>\n<p class=\"texto\" style=\"text-align: justify;\">N\u00e3o bastar\u00e1 exibir os quatro nomes juntos ou produzir fotografias de campanha. Ser\u00e1 necess\u00e1rio explicar quem s\u00e3o os candidatos ao Senado, associ\u00e1-los ao projeto estadual e ensinar o eleitor a repetir a combina\u00e7\u00e3o completa na urna. Com dois votos dispon\u00edveis, o pedido gen\u00e9rico tende a beneficiar quem j\u00e1 possui maior lembran\u00e7a ou estrutura pr\u00f3pria.<\/p>\n<p class=\"texto\" style=\"text-align: justify;\">Se a propaganda produzir esse efeito, as chapas poder\u00e3o recuperar parte da for\u00e7a perdida nos apoios cruzados. Caso contr\u00e1rio, Pernambuco ter\u00e1 duas elei\u00e7\u00f5es paralelas em outubro. Uma relativamente organizada entre Raquel e Jo\u00e3o para o governo. Outra aberta, fragmentada e imprevis\u00edvel para o Senado.<\/p>\n<div class=\"gsp_post_data\" \r\n\t            data-post_type=\"post\" \r\n\t            data-cat=\"sem-categoria\" \r\n\t            data-modified=\"120\"\r\n\t            data-created=\"1786448053\"\r\n\t            data-title=\"Elei\u00e7\u00e3o do Senado fica confusa e se separa da disputa entre Jo\u00e3o e Raquel\" \r\n\t            data-home=\"https:\/\/zulenealves.com.br\"><\/div>","protected":false},"excerpt":{"rendered":"<p>Por\u00a0Igor Maciel A elei\u00e7\u00e3o de 2026 em Pernambuco come\u00e7a a se dividir em duas disputas quase independentes. De um lado, Raquel Lyra (PSD) e Jo\u00e3o Campos (PSB) concentraram partidos, prefeitos e lideran\u00e7as na corrida pelo Governo do Estado. Do outro, os grupos que protagonizaram a elei\u00e7\u00e3o de 2022, mas perderam espa\u00e7o na sucess\u00e3o estadual, procuram &#8230; <\/p>\n<p class=\"read-more-container\"><a title=\"Elei\u00e7\u00e3o do Senado fica confusa e se separa da disputa entre Jo\u00e3o e Raquel\" class=\"read-more button\" href=\"https:\/\/zulenealves.com.br\/index.php\/2026\/08\/11\/eleicao-do-senado-fica-confusa-e-se-separa-da-disputa-entre-joao-e-raquel\/#more-50880\" aria-label=\"More on Elei\u00e7\u00e3o do Senado fica confusa e se separa da disputa entre Jo\u00e3o e Raquel\">Leia mais<\/a><\/p>\n","protected":false},"author":2,"featured_media":0,"comment_status":"closed","ping_status":"closed","sticky":false,"template":"","format":"standard","meta":{"footnotes":""},"categories":[1],"tags":[],"class_list":["post-50880","post","type-post","status-publish","format-standard","hentry","category-sem-categoria"],"yoast_head":"<!-- This site is optimized with the Yoast SEO plugin v28.4 - https:\/\/yoast.com\/product\/yoast-seo-wordpress\/ -->\n<title>Elei\u00e7\u00e3o do Senado fica confusa e se separa da disputa entre Jo\u00e3o e Raquel - Blog Zulene Alves<\/title>\n<meta name=\"robots\" content=\"index, follow, max-snippet:-1, max-image-preview:large, max-video-preview:-1\" \/>\n<link rel=\"canonical\" href=\"https:\/\/zulenealves.com.br\/index.php\/2026\/08\/11\/eleicao-do-senado-fica-confusa-e-se-separa-da-disputa-entre-joao-e-raquel\/\" \/>\n<meta property=\"og:locale\" content=\"pt_BR\" \/>\n<meta property=\"og:type\" content=\"article\" \/>\n<meta property=\"og:title\" content=\"Elei\u00e7\u00e3o do Senado fica confusa e se separa da disputa entre Jo\u00e3o e Raquel - Blog Zulene Alves\" \/>\n<meta property=\"og:description\" content=\"Por\u00a0Igor Maciel A elei\u00e7\u00e3o de 2026 em Pernambuco come\u00e7a a se dividir em duas disputas quase independentes. De um lado, Raquel Lyra (PSD) e Jo\u00e3o Campos (PSB) concentraram partidos, prefeitos e lideran\u00e7as na corrida pelo Governo do Estado. Do outro, os grupos que protagonizaram a elei\u00e7\u00e3o de 2022, mas perderam espa\u00e7o na sucess\u00e3o estadual, procuram ... Leia mais\" \/>\n<meta property=\"og:url\" content=\"https:\/\/zulenealves.com.br\/index.php\/2026\/08\/11\/eleicao-do-senado-fica-confusa-e-se-separa-da-disputa-entre-joao-e-raquel\/\" \/>\n<meta property=\"og:site_name\" content=\"Blog Zulene Alves\" \/>\n<meta property=\"article:published_time\" content=\"2026-08-11T14:34:13+00:00\" \/>\n<meta property=\"article:modified_time\" content=\"2026-08-11T14:44:40+00:00\" \/>\n<meta property=\"og:image\" content=\"https:\/\/imagens.ne10.uol.com.br\/veiculos\/_midias\/jpg\/2026\/08\/04\/whatsapp_image_2026_08_04_at_06_58_14-36962617.jpeg?20260811112124?ims=800x533\" \/>\n<meta name=\"author\" content=\"Zulene Alves\" \/>\n<meta name=\"twitter:card\" content=\"summary_large_image\" \/>\n<meta name=\"twitter:label1\" content=\"Escrito por\" \/>\n\t<meta name=\"twitter:data1\" content=\"Zulene Alves\" \/>\n\t<meta name=\"twitter:label2\" content=\"Est. tempo de leitura\" \/>\n\t<meta name=\"twitter:data2\" content=\"5 minutos\" \/>\n<script type=\"application\/ld+json\" class=\"yoast-schema-graph\">{\"@context\":\"https:\\\/\\\/schema.org\",\"@graph\":[{\"@type\":\"Article\",\"@id\":\"https:\\\/\\\/zulenealves.com.br\\\/index.php\\\/2026\\\/08\\\/11\\\/eleicao-do-senado-fica-confusa-e-se-separa-da-disputa-entre-joao-e-raquel\\\/#article\",\"isPartOf\":{\"@id\":\"https:\\\/\\\/zulenealves.com.br\\\/index.php\\\/2026\\\/08\\\/11\\\/eleicao-do-senado-fica-confusa-e-se-separa-da-disputa-entre-joao-e-raquel\\\/\"},\"author\":{\"name\":\"Zulene Alves\",\"@id\":\"https:\\\/\\\/zulenealves.com.br\\\/#\\\/schema\\\/person\\\/211b267042952b9d9062603ea5230577\"},\"headline\":\"Elei\u00e7\u00e3o do Senado fica confusa e se separa da disputa entre Jo\u00e3o e Raquel\",\"datePublished\":\"2026-08-11T14:34:13+00:00\",\"dateModified\":\"2026-08-11T14:44:40+00:00\",\"mainEntityOfPage\":{\"@id\":\"https:\\\/\\\/zulenealves.com.br\\\/index.php\\\/2026\\\/08\\\/11\\\/eleicao-do-senado-fica-confusa-e-se-separa-da-disputa-entre-joao-e-raquel\\\/\"},\"wordCount\":934,\"image\":{\"@id\":\"https:\\\/\\\/zulenealves.com.br\\\/index.php\\\/2026\\\/08\\\/11\\\/eleicao-do-senado-fica-confusa-e-se-separa-da-disputa-entre-joao-e-raquel\\\/#primaryimage\"},\"thumbnailUrl\":\"https:\\\/\\\/imagens.ne10.uol.com.br\\\/veiculos\\\/_midias\\\/jpg\\\/2026\\\/08\\\/04\\\/whatsapp_image_2026_08_04_at_06_58_14-36962617.jpeg?20260811112124?ims=800x533\",\"inLanguage\":\"pt-BR\"},{\"@type\":\"WebPage\",\"@id\":\"https:\\\/\\\/zulenealves.com.br\\\/index.php\\\/2026\\\/08\\\/11\\\/eleicao-do-senado-fica-confusa-e-se-separa-da-disputa-entre-joao-e-raquel\\\/\",\"url\":\"https:\\\/\\\/zulenealves.com.br\\\/index.php\\\/2026\\\/08\\\/11\\\/eleicao-do-senado-fica-confusa-e-se-separa-da-disputa-entre-joao-e-raquel\\\/\",\"name\":\"Elei\u00e7\u00e3o do Senado fica confusa e se separa da disputa entre Jo\u00e3o e Raquel - Blog Zulene Alves\",\"isPartOf\":{\"@id\":\"https:\\\/\\\/zulenealves.com.br\\\/#website\"},\"primaryImageOfPage\":{\"@id\":\"https:\\\/\\\/zulenealves.com.br\\\/index.php\\\/2026\\\/08\\\/11\\\/eleicao-do-senado-fica-confusa-e-se-separa-da-disputa-entre-joao-e-raquel\\\/#primaryimage\"},\"image\":{\"@id\":\"https:\\\/\\\/zulenealves.com.br\\\/index.php\\\/2026\\\/08\\\/11\\\/eleicao-do-senado-fica-confusa-e-se-separa-da-disputa-entre-joao-e-raquel\\\/#primaryimage\"},\"thumbnailUrl\":\"https:\\\/\\\/imagens.ne10.uol.com.br\\\/veiculos\\\/_midias\\\/jpg\\\/2026\\\/08\\\/04\\\/whatsapp_image_2026_08_04_at_06_58_14-36962617.jpeg?20260811112124?ims=800x533\",\"datePublished\":\"2026-08-11T14:34:13+00:00\",\"dateModified\":\"2026-08-11T14:44:40+00:00\",\"author\":{\"@id\":\"https:\\\/\\\/zulenealves.com.br\\\/#\\\/schema\\\/person\\\/211b267042952b9d9062603ea5230577\"},\"breadcrumb\":{\"@id\":\"https:\\\/\\\/zulenealves.com.br\\\/index.php\\\/2026\\\/08\\\/11\\\/eleicao-do-senado-fica-confusa-e-se-separa-da-disputa-entre-joao-e-raquel\\\/#breadcrumb\"},\"inLanguage\":\"pt-BR\",\"potentialAction\":[{\"@type\":\"ReadAction\",\"target\":[\"https:\\\/\\\/zulenealves.com.br\\\/index.php\\\/2026\\\/08\\\/11\\\/eleicao-do-senado-fica-confusa-e-se-separa-da-disputa-entre-joao-e-raquel\\\/\"]}]},{\"@type\":\"ImageObject\",\"inLanguage\":\"pt-BR\",\"@id\":\"https:\\\/\\\/zulenealves.com.br\\\/index.php\\\/2026\\\/08\\\/11\\\/eleicao-do-senado-fica-confusa-e-se-separa-da-disputa-entre-joao-e-raquel\\\/#primaryimage\",\"url\":\"https:\\\/\\\/imagens.ne10.uol.com.br\\\/veiculos\\\/_midias\\\/jpg\\\/2026\\\/08\\\/04\\\/whatsapp_image_2026_08_04_at_06_58_14-36962617.jpeg?20260811112124?ims=800x533\",\"contentUrl\":\"https:\\\/\\\/imagens.ne10.uol.com.br\\\/veiculos\\\/_midias\\\/jpg\\\/2026\\\/08\\\/04\\\/whatsapp_image_2026_08_04_at_06_58_14-36962617.jpeg?20260811112124?ims=800x533\"},{\"@type\":\"BreadcrumbList\",\"@id\":\"https:\\\/\\\/zulenealves.com.br\\\/index.php\\\/2026\\\/08\\\/11\\\/eleicao-do-senado-fica-confusa-e-se-separa-da-disputa-entre-joao-e-raquel\\\/#breadcrumb\",\"itemListElement\":[{\"@type\":\"ListItem\",\"position\":1,\"name\":\"In\u00edcio\",\"item\":\"https:\\\/\\\/zulenealves.com.br\\\/\"},{\"@type\":\"ListItem\",\"position\":2,\"name\":\"Elei\u00e7\u00e3o do Senado fica confusa e se separa da disputa entre Jo\u00e3o e Raquel\"}]},{\"@type\":\"WebSite\",\"@id\":\"https:\\\/\\\/zulenealves.com.br\\\/#website\",\"url\":\"https:\\\/\\\/zulenealves.com.br\\\/\",\"name\":\"Blog Zulene Alves\",\"description\":\"\",\"potentialAction\":[{\"@type\":\"SearchAction\",\"target\":{\"@type\":\"EntryPoint\",\"urlTemplate\":\"https:\\\/\\\/zulenealves.com.br\\\/?s={search_term_string}\"},\"query-input\":{\"@type\":\"PropertyValueSpecification\",\"valueRequired\":true,\"valueName\":\"search_term_string\"}}],\"inLanguage\":\"pt-BR\"},{\"@type\":\"Person\",\"@id\":\"https:\\\/\\\/zulenealves.com.br\\\/#\\\/schema\\\/person\\\/211b267042952b9d9062603ea5230577\",\"name\":\"Zulene Alves\",\"image\":{\"@type\":\"ImageObject\",\"inLanguage\":\"pt-BR\",\"@id\":\"https:\\\/\\\/secure.gravatar.com\\\/avatar\\\/6256ae245147d58c317918f3a20dbf75c244838a7b265be12b0edacdedc94737?s=96&d=mm&r=g\",\"url\":\"https:\\\/\\\/secure.gravatar.com\\\/avatar\\\/6256ae245147d58c317918f3a20dbf75c244838a7b265be12b0edacdedc94737?s=96&d=mm&r=g\",\"contentUrl\":\"https:\\\/\\\/secure.gravatar.com\\\/avatar\\\/6256ae245147d58c317918f3a20dbf75c244838a7b265be12b0edacdedc94737?s=96&d=mm&r=g\",\"caption\":\"Zulene Alves\"},\"sameAs\":[\"https:\\\/\\\/zulenealves.com.br\\\/\"],\"url\":\"https:\\\/\\\/zulenealves.com.br\\\/index.php\\\/author\\\/zulene\\\/\"}]}<\/script>\n<!-- \/ Yoast SEO plugin. -->","yoast_head_json":{"title":"Elei\u00e7\u00e3o do Senado fica confusa e se separa da disputa entre Jo\u00e3o e Raquel - Blog Zulene Alves","robots":{"index":"index","follow":"follow","max-snippet":"max-snippet:-1","max-image-preview":"max-image-preview:large","max-video-preview":"max-video-preview:-1"},"canonical":"https:\/\/zulenealves.com.br\/index.php\/2026\/08\/11\/eleicao-do-senado-fica-confusa-e-se-separa-da-disputa-entre-joao-e-raquel\/","og_locale":"pt_BR","og_type":"article","og_title":"Elei\u00e7\u00e3o do Senado fica confusa e se separa da disputa entre Jo\u00e3o e Raquel - Blog Zulene Alves","og_description":"Por\u00a0Igor Maciel A elei\u00e7\u00e3o de 2026 em Pernambuco come\u00e7a a se dividir em duas disputas quase independentes. De um lado, Raquel Lyra (PSD) e Jo\u00e3o Campos (PSB) concentraram partidos, prefeitos e lideran\u00e7as na corrida pelo Governo do Estado. Do outro, os grupos que protagonizaram a elei\u00e7\u00e3o de 2022, mas perderam espa\u00e7o na sucess\u00e3o estadual, procuram ... Leia mais","og_url":"https:\/\/zulenealves.com.br\/index.php\/2026\/08\/11\/eleicao-do-senado-fica-confusa-e-se-separa-da-disputa-entre-joao-e-raquel\/","og_site_name":"Blog Zulene Alves","article_published_time":"2026-08-11T14:34:13+00:00","article_modified_time":"2026-08-11T14:44:40+00:00","og_image":[{"url":"https:\/\/imagens.ne10.uol.com.br\/veiculos\/_midias\/jpg\/2026\/08\/04\/whatsapp_image_2026_08_04_at_06_58_14-36962617.jpeg?20260811112124?ims=800x533","type":"","width":"","height":""}],"author":"Zulene Alves","twitter_card":"summary_large_image","twitter_misc":{"Escrito por":"Zulene Alves","Est. tempo de leitura":"5 minutos"},"schema":{"@context":"https:\/\/schema.org","@graph":[{"@type":"Article","@id":"https:\/\/zulenealves.com.br\/index.php\/2026\/08\/11\/eleicao-do-senado-fica-confusa-e-se-separa-da-disputa-entre-joao-e-raquel\/#article","isPartOf":{"@id":"https:\/\/zulenealves.com.br\/index.php\/2026\/08\/11\/eleicao-do-senado-fica-confusa-e-se-separa-da-disputa-entre-joao-e-raquel\/"},"author":{"name":"Zulene Alves","@id":"https:\/\/zulenealves.com.br\/#\/schema\/person\/211b267042952b9d9062603ea5230577"},"headline":"Elei\u00e7\u00e3o do Senado fica confusa e se separa da disputa entre Jo\u00e3o e Raquel","datePublished":"2026-08-11T14:34:13+00:00","dateModified":"2026-08-11T14:44:40+00:00","mainEntityOfPage":{"@id":"https:\/\/zulenealves.com.br\/index.php\/2026\/08\/11\/eleicao-do-senado-fica-confusa-e-se-separa-da-disputa-entre-joao-e-raquel\/"},"wordCount":934,"image":{"@id":"https:\/\/zulenealves.com.br\/index.php\/2026\/08\/11\/eleicao-do-senado-fica-confusa-e-se-separa-da-disputa-entre-joao-e-raquel\/#primaryimage"},"thumbnailUrl":"https:\/\/imagens.ne10.uol.com.br\/veiculos\/_midias\/jpg\/2026\/08\/04\/whatsapp_image_2026_08_04_at_06_58_14-36962617.jpeg?20260811112124?ims=800x533","inLanguage":"pt-BR"},{"@type":"WebPage","@id":"https:\/\/zulenealves.com.br\/index.php\/2026\/08\/11\/eleicao-do-senado-fica-confusa-e-se-separa-da-disputa-entre-joao-e-raquel\/","url":"https:\/\/zulenealves.com.br\/index.php\/2026\/08\/11\/eleicao-do-senado-fica-confusa-e-se-separa-da-disputa-entre-joao-e-raquel\/","name":"Elei\u00e7\u00e3o do Senado fica confusa e se separa da disputa entre Jo\u00e3o e Raquel - Blog Zulene Alves","isPartOf":{"@id":"https:\/\/zulenealves.com.br\/#website"},"primaryImageOfPage":{"@id":"https:\/\/zulenealves.com.br\/index.php\/2026\/08\/11\/eleicao-do-senado-fica-confusa-e-se-separa-da-disputa-entre-joao-e-raquel\/#primaryimage"},"image":{"@id":"https:\/\/zulenealves.com.br\/index.php\/2026\/08\/11\/eleicao-do-senado-fica-confusa-e-se-separa-da-disputa-entre-joao-e-raquel\/#primaryimage"},"thumbnailUrl":"https:\/\/imagens.ne10.uol.com.br\/veiculos\/_midias\/jpg\/2026\/08\/04\/whatsapp_image_2026_08_04_at_06_58_14-36962617.jpeg?20260811112124?ims=800x533","datePublished":"2026-08-11T14:34:13+00:00","dateModified":"2026-08-11T14:44:40+00:00","author":{"@id":"https:\/\/zulenealves.com.br\/#\/schema\/person\/211b267042952b9d9062603ea5230577"},"breadcrumb":{"@id":"https:\/\/zulenealves.com.br\/index.php\/2026\/08\/11\/eleicao-do-senado-fica-confusa-e-se-separa-da-disputa-entre-joao-e-raquel\/#breadcrumb"},"inLanguage":"pt-BR","potentialAction":[{"@type":"ReadAction","target":["https:\/\/zulenealves.com.br\/index.php\/2026\/08\/11\/eleicao-do-senado-fica-confusa-e-se-separa-da-disputa-entre-joao-e-raquel\/"]}]},{"@type":"ImageObject","inLanguage":"pt-BR","@id":"https:\/\/zulenealves.com.br\/index.php\/2026\/08\/11\/eleicao-do-senado-fica-confusa-e-se-separa-da-disputa-entre-joao-e-raquel\/#primaryimage","url":"https:\/\/imagens.ne10.uol.com.br\/veiculos\/_midias\/jpg\/2026\/08\/04\/whatsapp_image_2026_08_04_at_06_58_14-36962617.jpeg?20260811112124?ims=800x533","contentUrl":"https:\/\/imagens.ne10.uol.com.br\/veiculos\/_midias\/jpg\/2026\/08\/04\/whatsapp_image_2026_08_04_at_06_58_14-36962617.jpeg?20260811112124?ims=800x533"},{"@type":"BreadcrumbList","@id":"https:\/\/zulenealves.com.br\/index.php\/2026\/08\/11\/eleicao-do-senado-fica-confusa-e-se-separa-da-disputa-entre-joao-e-raquel\/#breadcrumb","itemListElement":[{"@type":"ListItem","position":1,"name":"In\u00edcio","item":"https:\/\/zulenealves.com.br\/"},{"@type":"ListItem","position":2,"name":"Elei\u00e7\u00e3o do Senado fica confusa e se separa da disputa entre Jo\u00e3o e Raquel"}]},{"@type":"WebSite","@id":"https:\/\/zulenealves.com.br\/#website","url":"https:\/\/zulenealves.com.br\/","name":"Blog Zulene Alves","description":"","potentialAction":[{"@type":"SearchAction","target":{"@type":"EntryPoint","urlTemplate":"https:\/\/zulenealves.com.br\/?s={search_term_string}"},"query-input":{"@type":"PropertyValueSpecification","valueRequired":true,"valueName":"search_term_string"}}],"inLanguage":"pt-BR"},{"@type":"Person","@id":"https:\/\/zulenealves.com.br\/#\/schema\/person\/211b267042952b9d9062603ea5230577","name":"Zulene Alves","image":{"@type":"ImageObject","inLanguage":"pt-BR","@id":"https:\/\/secure.gravatar.com\/avatar\/6256ae245147d58c317918f3a20dbf75c244838a7b265be12b0edacdedc94737?s=96&d=mm&r=g","url":"https:\/\/secure.gravatar.com\/avatar\/6256ae245147d58c317918f3a20dbf75c244838a7b265be12b0edacdedc94737?s=96&d=mm&r=g","contentUrl":"https:\/\/secure.gravatar.com\/avatar\/6256ae245147d58c317918f3a20dbf75c244838a7b265be12b0edacdedc94737?s=96&d=mm&r=g","caption":"Zulene Alves"},"sameAs":["https:\/\/zulenealves.com.br\/"],"url":"https:\/\/zulenealves.com.br\/index.php\/author\/zulene\/"}]}},"_links":{"self":[{"href":"https:\/\/zulenealves.com.br\/index.php\/wp-json\/wp\/v2\/posts\/50880","targetHints":{"allow":["GET"]}}],"collection":[{"href":"https:\/\/zulenealves.com.br\/index.php\/wp-json\/wp\/v2\/posts"}],"about":[{"href":"https:\/\/zulenealves.com.br\/index.php\/wp-json\/wp\/v2\/types\/post"}],"author":[{"embeddable":true,"href":"https:\/\/zulenealves.com.br\/index.php\/wp-json\/wp\/v2\/users\/2"}],"replies":[{"embeddable":true,"href":"https:\/\/zulenealves.com.br\/index.php\/wp-json\/wp\/v2\/comments?post=50880"}],"version-history":[{"count":1,"href":"https:\/\/zulenealves.com.br\/index.php\/wp-json\/wp\/v2\/posts\/50880\/revisions"}],"predecessor-version":[{"id":50881,"href":"https:\/\/zulenealves.com.br\/index.php\/wp-json\/wp\/v2\/posts\/50880\/revisions\/50881"}],"wp:attachment":[{"href":"https:\/\/zulenealves.com.br\/index.php\/wp-json\/wp\/v2\/media?parent=50880"}],"wp:term":[{"taxonomy":"category","embeddable":true,"href":"https:\/\/zulenealves.com.br\/index.php\/wp-json\/wp\/v2\/categories?post=50880"},{"taxonomy":"post_tag","embeddable":true,"href":"https:\/\/zulenealves.com.br\/index.php\/wp-json\/wp\/v2\/tags?post=50880"}],"curies":[{"name":"wp","href":"https:\/\/api.w.org\/{rel}","templated":true}]}}