{"id":50887,"date":"2026-08-12T05:50:50","date_gmt":"2026-08-12T08:50:50","guid":{"rendered":"https:\/\/zulenealves.com.br\/?p=50887"},"modified":"2026-08-12T06:03:01","modified_gmt":"2026-08-12T09:03:01","slug":"prouni-pre-selecionados-tem-ate-sexta-feira-14-para-comprovar-informacoes","status":"publish","type":"post","link":"https:\/\/zulenealves.com.br\/index.php\/2026\/08\/12\/prouni-pre-selecionados-tem-ate-sexta-feira-14-para-comprovar-informacoes\/","title":{"rendered":"Prouni: pr\u00e9-selecionados t\u00eam at\u00e9 sexta-feira (14) para comprovar informa\u00e7\u00f5es"},"content":{"rendered":"<p style=\"text-align: justify;\"><img decoding=\"async\" class=\"aligncenter\" src=\"https:\/\/cdn.brasil61.com\/r\/400x250\/gbLE2NvF4TKRh33TP5tDAn65.webp?q=70\" alt=\"Foto: Rafa Neddermeyer\/Ag\u00eancia Brasil\" \/><\/p>\n<p style=\"text-align: justify;\">Os estudantes convocados na <strong>segunda chamada do Programa Universidade para Todos (Prouni)<\/strong> t\u00eam at\u00e9 esta sexta-feira, <strong>14 de agosto<\/strong>, para apresentar os <strong>documentos que confirmam os dados informados durante a inscri\u00e7\u00e3o<\/strong>. A comprova\u00e7\u00e3o \u00e9 obrigat\u00f3ria para a concess\u00e3o da bolsa no <strong>segundo semestre de 2026<\/strong>.<\/p>\n<p style=\"text-align: justify;\">A documenta\u00e7\u00e3o deve ser apresentada diretamente \u00e0<strong> institui\u00e7\u00e3o de ensino superior para a qual o candidato foi pr\u00e9-selecionado<\/strong>. O procedimento pode ser realizado <strong>presencialmente <\/strong>ou por<strong> plataforma eletr\u00f4nica<\/strong>, conforme as regras estabelecidas por cada institui\u00e7\u00e3o.<\/p>\n<p style=\"text-align: justify;\">O <strong>Minist\u00e9rio da Educa\u00e7\u00e3o (MEC)<\/strong> orienta os estudantes a verificarem antecipadamente os <strong>hor\u00e1rios de atendimento, os canais digitais dispon\u00edveis e o local indicado para a entrega<\/strong>.<\/p>\n<p style=\"text-align: justify;\"><strong>A rela\u00e7\u00e3o dos pr\u00e9-selecionados pode ser consultada no Portal \u00danico de Acesso ao Ensino Superior.<\/strong><\/p>\n<p style=\"text-align: justify;\"><strong>Documenta\u00e7\u00e3o exigida\u00a0<\/strong><\/p>\n<p style=\"text-align: justify;\">Entre os documentos previstos est\u00e3o <strong>identifica\u00e7\u00e3o oficial com foto, comprovante de resid\u00eancia, comprovantes de renda e documentos de escolaridade<\/strong>. O candidato tamb\u00e9m deve <strong>apresentar a documenta\u00e7\u00e3o correspondente aos integrantes do grupo familiar informado na inscri\u00e7\u00e3o <\/strong>de acordo com as exig\u00eancias previstas no <strong>edital do processo seletivo<\/strong>.<\/p>\n<p style=\"text-align: justify;\">Cabe \u00e0 institui\u00e7\u00e3o analisar as informa\u00e7\u00f5es e emitir o termo de concess\u00e3o da bolsa ou de reprova\u00e7\u00e3o. <strong>O candidato que n\u00e3o apresentar a documenta\u00e7\u00e3o ou perder o prazo deixa de ter direito \u00e0 bolsa nesta chamada.\u00a0<\/strong><\/p>\n<p style=\"text-align: justify;\"><strong><span style=\"font-size: 12pt;\">Lista de espera<\/span><\/strong><\/p>\n<p style=\"text-align: justify;\">Os estudantes que <strong>n\u00e3o foram pr\u00e9-selecionados nas chamadas regulares <\/strong>ainda poder\u00e3o participar da <strong>lista de espera do Prouni<\/strong>. Para concorrer, ser\u00e1 necess\u00e1rio <strong>manifestar interesse<\/strong> nos dias <strong>26 e 27 de agosto<\/strong>.<\/p>\n<p style=\"text-align: justify;\">O resultado da lista ser\u00e1 divulgado em <strong>1\u00ba de setembro<\/strong>. Os candidatos pr\u00e9-selecionados nessa etapa dever\u00e3o<strong> comprovar as informa\u00e7\u00f5es da inscri\u00e7\u00e3o <\/strong>entre <strong>1\u00ba e 14 de setembro<\/strong>.<\/p>\n<p style=\"text-align: justify;\"><strong>Sobre o Prouni<\/strong><\/p>\n<p style=\"text-align: justify;\">Criado em <strong>2004 <\/strong>e institu\u00eddo pela <a href=\"https:\/\/www.planalto.gov.br\/ccivil_03\/_ato2004-2006\/2005\/lei\/l11096.htm\"><strong>Lei n\u00ba 11.096\/2005<\/strong><\/a>, o <strong>Prouni <\/strong>oferece <strong>bolsas integrais e parciais em institui\u00e7\u00f5es privadas de ensino superior<\/strong>. O programa realiza processos seletivos<strong> duas vezes ao ano <\/strong>e \u00e9 voltado a <strong>estudantes brasileiros sem diploma de n\u00edvel superior<\/strong>.<\/p>\n<p style=\"text-align: justify;\"><strong>Fonte: Brasil 61<\/strong><\/p>\n<div class=\"gsp_post_data\" \r\n\t            data-post_type=\"post\" \r\n\t            data-cat=\"sem-categoria\" \r\n\t            data-modified=\"120\"\r\n\t            data-created=\"1786513850\"\r\n\t            data-title=\"Prouni: pr\u00e9-selecionados t\u00eam at\u00e9 sexta-feira (14) para comprovar informa\u00e7\u00f5es\" \r\n\t            data-home=\"https:\/\/zulenealves.com.br\"><\/div>","protected":false},"excerpt":{"rendered":"<p>Os estudantes convocados na segunda chamada do Programa Universidade para Todos (Prouni) t\u00eam at\u00e9 esta sexta-feira, 14 de agosto, para apresentar os documentos que confirmam os dados informados durante a inscri\u00e7\u00e3o. A comprova\u00e7\u00e3o \u00e9 obrigat\u00f3ria para a concess\u00e3o da bolsa no segundo semestre de 2026. A documenta\u00e7\u00e3o deve ser apresentada diretamente \u00e0 institui\u00e7\u00e3o de ensino &#8230; <\/p>\n<p class=\"read-more-container\"><a title=\"Prouni: pr\u00e9-selecionados t\u00eam at\u00e9 sexta-feira (14) para comprovar informa\u00e7\u00f5es\" class=\"read-more button\" href=\"https:\/\/zulenealves.com.br\/index.php\/2026\/08\/12\/prouni-pre-selecionados-tem-ate-sexta-feira-14-para-comprovar-informacoes\/#more-50887\" aria-label=\"More on Prouni: pr\u00e9-selecionados t\u00eam at\u00e9 sexta-feira (14) para comprovar informa\u00e7\u00f5es\">Leia mais<\/a><\/p>\n","protected":false},"author":2,"featured_media":0,"comment_status":"closed","ping_status":"closed","sticky":false,"template":"","format":"standard","meta":{"footnotes":""},"categories":[1],"tags":[],"class_list":["post-50887","post","type-post","status-publish","format-standard","hentry","category-sem-categoria"],"yoast_head":"<!-- This site is optimized with the Yoast SEO plugin v28.4 - https:\/\/yoast.com\/product\/yoast-seo-wordpress\/ -->\n<title>Prouni: pr\u00e9-selecionados t\u00eam at\u00e9 sexta-feira (14) para comprovar informa\u00e7\u00f5es - Blog Zulene Alves<\/title>\n<meta name=\"robots\" content=\"index, follow, max-snippet:-1, max-image-preview:large, max-video-preview:-1\" \/>\n<link rel=\"canonical\" href=\"https:\/\/zulenealves.com.br\/index.php\/2026\/08\/12\/prouni-pre-selecionados-tem-ate-sexta-feira-14-para-comprovar-informacoes\/\" \/>\n<meta property=\"og:locale\" content=\"pt_BR\" \/>\n<meta property=\"og:type\" content=\"article\" \/>\n<meta property=\"og:title\" content=\"Prouni: pr\u00e9-selecionados t\u00eam at\u00e9 sexta-feira (14) para comprovar informa\u00e7\u00f5es - Blog Zulene Alves\" \/>\n<meta property=\"og:description\" content=\"Os estudantes convocados na segunda chamada do Programa Universidade para Todos (Prouni) t\u00eam at\u00e9 esta sexta-feira, 14 de agosto, para apresentar os documentos que confirmam os dados informados durante a inscri\u00e7\u00e3o. A comprova\u00e7\u00e3o \u00e9 obrigat\u00f3ria para a concess\u00e3o da bolsa no segundo semestre de 2026. A documenta\u00e7\u00e3o deve ser apresentada diretamente \u00e0 institui\u00e7\u00e3o de ensino ... Leia mais\" \/>\n<meta property=\"og:url\" content=\"https:\/\/zulenealves.com.br\/index.php\/2026\/08\/12\/prouni-pre-selecionados-tem-ate-sexta-feira-14-para-comprovar-informacoes\/\" \/>\n<meta property=\"og:site_name\" content=\"Blog Zulene Alves\" \/>\n<meta property=\"article:published_time\" content=\"2026-08-12T08:50:50+00:00\" \/>\n<meta property=\"article:modified_time\" content=\"2026-08-12T09:03:01+00:00\" \/>\n<meta property=\"og:image\" content=\"https:\/\/cdn.brasil61.com\/r\/400x250\/gbLE2NvF4TKRh33TP5tDAn65.webp?q=70\" \/>\n<meta name=\"author\" content=\"Zulene Alves\" \/>\n<meta name=\"twitter:card\" content=\"summary_large_image\" \/>\n<meta name=\"twitter:label1\" content=\"Escrito por\" \/>\n\t<meta name=\"twitter:data1\" content=\"Zulene Alves\" \/>\n\t<meta name=\"twitter:label2\" content=\"Est. tempo de leitura\" \/>\n\t<meta name=\"twitter:data2\" content=\"2 minutos\" \/>\n<script type=\"application\/ld+json\" class=\"yoast-schema-graph\">{\"@context\":\"https:\\\/\\\/schema.org\",\"@graph\":[{\"@type\":\"Article\",\"@id\":\"https:\\\/\\\/zulenealves.com.br\\\/index.php\\\/2026\\\/08\\\/12\\\/prouni-pre-selecionados-tem-ate-sexta-feira-14-para-comprovar-informacoes\\\/#article\",\"isPartOf\":{\"@id\":\"https:\\\/\\\/zulenealves.com.br\\\/index.php\\\/2026\\\/08\\\/12\\\/prouni-pre-selecionados-tem-ate-sexta-feira-14-para-comprovar-informacoes\\\/\"},\"author\":{\"name\":\"Zulene Alves\",\"@id\":\"https:\\\/\\\/zulenealves.com.br\\\/#\\\/schema\\\/person\\\/211b267042952b9d9062603ea5230577\"},\"headline\":\"Prouni: pr\u00e9-selecionados t\u00eam at\u00e9 sexta-feira (14) para comprovar informa\u00e7\u00f5es\",\"datePublished\":\"2026-08-12T08:50:50+00:00\",\"dateModified\":\"2026-08-12T09:03:01+00:00\",\"mainEntityOfPage\":{\"@id\":\"https:\\\/\\\/zulenealves.com.br\\\/index.php\\\/2026\\\/08\\\/12\\\/prouni-pre-selecionados-tem-ate-sexta-feira-14-para-comprovar-informacoes\\\/\"},\"wordCount\":351,\"image\":{\"@id\":\"https:\\\/\\\/zulenealves.com.br\\\/index.php\\\/2026\\\/08\\\/12\\\/prouni-pre-selecionados-tem-ate-sexta-feira-14-para-comprovar-informacoes\\\/#primaryimage\"},\"thumbnailUrl\":\"https:\\\/\\\/cdn.brasil61.com\\\/r\\\/400x250\\\/gbLE2NvF4TKRh33TP5tDAn65.webp?q=70\",\"inLanguage\":\"pt-BR\"},{\"@type\":\"WebPage\",\"@id\":\"https:\\\/\\\/zulenealves.com.br\\\/index.php\\\/2026\\\/08\\\/12\\\/prouni-pre-selecionados-tem-ate-sexta-feira-14-para-comprovar-informacoes\\\/\",\"url\":\"https:\\\/\\\/zulenealves.com.br\\\/index.php\\\/2026\\\/08\\\/12\\\/prouni-pre-selecionados-tem-ate-sexta-feira-14-para-comprovar-informacoes\\\/\",\"name\":\"Prouni: pr\u00e9-selecionados t\u00eam at\u00e9 sexta-feira (14) para comprovar informa\u00e7\u00f5es - Blog Zulene Alves\",\"isPartOf\":{\"@id\":\"https:\\\/\\\/zulenealves.com.br\\\/#website\"},\"primaryImageOfPage\":{\"@id\":\"https:\\\/\\\/zulenealves.com.br\\\/index.php\\\/2026\\\/08\\\/12\\\/prouni-pre-selecionados-tem-ate-sexta-feira-14-para-comprovar-informacoes\\\/#primaryimage\"},\"image\":{\"@id\":\"https:\\\/\\\/zulenealves.com.br\\\/index.php\\\/2026\\\/08\\\/12\\\/prouni-pre-selecionados-tem-ate-sexta-feira-14-para-comprovar-informacoes\\\/#primaryimage\"},\"thumbnailUrl\":\"https:\\\/\\\/cdn.brasil61.com\\\/r\\\/400x250\\\/gbLE2NvF4TKRh33TP5tDAn65.webp?q=70\",\"datePublished\":\"2026-08-12T08:50:50+00:00\",\"dateModified\":\"2026-08-12T09:03:01+00:00\",\"author\":{\"@id\":\"https:\\\/\\\/zulenealves.com.br\\\/#\\\/schema\\\/person\\\/211b267042952b9d9062603ea5230577\"},\"breadcrumb\":{\"@id\":\"https:\\\/\\\/zulenealves.com.br\\\/index.php\\\/2026\\\/08\\\/12\\\/prouni-pre-selecionados-tem-ate-sexta-feira-14-para-comprovar-informacoes\\\/#breadcrumb\"},\"inLanguage\":\"pt-BR\",\"potentialAction\":[{\"@type\":\"ReadAction\",\"target\":[\"https:\\\/\\\/zulenealves.com.br\\\/index.php\\\/2026\\\/08\\\/12\\\/prouni-pre-selecionados-tem-ate-sexta-feira-14-para-comprovar-informacoes\\\/\"]}]},{\"@type\":\"ImageObject\",\"inLanguage\":\"pt-BR\",\"@id\":\"https:\\\/\\\/zulenealves.com.br\\\/index.php\\\/2026\\\/08\\\/12\\\/prouni-pre-selecionados-tem-ate-sexta-feira-14-para-comprovar-informacoes\\\/#primaryimage\",\"url\":\"https:\\\/\\\/cdn.brasil61.com\\\/r\\\/400x250\\\/gbLE2NvF4TKRh33TP5tDAn65.webp?q=70\",\"contentUrl\":\"https:\\\/\\\/cdn.brasil61.com\\\/r\\\/400x250\\\/gbLE2NvF4TKRh33TP5tDAn65.webp?q=70\"},{\"@type\":\"BreadcrumbList\",\"@id\":\"https:\\\/\\\/zulenealves.com.br\\\/index.php\\\/2026\\\/08\\\/12\\\/prouni-pre-selecionados-tem-ate-sexta-feira-14-para-comprovar-informacoes\\\/#breadcrumb\",\"itemListElement\":[{\"@type\":\"ListItem\",\"position\":1,\"name\":\"In\u00edcio\",\"item\":\"https:\\\/\\\/zulenealves.com.br\\\/\"},{\"@type\":\"ListItem\",\"position\":2,\"name\":\"Prouni: pr\u00e9-selecionados t\u00eam at\u00e9 sexta-feira (14) para comprovar informa\u00e7\u00f5es\"}]},{\"@type\":\"WebSite\",\"@id\":\"https:\\\/\\\/zulenealves.com.br\\\/#website\",\"url\":\"https:\\\/\\\/zulenealves.com.br\\\/\",\"name\":\"Blog Zulene Alves\",\"description\":\"\",\"potentialAction\":[{\"@type\":\"SearchAction\",\"target\":{\"@type\":\"EntryPoint\",\"urlTemplate\":\"https:\\\/\\\/zulenealves.com.br\\\/?s={search_term_string}\"},\"query-input\":{\"@type\":\"PropertyValueSpecification\",\"valueRequired\":true,\"valueName\":\"search_term_string\"}}],\"inLanguage\":\"pt-BR\"},{\"@type\":\"Person\",\"@id\":\"https:\\\/\\\/zulenealves.com.br\\\/#\\\/schema\\\/person\\\/211b267042952b9d9062603ea5230577\",\"name\":\"Zulene Alves\",\"image\":{\"@type\":\"ImageObject\",\"inLanguage\":\"pt-BR\",\"@id\":\"https:\\\/\\\/secure.gravatar.com\\\/avatar\\\/6256ae245147d58c317918f3a20dbf75c244838a7b265be12b0edacdedc94737?s=96&d=mm&r=g\",\"url\":\"https:\\\/\\\/secure.gravatar.com\\\/avatar\\\/6256ae245147d58c317918f3a20dbf75c244838a7b265be12b0edacdedc94737?s=96&d=mm&r=g\",\"contentUrl\":\"https:\\\/\\\/secure.gravatar.com\\\/avatar\\\/6256ae245147d58c317918f3a20dbf75c244838a7b265be12b0edacdedc94737?s=96&d=mm&r=g\",\"caption\":\"Zulene Alves\"},\"sameAs\":[\"https:\\\/\\\/zulenealves.com.br\\\/\"],\"url\":\"https:\\\/\\\/zulenealves.com.br\\\/index.php\\\/author\\\/zulene\\\/\"}]}<\/script>\n<!-- \/ Yoast SEO plugin. -->","yoast_head_json":{"title":"Prouni: pr\u00e9-selecionados t\u00eam at\u00e9 sexta-feira (14) para comprovar informa\u00e7\u00f5es - Blog Zulene Alves","robots":{"index":"index","follow":"follow","max-snippet":"max-snippet:-1","max-image-preview":"max-image-preview:large","max-video-preview":"max-video-preview:-1"},"canonical":"https:\/\/zulenealves.com.br\/index.php\/2026\/08\/12\/prouni-pre-selecionados-tem-ate-sexta-feira-14-para-comprovar-informacoes\/","og_locale":"pt_BR","og_type":"article","og_title":"Prouni: pr\u00e9-selecionados t\u00eam at\u00e9 sexta-feira (14) para comprovar informa\u00e7\u00f5es - Blog Zulene Alves","og_description":"Os estudantes convocados na segunda chamada do Programa Universidade para Todos (Prouni) t\u00eam at\u00e9 esta sexta-feira, 14 de agosto, para apresentar os documentos que confirmam os dados informados durante a inscri\u00e7\u00e3o. A comprova\u00e7\u00e3o \u00e9 obrigat\u00f3ria para a concess\u00e3o da bolsa no segundo semestre de 2026. A documenta\u00e7\u00e3o deve ser apresentada diretamente \u00e0 institui\u00e7\u00e3o de ensino ... Leia mais","og_url":"https:\/\/zulenealves.com.br\/index.php\/2026\/08\/12\/prouni-pre-selecionados-tem-ate-sexta-feira-14-para-comprovar-informacoes\/","og_site_name":"Blog Zulene Alves","article_published_time":"2026-08-12T08:50:50+00:00","article_modified_time":"2026-08-12T09:03:01+00:00","og_image":[{"url":"https:\/\/cdn.brasil61.com\/r\/400x250\/gbLE2NvF4TKRh33TP5tDAn65.webp?q=70","type":"","width":"","height":""}],"author":"Zulene Alves","twitter_card":"summary_large_image","twitter_misc":{"Escrito por":"Zulene Alves","Est. tempo de leitura":"2 minutos"},"schema":{"@context":"https:\/\/schema.org","@graph":[{"@type":"Article","@id":"https:\/\/zulenealves.com.br\/index.php\/2026\/08\/12\/prouni-pre-selecionados-tem-ate-sexta-feira-14-para-comprovar-informacoes\/#article","isPartOf":{"@id":"https:\/\/zulenealves.com.br\/index.php\/2026\/08\/12\/prouni-pre-selecionados-tem-ate-sexta-feira-14-para-comprovar-informacoes\/"},"author":{"name":"Zulene Alves","@id":"https:\/\/zulenealves.com.br\/#\/schema\/person\/211b267042952b9d9062603ea5230577"},"headline":"Prouni: pr\u00e9-selecionados t\u00eam at\u00e9 sexta-feira (14) para comprovar informa\u00e7\u00f5es","datePublished":"2026-08-12T08:50:50+00:00","dateModified":"2026-08-12T09:03:01+00:00","mainEntityOfPage":{"@id":"https:\/\/zulenealves.com.br\/index.php\/2026\/08\/12\/prouni-pre-selecionados-tem-ate-sexta-feira-14-para-comprovar-informacoes\/"},"wordCount":351,"image":{"@id":"https:\/\/zulenealves.com.br\/index.php\/2026\/08\/12\/prouni-pre-selecionados-tem-ate-sexta-feira-14-para-comprovar-informacoes\/#primaryimage"},"thumbnailUrl":"https:\/\/cdn.brasil61.com\/r\/400x250\/gbLE2NvF4TKRh33TP5tDAn65.webp?q=70","inLanguage":"pt-BR"},{"@type":"WebPage","@id":"https:\/\/zulenealves.com.br\/index.php\/2026\/08\/12\/prouni-pre-selecionados-tem-ate-sexta-feira-14-para-comprovar-informacoes\/","url":"https:\/\/zulenealves.com.br\/index.php\/2026\/08\/12\/prouni-pre-selecionados-tem-ate-sexta-feira-14-para-comprovar-informacoes\/","name":"Prouni: pr\u00e9-selecionados t\u00eam at\u00e9 sexta-feira (14) para comprovar informa\u00e7\u00f5es - Blog Zulene Alves","isPartOf":{"@id":"https:\/\/zulenealves.com.br\/#website"},"primaryImageOfPage":{"@id":"https:\/\/zulenealves.com.br\/index.php\/2026\/08\/12\/prouni-pre-selecionados-tem-ate-sexta-feira-14-para-comprovar-informacoes\/#primaryimage"},"image":{"@id":"https:\/\/zulenealves.com.br\/index.php\/2026\/08\/12\/prouni-pre-selecionados-tem-ate-sexta-feira-14-para-comprovar-informacoes\/#primaryimage"},"thumbnailUrl":"https:\/\/cdn.brasil61.com\/r\/400x250\/gbLE2NvF4TKRh33TP5tDAn65.webp?q=70","datePublished":"2026-08-12T08:50:50+00:00","dateModified":"2026-08-12T09:03:01+00:00","author":{"@id":"https:\/\/zulenealves.com.br\/#\/schema\/person\/211b267042952b9d9062603ea5230577"},"breadcrumb":{"@id":"https:\/\/zulenealves.com.br\/index.php\/2026\/08\/12\/prouni-pre-selecionados-tem-ate-sexta-feira-14-para-comprovar-informacoes\/#breadcrumb"},"inLanguage":"pt-BR","potentialAction":[{"@type":"ReadAction","target":["https:\/\/zulenealves.com.br\/index.php\/2026\/08\/12\/prouni-pre-selecionados-tem-ate-sexta-feira-14-para-comprovar-informacoes\/"]}]},{"@type":"ImageObject","inLanguage":"pt-BR","@id":"https:\/\/zulenealves.com.br\/index.php\/2026\/08\/12\/prouni-pre-selecionados-tem-ate-sexta-feira-14-para-comprovar-informacoes\/#primaryimage","url":"https:\/\/cdn.brasil61.com\/r\/400x250\/gbLE2NvF4TKRh33TP5tDAn65.webp?q=70","contentUrl":"https:\/\/cdn.brasil61.com\/r\/400x250\/gbLE2NvF4TKRh33TP5tDAn65.webp?q=70"},{"@type":"BreadcrumbList","@id":"https:\/\/zulenealves.com.br\/index.php\/2026\/08\/12\/prouni-pre-selecionados-tem-ate-sexta-feira-14-para-comprovar-informacoes\/#breadcrumb","itemListElement":[{"@type":"ListItem","position":1,"name":"In\u00edcio","item":"https:\/\/zulenealves.com.br\/"},{"@type":"ListItem","position":2,"name":"Prouni: pr\u00e9-selecionados t\u00eam at\u00e9 sexta-feira (14) para comprovar informa\u00e7\u00f5es"}]},{"@type":"WebSite","@id":"https:\/\/zulenealves.com.br\/#website","url":"https:\/\/zulenealves.com.br\/","name":"Blog Zulene Alves","description":"","potentialAction":[{"@type":"SearchAction","target":{"@type":"EntryPoint","urlTemplate":"https:\/\/zulenealves.com.br\/?s={search_term_string}"},"query-input":{"@type":"PropertyValueSpecification","valueRequired":true,"valueName":"search_term_string"}}],"inLanguage":"pt-BR"},{"@type":"Person","@id":"https:\/\/zulenealves.com.br\/#\/schema\/person\/211b267042952b9d9062603ea5230577","name":"Zulene Alves","image":{"@type":"ImageObject","inLanguage":"pt-BR","@id":"https:\/\/secure.gravatar.com\/avatar\/6256ae245147d58c317918f3a20dbf75c244838a7b265be12b0edacdedc94737?s=96&d=mm&r=g","url":"https:\/\/secure.gravatar.com\/avatar\/6256ae245147d58c317918f3a20dbf75c244838a7b265be12b0edacdedc94737?s=96&d=mm&r=g","contentUrl":"https:\/\/secure.gravatar.com\/avatar\/6256ae245147d58c317918f3a20dbf75c244838a7b265be12b0edacdedc94737?s=96&d=mm&r=g","caption":"Zulene Alves"},"sameAs":["https:\/\/zulenealves.com.br\/"],"url":"https:\/\/zulenealves.com.br\/index.php\/author\/zulene\/"}]}},"_links":{"self":[{"href":"https:\/\/zulenealves.com.br\/index.php\/wp-json\/wp\/v2\/posts\/50887","targetHints":{"allow":["GET"]}}],"collection":[{"href":"https:\/\/zulenealves.com.br\/index.php\/wp-json\/wp\/v2\/posts"}],"about":[{"href":"https:\/\/zulenealves.com.br\/index.php\/wp-json\/wp\/v2\/types\/post"}],"author":[{"embeddable":true,"href":"https:\/\/zulenealves.com.br\/index.php\/wp-json\/wp\/v2\/users\/2"}],"replies":[{"embeddable":true,"href":"https:\/\/zulenealves.com.br\/index.php\/wp-json\/wp\/v2\/comments?post=50887"}],"version-history":[{"count":4,"href":"https:\/\/zulenealves.com.br\/index.php\/wp-json\/wp\/v2\/posts\/50887\/revisions"}],"predecessor-version":[{"id":50895,"href":"https:\/\/zulenealves.com.br\/index.php\/wp-json\/wp\/v2\/posts\/50887\/revisions\/50895"}],"wp:attachment":[{"href":"https:\/\/zulenealves.com.br\/index.php\/wp-json\/wp\/v2\/media?parent=50887"}],"wp:term":[{"taxonomy":"category","embeddable":true,"href":"https:\/\/zulenealves.com.br\/index.php\/wp-json\/wp\/v2\/categories?post=50887"},{"taxonomy":"post_tag","embeddable":true,"href":"https:\/\/zulenealves.com.br\/index.php\/wp-json\/wp\/v2\/tags?post=50887"}],"curies":[{"name":"wp","href":"https:\/\/api.w.org\/{rel}","templated":true}]}}