{"id":50896,"date":"2026-08-12T06:15:00","date_gmt":"2026-08-12T09:15:00","guid":{"rendered":"https:\/\/zulenealves.com.br\/?p=50896"},"modified":"2026-08-12T06:16:16","modified_gmt":"2026-08-12T09:16:16","slug":"50896","status":"publish","type":"post","link":"https:\/\/zulenealves.com.br\/index.php\/2026\/08\/12\/50896\/","title":{"rendered":"Prefeitura do Recife reconhece organiza\u00e7\u00f5es sociais e agentes de transforma\u00e7\u00e3o comprometidos com os ODS"},"content":{"rendered":"<h1 dir=\"ltr\" style=\"text-align: justify;\"><img fetchpriority=\"high\" decoding=\"async\" class=\"aligncenter wp-image-50897\" src=\"https:\/\/zulenealves.com.br\/wp-content\/uploads\/2026\/08\/66r.png\" alt=\"\" width=\"500\" height=\"667\" srcset=\"https:\/\/zulenealves.com.br\/wp-content\/uploads\/2026\/08\/66r.png 1200w, https:\/\/zulenealves.com.br\/wp-content\/uploads\/2026\/08\/66r-225x300.png 225w, https:\/\/zulenealves.com.br\/wp-content\/uploads\/2026\/08\/66r-768x1024.png 768w, https:\/\/zulenealves.com.br\/wp-content\/uploads\/2026\/08\/66r-1152x1536.png 1152w\" sizes=\"(max-width: 500px) 100vw, 500px\" \/><\/h1>\n<p dir=\"ltr\" style=\"text-align: justify;\">Cerim\u00f4nia do Bora Impactar, que acontece nesta quarta-feira (12), entregar\u00e1 cerca de 100 certificados, destacando a atua\u00e7\u00e3o do terceiro setor na promo\u00e7\u00e3o do desenvolvimento sustent\u00e1vel em seus\u00a0 territ\u00f3rios<\/p>\n<p dir=\"ltr\" style=\"text-align: justify;\">A Prefeitura do Recife, por meio da Secretaria de Transforma\u00e7\u00e3o Digital, Ci\u00eancia e Tecnologia (SECTI), realiza, nesta\u00a0 quarta-feira (12), a cerim\u00f4nia de entrega do Selo ODS Brasil e dos certificados de Agente de Mudan\u00e7a Territorial. A programa\u00e7\u00e3o acontece das 8h \u00e0s 12h, no Compaz Atriz L\u00eada Alves, no Pina, e reunir\u00e1 organiza\u00e7\u00f5es sociais e representantes de projetos que atuam na transforma\u00e7\u00e3o dos seus territ\u00f3rios.<\/p>\n<p dir=\"ltr\" style=\"text-align: justify;\">Ao todo, ser\u00e3o entregues 97 certificados. Desse total, 15 organiza\u00e7\u00f5es sociais ser\u00e3o reconhecidas pelo trabalho alinhado aos Objetivos de Desenvolvimento Sustent\u00e1vel (ODS), enquanto 82 representantes de organiza\u00e7\u00f5es e projetos sociais receber\u00e3o o reconhecimento e a habilita\u00e7\u00e3o como Agentes de Mudan\u00e7a Territorial em fun\u00e7\u00e3o da coopera\u00e7\u00e3o com o Selo ODS Brasil para Pernambuco.<\/p>\n<p dir=\"ltr\" style=\"text-align: justify;\">A cerim\u00f4nia marca a conclus\u00e3o de uma etapa da Jornada ODS, desenvolvida com organiza\u00e7\u00f5es integrantes da Rede Bora Impactar. Ao longo do processo, as entidades participaram de encontros e atividades voltados \u00e0 identifica\u00e7\u00e3o dos ODS relacionados \u00e0s suas iniciativas, ao fortalecimento institucional e \u00e0 qualifica\u00e7\u00e3o da forma como apresentam e comunicam os resultados alcan\u00e7ados.<\/p>\n<p dir=\"ltr\" style=\"text-align: justify;\">Mais do que uma entrega de certificados, a iniciativa busca valorizar e fortalecer quem atua na ponta, promovendo cidadania, inclus\u00e3o social, educa\u00e7\u00e3o, prote\u00e7\u00e3o ambiental, redu\u00e7\u00e3o das desigualdades e desenvolvimento comunit\u00e1rio. \u201cO Bora Impactar tem um papel importante ao conectar quem quer contribuir com quem j\u00e1 est\u00e1 fazendo a transforma\u00e7\u00e3o acontecer nos territ\u00f3rios. Ao reconhecer e qualificar essas organiza\u00e7\u00f5es, fortalecemos iniciativas que produzem impacto e criamos melhores condi\u00e7\u00f5es para que ampliem seus resultados, construam novas parcerias e deem visibilidade ao trabalho que realizam\u201d, destaca o secret\u00e1rio de Transforma\u00e7\u00e3o Digital, Ci\u00eancia e Tecnologia, Rafael Cunha.<\/p>\n<p dir=\"ltr\" style=\"text-align: justify;\">A programa\u00e7\u00e3o contar\u00e1 com apresenta\u00e7\u00e3o institucional do Bora Impactar e da nova vers\u00e3o da plataforma, al\u00e9m da entrega oficial dos certificados, conduzida por J\u00falia Chade, certificadora nacional do Selo ODS Brasil. Para ela, o reconhecimento valoriza o trabalho desenvolvido pelas organiza\u00e7\u00f5es e fortalece o ecossistema de impacto social. \u201cO reconhecimento demonstra o compromisso com pr\u00e1ticas alinhadas \u00e0 Agenda 2030 e valoriza solu\u00e7\u00f5es constru\u00eddas a partir das necessidades dos pr\u00f3prios territ\u00f3rios, trazendo acima de tudo mais governan\u00e7a para o Terceiro Setor. A parceria com o Bora Impactar fortalece o ecossistema de impacto social e mostra como uma iniciativa p\u00fablica pode mobilizar, qualificar e dar visibilidade a quem atua na transforma\u00e7\u00e3o social\u201d, diz.<\/p>\n<p dir=\"ltr\" style=\"text-align: justify;\">O ciclo de certifica\u00e7\u00e3o \u00e9 um desdobramento do reconhecimento concedido ao pr\u00f3prio Bora Impactar, que recebeu, em outubro de 2025, o Selo ODS Brasil, na categoria Honraria, concedido pelo Instituto Vozes da Inclus\u00e3o. A partir desse reconhecimento, a Prefeitura do Recife iniciou uma jornada de aproxima\u00e7\u00e3o com as organiza\u00e7\u00f5es sociais para disseminar a Agenda 2030 e estimular o uso dos ODS como ferramentas pr\u00e1ticas de planejamento, gest\u00e3o, comunica\u00e7\u00e3o e articula\u00e7\u00e3o de parcerias.<\/p>\n<p dir=\"ltr\" style=\"text-align: justify;\">Criado para conectar quem deseja contribuir com quem j\u00e1 transforma realidades nos territ\u00f3rios, o Bora Impactar articula organiza\u00e7\u00f5es da sociedade civil, empresas, volunt\u00e1rios, doadores e poder p\u00fablico. A iniciativa re\u00fane plataforma digital, encontros de forma\u00e7\u00e3o, imers\u00f5es e a\u00e7\u00f5es de fortalecimento das organiza\u00e7\u00f5es sociais.<\/p>\n<p dir=\"ltr\" style=\"text-align: justify;\">Durante a cerim\u00f4nia, tamb\u00e9m ser\u00e1 apresentada a nova Plataforma Bora Impactar, estruturada para ampliar a visibilidade das organiza\u00e7\u00f5es participantes e facilitar a conex\u00e3o com empresas, apoiadores e potenciais parceiros. A ferramenta reunir\u00e1 informa\u00e7\u00f5es sobre projetos, causas, territ\u00f3rios de atua\u00e7\u00e3o, necessidades e dados de impacto social.<\/p>\n<p dir=\"ltr\" style=\"text-align: justify;\"><strong>Organiza\u00e7\u00f5es que receber\u00e3o o Selo ODS<\/strong><\/p>\n<ul style=\"text-align: justify;\">\n<li dir=\"ltr\">\n<p dir=\"ltr\" role=\"presentation\">Regional Pernambuco do Project Management Institute \u2014 PMI-PE;<\/p>\n<\/li>\n<li dir=\"ltr\">\n<p dir=\"ltr\" role=\"presentation\">Casa Menina Mulher \u2014 CMM;<\/p>\n<\/li>\n<li dir=\"ltr\">\n<p dir=\"ltr\" role=\"presentation\">Associa\u00e7\u00e3o Nacional da Terceira Idade \u2014 ANATI;<\/p>\n<\/li>\n<li dir=\"ltr\">\n<p dir=\"ltr\" role=\"presentation\">Projeto Transforma\u00e7\u00e3o;<\/p>\n<\/li>\n<li dir=\"ltr\">\n<p dir=\"ltr\" role=\"presentation\">Associa\u00e7\u00e3o Beneficente O Pequeno Nazareno;<\/p>\n<\/li>\n<li dir=\"ltr\">\n<p dir=\"ltr\" role=\"presentation\">COOGEMA Social;<\/p>\n<\/li>\n<li dir=\"ltr\">\n<p dir=\"ltr\" role=\"presentation\">Casa da Comunidade do Berardo \u2014 CCB Social;<\/p>\n<\/li>\n<li dir=\"ltr\">\n<p dir=\"ltr\" role=\"presentation\">N\u00facleo de Apoio \u00e0 Crian\u00e7a com C\u00e2ncer \u2014 NACC;<\/p>\n<\/li>\n<li dir=\"ltr\">\n<p dir=\"ltr\" role=\"presentation\">N\u00facleo Comunit\u00e1rio Rua dos Casados;<\/p>\n<\/li>\n<li dir=\"ltr\">\n<p dir=\"ltr\" role=\"presentation\">Casa Vov\u00f3 Bibia de Apoio \u00e0 Fam\u00edlia;<\/p>\n<\/li>\n<li dir=\"ltr\">\n<p dir=\"ltr\" role=\"presentation\">Bloco Carnavalesco Misto Pierrot de S\u00e3o Jos\u00e9;<\/p>\n<\/li>\n<li dir=\"ltr\">\n<p dir=\"ltr\" role=\"presentation\">N\u00facleo de Base Amigos da Comunidade;<\/p>\n<\/li>\n<li dir=\"ltr\">\n<p dir=\"ltr\" role=\"presentation\">Casa da Comunidade Amigos Bradi de \u00daltima Hora;<\/p>\n<\/li>\n<li dir=\"ltr\">\n<p dir=\"ltr\" role=\"presentation\">DNA Solidariedade;<\/p>\n<\/li>\n<li dir=\"ltr\">\n<p dir=\"ltr\" role=\"presentation\">Cora\u00e7\u00e3o Quentinho Recife.<\/p>\n<\/li>\n<\/ul>\n<h2 dir=\"ltr\" style=\"text-align: justify;\"><strong><span style=\"font-size: 12pt;\">Servi\u00e7o<\/span><\/strong><\/h2>\n<p dir=\"ltr\" style=\"text-align: justify;\">Evento: Cerim\u00f4nia de Entrega do Selo ODS Brasil e dos Certificados de Agente de Mudan\u00e7a Territorial<br \/>\nData: 12 de agosto (quarta-feira)<br \/>\nHor\u00e1rio: 8h \u00e0s 12h<br \/>\nLocal: Compaz Atriz L\u00eada Alves<\/p>\n<div class=\"gsp_post_data\" \r\n\t            data-post_type=\"post\" \r\n\t            data-cat=\"sem-categoria\" \r\n\t            data-modified=\"120\"\r\n\t            data-created=\"1786515300\"\r\n\t            data-title=\"Prefeitura do Recife reconhece organiza\u00e7\u00f5es sociais e agentes de transforma\u00e7\u00e3o comprometidos com os ODS\" \r\n\t            data-home=\"https:\/\/zulenealves.com.br\"><\/div>","protected":false},"excerpt":{"rendered":"<p>Cerim\u00f4nia do Bora Impactar, que acontece nesta quarta-feira (12), entregar\u00e1 cerca de 100 certificados, destacando a atua\u00e7\u00e3o do terceiro setor na promo\u00e7\u00e3o do desenvolvimento sustent\u00e1vel em seus\u00a0 territ\u00f3rios A Prefeitura do Recife, por meio da Secretaria de Transforma\u00e7\u00e3o Digital, Ci\u00eancia e Tecnologia (SECTI), realiza, nesta\u00a0 quarta-feira (12), a cerim\u00f4nia de entrega do Selo ODS Brasil &#8230; <\/p>\n<p class=\"read-more-container\"><a title=\"Prefeitura do Recife reconhece organiza\u00e7\u00f5es sociais e agentes de transforma\u00e7\u00e3o comprometidos com os ODS\" class=\"read-more button\" href=\"https:\/\/zulenealves.com.br\/index.php\/2026\/08\/12\/50896\/#more-50896\" aria-label=\"More on Prefeitura do Recife reconhece organiza\u00e7\u00f5es sociais e agentes de transforma\u00e7\u00e3o comprometidos com os ODS\">Leia mais<\/a><\/p>\n","protected":false},"author":2,"featured_media":0,"comment_status":"closed","ping_status":"closed","sticky":false,"template":"","format":"standard","meta":{"footnotes":""},"categories":[1],"tags":[],"class_list":["post-50896","post","type-post","status-publish","format-standard","hentry","category-sem-categoria"],"yoast_head":"<!-- This site is optimized with the Yoast SEO plugin v28.4 - https:\/\/yoast.com\/product\/yoast-seo-wordpress\/ -->\n<title>Prefeitura do Recife reconhece organiza\u00e7\u00f5es sociais e agentes de transforma\u00e7\u00e3o comprometidos com os ODS - Blog Zulene Alves<\/title>\n<meta name=\"robots\" content=\"index, follow, max-snippet:-1, max-image-preview:large, max-video-preview:-1\" \/>\n<link rel=\"canonical\" href=\"https:\/\/zulenealves.com.br\/index.php\/2026\/08\/12\/50896\/\" \/>\n<meta property=\"og:locale\" content=\"pt_BR\" \/>\n<meta property=\"og:type\" content=\"article\" \/>\n<meta property=\"og:title\" content=\"Prefeitura do Recife reconhece organiza\u00e7\u00f5es sociais e agentes de transforma\u00e7\u00e3o comprometidos com os ODS - Blog Zulene Alves\" \/>\n<meta property=\"og:description\" content=\"Cerim\u00f4nia do Bora Impactar, que acontece nesta quarta-feira (12), entregar\u00e1 cerca de 100 certificados, destacando a atua\u00e7\u00e3o do terceiro setor na promo\u00e7\u00e3o do desenvolvimento sustent\u00e1vel em seus\u00a0 territ\u00f3rios A Prefeitura do Recife, por meio da Secretaria de Transforma\u00e7\u00e3o Digital, Ci\u00eancia e Tecnologia (SECTI), realiza, nesta\u00a0 quarta-feira (12), a cerim\u00f4nia de entrega do Selo ODS Brasil ... Leia mais\" \/>\n<meta property=\"og:url\" content=\"https:\/\/zulenealves.com.br\/index.php\/2026\/08\/12\/50896\/\" \/>\n<meta property=\"og:site_name\" content=\"Blog Zulene Alves\" \/>\n<meta property=\"article:published_time\" content=\"2026-08-12T09:15:00+00:00\" \/>\n<meta property=\"article:modified_time\" content=\"2026-08-12T09:16:16+00:00\" \/>\n<meta property=\"og:image\" content=\"https:\/\/zulenealves.com.br\/wp-content\/uploads\/2026\/08\/66r-768x1024.png\" \/>\n\t<meta property=\"og:image:width\" content=\"768\" \/>\n\t<meta property=\"og:image:height\" content=\"1024\" \/>\n\t<meta property=\"og:image:type\" content=\"image\/png\" \/>\n<meta name=\"author\" content=\"Zulene Alves\" \/>\n<meta name=\"twitter:card\" content=\"summary_large_image\" \/>\n<meta name=\"twitter:label1\" content=\"Escrito por\" \/>\n\t<meta name=\"twitter:data1\" content=\"Zulene Alves\" \/>\n\t<meta name=\"twitter:label2\" content=\"Est. tempo de leitura\" \/>\n\t<meta name=\"twitter:data2\" content=\"4 minutos\" \/>\n<script type=\"application\/ld+json\" class=\"yoast-schema-graph\">{\"@context\":\"https:\\\/\\\/schema.org\",\"@graph\":[{\"@type\":\"Article\",\"@id\":\"https:\\\/\\\/zulenealves.com.br\\\/index.php\\\/2026\\\/08\\\/12\\\/50896\\\/#article\",\"isPartOf\":{\"@id\":\"https:\\\/\\\/zulenealves.com.br\\\/index.php\\\/2026\\\/08\\\/12\\\/50896\\\/\"},\"author\":{\"name\":\"Zulene Alves\",\"@id\":\"https:\\\/\\\/zulenealves.com.br\\\/#\\\/schema\\\/person\\\/211b267042952b9d9062603ea5230577\"},\"headline\":\"Prefeitura do Recife reconhece organiza\u00e7\u00f5es sociais e agentes de transforma\u00e7\u00e3o comprometidos com os ODS\",\"datePublished\":\"2026-08-12T09:15:00+00:00\",\"dateModified\":\"2026-08-12T09:16:16+00:00\",\"mainEntityOfPage\":{\"@id\":\"https:\\\/\\\/zulenealves.com.br\\\/index.php\\\/2026\\\/08\\\/12\\\/50896\\\/\"},\"wordCount\":778,\"image\":{\"@id\":\"https:\\\/\\\/zulenealves.com.br\\\/index.php\\\/2026\\\/08\\\/12\\\/50896\\\/#primaryimage\"},\"thumbnailUrl\":\"https:\\\/\\\/zulenealves.com.br\\\/wp-content\\\/uploads\\\/2026\\\/08\\\/66r.png\",\"inLanguage\":\"pt-BR\"},{\"@type\":\"WebPage\",\"@id\":\"https:\\\/\\\/zulenealves.com.br\\\/index.php\\\/2026\\\/08\\\/12\\\/50896\\\/\",\"url\":\"https:\\\/\\\/zulenealves.com.br\\\/index.php\\\/2026\\\/08\\\/12\\\/50896\\\/\",\"name\":\"Prefeitura do Recife reconhece organiza\u00e7\u00f5es sociais e agentes de transforma\u00e7\u00e3o comprometidos com os ODS - Blog Zulene Alves\",\"isPartOf\":{\"@id\":\"https:\\\/\\\/zulenealves.com.br\\\/#website\"},\"primaryImageOfPage\":{\"@id\":\"https:\\\/\\\/zulenealves.com.br\\\/index.php\\\/2026\\\/08\\\/12\\\/50896\\\/#primaryimage\"},\"image\":{\"@id\":\"https:\\\/\\\/zulenealves.com.br\\\/index.php\\\/2026\\\/08\\\/12\\\/50896\\\/#primaryimage\"},\"thumbnailUrl\":\"https:\\\/\\\/zulenealves.com.br\\\/wp-content\\\/uploads\\\/2026\\\/08\\\/66r.png\",\"datePublished\":\"2026-08-12T09:15:00+00:00\",\"dateModified\":\"2026-08-12T09:16:16+00:00\",\"author\":{\"@id\":\"https:\\\/\\\/zulenealves.com.br\\\/#\\\/schema\\\/person\\\/211b267042952b9d9062603ea5230577\"},\"breadcrumb\":{\"@id\":\"https:\\\/\\\/zulenealves.com.br\\\/index.php\\\/2026\\\/08\\\/12\\\/50896\\\/#breadcrumb\"},\"inLanguage\":\"pt-BR\",\"potentialAction\":[{\"@type\":\"ReadAction\",\"target\":[\"https:\\\/\\\/zulenealves.com.br\\\/index.php\\\/2026\\\/08\\\/12\\\/50896\\\/\"]}]},{\"@type\":\"ImageObject\",\"inLanguage\":\"pt-BR\",\"@id\":\"https:\\\/\\\/zulenealves.com.br\\\/index.php\\\/2026\\\/08\\\/12\\\/50896\\\/#primaryimage\",\"url\":\"https:\\\/\\\/zulenealves.com.br\\\/wp-content\\\/uploads\\\/2026\\\/08\\\/66r.png\",\"contentUrl\":\"https:\\\/\\\/zulenealves.com.br\\\/wp-content\\\/uploads\\\/2026\\\/08\\\/66r.png\",\"width\":1200,\"height\":1600},{\"@type\":\"BreadcrumbList\",\"@id\":\"https:\\\/\\\/zulenealves.com.br\\\/index.php\\\/2026\\\/08\\\/12\\\/50896\\\/#breadcrumb\",\"itemListElement\":[{\"@type\":\"ListItem\",\"position\":1,\"name\":\"In\u00edcio\",\"item\":\"https:\\\/\\\/zulenealves.com.br\\\/\"},{\"@type\":\"ListItem\",\"position\":2,\"name\":\"Prefeitura do Recife reconhece organiza\u00e7\u00f5es sociais e agentes de transforma\u00e7\u00e3o comprometidos com os ODS\"}]},{\"@type\":\"WebSite\",\"@id\":\"https:\\\/\\\/zulenealves.com.br\\\/#website\",\"url\":\"https:\\\/\\\/zulenealves.com.br\\\/\",\"name\":\"Blog Zulene Alves\",\"description\":\"\",\"potentialAction\":[{\"@type\":\"SearchAction\",\"target\":{\"@type\":\"EntryPoint\",\"urlTemplate\":\"https:\\\/\\\/zulenealves.com.br\\\/?s={search_term_string}\"},\"query-input\":{\"@type\":\"PropertyValueSpecification\",\"valueRequired\":true,\"valueName\":\"search_term_string\"}}],\"inLanguage\":\"pt-BR\"},{\"@type\":\"Person\",\"@id\":\"https:\\\/\\\/zulenealves.com.br\\\/#\\\/schema\\\/person\\\/211b267042952b9d9062603ea5230577\",\"name\":\"Zulene Alves\",\"image\":{\"@type\":\"ImageObject\",\"inLanguage\":\"pt-BR\",\"@id\":\"https:\\\/\\\/secure.gravatar.com\\\/avatar\\\/6256ae245147d58c317918f3a20dbf75c244838a7b265be12b0edacdedc94737?s=96&d=mm&r=g\",\"url\":\"https:\\\/\\\/secure.gravatar.com\\\/avatar\\\/6256ae245147d58c317918f3a20dbf75c244838a7b265be12b0edacdedc94737?s=96&d=mm&r=g\",\"contentUrl\":\"https:\\\/\\\/secure.gravatar.com\\\/avatar\\\/6256ae245147d58c317918f3a20dbf75c244838a7b265be12b0edacdedc94737?s=96&d=mm&r=g\",\"caption\":\"Zulene Alves\"},\"sameAs\":[\"https:\\\/\\\/zulenealves.com.br\\\/\"],\"url\":\"https:\\\/\\\/zulenealves.com.br\\\/index.php\\\/author\\\/zulene\\\/\"}]}<\/script>\n<!-- \/ Yoast SEO plugin. -->","yoast_head_json":{"title":"Prefeitura do Recife reconhece organiza\u00e7\u00f5es sociais e agentes de transforma\u00e7\u00e3o comprometidos com os ODS - Blog Zulene Alves","robots":{"index":"index","follow":"follow","max-snippet":"max-snippet:-1","max-image-preview":"max-image-preview:large","max-video-preview":"max-video-preview:-1"},"canonical":"https:\/\/zulenealves.com.br\/index.php\/2026\/08\/12\/50896\/","og_locale":"pt_BR","og_type":"article","og_title":"Prefeitura do Recife reconhece organiza\u00e7\u00f5es sociais e agentes de transforma\u00e7\u00e3o comprometidos com os ODS - Blog Zulene Alves","og_description":"Cerim\u00f4nia do Bora Impactar, que acontece nesta quarta-feira (12), entregar\u00e1 cerca de 100 certificados, destacando a atua\u00e7\u00e3o do terceiro setor na promo\u00e7\u00e3o do desenvolvimento sustent\u00e1vel em seus\u00a0 territ\u00f3rios A Prefeitura do Recife, por meio da Secretaria de Transforma\u00e7\u00e3o Digital, Ci\u00eancia e Tecnologia (SECTI), realiza, nesta\u00a0 quarta-feira (12), a cerim\u00f4nia de entrega do Selo ODS Brasil ... Leia mais","og_url":"https:\/\/zulenealves.com.br\/index.php\/2026\/08\/12\/50896\/","og_site_name":"Blog Zulene Alves","article_published_time":"2026-08-12T09:15:00+00:00","article_modified_time":"2026-08-12T09:16:16+00:00","og_image":[{"width":768,"height":1024,"url":"https:\/\/zulenealves.com.br\/wp-content\/uploads\/2026\/08\/66r-768x1024.png","type":"image\/png"}],"author":"Zulene Alves","twitter_card":"summary_large_image","twitter_misc":{"Escrito por":"Zulene Alves","Est. tempo de leitura":"4 minutos"},"schema":{"@context":"https:\/\/schema.org","@graph":[{"@type":"Article","@id":"https:\/\/zulenealves.com.br\/index.php\/2026\/08\/12\/50896\/#article","isPartOf":{"@id":"https:\/\/zulenealves.com.br\/index.php\/2026\/08\/12\/50896\/"},"author":{"name":"Zulene Alves","@id":"https:\/\/zulenealves.com.br\/#\/schema\/person\/211b267042952b9d9062603ea5230577"},"headline":"Prefeitura do Recife reconhece organiza\u00e7\u00f5es sociais e agentes de transforma\u00e7\u00e3o comprometidos com os ODS","datePublished":"2026-08-12T09:15:00+00:00","dateModified":"2026-08-12T09:16:16+00:00","mainEntityOfPage":{"@id":"https:\/\/zulenealves.com.br\/index.php\/2026\/08\/12\/50896\/"},"wordCount":778,"image":{"@id":"https:\/\/zulenealves.com.br\/index.php\/2026\/08\/12\/50896\/#primaryimage"},"thumbnailUrl":"https:\/\/zulenealves.com.br\/wp-content\/uploads\/2026\/08\/66r.png","inLanguage":"pt-BR"},{"@type":"WebPage","@id":"https:\/\/zulenealves.com.br\/index.php\/2026\/08\/12\/50896\/","url":"https:\/\/zulenealves.com.br\/index.php\/2026\/08\/12\/50896\/","name":"Prefeitura do Recife reconhece organiza\u00e7\u00f5es sociais e agentes de transforma\u00e7\u00e3o comprometidos com os ODS - Blog Zulene Alves","isPartOf":{"@id":"https:\/\/zulenealves.com.br\/#website"},"primaryImageOfPage":{"@id":"https:\/\/zulenealves.com.br\/index.php\/2026\/08\/12\/50896\/#primaryimage"},"image":{"@id":"https:\/\/zulenealves.com.br\/index.php\/2026\/08\/12\/50896\/#primaryimage"},"thumbnailUrl":"https:\/\/zulenealves.com.br\/wp-content\/uploads\/2026\/08\/66r.png","datePublished":"2026-08-12T09:15:00+00:00","dateModified":"2026-08-12T09:16:16+00:00","author":{"@id":"https:\/\/zulenealves.com.br\/#\/schema\/person\/211b267042952b9d9062603ea5230577"},"breadcrumb":{"@id":"https:\/\/zulenealves.com.br\/index.php\/2026\/08\/12\/50896\/#breadcrumb"},"inLanguage":"pt-BR","potentialAction":[{"@type":"ReadAction","target":["https:\/\/zulenealves.com.br\/index.php\/2026\/08\/12\/50896\/"]}]},{"@type":"ImageObject","inLanguage":"pt-BR","@id":"https:\/\/zulenealves.com.br\/index.php\/2026\/08\/12\/50896\/#primaryimage","url":"https:\/\/zulenealves.com.br\/wp-content\/uploads\/2026\/08\/66r.png","contentUrl":"https:\/\/zulenealves.com.br\/wp-content\/uploads\/2026\/08\/66r.png","width":1200,"height":1600},{"@type":"BreadcrumbList","@id":"https:\/\/zulenealves.com.br\/index.php\/2026\/08\/12\/50896\/#breadcrumb","itemListElement":[{"@type":"ListItem","position":1,"name":"In\u00edcio","item":"https:\/\/zulenealves.com.br\/"},{"@type":"ListItem","position":2,"name":"Prefeitura do Recife reconhece organiza\u00e7\u00f5es sociais e agentes de transforma\u00e7\u00e3o comprometidos com os ODS"}]},{"@type":"WebSite","@id":"https:\/\/zulenealves.com.br\/#website","url":"https:\/\/zulenealves.com.br\/","name":"Blog Zulene Alves","description":"","potentialAction":[{"@type":"SearchAction","target":{"@type":"EntryPoint","urlTemplate":"https:\/\/zulenealves.com.br\/?s={search_term_string}"},"query-input":{"@type":"PropertyValueSpecification","valueRequired":true,"valueName":"search_term_string"}}],"inLanguage":"pt-BR"},{"@type":"Person","@id":"https:\/\/zulenealves.com.br\/#\/schema\/person\/211b267042952b9d9062603ea5230577","name":"Zulene Alves","image":{"@type":"ImageObject","inLanguage":"pt-BR","@id":"https:\/\/secure.gravatar.com\/avatar\/6256ae245147d58c317918f3a20dbf75c244838a7b265be12b0edacdedc94737?s=96&d=mm&r=g","url":"https:\/\/secure.gravatar.com\/avatar\/6256ae245147d58c317918f3a20dbf75c244838a7b265be12b0edacdedc94737?s=96&d=mm&r=g","contentUrl":"https:\/\/secure.gravatar.com\/avatar\/6256ae245147d58c317918f3a20dbf75c244838a7b265be12b0edacdedc94737?s=96&d=mm&r=g","caption":"Zulene Alves"},"sameAs":["https:\/\/zulenealves.com.br\/"],"url":"https:\/\/zulenealves.com.br\/index.php\/author\/zulene\/"}]}},"_links":{"self":[{"href":"https:\/\/zulenealves.com.br\/index.php\/wp-json\/wp\/v2\/posts\/50896","targetHints":{"allow":["GET"]}}],"collection":[{"href":"https:\/\/zulenealves.com.br\/index.php\/wp-json\/wp\/v2\/posts"}],"about":[{"href":"https:\/\/zulenealves.com.br\/index.php\/wp-json\/wp\/v2\/types\/post"}],"author":[{"embeddable":true,"href":"https:\/\/zulenealves.com.br\/index.php\/wp-json\/wp\/v2\/users\/2"}],"replies":[{"embeddable":true,"href":"https:\/\/zulenealves.com.br\/index.php\/wp-json\/wp\/v2\/comments?post=50896"}],"version-history":[{"count":2,"href":"https:\/\/zulenealves.com.br\/index.php\/wp-json\/wp\/v2\/posts\/50896\/revisions"}],"predecessor-version":[{"id":50899,"href":"https:\/\/zulenealves.com.br\/index.php\/wp-json\/wp\/v2\/posts\/50896\/revisions\/50899"}],"wp:attachment":[{"href":"https:\/\/zulenealves.com.br\/index.php\/wp-json\/wp\/v2\/media?parent=50896"}],"wp:term":[{"taxonomy":"category","embeddable":true,"href":"https:\/\/zulenealves.com.br\/index.php\/wp-json\/wp\/v2\/categories?post=50896"},{"taxonomy":"post_tag","embeddable":true,"href":"https:\/\/zulenealves.com.br\/index.php\/wp-json\/wp\/v2\/tags?post=50896"}],"curies":[{"name":"wp","href":"https:\/\/api.w.org\/{rel}","templated":true}]}}