{"id":50900,"date":"2026-08-12T08:30:05","date_gmt":"2026-08-12T11:30:05","guid":{"rendered":"https:\/\/zulenealves.com.br\/?p=50900"},"modified":"2026-08-12T08:58:18","modified_gmt":"2026-08-12T11:58:18","slug":"guerras-e-eleicao-no-brasil-elevam-cautela-para-investimentos-em-infraestrutura","status":"publish","type":"post","link":"https:\/\/zulenealves.com.br\/index.php\/2026\/08\/12\/guerras-e-eleicao-no-brasil-elevam-cautela-para-investimentos-em-infraestrutura\/","title":{"rendered":"Guerras e elei\u00e7\u00e3o no Brasil elevam cautela para investimentos em infraestrutura"},"content":{"rendered":"<figure style=\"width: 640px\" class=\"wp-caption aligncenter\"><img fetchpriority=\"high\" decoding=\"async\" src=\"https:\/\/cdn.folhape.com.br\/img\/pc\/1100\/1\/dn_arquivo\/2024\/02\/whatsapp-image-2024-02-21-at-175721.jpeg\" alt=\"O setor que lidera o interesse e a aloca\u00e7\u00e3o de recursos \u00e9 saneamento b\u00e1sico (50,4%), que precisa atingir as metas d euniversaliza\u00e7\u00e3o at\u00e9 2033\" width=\"650\" height=\"389\" \/><figcaption class=\"wp-caption-text\">O setor que lidera o interesse e a aloca\u00e7\u00e3o de recursos \u00e9 saneamento b\u00e1sico (50,4%), que precisa atingir as metas d euniversaliza\u00e7\u00e3o at\u00e9 2033 &#8211; Foto: Carolina Gon\u00e7alves\/Ag\u00eancia Brasil<\/figcaption><\/figure>\n<p class=\"subTituloDet\" style=\"text-align: justify;\"><strong><em>Pa\u00eds precisa de mais de R$ 500 bilh\u00f5es anuais para o setor; dados constam da nova edi\u00e7\u00e3o do Bar\u00f4metro da Infraestrutura Brasileira, que aponta o setor de saneamento como o mais atrativo<\/em><\/strong><\/p>\n<p style=\"text-align: justify;\">O cen\u00e1rio geopol\u00edtico, as elei\u00e7\u00f5es para presidente no horizonte, al\u00e9m de outros fatores de risco e de incerteza como juros elevados, infla\u00e7\u00e3o e reforma tribut\u00e1ria \u2014 al\u00e9m do protecionismo comercial \u2014 reduziram a confian\u00e7a das empresas para investir em infraestrutura.<\/p>\n<p style=\"text-align: justify;\">O otimismo dos investidores recuou de 54,2% para 37,8%, enquanto a avalia\u00e7\u00e3o desfavor\u00e1vel subiu de 20,4% para 30,9%. Ainda assim o pa\u00eds registrou no ano passado o maior volume de investimentos da s\u00e9rie hist\u00f3rica (iniciada em 2010), totalizando R$ 280,4 bilh\u00f5es, sendo 80% da iniciativa privada.<\/p>\n<p style=\"text-align: justify;\" data-intext-processed=\"true\">Esses dados constam do Bar\u00f4metro da Infraestrutura Brasileira, levantamento semestral realizado pela EY-Parthenon, bra\u00e7o de estrat\u00e9gia e transa\u00e7\u00f5es da consultoria EY, e pela Associa\u00e7\u00e3o Brasileira da Infraestrutura e Ind\u00fastrias de Base (Abdib). O objetivo do trabalho \u00e9 captar a opini\u00e3o de gestores, investidores e de especialistas sobre o \u00e2nimo para investir nesses projetos.Foram consultados mais de 230 fontes.<\/p>\n<p style=\"text-align: justify;\">Mesmo com n\u00famero recorde, o bar\u00f4metro da infraestrutura aponta que o Brasil ainda enfrenta um hiato anual de R$ 225 bilh\u00f5es extras necess\u00e1rios para modernizar sua infraestrutura de forma adequada nos pr\u00f3ximos dez anos. Na pr\u00e1tica, seriam necess\u00e1rios mais de R$ 500 bih\u00f5es por ano para o setor.<\/p>\n<p style=\"text-align: justify;\">\u2014 Existe uma queda significativa no otimismo, mas os n\u00fameros de investimento real continuam em patamares recordes. A instabilidade internacional \u00e9 um fator central. O prolongamento dos conflitos no Oriente M\u00e9dio gera incertezas sobre o pre\u00e7o do petr\u00f3leo, combust\u00edveis e fretes, afetando diretamente a log\u00edstica e o custo dos insumos para o setor \u2014 explica Gustavo Gusm\u00e3o, s\u00f3cio da EY-Parthenon para Governo e Infraestrutura.<\/p>\n<p style=\"text-align: justify;\">Al\u00e9m disso, o pesquisador aponta o protecionismo comercial, especialmente vindo dos EUA com a imposi\u00e7\u00e3o de taxas ao Brasil, como um gerador de inseguran\u00e7a. O cen\u00e1rio eleitoral contribui para a percep\u00e7\u00e3o de que os pr\u00f3ximos meses ser\u00e3o mais &#8220;inertes&#8221; em investimentos, tanto pela incerteza pol\u00edtica quanto por quest\u00f5es legais que restringem o an\u00fancio e a licita\u00e7\u00e3o de novos projetos em per\u00edodos pr\u00f3ximos \u00e0s elei\u00e7\u00f5es. A cautela, diz ele, \u00e9 refor\u00e7ada pela combina\u00e7\u00e3o de infla\u00e7\u00e3o, juros elevados e as incertezas operacionais trazidas pela Reforma Tribut\u00e1ria.<\/p>\n<p style=\"text-align: justify;\">Sobre o futuro pol\u00edtico, o estudo mostra que 43,9% dos respondentes acreditam que uma vit\u00f3ria da oposi\u00e7\u00e3o impactaria positivamente os investimentos. J\u00e1 em um cen\u00e1rio de continuidade do governo atual, o vi\u00e9s de cautela permanece, com 31% prevendo um impacto negativo no volume de investimentos.<!--more--><\/p>\n<p style=\"text-align: justify;\">Gusm\u00e3o ressalta que, independentemente do vencedor, o mercado exige previsibilidade macroecon\u00f4mica e sustentabilidade fiscal como condi\u00e7\u00f5es essenciais para a expans\u00e3o dos investimentos. Segundo ele, a trajet\u00f3ria de domin\u00e2ncia do setor privado deve continuar aumentando, contrastando com o investimento p\u00fablico que, em termos nominais, hoje \u00e9 inferior ao de 15 anos atr\u00e1s. Mesmo com investidores mais cautelosos, Gusm\u00e3o n\u00e3o vislumbra uma queda substancial nos investimentos este ano. Ele lembra que o pipeline de projetos continua forte e muitos contratos j\u00e1 assinados est\u00e3o entrando agora na fase efetiva de investimento.<\/p>\n<p style=\"text-align: justify;\" data-intext-processed=\"true\">Os setores que lideram o interesse e a aloca\u00e7\u00e3o de recursos s\u00e3o saneamento b\u00e1sico (50,4%), que precisa atingir as metas de universaliza\u00e7\u00e3o at\u00e9 2033 (com 99% da popula\u00e7\u00e3o com \u00e1gua pot\u00e1vel e 90% com coleta e tratamento de esgoto). Depois de saneamento, aparece o setor de rodovias (45,7%), com foco na busca de solu\u00e7\u00f5es para viabilizar trechos de menor demanda e inova\u00e7\u00f5es como o free flow. Em terceiro, aparece o setor de ferrovias (40,9%), com projetos de concess\u00e3o do governo federal que devem come\u00e7ar a sair do papel em breve, al\u00e9m das renova\u00e7\u00f5es de outorgas.<\/p>\n<p style=\"text-align: justify;\"><strong>Estados s\u00e3o refer\u00eancia<\/strong><br \/>\nDe acordo com o levantamento, os estados s\u00e3o vistos como a principal refer\u00eancia na atra\u00e7\u00e3o de investimentos porque t\u00eam sido mais expl\u00edcitos em suas agendas de investimento privado, navegando bem entre os tr\u00eas modelos principais: concess\u00f5es, Parcerias P\u00fablico Privadas (PPPs) e, em alguns casos, privatiza\u00e7\u00f5es. Al\u00e9m disso, os estados recebem um apoio indireto fundamental do Governo Federal (via BNDES e Casa Civil) na estrutura\u00e7\u00e3o de bons projetos, o que refor\u00e7a a capacidade estadual de atrair parceiros privados<\/p>\n<p style=\"text-align: justify;\">J\u00e1 os munic\u00edpios s\u00e3o considerados o maior gargalo (74% de percep\u00e7\u00e3o de baixo aproveitamento).<\/p>\n<p style=\"text-align: justify;\">\u2014 Existe uma dificuldade significativa relacionada \u00e0 capacidade de recursos humanos para estruturar projetos complexos em n\u00edvel local. Os munic\u00edpios tamb\u00e9m enfrentam maiores limita\u00e7\u00f5es de recursos financeiros para viabilizar as contrapresta\u00e7\u00f5es necess\u00e1rias em modelos de PPP \u2014 explica Gusm\u00e3o, lembrando, entretanto, que h\u00e1 uma &#8220;onda&#8221; de crescimento de concess\u00f5es nos nos munic\u00edpios em setores espec\u00edficos, como ilumina\u00e7\u00e3o p\u00fablica, agora se expandindo para a infraestrutura social, como projetos de habita\u00e7\u00e3o, escolas e unidades de sa\u00fade.<\/p>\n<p style=\"text-align: justify;\">Por<strong> Ag\u00eancia O Globo<\/strong><\/p>\n<div class=\"gsp_post_data\" \r\n\t            data-post_type=\"post\" \r\n\t            data-cat=\"economia\" \r\n\t            data-modified=\"120\"\r\n\t            data-created=\"1786523405\"\r\n\t            data-title=\"Guerras e elei\u00e7\u00e3o no Brasil elevam cautela para investimentos em infraestrutura\" \r\n\t            data-home=\"https:\/\/zulenealves.com.br\"><\/div>","protected":false},"excerpt":{"rendered":"<p>Pa\u00eds precisa de mais de R$ 500 bilh\u00f5es anuais para o setor; dados constam da nova edi\u00e7\u00e3o do Bar\u00f4metro da Infraestrutura Brasileira, que aponta o setor de saneamento como o mais atrativo O cen\u00e1rio geopol\u00edtico, as elei\u00e7\u00f5es para presidente no horizonte, al\u00e9m de outros fatores de risco e de incerteza como juros elevados, infla\u00e7\u00e3o e &#8230; <\/p>\n<p class=\"read-more-container\"><a title=\"Guerras e elei\u00e7\u00e3o no Brasil elevam cautela para investimentos em infraestrutura\" class=\"read-more button\" href=\"https:\/\/zulenealves.com.br\/index.php\/2026\/08\/12\/guerras-e-eleicao-no-brasil-elevam-cautela-para-investimentos-em-infraestrutura\/#more-50900\" aria-label=\"More on Guerras e elei\u00e7\u00e3o no Brasil elevam cautela para investimentos em infraestrutura\">Leia mais<\/a><\/p>\n","protected":false},"author":1,"featured_media":0,"comment_status":"closed","ping_status":"closed","sticky":false,"template":"","format":"standard","meta":{"footnotes":""},"categories":[18],"tags":[],"class_list":["post-50900","post","type-post","status-publish","format-standard","hentry","category-economia"],"yoast_head":"<!-- This site is optimized with the Yoast SEO plugin v28.4 - https:\/\/yoast.com\/product\/yoast-seo-wordpress\/ -->\n<title>Guerras e elei\u00e7\u00e3o no Brasil elevam cautela para investimentos em infraestrutura - Blog Zulene Alves<\/title>\n<meta name=\"robots\" content=\"index, follow, max-snippet:-1, max-image-preview:large, max-video-preview:-1\" \/>\n<link rel=\"canonical\" href=\"https:\/\/zulenealves.com.br\/index.php\/2026\/08\/12\/guerras-e-eleicao-no-brasil-elevam-cautela-para-investimentos-em-infraestrutura\/\" \/>\n<meta property=\"og:locale\" content=\"pt_BR\" \/>\n<meta property=\"og:type\" content=\"article\" \/>\n<meta property=\"og:title\" content=\"Guerras e elei\u00e7\u00e3o no Brasil elevam cautela para investimentos em infraestrutura - Blog Zulene Alves\" \/>\n<meta property=\"og:description\" content=\"Pa\u00eds precisa de mais de R$ 500 bilh\u00f5es anuais para o setor; dados constam da nova edi\u00e7\u00e3o do Bar\u00f4metro da Infraestrutura Brasileira, que aponta o setor de saneamento como o mais atrativo O cen\u00e1rio geopol\u00edtico, as elei\u00e7\u00f5es para presidente no horizonte, al\u00e9m de outros fatores de risco e de incerteza como juros elevados, infla\u00e7\u00e3o e ... Leia mais\" \/>\n<meta property=\"og:url\" content=\"https:\/\/zulenealves.com.br\/index.php\/2026\/08\/12\/guerras-e-eleicao-no-brasil-elevam-cautela-para-investimentos-em-infraestrutura\/\" \/>\n<meta property=\"og:site_name\" content=\"Blog Zulene Alves\" \/>\n<meta property=\"article:published_time\" content=\"2026-08-12T11:30:05+00:00\" \/>\n<meta property=\"article:modified_time\" content=\"2026-08-12T11:58:18+00:00\" \/>\n<meta property=\"og:image\" content=\"https:\/\/cdn.folhape.com.br\/img\/pc\/1100\/1\/dn_arquivo\/2024\/02\/whatsapp-image-2024-02-21-at-175721.jpeg\" \/>\n<meta name=\"author\" content=\"zulenealves\" \/>\n<meta name=\"twitter:card\" content=\"summary_large_image\" \/>\n<meta name=\"twitter:label1\" content=\"Escrito por\" \/>\n\t<meta name=\"twitter:data1\" content=\"zulenealves\" \/>\n\t<meta name=\"twitter:label2\" content=\"Est. tempo de leitura\" \/>\n\t<meta name=\"twitter:data2\" content=\"5 minutos\" \/>\n<script type=\"application\/ld+json\" class=\"yoast-schema-graph\">{\"@context\":\"https:\\\/\\\/schema.org\",\"@graph\":[{\"@type\":\"Article\",\"@id\":\"https:\\\/\\\/zulenealves.com.br\\\/index.php\\\/2026\\\/08\\\/12\\\/guerras-e-eleicao-no-brasil-elevam-cautela-para-investimentos-em-infraestrutura\\\/#article\",\"isPartOf\":{\"@id\":\"https:\\\/\\\/zulenealves.com.br\\\/index.php\\\/2026\\\/08\\\/12\\\/guerras-e-eleicao-no-brasil-elevam-cautela-para-investimentos-em-infraestrutura\\\/\"},\"author\":{\"name\":\"zulenealves\",\"@id\":\"https:\\\/\\\/zulenealves.com.br\\\/#\\\/schema\\\/person\\\/4076c08f761164e658f6461c6b0316ef\"},\"headline\":\"Guerras e elei\u00e7\u00e3o no Brasil elevam cautela para investimentos em infraestrutura\",\"datePublished\":\"2026-08-12T11:30:05+00:00\",\"dateModified\":\"2026-08-12T11:58:18+00:00\",\"mainEntityOfPage\":{\"@id\":\"https:\\\/\\\/zulenealves.com.br\\\/index.php\\\/2026\\\/08\\\/12\\\/guerras-e-eleicao-no-brasil-elevam-cautela-para-investimentos-em-infraestrutura\\\/\"},\"wordCount\":910,\"image\":{\"@id\":\"https:\\\/\\\/zulenealves.com.br\\\/index.php\\\/2026\\\/08\\\/12\\\/guerras-e-eleicao-no-brasil-elevam-cautela-para-investimentos-em-infraestrutura\\\/#primaryimage\"},\"thumbnailUrl\":\"https:\\\/\\\/cdn.folhape.com.br\\\/img\\\/pc\\\/1100\\\/1\\\/dn_arquivo\\\/2024\\\/02\\\/whatsapp-image-2024-02-21-at-175721.jpeg\",\"articleSection\":[\"Economia\"],\"inLanguage\":\"pt-BR\"},{\"@type\":\"WebPage\",\"@id\":\"https:\\\/\\\/zulenealves.com.br\\\/index.php\\\/2026\\\/08\\\/12\\\/guerras-e-eleicao-no-brasil-elevam-cautela-para-investimentos-em-infraestrutura\\\/\",\"url\":\"https:\\\/\\\/zulenealves.com.br\\\/index.php\\\/2026\\\/08\\\/12\\\/guerras-e-eleicao-no-brasil-elevam-cautela-para-investimentos-em-infraestrutura\\\/\",\"name\":\"Guerras e elei\u00e7\u00e3o no Brasil elevam cautela para investimentos em infraestrutura - Blog Zulene Alves\",\"isPartOf\":{\"@id\":\"https:\\\/\\\/zulenealves.com.br\\\/#website\"},\"primaryImageOfPage\":{\"@id\":\"https:\\\/\\\/zulenealves.com.br\\\/index.php\\\/2026\\\/08\\\/12\\\/guerras-e-eleicao-no-brasil-elevam-cautela-para-investimentos-em-infraestrutura\\\/#primaryimage\"},\"image\":{\"@id\":\"https:\\\/\\\/zulenealves.com.br\\\/index.php\\\/2026\\\/08\\\/12\\\/guerras-e-eleicao-no-brasil-elevam-cautela-para-investimentos-em-infraestrutura\\\/#primaryimage\"},\"thumbnailUrl\":\"https:\\\/\\\/cdn.folhape.com.br\\\/img\\\/pc\\\/1100\\\/1\\\/dn_arquivo\\\/2024\\\/02\\\/whatsapp-image-2024-02-21-at-175721.jpeg\",\"datePublished\":\"2026-08-12T11:30:05+00:00\",\"dateModified\":\"2026-08-12T11:58:18+00:00\",\"author\":{\"@id\":\"https:\\\/\\\/zulenealves.com.br\\\/#\\\/schema\\\/person\\\/4076c08f761164e658f6461c6b0316ef\"},\"breadcrumb\":{\"@id\":\"https:\\\/\\\/zulenealves.com.br\\\/index.php\\\/2026\\\/08\\\/12\\\/guerras-e-eleicao-no-brasil-elevam-cautela-para-investimentos-em-infraestrutura\\\/#breadcrumb\"},\"inLanguage\":\"pt-BR\",\"potentialAction\":[{\"@type\":\"ReadAction\",\"target\":[\"https:\\\/\\\/zulenealves.com.br\\\/index.php\\\/2026\\\/08\\\/12\\\/guerras-e-eleicao-no-brasil-elevam-cautela-para-investimentos-em-infraestrutura\\\/\"]}]},{\"@type\":\"ImageObject\",\"inLanguage\":\"pt-BR\",\"@id\":\"https:\\\/\\\/zulenealves.com.br\\\/index.php\\\/2026\\\/08\\\/12\\\/guerras-e-eleicao-no-brasil-elevam-cautela-para-investimentos-em-infraestrutura\\\/#primaryimage\",\"url\":\"https:\\\/\\\/cdn.folhape.com.br\\\/img\\\/pc\\\/1100\\\/1\\\/dn_arquivo\\\/2024\\\/02\\\/whatsapp-image-2024-02-21-at-175721.jpeg\",\"contentUrl\":\"https:\\\/\\\/cdn.folhape.com.br\\\/img\\\/pc\\\/1100\\\/1\\\/dn_arquivo\\\/2024\\\/02\\\/whatsapp-image-2024-02-21-at-175721.jpeg\"},{\"@type\":\"BreadcrumbList\",\"@id\":\"https:\\\/\\\/zulenealves.com.br\\\/index.php\\\/2026\\\/08\\\/12\\\/guerras-e-eleicao-no-brasil-elevam-cautela-para-investimentos-em-infraestrutura\\\/#breadcrumb\",\"itemListElement\":[{\"@type\":\"ListItem\",\"position\":1,\"name\":\"In\u00edcio\",\"item\":\"https:\\\/\\\/zulenealves.com.br\\\/\"},{\"@type\":\"ListItem\",\"position\":2,\"name\":\"Guerras e elei\u00e7\u00e3o no Brasil elevam cautela para investimentos em infraestrutura\"}]},{\"@type\":\"WebSite\",\"@id\":\"https:\\\/\\\/zulenealves.com.br\\\/#website\",\"url\":\"https:\\\/\\\/zulenealves.com.br\\\/\",\"name\":\"Blog Zulene Alves\",\"description\":\"\",\"potentialAction\":[{\"@type\":\"SearchAction\",\"target\":{\"@type\":\"EntryPoint\",\"urlTemplate\":\"https:\\\/\\\/zulenealves.com.br\\\/?s={search_term_string}\"},\"query-input\":{\"@type\":\"PropertyValueSpecification\",\"valueRequired\":true,\"valueName\":\"search_term_string\"}}],\"inLanguage\":\"pt-BR\"},{\"@type\":\"Person\",\"@id\":\"https:\\\/\\\/zulenealves.com.br\\\/#\\\/schema\\\/person\\\/4076c08f761164e658f6461c6b0316ef\",\"name\":\"zulenealves\",\"image\":{\"@type\":\"ImageObject\",\"inLanguage\":\"pt-BR\",\"@id\":\"https:\\\/\\\/secure.gravatar.com\\\/avatar\\\/0c6cfdd7fa501763e4ab9715fb2b12c342c6a1ace0a16a25d743cdfbb340b122?s=96&d=mm&r=g\",\"url\":\"https:\\\/\\\/secure.gravatar.com\\\/avatar\\\/0c6cfdd7fa501763e4ab9715fb2b12c342c6a1ace0a16a25d743cdfbb340b122?s=96&d=mm&r=g\",\"contentUrl\":\"https:\\\/\\\/secure.gravatar.com\\\/avatar\\\/0c6cfdd7fa501763e4ab9715fb2b12c342c6a1ace0a16a25d743cdfbb340b122?s=96&d=mm&r=g\",\"caption\":\"zulenealves\"},\"sameAs\":[\"https:\\\/\\\/zulenealves.com.br\"],\"url\":\"https:\\\/\\\/zulenealves.com.br\\\/index.php\\\/author\\\/zulenealves\\\/\"}]}<\/script>\n<!-- \/ Yoast SEO plugin. -->","yoast_head_json":{"title":"Guerras e elei\u00e7\u00e3o no Brasil elevam cautela para investimentos em infraestrutura - Blog Zulene Alves","robots":{"index":"index","follow":"follow","max-snippet":"max-snippet:-1","max-image-preview":"max-image-preview:large","max-video-preview":"max-video-preview:-1"},"canonical":"https:\/\/zulenealves.com.br\/index.php\/2026\/08\/12\/guerras-e-eleicao-no-brasil-elevam-cautela-para-investimentos-em-infraestrutura\/","og_locale":"pt_BR","og_type":"article","og_title":"Guerras e elei\u00e7\u00e3o no Brasil elevam cautela para investimentos em infraestrutura - Blog Zulene Alves","og_description":"Pa\u00eds precisa de mais de R$ 500 bilh\u00f5es anuais para o setor; dados constam da nova edi\u00e7\u00e3o do Bar\u00f4metro da Infraestrutura Brasileira, que aponta o setor de saneamento como o mais atrativo O cen\u00e1rio geopol\u00edtico, as elei\u00e7\u00f5es para presidente no horizonte, al\u00e9m de outros fatores de risco e de incerteza como juros elevados, infla\u00e7\u00e3o e ... Leia mais","og_url":"https:\/\/zulenealves.com.br\/index.php\/2026\/08\/12\/guerras-e-eleicao-no-brasil-elevam-cautela-para-investimentos-em-infraestrutura\/","og_site_name":"Blog Zulene Alves","article_published_time":"2026-08-12T11:30:05+00:00","article_modified_time":"2026-08-12T11:58:18+00:00","og_image":[{"url":"https:\/\/cdn.folhape.com.br\/img\/pc\/1100\/1\/dn_arquivo\/2024\/02\/whatsapp-image-2024-02-21-at-175721.jpeg","type":"","width":"","height":""}],"author":"zulenealves","twitter_card":"summary_large_image","twitter_misc":{"Escrito por":"zulenealves","Est. tempo de leitura":"5 minutos"},"schema":{"@context":"https:\/\/schema.org","@graph":[{"@type":"Article","@id":"https:\/\/zulenealves.com.br\/index.php\/2026\/08\/12\/guerras-e-eleicao-no-brasil-elevam-cautela-para-investimentos-em-infraestrutura\/#article","isPartOf":{"@id":"https:\/\/zulenealves.com.br\/index.php\/2026\/08\/12\/guerras-e-eleicao-no-brasil-elevam-cautela-para-investimentos-em-infraestrutura\/"},"author":{"name":"zulenealves","@id":"https:\/\/zulenealves.com.br\/#\/schema\/person\/4076c08f761164e658f6461c6b0316ef"},"headline":"Guerras e elei\u00e7\u00e3o no Brasil elevam cautela para investimentos em infraestrutura","datePublished":"2026-08-12T11:30:05+00:00","dateModified":"2026-08-12T11:58:18+00:00","mainEntityOfPage":{"@id":"https:\/\/zulenealves.com.br\/index.php\/2026\/08\/12\/guerras-e-eleicao-no-brasil-elevam-cautela-para-investimentos-em-infraestrutura\/"},"wordCount":910,"image":{"@id":"https:\/\/zulenealves.com.br\/index.php\/2026\/08\/12\/guerras-e-eleicao-no-brasil-elevam-cautela-para-investimentos-em-infraestrutura\/#primaryimage"},"thumbnailUrl":"https:\/\/cdn.folhape.com.br\/img\/pc\/1100\/1\/dn_arquivo\/2024\/02\/whatsapp-image-2024-02-21-at-175721.jpeg","articleSection":["Economia"],"inLanguage":"pt-BR"},{"@type":"WebPage","@id":"https:\/\/zulenealves.com.br\/index.php\/2026\/08\/12\/guerras-e-eleicao-no-brasil-elevam-cautela-para-investimentos-em-infraestrutura\/","url":"https:\/\/zulenealves.com.br\/index.php\/2026\/08\/12\/guerras-e-eleicao-no-brasil-elevam-cautela-para-investimentos-em-infraestrutura\/","name":"Guerras e elei\u00e7\u00e3o no Brasil elevam cautela para investimentos em infraestrutura - Blog Zulene Alves","isPartOf":{"@id":"https:\/\/zulenealves.com.br\/#website"},"primaryImageOfPage":{"@id":"https:\/\/zulenealves.com.br\/index.php\/2026\/08\/12\/guerras-e-eleicao-no-brasil-elevam-cautela-para-investimentos-em-infraestrutura\/#primaryimage"},"image":{"@id":"https:\/\/zulenealves.com.br\/index.php\/2026\/08\/12\/guerras-e-eleicao-no-brasil-elevam-cautela-para-investimentos-em-infraestrutura\/#primaryimage"},"thumbnailUrl":"https:\/\/cdn.folhape.com.br\/img\/pc\/1100\/1\/dn_arquivo\/2024\/02\/whatsapp-image-2024-02-21-at-175721.jpeg","datePublished":"2026-08-12T11:30:05+00:00","dateModified":"2026-08-12T11:58:18+00:00","author":{"@id":"https:\/\/zulenealves.com.br\/#\/schema\/person\/4076c08f761164e658f6461c6b0316ef"},"breadcrumb":{"@id":"https:\/\/zulenealves.com.br\/index.php\/2026\/08\/12\/guerras-e-eleicao-no-brasil-elevam-cautela-para-investimentos-em-infraestrutura\/#breadcrumb"},"inLanguage":"pt-BR","potentialAction":[{"@type":"ReadAction","target":["https:\/\/zulenealves.com.br\/index.php\/2026\/08\/12\/guerras-e-eleicao-no-brasil-elevam-cautela-para-investimentos-em-infraestrutura\/"]}]},{"@type":"ImageObject","inLanguage":"pt-BR","@id":"https:\/\/zulenealves.com.br\/index.php\/2026\/08\/12\/guerras-e-eleicao-no-brasil-elevam-cautela-para-investimentos-em-infraestrutura\/#primaryimage","url":"https:\/\/cdn.folhape.com.br\/img\/pc\/1100\/1\/dn_arquivo\/2024\/02\/whatsapp-image-2024-02-21-at-175721.jpeg","contentUrl":"https:\/\/cdn.folhape.com.br\/img\/pc\/1100\/1\/dn_arquivo\/2024\/02\/whatsapp-image-2024-02-21-at-175721.jpeg"},{"@type":"BreadcrumbList","@id":"https:\/\/zulenealves.com.br\/index.php\/2026\/08\/12\/guerras-e-eleicao-no-brasil-elevam-cautela-para-investimentos-em-infraestrutura\/#breadcrumb","itemListElement":[{"@type":"ListItem","position":1,"name":"In\u00edcio","item":"https:\/\/zulenealves.com.br\/"},{"@type":"ListItem","position":2,"name":"Guerras e elei\u00e7\u00e3o no Brasil elevam cautela para investimentos em infraestrutura"}]},{"@type":"WebSite","@id":"https:\/\/zulenealves.com.br\/#website","url":"https:\/\/zulenealves.com.br\/","name":"Blog Zulene Alves","description":"","potentialAction":[{"@type":"SearchAction","target":{"@type":"EntryPoint","urlTemplate":"https:\/\/zulenealves.com.br\/?s={search_term_string}"},"query-input":{"@type":"PropertyValueSpecification","valueRequired":true,"valueName":"search_term_string"}}],"inLanguage":"pt-BR"},{"@type":"Person","@id":"https:\/\/zulenealves.com.br\/#\/schema\/person\/4076c08f761164e658f6461c6b0316ef","name":"zulenealves","image":{"@type":"ImageObject","inLanguage":"pt-BR","@id":"https:\/\/secure.gravatar.com\/avatar\/0c6cfdd7fa501763e4ab9715fb2b12c342c6a1ace0a16a25d743cdfbb340b122?s=96&d=mm&r=g","url":"https:\/\/secure.gravatar.com\/avatar\/0c6cfdd7fa501763e4ab9715fb2b12c342c6a1ace0a16a25d743cdfbb340b122?s=96&d=mm&r=g","contentUrl":"https:\/\/secure.gravatar.com\/avatar\/0c6cfdd7fa501763e4ab9715fb2b12c342c6a1ace0a16a25d743cdfbb340b122?s=96&d=mm&r=g","caption":"zulenealves"},"sameAs":["https:\/\/zulenealves.com.br"],"url":"https:\/\/zulenealves.com.br\/index.php\/author\/zulenealves\/"}]}},"_links":{"self":[{"href":"https:\/\/zulenealves.com.br\/index.php\/wp-json\/wp\/v2\/posts\/50900","targetHints":{"allow":["GET"]}}],"collection":[{"href":"https:\/\/zulenealves.com.br\/index.php\/wp-json\/wp\/v2\/posts"}],"about":[{"href":"https:\/\/zulenealves.com.br\/index.php\/wp-json\/wp\/v2\/types\/post"}],"author":[{"embeddable":true,"href":"https:\/\/zulenealves.com.br\/index.php\/wp-json\/wp\/v2\/users\/1"}],"replies":[{"embeddable":true,"href":"https:\/\/zulenealves.com.br\/index.php\/wp-json\/wp\/v2\/comments?post=50900"}],"version-history":[{"count":1,"href":"https:\/\/zulenealves.com.br\/index.php\/wp-json\/wp\/v2\/posts\/50900\/revisions"}],"predecessor-version":[{"id":50901,"href":"https:\/\/zulenealves.com.br\/index.php\/wp-json\/wp\/v2\/posts\/50900\/revisions\/50901"}],"wp:attachment":[{"href":"https:\/\/zulenealves.com.br\/index.php\/wp-json\/wp\/v2\/media?parent=50900"}],"wp:term":[{"taxonomy":"category","embeddable":true,"href":"https:\/\/zulenealves.com.br\/index.php\/wp-json\/wp\/v2\/categories?post=50900"},{"taxonomy":"post_tag","embeddable":true,"href":"https:\/\/zulenealves.com.br\/index.php\/wp-json\/wp\/v2\/tags?post=50900"}],"curies":[{"name":"wp","href":"https:\/\/api.w.org\/{rel}","templated":true}]}}