{"id":50902,"date":"2026-08-12T07:00:27","date_gmt":"2026-08-12T10:00:27","guid":{"rendered":"https:\/\/zulenealves.com.br\/?p=50902"},"modified":"2026-08-12T09:04:31","modified_gmt":"2026-08-12T12:04:31","slug":"lula-usa-chapeu-pela-primeira-vez-em-foto-de-urna-tse-flexibilizou-regra-em-2022","status":"publish","type":"post","link":"https:\/\/zulenealves.com.br\/index.php\/2026\/08\/12\/lula-usa-chapeu-pela-primeira-vez-em-foto-de-urna-tse-flexibilizou-regra-em-2022\/","title":{"rendered":"Lula usa chap\u00e9u pela primeira vez em foto de urna; TSE flexibilizou regra em 2022"},"content":{"rendered":"<figure style=\"width: 624px\" class=\"wp-caption aligncenter\"><img fetchpriority=\"high\" decoding=\"async\" src=\"https:\/\/cdn.folhape.com.br\/img\/pc\/1100\/1\/dn_arquivo\/2026\/07\/afp-20260729-c3ez8vh-v1-midres-brazilgovernmentwho.jpg\" alt=\"Lula registrou no TSE foto com chap\u00e9u\" width=\"634\" height=\"424\" \/><figcaption class=\"wp-caption-text\">Lula registrou no TSE foto com chap\u00e9u &#8211; Foto: Pablo Porciuncula\/AFP<\/figcaption><\/figure>\n<p class=\"subTituloDet\" style=\"text-align: justify;\"><em><strong>O petista concorre \u00e0 Presid\u00eancia desde 1989<\/strong><\/em><\/p>\n<p style=\"text-align: justify;\">O presidente Luiz In\u00e1cio Lula da Silva (PT) registrou no Tribunal Superior Eleitoral (TSE) a foto que vai identific\u00e1-lo na urna eletr\u00f4nicas nas elei\u00e7\u00f5es de 2026. Lula concorre \u00e0 Presid\u00eancia desde 1989 e, pela primeira vez, usar\u00e1 um chap\u00e9u na imagem.<\/p>\n<p style=\"text-align: justify;\">A regra eleitoral, em princ\u00edpio, veda o uso de adornos na foto de urna. Uma resolu\u00e7\u00e3o do TSE, de 2019, pro\u00edbe elementos c\u00eanicos e adere\u00e7os que possam dificultar o reconhecimento do candidato pelo eleitor.<\/p>\n<p style=\"text-align: justify;\">No entanto, uma decis\u00e3o da Corte de 2022 flexibilizou essa regra Na ocasi\u00e3o, o tribunal autorizou o candidato a deputado federal Douglas Belchior a usar bon\u00e9 de aba reta na foto de urna. O entendimento foi que o acess\u00f3rio representava sua identidade \u00e9tnica e sua liga\u00e7\u00e3o com a cultura rapper.<\/p>\n<p style=\"text-align: justify;\">No caso de Lula, por\u00e9m, o uso do acess\u00f3rio tem motiva\u00e7\u00e3o m\u00e9dica. Em outubro de 2024, ap\u00f3s uma cirurgia na cabe\u00e7a decorrente de uma queda no banheiro do Pal\u00e1cio do Planalto, o presidente apareceu em p\u00fablico com o acess\u00f3rio.<\/p>\n<p style=\"text-align: justify;\" data-intext-processed=\"true\">Em dezembro do mesmo ano, precisou passar por uma segunda cirurgia de emerg\u00eancia para drenar um hematoma causado pela mesma queda &#8211; e voltou a usar o mesmo modelo de chap\u00e9u.<\/p>\n<p style=\"text-align: justify;\">Em abril de 2026, Lula passou pela retirada de uma les\u00e3o de pele no couro cabeludo, um carcinoma basocelular (tipo mais comum de c\u00e2ncer de pele, causado por exposi\u00e7\u00e3o solar). Para proteger a \u00e1rea durante a cicatriza\u00e7\u00e3o, o m\u00e9dico recomendou o uso de curativos e chap\u00e9u.<\/p>\n<p style=\"text-align: justify;\">Desde ent\u00e3o, o acess\u00f3rio \u2014 um modelo Panam\u00e1 da marca Sarquis by ABA \u2014 passou a acompanhar o presidente em compromissos oficiais. Modelos semelhantes ao de Lula s\u00e3o comercializados por cerca de R$ 1,5 mil no site oficial da marca.<\/p>\n<p style=\"text-align: justify;\"><span style=\"font-size: 10pt;\">Por<strong> Estad\u00e3o Conte\u00fado<\/strong><\/span><\/p>\n<div class=\"gsp_post_data\" \r\n\t            data-post_type=\"post\" \r\n\t            data-cat=\"politica\" \r\n\t            data-modified=\"120\"\r\n\t            data-created=\"1786518027\"\r\n\t            data-title=\"Lula usa chap\u00e9u pela primeira vez em foto de urna; TSE flexibilizou regra em 2022\" \r\n\t            data-home=\"https:\/\/zulenealves.com.br\"><\/div>","protected":false},"excerpt":{"rendered":"<p>O petista concorre \u00e0 Presid\u00eancia desde 1989 O presidente Luiz In\u00e1cio Lula da Silva (PT) registrou no Tribunal Superior Eleitoral (TSE) a foto que vai identific\u00e1-lo na urna eletr\u00f4nicas nas elei\u00e7\u00f5es de 2026. Lula concorre \u00e0 Presid\u00eancia desde 1989 e, pela primeira vez, usar\u00e1 um chap\u00e9u na imagem. A regra eleitoral, em princ\u00edpio, veda o &#8230; <\/p>\n<p class=\"read-more-container\"><a title=\"Lula usa chap\u00e9u pela primeira vez em foto de urna; TSE flexibilizou regra em 2022\" class=\"read-more button\" href=\"https:\/\/zulenealves.com.br\/index.php\/2026\/08\/12\/lula-usa-chapeu-pela-primeira-vez-em-foto-de-urna-tse-flexibilizou-regra-em-2022\/#more-50902\" aria-label=\"More on Lula usa chap\u00e9u pela primeira vez em foto de urna; TSE flexibilizou regra em 2022\">Leia mais<\/a><\/p>\n","protected":false},"author":1,"featured_media":0,"comment_status":"closed","ping_status":"closed","sticky":false,"template":"","format":"standard","meta":{"footnotes":""},"categories":[12],"tags":[],"class_list":["post-50902","post","type-post","status-publish","format-standard","hentry","category-politica"],"yoast_head":"<!-- This site is optimized with the Yoast SEO plugin v28.4 - https:\/\/yoast.com\/product\/yoast-seo-wordpress\/ -->\n<title>Lula usa chap\u00e9u pela primeira vez em foto de urna; TSE flexibilizou regra em 2022 - Blog Zulene Alves<\/title>\n<meta name=\"robots\" content=\"index, follow, max-snippet:-1, max-image-preview:large, max-video-preview:-1\" \/>\n<link rel=\"canonical\" href=\"https:\/\/zulenealves.com.br\/index.php\/2026\/08\/12\/lula-usa-chapeu-pela-primeira-vez-em-foto-de-urna-tse-flexibilizou-regra-em-2022\/\" \/>\n<meta property=\"og:locale\" content=\"pt_BR\" \/>\n<meta property=\"og:type\" content=\"article\" \/>\n<meta property=\"og:title\" content=\"Lula usa chap\u00e9u pela primeira vez em foto de urna; TSE flexibilizou regra em 2022 - Blog Zulene Alves\" \/>\n<meta property=\"og:description\" content=\"O petista concorre \u00e0 Presid\u00eancia desde 1989 O presidente Luiz In\u00e1cio Lula da Silva (PT) registrou no Tribunal Superior Eleitoral (TSE) a foto que vai identific\u00e1-lo na urna eletr\u00f4nicas nas elei\u00e7\u00f5es de 2026. Lula concorre \u00e0 Presid\u00eancia desde 1989 e, pela primeira vez, usar\u00e1 um chap\u00e9u na imagem. A regra eleitoral, em princ\u00edpio, veda o ... Leia mais\" \/>\n<meta property=\"og:url\" content=\"https:\/\/zulenealves.com.br\/index.php\/2026\/08\/12\/lula-usa-chapeu-pela-primeira-vez-em-foto-de-urna-tse-flexibilizou-regra-em-2022\/\" \/>\n<meta property=\"og:site_name\" content=\"Blog Zulene Alves\" \/>\n<meta property=\"article:published_time\" content=\"2026-08-12T10:00:27+00:00\" \/>\n<meta property=\"article:modified_time\" content=\"2026-08-12T12:04:31+00:00\" \/>\n<meta property=\"og:image\" content=\"https:\/\/cdn.folhape.com.br\/img\/pc\/1100\/1\/dn_arquivo\/2026\/07\/afp-20260729-c3ez8vh-v1-midres-brazilgovernmentwho.jpg\" \/>\n<meta name=\"author\" content=\"zulenealves\" \/>\n<meta name=\"twitter:card\" content=\"summary_large_image\" \/>\n<meta name=\"twitter:label1\" content=\"Escrito por\" \/>\n\t<meta name=\"twitter:data1\" content=\"zulenealves\" \/>\n\t<meta name=\"twitter:label2\" content=\"Est. tempo de leitura\" \/>\n\t<meta name=\"twitter:data2\" content=\"2 minutos\" \/>\n<script type=\"application\/ld+json\" class=\"yoast-schema-graph\">{\"@context\":\"https:\\\/\\\/schema.org\",\"@graph\":[{\"@type\":\"Article\",\"@id\":\"https:\\\/\\\/zulenealves.com.br\\\/index.php\\\/2026\\\/08\\\/12\\\/lula-usa-chapeu-pela-primeira-vez-em-foto-de-urna-tse-flexibilizou-regra-em-2022\\\/#article\",\"isPartOf\":{\"@id\":\"https:\\\/\\\/zulenealves.com.br\\\/index.php\\\/2026\\\/08\\\/12\\\/lula-usa-chapeu-pela-primeira-vez-em-foto-de-urna-tse-flexibilizou-regra-em-2022\\\/\"},\"author\":{\"name\":\"zulenealves\",\"@id\":\"https:\\\/\\\/zulenealves.com.br\\\/#\\\/schema\\\/person\\\/4076c08f761164e658f6461c6b0316ef\"},\"headline\":\"Lula usa chap\u00e9u pela primeira vez em foto de urna; TSE flexibilizou regra em 2022\",\"datePublished\":\"2026-08-12T10:00:27+00:00\",\"dateModified\":\"2026-08-12T12:04:31+00:00\",\"mainEntityOfPage\":{\"@id\":\"https:\\\/\\\/zulenealves.com.br\\\/index.php\\\/2026\\\/08\\\/12\\\/lula-usa-chapeu-pela-primeira-vez-em-foto-de-urna-tse-flexibilizou-regra-em-2022\\\/\"},\"wordCount\":351,\"image\":{\"@id\":\"https:\\\/\\\/zulenealves.com.br\\\/index.php\\\/2026\\\/08\\\/12\\\/lula-usa-chapeu-pela-primeira-vez-em-foto-de-urna-tse-flexibilizou-regra-em-2022\\\/#primaryimage\"},\"thumbnailUrl\":\"https:\\\/\\\/cdn.folhape.com.br\\\/img\\\/pc\\\/1100\\\/1\\\/dn_arquivo\\\/2026\\\/07\\\/afp-20260729-c3ez8vh-v1-midres-brazilgovernmentwho.jpg\",\"articleSection\":[\"Pol\u00edtica\"],\"inLanguage\":\"pt-BR\"},{\"@type\":\"WebPage\",\"@id\":\"https:\\\/\\\/zulenealves.com.br\\\/index.php\\\/2026\\\/08\\\/12\\\/lula-usa-chapeu-pela-primeira-vez-em-foto-de-urna-tse-flexibilizou-regra-em-2022\\\/\",\"url\":\"https:\\\/\\\/zulenealves.com.br\\\/index.php\\\/2026\\\/08\\\/12\\\/lula-usa-chapeu-pela-primeira-vez-em-foto-de-urna-tse-flexibilizou-regra-em-2022\\\/\",\"name\":\"Lula usa chap\u00e9u pela primeira vez em foto de urna; TSE flexibilizou regra em 2022 - Blog Zulene Alves\",\"isPartOf\":{\"@id\":\"https:\\\/\\\/zulenealves.com.br\\\/#website\"},\"primaryImageOfPage\":{\"@id\":\"https:\\\/\\\/zulenealves.com.br\\\/index.php\\\/2026\\\/08\\\/12\\\/lula-usa-chapeu-pela-primeira-vez-em-foto-de-urna-tse-flexibilizou-regra-em-2022\\\/#primaryimage\"},\"image\":{\"@id\":\"https:\\\/\\\/zulenealves.com.br\\\/index.php\\\/2026\\\/08\\\/12\\\/lula-usa-chapeu-pela-primeira-vez-em-foto-de-urna-tse-flexibilizou-regra-em-2022\\\/#primaryimage\"},\"thumbnailUrl\":\"https:\\\/\\\/cdn.folhape.com.br\\\/img\\\/pc\\\/1100\\\/1\\\/dn_arquivo\\\/2026\\\/07\\\/afp-20260729-c3ez8vh-v1-midres-brazilgovernmentwho.jpg\",\"datePublished\":\"2026-08-12T10:00:27+00:00\",\"dateModified\":\"2026-08-12T12:04:31+00:00\",\"author\":{\"@id\":\"https:\\\/\\\/zulenealves.com.br\\\/#\\\/schema\\\/person\\\/4076c08f761164e658f6461c6b0316ef\"},\"breadcrumb\":{\"@id\":\"https:\\\/\\\/zulenealves.com.br\\\/index.php\\\/2026\\\/08\\\/12\\\/lula-usa-chapeu-pela-primeira-vez-em-foto-de-urna-tse-flexibilizou-regra-em-2022\\\/#breadcrumb\"},\"inLanguage\":\"pt-BR\",\"potentialAction\":[{\"@type\":\"ReadAction\",\"target\":[\"https:\\\/\\\/zulenealves.com.br\\\/index.php\\\/2026\\\/08\\\/12\\\/lula-usa-chapeu-pela-primeira-vez-em-foto-de-urna-tse-flexibilizou-regra-em-2022\\\/\"]}]},{\"@type\":\"ImageObject\",\"inLanguage\":\"pt-BR\",\"@id\":\"https:\\\/\\\/zulenealves.com.br\\\/index.php\\\/2026\\\/08\\\/12\\\/lula-usa-chapeu-pela-primeira-vez-em-foto-de-urna-tse-flexibilizou-regra-em-2022\\\/#primaryimage\",\"url\":\"https:\\\/\\\/cdn.folhape.com.br\\\/img\\\/pc\\\/1100\\\/1\\\/dn_arquivo\\\/2026\\\/07\\\/afp-20260729-c3ez8vh-v1-midres-brazilgovernmentwho.jpg\",\"contentUrl\":\"https:\\\/\\\/cdn.folhape.com.br\\\/img\\\/pc\\\/1100\\\/1\\\/dn_arquivo\\\/2026\\\/07\\\/afp-20260729-c3ez8vh-v1-midres-brazilgovernmentwho.jpg\"},{\"@type\":\"BreadcrumbList\",\"@id\":\"https:\\\/\\\/zulenealves.com.br\\\/index.php\\\/2026\\\/08\\\/12\\\/lula-usa-chapeu-pela-primeira-vez-em-foto-de-urna-tse-flexibilizou-regra-em-2022\\\/#breadcrumb\",\"itemListElement\":[{\"@type\":\"ListItem\",\"position\":1,\"name\":\"In\u00edcio\",\"item\":\"https:\\\/\\\/zulenealves.com.br\\\/\"},{\"@type\":\"ListItem\",\"position\":2,\"name\":\"Lula usa chap\u00e9u pela primeira vez em foto de urna; TSE flexibilizou regra em 2022\"}]},{\"@type\":\"WebSite\",\"@id\":\"https:\\\/\\\/zulenealves.com.br\\\/#website\",\"url\":\"https:\\\/\\\/zulenealves.com.br\\\/\",\"name\":\"Blog Zulene Alves\",\"description\":\"\",\"potentialAction\":[{\"@type\":\"SearchAction\",\"target\":{\"@type\":\"EntryPoint\",\"urlTemplate\":\"https:\\\/\\\/zulenealves.com.br\\\/?s={search_term_string}\"},\"query-input\":{\"@type\":\"PropertyValueSpecification\",\"valueRequired\":true,\"valueName\":\"search_term_string\"}}],\"inLanguage\":\"pt-BR\"},{\"@type\":\"Person\",\"@id\":\"https:\\\/\\\/zulenealves.com.br\\\/#\\\/schema\\\/person\\\/4076c08f761164e658f6461c6b0316ef\",\"name\":\"zulenealves\",\"image\":{\"@type\":\"ImageObject\",\"inLanguage\":\"pt-BR\",\"@id\":\"https:\\\/\\\/secure.gravatar.com\\\/avatar\\\/0c6cfdd7fa501763e4ab9715fb2b12c342c6a1ace0a16a25d743cdfbb340b122?s=96&d=mm&r=g\",\"url\":\"https:\\\/\\\/secure.gravatar.com\\\/avatar\\\/0c6cfdd7fa501763e4ab9715fb2b12c342c6a1ace0a16a25d743cdfbb340b122?s=96&d=mm&r=g\",\"contentUrl\":\"https:\\\/\\\/secure.gravatar.com\\\/avatar\\\/0c6cfdd7fa501763e4ab9715fb2b12c342c6a1ace0a16a25d743cdfbb340b122?s=96&d=mm&r=g\",\"caption\":\"zulenealves\"},\"sameAs\":[\"https:\\\/\\\/zulenealves.com.br\"],\"url\":\"https:\\\/\\\/zulenealves.com.br\\\/index.php\\\/author\\\/zulenealves\\\/\"}]}<\/script>\n<!-- \/ Yoast SEO plugin. -->","yoast_head_json":{"title":"Lula usa chap\u00e9u pela primeira vez em foto de urna; TSE flexibilizou regra em 2022 - Blog Zulene Alves","robots":{"index":"index","follow":"follow","max-snippet":"max-snippet:-1","max-image-preview":"max-image-preview:large","max-video-preview":"max-video-preview:-1"},"canonical":"https:\/\/zulenealves.com.br\/index.php\/2026\/08\/12\/lula-usa-chapeu-pela-primeira-vez-em-foto-de-urna-tse-flexibilizou-regra-em-2022\/","og_locale":"pt_BR","og_type":"article","og_title":"Lula usa chap\u00e9u pela primeira vez em foto de urna; TSE flexibilizou regra em 2022 - Blog Zulene Alves","og_description":"O petista concorre \u00e0 Presid\u00eancia desde 1989 O presidente Luiz In\u00e1cio Lula da Silva (PT) registrou no Tribunal Superior Eleitoral (TSE) a foto que vai identific\u00e1-lo na urna eletr\u00f4nicas nas elei\u00e7\u00f5es de 2026. Lula concorre \u00e0 Presid\u00eancia desde 1989 e, pela primeira vez, usar\u00e1 um chap\u00e9u na imagem. A regra eleitoral, em princ\u00edpio, veda o ... Leia mais","og_url":"https:\/\/zulenealves.com.br\/index.php\/2026\/08\/12\/lula-usa-chapeu-pela-primeira-vez-em-foto-de-urna-tse-flexibilizou-regra-em-2022\/","og_site_name":"Blog Zulene Alves","article_published_time":"2026-08-12T10:00:27+00:00","article_modified_time":"2026-08-12T12:04:31+00:00","og_image":[{"url":"https:\/\/cdn.folhape.com.br\/img\/pc\/1100\/1\/dn_arquivo\/2026\/07\/afp-20260729-c3ez8vh-v1-midres-brazilgovernmentwho.jpg","type":"","width":"","height":""}],"author":"zulenealves","twitter_card":"summary_large_image","twitter_misc":{"Escrito por":"zulenealves","Est. tempo de leitura":"2 minutos"},"schema":{"@context":"https:\/\/schema.org","@graph":[{"@type":"Article","@id":"https:\/\/zulenealves.com.br\/index.php\/2026\/08\/12\/lula-usa-chapeu-pela-primeira-vez-em-foto-de-urna-tse-flexibilizou-regra-em-2022\/#article","isPartOf":{"@id":"https:\/\/zulenealves.com.br\/index.php\/2026\/08\/12\/lula-usa-chapeu-pela-primeira-vez-em-foto-de-urna-tse-flexibilizou-regra-em-2022\/"},"author":{"name":"zulenealves","@id":"https:\/\/zulenealves.com.br\/#\/schema\/person\/4076c08f761164e658f6461c6b0316ef"},"headline":"Lula usa chap\u00e9u pela primeira vez em foto de urna; TSE flexibilizou regra em 2022","datePublished":"2026-08-12T10:00:27+00:00","dateModified":"2026-08-12T12:04:31+00:00","mainEntityOfPage":{"@id":"https:\/\/zulenealves.com.br\/index.php\/2026\/08\/12\/lula-usa-chapeu-pela-primeira-vez-em-foto-de-urna-tse-flexibilizou-regra-em-2022\/"},"wordCount":351,"image":{"@id":"https:\/\/zulenealves.com.br\/index.php\/2026\/08\/12\/lula-usa-chapeu-pela-primeira-vez-em-foto-de-urna-tse-flexibilizou-regra-em-2022\/#primaryimage"},"thumbnailUrl":"https:\/\/cdn.folhape.com.br\/img\/pc\/1100\/1\/dn_arquivo\/2026\/07\/afp-20260729-c3ez8vh-v1-midres-brazilgovernmentwho.jpg","articleSection":["Pol\u00edtica"],"inLanguage":"pt-BR"},{"@type":"WebPage","@id":"https:\/\/zulenealves.com.br\/index.php\/2026\/08\/12\/lula-usa-chapeu-pela-primeira-vez-em-foto-de-urna-tse-flexibilizou-regra-em-2022\/","url":"https:\/\/zulenealves.com.br\/index.php\/2026\/08\/12\/lula-usa-chapeu-pela-primeira-vez-em-foto-de-urna-tse-flexibilizou-regra-em-2022\/","name":"Lula usa chap\u00e9u pela primeira vez em foto de urna; TSE flexibilizou regra em 2022 - Blog Zulene Alves","isPartOf":{"@id":"https:\/\/zulenealves.com.br\/#website"},"primaryImageOfPage":{"@id":"https:\/\/zulenealves.com.br\/index.php\/2026\/08\/12\/lula-usa-chapeu-pela-primeira-vez-em-foto-de-urna-tse-flexibilizou-regra-em-2022\/#primaryimage"},"image":{"@id":"https:\/\/zulenealves.com.br\/index.php\/2026\/08\/12\/lula-usa-chapeu-pela-primeira-vez-em-foto-de-urna-tse-flexibilizou-regra-em-2022\/#primaryimage"},"thumbnailUrl":"https:\/\/cdn.folhape.com.br\/img\/pc\/1100\/1\/dn_arquivo\/2026\/07\/afp-20260729-c3ez8vh-v1-midres-brazilgovernmentwho.jpg","datePublished":"2026-08-12T10:00:27+00:00","dateModified":"2026-08-12T12:04:31+00:00","author":{"@id":"https:\/\/zulenealves.com.br\/#\/schema\/person\/4076c08f761164e658f6461c6b0316ef"},"breadcrumb":{"@id":"https:\/\/zulenealves.com.br\/index.php\/2026\/08\/12\/lula-usa-chapeu-pela-primeira-vez-em-foto-de-urna-tse-flexibilizou-regra-em-2022\/#breadcrumb"},"inLanguage":"pt-BR","potentialAction":[{"@type":"ReadAction","target":["https:\/\/zulenealves.com.br\/index.php\/2026\/08\/12\/lula-usa-chapeu-pela-primeira-vez-em-foto-de-urna-tse-flexibilizou-regra-em-2022\/"]}]},{"@type":"ImageObject","inLanguage":"pt-BR","@id":"https:\/\/zulenealves.com.br\/index.php\/2026\/08\/12\/lula-usa-chapeu-pela-primeira-vez-em-foto-de-urna-tse-flexibilizou-regra-em-2022\/#primaryimage","url":"https:\/\/cdn.folhape.com.br\/img\/pc\/1100\/1\/dn_arquivo\/2026\/07\/afp-20260729-c3ez8vh-v1-midres-brazilgovernmentwho.jpg","contentUrl":"https:\/\/cdn.folhape.com.br\/img\/pc\/1100\/1\/dn_arquivo\/2026\/07\/afp-20260729-c3ez8vh-v1-midres-brazilgovernmentwho.jpg"},{"@type":"BreadcrumbList","@id":"https:\/\/zulenealves.com.br\/index.php\/2026\/08\/12\/lula-usa-chapeu-pela-primeira-vez-em-foto-de-urna-tse-flexibilizou-regra-em-2022\/#breadcrumb","itemListElement":[{"@type":"ListItem","position":1,"name":"In\u00edcio","item":"https:\/\/zulenealves.com.br\/"},{"@type":"ListItem","position":2,"name":"Lula usa chap\u00e9u pela primeira vez em foto de urna; TSE flexibilizou regra em 2022"}]},{"@type":"WebSite","@id":"https:\/\/zulenealves.com.br\/#website","url":"https:\/\/zulenealves.com.br\/","name":"Blog Zulene Alves","description":"","potentialAction":[{"@type":"SearchAction","target":{"@type":"EntryPoint","urlTemplate":"https:\/\/zulenealves.com.br\/?s={search_term_string}"},"query-input":{"@type":"PropertyValueSpecification","valueRequired":true,"valueName":"search_term_string"}}],"inLanguage":"pt-BR"},{"@type":"Person","@id":"https:\/\/zulenealves.com.br\/#\/schema\/person\/4076c08f761164e658f6461c6b0316ef","name":"zulenealves","image":{"@type":"ImageObject","inLanguage":"pt-BR","@id":"https:\/\/secure.gravatar.com\/avatar\/0c6cfdd7fa501763e4ab9715fb2b12c342c6a1ace0a16a25d743cdfbb340b122?s=96&d=mm&r=g","url":"https:\/\/secure.gravatar.com\/avatar\/0c6cfdd7fa501763e4ab9715fb2b12c342c6a1ace0a16a25d743cdfbb340b122?s=96&d=mm&r=g","contentUrl":"https:\/\/secure.gravatar.com\/avatar\/0c6cfdd7fa501763e4ab9715fb2b12c342c6a1ace0a16a25d743cdfbb340b122?s=96&d=mm&r=g","caption":"zulenealves"},"sameAs":["https:\/\/zulenealves.com.br"],"url":"https:\/\/zulenealves.com.br\/index.php\/author\/zulenealves\/"}]}},"_links":{"self":[{"href":"https:\/\/zulenealves.com.br\/index.php\/wp-json\/wp\/v2\/posts\/50902","targetHints":{"allow":["GET"]}}],"collection":[{"href":"https:\/\/zulenealves.com.br\/index.php\/wp-json\/wp\/v2\/posts"}],"about":[{"href":"https:\/\/zulenealves.com.br\/index.php\/wp-json\/wp\/v2\/types\/post"}],"author":[{"embeddable":true,"href":"https:\/\/zulenealves.com.br\/index.php\/wp-json\/wp\/v2\/users\/1"}],"replies":[{"embeddable":true,"href":"https:\/\/zulenealves.com.br\/index.php\/wp-json\/wp\/v2\/comments?post=50902"}],"version-history":[{"count":1,"href":"https:\/\/zulenealves.com.br\/index.php\/wp-json\/wp\/v2\/posts\/50902\/revisions"}],"predecessor-version":[{"id":50903,"href":"https:\/\/zulenealves.com.br\/index.php\/wp-json\/wp\/v2\/posts\/50902\/revisions\/50903"}],"wp:attachment":[{"href":"https:\/\/zulenealves.com.br\/index.php\/wp-json\/wp\/v2\/media?parent=50902"}],"wp:term":[{"taxonomy":"category","embeddable":true,"href":"https:\/\/zulenealves.com.br\/index.php\/wp-json\/wp\/v2\/categories?post=50902"},{"taxonomy":"post_tag","embeddable":true,"href":"https:\/\/zulenealves.com.br\/index.php\/wp-json\/wp\/v2\/tags?post=50902"}],"curies":[{"name":"wp","href":"https:\/\/api.w.org\/{rel}","templated":true}]}}