{"id":50908,"date":"2026-08-12T10:29:24","date_gmt":"2026-08-12T13:29:24","guid":{"rendered":"https:\/\/zulenealves.com.br\/?p=50908"},"modified":"2026-08-12T10:29:24","modified_gmt":"2026-08-12T13:29:24","slug":"prefeitura-de-afogados-inaugurou-mais-uma-rua-pavimentada","status":"publish","type":"post","link":"https:\/\/zulenealves.com.br\/index.php\/2026\/08\/12\/prefeitura-de-afogados-inaugurou-mais-uma-rua-pavimentada\/","title":{"rendered":"Prefeitura de Afogados inaugurou mais uma rua pavimentada"},"content":{"rendered":"<p style=\"text-align: justify;\"><span style=\"text-align: justify;\">Depois de inaugurar, na semana passada, a pavimenta\u00e7\u00e3o da Rua Jos\u00e9 Leite de Siqueira, no bairro S\u00e3o Br\u00e1s, a Prefeitura de Afogados foi ao bairro Sobreira, inaugurar a pavimenta\u00e7\u00e3o da Rua Clara Maria Monteiro. Um investimento de 304 mil reais em mais em dois mil e trezentos metros quadrados de nova pavimenta\u00e7\u00e3o. A obra \u00e9 fruto de um requerimento de autoria dos vereadores Gal Mariano e Douglas Rodrigues.<\/span><\/p>\n<p><img fetchpriority=\"high\" decoding=\"async\" class=\"aligncenter wp-image-50910\" src=\"https:\/\/zulenealves.com.br\/wp-content\/uploads\/2026\/08\/80fee90d-e916-427f-9530-5a3c9d6c1419.jpeg\" alt=\"\" width=\"600\" height=\"399\" srcset=\"https:\/\/zulenealves.com.br\/wp-content\/uploads\/2026\/08\/80fee90d-e916-427f-9530-5a3c9d6c1419.jpeg 1280w, https:\/\/zulenealves.com.br\/wp-content\/uploads\/2026\/08\/80fee90d-e916-427f-9530-5a3c9d6c1419-300x200.jpeg 300w, https:\/\/zulenealves.com.br\/wp-content\/uploads\/2026\/08\/80fee90d-e916-427f-9530-5a3c9d6c1419-1024x682.jpeg 1024w, https:\/\/zulenealves.com.br\/wp-content\/uploads\/2026\/08\/80fee90d-e916-427f-9530-5a3c9d6c1419-768x511.jpeg 768w\" sizes=\"(max-width: 600px) 100vw, 600px\" \/><\/p>\n<p style=\"text-align: justify;\">A obra faz parte do Programa \u201cMinha Rua \u00e9 10\u201d, que vem transformando os bairros de Afogados, atrav\u00e9s do maior programa de pavimenta\u00e7\u00e3o da hist\u00f3ria da cidade, com mais de 130 ruas j\u00e1 pavimentadas. Durante a inaugura\u00e7\u00e3o, o Prefeito Sandrinho Palmeira aproveitou para autorizar mais obras, assinando ordem de servi\u00e7o para in\u00edcio de obras de pavimenta\u00e7\u00e3o em mais sete ruas, em cinco bairros da cidade. O Prefeito tamb\u00e9m assinou ordem de servi\u00e7o para perfura\u00e7\u00e3o de 60 po\u00e7os artesianos, em diversas comunidades rurais.<\/p>\n<p><img decoding=\"async\" class=\"aligncenter wp-image-50911\" src=\"https:\/\/zulenealves.com.br\/wp-content\/uploads\/2026\/08\/f75ce3a7-dea1-40c7-8b35-247cac6e0a11.jpeg\" alt=\"\" width=\"600\" height=\"399\" srcset=\"https:\/\/zulenealves.com.br\/wp-content\/uploads\/2026\/08\/f75ce3a7-dea1-40c7-8b35-247cac6e0a11.jpeg 1280w, https:\/\/zulenealves.com.br\/wp-content\/uploads\/2026\/08\/f75ce3a7-dea1-40c7-8b35-247cac6e0a11-300x200.jpeg 300w, https:\/\/zulenealves.com.br\/wp-content\/uploads\/2026\/08\/f75ce3a7-dea1-40c7-8b35-247cac6e0a11-1024x682.jpeg 1024w, https:\/\/zulenealves.com.br\/wp-content\/uploads\/2026\/08\/f75ce3a7-dea1-40c7-8b35-247cac6e0a11-768x511.jpeg 768w\" sizes=\"(max-width: 600px) 100vw, 600px\" \/><\/p>\n<p style=\"text-align: justify;\">\u201cEstamos cumprindo o que afirmamos para a nossa popula\u00e7\u00e3o. De termos um olhar diferenciado para os nossos bairros e as nossas comunidades rurais. Estamos vivenciando a\u00ed um dos maiores el ni\u00f1os da hist\u00f3ria recente. Os especialistas est\u00e3o alertando para a possibilidade de estiagens severas no Nordeste. E estamos nos preparando para esse momento. Quanto \u00e0 rua; a obra ficou uma maravilha, trazendo mais qualidade de vida para os moradores, ,\u201d destacou o Prefeito Sandrinho Palmeira.<\/p>\n<p><img decoding=\"async\" class=\"aligncenter wp-image-50912\" src=\"https:\/\/zulenealves.com.br\/wp-content\/uploads\/2026\/08\/456e0a46-5c90-4b51-a9bf-3009716f2d60.jpeg\" alt=\"\" width=\"600\" height=\"399\" srcset=\"https:\/\/zulenealves.com.br\/wp-content\/uploads\/2026\/08\/456e0a46-5c90-4b51-a9bf-3009716f2d60.jpeg 1280w, https:\/\/zulenealves.com.br\/wp-content\/uploads\/2026\/08\/456e0a46-5c90-4b51-a9bf-3009716f2d60-300x200.jpeg 300w, https:\/\/zulenealves.com.br\/wp-content\/uploads\/2026\/08\/456e0a46-5c90-4b51-a9bf-3009716f2d60-1024x682.jpeg 1024w, https:\/\/zulenealves.com.br\/wp-content\/uploads\/2026\/08\/456e0a46-5c90-4b51-a9bf-3009716f2d60-768x511.jpeg 768w\" sizes=\"(max-width: 600px) 100vw, 600px\" \/><\/p>\n<p style=\"text-align: justify;\">A inaugura\u00e7\u00e3o contou com as presen\u00e7as do vice-prefeito Daniel Valadares, do Presidente da C\u00e2mara de Vereadores, Vicente Zuza, dos seus colegas vereadores Reinaldo Lima, Douglas Rodrigues, Gal Mariano, C\u00edcero Miguel, Lucineide Cordeiro, M\u00e1rio Martins e Simone da Feira, al\u00e9m de secret\u00e1rios municipais e moradores da rua inaugurada.<\/p>\n<div class=\"gsp_post_data\" \r\n\t            data-post_type=\"post\" \r\n\t            data-cat=\"destaque\" \r\n\t            data-modified=\"120\"\r\n\t            data-created=\"1786530564\"\r\n\t            data-title=\"Prefeitura de Afogados inaugurou mais uma rua pavimentada\" \r\n\t            data-home=\"https:\/\/zulenealves.com.br\"><\/div>","protected":false},"excerpt":{"rendered":"<p>Depois de inaugurar, na semana passada, a pavimenta\u00e7\u00e3o da Rua Jos\u00e9 Leite de Siqueira, no bairro S\u00e3o Br\u00e1s, a Prefeitura de Afogados foi ao bairro Sobreira, inaugurar a pavimenta\u00e7\u00e3o da Rua Clara Maria Monteiro. Um investimento de 304 mil reais em mais em dois mil e trezentos metros quadrados de nova pavimenta\u00e7\u00e3o. A obra \u00e9 &#8230; <\/p>\n<p class=\"read-more-container\"><a title=\"Prefeitura de Afogados inaugurou mais uma rua pavimentada\" class=\"read-more button\" href=\"https:\/\/zulenealves.com.br\/index.php\/2026\/08\/12\/prefeitura-de-afogados-inaugurou-mais-uma-rua-pavimentada\/#more-50908\" aria-label=\"More on Prefeitura de Afogados inaugurou mais uma rua pavimentada\">Leia mais<\/a><\/p>\n","protected":false},"author":1,"featured_media":50909,"comment_status":"closed","ping_status":"closed","sticky":false,"template":"","format":"standard","meta":{"footnotes":""},"categories":[23],"tags":[],"class_list":["post-50908","post","type-post","status-publish","format-standard","has-post-thumbnail","hentry","category-destaque","resize-featured-image"],"yoast_head":"<!-- This site is optimized with the Yoast SEO plugin v28.4 - https:\/\/yoast.com\/product\/yoast-seo-wordpress\/ -->\n<title>Prefeitura de Afogados inaugurou mais uma rua pavimentada - Blog Zulene Alves<\/title>\n<meta name=\"robots\" content=\"index, follow, max-snippet:-1, max-image-preview:large, max-video-preview:-1\" \/>\n<link rel=\"canonical\" href=\"https:\/\/zulenealves.com.br\/index.php\/2026\/08\/12\/prefeitura-de-afogados-inaugurou-mais-uma-rua-pavimentada\/\" \/>\n<meta property=\"og:locale\" content=\"pt_BR\" \/>\n<meta property=\"og:type\" content=\"article\" \/>\n<meta property=\"og:title\" content=\"Prefeitura de Afogados inaugurou mais uma rua pavimentada - Blog Zulene Alves\" \/>\n<meta property=\"og:description\" content=\"Depois de inaugurar, na semana passada, a pavimenta\u00e7\u00e3o da Rua Jos\u00e9 Leite de Siqueira, no bairro S\u00e3o Br\u00e1s, a Prefeitura de Afogados foi ao bairro Sobreira, inaugurar a pavimenta\u00e7\u00e3o da Rua Clara Maria Monteiro. Um investimento de 304 mil reais em mais em dois mil e trezentos metros quadrados de nova pavimenta\u00e7\u00e3o. A obra \u00e9 ... Leia mais\" \/>\n<meta property=\"og:url\" content=\"https:\/\/zulenealves.com.br\/index.php\/2026\/08\/12\/prefeitura-de-afogados-inaugurou-mais-uma-rua-pavimentada\/\" \/>\n<meta property=\"og:site_name\" content=\"Blog Zulene Alves\" \/>\n<meta property=\"article:published_time\" content=\"2026-08-12T13:29:24+00:00\" \/>\n<meta property=\"og:image\" content=\"https:\/\/zulenealves.com.br\/wp-content\/uploads\/2026\/08\/c2547791-f9f8-4540-a1b9-c51bbf443913.jpeg\" \/>\n\t<meta property=\"og:image:width\" content=\"1280\" \/>\n\t<meta property=\"og:image:height\" content=\"852\" \/>\n\t<meta property=\"og:image:type\" content=\"image\/jpeg\" \/>\n<meta name=\"author\" content=\"zulenealves\" \/>\n<meta name=\"twitter:card\" content=\"summary_large_image\" \/>\n<meta name=\"twitter:label1\" content=\"Escrito por\" \/>\n\t<meta name=\"twitter:data1\" content=\"zulenealves\" \/>\n\t<meta name=\"twitter:label2\" content=\"Est. tempo de leitura\" \/>\n\t<meta name=\"twitter:data2\" content=\"3 minutos\" \/>\n<script type=\"application\/ld+json\" class=\"yoast-schema-graph\">{\"@context\":\"https:\\\/\\\/schema.org\",\"@graph\":[{\"@type\":\"Article\",\"@id\":\"https:\\\/\\\/zulenealves.com.br\\\/index.php\\\/2026\\\/08\\\/12\\\/prefeitura-de-afogados-inaugurou-mais-uma-rua-pavimentada\\\/#article\",\"isPartOf\":{\"@id\":\"https:\\\/\\\/zulenealves.com.br\\\/index.php\\\/2026\\\/08\\\/12\\\/prefeitura-de-afogados-inaugurou-mais-uma-rua-pavimentada\\\/\"},\"author\":{\"name\":\"zulenealves\",\"@id\":\"https:\\\/\\\/zulenealves.com.br\\\/#\\\/schema\\\/person\\\/4076c08f761164e658f6461c6b0316ef\"},\"headline\":\"Prefeitura de Afogados inaugurou mais uma rua pavimentada\",\"datePublished\":\"2026-08-12T13:29:24+00:00\",\"mainEntityOfPage\":{\"@id\":\"https:\\\/\\\/zulenealves.com.br\\\/index.php\\\/2026\\\/08\\\/12\\\/prefeitura-de-afogados-inaugurou-mais-uma-rua-pavimentada\\\/\"},\"wordCount\":299,\"image\":{\"@id\":\"https:\\\/\\\/zulenealves.com.br\\\/index.php\\\/2026\\\/08\\\/12\\\/prefeitura-de-afogados-inaugurou-mais-uma-rua-pavimentada\\\/#primaryimage\"},\"thumbnailUrl\":\"https:\\\/\\\/zulenealves.com.br\\\/wp-content\\\/uploads\\\/2026\\\/08\\\/c2547791-f9f8-4540-a1b9-c51bbf443913.jpeg\",\"articleSection\":[\"Destaque\"],\"inLanguage\":\"pt-BR\"},{\"@type\":\"WebPage\",\"@id\":\"https:\\\/\\\/zulenealves.com.br\\\/index.php\\\/2026\\\/08\\\/12\\\/prefeitura-de-afogados-inaugurou-mais-uma-rua-pavimentada\\\/\",\"url\":\"https:\\\/\\\/zulenealves.com.br\\\/index.php\\\/2026\\\/08\\\/12\\\/prefeitura-de-afogados-inaugurou-mais-uma-rua-pavimentada\\\/\",\"name\":\"Prefeitura de Afogados inaugurou mais uma rua pavimentada - Blog Zulene Alves\",\"isPartOf\":{\"@id\":\"https:\\\/\\\/zulenealves.com.br\\\/#website\"},\"primaryImageOfPage\":{\"@id\":\"https:\\\/\\\/zulenealves.com.br\\\/index.php\\\/2026\\\/08\\\/12\\\/prefeitura-de-afogados-inaugurou-mais-uma-rua-pavimentada\\\/#primaryimage\"},\"image\":{\"@id\":\"https:\\\/\\\/zulenealves.com.br\\\/index.php\\\/2026\\\/08\\\/12\\\/prefeitura-de-afogados-inaugurou-mais-uma-rua-pavimentada\\\/#primaryimage\"},\"thumbnailUrl\":\"https:\\\/\\\/zulenealves.com.br\\\/wp-content\\\/uploads\\\/2026\\\/08\\\/c2547791-f9f8-4540-a1b9-c51bbf443913.jpeg\",\"datePublished\":\"2026-08-12T13:29:24+00:00\",\"author\":{\"@id\":\"https:\\\/\\\/zulenealves.com.br\\\/#\\\/schema\\\/person\\\/4076c08f761164e658f6461c6b0316ef\"},\"breadcrumb\":{\"@id\":\"https:\\\/\\\/zulenealves.com.br\\\/index.php\\\/2026\\\/08\\\/12\\\/prefeitura-de-afogados-inaugurou-mais-uma-rua-pavimentada\\\/#breadcrumb\"},\"inLanguage\":\"pt-BR\",\"potentialAction\":[{\"@type\":\"ReadAction\",\"target\":[\"https:\\\/\\\/zulenealves.com.br\\\/index.php\\\/2026\\\/08\\\/12\\\/prefeitura-de-afogados-inaugurou-mais-uma-rua-pavimentada\\\/\"]}]},{\"@type\":\"ImageObject\",\"inLanguage\":\"pt-BR\",\"@id\":\"https:\\\/\\\/zulenealves.com.br\\\/index.php\\\/2026\\\/08\\\/12\\\/prefeitura-de-afogados-inaugurou-mais-uma-rua-pavimentada\\\/#primaryimage\",\"url\":\"https:\\\/\\\/zulenealves.com.br\\\/wp-content\\\/uploads\\\/2026\\\/08\\\/c2547791-f9f8-4540-a1b9-c51bbf443913.jpeg\",\"contentUrl\":\"https:\\\/\\\/zulenealves.com.br\\\/wp-content\\\/uploads\\\/2026\\\/08\\\/c2547791-f9f8-4540-a1b9-c51bbf443913.jpeg\",\"width\":1280,\"height\":852},{\"@type\":\"BreadcrumbList\",\"@id\":\"https:\\\/\\\/zulenealves.com.br\\\/index.php\\\/2026\\\/08\\\/12\\\/prefeitura-de-afogados-inaugurou-mais-uma-rua-pavimentada\\\/#breadcrumb\",\"itemListElement\":[{\"@type\":\"ListItem\",\"position\":1,\"name\":\"In\u00edcio\",\"item\":\"https:\\\/\\\/zulenealves.com.br\\\/\"},{\"@type\":\"ListItem\",\"position\":2,\"name\":\"Prefeitura de Afogados inaugurou mais uma rua pavimentada\"}]},{\"@type\":\"WebSite\",\"@id\":\"https:\\\/\\\/zulenealves.com.br\\\/#website\",\"url\":\"https:\\\/\\\/zulenealves.com.br\\\/\",\"name\":\"Blog Zulene Alves\",\"description\":\"\",\"potentialAction\":[{\"@type\":\"SearchAction\",\"target\":{\"@type\":\"EntryPoint\",\"urlTemplate\":\"https:\\\/\\\/zulenealves.com.br\\\/?s={search_term_string}\"},\"query-input\":{\"@type\":\"PropertyValueSpecification\",\"valueRequired\":true,\"valueName\":\"search_term_string\"}}],\"inLanguage\":\"pt-BR\"},{\"@type\":\"Person\",\"@id\":\"https:\\\/\\\/zulenealves.com.br\\\/#\\\/schema\\\/person\\\/4076c08f761164e658f6461c6b0316ef\",\"name\":\"zulenealves\",\"image\":{\"@type\":\"ImageObject\",\"inLanguage\":\"pt-BR\",\"@id\":\"https:\\\/\\\/secure.gravatar.com\\\/avatar\\\/0c6cfdd7fa501763e4ab9715fb2b12c342c6a1ace0a16a25d743cdfbb340b122?s=96&d=mm&r=g\",\"url\":\"https:\\\/\\\/secure.gravatar.com\\\/avatar\\\/0c6cfdd7fa501763e4ab9715fb2b12c342c6a1ace0a16a25d743cdfbb340b122?s=96&d=mm&r=g\",\"contentUrl\":\"https:\\\/\\\/secure.gravatar.com\\\/avatar\\\/0c6cfdd7fa501763e4ab9715fb2b12c342c6a1ace0a16a25d743cdfbb340b122?s=96&d=mm&r=g\",\"caption\":\"zulenealves\"},\"sameAs\":[\"https:\\\/\\\/zulenealves.com.br\"],\"url\":\"https:\\\/\\\/zulenealves.com.br\\\/index.php\\\/author\\\/zulenealves\\\/\"}]}<\/script>\n<!-- \/ Yoast SEO plugin. -->","yoast_head_json":{"title":"Prefeitura de Afogados inaugurou mais uma rua pavimentada - Blog Zulene Alves","robots":{"index":"index","follow":"follow","max-snippet":"max-snippet:-1","max-image-preview":"max-image-preview:large","max-video-preview":"max-video-preview:-1"},"canonical":"https:\/\/zulenealves.com.br\/index.php\/2026\/08\/12\/prefeitura-de-afogados-inaugurou-mais-uma-rua-pavimentada\/","og_locale":"pt_BR","og_type":"article","og_title":"Prefeitura de Afogados inaugurou mais uma rua pavimentada - Blog Zulene Alves","og_description":"Depois de inaugurar, na semana passada, a pavimenta\u00e7\u00e3o da Rua Jos\u00e9 Leite de Siqueira, no bairro S\u00e3o Br\u00e1s, a Prefeitura de Afogados foi ao bairro Sobreira, inaugurar a pavimenta\u00e7\u00e3o da Rua Clara Maria Monteiro. Um investimento de 304 mil reais em mais em dois mil e trezentos metros quadrados de nova pavimenta\u00e7\u00e3o. A obra \u00e9 ... Leia mais","og_url":"https:\/\/zulenealves.com.br\/index.php\/2026\/08\/12\/prefeitura-de-afogados-inaugurou-mais-uma-rua-pavimentada\/","og_site_name":"Blog Zulene Alves","article_published_time":"2026-08-12T13:29:24+00:00","og_image":[{"width":1280,"height":852,"url":"https:\/\/zulenealves.com.br\/wp-content\/uploads\/2026\/08\/c2547791-f9f8-4540-a1b9-c51bbf443913.jpeg","type":"image\/jpeg"}],"author":"zulenealves","twitter_card":"summary_large_image","twitter_misc":{"Escrito por":"zulenealves","Est. tempo de leitura":"3 minutos"},"schema":{"@context":"https:\/\/schema.org","@graph":[{"@type":"Article","@id":"https:\/\/zulenealves.com.br\/index.php\/2026\/08\/12\/prefeitura-de-afogados-inaugurou-mais-uma-rua-pavimentada\/#article","isPartOf":{"@id":"https:\/\/zulenealves.com.br\/index.php\/2026\/08\/12\/prefeitura-de-afogados-inaugurou-mais-uma-rua-pavimentada\/"},"author":{"name":"zulenealves","@id":"https:\/\/zulenealves.com.br\/#\/schema\/person\/4076c08f761164e658f6461c6b0316ef"},"headline":"Prefeitura de Afogados inaugurou mais uma rua pavimentada","datePublished":"2026-08-12T13:29:24+00:00","mainEntityOfPage":{"@id":"https:\/\/zulenealves.com.br\/index.php\/2026\/08\/12\/prefeitura-de-afogados-inaugurou-mais-uma-rua-pavimentada\/"},"wordCount":299,"image":{"@id":"https:\/\/zulenealves.com.br\/index.php\/2026\/08\/12\/prefeitura-de-afogados-inaugurou-mais-uma-rua-pavimentada\/#primaryimage"},"thumbnailUrl":"https:\/\/zulenealves.com.br\/wp-content\/uploads\/2026\/08\/c2547791-f9f8-4540-a1b9-c51bbf443913.jpeg","articleSection":["Destaque"],"inLanguage":"pt-BR"},{"@type":"WebPage","@id":"https:\/\/zulenealves.com.br\/index.php\/2026\/08\/12\/prefeitura-de-afogados-inaugurou-mais-uma-rua-pavimentada\/","url":"https:\/\/zulenealves.com.br\/index.php\/2026\/08\/12\/prefeitura-de-afogados-inaugurou-mais-uma-rua-pavimentada\/","name":"Prefeitura de Afogados inaugurou mais uma rua pavimentada - Blog Zulene Alves","isPartOf":{"@id":"https:\/\/zulenealves.com.br\/#website"},"primaryImageOfPage":{"@id":"https:\/\/zulenealves.com.br\/index.php\/2026\/08\/12\/prefeitura-de-afogados-inaugurou-mais-uma-rua-pavimentada\/#primaryimage"},"image":{"@id":"https:\/\/zulenealves.com.br\/index.php\/2026\/08\/12\/prefeitura-de-afogados-inaugurou-mais-uma-rua-pavimentada\/#primaryimage"},"thumbnailUrl":"https:\/\/zulenealves.com.br\/wp-content\/uploads\/2026\/08\/c2547791-f9f8-4540-a1b9-c51bbf443913.jpeg","datePublished":"2026-08-12T13:29:24+00:00","author":{"@id":"https:\/\/zulenealves.com.br\/#\/schema\/person\/4076c08f761164e658f6461c6b0316ef"},"breadcrumb":{"@id":"https:\/\/zulenealves.com.br\/index.php\/2026\/08\/12\/prefeitura-de-afogados-inaugurou-mais-uma-rua-pavimentada\/#breadcrumb"},"inLanguage":"pt-BR","potentialAction":[{"@type":"ReadAction","target":["https:\/\/zulenealves.com.br\/index.php\/2026\/08\/12\/prefeitura-de-afogados-inaugurou-mais-uma-rua-pavimentada\/"]}]},{"@type":"ImageObject","inLanguage":"pt-BR","@id":"https:\/\/zulenealves.com.br\/index.php\/2026\/08\/12\/prefeitura-de-afogados-inaugurou-mais-uma-rua-pavimentada\/#primaryimage","url":"https:\/\/zulenealves.com.br\/wp-content\/uploads\/2026\/08\/c2547791-f9f8-4540-a1b9-c51bbf443913.jpeg","contentUrl":"https:\/\/zulenealves.com.br\/wp-content\/uploads\/2026\/08\/c2547791-f9f8-4540-a1b9-c51bbf443913.jpeg","width":1280,"height":852},{"@type":"BreadcrumbList","@id":"https:\/\/zulenealves.com.br\/index.php\/2026\/08\/12\/prefeitura-de-afogados-inaugurou-mais-uma-rua-pavimentada\/#breadcrumb","itemListElement":[{"@type":"ListItem","position":1,"name":"In\u00edcio","item":"https:\/\/zulenealves.com.br\/"},{"@type":"ListItem","position":2,"name":"Prefeitura de Afogados inaugurou mais uma rua pavimentada"}]},{"@type":"WebSite","@id":"https:\/\/zulenealves.com.br\/#website","url":"https:\/\/zulenealves.com.br\/","name":"Blog Zulene Alves","description":"","potentialAction":[{"@type":"SearchAction","target":{"@type":"EntryPoint","urlTemplate":"https:\/\/zulenealves.com.br\/?s={search_term_string}"},"query-input":{"@type":"PropertyValueSpecification","valueRequired":true,"valueName":"search_term_string"}}],"inLanguage":"pt-BR"},{"@type":"Person","@id":"https:\/\/zulenealves.com.br\/#\/schema\/person\/4076c08f761164e658f6461c6b0316ef","name":"zulenealves","image":{"@type":"ImageObject","inLanguage":"pt-BR","@id":"https:\/\/secure.gravatar.com\/avatar\/0c6cfdd7fa501763e4ab9715fb2b12c342c6a1ace0a16a25d743cdfbb340b122?s=96&d=mm&r=g","url":"https:\/\/secure.gravatar.com\/avatar\/0c6cfdd7fa501763e4ab9715fb2b12c342c6a1ace0a16a25d743cdfbb340b122?s=96&d=mm&r=g","contentUrl":"https:\/\/secure.gravatar.com\/avatar\/0c6cfdd7fa501763e4ab9715fb2b12c342c6a1ace0a16a25d743cdfbb340b122?s=96&d=mm&r=g","caption":"zulenealves"},"sameAs":["https:\/\/zulenealves.com.br"],"url":"https:\/\/zulenealves.com.br\/index.php\/author\/zulenealves\/"}]}},"_links":{"self":[{"href":"https:\/\/zulenealves.com.br\/index.php\/wp-json\/wp\/v2\/posts\/50908","targetHints":{"allow":["GET"]}}],"collection":[{"href":"https:\/\/zulenealves.com.br\/index.php\/wp-json\/wp\/v2\/posts"}],"about":[{"href":"https:\/\/zulenealves.com.br\/index.php\/wp-json\/wp\/v2\/types\/post"}],"author":[{"embeddable":true,"href":"https:\/\/zulenealves.com.br\/index.php\/wp-json\/wp\/v2\/users\/1"}],"replies":[{"embeddable":true,"href":"https:\/\/zulenealves.com.br\/index.php\/wp-json\/wp\/v2\/comments?post=50908"}],"version-history":[{"count":1,"href":"https:\/\/zulenealves.com.br\/index.php\/wp-json\/wp\/v2\/posts\/50908\/revisions"}],"predecessor-version":[{"id":50913,"href":"https:\/\/zulenealves.com.br\/index.php\/wp-json\/wp\/v2\/posts\/50908\/revisions\/50913"}],"wp:featuredmedia":[{"embeddable":true,"href":"https:\/\/zulenealves.com.br\/index.php\/wp-json\/wp\/v2\/media\/50909"}],"wp:attachment":[{"href":"https:\/\/zulenealves.com.br\/index.php\/wp-json\/wp\/v2\/media?parent=50908"}],"wp:term":[{"taxonomy":"category","embeddable":true,"href":"https:\/\/zulenealves.com.br\/index.php\/wp-json\/wp\/v2\/categories?post=50908"},{"taxonomy":"post_tag","embeddable":true,"href":"https:\/\/zulenealves.com.br\/index.php\/wp-json\/wp\/v2\/tags?post=50908"}],"curies":[{"name":"wp","href":"https:\/\/api.w.org\/{rel}","templated":true}]}}