{"id":50950,"date":"2026-08-13T12:41:59","date_gmt":"2026-08-13T15:41:59","guid":{"rendered":"https:\/\/zulenealves.com.br\/?p=50950"},"modified":"2026-08-13T12:41:59","modified_gmt":"2026-08-13T15:41:59","slug":"brasil-reduz-pobreza-mas-amplia-desigualdades-mostra-estudo","status":"publish","type":"post","link":"https:\/\/zulenealves.com.br\/index.php\/2026\/08\/13\/brasil-reduz-pobreza-mas-amplia-desigualdades-mostra-estudo\/","title":{"rendered":"Brasil reduz pobreza, mas amplia desigualdades, mostra estudo"},"content":{"rendered":"<figure style=\"width: 544px\" class=\"wp-caption aligncenter\"><img fetchpriority=\"high\" decoding=\"async\" class=\"attachment-full \" src=\"https:\/\/blogdojuniorcavalcanti.com.br\/wp-content\/uploads\/2026\/08\/1_93485eac6980bc3646f3d985f75ebba3-695835.jpeg\" sizes=\"(max-width: 1200px) 100vw, 1200px\" srcset=\"https:\/\/blogdojuniorcavalcanti.com.br\/wp-content\/uploads\/2026\/08\/1_93485eac6980bc3646f3d985f75ebba3-695835.jpeg 1200w, https:\/\/blogdojuniorcavalcanti.com.br\/wp-content\/uploads\/2026\/08\/1_93485eac6980bc3646f3d985f75ebba3-695835-800x533.jpeg 800w, https:\/\/blogdojuniorcavalcanti.com.br\/wp-content\/uploads\/2026\/08\/1_93485eac6980bc3646f3d985f75ebba3-695835-1024x683.jpeg 1024w, https:\/\/blogdojuniorcavalcanti.com.br\/wp-content\/uploads\/2026\/08\/1_93485eac6980bc3646f3d985f75ebba3-695835-768x512.jpeg 768w\" alt=\"\" width=\"554\" height=\"369\" \/><figcaption class=\"wp-caption-text\">Brasil sai do Mapa da Fome da ONU (Tony Oliveira\/Ag\u00eancia Bras\u00edlia)<\/figcaption><\/figure>\n<p class=\"texto\" style=\"text-align: justify;\">O\u00a0<strong><a href=\"https:\/\/combateasdesigualdades.org\/relatorio-do-observatorio-brasileiro-das-desigualdades-2026\/\" target=\"_blank\" rel=\"noopener noreferrer\">Relat\u00f3rio do Observat\u00f3rio Brasileiro das Desigualdades 2026<\/a><\/strong>\u00a0aponta que o Brasil avan\u00e7ou, no \u00faltimo ano, em 34 (71%) dos 48 indicadores estudados para an\u00e1lise do processo de enfrentamento das desigualdades.<\/p>\n<p class=\"texto\" style=\"text-align: justify;\">Os avan\u00e7os apontados pelo estudo s\u00e3o relativos, principalmente, \u00e0 melhoria de renda m\u00e9dia, ao aumento do mercado de trabalho, \u00e0 redu\u00e7\u00e3o da pobreza, al\u00e9m de maior seguran\u00e7a alimentar e acesso aos servi\u00e7os b\u00e1sicos.<\/p>\n<p class=\"texto\" style=\"text-align: justify;\">\u00cdndices de sa\u00fade \u2013 como redu\u00e7\u00e3o da desnutri\u00e7\u00e3o infantil e de idosos; educa\u00e7\u00e3o \u2013 como queda do analfabetismo; e seguran\u00e7a, \u2013 como redu\u00e7\u00e3o da taxa de homic\u00eddios registrados de jovens de 15 a 29 anos, tamb\u00e9m melhoraram.<\/p>\n<p class=\"texto\" style=\"text-align: justify;\">Do total de indicadores analisados, oito pioraram e seis se mantiveram est\u00e1veis. Entre as pioras est\u00e3o:<\/p>\n<ul style=\"text-align: justify;\">\n<li>amplia\u00e7\u00e3o do n\u00famero de mulheres que recebem remunera\u00e7\u00e3o inferior \u00e0 dos homens;<\/li>\n<li>agravamento da concentra\u00e7\u00e3o da renda;<\/li>\n<li>tributa\u00e7\u00e3o menor conforme a renda \u00e9 maior;<\/li>\n<li>condi\u00e7\u00f5es mais desfavor\u00e1veis \u00e0 popula\u00e7\u00e3o negra;<\/li>\n<li>aumento da concentra\u00e7\u00e3o dos piores indicadores sociais no Norte e Nordeste.<\/li>\n<\/ul>\n<p class=\"texto\" style=\"text-align: justify;\">Para os respons\u00e1veis pelo relat\u00f3rio, os indicadores que apresentaram piora revelam que os principais mecanismos de reprodu\u00e7\u00e3o das desigualdades permanecem ativos.<\/p>\n<p class=\"texto\" style=\"text-align: justify;\">\u201cO crescimento econ\u00f4mico beneficiou diferentes grupos sociais, mas n\u00e3o foi suficiente para reduzir as disparidades hist\u00f3ricas de renda, g\u00eanero, ra\u00e7a e territ\u00f3rio\u201d, destaca o relat\u00f3rio.<\/p>\n<p class=\"texto\" style=\"text-align: justify;\">O relat\u00f3rio publicado neste ano \u00e9 a quarta edi\u00e7\u00e3o. O primeiro foi publicado em 2023. A \u00faltima publica\u00e7\u00e3o traz an\u00e1lises atuais sobre indicadores de 2025, com exce\u00e7\u00e3o de algumas bases de dados n\u00e3o atualizadas anualmente.<\/p>\n<p class=\"texto\" style=\"text-align: justify;\">Um exemplo s\u00e3o os indicadores derivados da Pesquisa de Or\u00e7amentos Familiares (POF), que analisam gastos com transporte e carga tribut\u00e1ria a cada dois anos. Outro caso \u00e9 o Indicador de Analfabetismo Funcional (Inaf), divulgado em 2024, ap\u00f3s seis anos da pesquisa anterior.<\/p>\n<p class=\"texto\" style=\"text-align: justify;\">Na avalia\u00e7\u00e3o da diretora t\u00e9cnica do Pacto Nacional pelo Combate \u00e0s Desigualdades, Adriana Marcolino, a indisponibilidade desses indicadores atualizados em 2025 n\u00e3o interfere no comparativo com as edi\u00e7\u00f5es anteriores do relat\u00f3rio.<\/p>\n<p class=\"texto\" style=\"text-align: justify;\">\u201cNesses casos, a gente olha o dado em compara\u00e7\u00e3o com o mesmo dado do ano anterior, ent\u00e3o isso n\u00e3o cria um vi\u00e9s de tempo. Os indicadores que a gente acompanha j\u00e1 indicam tend\u00eancias pelo fato de j\u00e1 termos quatro anos de relat\u00f3rios\u201d.<!--more--><\/p>\n<p class=\"texto\" style=\"text-align: justify;\">No pref\u00e1cio da publica\u00e7\u00e3o, Betina Ferraz Barbosa, coordenadora da Unidade de Desenvolvimento Humano do Programa das Na\u00e7\u00f5es Unidas para o Desenvolvimento (Pnud) Brasil e economista-chefe do Pnud Brasil avalia que a an\u00e1lise dos indicadores contribui para um aprofundamento de \u00edndices divulgados por diversas organiza\u00e7\u00f5es e v\u00e3o al\u00e9m do conceito de desenvolvimento humano com base exclusivamente em indicadores econ\u00f4micos de sa\u00fade e educa\u00e7\u00e3o.<\/p>\n<p class=\"texto\" style=\"text-align: justify;\">\u201cOs n\u00fameros m\u00e9dios escondem uma realidade mais complexa: os avan\u00e7os foram reais e, ao mesmo tempo, profundamente desiguais\u201d, destaca.<\/p>\n<p>Por<strong> Ag\u00eancia Brasil<\/strong><\/p>\n<div class=\"gsp_post_data\" \r\n\t            data-post_type=\"post\" \r\n\t            data-cat=\"brasil\" \r\n\t            data-modified=\"120\"\r\n\t            data-created=\"1786624919\"\r\n\t            data-title=\"Brasil reduz pobreza, mas amplia desigualdades, mostra estudo\" \r\n\t            data-home=\"https:\/\/zulenealves.com.br\"><\/div>","protected":false},"excerpt":{"rendered":"<p>O\u00a0Relat\u00f3rio do Observat\u00f3rio Brasileiro das Desigualdades 2026\u00a0aponta que o Brasil avan\u00e7ou, no \u00faltimo ano, em 34 (71%) dos 48 indicadores estudados para an\u00e1lise do processo de enfrentamento das desigualdades. Os avan\u00e7os apontados pelo estudo s\u00e3o relativos, principalmente, \u00e0 melhoria de renda m\u00e9dia, ao aumento do mercado de trabalho, \u00e0 redu\u00e7\u00e3o da pobreza, al\u00e9m de maior &#8230; <\/p>\n<p class=\"read-more-container\"><a title=\"Brasil reduz pobreza, mas amplia desigualdades, mostra estudo\" class=\"read-more button\" href=\"https:\/\/zulenealves.com.br\/index.php\/2026\/08\/13\/brasil-reduz-pobreza-mas-amplia-desigualdades-mostra-estudo\/#more-50950\" aria-label=\"More on Brasil reduz pobreza, mas amplia desigualdades, mostra estudo\">Leia mais<\/a><\/p>\n","protected":false},"author":1,"featured_media":0,"comment_status":"closed","ping_status":"closed","sticky":false,"template":"","format":"standard","meta":{"footnotes":""},"categories":[16],"tags":[],"class_list":["post-50950","post","type-post","status-publish","format-standard","hentry","category-brasil"],"yoast_head":"<!-- This site is optimized with the Yoast SEO plugin v28.4 - https:\/\/yoast.com\/product\/yoast-seo-wordpress\/ -->\n<title>Brasil reduz pobreza, mas amplia desigualdades, mostra estudo - Blog Zulene Alves<\/title>\n<meta name=\"robots\" content=\"index, follow, max-snippet:-1, max-image-preview:large, max-video-preview:-1\" \/>\n<link rel=\"canonical\" href=\"https:\/\/zulenealves.com.br\/index.php\/2026\/08\/13\/brasil-reduz-pobreza-mas-amplia-desigualdades-mostra-estudo\/\" \/>\n<meta property=\"og:locale\" content=\"pt_BR\" \/>\n<meta property=\"og:type\" content=\"article\" \/>\n<meta property=\"og:title\" content=\"Brasil reduz pobreza, mas amplia desigualdades, mostra estudo - Blog Zulene Alves\" \/>\n<meta property=\"og:description\" content=\"O\u00a0Relat\u00f3rio do Observat\u00f3rio Brasileiro das Desigualdades 2026\u00a0aponta que o Brasil avan\u00e7ou, no \u00faltimo ano, em 34 (71%) dos 48 indicadores estudados para an\u00e1lise do processo de enfrentamento das desigualdades. Os avan\u00e7os apontados pelo estudo s\u00e3o relativos, principalmente, \u00e0 melhoria de renda m\u00e9dia, ao aumento do mercado de trabalho, \u00e0 redu\u00e7\u00e3o da pobreza, al\u00e9m de maior ... Leia mais\" \/>\n<meta property=\"og:url\" content=\"https:\/\/zulenealves.com.br\/index.php\/2026\/08\/13\/brasil-reduz-pobreza-mas-amplia-desigualdades-mostra-estudo\/\" \/>\n<meta property=\"og:site_name\" content=\"Blog Zulene Alves\" \/>\n<meta property=\"article:published_time\" content=\"2026-08-13T15:41:59+00:00\" \/>\n<meta property=\"og:image\" content=\"https:\/\/blogdojuniorcavalcanti.com.br\/wp-content\/uploads\/2026\/08\/1_93485eac6980bc3646f3d985f75ebba3-695835.jpeg\" \/>\n<meta name=\"author\" content=\"zulenealves\" \/>\n<meta name=\"twitter:card\" content=\"summary_large_image\" \/>\n<meta name=\"twitter:label1\" content=\"Escrito por\" \/>\n\t<meta name=\"twitter:data1\" content=\"zulenealves\" \/>\n\t<meta name=\"twitter:label2\" content=\"Est. tempo de leitura\" \/>\n\t<meta name=\"twitter:data2\" content=\"3 minutos\" \/>\n<script type=\"application\/ld+json\" class=\"yoast-schema-graph\">{\"@context\":\"https:\\\/\\\/schema.org\",\"@graph\":[{\"@type\":\"Article\",\"@id\":\"https:\\\/\\\/zulenealves.com.br\\\/index.php\\\/2026\\\/08\\\/13\\\/brasil-reduz-pobreza-mas-amplia-desigualdades-mostra-estudo\\\/#article\",\"isPartOf\":{\"@id\":\"https:\\\/\\\/zulenealves.com.br\\\/index.php\\\/2026\\\/08\\\/13\\\/brasil-reduz-pobreza-mas-amplia-desigualdades-mostra-estudo\\\/\"},\"author\":{\"name\":\"zulenealves\",\"@id\":\"https:\\\/\\\/zulenealves.com.br\\\/#\\\/schema\\\/person\\\/4076c08f761164e658f6461c6b0316ef\"},\"headline\":\"Brasil reduz pobreza, mas amplia desigualdades, mostra estudo\",\"datePublished\":\"2026-08-13T15:41:59+00:00\",\"mainEntityOfPage\":{\"@id\":\"https:\\\/\\\/zulenealves.com.br\\\/index.php\\\/2026\\\/08\\\/13\\\/brasil-reduz-pobreza-mas-amplia-desigualdades-mostra-estudo\\\/\"},\"wordCount\":522,\"image\":{\"@id\":\"https:\\\/\\\/zulenealves.com.br\\\/index.php\\\/2026\\\/08\\\/13\\\/brasil-reduz-pobreza-mas-amplia-desigualdades-mostra-estudo\\\/#primaryimage\"},\"thumbnailUrl\":\"https:\\\/\\\/blogdojuniorcavalcanti.com.br\\\/wp-content\\\/uploads\\\/2026\\\/08\\\/1_93485eac6980bc3646f3d985f75ebba3-695835.jpeg\",\"articleSection\":[\"Brasil\"],\"inLanguage\":\"pt-BR\"},{\"@type\":\"WebPage\",\"@id\":\"https:\\\/\\\/zulenealves.com.br\\\/index.php\\\/2026\\\/08\\\/13\\\/brasil-reduz-pobreza-mas-amplia-desigualdades-mostra-estudo\\\/\",\"url\":\"https:\\\/\\\/zulenealves.com.br\\\/index.php\\\/2026\\\/08\\\/13\\\/brasil-reduz-pobreza-mas-amplia-desigualdades-mostra-estudo\\\/\",\"name\":\"Brasil reduz pobreza, mas amplia desigualdades, mostra estudo - Blog Zulene Alves\",\"isPartOf\":{\"@id\":\"https:\\\/\\\/zulenealves.com.br\\\/#website\"},\"primaryImageOfPage\":{\"@id\":\"https:\\\/\\\/zulenealves.com.br\\\/index.php\\\/2026\\\/08\\\/13\\\/brasil-reduz-pobreza-mas-amplia-desigualdades-mostra-estudo\\\/#primaryimage\"},\"image\":{\"@id\":\"https:\\\/\\\/zulenealves.com.br\\\/index.php\\\/2026\\\/08\\\/13\\\/brasil-reduz-pobreza-mas-amplia-desigualdades-mostra-estudo\\\/#primaryimage\"},\"thumbnailUrl\":\"https:\\\/\\\/blogdojuniorcavalcanti.com.br\\\/wp-content\\\/uploads\\\/2026\\\/08\\\/1_93485eac6980bc3646f3d985f75ebba3-695835.jpeg\",\"datePublished\":\"2026-08-13T15:41:59+00:00\",\"author\":{\"@id\":\"https:\\\/\\\/zulenealves.com.br\\\/#\\\/schema\\\/person\\\/4076c08f761164e658f6461c6b0316ef\"},\"breadcrumb\":{\"@id\":\"https:\\\/\\\/zulenealves.com.br\\\/index.php\\\/2026\\\/08\\\/13\\\/brasil-reduz-pobreza-mas-amplia-desigualdades-mostra-estudo\\\/#breadcrumb\"},\"inLanguage\":\"pt-BR\",\"potentialAction\":[{\"@type\":\"ReadAction\",\"target\":[\"https:\\\/\\\/zulenealves.com.br\\\/index.php\\\/2026\\\/08\\\/13\\\/brasil-reduz-pobreza-mas-amplia-desigualdades-mostra-estudo\\\/\"]}]},{\"@type\":\"ImageObject\",\"inLanguage\":\"pt-BR\",\"@id\":\"https:\\\/\\\/zulenealves.com.br\\\/index.php\\\/2026\\\/08\\\/13\\\/brasil-reduz-pobreza-mas-amplia-desigualdades-mostra-estudo\\\/#primaryimage\",\"url\":\"https:\\\/\\\/blogdojuniorcavalcanti.com.br\\\/wp-content\\\/uploads\\\/2026\\\/08\\\/1_93485eac6980bc3646f3d985f75ebba3-695835.jpeg\",\"contentUrl\":\"https:\\\/\\\/blogdojuniorcavalcanti.com.br\\\/wp-content\\\/uploads\\\/2026\\\/08\\\/1_93485eac6980bc3646f3d985f75ebba3-695835.jpeg\"},{\"@type\":\"BreadcrumbList\",\"@id\":\"https:\\\/\\\/zulenealves.com.br\\\/index.php\\\/2026\\\/08\\\/13\\\/brasil-reduz-pobreza-mas-amplia-desigualdades-mostra-estudo\\\/#breadcrumb\",\"itemListElement\":[{\"@type\":\"ListItem\",\"position\":1,\"name\":\"In\u00edcio\",\"item\":\"https:\\\/\\\/zulenealves.com.br\\\/\"},{\"@type\":\"ListItem\",\"position\":2,\"name\":\"Brasil reduz pobreza, mas amplia desigualdades, mostra estudo\"}]},{\"@type\":\"WebSite\",\"@id\":\"https:\\\/\\\/zulenealves.com.br\\\/#website\",\"url\":\"https:\\\/\\\/zulenealves.com.br\\\/\",\"name\":\"Blog Zulene Alves\",\"description\":\"\",\"potentialAction\":[{\"@type\":\"SearchAction\",\"target\":{\"@type\":\"EntryPoint\",\"urlTemplate\":\"https:\\\/\\\/zulenealves.com.br\\\/?s={search_term_string}\"},\"query-input\":{\"@type\":\"PropertyValueSpecification\",\"valueRequired\":true,\"valueName\":\"search_term_string\"}}],\"inLanguage\":\"pt-BR\"},{\"@type\":\"Person\",\"@id\":\"https:\\\/\\\/zulenealves.com.br\\\/#\\\/schema\\\/person\\\/4076c08f761164e658f6461c6b0316ef\",\"name\":\"zulenealves\",\"image\":{\"@type\":\"ImageObject\",\"inLanguage\":\"pt-BR\",\"@id\":\"https:\\\/\\\/secure.gravatar.com\\\/avatar\\\/0c6cfdd7fa501763e4ab9715fb2b12c342c6a1ace0a16a25d743cdfbb340b122?s=96&d=mm&r=g\",\"url\":\"https:\\\/\\\/secure.gravatar.com\\\/avatar\\\/0c6cfdd7fa501763e4ab9715fb2b12c342c6a1ace0a16a25d743cdfbb340b122?s=96&d=mm&r=g\",\"contentUrl\":\"https:\\\/\\\/secure.gravatar.com\\\/avatar\\\/0c6cfdd7fa501763e4ab9715fb2b12c342c6a1ace0a16a25d743cdfbb340b122?s=96&d=mm&r=g\",\"caption\":\"zulenealves\"},\"sameAs\":[\"https:\\\/\\\/zulenealves.com.br\"],\"url\":\"https:\\\/\\\/zulenealves.com.br\\\/index.php\\\/author\\\/zulenealves\\\/\"}]}<\/script>\n<!-- \/ Yoast SEO plugin. -->","yoast_head_json":{"title":"Brasil reduz pobreza, mas amplia desigualdades, mostra estudo - Blog Zulene Alves","robots":{"index":"index","follow":"follow","max-snippet":"max-snippet:-1","max-image-preview":"max-image-preview:large","max-video-preview":"max-video-preview:-1"},"canonical":"https:\/\/zulenealves.com.br\/index.php\/2026\/08\/13\/brasil-reduz-pobreza-mas-amplia-desigualdades-mostra-estudo\/","og_locale":"pt_BR","og_type":"article","og_title":"Brasil reduz pobreza, mas amplia desigualdades, mostra estudo - Blog Zulene Alves","og_description":"O\u00a0Relat\u00f3rio do Observat\u00f3rio Brasileiro das Desigualdades 2026\u00a0aponta que o Brasil avan\u00e7ou, no \u00faltimo ano, em 34 (71%) dos 48 indicadores estudados para an\u00e1lise do processo de enfrentamento das desigualdades. Os avan\u00e7os apontados pelo estudo s\u00e3o relativos, principalmente, \u00e0 melhoria de renda m\u00e9dia, ao aumento do mercado de trabalho, \u00e0 redu\u00e7\u00e3o da pobreza, al\u00e9m de maior ... Leia mais","og_url":"https:\/\/zulenealves.com.br\/index.php\/2026\/08\/13\/brasil-reduz-pobreza-mas-amplia-desigualdades-mostra-estudo\/","og_site_name":"Blog Zulene Alves","article_published_time":"2026-08-13T15:41:59+00:00","og_image":[{"url":"https:\/\/blogdojuniorcavalcanti.com.br\/wp-content\/uploads\/2026\/08\/1_93485eac6980bc3646f3d985f75ebba3-695835.jpeg","type":"","width":"","height":""}],"author":"zulenealves","twitter_card":"summary_large_image","twitter_misc":{"Escrito por":"zulenealves","Est. tempo de leitura":"3 minutos"},"schema":{"@context":"https:\/\/schema.org","@graph":[{"@type":"Article","@id":"https:\/\/zulenealves.com.br\/index.php\/2026\/08\/13\/brasil-reduz-pobreza-mas-amplia-desigualdades-mostra-estudo\/#article","isPartOf":{"@id":"https:\/\/zulenealves.com.br\/index.php\/2026\/08\/13\/brasil-reduz-pobreza-mas-amplia-desigualdades-mostra-estudo\/"},"author":{"name":"zulenealves","@id":"https:\/\/zulenealves.com.br\/#\/schema\/person\/4076c08f761164e658f6461c6b0316ef"},"headline":"Brasil reduz pobreza, mas amplia desigualdades, mostra estudo","datePublished":"2026-08-13T15:41:59+00:00","mainEntityOfPage":{"@id":"https:\/\/zulenealves.com.br\/index.php\/2026\/08\/13\/brasil-reduz-pobreza-mas-amplia-desigualdades-mostra-estudo\/"},"wordCount":522,"image":{"@id":"https:\/\/zulenealves.com.br\/index.php\/2026\/08\/13\/brasil-reduz-pobreza-mas-amplia-desigualdades-mostra-estudo\/#primaryimage"},"thumbnailUrl":"https:\/\/blogdojuniorcavalcanti.com.br\/wp-content\/uploads\/2026\/08\/1_93485eac6980bc3646f3d985f75ebba3-695835.jpeg","articleSection":["Brasil"],"inLanguage":"pt-BR"},{"@type":"WebPage","@id":"https:\/\/zulenealves.com.br\/index.php\/2026\/08\/13\/brasil-reduz-pobreza-mas-amplia-desigualdades-mostra-estudo\/","url":"https:\/\/zulenealves.com.br\/index.php\/2026\/08\/13\/brasil-reduz-pobreza-mas-amplia-desigualdades-mostra-estudo\/","name":"Brasil reduz pobreza, mas amplia desigualdades, mostra estudo - Blog Zulene Alves","isPartOf":{"@id":"https:\/\/zulenealves.com.br\/#website"},"primaryImageOfPage":{"@id":"https:\/\/zulenealves.com.br\/index.php\/2026\/08\/13\/brasil-reduz-pobreza-mas-amplia-desigualdades-mostra-estudo\/#primaryimage"},"image":{"@id":"https:\/\/zulenealves.com.br\/index.php\/2026\/08\/13\/brasil-reduz-pobreza-mas-amplia-desigualdades-mostra-estudo\/#primaryimage"},"thumbnailUrl":"https:\/\/blogdojuniorcavalcanti.com.br\/wp-content\/uploads\/2026\/08\/1_93485eac6980bc3646f3d985f75ebba3-695835.jpeg","datePublished":"2026-08-13T15:41:59+00:00","author":{"@id":"https:\/\/zulenealves.com.br\/#\/schema\/person\/4076c08f761164e658f6461c6b0316ef"},"breadcrumb":{"@id":"https:\/\/zulenealves.com.br\/index.php\/2026\/08\/13\/brasil-reduz-pobreza-mas-amplia-desigualdades-mostra-estudo\/#breadcrumb"},"inLanguage":"pt-BR","potentialAction":[{"@type":"ReadAction","target":["https:\/\/zulenealves.com.br\/index.php\/2026\/08\/13\/brasil-reduz-pobreza-mas-amplia-desigualdades-mostra-estudo\/"]}]},{"@type":"ImageObject","inLanguage":"pt-BR","@id":"https:\/\/zulenealves.com.br\/index.php\/2026\/08\/13\/brasil-reduz-pobreza-mas-amplia-desigualdades-mostra-estudo\/#primaryimage","url":"https:\/\/blogdojuniorcavalcanti.com.br\/wp-content\/uploads\/2026\/08\/1_93485eac6980bc3646f3d985f75ebba3-695835.jpeg","contentUrl":"https:\/\/blogdojuniorcavalcanti.com.br\/wp-content\/uploads\/2026\/08\/1_93485eac6980bc3646f3d985f75ebba3-695835.jpeg"},{"@type":"BreadcrumbList","@id":"https:\/\/zulenealves.com.br\/index.php\/2026\/08\/13\/brasil-reduz-pobreza-mas-amplia-desigualdades-mostra-estudo\/#breadcrumb","itemListElement":[{"@type":"ListItem","position":1,"name":"In\u00edcio","item":"https:\/\/zulenealves.com.br\/"},{"@type":"ListItem","position":2,"name":"Brasil reduz pobreza, mas amplia desigualdades, mostra estudo"}]},{"@type":"WebSite","@id":"https:\/\/zulenealves.com.br\/#website","url":"https:\/\/zulenealves.com.br\/","name":"Blog Zulene Alves","description":"","potentialAction":[{"@type":"SearchAction","target":{"@type":"EntryPoint","urlTemplate":"https:\/\/zulenealves.com.br\/?s={search_term_string}"},"query-input":{"@type":"PropertyValueSpecification","valueRequired":true,"valueName":"search_term_string"}}],"inLanguage":"pt-BR"},{"@type":"Person","@id":"https:\/\/zulenealves.com.br\/#\/schema\/person\/4076c08f761164e658f6461c6b0316ef","name":"zulenealves","image":{"@type":"ImageObject","inLanguage":"pt-BR","@id":"https:\/\/secure.gravatar.com\/avatar\/0c6cfdd7fa501763e4ab9715fb2b12c342c6a1ace0a16a25d743cdfbb340b122?s=96&d=mm&r=g","url":"https:\/\/secure.gravatar.com\/avatar\/0c6cfdd7fa501763e4ab9715fb2b12c342c6a1ace0a16a25d743cdfbb340b122?s=96&d=mm&r=g","contentUrl":"https:\/\/secure.gravatar.com\/avatar\/0c6cfdd7fa501763e4ab9715fb2b12c342c6a1ace0a16a25d743cdfbb340b122?s=96&d=mm&r=g","caption":"zulenealves"},"sameAs":["https:\/\/zulenealves.com.br"],"url":"https:\/\/zulenealves.com.br\/index.php\/author\/zulenealves\/"}]}},"_links":{"self":[{"href":"https:\/\/zulenealves.com.br\/index.php\/wp-json\/wp\/v2\/posts\/50950","targetHints":{"allow":["GET"]}}],"collection":[{"href":"https:\/\/zulenealves.com.br\/index.php\/wp-json\/wp\/v2\/posts"}],"about":[{"href":"https:\/\/zulenealves.com.br\/index.php\/wp-json\/wp\/v2\/types\/post"}],"author":[{"embeddable":true,"href":"https:\/\/zulenealves.com.br\/index.php\/wp-json\/wp\/v2\/users\/1"}],"replies":[{"embeddable":true,"href":"https:\/\/zulenealves.com.br\/index.php\/wp-json\/wp\/v2\/comments?post=50950"}],"version-history":[{"count":1,"href":"https:\/\/zulenealves.com.br\/index.php\/wp-json\/wp\/v2\/posts\/50950\/revisions"}],"predecessor-version":[{"id":50951,"href":"https:\/\/zulenealves.com.br\/index.php\/wp-json\/wp\/v2\/posts\/50950\/revisions\/50951"}],"wp:attachment":[{"href":"https:\/\/zulenealves.com.br\/index.php\/wp-json\/wp\/v2\/media?parent=50950"}],"wp:term":[{"taxonomy":"category","embeddable":true,"href":"https:\/\/zulenealves.com.br\/index.php\/wp-json\/wp\/v2\/categories?post=50950"},{"taxonomy":"post_tag","embeddable":true,"href":"https:\/\/zulenealves.com.br\/index.php\/wp-json\/wp\/v2\/tags?post=50950"}],"curies":[{"name":"wp","href":"https:\/\/api.w.org\/{rel}","templated":true}]}}