{"id":50989,"date":"2026-08-15T06:06:46","date_gmt":"2026-08-15T09:06:46","guid":{"rendered":"https:\/\/zulenealves.com.br\/?p=50989"},"modified":"2026-08-15T06:06:59","modified_gmt":"2026-08-15T09:06:59","slug":"prefeitura-de-afogados-vai-perfurar-60-pocos-artesianos-na-zona-rural","status":"publish","type":"post","link":"https:\/\/zulenealves.com.br\/index.php\/2026\/08\/15\/prefeitura-de-afogados-vai-perfurar-60-pocos-artesianos-na-zona-rural\/","title":{"rendered":"Prefeitura de Afogados vai perfurar 60 po\u00e7os artesianos na zona rural"},"content":{"rendered":"<p style=\"text-align: justify;\">O an\u00fancio aos agricultores foi feito na manh\u00e3 desta sexta (14), pelo vice-prefeito Daniel Valadares, durante a comemora\u00e7\u00e3o do dia municipal das associa\u00e7\u00f5es rurais, celebrado na sede do sindicato dos trabalhadores rurais de Afogados da Ingazeira.<\/p>\n<p><img fetchpriority=\"high\" decoding=\"async\" class=\"aligncenter wp-image-50990\" src=\"https:\/\/zulenealves.com.br\/wp-content\/uploads\/2026\/08\/WhatsApp-Image-2026-08-14-at-18.55.38-1.jpeg\" alt=\"\" width=\"600\" height=\"400\" srcset=\"https:\/\/zulenealves.com.br\/wp-content\/uploads\/2026\/08\/WhatsApp-Image-2026-08-14-at-18.55.38-1.jpeg 1600w, https:\/\/zulenealves.com.br\/wp-content\/uploads\/2026\/08\/WhatsApp-Image-2026-08-14-at-18.55.38-1-300x200.jpeg 300w, https:\/\/zulenealves.com.br\/wp-content\/uploads\/2026\/08\/WhatsApp-Image-2026-08-14-at-18.55.38-1-1024x682.jpeg 1024w, https:\/\/zulenealves.com.br\/wp-content\/uploads\/2026\/08\/WhatsApp-Image-2026-08-14-at-18.55.38-1-768x512.jpeg 768w, https:\/\/zulenealves.com.br\/wp-content\/uploads\/2026\/08\/WhatsApp-Image-2026-08-14-at-18.55.38-1-1536x1023.jpeg 1536w\" sizes=\"(max-width: 600px) 100vw, 600px\" \/><\/p>\n<p style=\"text-align: justify;\">Em sua fala, Daniel Valadares destacou que a iniciativa integra um conjunto de medidas que a gest\u00e3o municipal tem planejado para mitigar os efeitos de uma poss\u00edvel grande estiagem, provocada pelo fen\u00f4meno clim\u00e1tico \u201cEl Ni\u00f1o\u201d, j\u00e1 confirmado pelos especialistas.<\/p>\n<p><img decoding=\"async\" class=\"aligncenter wp-image-50991\" src=\"https:\/\/zulenealves.com.br\/wp-content\/uploads\/2026\/08\/WhatsApp-Image-2026-08-14-at-18.55.38.jpeg\" alt=\"\" width=\"600\" height=\"400\" srcset=\"https:\/\/zulenealves.com.br\/wp-content\/uploads\/2026\/08\/WhatsApp-Image-2026-08-14-at-18.55.38.jpeg 1600w, https:\/\/zulenealves.com.br\/wp-content\/uploads\/2026\/08\/WhatsApp-Image-2026-08-14-at-18.55.38-300x200.jpeg 300w, https:\/\/zulenealves.com.br\/wp-content\/uploads\/2026\/08\/WhatsApp-Image-2026-08-14-at-18.55.38-1024x682.jpeg 1024w, https:\/\/zulenealves.com.br\/wp-content\/uploads\/2026\/08\/WhatsApp-Image-2026-08-14-at-18.55.38-768x512.jpeg 768w, https:\/\/zulenealves.com.br\/wp-content\/uploads\/2026\/08\/WhatsApp-Image-2026-08-14-at-18.55.38-1536x1023.jpeg 1536w\" sizes=\"(max-width: 600px) 100vw, 600px\" \/><\/p>\n<p style=\"text-align: justify;\">\u201cVamos contemplar todas as quarenta e sete associa\u00e7\u00f5es rurais do munic\u00edpio com essa perfura\u00e7\u00e3o de po\u00e7os. Os t\u00e9cnicos dir\u00e3o onde esses po\u00e7os ser\u00e3o perfurados, n\u00f3s perfuraremos e faremos a instala\u00e7\u00e3o,\u201d informou o vice-prefeito Daniel Valadares. Ele destacou ainda que todos os po\u00e7os ser\u00e3o de uso comunit\u00e1rio.<\/p>\n<p style=\"text-align: justify;\">O dia municipal das associa\u00e7\u00f5es rurais foi criado a partir de um iniciativa dos Vereadores C\u00e9sar Ten\u00f3rio, Gal Mariano e Douglas Rodrigues. Estiveram presentes \u00e3 comemora\u00e7\u00e3o, a diretoria do sindicato, representantes de 25 associa\u00e7\u00f5es rurais, secret\u00e1rios municipais e os vereadores C\u00e9sar Ten\u00f3rio, Lucineide Cordeiro e Douglas Rodrigues.<\/p>\n<p style=\"text-align: justify;\">\u201cFoi prometido pelo Prefeito Sandrinho tamb\u00e9m a instala\u00e7\u00e3o de ar-condicionado aqui no sindicato. Acontece que, a conta de energia subiria muito, inviabilizando seu pagamento. Ent\u00e3o resolvemos esse problema, entregando hoje uma placa de energia solar, com a instala\u00e7\u00e3o, para zerar os custos do sindicato com energia el\u00e9trica, num investimentos e dezenove mil Reais,\u201d afirmou Daniel.<\/p>\n<p style=\"text-align: justify;\">Tamb\u00e9m foi anunciada durante a reuni\u00e3o, pelo secret\u00e1rio de meio-ambiente, Adelmo Santos, a amplia\u00e7\u00e3o do banco municipal de sementes, atuando na distribui\u00e7\u00e3o de sementes de milho criola, org\u00e2nico e mais resistente a pragas. A previs\u00e3o \u00e9 de que trezentas fam\u00edlias sejam beneficiadas pela Prefeitura com a distribui\u00e7\u00e3o j\u00e1 a partir de outubro desse ano.<\/p>\n<div class=\"gsp_post_data\" \r\n\t            data-post_type=\"post\" \r\n\t            data-cat=\"destaque\" \r\n\t            data-modified=\"120\"\r\n\t            data-created=\"1786774006\"\r\n\t            data-title=\"Prefeitura de Afogados vai perfurar 60 po\u00e7os artesianos na zona rural\" \r\n\t            data-home=\"https:\/\/zulenealves.com.br\"><\/div>","protected":false},"excerpt":{"rendered":"<p>O an\u00fancio aos agricultores foi feito na manh\u00e3 desta sexta (14), pelo vice-prefeito Daniel Valadares, durante a comemora\u00e7\u00e3o do dia municipal das associa\u00e7\u00f5es rurais, celebrado na sede do sindicato dos trabalhadores rurais de Afogados da Ingazeira. Em sua fala, Daniel Valadares destacou que a iniciativa integra um conjunto de medidas que a gest\u00e3o municipal tem &#8230; <\/p>\n<p class=\"read-more-container\"><a title=\"Prefeitura de Afogados vai perfurar 60 po\u00e7os artesianos na zona rural\" class=\"read-more button\" href=\"https:\/\/zulenealves.com.br\/index.php\/2026\/08\/15\/prefeitura-de-afogados-vai-perfurar-60-pocos-artesianos-na-zona-rural\/#more-50989\" aria-label=\"More on Prefeitura de Afogados vai perfurar 60 po\u00e7os artesianos na zona rural\">Leia mais<\/a><\/p>\n","protected":false},"author":1,"featured_media":50992,"comment_status":"closed","ping_status":"closed","sticky":false,"template":"","format":"standard","meta":{"footnotes":""},"categories":[23],"tags":[],"class_list":["post-50989","post","type-post","status-publish","format-standard","has-post-thumbnail","hentry","category-destaque","resize-featured-image"],"yoast_head":"<!-- This site is optimized with the Yoast SEO plugin v28.4 - https:\/\/yoast.com\/product\/yoast-seo-wordpress\/ -->\n<title>Prefeitura de Afogados vai perfurar 60 po\u00e7os artesianos na zona rural - Blog Zulene Alves<\/title>\n<meta name=\"robots\" content=\"index, follow, max-snippet:-1, max-image-preview:large, max-video-preview:-1\" \/>\n<link rel=\"canonical\" href=\"https:\/\/zulenealves.com.br\/index.php\/2026\/08\/15\/prefeitura-de-afogados-vai-perfurar-60-pocos-artesianos-na-zona-rural\/\" \/>\n<meta property=\"og:locale\" content=\"pt_BR\" \/>\n<meta property=\"og:type\" content=\"article\" \/>\n<meta property=\"og:title\" content=\"Prefeitura de Afogados vai perfurar 60 po\u00e7os artesianos na zona rural - Blog Zulene Alves\" \/>\n<meta property=\"og:description\" content=\"O an\u00fancio aos agricultores foi feito na manh\u00e3 desta sexta (14), pelo vice-prefeito Daniel Valadares, durante a comemora\u00e7\u00e3o do dia municipal das associa\u00e7\u00f5es rurais, celebrado na sede do sindicato dos trabalhadores rurais de Afogados da Ingazeira. Em sua fala, Daniel Valadares destacou que a iniciativa integra um conjunto de medidas que a gest\u00e3o municipal tem ... Leia mais\" \/>\n<meta property=\"og:url\" content=\"https:\/\/zulenealves.com.br\/index.php\/2026\/08\/15\/prefeitura-de-afogados-vai-perfurar-60-pocos-artesianos-na-zona-rural\/\" \/>\n<meta property=\"og:site_name\" content=\"Blog Zulene Alves\" \/>\n<meta property=\"article:published_time\" content=\"2026-08-15T09:06:46+00:00\" \/>\n<meta property=\"article:modified_time\" content=\"2026-08-15T09:06:59+00:00\" \/>\n<meta property=\"og:image\" content=\"https:\/\/zulenealves.com.br\/wp-content\/uploads\/2026\/08\/WhatsApp-Image-2026-08-14-at-18.55.39.jpeg\" \/>\n\t<meta property=\"og:image:width\" content=\"1600\" \/>\n\t<meta property=\"og:image:height\" content=\"1066\" \/>\n\t<meta property=\"og:image:type\" content=\"image\/jpeg\" \/>\n<meta name=\"author\" content=\"zulenealves\" \/>\n<meta name=\"twitter:card\" content=\"summary_large_image\" \/>\n<meta name=\"twitter:label1\" content=\"Escrito por\" \/>\n\t<meta name=\"twitter:data1\" content=\"zulenealves\" \/>\n\t<meta name=\"twitter:label2\" content=\"Est. tempo de leitura\" \/>\n\t<meta name=\"twitter:data2\" content=\"3 minutos\" \/>\n<script type=\"application\/ld+json\" class=\"yoast-schema-graph\">{\"@context\":\"https:\\\/\\\/schema.org\",\"@graph\":[{\"@type\":\"Article\",\"@id\":\"https:\\\/\\\/zulenealves.com.br\\\/index.php\\\/2026\\\/08\\\/15\\\/prefeitura-de-afogados-vai-perfurar-60-pocos-artesianos-na-zona-rural\\\/#article\",\"isPartOf\":{\"@id\":\"https:\\\/\\\/zulenealves.com.br\\\/index.php\\\/2026\\\/08\\\/15\\\/prefeitura-de-afogados-vai-perfurar-60-pocos-artesianos-na-zona-rural\\\/\"},\"author\":{\"name\":\"zulenealves\",\"@id\":\"https:\\\/\\\/zulenealves.com.br\\\/#\\\/schema\\\/person\\\/4076c08f761164e658f6461c6b0316ef\"},\"headline\":\"Prefeitura de Afogados vai perfurar 60 po\u00e7os artesianos na zona rural\",\"datePublished\":\"2026-08-15T09:06:46+00:00\",\"dateModified\":\"2026-08-15T09:06:59+00:00\",\"mainEntityOfPage\":{\"@id\":\"https:\\\/\\\/zulenealves.com.br\\\/index.php\\\/2026\\\/08\\\/15\\\/prefeitura-de-afogados-vai-perfurar-60-pocos-artesianos-na-zona-rural\\\/\"},\"wordCount\":327,\"image\":{\"@id\":\"https:\\\/\\\/zulenealves.com.br\\\/index.php\\\/2026\\\/08\\\/15\\\/prefeitura-de-afogados-vai-perfurar-60-pocos-artesianos-na-zona-rural\\\/#primaryimage\"},\"thumbnailUrl\":\"https:\\\/\\\/zulenealves.com.br\\\/wp-content\\\/uploads\\\/2026\\\/08\\\/WhatsApp-Image-2026-08-14-at-18.55.39.jpeg\",\"articleSection\":[\"Destaque\"],\"inLanguage\":\"pt-BR\"},{\"@type\":\"WebPage\",\"@id\":\"https:\\\/\\\/zulenealves.com.br\\\/index.php\\\/2026\\\/08\\\/15\\\/prefeitura-de-afogados-vai-perfurar-60-pocos-artesianos-na-zona-rural\\\/\",\"url\":\"https:\\\/\\\/zulenealves.com.br\\\/index.php\\\/2026\\\/08\\\/15\\\/prefeitura-de-afogados-vai-perfurar-60-pocos-artesianos-na-zona-rural\\\/\",\"name\":\"Prefeitura de Afogados vai perfurar 60 po\u00e7os artesianos na zona rural - Blog Zulene Alves\",\"isPartOf\":{\"@id\":\"https:\\\/\\\/zulenealves.com.br\\\/#website\"},\"primaryImageOfPage\":{\"@id\":\"https:\\\/\\\/zulenealves.com.br\\\/index.php\\\/2026\\\/08\\\/15\\\/prefeitura-de-afogados-vai-perfurar-60-pocos-artesianos-na-zona-rural\\\/#primaryimage\"},\"image\":{\"@id\":\"https:\\\/\\\/zulenealves.com.br\\\/index.php\\\/2026\\\/08\\\/15\\\/prefeitura-de-afogados-vai-perfurar-60-pocos-artesianos-na-zona-rural\\\/#primaryimage\"},\"thumbnailUrl\":\"https:\\\/\\\/zulenealves.com.br\\\/wp-content\\\/uploads\\\/2026\\\/08\\\/WhatsApp-Image-2026-08-14-at-18.55.39.jpeg\",\"datePublished\":\"2026-08-15T09:06:46+00:00\",\"dateModified\":\"2026-08-15T09:06:59+00:00\",\"author\":{\"@id\":\"https:\\\/\\\/zulenealves.com.br\\\/#\\\/schema\\\/person\\\/4076c08f761164e658f6461c6b0316ef\"},\"breadcrumb\":{\"@id\":\"https:\\\/\\\/zulenealves.com.br\\\/index.php\\\/2026\\\/08\\\/15\\\/prefeitura-de-afogados-vai-perfurar-60-pocos-artesianos-na-zona-rural\\\/#breadcrumb\"},\"inLanguage\":\"pt-BR\",\"potentialAction\":[{\"@type\":\"ReadAction\",\"target\":[\"https:\\\/\\\/zulenealves.com.br\\\/index.php\\\/2026\\\/08\\\/15\\\/prefeitura-de-afogados-vai-perfurar-60-pocos-artesianos-na-zona-rural\\\/\"]}]},{\"@type\":\"ImageObject\",\"inLanguage\":\"pt-BR\",\"@id\":\"https:\\\/\\\/zulenealves.com.br\\\/index.php\\\/2026\\\/08\\\/15\\\/prefeitura-de-afogados-vai-perfurar-60-pocos-artesianos-na-zona-rural\\\/#primaryimage\",\"url\":\"https:\\\/\\\/zulenealves.com.br\\\/wp-content\\\/uploads\\\/2026\\\/08\\\/WhatsApp-Image-2026-08-14-at-18.55.39.jpeg\",\"contentUrl\":\"https:\\\/\\\/zulenealves.com.br\\\/wp-content\\\/uploads\\\/2026\\\/08\\\/WhatsApp-Image-2026-08-14-at-18.55.39.jpeg\",\"width\":1600,\"height\":1066},{\"@type\":\"BreadcrumbList\",\"@id\":\"https:\\\/\\\/zulenealves.com.br\\\/index.php\\\/2026\\\/08\\\/15\\\/prefeitura-de-afogados-vai-perfurar-60-pocos-artesianos-na-zona-rural\\\/#breadcrumb\",\"itemListElement\":[{\"@type\":\"ListItem\",\"position\":1,\"name\":\"In\u00edcio\",\"item\":\"https:\\\/\\\/zulenealves.com.br\\\/\"},{\"@type\":\"ListItem\",\"position\":2,\"name\":\"Prefeitura de Afogados vai perfurar 60 po\u00e7os artesianos na zona rural\"}]},{\"@type\":\"WebSite\",\"@id\":\"https:\\\/\\\/zulenealves.com.br\\\/#website\",\"url\":\"https:\\\/\\\/zulenealves.com.br\\\/\",\"name\":\"Blog Zulene Alves\",\"description\":\"\",\"potentialAction\":[{\"@type\":\"SearchAction\",\"target\":{\"@type\":\"EntryPoint\",\"urlTemplate\":\"https:\\\/\\\/zulenealves.com.br\\\/?s={search_term_string}\"},\"query-input\":{\"@type\":\"PropertyValueSpecification\",\"valueRequired\":true,\"valueName\":\"search_term_string\"}}],\"inLanguage\":\"pt-BR\"},{\"@type\":\"Person\",\"@id\":\"https:\\\/\\\/zulenealves.com.br\\\/#\\\/schema\\\/person\\\/4076c08f761164e658f6461c6b0316ef\",\"name\":\"zulenealves\",\"image\":{\"@type\":\"ImageObject\",\"inLanguage\":\"pt-BR\",\"@id\":\"https:\\\/\\\/secure.gravatar.com\\\/avatar\\\/0c6cfdd7fa501763e4ab9715fb2b12c342c6a1ace0a16a25d743cdfbb340b122?s=96&d=mm&r=g\",\"url\":\"https:\\\/\\\/secure.gravatar.com\\\/avatar\\\/0c6cfdd7fa501763e4ab9715fb2b12c342c6a1ace0a16a25d743cdfbb340b122?s=96&d=mm&r=g\",\"contentUrl\":\"https:\\\/\\\/secure.gravatar.com\\\/avatar\\\/0c6cfdd7fa501763e4ab9715fb2b12c342c6a1ace0a16a25d743cdfbb340b122?s=96&d=mm&r=g\",\"caption\":\"zulenealves\"},\"sameAs\":[\"https:\\\/\\\/zulenealves.com.br\"],\"url\":\"https:\\\/\\\/zulenealves.com.br\\\/index.php\\\/author\\\/zulenealves\\\/\"}]}<\/script>\n<!-- \/ Yoast SEO plugin. -->","yoast_head_json":{"title":"Prefeitura de Afogados vai perfurar 60 po\u00e7os artesianos na zona rural - Blog Zulene Alves","robots":{"index":"index","follow":"follow","max-snippet":"max-snippet:-1","max-image-preview":"max-image-preview:large","max-video-preview":"max-video-preview:-1"},"canonical":"https:\/\/zulenealves.com.br\/index.php\/2026\/08\/15\/prefeitura-de-afogados-vai-perfurar-60-pocos-artesianos-na-zona-rural\/","og_locale":"pt_BR","og_type":"article","og_title":"Prefeitura de Afogados vai perfurar 60 po\u00e7os artesianos na zona rural - Blog Zulene Alves","og_description":"O an\u00fancio aos agricultores foi feito na manh\u00e3 desta sexta (14), pelo vice-prefeito Daniel Valadares, durante a comemora\u00e7\u00e3o do dia municipal das associa\u00e7\u00f5es rurais, celebrado na sede do sindicato dos trabalhadores rurais de Afogados da Ingazeira. Em sua fala, Daniel Valadares destacou que a iniciativa integra um conjunto de medidas que a gest\u00e3o municipal tem ... Leia mais","og_url":"https:\/\/zulenealves.com.br\/index.php\/2026\/08\/15\/prefeitura-de-afogados-vai-perfurar-60-pocos-artesianos-na-zona-rural\/","og_site_name":"Blog Zulene Alves","article_published_time":"2026-08-15T09:06:46+00:00","article_modified_time":"2026-08-15T09:06:59+00:00","og_image":[{"width":1600,"height":1066,"url":"https:\/\/zulenealves.com.br\/wp-content\/uploads\/2026\/08\/WhatsApp-Image-2026-08-14-at-18.55.39.jpeg","type":"image\/jpeg"}],"author":"zulenealves","twitter_card":"summary_large_image","twitter_misc":{"Escrito por":"zulenealves","Est. tempo de leitura":"3 minutos"},"schema":{"@context":"https:\/\/schema.org","@graph":[{"@type":"Article","@id":"https:\/\/zulenealves.com.br\/index.php\/2026\/08\/15\/prefeitura-de-afogados-vai-perfurar-60-pocos-artesianos-na-zona-rural\/#article","isPartOf":{"@id":"https:\/\/zulenealves.com.br\/index.php\/2026\/08\/15\/prefeitura-de-afogados-vai-perfurar-60-pocos-artesianos-na-zona-rural\/"},"author":{"name":"zulenealves","@id":"https:\/\/zulenealves.com.br\/#\/schema\/person\/4076c08f761164e658f6461c6b0316ef"},"headline":"Prefeitura de Afogados vai perfurar 60 po\u00e7os artesianos na zona rural","datePublished":"2026-08-15T09:06:46+00:00","dateModified":"2026-08-15T09:06:59+00:00","mainEntityOfPage":{"@id":"https:\/\/zulenealves.com.br\/index.php\/2026\/08\/15\/prefeitura-de-afogados-vai-perfurar-60-pocos-artesianos-na-zona-rural\/"},"wordCount":327,"image":{"@id":"https:\/\/zulenealves.com.br\/index.php\/2026\/08\/15\/prefeitura-de-afogados-vai-perfurar-60-pocos-artesianos-na-zona-rural\/#primaryimage"},"thumbnailUrl":"https:\/\/zulenealves.com.br\/wp-content\/uploads\/2026\/08\/WhatsApp-Image-2026-08-14-at-18.55.39.jpeg","articleSection":["Destaque"],"inLanguage":"pt-BR"},{"@type":"WebPage","@id":"https:\/\/zulenealves.com.br\/index.php\/2026\/08\/15\/prefeitura-de-afogados-vai-perfurar-60-pocos-artesianos-na-zona-rural\/","url":"https:\/\/zulenealves.com.br\/index.php\/2026\/08\/15\/prefeitura-de-afogados-vai-perfurar-60-pocos-artesianos-na-zona-rural\/","name":"Prefeitura de Afogados vai perfurar 60 po\u00e7os artesianos na zona rural - Blog Zulene Alves","isPartOf":{"@id":"https:\/\/zulenealves.com.br\/#website"},"primaryImageOfPage":{"@id":"https:\/\/zulenealves.com.br\/index.php\/2026\/08\/15\/prefeitura-de-afogados-vai-perfurar-60-pocos-artesianos-na-zona-rural\/#primaryimage"},"image":{"@id":"https:\/\/zulenealves.com.br\/index.php\/2026\/08\/15\/prefeitura-de-afogados-vai-perfurar-60-pocos-artesianos-na-zona-rural\/#primaryimage"},"thumbnailUrl":"https:\/\/zulenealves.com.br\/wp-content\/uploads\/2026\/08\/WhatsApp-Image-2026-08-14-at-18.55.39.jpeg","datePublished":"2026-08-15T09:06:46+00:00","dateModified":"2026-08-15T09:06:59+00:00","author":{"@id":"https:\/\/zulenealves.com.br\/#\/schema\/person\/4076c08f761164e658f6461c6b0316ef"},"breadcrumb":{"@id":"https:\/\/zulenealves.com.br\/index.php\/2026\/08\/15\/prefeitura-de-afogados-vai-perfurar-60-pocos-artesianos-na-zona-rural\/#breadcrumb"},"inLanguage":"pt-BR","potentialAction":[{"@type":"ReadAction","target":["https:\/\/zulenealves.com.br\/index.php\/2026\/08\/15\/prefeitura-de-afogados-vai-perfurar-60-pocos-artesianos-na-zona-rural\/"]}]},{"@type":"ImageObject","inLanguage":"pt-BR","@id":"https:\/\/zulenealves.com.br\/index.php\/2026\/08\/15\/prefeitura-de-afogados-vai-perfurar-60-pocos-artesianos-na-zona-rural\/#primaryimage","url":"https:\/\/zulenealves.com.br\/wp-content\/uploads\/2026\/08\/WhatsApp-Image-2026-08-14-at-18.55.39.jpeg","contentUrl":"https:\/\/zulenealves.com.br\/wp-content\/uploads\/2026\/08\/WhatsApp-Image-2026-08-14-at-18.55.39.jpeg","width":1600,"height":1066},{"@type":"BreadcrumbList","@id":"https:\/\/zulenealves.com.br\/index.php\/2026\/08\/15\/prefeitura-de-afogados-vai-perfurar-60-pocos-artesianos-na-zona-rural\/#breadcrumb","itemListElement":[{"@type":"ListItem","position":1,"name":"In\u00edcio","item":"https:\/\/zulenealves.com.br\/"},{"@type":"ListItem","position":2,"name":"Prefeitura de Afogados vai perfurar 60 po\u00e7os artesianos na zona rural"}]},{"@type":"WebSite","@id":"https:\/\/zulenealves.com.br\/#website","url":"https:\/\/zulenealves.com.br\/","name":"Blog Zulene Alves","description":"","potentialAction":[{"@type":"SearchAction","target":{"@type":"EntryPoint","urlTemplate":"https:\/\/zulenealves.com.br\/?s={search_term_string}"},"query-input":{"@type":"PropertyValueSpecification","valueRequired":true,"valueName":"search_term_string"}}],"inLanguage":"pt-BR"},{"@type":"Person","@id":"https:\/\/zulenealves.com.br\/#\/schema\/person\/4076c08f761164e658f6461c6b0316ef","name":"zulenealves","image":{"@type":"ImageObject","inLanguage":"pt-BR","@id":"https:\/\/secure.gravatar.com\/avatar\/0c6cfdd7fa501763e4ab9715fb2b12c342c6a1ace0a16a25d743cdfbb340b122?s=96&d=mm&r=g","url":"https:\/\/secure.gravatar.com\/avatar\/0c6cfdd7fa501763e4ab9715fb2b12c342c6a1ace0a16a25d743cdfbb340b122?s=96&d=mm&r=g","contentUrl":"https:\/\/secure.gravatar.com\/avatar\/0c6cfdd7fa501763e4ab9715fb2b12c342c6a1ace0a16a25d743cdfbb340b122?s=96&d=mm&r=g","caption":"zulenealves"},"sameAs":["https:\/\/zulenealves.com.br"],"url":"https:\/\/zulenealves.com.br\/index.php\/author\/zulenealves\/"}]}},"_links":{"self":[{"href":"https:\/\/zulenealves.com.br\/index.php\/wp-json\/wp\/v2\/posts\/50989","targetHints":{"allow":["GET"]}}],"collection":[{"href":"https:\/\/zulenealves.com.br\/index.php\/wp-json\/wp\/v2\/posts"}],"about":[{"href":"https:\/\/zulenealves.com.br\/index.php\/wp-json\/wp\/v2\/types\/post"}],"author":[{"embeddable":true,"href":"https:\/\/zulenealves.com.br\/index.php\/wp-json\/wp\/v2\/users\/1"}],"replies":[{"embeddable":true,"href":"https:\/\/zulenealves.com.br\/index.php\/wp-json\/wp\/v2\/comments?post=50989"}],"version-history":[{"count":3,"href":"https:\/\/zulenealves.com.br\/index.php\/wp-json\/wp\/v2\/posts\/50989\/revisions"}],"predecessor-version":[{"id":50995,"href":"https:\/\/zulenealves.com.br\/index.php\/wp-json\/wp\/v2\/posts\/50989\/revisions\/50995"}],"wp:featuredmedia":[{"embeddable":true,"href":"https:\/\/zulenealves.com.br\/index.php\/wp-json\/wp\/v2\/media\/50992"}],"wp:attachment":[{"href":"https:\/\/zulenealves.com.br\/index.php\/wp-json\/wp\/v2\/media?parent=50989"}],"wp:term":[{"taxonomy":"category","embeddable":true,"href":"https:\/\/zulenealves.com.br\/index.php\/wp-json\/wp\/v2\/categories?post=50989"},{"taxonomy":"post_tag","embeddable":true,"href":"https:\/\/zulenealves.com.br\/index.php\/wp-json\/wp\/v2\/tags?post=50989"}],"curies":[{"name":"wp","href":"https:\/\/api.w.org\/{rel}","templated":true}]}}