{"id":51043,"date":"2026-08-17T15:31:54","date_gmt":"2026-08-17T18:31:54","guid":{"rendered":"https:\/\/zulenealves.com.br\/?p=51043"},"modified":"2026-08-17T15:32:02","modified_gmt":"2026-08-17T18:32:02","slug":"inicio-de-campanha-foi-marcado-por-primeiras-criticas-entre-candidatos-a-governador","status":"publish","type":"post","link":"https:\/\/zulenealves.com.br\/index.php\/2026\/08\/17\/inicio-de-campanha-foi-marcado-por-primeiras-criticas-entre-candidatos-a-governador\/","title":{"rendered":"In\u00edcio de campanha foi marcado por primeiras cr\u00edticas entre candidatos a governador"},"content":{"rendered":"<p><strong>Por<\/strong>\u00a0<strong>TEREZINHA NUNES<\/strong><\/p>\n<p style=\"text-align: justify;\">Raquel Lyra come\u00e7ou sua campanha \u00e0 reelei\u00e7\u00e3o este domingo fazendo uma prece nos Montes Guararapes, em Jaboat\u00e3o, e Jo\u00e3o Campos, como prometeu, fez seu primeiro ato, seguido de ben\u00e7\u00e3o, no Morro da Concei\u00e7\u00e3o, no Recife. Cat\u00f3licos, os dois principais candidatos a governador cumpriram \u00e0 risca suas obriga\u00e7\u00f5es religiosas mas as semelhan\u00e7as pararam por a\u00ed. Entre adesiva\u00e7os, no caso de Raquel, e caminhadas, no caso de Jo\u00e3o, sobraram cr\u00edticas de um lado e do outro, demonstrando que a campanha, al\u00e9m dos compromissos tradicionais \u2013 Jo\u00e3o prometeu 4 novos hospitais \u2013 ser\u00e1 tamb\u00e9m de cobran\u00e7as acusa\u00e7\u00f5es e estocadas no advers\u00e1rio.<\/p>\n<p>A primeira cr\u00edtica foi feita por Raquel ao ser indagada pela imprensa sobre o epis\u00f3dio em que Jo\u00e3o foi acusado pelo PSOL de tentar tirar a candidatura do jornalista Ivan Moraes a governador: \u201cMuitas vezes a democracia est\u00e1 no discurso mas n\u00e3o est\u00e1 na pr\u00e1tica. E falar sobre isso \u00e9 muito importante. N\u00e3o \u00e9 sobre retirar candidaturas ou colocar candidaturas, \u00e9 sobre permitir que cada um possa exercer a sua autonomia, a sua vontade, livremente, disputando nas urnas. A defesa da democracia precisa estar al\u00e9m do discurso\u201d.<\/p>\n<p>Ela previu que a campanha vai redundar em uma compara\u00e7\u00e3o entre gest\u00f5es e concluiu: \u201c em todas as \u00e1reas do nosso Governo, Pernambuco andou pra frente muito mais do que nos oito anos do Governo anterior\u201d (referia-se ao PSB, de Campos). No comit\u00ea do Pina ela citou em seu discurso e entrevista que \u201cPernambuco n\u00e3o tem dono. O dono de Pernambuco \u00e9 o seu povo\u201d. Seria uma indireta ao seu advers\u00e1rio que afirmou: \u201ca partir do ano que vem quem vai mandar em Pernambuco \u00e9 o povo. Pernambuco vai ter um Governo que vai cuidar do seu povo\u201d.<\/p>\n<p>A cr\u00edtica mais forte feita por Jo\u00e3o aconteceu quando ele prometia construir quatro hospitais, citando que no atual governo nenhuma nova unidade foi erguida e alfinetou: \u201cno meu Governo n\u00e3o vai ter reforma de arrumadinho, com o teto caindo em cima das pessoas\u201d, referia-se a um acidente acontecido h\u00e1 menos de um m\u00eas no Hospital da Restaura\u00e7\u00e3o, que est\u00e1 passando por uma grande reforma, quando numa sala que, segundo o Governo, ainda n\u00e3o estava passando por obra de recupera\u00e7\u00e3o, uma parte do teto desabou ferindo uma paciente.<\/p>\n<p style=\"text-align: justify;\"><strong>Mulheres candidatas representam 34,49% dos registros<\/strong><\/p>\n<p class=\"texto\" style=\"text-align: justify;\">No Brasil os partidos pol\u00edticos s\u00e3o obrigados a preencher no m\u00ednimo 30% das vagas de candidatos \u00e0s elei\u00e7\u00f5es proporcionais com candidaturas femininas. Para a campanha deste ano em Pernambuco foram solicitados pelos diversos partidos ao TRE o registro de 954 candidatos sendo 34,49% mulheres. O percentual \u00e9 apenas 4,49% superior ao m\u00ednimo estabelecido, o que significa que o sexo feminino ainda vai estar muito longe de chegar aos 30% de candidatos efetivamente eleitos. No que se refere \u00e0 C\u00e2mara Federal onde o estado tem 25 vagas a serem preenchidas, em 2022 s\u00f3 foram eleitas duas mulheres: Iza Arruda e Maria Arraes.<\/p>\n<p class=\"texto\" style=\"text-align: justify;\"><strong>PSDB\/CIDADANIA<\/strong><\/p>\n<p class=\"texto\" style=\"text-align: justify;\">A Federa\u00e7\u00e3o PSDB\/Cidadania que teve sua dire\u00e7\u00e3o estadual, fiel \u00e0 governadora Raquel Lyra, destitu\u00edda atrav\u00e9s de interven\u00e7\u00e3o feita no dia da conven\u00e7\u00e3o, pode ainda voltar ao controle da ala governista. \u00c9 que quando a interven\u00e7\u00e3o foi decretada a conven\u00e7\u00e3o j\u00e1 estava em andamento e foi encerrada e registrada no TRE decidindo pelo apoio \u00e0 governadora. Isto posto, o PSD registrou a Federa\u00e7\u00e3o na ata de sua conven\u00e7\u00e3o como fazendo parte do grupo de Raquel, o que n\u00e3o foi feito por Jo\u00e3o Campos. Portanto, a n\u00e3o ser que haja anula\u00e7\u00e3o da ata original, o que se acha muito dif\u00edcil, o tempo de R\u00e1dio e TV do PSDB e do Cidadania ser\u00e3o somados ao tempo da governadora.<\/p>\n<p class=\"texto\" style=\"text-align: justify;\"><strong>PERGUNTA QUE N\u00c3O QUER CALAR<\/strong><\/p>\n<p class=\"texto\" style=\"text-align: justify;\">Qual vai ser o n\u00edvel do debate na elei\u00e7\u00e3o deste ano em Pernambuco?<\/p>\n<div class=\"gsp_post_data\" \r\n\t            data-post_type=\"post\" \r\n\t            data-cat=\"destaque\" \r\n\t            data-modified=\"120\"\r\n\t            data-created=\"1786980714\"\r\n\t            data-title=\"In\u00edcio de campanha foi marcado por primeiras cr\u00edticas entre candidatos a governador\" \r\n\t            data-home=\"https:\/\/zulenealves.com.br\"><\/div>","protected":false},"excerpt":{"rendered":"<p>Por\u00a0TEREZINHA NUNES Raquel Lyra come\u00e7ou sua campanha \u00e0 reelei\u00e7\u00e3o este domingo fazendo uma prece nos Montes Guararapes, em Jaboat\u00e3o, e Jo\u00e3o Campos, como prometeu, fez seu primeiro ato, seguido de ben\u00e7\u00e3o, no Morro da Concei\u00e7\u00e3o, no Recife. Cat\u00f3licos, os dois principais candidatos a governador cumpriram \u00e0 risca suas obriga\u00e7\u00f5es religiosas mas as semelhan\u00e7as pararam por &#8230; <\/p>\n<p class=\"read-more-container\"><a title=\"In\u00edcio de campanha foi marcado por primeiras cr\u00edticas entre candidatos a governador\" class=\"read-more button\" href=\"https:\/\/zulenealves.com.br\/index.php\/2026\/08\/17\/inicio-de-campanha-foi-marcado-por-primeiras-criticas-entre-candidatos-a-governador\/#more-51043\" aria-label=\"More on In\u00edcio de campanha foi marcado por primeiras cr\u00edticas entre candidatos a governador\">Leia mais<\/a><\/p>\n","protected":false},"author":2,"featured_media":51044,"comment_status":"closed","ping_status":"closed","sticky":false,"template":"","format":"standard","meta":{"footnotes":""},"categories":[23],"tags":[],"class_list":["post-51043","post","type-post","status-publish","format-standard","has-post-thumbnail","hentry","category-destaque","resize-featured-image"],"yoast_head":"<!-- This site is optimized with the Yoast SEO plugin v28.4 - https:\/\/yoast.com\/product\/yoast-seo-wordpress\/ -->\n<title>In\u00edcio de campanha foi marcado por primeiras cr\u00edticas entre candidatos a governador - Blog Zulene Alves<\/title>\n<meta name=\"robots\" content=\"index, follow, max-snippet:-1, max-image-preview:large, max-video-preview:-1\" \/>\n<link rel=\"canonical\" href=\"https:\/\/zulenealves.com.br\/index.php\/2026\/08\/17\/inicio-de-campanha-foi-marcado-por-primeiras-criticas-entre-candidatos-a-governador\/\" \/>\n<meta property=\"og:locale\" content=\"pt_BR\" \/>\n<meta property=\"og:type\" content=\"article\" \/>\n<meta property=\"og:title\" content=\"In\u00edcio de campanha foi marcado por primeiras cr\u00edticas entre candidatos a governador - Blog Zulene Alves\" \/>\n<meta property=\"og:description\" content=\"Por\u00a0TEREZINHA NUNES Raquel Lyra come\u00e7ou sua campanha \u00e0 reelei\u00e7\u00e3o este domingo fazendo uma prece nos Montes Guararapes, em Jaboat\u00e3o, e Jo\u00e3o Campos, como prometeu, fez seu primeiro ato, seguido de ben\u00e7\u00e3o, no Morro da Concei\u00e7\u00e3o, no Recife. Cat\u00f3licos, os dois principais candidatos a governador cumpriram \u00e0 risca suas obriga\u00e7\u00f5es religiosas mas as semelhan\u00e7as pararam por ... Leia mais\" \/>\n<meta property=\"og:url\" content=\"https:\/\/zulenealves.com.br\/index.php\/2026\/08\/17\/inicio-de-campanha-foi-marcado-por-primeiras-criticas-entre-candidatos-a-governador\/\" \/>\n<meta property=\"og:site_name\" content=\"Blog Zulene Alves\" \/>\n<meta property=\"article:published_time\" content=\"2026-08-17T18:31:54+00:00\" \/>\n<meta property=\"article:modified_time\" content=\"2026-08-17T18:32:02+00:00\" \/>\n<meta property=\"og:image\" content=\"https:\/\/zulenealves.com.br\/wp-content\/uploads\/2026\/08\/55-h.webp\" \/>\n\t<meta property=\"og:image:width\" content=\"800\" \/>\n\t<meta property=\"og:image:height\" content=\"533\" \/>\n\t<meta property=\"og:image:type\" content=\"image\/webp\" \/>\n<meta name=\"author\" content=\"Zulene Alves\" \/>\n<meta name=\"twitter:card\" content=\"summary_large_image\" \/>\n<meta name=\"twitter:label1\" content=\"Escrito por\" \/>\n\t<meta name=\"twitter:data1\" content=\"Zulene Alves\" \/>\n\t<meta name=\"twitter:label2\" content=\"Est. tempo de leitura\" \/>\n\t<meta name=\"twitter:data2\" content=\"4 minutos\" \/>\n<script type=\"application\/ld+json\" class=\"yoast-schema-graph\">{\"@context\":\"https:\\\/\\\/schema.org\",\"@graph\":[{\"@type\":\"Article\",\"@id\":\"https:\\\/\\\/zulenealves.com.br\\\/index.php\\\/2026\\\/08\\\/17\\\/inicio-de-campanha-foi-marcado-por-primeiras-criticas-entre-candidatos-a-governador\\\/#article\",\"isPartOf\":{\"@id\":\"https:\\\/\\\/zulenealves.com.br\\\/index.php\\\/2026\\\/08\\\/17\\\/inicio-de-campanha-foi-marcado-por-primeiras-criticas-entre-candidatos-a-governador\\\/\"},\"author\":{\"name\":\"Zulene Alves\",\"@id\":\"https:\\\/\\\/zulenealves.com.br\\\/#\\\/schema\\\/person\\\/211b267042952b9d9062603ea5230577\"},\"headline\":\"In\u00edcio de campanha foi marcado por primeiras cr\u00edticas entre candidatos a governador\",\"datePublished\":\"2026-08-17T18:31:54+00:00\",\"dateModified\":\"2026-08-17T18:32:02+00:00\",\"mainEntityOfPage\":{\"@id\":\"https:\\\/\\\/zulenealves.com.br\\\/index.php\\\/2026\\\/08\\\/17\\\/inicio-de-campanha-foi-marcado-por-primeiras-criticas-entre-candidatos-a-governador\\\/\"},\"wordCount\":668,\"image\":{\"@id\":\"https:\\\/\\\/zulenealves.com.br\\\/index.php\\\/2026\\\/08\\\/17\\\/inicio-de-campanha-foi-marcado-por-primeiras-criticas-entre-candidatos-a-governador\\\/#primaryimage\"},\"thumbnailUrl\":\"https:\\\/\\\/zulenealves.com.br\\\/wp-content\\\/uploads\\\/2026\\\/08\\\/55-h.webp\",\"articleSection\":[\"Destaque\"],\"inLanguage\":\"pt-BR\"},{\"@type\":\"WebPage\",\"@id\":\"https:\\\/\\\/zulenealves.com.br\\\/index.php\\\/2026\\\/08\\\/17\\\/inicio-de-campanha-foi-marcado-por-primeiras-criticas-entre-candidatos-a-governador\\\/\",\"url\":\"https:\\\/\\\/zulenealves.com.br\\\/index.php\\\/2026\\\/08\\\/17\\\/inicio-de-campanha-foi-marcado-por-primeiras-criticas-entre-candidatos-a-governador\\\/\",\"name\":\"In\u00edcio de campanha foi marcado por primeiras cr\u00edticas entre candidatos a governador - Blog Zulene Alves\",\"isPartOf\":{\"@id\":\"https:\\\/\\\/zulenealves.com.br\\\/#website\"},\"primaryImageOfPage\":{\"@id\":\"https:\\\/\\\/zulenealves.com.br\\\/index.php\\\/2026\\\/08\\\/17\\\/inicio-de-campanha-foi-marcado-por-primeiras-criticas-entre-candidatos-a-governador\\\/#primaryimage\"},\"image\":{\"@id\":\"https:\\\/\\\/zulenealves.com.br\\\/index.php\\\/2026\\\/08\\\/17\\\/inicio-de-campanha-foi-marcado-por-primeiras-criticas-entre-candidatos-a-governador\\\/#primaryimage\"},\"thumbnailUrl\":\"https:\\\/\\\/zulenealves.com.br\\\/wp-content\\\/uploads\\\/2026\\\/08\\\/55-h.webp\",\"datePublished\":\"2026-08-17T18:31:54+00:00\",\"dateModified\":\"2026-08-17T18:32:02+00:00\",\"author\":{\"@id\":\"https:\\\/\\\/zulenealves.com.br\\\/#\\\/schema\\\/person\\\/211b267042952b9d9062603ea5230577\"},\"breadcrumb\":{\"@id\":\"https:\\\/\\\/zulenealves.com.br\\\/index.php\\\/2026\\\/08\\\/17\\\/inicio-de-campanha-foi-marcado-por-primeiras-criticas-entre-candidatos-a-governador\\\/#breadcrumb\"},\"inLanguage\":\"pt-BR\",\"potentialAction\":[{\"@type\":\"ReadAction\",\"target\":[\"https:\\\/\\\/zulenealves.com.br\\\/index.php\\\/2026\\\/08\\\/17\\\/inicio-de-campanha-foi-marcado-por-primeiras-criticas-entre-candidatos-a-governador\\\/\"]}]},{\"@type\":\"ImageObject\",\"inLanguage\":\"pt-BR\",\"@id\":\"https:\\\/\\\/zulenealves.com.br\\\/index.php\\\/2026\\\/08\\\/17\\\/inicio-de-campanha-foi-marcado-por-primeiras-criticas-entre-candidatos-a-governador\\\/#primaryimage\",\"url\":\"https:\\\/\\\/zulenealves.com.br\\\/wp-content\\\/uploads\\\/2026\\\/08\\\/55-h.webp\",\"contentUrl\":\"https:\\\/\\\/zulenealves.com.br\\\/wp-content\\\/uploads\\\/2026\\\/08\\\/55-h.webp\",\"width\":800,\"height\":533},{\"@type\":\"BreadcrumbList\",\"@id\":\"https:\\\/\\\/zulenealves.com.br\\\/index.php\\\/2026\\\/08\\\/17\\\/inicio-de-campanha-foi-marcado-por-primeiras-criticas-entre-candidatos-a-governador\\\/#breadcrumb\",\"itemListElement\":[{\"@type\":\"ListItem\",\"position\":1,\"name\":\"In\u00edcio\",\"item\":\"https:\\\/\\\/zulenealves.com.br\\\/\"},{\"@type\":\"ListItem\",\"position\":2,\"name\":\"In\u00edcio de campanha foi marcado por primeiras cr\u00edticas entre candidatos a governador\"}]},{\"@type\":\"WebSite\",\"@id\":\"https:\\\/\\\/zulenealves.com.br\\\/#website\",\"url\":\"https:\\\/\\\/zulenealves.com.br\\\/\",\"name\":\"Blog Zulene Alves\",\"description\":\"\",\"potentialAction\":[{\"@type\":\"SearchAction\",\"target\":{\"@type\":\"EntryPoint\",\"urlTemplate\":\"https:\\\/\\\/zulenealves.com.br\\\/?s={search_term_string}\"},\"query-input\":{\"@type\":\"PropertyValueSpecification\",\"valueRequired\":true,\"valueName\":\"search_term_string\"}}],\"inLanguage\":\"pt-BR\"},{\"@type\":\"Person\",\"@id\":\"https:\\\/\\\/zulenealves.com.br\\\/#\\\/schema\\\/person\\\/211b267042952b9d9062603ea5230577\",\"name\":\"Zulene Alves\",\"image\":{\"@type\":\"ImageObject\",\"inLanguage\":\"pt-BR\",\"@id\":\"https:\\\/\\\/secure.gravatar.com\\\/avatar\\\/6256ae245147d58c317918f3a20dbf75c244838a7b265be12b0edacdedc94737?s=96&d=mm&r=g\",\"url\":\"https:\\\/\\\/secure.gravatar.com\\\/avatar\\\/6256ae245147d58c317918f3a20dbf75c244838a7b265be12b0edacdedc94737?s=96&d=mm&r=g\",\"contentUrl\":\"https:\\\/\\\/secure.gravatar.com\\\/avatar\\\/6256ae245147d58c317918f3a20dbf75c244838a7b265be12b0edacdedc94737?s=96&d=mm&r=g\",\"caption\":\"Zulene Alves\"},\"sameAs\":[\"https:\\\/\\\/zulenealves.com.br\\\/\"],\"url\":\"https:\\\/\\\/zulenealves.com.br\\\/index.php\\\/author\\\/zulene\\\/\"}]}<\/script>\n<!-- \/ Yoast SEO plugin. -->","yoast_head_json":{"title":"In\u00edcio de campanha foi marcado por primeiras cr\u00edticas entre candidatos a governador - Blog Zulene Alves","robots":{"index":"index","follow":"follow","max-snippet":"max-snippet:-1","max-image-preview":"max-image-preview:large","max-video-preview":"max-video-preview:-1"},"canonical":"https:\/\/zulenealves.com.br\/index.php\/2026\/08\/17\/inicio-de-campanha-foi-marcado-por-primeiras-criticas-entre-candidatos-a-governador\/","og_locale":"pt_BR","og_type":"article","og_title":"In\u00edcio de campanha foi marcado por primeiras cr\u00edticas entre candidatos a governador - Blog Zulene Alves","og_description":"Por\u00a0TEREZINHA NUNES Raquel Lyra come\u00e7ou sua campanha \u00e0 reelei\u00e7\u00e3o este domingo fazendo uma prece nos Montes Guararapes, em Jaboat\u00e3o, e Jo\u00e3o Campos, como prometeu, fez seu primeiro ato, seguido de ben\u00e7\u00e3o, no Morro da Concei\u00e7\u00e3o, no Recife. Cat\u00f3licos, os dois principais candidatos a governador cumpriram \u00e0 risca suas obriga\u00e7\u00f5es religiosas mas as semelhan\u00e7as pararam por ... Leia mais","og_url":"https:\/\/zulenealves.com.br\/index.php\/2026\/08\/17\/inicio-de-campanha-foi-marcado-por-primeiras-criticas-entre-candidatos-a-governador\/","og_site_name":"Blog Zulene Alves","article_published_time":"2026-08-17T18:31:54+00:00","article_modified_time":"2026-08-17T18:32:02+00:00","og_image":[{"width":800,"height":533,"url":"https:\/\/zulenealves.com.br\/wp-content\/uploads\/2026\/08\/55-h.webp","type":"image\/webp"}],"author":"Zulene Alves","twitter_card":"summary_large_image","twitter_misc":{"Escrito por":"Zulene Alves","Est. tempo de leitura":"4 minutos"},"schema":{"@context":"https:\/\/schema.org","@graph":[{"@type":"Article","@id":"https:\/\/zulenealves.com.br\/index.php\/2026\/08\/17\/inicio-de-campanha-foi-marcado-por-primeiras-criticas-entre-candidatos-a-governador\/#article","isPartOf":{"@id":"https:\/\/zulenealves.com.br\/index.php\/2026\/08\/17\/inicio-de-campanha-foi-marcado-por-primeiras-criticas-entre-candidatos-a-governador\/"},"author":{"name":"Zulene Alves","@id":"https:\/\/zulenealves.com.br\/#\/schema\/person\/211b267042952b9d9062603ea5230577"},"headline":"In\u00edcio de campanha foi marcado por primeiras cr\u00edticas entre candidatos a governador","datePublished":"2026-08-17T18:31:54+00:00","dateModified":"2026-08-17T18:32:02+00:00","mainEntityOfPage":{"@id":"https:\/\/zulenealves.com.br\/index.php\/2026\/08\/17\/inicio-de-campanha-foi-marcado-por-primeiras-criticas-entre-candidatos-a-governador\/"},"wordCount":668,"image":{"@id":"https:\/\/zulenealves.com.br\/index.php\/2026\/08\/17\/inicio-de-campanha-foi-marcado-por-primeiras-criticas-entre-candidatos-a-governador\/#primaryimage"},"thumbnailUrl":"https:\/\/zulenealves.com.br\/wp-content\/uploads\/2026\/08\/55-h.webp","articleSection":["Destaque"],"inLanguage":"pt-BR"},{"@type":"WebPage","@id":"https:\/\/zulenealves.com.br\/index.php\/2026\/08\/17\/inicio-de-campanha-foi-marcado-por-primeiras-criticas-entre-candidatos-a-governador\/","url":"https:\/\/zulenealves.com.br\/index.php\/2026\/08\/17\/inicio-de-campanha-foi-marcado-por-primeiras-criticas-entre-candidatos-a-governador\/","name":"In\u00edcio de campanha foi marcado por primeiras cr\u00edticas entre candidatos a governador - Blog Zulene Alves","isPartOf":{"@id":"https:\/\/zulenealves.com.br\/#website"},"primaryImageOfPage":{"@id":"https:\/\/zulenealves.com.br\/index.php\/2026\/08\/17\/inicio-de-campanha-foi-marcado-por-primeiras-criticas-entre-candidatos-a-governador\/#primaryimage"},"image":{"@id":"https:\/\/zulenealves.com.br\/index.php\/2026\/08\/17\/inicio-de-campanha-foi-marcado-por-primeiras-criticas-entre-candidatos-a-governador\/#primaryimage"},"thumbnailUrl":"https:\/\/zulenealves.com.br\/wp-content\/uploads\/2026\/08\/55-h.webp","datePublished":"2026-08-17T18:31:54+00:00","dateModified":"2026-08-17T18:32:02+00:00","author":{"@id":"https:\/\/zulenealves.com.br\/#\/schema\/person\/211b267042952b9d9062603ea5230577"},"breadcrumb":{"@id":"https:\/\/zulenealves.com.br\/index.php\/2026\/08\/17\/inicio-de-campanha-foi-marcado-por-primeiras-criticas-entre-candidatos-a-governador\/#breadcrumb"},"inLanguage":"pt-BR","potentialAction":[{"@type":"ReadAction","target":["https:\/\/zulenealves.com.br\/index.php\/2026\/08\/17\/inicio-de-campanha-foi-marcado-por-primeiras-criticas-entre-candidatos-a-governador\/"]}]},{"@type":"ImageObject","inLanguage":"pt-BR","@id":"https:\/\/zulenealves.com.br\/index.php\/2026\/08\/17\/inicio-de-campanha-foi-marcado-por-primeiras-criticas-entre-candidatos-a-governador\/#primaryimage","url":"https:\/\/zulenealves.com.br\/wp-content\/uploads\/2026\/08\/55-h.webp","contentUrl":"https:\/\/zulenealves.com.br\/wp-content\/uploads\/2026\/08\/55-h.webp","width":800,"height":533},{"@type":"BreadcrumbList","@id":"https:\/\/zulenealves.com.br\/index.php\/2026\/08\/17\/inicio-de-campanha-foi-marcado-por-primeiras-criticas-entre-candidatos-a-governador\/#breadcrumb","itemListElement":[{"@type":"ListItem","position":1,"name":"In\u00edcio","item":"https:\/\/zulenealves.com.br\/"},{"@type":"ListItem","position":2,"name":"In\u00edcio de campanha foi marcado por primeiras cr\u00edticas entre candidatos a governador"}]},{"@type":"WebSite","@id":"https:\/\/zulenealves.com.br\/#website","url":"https:\/\/zulenealves.com.br\/","name":"Blog Zulene Alves","description":"","potentialAction":[{"@type":"SearchAction","target":{"@type":"EntryPoint","urlTemplate":"https:\/\/zulenealves.com.br\/?s={search_term_string}"},"query-input":{"@type":"PropertyValueSpecification","valueRequired":true,"valueName":"search_term_string"}}],"inLanguage":"pt-BR"},{"@type":"Person","@id":"https:\/\/zulenealves.com.br\/#\/schema\/person\/211b267042952b9d9062603ea5230577","name":"Zulene Alves","image":{"@type":"ImageObject","inLanguage":"pt-BR","@id":"https:\/\/secure.gravatar.com\/avatar\/6256ae245147d58c317918f3a20dbf75c244838a7b265be12b0edacdedc94737?s=96&d=mm&r=g","url":"https:\/\/secure.gravatar.com\/avatar\/6256ae245147d58c317918f3a20dbf75c244838a7b265be12b0edacdedc94737?s=96&d=mm&r=g","contentUrl":"https:\/\/secure.gravatar.com\/avatar\/6256ae245147d58c317918f3a20dbf75c244838a7b265be12b0edacdedc94737?s=96&d=mm&r=g","caption":"Zulene Alves"},"sameAs":["https:\/\/zulenealves.com.br\/"],"url":"https:\/\/zulenealves.com.br\/index.php\/author\/zulene\/"}]}},"_links":{"self":[{"href":"https:\/\/zulenealves.com.br\/index.php\/wp-json\/wp\/v2\/posts\/51043","targetHints":{"allow":["GET"]}}],"collection":[{"href":"https:\/\/zulenealves.com.br\/index.php\/wp-json\/wp\/v2\/posts"}],"about":[{"href":"https:\/\/zulenealves.com.br\/index.php\/wp-json\/wp\/v2\/types\/post"}],"author":[{"embeddable":true,"href":"https:\/\/zulenealves.com.br\/index.php\/wp-json\/wp\/v2\/users\/2"}],"replies":[{"embeddable":true,"href":"https:\/\/zulenealves.com.br\/index.php\/wp-json\/wp\/v2\/comments?post=51043"}],"version-history":[{"count":2,"href":"https:\/\/zulenealves.com.br\/index.php\/wp-json\/wp\/v2\/posts\/51043\/revisions"}],"predecessor-version":[{"id":51046,"href":"https:\/\/zulenealves.com.br\/index.php\/wp-json\/wp\/v2\/posts\/51043\/revisions\/51046"}],"wp:featuredmedia":[{"embeddable":true,"href":"https:\/\/zulenealves.com.br\/index.php\/wp-json\/wp\/v2\/media\/51044"}],"wp:attachment":[{"href":"https:\/\/zulenealves.com.br\/index.php\/wp-json\/wp\/v2\/media?parent=51043"}],"wp:term":[{"taxonomy":"category","embeddable":true,"href":"https:\/\/zulenealves.com.br\/index.php\/wp-json\/wp\/v2\/categories?post=51043"},{"taxonomy":"post_tag","embeddable":true,"href":"https:\/\/zulenealves.com.br\/index.php\/wp-json\/wp\/v2\/tags?post=51043"}],"curies":[{"name":"wp","href":"https:\/\/api.w.org\/{rel}","templated":true}]}}