{"id":51048,"date":"2026-08-17T16:02:55","date_gmt":"2026-08-17T19:02:55","guid":{"rendered":"https:\/\/zulenealves.com.br\/?p=51048"},"modified":"2026-08-17T16:04:20","modified_gmt":"2026-08-17T19:04:20","slug":"diogo-moraes-inicia-campanha-com-forte-mobilizacao-em-sao-bento-do-una-e-santa-cruz-do-capibaribe","status":"publish","type":"post","link":"https:\/\/zulenealves.com.br\/index.php\/2026\/08\/17\/diogo-moraes-inicia-campanha-com-forte-mobilizacao-em-sao-bento-do-una-e-santa-cruz-do-capibaribe\/","title":{"rendered":"Diogo Moraes inicia campanha com forte mobiliza\u00e7\u00e3o em S\u00e3o Bento do Una e Santa Cruz do Capibaribe"},"content":{"rendered":"<div>\n<div><img fetchpriority=\"high\" decoding=\"async\" class=\"alignnone wp-image-51051 aligncenter\" src=\"https:\/\/zulenealves.com.br\/wp-content\/uploads\/2026\/08\/34-w.jpg\" alt=\"\" width=\"510\" height=\"340\" srcset=\"https:\/\/zulenealves.com.br\/wp-content\/uploads\/2026\/08\/34-w.jpg 1280w, https:\/\/zulenealves.com.br\/wp-content\/uploads\/2026\/08\/34-w-300x200.jpg 300w, https:\/\/zulenealves.com.br\/wp-content\/uploads\/2026\/08\/34-w-1024x683.jpg 1024w, https:\/\/zulenealves.com.br\/wp-content\/uploads\/2026\/08\/34-w-768x512.jpg 768w\" sizes=\"(max-width: 510px) 100vw, 510px\" \/><\/div>\n<div style=\"text-align: justify;\"><i>\u00a0<\/i><\/div>\n<div style=\"text-align: justify;\"><strong><i>Deputado busca o quinto mandato consecutivo e mostra, logo no primeiro dia de campanha, que seu projeto pol\u00edtico tem ra\u00edzes em diferentes regi\u00f5es do estado<\/i><\/strong><\/div>\n<p style=\"text-align: justify;\">O primeiro dia de campanha do deputado estadual Diogo Moraes (PSB), que disputa a reelei\u00e7\u00e3o em busca do quinto mandato consecutivo na Assembleia Legislativa de Pernambuco (Alepe), j\u00e1 deu mostras da for\u00e7a e da amplitude do seu projeto pol\u00edtico. Neste domingo (16), o parlamentar cumpriu agenda em duas cidades, no Agreste Meridional e Setentrional, reunindo multid\u00f5es nas ruas e reafirmando a confian\u00e7a da popula\u00e7\u00e3o na sua trajet\u00f3ria.<\/p>\n<p style=\"text-align: justify;\">Pela manh\u00e3, Diogo Moraes esteve em S\u00e3o Bento do Una, ao lado do prefeito Alexandre Batit\u00e9, de vereadores e de lideran\u00e7as locais. Em seguida, a agenda seguiu para Santa Cruz do Capibaribe, onde o deputado se encontrou com o candidato a deputado federal Carlinhos da Cohab. Nas duas cidades, o parlamentar foi recebido com grandes motociatas, que mobilizaram eleitores, amigos e apoiadores que acreditam no seu trabalho.<\/p>\n<\/div>\n<div style=\"text-align: justify;\"><\/div>\n<div style=\"text-align: justify;\"><img decoding=\"async\" class=\"wp-image-51052 aligncenter\" src=\"https:\/\/zulenealves.com.br\/wp-content\/uploads\/2026\/08\/98-r.jpg\" alt=\"\" width=\"509\" height=\"340\" srcset=\"https:\/\/zulenealves.com.br\/wp-content\/uploads\/2026\/08\/98-r.jpg 1280w, https:\/\/zulenealves.com.br\/wp-content\/uploads\/2026\/08\/98-r-300x200.jpg 300w, https:\/\/zulenealves.com.br\/wp-content\/uploads\/2026\/08\/98-r-1024x683.jpg 1024w, https:\/\/zulenealves.com.br\/wp-content\/uploads\/2026\/08\/98-r-768x512.jpg 768w\" sizes=\"(max-width: 509px) 100vw, 509px\" \/><\/div>\n<div style=\"text-align: justify;\"><\/div>\n<div style=\"text-align: justify;\">\n<p>Emocionado com a recep\u00e7\u00e3o, Diogo Moraes destacou o significado de ver esse apoio se repetir em tantas cidades diferentes. &#8220;\u00c9 muito bom ver tantas pessoas confiando no meu trabalho, indo \u00e0s ruas em diferentes cidades para demonstrar esse carinho e essa confian\u00e7a. Isso mostra que a nossa caminhada n\u00e3o \u00e9 de uma regi\u00e3o s\u00f3, \u00e9 de todo o nosso Pernambuco. Cada motociata, cada rua, cada abra\u00e7o refor\u00e7a a minha gratid\u00e3o por tudo que j\u00e1 conquistamos juntos e a nossa responsabilidade de continuar lutando por quem mais precisa\u201d, afirmou o deputado.<\/p>\n<p>A movimenta\u00e7\u00e3o, no entanto, n\u00e3o ficou restrita ao Agreste. Ainda no primeiro dia de campanha, bases do parlamentar no Sert\u00e3o de Pernambuco tamb\u00e9m foram \u00e0s ruas em apoio \u00e0 candidatura, evidenciando que o projeto pol\u00edtico de Diogo Moraes tem representatividade em diferentes regi\u00f5es do estado, e n\u00e3o apenas em um \u00fanico territ\u00f3rio.<\/p>\n<p><strong>Fotos:<\/strong> Ant\u00f4nio Albuquerque<\/p>\n<\/div>\n<div style=\"text-align: justify;\"><\/div>\n<div class=\"gsp_post_data\" \r\n\t            data-post_type=\"post\" \r\n\t            data-cat=\"sem-categoria\" \r\n\t            data-modified=\"120\"\r\n\t            data-created=\"1786982575\"\r\n\t            data-title=\"Diogo Moraes inicia campanha com forte mobiliza\u00e7\u00e3o em S\u00e3o Bento do Una e Santa Cruz do Capibaribe\" \r\n\t            data-home=\"https:\/\/zulenealves.com.br\"><\/div>","protected":false},"excerpt":{"rendered":"<p>\u00a0 Deputado busca o quinto mandato consecutivo e mostra, logo no primeiro dia de campanha, que seu projeto pol\u00edtico tem ra\u00edzes em diferentes regi\u00f5es do estado O primeiro dia de campanha do deputado estadual Diogo Moraes (PSB), que disputa a reelei\u00e7\u00e3o em busca do quinto mandato consecutivo na Assembleia Legislativa de Pernambuco (Alepe), j\u00e1 deu &#8230; <\/p>\n<p class=\"read-more-container\"><a title=\"Diogo Moraes inicia campanha com forte mobiliza\u00e7\u00e3o em S\u00e3o Bento do Una e Santa Cruz do Capibaribe\" class=\"read-more button\" href=\"https:\/\/zulenealves.com.br\/index.php\/2026\/08\/17\/diogo-moraes-inicia-campanha-com-forte-mobilizacao-em-sao-bento-do-una-e-santa-cruz-do-capibaribe\/#more-51048\" aria-label=\"More on Diogo Moraes inicia campanha com forte mobiliza\u00e7\u00e3o em S\u00e3o Bento do Una e Santa Cruz do Capibaribe\">Leia mais<\/a><\/p>\n","protected":false},"author":2,"featured_media":0,"comment_status":"closed","ping_status":"closed","sticky":false,"template":"","format":"standard","meta":{"footnotes":""},"categories":[1],"tags":[],"class_list":["post-51048","post","type-post","status-publish","format-standard","hentry","category-sem-categoria"],"yoast_head":"<!-- This site is optimized with the Yoast SEO plugin v28.4 - https:\/\/yoast.com\/product\/yoast-seo-wordpress\/ -->\n<title>Diogo Moraes inicia campanha com forte mobiliza\u00e7\u00e3o em S\u00e3o Bento do Una e Santa Cruz do Capibaribe - Blog Zulene Alves<\/title>\n<meta name=\"robots\" content=\"index, follow, max-snippet:-1, max-image-preview:large, max-video-preview:-1\" \/>\n<link rel=\"canonical\" href=\"https:\/\/zulenealves.com.br\/index.php\/2026\/08\/17\/diogo-moraes-inicia-campanha-com-forte-mobilizacao-em-sao-bento-do-una-e-santa-cruz-do-capibaribe\/\" \/>\n<meta property=\"og:locale\" content=\"pt_BR\" \/>\n<meta property=\"og:type\" content=\"article\" \/>\n<meta property=\"og:title\" content=\"Diogo Moraes inicia campanha com forte mobiliza\u00e7\u00e3o em S\u00e3o Bento do Una e Santa Cruz do Capibaribe - Blog Zulene Alves\" \/>\n<meta property=\"og:description\" content=\"\u00a0 Deputado busca o quinto mandato consecutivo e mostra, logo no primeiro dia de campanha, que seu projeto pol\u00edtico tem ra\u00edzes em diferentes regi\u00f5es do estado O primeiro dia de campanha do deputado estadual Diogo Moraes (PSB), que disputa a reelei\u00e7\u00e3o em busca do quinto mandato consecutivo na Assembleia Legislativa de Pernambuco (Alepe), j\u00e1 deu ... Leia mais\" \/>\n<meta property=\"og:url\" content=\"https:\/\/zulenealves.com.br\/index.php\/2026\/08\/17\/diogo-moraes-inicia-campanha-com-forte-mobilizacao-em-sao-bento-do-una-e-santa-cruz-do-capibaribe\/\" \/>\n<meta property=\"og:site_name\" content=\"Blog Zulene Alves\" \/>\n<meta property=\"article:published_time\" content=\"2026-08-17T19:02:55+00:00\" \/>\n<meta property=\"article:modified_time\" content=\"2026-08-17T19:04:20+00:00\" \/>\n<meta property=\"og:image\" content=\"https:\/\/zulenealves.com.br\/wp-content\/uploads\/2026\/08\/34-w.jpg\" \/>\n\t<meta property=\"og:image:width\" content=\"1280\" \/>\n\t<meta property=\"og:image:height\" content=\"854\" \/>\n\t<meta property=\"og:image:type\" content=\"image\/jpeg\" \/>\n<meta name=\"author\" content=\"Zulene Alves\" \/>\n<meta name=\"twitter:card\" content=\"summary_large_image\" \/>\n<meta name=\"twitter:label1\" content=\"Escrito por\" \/>\n\t<meta name=\"twitter:data1\" content=\"Zulene Alves\" \/>\n\t<meta name=\"twitter:label2\" content=\"Est. tempo de leitura\" \/>\n\t<meta name=\"twitter:data2\" content=\"3 minutos\" \/>\n<script type=\"application\/ld+json\" class=\"yoast-schema-graph\">{\"@context\":\"https:\\\/\\\/schema.org\",\"@graph\":[{\"@type\":\"Article\",\"@id\":\"https:\\\/\\\/zulenealves.com.br\\\/index.php\\\/2026\\\/08\\\/17\\\/diogo-moraes-inicia-campanha-com-forte-mobilizacao-em-sao-bento-do-una-e-santa-cruz-do-capibaribe\\\/#article\",\"isPartOf\":{\"@id\":\"https:\\\/\\\/zulenealves.com.br\\\/index.php\\\/2026\\\/08\\\/17\\\/diogo-moraes-inicia-campanha-com-forte-mobilizacao-em-sao-bento-do-una-e-santa-cruz-do-capibaribe\\\/\"},\"author\":{\"name\":\"Zulene Alves\",\"@id\":\"https:\\\/\\\/zulenealves.com.br\\\/#\\\/schema\\\/person\\\/211b267042952b9d9062603ea5230577\"},\"headline\":\"Diogo Moraes inicia campanha com forte mobiliza\u00e7\u00e3o em S\u00e3o Bento do Una e Santa Cruz do Capibaribe\",\"datePublished\":\"2026-08-17T19:02:55+00:00\",\"dateModified\":\"2026-08-17T19:04:20+00:00\",\"mainEntityOfPage\":{\"@id\":\"https:\\\/\\\/zulenealves.com.br\\\/index.php\\\/2026\\\/08\\\/17\\\/diogo-moraes-inicia-campanha-com-forte-mobilizacao-em-sao-bento-do-una-e-santa-cruz-do-capibaribe\\\/\"},\"wordCount\":346,\"image\":{\"@id\":\"https:\\\/\\\/zulenealves.com.br\\\/index.php\\\/2026\\\/08\\\/17\\\/diogo-moraes-inicia-campanha-com-forte-mobilizacao-em-sao-bento-do-una-e-santa-cruz-do-capibaribe\\\/#primaryimage\"},\"thumbnailUrl\":\"https:\\\/\\\/zulenealves.com.br\\\/wp-content\\\/uploads\\\/2026\\\/08\\\/34-w.jpg\",\"inLanguage\":\"pt-BR\"},{\"@type\":\"WebPage\",\"@id\":\"https:\\\/\\\/zulenealves.com.br\\\/index.php\\\/2026\\\/08\\\/17\\\/diogo-moraes-inicia-campanha-com-forte-mobilizacao-em-sao-bento-do-una-e-santa-cruz-do-capibaribe\\\/\",\"url\":\"https:\\\/\\\/zulenealves.com.br\\\/index.php\\\/2026\\\/08\\\/17\\\/diogo-moraes-inicia-campanha-com-forte-mobilizacao-em-sao-bento-do-una-e-santa-cruz-do-capibaribe\\\/\",\"name\":\"Diogo Moraes inicia campanha com forte mobiliza\u00e7\u00e3o em S\u00e3o Bento do Una e Santa Cruz do Capibaribe - Blog Zulene Alves\",\"isPartOf\":{\"@id\":\"https:\\\/\\\/zulenealves.com.br\\\/#website\"},\"primaryImageOfPage\":{\"@id\":\"https:\\\/\\\/zulenealves.com.br\\\/index.php\\\/2026\\\/08\\\/17\\\/diogo-moraes-inicia-campanha-com-forte-mobilizacao-em-sao-bento-do-una-e-santa-cruz-do-capibaribe\\\/#primaryimage\"},\"image\":{\"@id\":\"https:\\\/\\\/zulenealves.com.br\\\/index.php\\\/2026\\\/08\\\/17\\\/diogo-moraes-inicia-campanha-com-forte-mobilizacao-em-sao-bento-do-una-e-santa-cruz-do-capibaribe\\\/#primaryimage\"},\"thumbnailUrl\":\"https:\\\/\\\/zulenealves.com.br\\\/wp-content\\\/uploads\\\/2026\\\/08\\\/34-w.jpg\",\"datePublished\":\"2026-08-17T19:02:55+00:00\",\"dateModified\":\"2026-08-17T19:04:20+00:00\",\"author\":{\"@id\":\"https:\\\/\\\/zulenealves.com.br\\\/#\\\/schema\\\/person\\\/211b267042952b9d9062603ea5230577\"},\"breadcrumb\":{\"@id\":\"https:\\\/\\\/zulenealves.com.br\\\/index.php\\\/2026\\\/08\\\/17\\\/diogo-moraes-inicia-campanha-com-forte-mobilizacao-em-sao-bento-do-una-e-santa-cruz-do-capibaribe\\\/#breadcrumb\"},\"inLanguage\":\"pt-BR\",\"potentialAction\":[{\"@type\":\"ReadAction\",\"target\":[\"https:\\\/\\\/zulenealves.com.br\\\/index.php\\\/2026\\\/08\\\/17\\\/diogo-moraes-inicia-campanha-com-forte-mobilizacao-em-sao-bento-do-una-e-santa-cruz-do-capibaribe\\\/\"]}]},{\"@type\":\"ImageObject\",\"inLanguage\":\"pt-BR\",\"@id\":\"https:\\\/\\\/zulenealves.com.br\\\/index.php\\\/2026\\\/08\\\/17\\\/diogo-moraes-inicia-campanha-com-forte-mobilizacao-em-sao-bento-do-una-e-santa-cruz-do-capibaribe\\\/#primaryimage\",\"url\":\"https:\\\/\\\/zulenealves.com.br\\\/wp-content\\\/uploads\\\/2026\\\/08\\\/34-w.jpg\",\"contentUrl\":\"https:\\\/\\\/zulenealves.com.br\\\/wp-content\\\/uploads\\\/2026\\\/08\\\/34-w.jpg\",\"width\":1280,\"height\":854},{\"@type\":\"BreadcrumbList\",\"@id\":\"https:\\\/\\\/zulenealves.com.br\\\/index.php\\\/2026\\\/08\\\/17\\\/diogo-moraes-inicia-campanha-com-forte-mobilizacao-em-sao-bento-do-una-e-santa-cruz-do-capibaribe\\\/#breadcrumb\",\"itemListElement\":[{\"@type\":\"ListItem\",\"position\":1,\"name\":\"In\u00edcio\",\"item\":\"https:\\\/\\\/zulenealves.com.br\\\/\"},{\"@type\":\"ListItem\",\"position\":2,\"name\":\"Diogo Moraes inicia campanha com forte mobiliza\u00e7\u00e3o em S\u00e3o Bento do Una e Santa Cruz do Capibaribe\"}]},{\"@type\":\"WebSite\",\"@id\":\"https:\\\/\\\/zulenealves.com.br\\\/#website\",\"url\":\"https:\\\/\\\/zulenealves.com.br\\\/\",\"name\":\"Blog Zulene Alves\",\"description\":\"\",\"potentialAction\":[{\"@type\":\"SearchAction\",\"target\":{\"@type\":\"EntryPoint\",\"urlTemplate\":\"https:\\\/\\\/zulenealves.com.br\\\/?s={search_term_string}\"},\"query-input\":{\"@type\":\"PropertyValueSpecification\",\"valueRequired\":true,\"valueName\":\"search_term_string\"}}],\"inLanguage\":\"pt-BR\"},{\"@type\":\"Person\",\"@id\":\"https:\\\/\\\/zulenealves.com.br\\\/#\\\/schema\\\/person\\\/211b267042952b9d9062603ea5230577\",\"name\":\"Zulene Alves\",\"image\":{\"@type\":\"ImageObject\",\"inLanguage\":\"pt-BR\",\"@id\":\"https:\\\/\\\/secure.gravatar.com\\\/avatar\\\/6256ae245147d58c317918f3a20dbf75c244838a7b265be12b0edacdedc94737?s=96&d=mm&r=g\",\"url\":\"https:\\\/\\\/secure.gravatar.com\\\/avatar\\\/6256ae245147d58c317918f3a20dbf75c244838a7b265be12b0edacdedc94737?s=96&d=mm&r=g\",\"contentUrl\":\"https:\\\/\\\/secure.gravatar.com\\\/avatar\\\/6256ae245147d58c317918f3a20dbf75c244838a7b265be12b0edacdedc94737?s=96&d=mm&r=g\",\"caption\":\"Zulene Alves\"},\"sameAs\":[\"https:\\\/\\\/zulenealves.com.br\\\/\"],\"url\":\"https:\\\/\\\/zulenealves.com.br\\\/index.php\\\/author\\\/zulene\\\/\"}]}<\/script>\n<!-- \/ Yoast SEO plugin. -->","yoast_head_json":{"title":"Diogo Moraes inicia campanha com forte mobiliza\u00e7\u00e3o em S\u00e3o Bento do Una e Santa Cruz do Capibaribe - Blog Zulene Alves","robots":{"index":"index","follow":"follow","max-snippet":"max-snippet:-1","max-image-preview":"max-image-preview:large","max-video-preview":"max-video-preview:-1"},"canonical":"https:\/\/zulenealves.com.br\/index.php\/2026\/08\/17\/diogo-moraes-inicia-campanha-com-forte-mobilizacao-em-sao-bento-do-una-e-santa-cruz-do-capibaribe\/","og_locale":"pt_BR","og_type":"article","og_title":"Diogo Moraes inicia campanha com forte mobiliza\u00e7\u00e3o em S\u00e3o Bento do Una e Santa Cruz do Capibaribe - Blog Zulene Alves","og_description":"\u00a0 Deputado busca o quinto mandato consecutivo e mostra, logo no primeiro dia de campanha, que seu projeto pol\u00edtico tem ra\u00edzes em diferentes regi\u00f5es do estado O primeiro dia de campanha do deputado estadual Diogo Moraes (PSB), que disputa a reelei\u00e7\u00e3o em busca do quinto mandato consecutivo na Assembleia Legislativa de Pernambuco (Alepe), j\u00e1 deu ... Leia mais","og_url":"https:\/\/zulenealves.com.br\/index.php\/2026\/08\/17\/diogo-moraes-inicia-campanha-com-forte-mobilizacao-em-sao-bento-do-una-e-santa-cruz-do-capibaribe\/","og_site_name":"Blog Zulene Alves","article_published_time":"2026-08-17T19:02:55+00:00","article_modified_time":"2026-08-17T19:04:20+00:00","og_image":[{"width":1280,"height":854,"url":"https:\/\/zulenealves.com.br\/wp-content\/uploads\/2026\/08\/34-w.jpg","type":"image\/jpeg"}],"author":"Zulene Alves","twitter_card":"summary_large_image","twitter_misc":{"Escrito por":"Zulene Alves","Est. tempo de leitura":"3 minutos"},"schema":{"@context":"https:\/\/schema.org","@graph":[{"@type":"Article","@id":"https:\/\/zulenealves.com.br\/index.php\/2026\/08\/17\/diogo-moraes-inicia-campanha-com-forte-mobilizacao-em-sao-bento-do-una-e-santa-cruz-do-capibaribe\/#article","isPartOf":{"@id":"https:\/\/zulenealves.com.br\/index.php\/2026\/08\/17\/diogo-moraes-inicia-campanha-com-forte-mobilizacao-em-sao-bento-do-una-e-santa-cruz-do-capibaribe\/"},"author":{"name":"Zulene Alves","@id":"https:\/\/zulenealves.com.br\/#\/schema\/person\/211b267042952b9d9062603ea5230577"},"headline":"Diogo Moraes inicia campanha com forte mobiliza\u00e7\u00e3o em S\u00e3o Bento do Una e Santa Cruz do Capibaribe","datePublished":"2026-08-17T19:02:55+00:00","dateModified":"2026-08-17T19:04:20+00:00","mainEntityOfPage":{"@id":"https:\/\/zulenealves.com.br\/index.php\/2026\/08\/17\/diogo-moraes-inicia-campanha-com-forte-mobilizacao-em-sao-bento-do-una-e-santa-cruz-do-capibaribe\/"},"wordCount":346,"image":{"@id":"https:\/\/zulenealves.com.br\/index.php\/2026\/08\/17\/diogo-moraes-inicia-campanha-com-forte-mobilizacao-em-sao-bento-do-una-e-santa-cruz-do-capibaribe\/#primaryimage"},"thumbnailUrl":"https:\/\/zulenealves.com.br\/wp-content\/uploads\/2026\/08\/34-w.jpg","inLanguage":"pt-BR"},{"@type":"WebPage","@id":"https:\/\/zulenealves.com.br\/index.php\/2026\/08\/17\/diogo-moraes-inicia-campanha-com-forte-mobilizacao-em-sao-bento-do-una-e-santa-cruz-do-capibaribe\/","url":"https:\/\/zulenealves.com.br\/index.php\/2026\/08\/17\/diogo-moraes-inicia-campanha-com-forte-mobilizacao-em-sao-bento-do-una-e-santa-cruz-do-capibaribe\/","name":"Diogo Moraes inicia campanha com forte mobiliza\u00e7\u00e3o em S\u00e3o Bento do Una e Santa Cruz do Capibaribe - Blog Zulene Alves","isPartOf":{"@id":"https:\/\/zulenealves.com.br\/#website"},"primaryImageOfPage":{"@id":"https:\/\/zulenealves.com.br\/index.php\/2026\/08\/17\/diogo-moraes-inicia-campanha-com-forte-mobilizacao-em-sao-bento-do-una-e-santa-cruz-do-capibaribe\/#primaryimage"},"image":{"@id":"https:\/\/zulenealves.com.br\/index.php\/2026\/08\/17\/diogo-moraes-inicia-campanha-com-forte-mobilizacao-em-sao-bento-do-una-e-santa-cruz-do-capibaribe\/#primaryimage"},"thumbnailUrl":"https:\/\/zulenealves.com.br\/wp-content\/uploads\/2026\/08\/34-w.jpg","datePublished":"2026-08-17T19:02:55+00:00","dateModified":"2026-08-17T19:04:20+00:00","author":{"@id":"https:\/\/zulenealves.com.br\/#\/schema\/person\/211b267042952b9d9062603ea5230577"},"breadcrumb":{"@id":"https:\/\/zulenealves.com.br\/index.php\/2026\/08\/17\/diogo-moraes-inicia-campanha-com-forte-mobilizacao-em-sao-bento-do-una-e-santa-cruz-do-capibaribe\/#breadcrumb"},"inLanguage":"pt-BR","potentialAction":[{"@type":"ReadAction","target":["https:\/\/zulenealves.com.br\/index.php\/2026\/08\/17\/diogo-moraes-inicia-campanha-com-forte-mobilizacao-em-sao-bento-do-una-e-santa-cruz-do-capibaribe\/"]}]},{"@type":"ImageObject","inLanguage":"pt-BR","@id":"https:\/\/zulenealves.com.br\/index.php\/2026\/08\/17\/diogo-moraes-inicia-campanha-com-forte-mobilizacao-em-sao-bento-do-una-e-santa-cruz-do-capibaribe\/#primaryimage","url":"https:\/\/zulenealves.com.br\/wp-content\/uploads\/2026\/08\/34-w.jpg","contentUrl":"https:\/\/zulenealves.com.br\/wp-content\/uploads\/2026\/08\/34-w.jpg","width":1280,"height":854},{"@type":"BreadcrumbList","@id":"https:\/\/zulenealves.com.br\/index.php\/2026\/08\/17\/diogo-moraes-inicia-campanha-com-forte-mobilizacao-em-sao-bento-do-una-e-santa-cruz-do-capibaribe\/#breadcrumb","itemListElement":[{"@type":"ListItem","position":1,"name":"In\u00edcio","item":"https:\/\/zulenealves.com.br\/"},{"@type":"ListItem","position":2,"name":"Diogo Moraes inicia campanha com forte mobiliza\u00e7\u00e3o em S\u00e3o Bento do Una e Santa Cruz do Capibaribe"}]},{"@type":"WebSite","@id":"https:\/\/zulenealves.com.br\/#website","url":"https:\/\/zulenealves.com.br\/","name":"Blog Zulene Alves","description":"","potentialAction":[{"@type":"SearchAction","target":{"@type":"EntryPoint","urlTemplate":"https:\/\/zulenealves.com.br\/?s={search_term_string}"},"query-input":{"@type":"PropertyValueSpecification","valueRequired":true,"valueName":"search_term_string"}}],"inLanguage":"pt-BR"},{"@type":"Person","@id":"https:\/\/zulenealves.com.br\/#\/schema\/person\/211b267042952b9d9062603ea5230577","name":"Zulene Alves","image":{"@type":"ImageObject","inLanguage":"pt-BR","@id":"https:\/\/secure.gravatar.com\/avatar\/6256ae245147d58c317918f3a20dbf75c244838a7b265be12b0edacdedc94737?s=96&d=mm&r=g","url":"https:\/\/secure.gravatar.com\/avatar\/6256ae245147d58c317918f3a20dbf75c244838a7b265be12b0edacdedc94737?s=96&d=mm&r=g","contentUrl":"https:\/\/secure.gravatar.com\/avatar\/6256ae245147d58c317918f3a20dbf75c244838a7b265be12b0edacdedc94737?s=96&d=mm&r=g","caption":"Zulene Alves"},"sameAs":["https:\/\/zulenealves.com.br\/"],"url":"https:\/\/zulenealves.com.br\/index.php\/author\/zulene\/"}]}},"_links":{"self":[{"href":"https:\/\/zulenealves.com.br\/index.php\/wp-json\/wp\/v2\/posts\/51048","targetHints":{"allow":["GET"]}}],"collection":[{"href":"https:\/\/zulenealves.com.br\/index.php\/wp-json\/wp\/v2\/posts"}],"about":[{"href":"https:\/\/zulenealves.com.br\/index.php\/wp-json\/wp\/v2\/types\/post"}],"author":[{"embeddable":true,"href":"https:\/\/zulenealves.com.br\/index.php\/wp-json\/wp\/v2\/users\/2"}],"replies":[{"embeddable":true,"href":"https:\/\/zulenealves.com.br\/index.php\/wp-json\/wp\/v2\/comments?post=51048"}],"version-history":[{"count":2,"href":"https:\/\/zulenealves.com.br\/index.php\/wp-json\/wp\/v2\/posts\/51048\/revisions"}],"predecessor-version":[{"id":51054,"href":"https:\/\/zulenealves.com.br\/index.php\/wp-json\/wp\/v2\/posts\/51048\/revisions\/51054"}],"wp:attachment":[{"href":"https:\/\/zulenealves.com.br\/index.php\/wp-json\/wp\/v2\/media?parent=51048"}],"wp:term":[{"taxonomy":"category","embeddable":true,"href":"https:\/\/zulenealves.com.br\/index.php\/wp-json\/wp\/v2\/categories?post=51048"},{"taxonomy":"post_tag","embeddable":true,"href":"https:\/\/zulenealves.com.br\/index.php\/wp-json\/wp\/v2\/tags?post=51048"}],"curies":[{"name":"wp","href":"https:\/\/api.w.org\/{rel}","templated":true}]}}