{"id":51060,"date":"2026-08-18T05:35:29","date_gmt":"2026-08-18T08:35:29","guid":{"rendered":"https:\/\/zulenealves.com.br\/?p=51060"},"modified":"2026-08-18T05:35:25","modified_gmt":"2026-08-18T08:35:25","slug":"fpm-municipios-recebem-r-18-bilhao-no-2-decendio-de-agosto-valor-sera-repassado-nesta-quinta-feira-20","status":"publish","type":"post","link":"https:\/\/zulenealves.com.br\/index.php\/2026\/08\/18\/fpm-municipios-recebem-r-18-bilhao-no-2-decendio-de-agosto-valor-sera-repassado-nesta-quinta-feira-20\/","title":{"rendered":"FPM: munic\u00edpios recebem R$ 1,8 bilh\u00e3o no 2\u00b0 dec\u00eandio de agosto; valor ser\u00e1 repassado nesta quinta-feira (20)"},"content":{"rendered":"<p><img fetchpriority=\"high\" decoding=\"async\" class=\"aligncenter\" src=\"https:\/\/cdn.brasil61.com\/r\/400x250\/W1g473vBrDyKwsYAyNxcvqmo.webp?q=70\" alt=\"Imagem: Brasil 61\" width=\"541\" height=\"338\" \/><\/p>\n<p style=\"text-align: justify;\">Nesta quinta-feira (20), os <strong>munic\u00edpios brasileiros recebem quase R$ 1,9 bilh\u00e3o referentes ao segundo dec\u00eandio de agosto do Fundo de Participa\u00e7\u00e3o dos Munic\u00edpios (FPM).<\/strong> O valor \u00e9 cerca de <strong>26% maior do que o repassado no mesmo per\u00edodo de 2025,<\/strong> quando a transfer\u00eancia foi de cerca de R$ 1,4 bilh\u00e3o.<\/p>\n<p style=\"text-align: justify;\"><strong>O especialista em or\u00e7amento p\u00fablico, Cesar Lima, avalia que o resultado positivo do repasse, aliado \u00e0 desacelera\u00e7\u00e3o da infla\u00e7\u00e3o, pode garantir um ganho real aos munic\u00edpios ao longo do ano. Ele orienta, ainda, que os gestores apliquem os recursos de forma coordenada.<\/strong><\/p>\n<p style=\"text-align: justify;\">\u201c\u00c9 um valor 26% maior que no mesmo per\u00edodo do ano passado, o que indica o bom desempenho deste componente de transfer\u00eancia legal para os munic\u00edpios. Tivemos um m\u00eas com uma infla\u00e7\u00e3o muito baixa, ent\u00e3o temos uma infla\u00e7\u00e3o decrescente, o que pode no final do exerc\u00edcio nos dar, realmente, um ganho real do FPM para os munic\u00edpios. \u00c9 muito importante que os gestores saibam aplicar muito bem esses recursos, uma vez que eles n\u00e3o t\u00eam uma fun\u00e7\u00e3o definida, eles n\u00e3o s\u00e3o atrelados a nenhum tipo de gasto. Ent\u00e3o a prefeitura pode utiliz\u00e1-los para sua gest\u00e3o de uma forma geral\u201d, destaca Lima.<\/p>\n<p style=\"text-align: justify;\"><strong>Maiores valores por estado<\/strong><\/p>\n<p style=\"text-align: justify;\"><strong>S\u00e3o Paulo <\/strong>concentra o maior volume de recursos neste primeiro dec\u00eandio de agosto, com mais de <strong>R$ 233,7 milh\u00f5es<\/strong>. Entre os munic\u00edpios paulistas com os maiores repasses est\u00e3o<strong> Ara\u00e7atuba, Campinas e Pindamonhangaba<\/strong>, cada um com<strong> valores superiores a R$ 1 milh\u00e3o.<\/strong><\/p>\n<p style=\"text-align: justify;\"><!--more--><\/p>\n<p style=\"text-align: justify;\">Na sequ\u00eancia aparece <strong>Minas Gerais<\/strong>, com pouco mais de <strong>R$ 232,4 milh\u00f5es<\/strong>. No estado, <strong>Betim, Contagem e Divin\u00f3polis<\/strong> est\u00e3o entre os munic\u00edpios que recebem os maiores valores,<strong> todos acima de R$ 1 milh\u00e3o.<\/strong><\/p>\n<h2 style=\"text-align: justify;\">FPM: Munic\u00edpios bloqueados<\/h2>\n<p style=\"text-align: justify;\"><strong>At\u00e9 o dia 16 de agosto de 2026, <a href=\"https:\/\/www.tesourotransparente.gov.br\/consultas\/consulta-aos-entes-bloqueados\" target=\"_blank\" rel=\"noopener\">25 munic\u00edpios estavam impedidos de receber recursos do FPM<\/a>. Confira a lista: \u00a0<\/strong><\/p>\n<ul style=\"text-align: justify;\">\n<li>Maragogi (AL)<\/li>\n<li>Tapero\u00e1 (BA)<\/li>\n<li>Alfenas (MG)<\/li>\n<li>Cantagalo (MG)<\/li>\n<li>Itamb\u00e9 do Mato Dentro (MG)<\/li>\n<li>Una\u00ed (MG)<\/li>\n<li>Chapada dos Guimar\u00e3es (MT)<\/li>\n<li>Prainha (PA)<\/li>\n<li>Salgado de S\u00e3o F\u00e9lix (PB)<\/li>\n<li>Serid\u00f3 (PB)<\/li>\n<li>Nova Am\u00e9rica da Colina (PR)<\/li>\n<li>Petr\u00f3polis (RJ)<\/li>\n<li>Rio das Flores (RJ)<\/li>\n<li>Governo do Estado do Rio Grande do Norte (RN)<\/li>\n<li>Alvorada (RS)<\/li>\n<li>Arroio do Sal (RS)<\/li>\n<li>Cerrito (RS)<\/li>\n<li>Sete de Setembro (RS)<\/li>\n<li>Toropi (RS)<\/li>\n<li>Piratuba (SC)<\/li>\n<li>Nossa Senhora da Gl\u00f3ria (SE)<\/li>\n<li>Ribeir\u00f3polis (SE)<\/li>\n<li>Umba\u00faba (SE)<\/li>\n<li>Combinado (TO)<\/li>\n<li>Paran\u00e1 (TO)<\/li>\n<\/ul>\n<p style=\"text-align: justify;\">Conforme o Tesouro Nacional, os bloqueios ocorrem por diversos motivos, como a falta de recolhimento da contribui\u00e7\u00e3o ao Pasep, pend\u00eancias previdenci\u00e1rias junto ao INSS, d\u00e9bitos inscritos na d\u00edvida ativa da Uni\u00e3o pela Procuradoria-Geral da Fazenda Nacional (PGFN) e a aus\u00eancia de envio de informa\u00e7\u00f5es ao Sistema de Informa\u00e7\u00f5es sobre Or\u00e7amentos P\u00fablicos em Sa\u00fade (SIOPS).<\/p>\n<p style=\"text-align: justify;\">No entanto, a suspens\u00e3o dos valores \u00e9 tempor\u00e1ria. Ap\u00f3s a regulariza\u00e7\u00e3o da pend\u00eancia pelo munic\u00edpio, a transfer\u00eancia \u00e9 normalizada. Os montantes do FPM costumam ser aplicados no financiamento de \u00e1reas como sa\u00fade, educa\u00e7\u00e3o, infraestrutura e pagamento de pessoal.<\/p>\n<h2 style=\"text-align: justify;\">FPM<\/h2>\n<p style=\"text-align: justify;\">O FPM \u00e9 um repasse obrigat\u00f3rio da Uni\u00e3o para as prefeituras, criado pela <a href=\"https:\/\/www2.camara.leg.br\/legin\/fed\/emecon\/1960-1969\/emendaconstitucional-18-1-dezembro-1965-363966-publicacaooriginal-1-pl.html\" target=\"_blank\" rel=\"noopener\">Emenda Constitucional n\u00ba 18, de 1965<\/a>, e regulamentado pelo<a href=\"https:\/\/www.planalto.gov.br\/ccivil_03\/leis\/l5172compilado.htm\" target=\"_blank\" rel=\"noopener\"> C\u00f3digo Tribut\u00e1rio Nacional, em 1966.\u00a0<\/a><\/p>\n<p style=\"text-align: justify;\">O repasse \u00e9 recorrente e formado por uma parcela da arrecada\u00e7\u00e3o de dois impostos federais: o Imposto de Renda (IR) e o Imposto sobre Produtos Industrializados (IPI). A distribui\u00e7\u00e3o dos recursos entre os munic\u00edpios segue coeficientes definidos pelo Tribunal de Contas da Uni\u00e3o (TCU), calculados com base na popula\u00e7\u00e3o de cada cidade, segundo dados oficiais.<\/p>\n<p style=\"text-align: justify;\">O Fundo \u00e9 repassado \u00e0s prefeituras a cada dez dias \u2014 nos dias 10, 20 e 30 de cada m\u00eas. Se a data cair em fim de semana ou feriado, o repasse \u00e9 antecipado para o dia \u00fatil anterior. E cada repasse tem como base a arrecada\u00e7\u00e3o dos dez dias anteriores.<\/p>\n<p style=\"text-align: justify;\">Os recursos s\u00e3o divididos entre os munic\u00edpios, considerando uma divis\u00e3o de tr\u00eas grupos, e cada coletivo fica com um percentual do total.<\/p>\n<p>Fonte: <a href=\"https:\/\/brasil61.com\/n\/fpm-municipios-recebem-r-1-8-bilhao-no-2-decendio-de-agosto-valor-sera-repassado-nesta-quinta-feira-20-bras2616946\" target=\"_blank\" rel=\"noopener\">Brasil 61<\/a><\/p>\n<div class=\"gsp_post_data\" \r\n\t            data-post_type=\"post\" \r\n\t            data-cat=\"sem-categoria\" \r\n\t            data-modified=\"120\"\r\n\t            data-created=\"1787031329\"\r\n\t            data-title=\"FPM: munic\u00edpios recebem R$ 1,8 bilh\u00e3o no 2\u00b0 dec\u00eandio de agosto; valor ser\u00e1 repassado nesta quinta-feira (20)\" \r\n\t            data-home=\"https:\/\/zulenealves.com.br\"><\/div>","protected":false},"excerpt":{"rendered":"<p>Nesta quinta-feira (20), os munic\u00edpios brasileiros recebem quase R$ 1,9 bilh\u00e3o referentes ao segundo dec\u00eandio de agosto do Fundo de Participa\u00e7\u00e3o dos Munic\u00edpios (FPM). O valor \u00e9 cerca de 26% maior do que o repassado no mesmo per\u00edodo de 2025, quando a transfer\u00eancia foi de cerca de R$ 1,4 bilh\u00e3o. O especialista em or\u00e7amento p\u00fablico, &#8230; <\/p>\n<p class=\"read-more-container\"><a title=\"FPM: munic\u00edpios recebem R$ 1,8 bilh\u00e3o no 2\u00b0 dec\u00eandio de agosto; valor ser\u00e1 repassado nesta quinta-feira (20)\" class=\"read-more button\" href=\"https:\/\/zulenealves.com.br\/index.php\/2026\/08\/18\/fpm-municipios-recebem-r-18-bilhao-no-2-decendio-de-agosto-valor-sera-repassado-nesta-quinta-feira-20\/#more-51060\" aria-label=\"More on FPM: munic\u00edpios recebem R$ 1,8 bilh\u00e3o no 2\u00b0 dec\u00eandio de agosto; valor ser\u00e1 repassado nesta quinta-feira (20)\">Leia mais<\/a><\/p>\n","protected":false},"author":2,"featured_media":0,"comment_status":"closed","ping_status":"closed","sticky":false,"template":"","format":"standard","meta":{"footnotes":""},"categories":[1],"tags":[],"class_list":["post-51060","post","type-post","status-publish","format-standard","hentry","category-sem-categoria"],"yoast_head":"<!-- This site is optimized with the Yoast SEO plugin v28.4 - https:\/\/yoast.com\/product\/yoast-seo-wordpress\/ -->\n<title>FPM: munic\u00edpios recebem R$ 1,8 bilh\u00e3o no 2\u00b0 dec\u00eandio de agosto; valor ser\u00e1 repassado nesta quinta-feira (20) - Blog Zulene Alves<\/title>\n<meta name=\"robots\" content=\"index, follow, max-snippet:-1, max-image-preview:large, max-video-preview:-1\" \/>\n<link rel=\"canonical\" href=\"https:\/\/zulenealves.com.br\/index.php\/2026\/08\/18\/fpm-municipios-recebem-r-18-bilhao-no-2-decendio-de-agosto-valor-sera-repassado-nesta-quinta-feira-20\/\" \/>\n<meta property=\"og:locale\" content=\"pt_BR\" \/>\n<meta property=\"og:type\" content=\"article\" \/>\n<meta property=\"og:title\" content=\"FPM: munic\u00edpios recebem R$ 1,8 bilh\u00e3o no 2\u00b0 dec\u00eandio de agosto; valor ser\u00e1 repassado nesta quinta-feira (20) - Blog Zulene Alves\" \/>\n<meta property=\"og:description\" content=\"Nesta quinta-feira (20), os munic\u00edpios brasileiros recebem quase R$ 1,9 bilh\u00e3o referentes ao segundo dec\u00eandio de agosto do Fundo de Participa\u00e7\u00e3o dos Munic\u00edpios (FPM). O valor \u00e9 cerca de 26% maior do que o repassado no mesmo per\u00edodo de 2025, quando a transfer\u00eancia foi de cerca de R$ 1,4 bilh\u00e3o. O especialista em or\u00e7amento p\u00fablico, ... Leia mais\" \/>\n<meta property=\"og:url\" content=\"https:\/\/zulenealves.com.br\/index.php\/2026\/08\/18\/fpm-municipios-recebem-r-18-bilhao-no-2-decendio-de-agosto-valor-sera-repassado-nesta-quinta-feira-20\/\" \/>\n<meta property=\"og:site_name\" content=\"Blog Zulene Alves\" \/>\n<meta property=\"article:published_time\" content=\"2026-08-18T08:35:29+00:00\" \/>\n<meta property=\"og:image\" content=\"https:\/\/cdn.brasil61.com\/r\/400x250\/W1g473vBrDyKwsYAyNxcvqmo.webp?q=70\" \/>\n<meta name=\"author\" content=\"Zulene Alves\" \/>\n<meta name=\"twitter:card\" content=\"summary_large_image\" \/>\n<meta name=\"twitter:label1\" content=\"Escrito por\" \/>\n\t<meta name=\"twitter:data1\" content=\"Zulene Alves\" \/>\n\t<meta name=\"twitter:label2\" content=\"Est. tempo de leitura\" \/>\n\t<meta name=\"twitter:data2\" content=\"4 minutos\" \/>\n<script type=\"application\/ld+json\" class=\"yoast-schema-graph\">{\"@context\":\"https:\\\/\\\/schema.org\",\"@graph\":[{\"@type\":\"Article\",\"@id\":\"https:\\\/\\\/zulenealves.com.br\\\/index.php\\\/2026\\\/08\\\/18\\\/fpm-municipios-recebem-r-18-bilhao-no-2-decendio-de-agosto-valor-sera-repassado-nesta-quinta-feira-20\\\/#article\",\"isPartOf\":{\"@id\":\"https:\\\/\\\/zulenealves.com.br\\\/index.php\\\/2026\\\/08\\\/18\\\/fpm-municipios-recebem-r-18-bilhao-no-2-decendio-de-agosto-valor-sera-repassado-nesta-quinta-feira-20\\\/\"},\"author\":{\"name\":\"Zulene Alves\",\"@id\":\"https:\\\/\\\/zulenealves.com.br\\\/#\\\/schema\\\/person\\\/211b267042952b9d9062603ea5230577\"},\"headline\":\"FPM: munic\u00edpios recebem R$ 1,8 bilh\u00e3o no 2\u00b0 dec\u00eandio de agosto; valor ser\u00e1 repassado nesta quinta-feira (20)\",\"datePublished\":\"2026-08-18T08:35:29+00:00\",\"mainEntityOfPage\":{\"@id\":\"https:\\\/\\\/zulenealves.com.br\\\/index.php\\\/2026\\\/08\\\/18\\\/fpm-municipios-recebem-r-18-bilhao-no-2-decendio-de-agosto-valor-sera-repassado-nesta-quinta-feira-20\\\/\"},\"wordCount\":697,\"image\":{\"@id\":\"https:\\\/\\\/zulenealves.com.br\\\/index.php\\\/2026\\\/08\\\/18\\\/fpm-municipios-recebem-r-18-bilhao-no-2-decendio-de-agosto-valor-sera-repassado-nesta-quinta-feira-20\\\/#primaryimage\"},\"thumbnailUrl\":\"https:\\\/\\\/cdn.brasil61.com\\\/r\\\/400x250\\\/W1g473vBrDyKwsYAyNxcvqmo.webp?q=70\",\"inLanguage\":\"pt-BR\"},{\"@type\":\"WebPage\",\"@id\":\"https:\\\/\\\/zulenealves.com.br\\\/index.php\\\/2026\\\/08\\\/18\\\/fpm-municipios-recebem-r-18-bilhao-no-2-decendio-de-agosto-valor-sera-repassado-nesta-quinta-feira-20\\\/\",\"url\":\"https:\\\/\\\/zulenealves.com.br\\\/index.php\\\/2026\\\/08\\\/18\\\/fpm-municipios-recebem-r-18-bilhao-no-2-decendio-de-agosto-valor-sera-repassado-nesta-quinta-feira-20\\\/\",\"name\":\"FPM: munic\u00edpios recebem R$ 1,8 bilh\u00e3o no 2\u00b0 dec\u00eandio de agosto; valor ser\u00e1 repassado nesta quinta-feira (20) - Blog Zulene Alves\",\"isPartOf\":{\"@id\":\"https:\\\/\\\/zulenealves.com.br\\\/#website\"},\"primaryImageOfPage\":{\"@id\":\"https:\\\/\\\/zulenealves.com.br\\\/index.php\\\/2026\\\/08\\\/18\\\/fpm-municipios-recebem-r-18-bilhao-no-2-decendio-de-agosto-valor-sera-repassado-nesta-quinta-feira-20\\\/#primaryimage\"},\"image\":{\"@id\":\"https:\\\/\\\/zulenealves.com.br\\\/index.php\\\/2026\\\/08\\\/18\\\/fpm-municipios-recebem-r-18-bilhao-no-2-decendio-de-agosto-valor-sera-repassado-nesta-quinta-feira-20\\\/#primaryimage\"},\"thumbnailUrl\":\"https:\\\/\\\/cdn.brasil61.com\\\/r\\\/400x250\\\/W1g473vBrDyKwsYAyNxcvqmo.webp?q=70\",\"datePublished\":\"2026-08-18T08:35:29+00:00\",\"author\":{\"@id\":\"https:\\\/\\\/zulenealves.com.br\\\/#\\\/schema\\\/person\\\/211b267042952b9d9062603ea5230577\"},\"breadcrumb\":{\"@id\":\"https:\\\/\\\/zulenealves.com.br\\\/index.php\\\/2026\\\/08\\\/18\\\/fpm-municipios-recebem-r-18-bilhao-no-2-decendio-de-agosto-valor-sera-repassado-nesta-quinta-feira-20\\\/#breadcrumb\"},\"inLanguage\":\"pt-BR\",\"potentialAction\":[{\"@type\":\"ReadAction\",\"target\":[\"https:\\\/\\\/zulenealves.com.br\\\/index.php\\\/2026\\\/08\\\/18\\\/fpm-municipios-recebem-r-18-bilhao-no-2-decendio-de-agosto-valor-sera-repassado-nesta-quinta-feira-20\\\/\"]}]},{\"@type\":\"ImageObject\",\"inLanguage\":\"pt-BR\",\"@id\":\"https:\\\/\\\/zulenealves.com.br\\\/index.php\\\/2026\\\/08\\\/18\\\/fpm-municipios-recebem-r-18-bilhao-no-2-decendio-de-agosto-valor-sera-repassado-nesta-quinta-feira-20\\\/#primaryimage\",\"url\":\"https:\\\/\\\/cdn.brasil61.com\\\/r\\\/400x250\\\/W1g473vBrDyKwsYAyNxcvqmo.webp?q=70\",\"contentUrl\":\"https:\\\/\\\/cdn.brasil61.com\\\/r\\\/400x250\\\/W1g473vBrDyKwsYAyNxcvqmo.webp?q=70\"},{\"@type\":\"BreadcrumbList\",\"@id\":\"https:\\\/\\\/zulenealves.com.br\\\/index.php\\\/2026\\\/08\\\/18\\\/fpm-municipios-recebem-r-18-bilhao-no-2-decendio-de-agosto-valor-sera-repassado-nesta-quinta-feira-20\\\/#breadcrumb\",\"itemListElement\":[{\"@type\":\"ListItem\",\"position\":1,\"name\":\"In\u00edcio\",\"item\":\"https:\\\/\\\/zulenealves.com.br\\\/\"},{\"@type\":\"ListItem\",\"position\":2,\"name\":\"FPM: munic\u00edpios recebem R$ 1,8 bilh\u00e3o no 2\u00b0 dec\u00eandio de agosto; valor ser\u00e1 repassado nesta quinta-feira (20)\"}]},{\"@type\":\"WebSite\",\"@id\":\"https:\\\/\\\/zulenealves.com.br\\\/#website\",\"url\":\"https:\\\/\\\/zulenealves.com.br\\\/\",\"name\":\"Blog Zulene Alves\",\"description\":\"\",\"potentialAction\":[{\"@type\":\"SearchAction\",\"target\":{\"@type\":\"EntryPoint\",\"urlTemplate\":\"https:\\\/\\\/zulenealves.com.br\\\/?s={search_term_string}\"},\"query-input\":{\"@type\":\"PropertyValueSpecification\",\"valueRequired\":true,\"valueName\":\"search_term_string\"}}],\"inLanguage\":\"pt-BR\"},{\"@type\":\"Person\",\"@id\":\"https:\\\/\\\/zulenealves.com.br\\\/#\\\/schema\\\/person\\\/211b267042952b9d9062603ea5230577\",\"name\":\"Zulene Alves\",\"image\":{\"@type\":\"ImageObject\",\"inLanguage\":\"pt-BR\",\"@id\":\"https:\\\/\\\/secure.gravatar.com\\\/avatar\\\/6256ae245147d58c317918f3a20dbf75c244838a7b265be12b0edacdedc94737?s=96&d=mm&r=g\",\"url\":\"https:\\\/\\\/secure.gravatar.com\\\/avatar\\\/6256ae245147d58c317918f3a20dbf75c244838a7b265be12b0edacdedc94737?s=96&d=mm&r=g\",\"contentUrl\":\"https:\\\/\\\/secure.gravatar.com\\\/avatar\\\/6256ae245147d58c317918f3a20dbf75c244838a7b265be12b0edacdedc94737?s=96&d=mm&r=g\",\"caption\":\"Zulene Alves\"},\"sameAs\":[\"https:\\\/\\\/zulenealves.com.br\\\/\"],\"url\":\"https:\\\/\\\/zulenealves.com.br\\\/index.php\\\/author\\\/zulene\\\/\"}]}<\/script>\n<!-- \/ Yoast SEO plugin. -->","yoast_head_json":{"title":"FPM: munic\u00edpios recebem R$ 1,8 bilh\u00e3o no 2\u00b0 dec\u00eandio de agosto; valor ser\u00e1 repassado nesta quinta-feira (20) - Blog Zulene Alves","robots":{"index":"index","follow":"follow","max-snippet":"max-snippet:-1","max-image-preview":"max-image-preview:large","max-video-preview":"max-video-preview:-1"},"canonical":"https:\/\/zulenealves.com.br\/index.php\/2026\/08\/18\/fpm-municipios-recebem-r-18-bilhao-no-2-decendio-de-agosto-valor-sera-repassado-nesta-quinta-feira-20\/","og_locale":"pt_BR","og_type":"article","og_title":"FPM: munic\u00edpios recebem R$ 1,8 bilh\u00e3o no 2\u00b0 dec\u00eandio de agosto; valor ser\u00e1 repassado nesta quinta-feira (20) - Blog Zulene Alves","og_description":"Nesta quinta-feira (20), os munic\u00edpios brasileiros recebem quase R$ 1,9 bilh\u00e3o referentes ao segundo dec\u00eandio de agosto do Fundo de Participa\u00e7\u00e3o dos Munic\u00edpios (FPM). O valor \u00e9 cerca de 26% maior do que o repassado no mesmo per\u00edodo de 2025, quando a transfer\u00eancia foi de cerca de R$ 1,4 bilh\u00e3o. O especialista em or\u00e7amento p\u00fablico, ... Leia mais","og_url":"https:\/\/zulenealves.com.br\/index.php\/2026\/08\/18\/fpm-municipios-recebem-r-18-bilhao-no-2-decendio-de-agosto-valor-sera-repassado-nesta-quinta-feira-20\/","og_site_name":"Blog Zulene Alves","article_published_time":"2026-08-18T08:35:29+00:00","og_image":[{"url":"https:\/\/cdn.brasil61.com\/r\/400x250\/W1g473vBrDyKwsYAyNxcvqmo.webp?q=70","type":"","width":"","height":""}],"author":"Zulene Alves","twitter_card":"summary_large_image","twitter_misc":{"Escrito por":"Zulene Alves","Est. tempo de leitura":"4 minutos"},"schema":{"@context":"https:\/\/schema.org","@graph":[{"@type":"Article","@id":"https:\/\/zulenealves.com.br\/index.php\/2026\/08\/18\/fpm-municipios-recebem-r-18-bilhao-no-2-decendio-de-agosto-valor-sera-repassado-nesta-quinta-feira-20\/#article","isPartOf":{"@id":"https:\/\/zulenealves.com.br\/index.php\/2026\/08\/18\/fpm-municipios-recebem-r-18-bilhao-no-2-decendio-de-agosto-valor-sera-repassado-nesta-quinta-feira-20\/"},"author":{"name":"Zulene Alves","@id":"https:\/\/zulenealves.com.br\/#\/schema\/person\/211b267042952b9d9062603ea5230577"},"headline":"FPM: munic\u00edpios recebem R$ 1,8 bilh\u00e3o no 2\u00b0 dec\u00eandio de agosto; valor ser\u00e1 repassado nesta quinta-feira (20)","datePublished":"2026-08-18T08:35:29+00:00","mainEntityOfPage":{"@id":"https:\/\/zulenealves.com.br\/index.php\/2026\/08\/18\/fpm-municipios-recebem-r-18-bilhao-no-2-decendio-de-agosto-valor-sera-repassado-nesta-quinta-feira-20\/"},"wordCount":697,"image":{"@id":"https:\/\/zulenealves.com.br\/index.php\/2026\/08\/18\/fpm-municipios-recebem-r-18-bilhao-no-2-decendio-de-agosto-valor-sera-repassado-nesta-quinta-feira-20\/#primaryimage"},"thumbnailUrl":"https:\/\/cdn.brasil61.com\/r\/400x250\/W1g473vBrDyKwsYAyNxcvqmo.webp?q=70","inLanguage":"pt-BR"},{"@type":"WebPage","@id":"https:\/\/zulenealves.com.br\/index.php\/2026\/08\/18\/fpm-municipios-recebem-r-18-bilhao-no-2-decendio-de-agosto-valor-sera-repassado-nesta-quinta-feira-20\/","url":"https:\/\/zulenealves.com.br\/index.php\/2026\/08\/18\/fpm-municipios-recebem-r-18-bilhao-no-2-decendio-de-agosto-valor-sera-repassado-nesta-quinta-feira-20\/","name":"FPM: munic\u00edpios recebem R$ 1,8 bilh\u00e3o no 2\u00b0 dec\u00eandio de agosto; valor ser\u00e1 repassado nesta quinta-feira (20) - Blog Zulene Alves","isPartOf":{"@id":"https:\/\/zulenealves.com.br\/#website"},"primaryImageOfPage":{"@id":"https:\/\/zulenealves.com.br\/index.php\/2026\/08\/18\/fpm-municipios-recebem-r-18-bilhao-no-2-decendio-de-agosto-valor-sera-repassado-nesta-quinta-feira-20\/#primaryimage"},"image":{"@id":"https:\/\/zulenealves.com.br\/index.php\/2026\/08\/18\/fpm-municipios-recebem-r-18-bilhao-no-2-decendio-de-agosto-valor-sera-repassado-nesta-quinta-feira-20\/#primaryimage"},"thumbnailUrl":"https:\/\/cdn.brasil61.com\/r\/400x250\/W1g473vBrDyKwsYAyNxcvqmo.webp?q=70","datePublished":"2026-08-18T08:35:29+00:00","author":{"@id":"https:\/\/zulenealves.com.br\/#\/schema\/person\/211b267042952b9d9062603ea5230577"},"breadcrumb":{"@id":"https:\/\/zulenealves.com.br\/index.php\/2026\/08\/18\/fpm-municipios-recebem-r-18-bilhao-no-2-decendio-de-agosto-valor-sera-repassado-nesta-quinta-feira-20\/#breadcrumb"},"inLanguage":"pt-BR","potentialAction":[{"@type":"ReadAction","target":["https:\/\/zulenealves.com.br\/index.php\/2026\/08\/18\/fpm-municipios-recebem-r-18-bilhao-no-2-decendio-de-agosto-valor-sera-repassado-nesta-quinta-feira-20\/"]}]},{"@type":"ImageObject","inLanguage":"pt-BR","@id":"https:\/\/zulenealves.com.br\/index.php\/2026\/08\/18\/fpm-municipios-recebem-r-18-bilhao-no-2-decendio-de-agosto-valor-sera-repassado-nesta-quinta-feira-20\/#primaryimage","url":"https:\/\/cdn.brasil61.com\/r\/400x250\/W1g473vBrDyKwsYAyNxcvqmo.webp?q=70","contentUrl":"https:\/\/cdn.brasil61.com\/r\/400x250\/W1g473vBrDyKwsYAyNxcvqmo.webp?q=70"},{"@type":"BreadcrumbList","@id":"https:\/\/zulenealves.com.br\/index.php\/2026\/08\/18\/fpm-municipios-recebem-r-18-bilhao-no-2-decendio-de-agosto-valor-sera-repassado-nesta-quinta-feira-20\/#breadcrumb","itemListElement":[{"@type":"ListItem","position":1,"name":"In\u00edcio","item":"https:\/\/zulenealves.com.br\/"},{"@type":"ListItem","position":2,"name":"FPM: munic\u00edpios recebem R$ 1,8 bilh\u00e3o no 2\u00b0 dec\u00eandio de agosto; valor ser\u00e1 repassado nesta quinta-feira (20)"}]},{"@type":"WebSite","@id":"https:\/\/zulenealves.com.br\/#website","url":"https:\/\/zulenealves.com.br\/","name":"Blog Zulene Alves","description":"","potentialAction":[{"@type":"SearchAction","target":{"@type":"EntryPoint","urlTemplate":"https:\/\/zulenealves.com.br\/?s={search_term_string}"},"query-input":{"@type":"PropertyValueSpecification","valueRequired":true,"valueName":"search_term_string"}}],"inLanguage":"pt-BR"},{"@type":"Person","@id":"https:\/\/zulenealves.com.br\/#\/schema\/person\/211b267042952b9d9062603ea5230577","name":"Zulene Alves","image":{"@type":"ImageObject","inLanguage":"pt-BR","@id":"https:\/\/secure.gravatar.com\/avatar\/6256ae245147d58c317918f3a20dbf75c244838a7b265be12b0edacdedc94737?s=96&d=mm&r=g","url":"https:\/\/secure.gravatar.com\/avatar\/6256ae245147d58c317918f3a20dbf75c244838a7b265be12b0edacdedc94737?s=96&d=mm&r=g","contentUrl":"https:\/\/secure.gravatar.com\/avatar\/6256ae245147d58c317918f3a20dbf75c244838a7b265be12b0edacdedc94737?s=96&d=mm&r=g","caption":"Zulene Alves"},"sameAs":["https:\/\/zulenealves.com.br\/"],"url":"https:\/\/zulenealves.com.br\/index.php\/author\/zulene\/"}]}},"_links":{"self":[{"href":"https:\/\/zulenealves.com.br\/index.php\/wp-json\/wp\/v2\/posts\/51060","targetHints":{"allow":["GET"]}}],"collection":[{"href":"https:\/\/zulenealves.com.br\/index.php\/wp-json\/wp\/v2\/posts"}],"about":[{"href":"https:\/\/zulenealves.com.br\/index.php\/wp-json\/wp\/v2\/types\/post"}],"author":[{"embeddable":true,"href":"https:\/\/zulenealves.com.br\/index.php\/wp-json\/wp\/v2\/users\/2"}],"replies":[{"embeddable":true,"href":"https:\/\/zulenealves.com.br\/index.php\/wp-json\/wp\/v2\/comments?post=51060"}],"version-history":[{"count":2,"href":"https:\/\/zulenealves.com.br\/index.php\/wp-json\/wp\/v2\/posts\/51060\/revisions"}],"predecessor-version":[{"id":51069,"href":"https:\/\/zulenealves.com.br\/index.php\/wp-json\/wp\/v2\/posts\/51060\/revisions\/51069"}],"wp:attachment":[{"href":"https:\/\/zulenealves.com.br\/index.php\/wp-json\/wp\/v2\/media?parent=51060"}],"wp:term":[{"taxonomy":"category","embeddable":true,"href":"https:\/\/zulenealves.com.br\/index.php\/wp-json\/wp\/v2\/categories?post=51060"},{"taxonomy":"post_tag","embeddable":true,"href":"https:\/\/zulenealves.com.br\/index.php\/wp-json\/wp\/v2\/tags?post=51060"}],"curies":[{"name":"wp","href":"https:\/\/api.w.org\/{rel}","templated":true}]}}