{"id":51062,"date":"2026-08-18T05:28:23","date_gmt":"2026-08-18T08:28:23","guid":{"rendered":"https:\/\/zulenealves.com.br\/?p=51062"},"modified":"2026-08-18T05:28:27","modified_gmt":"2026-08-18T08:28:27","slug":"quaest-no-recorte-regional-lula-lidera-apenas-no-norte-e-no-nordeste-em-eventual-2o-turno-contra-flavio-bolsonaro","status":"publish","type":"post","link":"https:\/\/zulenealves.com.br\/index.php\/2026\/08\/18\/quaest-no-recorte-regional-lula-lidera-apenas-no-norte-e-no-nordeste-em-eventual-2o-turno-contra-flavio-bolsonaro\/","title":{"rendered":"Quaest: no recorte regional, Lula lidera apenas no Norte e no Nordeste, em eventual 2\u00ba turno contra Fl\u00e1vio Bolsonaro"},"content":{"rendered":"<p><img fetchpriority=\"high\" decoding=\"async\" class=\"aligncenter\" src=\"https:\/\/cdn.brasil61.com\/r\/400x250\/4y9Mie6W2Ww5h5i2LoH9df68.webp?q=70\" alt=\"Foto: F\u00e1bio Pozzebom\/Ag\u00eancia Brasil\" width=\"562\" height=\"351\" \/><\/p>\n<p style=\"text-align: justify;\">Segundo o recorte regional da pesquisa Quaest, encomendada pela Globo,<strong> Luiz In\u00e1cio Lula da Silva, do PT, lidera as inten\u00e7\u00f5es de voto nas regi\u00f5es Norte e Nordeste, em eventual 2\u00ba turno contra Fl\u00e1vio Bolsonaro, do PL, com 54% e 61%, respectivamente,<\/strong> ante 35% e 26% alcan\u00e7ados pelo candidato do PL. J\u00e1 no <strong>cen\u00e1rio geral,<\/strong> considerando todos os segmentos analisados, como escolaridade, cor, sexo, entre outros,<strong> Lula aparece com 43% das inten\u00e7\u00f5es de voto, ante 40% de Fl\u00e1vio.<\/strong><\/p>\n<p style=\"text-align: justify;\">Ainda seguindo a divis\u00e3o regional do eleitorado,<strong> Fl\u00e1vio Bolsonaro aparece \u00e0 frente em tr\u00eas regi\u00f5es.<\/strong> No Sul, marca 54% das inten\u00e7\u00f5es, contra 27% de Lula; no Sudeste, aparece com 44%, ante 36% do candidato do PT. J\u00e1 no Centro- Oeste, o senador marca 48% e Lula 29% das inten\u00e7\u00f5es de voto do eleitorado brasileiro.<\/p>\n<p style=\"text-align: justify;\">Conforme o portal G1.com, considerando os percentuais alcan\u00e7ados por Lula x Fl\u00e1vio no cen\u00e1rio geral de 2\u00ba turno \u2013 43% a 40%, respectivamente \u2013 e todos os segmentos analisados, h\u00e1 empate t\u00e9cnico entre os candidatos. A explica\u00e7\u00e3o \u00e9 de que a diferen\u00e7a de 3 pontos est\u00e1 dentro da margem de erro.<\/p>\n<p style=\"text-align: justify;\"><strong>Ainda em rela\u00e7\u00e3o ao balan\u00e7o nacional de 2\u00b0 turno testado, Lula tem 45% contra 34% de Romeu Zema (Novo), 44% contra 37% de Ronaldo Caiado (PSD) e 44% contra 36% de Renan Santos (Miss\u00e3o).<\/strong><\/p>\n<p style=\"text-align: justify;\"><strong>Cen\u00e1rios regionais<\/strong><\/p>\n<p style=\"text-align: justify;\"><strong>Um dos recortes analisados pela pesquisa para identificar a inten\u00e7\u00e3o de voto dos brasileiros considera os segmentos sociais, como faixa de renda, escolaridade, religi\u00e3o, idade e g\u00eanero dos eleitores. Al\u00e9m disso, a regi\u00e3o tamb\u00e9m \u00e9 considerada.<\/strong><\/p>\n<p style=\"text-align: justify;\">Para a pesquisa Quaest, encomendada pela Globo, <strong>Lula tamb\u00e9m foi testado contra Romeu Zema (Novo), Ronaldo Caiado (PSD) e Renan Santos (Miss\u00e3o).<\/strong><\/p>\n<p style=\"text-align: justify;\">Considerando o recorte regional para um eventual 2\u00b0 turno entre<strong> Lula e Ronaldo Caiado (PSD)<\/strong>, 62% dos respondentes da Regi\u00e3o Nordeste votaria no candidato petista, j\u00e1 24% em Caiado. Lula tamb\u00e9m lidera nas inten\u00e7\u00f5es de voto no Norte, com 57% ante 27% do advers\u00e1rio.<\/p>\n<p style=\"text-align: justify;\">Nas demais regi\u00f5es do pa\u00eds, o candidato do PSD aparece \u00e0 frente. Ele lidera entre os eleitores que participaram da pesquisa no Centro-Oeste, com 49% das inten\u00e7\u00f5es de voto, contra 31% de Lula; no Sudeste, com 40% das inten\u00e7\u00f5es ante 38% marcadas pelo candidato do PT; e tamb\u00e9m no Sul, onde marca 50%, ante 28% do petista.<\/p>\n<p style=\"text-align: justify;\">No cen\u00e1rio <strong>contra Romeu Zema (Novo) <\/strong>no 2\u00b0 turno das elei\u00e7\u00f5es, Lula mant\u00e9m vantagem regional no Nordeste, no Norte e no Centro-Oeste, segundo o recorte por segmentos sociais da Quaest. Al\u00e9m disso, os candidatos empatam com 39% das inten\u00e7\u00f5es de voto na Regi\u00e3o Sudeste. J\u00e1 na Regi\u00e3o Sul, Zema lidera.<\/p>\n<p style=\"text-align: justify;\"><strong>Confira o percentual por regi\u00e3o, considerando Lula X Romeu Zema:<\/strong><\/p>\n<ul style=\"text-align: justify;\">\n<li>Nordeste: petista registra 60% das inten\u00e7\u00f5es dos participantes ouvidos pela Quaest, contra 24% de Zema;<\/li>\n<li>Norte: Lula alcan\u00e7a 59%, ante 24% do candidato do Novo;<\/li>\n<li>Centro-Oeste: Lula aparece com 36%, ante 33% de Zema;<\/li>\n<li>Sudeste: empate de 39% das inten\u00e7\u00f5es de voto;<\/li>\n<li>Sul: Zema lidera, somando 42%, ante 32% de Lula.<\/li>\n<\/ul>\n<p style=\"text-align: justify;\">J\u00e1 em um eventual segundo turno <strong>contra Renan Santos (Novo)<\/strong>, o presidente Luiz In\u00e1cio Lula da Silva (PT) mant\u00e9m vantagem regional apenas no Nordeste e no Norte, conforme o recorte por segmentos sociais. No Nordeste, o petista registra 58% das inten\u00e7\u00f5es de voto, contra 28% de Renan Santos. J\u00e1 no Norte, Lula aparece com 56%, ante 29% do candidato do Novo.<\/p>\n<p style=\"text-align: justify;\">Renan Santos, por sua vez, lidera em tr\u00eas regi\u00f5es brasileiras. No Sudeste, Renan alcan\u00e7a 40%, ante 38% do candidato do PT. No Centro-Oeste, 38% contra 33% de Lula, e tem vantagem, ainda, no Sul, onde soma 46%, ante 30% do petista.<\/p>\n<p style=\"text-align: justify;\"><strong>Pesquisa Quaest\u00a0<\/strong><\/p>\n<p style=\"text-align: justify;\">Para a pesquisa, a Quaest entrevistou 2.004 eleitores de forma presencial em todo o pa\u00eds, entre os dias 10 e 13 de agosto.<\/p>\n<p style=\"text-align: justify;\">A margem de erro \u00e9 de 2 pontos percentuais para mais ou para menos. O n\u00edvel de confian\u00e7a \u00e9 de 95%. O n\u00famero de registro da pesquisa \u00e9 BR-06773\/2026.<\/p>\n<p style=\"text-align: justify;\"><strong>Fonte<\/strong>: Brasil 61<\/p>\n<div class=\"gsp_post_data\" \r\n\t            data-post_type=\"post\" \r\n\t            data-cat=\"sem-categoria\" \r\n\t            data-modified=\"120\"\r\n\t            data-created=\"1787030903\"\r\n\t            data-title=\"Quaest: no recorte regional, Lula lidera apenas no Norte e no Nordeste, em eventual 2\u00ba turno contra Fl\u00e1vio Bolsonaro\" \r\n\t            data-home=\"https:\/\/zulenealves.com.br\"><\/div>","protected":false},"excerpt":{"rendered":"<p>Segundo o recorte regional da pesquisa Quaest, encomendada pela Globo, Luiz In\u00e1cio Lula da Silva, do PT, lidera as inten\u00e7\u00f5es de voto nas regi\u00f5es Norte e Nordeste, em eventual 2\u00ba turno contra Fl\u00e1vio Bolsonaro, do PL, com 54% e 61%, respectivamente, ante 35% e 26% alcan\u00e7ados pelo candidato do PL. J\u00e1 no cen\u00e1rio geral, considerando &#8230; <\/p>\n<p class=\"read-more-container\"><a title=\"Quaest: no recorte regional, Lula lidera apenas no Norte e no Nordeste, em eventual 2\u00ba turno contra Fl\u00e1vio Bolsonaro\" class=\"read-more button\" href=\"https:\/\/zulenealves.com.br\/index.php\/2026\/08\/18\/quaest-no-recorte-regional-lula-lidera-apenas-no-norte-e-no-nordeste-em-eventual-2o-turno-contra-flavio-bolsonaro\/#more-51062\" aria-label=\"More on Quaest: no recorte regional, Lula lidera apenas no Norte e no Nordeste, em eventual 2\u00ba turno contra Fl\u00e1vio Bolsonaro\">Leia mais<\/a><\/p>\n","protected":false},"author":2,"featured_media":0,"comment_status":"closed","ping_status":"closed","sticky":false,"template":"","format":"standard","meta":{"footnotes":""},"categories":[1],"tags":[],"class_list":["post-51062","post","type-post","status-publish","format-standard","hentry","category-sem-categoria"],"yoast_head":"<!-- This site is optimized with the Yoast SEO plugin v28.4 - https:\/\/yoast.com\/product\/yoast-seo-wordpress\/ -->\n<title>Quaest: no recorte regional, Lula lidera apenas no Norte e no Nordeste, em eventual 2\u00ba turno contra Fl\u00e1vio Bolsonaro - Blog Zulene Alves<\/title>\n<meta name=\"robots\" content=\"index, follow, max-snippet:-1, max-image-preview:large, max-video-preview:-1\" \/>\n<link rel=\"canonical\" href=\"https:\/\/zulenealves.com.br\/index.php\/2026\/08\/18\/quaest-no-recorte-regional-lula-lidera-apenas-no-norte-e-no-nordeste-em-eventual-2o-turno-contra-flavio-bolsonaro\/\" \/>\n<meta property=\"og:locale\" content=\"pt_BR\" \/>\n<meta property=\"og:type\" content=\"article\" \/>\n<meta property=\"og:title\" content=\"Quaest: no recorte regional, Lula lidera apenas no Norte e no Nordeste, em eventual 2\u00ba turno contra Fl\u00e1vio Bolsonaro - Blog Zulene Alves\" \/>\n<meta property=\"og:description\" content=\"Segundo o recorte regional da pesquisa Quaest, encomendada pela Globo, Luiz In\u00e1cio Lula da Silva, do PT, lidera as inten\u00e7\u00f5es de voto nas regi\u00f5es Norte e Nordeste, em eventual 2\u00ba turno contra Fl\u00e1vio Bolsonaro, do PL, com 54% e 61%, respectivamente, ante 35% e 26% alcan\u00e7ados pelo candidato do PL. J\u00e1 no cen\u00e1rio geral, considerando ... Leia mais\" \/>\n<meta property=\"og:url\" content=\"https:\/\/zulenealves.com.br\/index.php\/2026\/08\/18\/quaest-no-recorte-regional-lula-lidera-apenas-no-norte-e-no-nordeste-em-eventual-2o-turno-contra-flavio-bolsonaro\/\" \/>\n<meta property=\"og:site_name\" content=\"Blog Zulene Alves\" \/>\n<meta property=\"article:published_time\" content=\"2026-08-18T08:28:23+00:00\" \/>\n<meta property=\"article:modified_time\" content=\"2026-08-18T08:28:27+00:00\" \/>\n<meta property=\"og:image\" content=\"https:\/\/cdn.brasil61.com\/r\/400x250\/4y9Mie6W2Ww5h5i2LoH9df68.webp?q=70\" \/>\n<meta name=\"author\" content=\"Zulene Alves\" \/>\n<meta name=\"twitter:card\" content=\"summary_large_image\" \/>\n<meta name=\"twitter:label1\" content=\"Escrito por\" \/>\n\t<meta name=\"twitter:data1\" content=\"Zulene Alves\" \/>\n\t<meta name=\"twitter:label2\" content=\"Est. tempo de leitura\" \/>\n\t<meta name=\"twitter:data2\" content=\"4 minutos\" \/>\n<script type=\"application\/ld+json\" class=\"yoast-schema-graph\">{\"@context\":\"https:\\\/\\\/schema.org\",\"@graph\":[{\"@type\":\"Article\",\"@id\":\"https:\\\/\\\/zulenealves.com.br\\\/index.php\\\/2026\\\/08\\\/18\\\/quaest-no-recorte-regional-lula-lidera-apenas-no-norte-e-no-nordeste-em-eventual-2o-turno-contra-flavio-bolsonaro\\\/#article\",\"isPartOf\":{\"@id\":\"https:\\\/\\\/zulenealves.com.br\\\/index.php\\\/2026\\\/08\\\/18\\\/quaest-no-recorte-regional-lula-lidera-apenas-no-norte-e-no-nordeste-em-eventual-2o-turno-contra-flavio-bolsonaro\\\/\"},\"author\":{\"name\":\"Zulene Alves\",\"@id\":\"https:\\\/\\\/zulenealves.com.br\\\/#\\\/schema\\\/person\\\/211b267042952b9d9062603ea5230577\"},\"headline\":\"Quaest: no recorte regional, Lula lidera apenas no Norte e no Nordeste, em eventual 2\u00ba turno contra Fl\u00e1vio Bolsonaro\",\"datePublished\":\"2026-08-18T08:28:23+00:00\",\"dateModified\":\"2026-08-18T08:28:27+00:00\",\"mainEntityOfPage\":{\"@id\":\"https:\\\/\\\/zulenealves.com.br\\\/index.php\\\/2026\\\/08\\\/18\\\/quaest-no-recorte-regional-lula-lidera-apenas-no-norte-e-no-nordeste-em-eventual-2o-turno-contra-flavio-bolsonaro\\\/\"},\"wordCount\":658,\"image\":{\"@id\":\"https:\\\/\\\/zulenealves.com.br\\\/index.php\\\/2026\\\/08\\\/18\\\/quaest-no-recorte-regional-lula-lidera-apenas-no-norte-e-no-nordeste-em-eventual-2o-turno-contra-flavio-bolsonaro\\\/#primaryimage\"},\"thumbnailUrl\":\"https:\\\/\\\/cdn.brasil61.com\\\/r\\\/400x250\\\/4y9Mie6W2Ww5h5i2LoH9df68.webp?q=70\",\"inLanguage\":\"pt-BR\"},{\"@type\":\"WebPage\",\"@id\":\"https:\\\/\\\/zulenealves.com.br\\\/index.php\\\/2026\\\/08\\\/18\\\/quaest-no-recorte-regional-lula-lidera-apenas-no-norte-e-no-nordeste-em-eventual-2o-turno-contra-flavio-bolsonaro\\\/\",\"url\":\"https:\\\/\\\/zulenealves.com.br\\\/index.php\\\/2026\\\/08\\\/18\\\/quaest-no-recorte-regional-lula-lidera-apenas-no-norte-e-no-nordeste-em-eventual-2o-turno-contra-flavio-bolsonaro\\\/\",\"name\":\"Quaest: no recorte regional, Lula lidera apenas no Norte e no Nordeste, em eventual 2\u00ba turno contra Fl\u00e1vio Bolsonaro - Blog Zulene Alves\",\"isPartOf\":{\"@id\":\"https:\\\/\\\/zulenealves.com.br\\\/#website\"},\"primaryImageOfPage\":{\"@id\":\"https:\\\/\\\/zulenealves.com.br\\\/index.php\\\/2026\\\/08\\\/18\\\/quaest-no-recorte-regional-lula-lidera-apenas-no-norte-e-no-nordeste-em-eventual-2o-turno-contra-flavio-bolsonaro\\\/#primaryimage\"},\"image\":{\"@id\":\"https:\\\/\\\/zulenealves.com.br\\\/index.php\\\/2026\\\/08\\\/18\\\/quaest-no-recorte-regional-lula-lidera-apenas-no-norte-e-no-nordeste-em-eventual-2o-turno-contra-flavio-bolsonaro\\\/#primaryimage\"},\"thumbnailUrl\":\"https:\\\/\\\/cdn.brasil61.com\\\/r\\\/400x250\\\/4y9Mie6W2Ww5h5i2LoH9df68.webp?q=70\",\"datePublished\":\"2026-08-18T08:28:23+00:00\",\"dateModified\":\"2026-08-18T08:28:27+00:00\",\"author\":{\"@id\":\"https:\\\/\\\/zulenealves.com.br\\\/#\\\/schema\\\/person\\\/211b267042952b9d9062603ea5230577\"},\"breadcrumb\":{\"@id\":\"https:\\\/\\\/zulenealves.com.br\\\/index.php\\\/2026\\\/08\\\/18\\\/quaest-no-recorte-regional-lula-lidera-apenas-no-norte-e-no-nordeste-em-eventual-2o-turno-contra-flavio-bolsonaro\\\/#breadcrumb\"},\"inLanguage\":\"pt-BR\",\"potentialAction\":[{\"@type\":\"ReadAction\",\"target\":[\"https:\\\/\\\/zulenealves.com.br\\\/index.php\\\/2026\\\/08\\\/18\\\/quaest-no-recorte-regional-lula-lidera-apenas-no-norte-e-no-nordeste-em-eventual-2o-turno-contra-flavio-bolsonaro\\\/\"]}]},{\"@type\":\"ImageObject\",\"inLanguage\":\"pt-BR\",\"@id\":\"https:\\\/\\\/zulenealves.com.br\\\/index.php\\\/2026\\\/08\\\/18\\\/quaest-no-recorte-regional-lula-lidera-apenas-no-norte-e-no-nordeste-em-eventual-2o-turno-contra-flavio-bolsonaro\\\/#primaryimage\",\"url\":\"https:\\\/\\\/cdn.brasil61.com\\\/r\\\/400x250\\\/4y9Mie6W2Ww5h5i2LoH9df68.webp?q=70\",\"contentUrl\":\"https:\\\/\\\/cdn.brasil61.com\\\/r\\\/400x250\\\/4y9Mie6W2Ww5h5i2LoH9df68.webp?q=70\"},{\"@type\":\"BreadcrumbList\",\"@id\":\"https:\\\/\\\/zulenealves.com.br\\\/index.php\\\/2026\\\/08\\\/18\\\/quaest-no-recorte-regional-lula-lidera-apenas-no-norte-e-no-nordeste-em-eventual-2o-turno-contra-flavio-bolsonaro\\\/#breadcrumb\",\"itemListElement\":[{\"@type\":\"ListItem\",\"position\":1,\"name\":\"In\u00edcio\",\"item\":\"https:\\\/\\\/zulenealves.com.br\\\/\"},{\"@type\":\"ListItem\",\"position\":2,\"name\":\"Quaest: no recorte regional, Lula lidera apenas no Norte e no Nordeste, em eventual 2\u00ba turno contra Fl\u00e1vio Bolsonaro\"}]},{\"@type\":\"WebSite\",\"@id\":\"https:\\\/\\\/zulenealves.com.br\\\/#website\",\"url\":\"https:\\\/\\\/zulenealves.com.br\\\/\",\"name\":\"Blog Zulene Alves\",\"description\":\"\",\"potentialAction\":[{\"@type\":\"SearchAction\",\"target\":{\"@type\":\"EntryPoint\",\"urlTemplate\":\"https:\\\/\\\/zulenealves.com.br\\\/?s={search_term_string}\"},\"query-input\":{\"@type\":\"PropertyValueSpecification\",\"valueRequired\":true,\"valueName\":\"search_term_string\"}}],\"inLanguage\":\"pt-BR\"},{\"@type\":\"Person\",\"@id\":\"https:\\\/\\\/zulenealves.com.br\\\/#\\\/schema\\\/person\\\/211b267042952b9d9062603ea5230577\",\"name\":\"Zulene Alves\",\"image\":{\"@type\":\"ImageObject\",\"inLanguage\":\"pt-BR\",\"@id\":\"https:\\\/\\\/secure.gravatar.com\\\/avatar\\\/6256ae245147d58c317918f3a20dbf75c244838a7b265be12b0edacdedc94737?s=96&d=mm&r=g\",\"url\":\"https:\\\/\\\/secure.gravatar.com\\\/avatar\\\/6256ae245147d58c317918f3a20dbf75c244838a7b265be12b0edacdedc94737?s=96&d=mm&r=g\",\"contentUrl\":\"https:\\\/\\\/secure.gravatar.com\\\/avatar\\\/6256ae245147d58c317918f3a20dbf75c244838a7b265be12b0edacdedc94737?s=96&d=mm&r=g\",\"caption\":\"Zulene Alves\"},\"sameAs\":[\"https:\\\/\\\/zulenealves.com.br\\\/\"],\"url\":\"https:\\\/\\\/zulenealves.com.br\\\/index.php\\\/author\\\/zulene\\\/\"}]}<\/script>\n<!-- \/ Yoast SEO plugin. -->","yoast_head_json":{"title":"Quaest: no recorte regional, Lula lidera apenas no Norte e no Nordeste, em eventual 2\u00ba turno contra Fl\u00e1vio Bolsonaro - Blog Zulene Alves","robots":{"index":"index","follow":"follow","max-snippet":"max-snippet:-1","max-image-preview":"max-image-preview:large","max-video-preview":"max-video-preview:-1"},"canonical":"https:\/\/zulenealves.com.br\/index.php\/2026\/08\/18\/quaest-no-recorte-regional-lula-lidera-apenas-no-norte-e-no-nordeste-em-eventual-2o-turno-contra-flavio-bolsonaro\/","og_locale":"pt_BR","og_type":"article","og_title":"Quaest: no recorte regional, Lula lidera apenas no Norte e no Nordeste, em eventual 2\u00ba turno contra Fl\u00e1vio Bolsonaro - Blog Zulene Alves","og_description":"Segundo o recorte regional da pesquisa Quaest, encomendada pela Globo, Luiz In\u00e1cio Lula da Silva, do PT, lidera as inten\u00e7\u00f5es de voto nas regi\u00f5es Norte e Nordeste, em eventual 2\u00ba turno contra Fl\u00e1vio Bolsonaro, do PL, com 54% e 61%, respectivamente, ante 35% e 26% alcan\u00e7ados pelo candidato do PL. J\u00e1 no cen\u00e1rio geral, considerando ... Leia mais","og_url":"https:\/\/zulenealves.com.br\/index.php\/2026\/08\/18\/quaest-no-recorte-regional-lula-lidera-apenas-no-norte-e-no-nordeste-em-eventual-2o-turno-contra-flavio-bolsonaro\/","og_site_name":"Blog Zulene Alves","article_published_time":"2026-08-18T08:28:23+00:00","article_modified_time":"2026-08-18T08:28:27+00:00","og_image":[{"url":"https:\/\/cdn.brasil61.com\/r\/400x250\/4y9Mie6W2Ww5h5i2LoH9df68.webp?q=70","type":"","width":"","height":""}],"author":"Zulene Alves","twitter_card":"summary_large_image","twitter_misc":{"Escrito por":"Zulene Alves","Est. tempo de leitura":"4 minutos"},"schema":{"@context":"https:\/\/schema.org","@graph":[{"@type":"Article","@id":"https:\/\/zulenealves.com.br\/index.php\/2026\/08\/18\/quaest-no-recorte-regional-lula-lidera-apenas-no-norte-e-no-nordeste-em-eventual-2o-turno-contra-flavio-bolsonaro\/#article","isPartOf":{"@id":"https:\/\/zulenealves.com.br\/index.php\/2026\/08\/18\/quaest-no-recorte-regional-lula-lidera-apenas-no-norte-e-no-nordeste-em-eventual-2o-turno-contra-flavio-bolsonaro\/"},"author":{"name":"Zulene Alves","@id":"https:\/\/zulenealves.com.br\/#\/schema\/person\/211b267042952b9d9062603ea5230577"},"headline":"Quaest: no recorte regional, Lula lidera apenas no Norte e no Nordeste, em eventual 2\u00ba turno contra Fl\u00e1vio Bolsonaro","datePublished":"2026-08-18T08:28:23+00:00","dateModified":"2026-08-18T08:28:27+00:00","mainEntityOfPage":{"@id":"https:\/\/zulenealves.com.br\/index.php\/2026\/08\/18\/quaest-no-recorte-regional-lula-lidera-apenas-no-norte-e-no-nordeste-em-eventual-2o-turno-contra-flavio-bolsonaro\/"},"wordCount":658,"image":{"@id":"https:\/\/zulenealves.com.br\/index.php\/2026\/08\/18\/quaest-no-recorte-regional-lula-lidera-apenas-no-norte-e-no-nordeste-em-eventual-2o-turno-contra-flavio-bolsonaro\/#primaryimage"},"thumbnailUrl":"https:\/\/cdn.brasil61.com\/r\/400x250\/4y9Mie6W2Ww5h5i2LoH9df68.webp?q=70","inLanguage":"pt-BR"},{"@type":"WebPage","@id":"https:\/\/zulenealves.com.br\/index.php\/2026\/08\/18\/quaest-no-recorte-regional-lula-lidera-apenas-no-norte-e-no-nordeste-em-eventual-2o-turno-contra-flavio-bolsonaro\/","url":"https:\/\/zulenealves.com.br\/index.php\/2026\/08\/18\/quaest-no-recorte-regional-lula-lidera-apenas-no-norte-e-no-nordeste-em-eventual-2o-turno-contra-flavio-bolsonaro\/","name":"Quaest: no recorte regional, Lula lidera apenas no Norte e no Nordeste, em eventual 2\u00ba turno contra Fl\u00e1vio Bolsonaro - Blog Zulene Alves","isPartOf":{"@id":"https:\/\/zulenealves.com.br\/#website"},"primaryImageOfPage":{"@id":"https:\/\/zulenealves.com.br\/index.php\/2026\/08\/18\/quaest-no-recorte-regional-lula-lidera-apenas-no-norte-e-no-nordeste-em-eventual-2o-turno-contra-flavio-bolsonaro\/#primaryimage"},"image":{"@id":"https:\/\/zulenealves.com.br\/index.php\/2026\/08\/18\/quaest-no-recorte-regional-lula-lidera-apenas-no-norte-e-no-nordeste-em-eventual-2o-turno-contra-flavio-bolsonaro\/#primaryimage"},"thumbnailUrl":"https:\/\/cdn.brasil61.com\/r\/400x250\/4y9Mie6W2Ww5h5i2LoH9df68.webp?q=70","datePublished":"2026-08-18T08:28:23+00:00","dateModified":"2026-08-18T08:28:27+00:00","author":{"@id":"https:\/\/zulenealves.com.br\/#\/schema\/person\/211b267042952b9d9062603ea5230577"},"breadcrumb":{"@id":"https:\/\/zulenealves.com.br\/index.php\/2026\/08\/18\/quaest-no-recorte-regional-lula-lidera-apenas-no-norte-e-no-nordeste-em-eventual-2o-turno-contra-flavio-bolsonaro\/#breadcrumb"},"inLanguage":"pt-BR","potentialAction":[{"@type":"ReadAction","target":["https:\/\/zulenealves.com.br\/index.php\/2026\/08\/18\/quaest-no-recorte-regional-lula-lidera-apenas-no-norte-e-no-nordeste-em-eventual-2o-turno-contra-flavio-bolsonaro\/"]}]},{"@type":"ImageObject","inLanguage":"pt-BR","@id":"https:\/\/zulenealves.com.br\/index.php\/2026\/08\/18\/quaest-no-recorte-regional-lula-lidera-apenas-no-norte-e-no-nordeste-em-eventual-2o-turno-contra-flavio-bolsonaro\/#primaryimage","url":"https:\/\/cdn.brasil61.com\/r\/400x250\/4y9Mie6W2Ww5h5i2LoH9df68.webp?q=70","contentUrl":"https:\/\/cdn.brasil61.com\/r\/400x250\/4y9Mie6W2Ww5h5i2LoH9df68.webp?q=70"},{"@type":"BreadcrumbList","@id":"https:\/\/zulenealves.com.br\/index.php\/2026\/08\/18\/quaest-no-recorte-regional-lula-lidera-apenas-no-norte-e-no-nordeste-em-eventual-2o-turno-contra-flavio-bolsonaro\/#breadcrumb","itemListElement":[{"@type":"ListItem","position":1,"name":"In\u00edcio","item":"https:\/\/zulenealves.com.br\/"},{"@type":"ListItem","position":2,"name":"Quaest: no recorte regional, Lula lidera apenas no Norte e no Nordeste, em eventual 2\u00ba turno contra Fl\u00e1vio Bolsonaro"}]},{"@type":"WebSite","@id":"https:\/\/zulenealves.com.br\/#website","url":"https:\/\/zulenealves.com.br\/","name":"Blog Zulene Alves","description":"","potentialAction":[{"@type":"SearchAction","target":{"@type":"EntryPoint","urlTemplate":"https:\/\/zulenealves.com.br\/?s={search_term_string}"},"query-input":{"@type":"PropertyValueSpecification","valueRequired":true,"valueName":"search_term_string"}}],"inLanguage":"pt-BR"},{"@type":"Person","@id":"https:\/\/zulenealves.com.br\/#\/schema\/person\/211b267042952b9d9062603ea5230577","name":"Zulene Alves","image":{"@type":"ImageObject","inLanguage":"pt-BR","@id":"https:\/\/secure.gravatar.com\/avatar\/6256ae245147d58c317918f3a20dbf75c244838a7b265be12b0edacdedc94737?s=96&d=mm&r=g","url":"https:\/\/secure.gravatar.com\/avatar\/6256ae245147d58c317918f3a20dbf75c244838a7b265be12b0edacdedc94737?s=96&d=mm&r=g","contentUrl":"https:\/\/secure.gravatar.com\/avatar\/6256ae245147d58c317918f3a20dbf75c244838a7b265be12b0edacdedc94737?s=96&d=mm&r=g","caption":"Zulene Alves"},"sameAs":["https:\/\/zulenealves.com.br\/"],"url":"https:\/\/zulenealves.com.br\/index.php\/author\/zulene\/"}]}},"_links":{"self":[{"href":"https:\/\/zulenealves.com.br\/index.php\/wp-json\/wp\/v2\/posts\/51062","targetHints":{"allow":["GET"]}}],"collection":[{"href":"https:\/\/zulenealves.com.br\/index.php\/wp-json\/wp\/v2\/posts"}],"about":[{"href":"https:\/\/zulenealves.com.br\/index.php\/wp-json\/wp\/v2\/types\/post"}],"author":[{"embeddable":true,"href":"https:\/\/zulenealves.com.br\/index.php\/wp-json\/wp\/v2\/users\/2"}],"replies":[{"embeddable":true,"href":"https:\/\/zulenealves.com.br\/index.php\/wp-json\/wp\/v2\/comments?post=51062"}],"version-history":[{"count":2,"href":"https:\/\/zulenealves.com.br\/index.php\/wp-json\/wp\/v2\/posts\/51062\/revisions"}],"predecessor-version":[{"id":51064,"href":"https:\/\/zulenealves.com.br\/index.php\/wp-json\/wp\/v2\/posts\/51062\/revisions\/51064"}],"wp:attachment":[{"href":"https:\/\/zulenealves.com.br\/index.php\/wp-json\/wp\/v2\/media?parent=51062"}],"wp:term":[{"taxonomy":"category","embeddable":true,"href":"https:\/\/zulenealves.com.br\/index.php\/wp-json\/wp\/v2\/categories?post=51062"},{"taxonomy":"post_tag","embeddable":true,"href":"https:\/\/zulenealves.com.br\/index.php\/wp-json\/wp\/v2\/tags?post=51062"}],"curies":[{"name":"wp","href":"https:\/\/api.w.org\/{rel}","templated":true}]}}