{"id":51065,"date":"2026-08-18T05:31:13","date_gmt":"2026-08-18T08:31:13","guid":{"rendered":"https:\/\/zulenealves.com.br\/?p=51065"},"modified":"2026-08-18T05:31:16","modified_gmt":"2026-08-18T08:31:16","slug":"humberto-costa-conquista-apoio-dos-prefeitos-de-jaqueira-e-gameleira-aliados-de-raquel-lyra","status":"publish","type":"post","link":"https:\/\/zulenealves.com.br\/index.php\/2026\/08\/18\/humberto-costa-conquista-apoio-dos-prefeitos-de-jaqueira-e-gameleira-aliados-de-raquel-lyra\/","title":{"rendered":"Humberto Costa conquista apoio dos prefeitos de Jaqueira e Gameleira, aliados de Raquel Lyra"},"content":{"rendered":"<p><img fetchpriority=\"high\" decoding=\"async\" class=\"aligncenter\" src=\"https:\/\/cdn.folhape.com.br\/img\/pc\/1100\/1\/dn_arquivo\/2026\/08\/humberto-e-prefeitos.jpg\" alt=\"Humberto Costa recebe apoio de prefeitos aliados de Raquel Lyra na corrida pelo Senado\" width=\"664\" height=\"275\" \/><\/p>\n<p style=\"text-align: justify;\">Os prefeitos Ridete Pellegrino (PSD), do munic\u00edpio de Jaqueira, e Dr. Leandro (PSD), de Gameleira, ambos na Zona da Mata Sul de Pernambuco, declararam apoio \u00e0 reelei\u00e7\u00e3o do senador Humberto Costa (PT), nesta segunda-feira (17), durante visita do parlamentar \u00e0 regi\u00e3o.<\/p>\n<p style=\"text-align: justify;\">Os prefeitos s\u00e3o correligion\u00e1rios da governadora Raquel Lyra (PSD), que tem como candidatos ao Senado os deputados federais Eduardo da Fonte (PP) e T\u00falio Gad\u00ealha (PSD).<\/p>\n<p style=\"text-align: justify;\" data-intext-processed=\"true\">\u201cReceber o apoio de Ridete Pellegrino e de Dr. Leandro no mesmo dia me deixa muito feliz e grato. S\u00e3o dois gestores que conhecem de perto as necessidades das suas cidades e sempre puderam contar com o nosso mandato. Estar ao lado deles nessa caminhada \u00e9 fundamental para que a gente siga levando sa\u00fade, infraestrutura e pol\u00edticas sociais para a Mata Sul\u201d, afirmou Humberto Costa ao anunciar as ades\u00f5es.<\/p>\n<p style=\"text-align: justify;\" data-intext-processed=\"true\">Na agenda pela regi\u00e3o, Humberto teve ainda um encontro com o prefeito de Terezinha, Arn\u00f3bio Gomes (Republicanos), e com o ex-prefeito de Jaqueira, Marivaldo Andrade (PT), que j\u00e1 tinham manifestado apoio \u00e0 reelei\u00e7\u00e3o do senador e refor\u00e7aram a parceria na caminhada.<\/p>\n<p style=\"text-align: justify;\" data-intext-processed=\"true\">*Com informa\u00e7\u00f5es da assessoria<\/p>\n<div class=\"gsp_post_data\" \r\n\t            data-post_type=\"post\" \r\n\t            data-cat=\"sem-categoria\" \r\n\t            data-modified=\"120\"\r\n\t            data-created=\"1787031073\"\r\n\t            data-title=\"Humberto Costa conquista apoio dos prefeitos de Jaqueira e Gameleira, aliados de Raquel Lyra\" \r\n\t            data-home=\"https:\/\/zulenealves.com.br\"><\/div>","protected":false},"excerpt":{"rendered":"<p>Os prefeitos Ridete Pellegrino (PSD), do munic\u00edpio de Jaqueira, e Dr. Leandro (PSD), de Gameleira, ambos na Zona da Mata Sul de Pernambuco, declararam apoio \u00e0 reelei\u00e7\u00e3o do senador Humberto Costa (PT), nesta segunda-feira (17), durante visita do parlamentar \u00e0 regi\u00e3o. Os prefeitos s\u00e3o correligion\u00e1rios da governadora Raquel Lyra (PSD), que tem como candidatos ao &#8230; <\/p>\n<p class=\"read-more-container\"><a title=\"Humberto Costa conquista apoio dos prefeitos de Jaqueira e Gameleira, aliados de Raquel Lyra\" class=\"read-more button\" href=\"https:\/\/zulenealves.com.br\/index.php\/2026\/08\/18\/humberto-costa-conquista-apoio-dos-prefeitos-de-jaqueira-e-gameleira-aliados-de-raquel-lyra\/#more-51065\" aria-label=\"More on Humberto Costa conquista apoio dos prefeitos de Jaqueira e Gameleira, aliados de Raquel Lyra\">Leia mais<\/a><\/p>\n","protected":false},"author":2,"featured_media":0,"comment_status":"closed","ping_status":"closed","sticky":false,"template":"","format":"standard","meta":{"footnotes":""},"categories":[1],"tags":[],"class_list":["post-51065","post","type-post","status-publish","format-standard","hentry","category-sem-categoria"],"yoast_head":"<!-- This site is optimized with the Yoast SEO plugin v28.4 - https:\/\/yoast.com\/product\/yoast-seo-wordpress\/ -->\n<title>Humberto Costa conquista apoio dos prefeitos de Jaqueira e Gameleira, aliados de Raquel Lyra - Blog Zulene Alves<\/title>\n<meta name=\"robots\" content=\"index, follow, max-snippet:-1, max-image-preview:large, max-video-preview:-1\" \/>\n<link rel=\"canonical\" href=\"https:\/\/zulenealves.com.br\/index.php\/2026\/08\/18\/humberto-costa-conquista-apoio-dos-prefeitos-de-jaqueira-e-gameleira-aliados-de-raquel-lyra\/\" \/>\n<meta property=\"og:locale\" content=\"pt_BR\" \/>\n<meta property=\"og:type\" content=\"article\" \/>\n<meta property=\"og:title\" content=\"Humberto Costa conquista apoio dos prefeitos de Jaqueira e Gameleira, aliados de Raquel Lyra - Blog Zulene Alves\" \/>\n<meta property=\"og:description\" content=\"Os prefeitos Ridete Pellegrino (PSD), do munic\u00edpio de Jaqueira, e Dr. Leandro (PSD), de Gameleira, ambos na Zona da Mata Sul de Pernambuco, declararam apoio \u00e0 reelei\u00e7\u00e3o do senador Humberto Costa (PT), nesta segunda-feira (17), durante visita do parlamentar \u00e0 regi\u00e3o. Os prefeitos s\u00e3o correligion\u00e1rios da governadora Raquel Lyra (PSD), que tem como candidatos ao ... Leia mais\" \/>\n<meta property=\"og:url\" content=\"https:\/\/zulenealves.com.br\/index.php\/2026\/08\/18\/humberto-costa-conquista-apoio-dos-prefeitos-de-jaqueira-e-gameleira-aliados-de-raquel-lyra\/\" \/>\n<meta property=\"og:site_name\" content=\"Blog Zulene Alves\" \/>\n<meta property=\"article:published_time\" content=\"2026-08-18T08:31:13+00:00\" \/>\n<meta property=\"article:modified_time\" content=\"2026-08-18T08:31:16+00:00\" \/>\n<meta property=\"og:image\" content=\"https:\/\/cdn.folhape.com.br\/img\/pc\/1100\/1\/dn_arquivo\/2026\/08\/humberto-e-prefeitos.jpg\" \/>\n<meta name=\"author\" content=\"Zulene Alves\" \/>\n<meta name=\"twitter:card\" content=\"summary_large_image\" \/>\n<meta name=\"twitter:label1\" content=\"Escrito por\" \/>\n\t<meta name=\"twitter:data1\" content=\"Zulene Alves\" \/>\n\t<meta name=\"twitter:label2\" content=\"Est. tempo de leitura\" \/>\n\t<meta name=\"twitter:data2\" content=\"2 minutos\" \/>\n<script type=\"application\/ld+json\" class=\"yoast-schema-graph\">{\"@context\":\"https:\\\/\\\/schema.org\",\"@graph\":[{\"@type\":\"Article\",\"@id\":\"https:\\\/\\\/zulenealves.com.br\\\/index.php\\\/2026\\\/08\\\/18\\\/humberto-costa-conquista-apoio-dos-prefeitos-de-jaqueira-e-gameleira-aliados-de-raquel-lyra\\\/#article\",\"isPartOf\":{\"@id\":\"https:\\\/\\\/zulenealves.com.br\\\/index.php\\\/2026\\\/08\\\/18\\\/humberto-costa-conquista-apoio-dos-prefeitos-de-jaqueira-e-gameleira-aliados-de-raquel-lyra\\\/\"},\"author\":{\"name\":\"Zulene Alves\",\"@id\":\"https:\\\/\\\/zulenealves.com.br\\\/#\\\/schema\\\/person\\\/211b267042952b9d9062603ea5230577\"},\"headline\":\"Humberto Costa conquista apoio dos prefeitos de Jaqueira e Gameleira, aliados de Raquel Lyra\",\"datePublished\":\"2026-08-18T08:31:13+00:00\",\"dateModified\":\"2026-08-18T08:31:16+00:00\",\"mainEntityOfPage\":{\"@id\":\"https:\\\/\\\/zulenealves.com.br\\\/index.php\\\/2026\\\/08\\\/18\\\/humberto-costa-conquista-apoio-dos-prefeitos-de-jaqueira-e-gameleira-aliados-de-raquel-lyra\\\/\"},\"wordCount\":206,\"image\":{\"@id\":\"https:\\\/\\\/zulenealves.com.br\\\/index.php\\\/2026\\\/08\\\/18\\\/humberto-costa-conquista-apoio-dos-prefeitos-de-jaqueira-e-gameleira-aliados-de-raquel-lyra\\\/#primaryimage\"},\"thumbnailUrl\":\"https:\\\/\\\/cdn.folhape.com.br\\\/img\\\/pc\\\/1100\\\/1\\\/dn_arquivo\\\/2026\\\/08\\\/humberto-e-prefeitos.jpg\",\"inLanguage\":\"pt-BR\"},{\"@type\":\"WebPage\",\"@id\":\"https:\\\/\\\/zulenealves.com.br\\\/index.php\\\/2026\\\/08\\\/18\\\/humberto-costa-conquista-apoio-dos-prefeitos-de-jaqueira-e-gameleira-aliados-de-raquel-lyra\\\/\",\"url\":\"https:\\\/\\\/zulenealves.com.br\\\/index.php\\\/2026\\\/08\\\/18\\\/humberto-costa-conquista-apoio-dos-prefeitos-de-jaqueira-e-gameleira-aliados-de-raquel-lyra\\\/\",\"name\":\"Humberto Costa conquista apoio dos prefeitos de Jaqueira e Gameleira, aliados de Raquel Lyra - Blog Zulene Alves\",\"isPartOf\":{\"@id\":\"https:\\\/\\\/zulenealves.com.br\\\/#website\"},\"primaryImageOfPage\":{\"@id\":\"https:\\\/\\\/zulenealves.com.br\\\/index.php\\\/2026\\\/08\\\/18\\\/humberto-costa-conquista-apoio-dos-prefeitos-de-jaqueira-e-gameleira-aliados-de-raquel-lyra\\\/#primaryimage\"},\"image\":{\"@id\":\"https:\\\/\\\/zulenealves.com.br\\\/index.php\\\/2026\\\/08\\\/18\\\/humberto-costa-conquista-apoio-dos-prefeitos-de-jaqueira-e-gameleira-aliados-de-raquel-lyra\\\/#primaryimage\"},\"thumbnailUrl\":\"https:\\\/\\\/cdn.folhape.com.br\\\/img\\\/pc\\\/1100\\\/1\\\/dn_arquivo\\\/2026\\\/08\\\/humberto-e-prefeitos.jpg\",\"datePublished\":\"2026-08-18T08:31:13+00:00\",\"dateModified\":\"2026-08-18T08:31:16+00:00\",\"author\":{\"@id\":\"https:\\\/\\\/zulenealves.com.br\\\/#\\\/schema\\\/person\\\/211b267042952b9d9062603ea5230577\"},\"breadcrumb\":{\"@id\":\"https:\\\/\\\/zulenealves.com.br\\\/index.php\\\/2026\\\/08\\\/18\\\/humberto-costa-conquista-apoio-dos-prefeitos-de-jaqueira-e-gameleira-aliados-de-raquel-lyra\\\/#breadcrumb\"},\"inLanguage\":\"pt-BR\",\"potentialAction\":[{\"@type\":\"ReadAction\",\"target\":[\"https:\\\/\\\/zulenealves.com.br\\\/index.php\\\/2026\\\/08\\\/18\\\/humberto-costa-conquista-apoio-dos-prefeitos-de-jaqueira-e-gameleira-aliados-de-raquel-lyra\\\/\"]}]},{\"@type\":\"ImageObject\",\"inLanguage\":\"pt-BR\",\"@id\":\"https:\\\/\\\/zulenealves.com.br\\\/index.php\\\/2026\\\/08\\\/18\\\/humberto-costa-conquista-apoio-dos-prefeitos-de-jaqueira-e-gameleira-aliados-de-raquel-lyra\\\/#primaryimage\",\"url\":\"https:\\\/\\\/cdn.folhape.com.br\\\/img\\\/pc\\\/1100\\\/1\\\/dn_arquivo\\\/2026\\\/08\\\/humberto-e-prefeitos.jpg\",\"contentUrl\":\"https:\\\/\\\/cdn.folhape.com.br\\\/img\\\/pc\\\/1100\\\/1\\\/dn_arquivo\\\/2026\\\/08\\\/humberto-e-prefeitos.jpg\"},{\"@type\":\"BreadcrumbList\",\"@id\":\"https:\\\/\\\/zulenealves.com.br\\\/index.php\\\/2026\\\/08\\\/18\\\/humberto-costa-conquista-apoio-dos-prefeitos-de-jaqueira-e-gameleira-aliados-de-raquel-lyra\\\/#breadcrumb\",\"itemListElement\":[{\"@type\":\"ListItem\",\"position\":1,\"name\":\"In\u00edcio\",\"item\":\"https:\\\/\\\/zulenealves.com.br\\\/\"},{\"@type\":\"ListItem\",\"position\":2,\"name\":\"Humberto Costa conquista apoio dos prefeitos de Jaqueira e Gameleira, aliados de Raquel Lyra\"}]},{\"@type\":\"WebSite\",\"@id\":\"https:\\\/\\\/zulenealves.com.br\\\/#website\",\"url\":\"https:\\\/\\\/zulenealves.com.br\\\/\",\"name\":\"Blog Zulene Alves\",\"description\":\"\",\"potentialAction\":[{\"@type\":\"SearchAction\",\"target\":{\"@type\":\"EntryPoint\",\"urlTemplate\":\"https:\\\/\\\/zulenealves.com.br\\\/?s={search_term_string}\"},\"query-input\":{\"@type\":\"PropertyValueSpecification\",\"valueRequired\":true,\"valueName\":\"search_term_string\"}}],\"inLanguage\":\"pt-BR\"},{\"@type\":\"Person\",\"@id\":\"https:\\\/\\\/zulenealves.com.br\\\/#\\\/schema\\\/person\\\/211b267042952b9d9062603ea5230577\",\"name\":\"Zulene Alves\",\"image\":{\"@type\":\"ImageObject\",\"inLanguage\":\"pt-BR\",\"@id\":\"https:\\\/\\\/secure.gravatar.com\\\/avatar\\\/6256ae245147d58c317918f3a20dbf75c244838a7b265be12b0edacdedc94737?s=96&d=mm&r=g\",\"url\":\"https:\\\/\\\/secure.gravatar.com\\\/avatar\\\/6256ae245147d58c317918f3a20dbf75c244838a7b265be12b0edacdedc94737?s=96&d=mm&r=g\",\"contentUrl\":\"https:\\\/\\\/secure.gravatar.com\\\/avatar\\\/6256ae245147d58c317918f3a20dbf75c244838a7b265be12b0edacdedc94737?s=96&d=mm&r=g\",\"caption\":\"Zulene Alves\"},\"sameAs\":[\"https:\\\/\\\/zulenealves.com.br\\\/\"],\"url\":\"https:\\\/\\\/zulenealves.com.br\\\/index.php\\\/author\\\/zulene\\\/\"}]}<\/script>\n<!-- \/ Yoast SEO plugin. -->","yoast_head_json":{"title":"Humberto Costa conquista apoio dos prefeitos de Jaqueira e Gameleira, aliados de Raquel Lyra - Blog Zulene Alves","robots":{"index":"index","follow":"follow","max-snippet":"max-snippet:-1","max-image-preview":"max-image-preview:large","max-video-preview":"max-video-preview:-1"},"canonical":"https:\/\/zulenealves.com.br\/index.php\/2026\/08\/18\/humberto-costa-conquista-apoio-dos-prefeitos-de-jaqueira-e-gameleira-aliados-de-raquel-lyra\/","og_locale":"pt_BR","og_type":"article","og_title":"Humberto Costa conquista apoio dos prefeitos de Jaqueira e Gameleira, aliados de Raquel Lyra - Blog Zulene Alves","og_description":"Os prefeitos Ridete Pellegrino (PSD), do munic\u00edpio de Jaqueira, e Dr. Leandro (PSD), de Gameleira, ambos na Zona da Mata Sul de Pernambuco, declararam apoio \u00e0 reelei\u00e7\u00e3o do senador Humberto Costa (PT), nesta segunda-feira (17), durante visita do parlamentar \u00e0 regi\u00e3o. Os prefeitos s\u00e3o correligion\u00e1rios da governadora Raquel Lyra (PSD), que tem como candidatos ao ... Leia mais","og_url":"https:\/\/zulenealves.com.br\/index.php\/2026\/08\/18\/humberto-costa-conquista-apoio-dos-prefeitos-de-jaqueira-e-gameleira-aliados-de-raquel-lyra\/","og_site_name":"Blog Zulene Alves","article_published_time":"2026-08-18T08:31:13+00:00","article_modified_time":"2026-08-18T08:31:16+00:00","og_image":[{"url":"https:\/\/cdn.folhape.com.br\/img\/pc\/1100\/1\/dn_arquivo\/2026\/08\/humberto-e-prefeitos.jpg","type":"","width":"","height":""}],"author":"Zulene Alves","twitter_card":"summary_large_image","twitter_misc":{"Escrito por":"Zulene Alves","Est. tempo de leitura":"2 minutos"},"schema":{"@context":"https:\/\/schema.org","@graph":[{"@type":"Article","@id":"https:\/\/zulenealves.com.br\/index.php\/2026\/08\/18\/humberto-costa-conquista-apoio-dos-prefeitos-de-jaqueira-e-gameleira-aliados-de-raquel-lyra\/#article","isPartOf":{"@id":"https:\/\/zulenealves.com.br\/index.php\/2026\/08\/18\/humberto-costa-conquista-apoio-dos-prefeitos-de-jaqueira-e-gameleira-aliados-de-raquel-lyra\/"},"author":{"name":"Zulene Alves","@id":"https:\/\/zulenealves.com.br\/#\/schema\/person\/211b267042952b9d9062603ea5230577"},"headline":"Humberto Costa conquista apoio dos prefeitos de Jaqueira e Gameleira, aliados de Raquel Lyra","datePublished":"2026-08-18T08:31:13+00:00","dateModified":"2026-08-18T08:31:16+00:00","mainEntityOfPage":{"@id":"https:\/\/zulenealves.com.br\/index.php\/2026\/08\/18\/humberto-costa-conquista-apoio-dos-prefeitos-de-jaqueira-e-gameleira-aliados-de-raquel-lyra\/"},"wordCount":206,"image":{"@id":"https:\/\/zulenealves.com.br\/index.php\/2026\/08\/18\/humberto-costa-conquista-apoio-dos-prefeitos-de-jaqueira-e-gameleira-aliados-de-raquel-lyra\/#primaryimage"},"thumbnailUrl":"https:\/\/cdn.folhape.com.br\/img\/pc\/1100\/1\/dn_arquivo\/2026\/08\/humberto-e-prefeitos.jpg","inLanguage":"pt-BR"},{"@type":"WebPage","@id":"https:\/\/zulenealves.com.br\/index.php\/2026\/08\/18\/humberto-costa-conquista-apoio-dos-prefeitos-de-jaqueira-e-gameleira-aliados-de-raquel-lyra\/","url":"https:\/\/zulenealves.com.br\/index.php\/2026\/08\/18\/humberto-costa-conquista-apoio-dos-prefeitos-de-jaqueira-e-gameleira-aliados-de-raquel-lyra\/","name":"Humberto Costa conquista apoio dos prefeitos de Jaqueira e Gameleira, aliados de Raquel Lyra - Blog Zulene Alves","isPartOf":{"@id":"https:\/\/zulenealves.com.br\/#website"},"primaryImageOfPage":{"@id":"https:\/\/zulenealves.com.br\/index.php\/2026\/08\/18\/humberto-costa-conquista-apoio-dos-prefeitos-de-jaqueira-e-gameleira-aliados-de-raquel-lyra\/#primaryimage"},"image":{"@id":"https:\/\/zulenealves.com.br\/index.php\/2026\/08\/18\/humberto-costa-conquista-apoio-dos-prefeitos-de-jaqueira-e-gameleira-aliados-de-raquel-lyra\/#primaryimage"},"thumbnailUrl":"https:\/\/cdn.folhape.com.br\/img\/pc\/1100\/1\/dn_arquivo\/2026\/08\/humberto-e-prefeitos.jpg","datePublished":"2026-08-18T08:31:13+00:00","dateModified":"2026-08-18T08:31:16+00:00","author":{"@id":"https:\/\/zulenealves.com.br\/#\/schema\/person\/211b267042952b9d9062603ea5230577"},"breadcrumb":{"@id":"https:\/\/zulenealves.com.br\/index.php\/2026\/08\/18\/humberto-costa-conquista-apoio-dos-prefeitos-de-jaqueira-e-gameleira-aliados-de-raquel-lyra\/#breadcrumb"},"inLanguage":"pt-BR","potentialAction":[{"@type":"ReadAction","target":["https:\/\/zulenealves.com.br\/index.php\/2026\/08\/18\/humberto-costa-conquista-apoio-dos-prefeitos-de-jaqueira-e-gameleira-aliados-de-raquel-lyra\/"]}]},{"@type":"ImageObject","inLanguage":"pt-BR","@id":"https:\/\/zulenealves.com.br\/index.php\/2026\/08\/18\/humberto-costa-conquista-apoio-dos-prefeitos-de-jaqueira-e-gameleira-aliados-de-raquel-lyra\/#primaryimage","url":"https:\/\/cdn.folhape.com.br\/img\/pc\/1100\/1\/dn_arquivo\/2026\/08\/humberto-e-prefeitos.jpg","contentUrl":"https:\/\/cdn.folhape.com.br\/img\/pc\/1100\/1\/dn_arquivo\/2026\/08\/humberto-e-prefeitos.jpg"},{"@type":"BreadcrumbList","@id":"https:\/\/zulenealves.com.br\/index.php\/2026\/08\/18\/humberto-costa-conquista-apoio-dos-prefeitos-de-jaqueira-e-gameleira-aliados-de-raquel-lyra\/#breadcrumb","itemListElement":[{"@type":"ListItem","position":1,"name":"In\u00edcio","item":"https:\/\/zulenealves.com.br\/"},{"@type":"ListItem","position":2,"name":"Humberto Costa conquista apoio dos prefeitos de Jaqueira e Gameleira, aliados de Raquel Lyra"}]},{"@type":"WebSite","@id":"https:\/\/zulenealves.com.br\/#website","url":"https:\/\/zulenealves.com.br\/","name":"Blog Zulene Alves","description":"","potentialAction":[{"@type":"SearchAction","target":{"@type":"EntryPoint","urlTemplate":"https:\/\/zulenealves.com.br\/?s={search_term_string}"},"query-input":{"@type":"PropertyValueSpecification","valueRequired":true,"valueName":"search_term_string"}}],"inLanguage":"pt-BR"},{"@type":"Person","@id":"https:\/\/zulenealves.com.br\/#\/schema\/person\/211b267042952b9d9062603ea5230577","name":"Zulene Alves","image":{"@type":"ImageObject","inLanguage":"pt-BR","@id":"https:\/\/secure.gravatar.com\/avatar\/6256ae245147d58c317918f3a20dbf75c244838a7b265be12b0edacdedc94737?s=96&d=mm&r=g","url":"https:\/\/secure.gravatar.com\/avatar\/6256ae245147d58c317918f3a20dbf75c244838a7b265be12b0edacdedc94737?s=96&d=mm&r=g","contentUrl":"https:\/\/secure.gravatar.com\/avatar\/6256ae245147d58c317918f3a20dbf75c244838a7b265be12b0edacdedc94737?s=96&d=mm&r=g","caption":"Zulene Alves"},"sameAs":["https:\/\/zulenealves.com.br\/"],"url":"https:\/\/zulenealves.com.br\/index.php\/author\/zulene\/"}]}},"_links":{"self":[{"href":"https:\/\/zulenealves.com.br\/index.php\/wp-json\/wp\/v2\/posts\/51065","targetHints":{"allow":["GET"]}}],"collection":[{"href":"https:\/\/zulenealves.com.br\/index.php\/wp-json\/wp\/v2\/posts"}],"about":[{"href":"https:\/\/zulenealves.com.br\/index.php\/wp-json\/wp\/v2\/types\/post"}],"author":[{"embeddable":true,"href":"https:\/\/zulenealves.com.br\/index.php\/wp-json\/wp\/v2\/users\/2"}],"replies":[{"embeddable":true,"href":"https:\/\/zulenealves.com.br\/index.php\/wp-json\/wp\/v2\/comments?post=51065"}],"version-history":[{"count":1,"href":"https:\/\/zulenealves.com.br\/index.php\/wp-json\/wp\/v2\/posts\/51065\/revisions"}],"predecessor-version":[{"id":51066,"href":"https:\/\/zulenealves.com.br\/index.php\/wp-json\/wp\/v2\/posts\/51065\/revisions\/51066"}],"wp:attachment":[{"href":"https:\/\/zulenealves.com.br\/index.php\/wp-json\/wp\/v2\/media?parent=51065"}],"wp:term":[{"taxonomy":"category","embeddable":true,"href":"https:\/\/zulenealves.com.br\/index.php\/wp-json\/wp\/v2\/categories?post=51065"},{"taxonomy":"post_tag","embeddable":true,"href":"https:\/\/zulenealves.com.br\/index.php\/wp-json\/wp\/v2\/tags?post=51065"}],"curies":[{"name":"wp","href":"https:\/\/api.w.org\/{rel}","templated":true}]}}