{"id":51067,"date":"2026-08-18T00:32:40","date_gmt":"2026-08-18T03:32:40","guid":{"rendered":"https:\/\/zulenealves.com.br\/?p=51067"},"modified":"2026-08-18T05:34:26","modified_gmt":"2026-08-18T08:34:26","slug":"em-discurso-de-campanha-raquel-lyra-fala-em-trazer-presidente-lula-para-perto-da-gestao","status":"publish","type":"post","link":"https:\/\/zulenealves.com.br\/index.php\/2026\/08\/18\/em-discurso-de-campanha-raquel-lyra-fala-em-trazer-presidente-lula-para-perto-da-gestao\/","title":{"rendered":"Em discurso de campanha, Raquel Lyra fala em trazer presidente Lula para perto da gest\u00e3o"},"content":{"rendered":"<p><img fetchpriority=\"high\" decoding=\"async\" class=\"aligncenter\" src=\"https:\/\/cdn.folhape.com.br\/img\/pc\/1100\/1\/dn_arquivo\/2026\/08\/whatsapp-image-2026-08-17-at-210816.jpeg\" alt=\"Porta a porta da governadora Raquel Lyra em Jardim S\u00e3o Paulo\" width=\"501\" height=\"334\" \/>Por<strong>\u00a0Anthony Santana<\/strong><\/p>\n<p style=\"text-align: justify;\">A governadora e candidata \u00e0 reelei\u00e7\u00e3o fez refer\u00eancia ao presidente Luiz In\u00e1cio Lula da Silva (PT) e prometeu trazer o petista para perto em uma poss\u00edvel nova gest\u00e3o. A declara\u00e7\u00e3o foi feita durante o discurso da gestora em campanha porta a porta, no bairro de Jardim S\u00e3o Paulo, Zona Oeste do Recife.<\/p>\n<p style=\"text-align: justify;\">A fala de Raquel Lyra ocorre no mesmo dia em que o principal candidato da oposi\u00e7\u00e3o, o ex-prefeito do Recife Jo\u00e3o Campos (PSB), divulgou v\u00eddeo nas redes sociais ao lado do presidente.<br \/>\nRaquel Lyra lembrou as parcerias com o governo federal e afirmou que, caso eleita para um novo mandato, vai priorizar a busca por novos investimentos junto \u00e0 Uni\u00e3o.<\/p>\n<p style=\"text-align: justify;\">\u201cTr\u00eas anos e meio \u00e9 pouco porque a gente precisou arrumar a casa, fazer projeto, buscar dinheiro e a gente agora vai conseguir fazer mais parceria, trazer o governo federal e o presidente Lula para c\u00e1, porque a gente quer mais. Sabemos que \u00e9 imposs\u00edvel garantir investimento que resolva todos os problemas em tr\u00eas anos e meio\u201d, enfatizou.<\/p>\n<p>Tamb\u00e9m no discurso, a governadora agradeceu aos integrantes do Partido Verde presentes no ato de campanha. A legenda faz parte da Federa\u00e7\u00e3o Brasil da Esperan\u00e7a, que re\u00fane tamb\u00e9m o PCdoB e o PT, partido do presidente Lula, que formou alian\u00e7a de apoio \u00e0 candidatura de Jo\u00e3o Campos ao governo do estado.<\/p>\n<p>Liderado pelo deputado federal Clodoaldo Magalh\u00e3es, que se fez presente na caminhada por Jardim S\u00e3o Paulo, parte do partido decidiu apoiar \u00e0 reelei\u00e7\u00e3o da governadora Raquel Lyra.<\/p>\n<div class=\"gsp_post_data\" \r\n\t            data-post_type=\"post\" \r\n\t            data-cat=\"sem-categoria\" \r\n\t            data-modified=\"120\"\r\n\t            data-created=\"1787013160\"\r\n\t            data-title=\"Em discurso de campanha, Raquel Lyra fala em trazer presidente Lula para perto da gest\u00e3o\" \r\n\t            data-home=\"https:\/\/zulenealves.com.br\"><\/div>","protected":false},"excerpt":{"rendered":"<p>Por\u00a0Anthony Santana A governadora e candidata \u00e0 reelei\u00e7\u00e3o fez refer\u00eancia ao presidente Luiz In\u00e1cio Lula da Silva (PT) e prometeu trazer o petista para perto em uma poss\u00edvel nova gest\u00e3o. A declara\u00e7\u00e3o foi feita durante o discurso da gestora em campanha porta a porta, no bairro de Jardim S\u00e3o Paulo, Zona Oeste do Recife. A &#8230; <\/p>\n<p class=\"read-more-container\"><a title=\"Em discurso de campanha, Raquel Lyra fala em trazer presidente Lula para perto da gest\u00e3o\" class=\"read-more button\" href=\"https:\/\/zulenealves.com.br\/index.php\/2026\/08\/18\/em-discurso-de-campanha-raquel-lyra-fala-em-trazer-presidente-lula-para-perto-da-gestao\/#more-51067\" aria-label=\"More on Em discurso de campanha, Raquel Lyra fala em trazer presidente Lula para perto da gest\u00e3o\">Leia mais<\/a><\/p>\n","protected":false},"author":2,"featured_media":0,"comment_status":"closed","ping_status":"closed","sticky":false,"template":"","format":"standard","meta":{"footnotes":""},"categories":[1],"tags":[],"class_list":["post-51067","post","type-post","status-publish","format-standard","hentry","category-sem-categoria"],"yoast_head":"<!-- This site is optimized with the Yoast SEO plugin v28.4 - https:\/\/yoast.com\/product\/yoast-seo-wordpress\/ -->\n<title>Em discurso de campanha, Raquel Lyra fala em trazer presidente Lula para perto da gest\u00e3o - Blog Zulene Alves<\/title>\n<meta name=\"robots\" content=\"index, follow, max-snippet:-1, max-image-preview:large, max-video-preview:-1\" \/>\n<link rel=\"canonical\" href=\"https:\/\/zulenealves.com.br\/index.php\/2026\/08\/18\/em-discurso-de-campanha-raquel-lyra-fala-em-trazer-presidente-lula-para-perto-da-gestao\/\" \/>\n<meta property=\"og:locale\" content=\"pt_BR\" \/>\n<meta property=\"og:type\" content=\"article\" \/>\n<meta property=\"og:title\" content=\"Em discurso de campanha, Raquel Lyra fala em trazer presidente Lula para perto da gest\u00e3o - Blog Zulene Alves\" \/>\n<meta property=\"og:description\" content=\"Por\u00a0Anthony Santana A governadora e candidata \u00e0 reelei\u00e7\u00e3o fez refer\u00eancia ao presidente Luiz In\u00e1cio Lula da Silva (PT) e prometeu trazer o petista para perto em uma poss\u00edvel nova gest\u00e3o. A declara\u00e7\u00e3o foi feita durante o discurso da gestora em campanha porta a porta, no bairro de Jardim S\u00e3o Paulo, Zona Oeste do Recife. A ... Leia mais\" \/>\n<meta property=\"og:url\" content=\"https:\/\/zulenealves.com.br\/index.php\/2026\/08\/18\/em-discurso-de-campanha-raquel-lyra-fala-em-trazer-presidente-lula-para-perto-da-gestao\/\" \/>\n<meta property=\"og:site_name\" content=\"Blog Zulene Alves\" \/>\n<meta property=\"article:published_time\" content=\"2026-08-18T03:32:40+00:00\" \/>\n<meta property=\"article:modified_time\" content=\"2026-08-18T08:34:26+00:00\" \/>\n<meta property=\"og:image\" content=\"https:\/\/cdn.folhape.com.br\/img\/pc\/1100\/1\/dn_arquivo\/2026\/08\/whatsapp-image-2026-08-17-at-210816.jpeg\" \/>\n<meta name=\"author\" content=\"Zulene Alves\" \/>\n<meta name=\"twitter:card\" content=\"summary_large_image\" \/>\n<meta name=\"twitter:label1\" content=\"Escrito por\" \/>\n\t<meta name=\"twitter:data1\" content=\"Zulene Alves\" \/>\n\t<meta name=\"twitter:label2\" content=\"Est. tempo de leitura\" \/>\n\t<meta name=\"twitter:data2\" content=\"2 minutos\" \/>\n<script type=\"application\/ld+json\" class=\"yoast-schema-graph\">{\"@context\":\"https:\\\/\\\/schema.org\",\"@graph\":[{\"@type\":\"Article\",\"@id\":\"https:\\\/\\\/zulenealves.com.br\\\/index.php\\\/2026\\\/08\\\/18\\\/em-discurso-de-campanha-raquel-lyra-fala-em-trazer-presidente-lula-para-perto-da-gestao\\\/#article\",\"isPartOf\":{\"@id\":\"https:\\\/\\\/zulenealves.com.br\\\/index.php\\\/2026\\\/08\\\/18\\\/em-discurso-de-campanha-raquel-lyra-fala-em-trazer-presidente-lula-para-perto-da-gestao\\\/\"},\"author\":{\"name\":\"Zulene Alves\",\"@id\":\"https:\\\/\\\/zulenealves.com.br\\\/#\\\/schema\\\/person\\\/211b267042952b9d9062603ea5230577\"},\"headline\":\"Em discurso de campanha, Raquel Lyra fala em trazer presidente Lula para perto da gest\u00e3o\",\"datePublished\":\"2026-08-18T03:32:40+00:00\",\"dateModified\":\"2026-08-18T08:34:26+00:00\",\"mainEntityOfPage\":{\"@id\":\"https:\\\/\\\/zulenealves.com.br\\\/index.php\\\/2026\\\/08\\\/18\\\/em-discurso-de-campanha-raquel-lyra-fala-em-trazer-presidente-lula-para-perto-da-gestao\\\/\"},\"wordCount\":285,\"image\":{\"@id\":\"https:\\\/\\\/zulenealves.com.br\\\/index.php\\\/2026\\\/08\\\/18\\\/em-discurso-de-campanha-raquel-lyra-fala-em-trazer-presidente-lula-para-perto-da-gestao\\\/#primaryimage\"},\"thumbnailUrl\":\"https:\\\/\\\/cdn.folhape.com.br\\\/img\\\/pc\\\/1100\\\/1\\\/dn_arquivo\\\/2026\\\/08\\\/whatsapp-image-2026-08-17-at-210816.jpeg\",\"inLanguage\":\"pt-BR\"},{\"@type\":\"WebPage\",\"@id\":\"https:\\\/\\\/zulenealves.com.br\\\/index.php\\\/2026\\\/08\\\/18\\\/em-discurso-de-campanha-raquel-lyra-fala-em-trazer-presidente-lula-para-perto-da-gestao\\\/\",\"url\":\"https:\\\/\\\/zulenealves.com.br\\\/index.php\\\/2026\\\/08\\\/18\\\/em-discurso-de-campanha-raquel-lyra-fala-em-trazer-presidente-lula-para-perto-da-gestao\\\/\",\"name\":\"Em discurso de campanha, Raquel Lyra fala em trazer presidente Lula para perto da gest\u00e3o - Blog Zulene Alves\",\"isPartOf\":{\"@id\":\"https:\\\/\\\/zulenealves.com.br\\\/#website\"},\"primaryImageOfPage\":{\"@id\":\"https:\\\/\\\/zulenealves.com.br\\\/index.php\\\/2026\\\/08\\\/18\\\/em-discurso-de-campanha-raquel-lyra-fala-em-trazer-presidente-lula-para-perto-da-gestao\\\/#primaryimage\"},\"image\":{\"@id\":\"https:\\\/\\\/zulenealves.com.br\\\/index.php\\\/2026\\\/08\\\/18\\\/em-discurso-de-campanha-raquel-lyra-fala-em-trazer-presidente-lula-para-perto-da-gestao\\\/#primaryimage\"},\"thumbnailUrl\":\"https:\\\/\\\/cdn.folhape.com.br\\\/img\\\/pc\\\/1100\\\/1\\\/dn_arquivo\\\/2026\\\/08\\\/whatsapp-image-2026-08-17-at-210816.jpeg\",\"datePublished\":\"2026-08-18T03:32:40+00:00\",\"dateModified\":\"2026-08-18T08:34:26+00:00\",\"author\":{\"@id\":\"https:\\\/\\\/zulenealves.com.br\\\/#\\\/schema\\\/person\\\/211b267042952b9d9062603ea5230577\"},\"breadcrumb\":{\"@id\":\"https:\\\/\\\/zulenealves.com.br\\\/index.php\\\/2026\\\/08\\\/18\\\/em-discurso-de-campanha-raquel-lyra-fala-em-trazer-presidente-lula-para-perto-da-gestao\\\/#breadcrumb\"},\"inLanguage\":\"pt-BR\",\"potentialAction\":[{\"@type\":\"ReadAction\",\"target\":[\"https:\\\/\\\/zulenealves.com.br\\\/index.php\\\/2026\\\/08\\\/18\\\/em-discurso-de-campanha-raquel-lyra-fala-em-trazer-presidente-lula-para-perto-da-gestao\\\/\"]}]},{\"@type\":\"ImageObject\",\"inLanguage\":\"pt-BR\",\"@id\":\"https:\\\/\\\/zulenealves.com.br\\\/index.php\\\/2026\\\/08\\\/18\\\/em-discurso-de-campanha-raquel-lyra-fala-em-trazer-presidente-lula-para-perto-da-gestao\\\/#primaryimage\",\"url\":\"https:\\\/\\\/cdn.folhape.com.br\\\/img\\\/pc\\\/1100\\\/1\\\/dn_arquivo\\\/2026\\\/08\\\/whatsapp-image-2026-08-17-at-210816.jpeg\",\"contentUrl\":\"https:\\\/\\\/cdn.folhape.com.br\\\/img\\\/pc\\\/1100\\\/1\\\/dn_arquivo\\\/2026\\\/08\\\/whatsapp-image-2026-08-17-at-210816.jpeg\"},{\"@type\":\"BreadcrumbList\",\"@id\":\"https:\\\/\\\/zulenealves.com.br\\\/index.php\\\/2026\\\/08\\\/18\\\/em-discurso-de-campanha-raquel-lyra-fala-em-trazer-presidente-lula-para-perto-da-gestao\\\/#breadcrumb\",\"itemListElement\":[{\"@type\":\"ListItem\",\"position\":1,\"name\":\"In\u00edcio\",\"item\":\"https:\\\/\\\/zulenealves.com.br\\\/\"},{\"@type\":\"ListItem\",\"position\":2,\"name\":\"Em discurso de campanha, Raquel Lyra fala em trazer presidente Lula para perto da gest\u00e3o\"}]},{\"@type\":\"WebSite\",\"@id\":\"https:\\\/\\\/zulenealves.com.br\\\/#website\",\"url\":\"https:\\\/\\\/zulenealves.com.br\\\/\",\"name\":\"Blog Zulene Alves\",\"description\":\"\",\"potentialAction\":[{\"@type\":\"SearchAction\",\"target\":{\"@type\":\"EntryPoint\",\"urlTemplate\":\"https:\\\/\\\/zulenealves.com.br\\\/?s={search_term_string}\"},\"query-input\":{\"@type\":\"PropertyValueSpecification\",\"valueRequired\":true,\"valueName\":\"search_term_string\"}}],\"inLanguage\":\"pt-BR\"},{\"@type\":\"Person\",\"@id\":\"https:\\\/\\\/zulenealves.com.br\\\/#\\\/schema\\\/person\\\/211b267042952b9d9062603ea5230577\",\"name\":\"Zulene Alves\",\"image\":{\"@type\":\"ImageObject\",\"inLanguage\":\"pt-BR\",\"@id\":\"https:\\\/\\\/secure.gravatar.com\\\/avatar\\\/6256ae245147d58c317918f3a20dbf75c244838a7b265be12b0edacdedc94737?s=96&d=mm&r=g\",\"url\":\"https:\\\/\\\/secure.gravatar.com\\\/avatar\\\/6256ae245147d58c317918f3a20dbf75c244838a7b265be12b0edacdedc94737?s=96&d=mm&r=g\",\"contentUrl\":\"https:\\\/\\\/secure.gravatar.com\\\/avatar\\\/6256ae245147d58c317918f3a20dbf75c244838a7b265be12b0edacdedc94737?s=96&d=mm&r=g\",\"caption\":\"Zulene Alves\"},\"sameAs\":[\"https:\\\/\\\/zulenealves.com.br\\\/\"],\"url\":\"https:\\\/\\\/zulenealves.com.br\\\/index.php\\\/author\\\/zulene\\\/\"}]}<\/script>\n<!-- \/ Yoast SEO plugin. -->","yoast_head_json":{"title":"Em discurso de campanha, Raquel Lyra fala em trazer presidente Lula para perto da gest\u00e3o - Blog Zulene Alves","robots":{"index":"index","follow":"follow","max-snippet":"max-snippet:-1","max-image-preview":"max-image-preview:large","max-video-preview":"max-video-preview:-1"},"canonical":"https:\/\/zulenealves.com.br\/index.php\/2026\/08\/18\/em-discurso-de-campanha-raquel-lyra-fala-em-trazer-presidente-lula-para-perto-da-gestao\/","og_locale":"pt_BR","og_type":"article","og_title":"Em discurso de campanha, Raquel Lyra fala em trazer presidente Lula para perto da gest\u00e3o - Blog Zulene Alves","og_description":"Por\u00a0Anthony Santana A governadora e candidata \u00e0 reelei\u00e7\u00e3o fez refer\u00eancia ao presidente Luiz In\u00e1cio Lula da Silva (PT) e prometeu trazer o petista para perto em uma poss\u00edvel nova gest\u00e3o. A declara\u00e7\u00e3o foi feita durante o discurso da gestora em campanha porta a porta, no bairro de Jardim S\u00e3o Paulo, Zona Oeste do Recife. A ... Leia mais","og_url":"https:\/\/zulenealves.com.br\/index.php\/2026\/08\/18\/em-discurso-de-campanha-raquel-lyra-fala-em-trazer-presidente-lula-para-perto-da-gestao\/","og_site_name":"Blog Zulene Alves","article_published_time":"2026-08-18T03:32:40+00:00","article_modified_time":"2026-08-18T08:34:26+00:00","og_image":[{"url":"https:\/\/cdn.folhape.com.br\/img\/pc\/1100\/1\/dn_arquivo\/2026\/08\/whatsapp-image-2026-08-17-at-210816.jpeg","type":"","width":"","height":""}],"author":"Zulene Alves","twitter_card":"summary_large_image","twitter_misc":{"Escrito por":"Zulene Alves","Est. tempo de leitura":"2 minutos"},"schema":{"@context":"https:\/\/schema.org","@graph":[{"@type":"Article","@id":"https:\/\/zulenealves.com.br\/index.php\/2026\/08\/18\/em-discurso-de-campanha-raquel-lyra-fala-em-trazer-presidente-lula-para-perto-da-gestao\/#article","isPartOf":{"@id":"https:\/\/zulenealves.com.br\/index.php\/2026\/08\/18\/em-discurso-de-campanha-raquel-lyra-fala-em-trazer-presidente-lula-para-perto-da-gestao\/"},"author":{"name":"Zulene Alves","@id":"https:\/\/zulenealves.com.br\/#\/schema\/person\/211b267042952b9d9062603ea5230577"},"headline":"Em discurso de campanha, Raquel Lyra fala em trazer presidente Lula para perto da gest\u00e3o","datePublished":"2026-08-18T03:32:40+00:00","dateModified":"2026-08-18T08:34:26+00:00","mainEntityOfPage":{"@id":"https:\/\/zulenealves.com.br\/index.php\/2026\/08\/18\/em-discurso-de-campanha-raquel-lyra-fala-em-trazer-presidente-lula-para-perto-da-gestao\/"},"wordCount":285,"image":{"@id":"https:\/\/zulenealves.com.br\/index.php\/2026\/08\/18\/em-discurso-de-campanha-raquel-lyra-fala-em-trazer-presidente-lula-para-perto-da-gestao\/#primaryimage"},"thumbnailUrl":"https:\/\/cdn.folhape.com.br\/img\/pc\/1100\/1\/dn_arquivo\/2026\/08\/whatsapp-image-2026-08-17-at-210816.jpeg","inLanguage":"pt-BR"},{"@type":"WebPage","@id":"https:\/\/zulenealves.com.br\/index.php\/2026\/08\/18\/em-discurso-de-campanha-raquel-lyra-fala-em-trazer-presidente-lula-para-perto-da-gestao\/","url":"https:\/\/zulenealves.com.br\/index.php\/2026\/08\/18\/em-discurso-de-campanha-raquel-lyra-fala-em-trazer-presidente-lula-para-perto-da-gestao\/","name":"Em discurso de campanha, Raquel Lyra fala em trazer presidente Lula para perto da gest\u00e3o - Blog Zulene Alves","isPartOf":{"@id":"https:\/\/zulenealves.com.br\/#website"},"primaryImageOfPage":{"@id":"https:\/\/zulenealves.com.br\/index.php\/2026\/08\/18\/em-discurso-de-campanha-raquel-lyra-fala-em-trazer-presidente-lula-para-perto-da-gestao\/#primaryimage"},"image":{"@id":"https:\/\/zulenealves.com.br\/index.php\/2026\/08\/18\/em-discurso-de-campanha-raquel-lyra-fala-em-trazer-presidente-lula-para-perto-da-gestao\/#primaryimage"},"thumbnailUrl":"https:\/\/cdn.folhape.com.br\/img\/pc\/1100\/1\/dn_arquivo\/2026\/08\/whatsapp-image-2026-08-17-at-210816.jpeg","datePublished":"2026-08-18T03:32:40+00:00","dateModified":"2026-08-18T08:34:26+00:00","author":{"@id":"https:\/\/zulenealves.com.br\/#\/schema\/person\/211b267042952b9d9062603ea5230577"},"breadcrumb":{"@id":"https:\/\/zulenealves.com.br\/index.php\/2026\/08\/18\/em-discurso-de-campanha-raquel-lyra-fala-em-trazer-presidente-lula-para-perto-da-gestao\/#breadcrumb"},"inLanguage":"pt-BR","potentialAction":[{"@type":"ReadAction","target":["https:\/\/zulenealves.com.br\/index.php\/2026\/08\/18\/em-discurso-de-campanha-raquel-lyra-fala-em-trazer-presidente-lula-para-perto-da-gestao\/"]}]},{"@type":"ImageObject","inLanguage":"pt-BR","@id":"https:\/\/zulenealves.com.br\/index.php\/2026\/08\/18\/em-discurso-de-campanha-raquel-lyra-fala-em-trazer-presidente-lula-para-perto-da-gestao\/#primaryimage","url":"https:\/\/cdn.folhape.com.br\/img\/pc\/1100\/1\/dn_arquivo\/2026\/08\/whatsapp-image-2026-08-17-at-210816.jpeg","contentUrl":"https:\/\/cdn.folhape.com.br\/img\/pc\/1100\/1\/dn_arquivo\/2026\/08\/whatsapp-image-2026-08-17-at-210816.jpeg"},{"@type":"BreadcrumbList","@id":"https:\/\/zulenealves.com.br\/index.php\/2026\/08\/18\/em-discurso-de-campanha-raquel-lyra-fala-em-trazer-presidente-lula-para-perto-da-gestao\/#breadcrumb","itemListElement":[{"@type":"ListItem","position":1,"name":"In\u00edcio","item":"https:\/\/zulenealves.com.br\/"},{"@type":"ListItem","position":2,"name":"Em discurso de campanha, Raquel Lyra fala em trazer presidente Lula para perto da gest\u00e3o"}]},{"@type":"WebSite","@id":"https:\/\/zulenealves.com.br\/#website","url":"https:\/\/zulenealves.com.br\/","name":"Blog Zulene Alves","description":"","potentialAction":[{"@type":"SearchAction","target":{"@type":"EntryPoint","urlTemplate":"https:\/\/zulenealves.com.br\/?s={search_term_string}"},"query-input":{"@type":"PropertyValueSpecification","valueRequired":true,"valueName":"search_term_string"}}],"inLanguage":"pt-BR"},{"@type":"Person","@id":"https:\/\/zulenealves.com.br\/#\/schema\/person\/211b267042952b9d9062603ea5230577","name":"Zulene Alves","image":{"@type":"ImageObject","inLanguage":"pt-BR","@id":"https:\/\/secure.gravatar.com\/avatar\/6256ae245147d58c317918f3a20dbf75c244838a7b265be12b0edacdedc94737?s=96&d=mm&r=g","url":"https:\/\/secure.gravatar.com\/avatar\/6256ae245147d58c317918f3a20dbf75c244838a7b265be12b0edacdedc94737?s=96&d=mm&r=g","contentUrl":"https:\/\/secure.gravatar.com\/avatar\/6256ae245147d58c317918f3a20dbf75c244838a7b265be12b0edacdedc94737?s=96&d=mm&r=g","caption":"Zulene Alves"},"sameAs":["https:\/\/zulenealves.com.br\/"],"url":"https:\/\/zulenealves.com.br\/index.php\/author\/zulene\/"}]}},"_links":{"self":[{"href":"https:\/\/zulenealves.com.br\/index.php\/wp-json\/wp\/v2\/posts\/51067","targetHints":{"allow":["GET"]}}],"collection":[{"href":"https:\/\/zulenealves.com.br\/index.php\/wp-json\/wp\/v2\/posts"}],"about":[{"href":"https:\/\/zulenealves.com.br\/index.php\/wp-json\/wp\/v2\/types\/post"}],"author":[{"embeddable":true,"href":"https:\/\/zulenealves.com.br\/index.php\/wp-json\/wp\/v2\/users\/2"}],"replies":[{"embeddable":true,"href":"https:\/\/zulenealves.com.br\/index.php\/wp-json\/wp\/v2\/comments?post=51067"}],"version-history":[{"count":1,"href":"https:\/\/zulenealves.com.br\/index.php\/wp-json\/wp\/v2\/posts\/51067\/revisions"}],"predecessor-version":[{"id":51068,"href":"https:\/\/zulenealves.com.br\/index.php\/wp-json\/wp\/v2\/posts\/51067\/revisions\/51068"}],"wp:attachment":[{"href":"https:\/\/zulenealves.com.br\/index.php\/wp-json\/wp\/v2\/media?parent=51067"}],"wp:term":[{"taxonomy":"category","embeddable":true,"href":"https:\/\/zulenealves.com.br\/index.php\/wp-json\/wp\/v2\/categories?post=51067"},{"taxonomy":"post_tag","embeddable":true,"href":"https:\/\/zulenealves.com.br\/index.php\/wp-json\/wp\/v2\/tags?post=51067"}],"curies":[{"name":"wp","href":"https:\/\/api.w.org\/{rel}","templated":true}]}}