{"id":51070,"date":"2026-08-17T20:37:05","date_gmt":"2026-08-17T23:37:05","guid":{"rendered":"https:\/\/zulenealves.com.br\/?p=51070"},"modified":"2026-08-18T05:39:28","modified_gmt":"2026-08-18T08:39:28","slug":"joao-separa-eduardo-do-psb-e-lula-do-pt-na-sua-narrativa-eleitoral","status":"publish","type":"post","link":"https:\/\/zulenealves.com.br\/index.php\/2026\/08\/17\/joao-separa-eduardo-do-psb-e-lula-do-pt-na-sua-narrativa-eleitoral\/","title":{"rendered":"Jo\u00e3o separa Eduardo do PSB e Lula do PT na sua narrativa eleitoral"},"content":{"rendered":"<p style=\"text-align: justify;\"><img fetchpriority=\"high\" decoding=\"async\" class=\"aligncenter\" src=\"https:\/\/imagens.ne10.uol.com.br\/veiculos\/_midias\/jpg\/2026\/08\/17\/jj_0215-36998710.jpg?ims=800x533\" alt=\"O candidato a governador Jo\u00e3o Campos (PSB) em sabatina no Sistema Jornal do Commercio de Comunica\u00e7\u00e3o (SJCC).\" width=\"540\" height=\"360\" \/><strong>Por<\/strong>\u00a0<strong>Igor Maciel<\/strong><\/p>\n<p style=\"text-align: justify;\">Na sabatina ao Sistema Jornal do Commercio, Jo\u00e3o Campos (PSB) trabalhou com escolhas. Ele escolhe quando o passado deve ser lembrado e quando precisa ser superado. Se o assunto \u00e9 Eduardo Campos, a hist\u00f3ria oferece exemplos, realiza\u00e7\u00f5es e um legado que merece continuidade. Se a pergunta chega aos oito anos de Paulo C\u00e2mara, o candidato afirma que est\u00e1 na elei\u00e7\u00e3o para falar do futuro, n\u00e3o do passado. A contradi\u00e7\u00e3o revelada na entrevista \u00e0 R\u00e1dio Jornal e \u00e0 TV Jornal n\u00e3o \u00e9 acidental. Ela organiza a narrativa que Jo\u00e3o pretende levar \u00e0 campanha.]<\/p>\n<p class=\"texto\" style=\"text-align: justify;\">E ficou evidente que o discurso do socialista tem algumas outras &#8220;sele\u00e7\u00f5es&#8221;. Falar de Eduardo governador e dele pr\u00f3prio prefeito, tudo bem. Falar do PSB, que inclui outras figuras como Paulo C\u00e2mara (que era do PSB quando foi governador) ou Geraldo Julio (PSB), nunca. Teve tamb\u00e9m a divis\u00e3o PT e Lula, que ficou ainda mais evidente nas falas.<\/p>\n<p class=\"texto\" style=\"text-align: justify;\"><strong>Escolha<\/strong><\/p>\n<p class=\"texto\" style=\"text-align: justify;\">Jo\u00e3o n\u00e3o divide sua estrat\u00e9gia narrativa entre &#8220;passado e futuro&#8221;, como tentou fazer crer. Ele divide suas falas entre aquele passado que deseja herdar e aquele pelo qual n\u00e3o quer responder. Na sabatina, foi questionado sobre os 16 anos de governos do PSB e especificamente sobre a gest\u00e3o de Paulo C\u00e2mara, da qual participou como chefe de gabinete. Evitou avaliar o per\u00edodo e preferiu &#8220;olhar adiante&#8221;.<\/p>\n<p class=\"texto\" style=\"text-align: justify;\">O &#8220;olhar adiante&#8221;, por\u00e9m, perde a vez quando o personagem \u00e9 Eduardo. A\u00ed o candidato cita hospitais, UPAs e escolas t\u00e9cnicas implantados nas gest\u00f5es socialistas, mas \u00e9 no pai que concentra a responsabilidade pelo legado. At\u00e9 para explicar como pretende buscar recursos em Bras\u00edlia, contou que Eduardo dizia aos outros governadores que, al\u00e9m de amigo de Lula, sabia \u201cfazer o dever de casa\u201d.<\/p>\n<p class=\"texto\" style=\"text-align: justify;\">O exemplo de compet\u00eancia administrativa foi apresentado como uma qualidade de Eduardo, n\u00e3o como um m\u00e9todo dos governos do PSB. O partido aparece formalmente. O pai recebe a autoria pol\u00edtica.<\/p>\n<p class=\"texto\" style=\"text-align: justify;\">A sele\u00e7\u00e3o \u00e9 compreens\u00edvel. Eduardo deixou um patrim\u00f4nio eleitoral ainda forte em Pernambuco. Paulo terminou oito anos de governo com o PSB derrotado e fora do segundo turno em 2022. Jo\u00e3o tenta receber o ativo do primeiro sem incorporar o passivo do segundo.<\/p>\n<p class=\"texto\" style=\"text-align: justify;\">H\u00e1 um limite nessa separa\u00e7\u00e3o. Jo\u00e3o n\u00e3o acaba de chegar ao PSB nem pode se apresentar como algu\u00e9m que assistiu \u00e0 dist\u00e2ncia ao ciclo socialista. \u00c9 filho de seu principal l\u00edder recente, ocupou o cargo mais importante entre os auxiliares do governo Paulo C\u00e2mara e hoje preside nacionalmente a legenda. Quando evita defender aquele governo, entrega \u00e0 advers\u00e1ria a oportunidade de perguntar &#8220;por que Pernambuco deveria confiar novamente no partido dele&#8221;.<\/p>\n<p class=\"texto\" style=\"text-align: justify;\"><strong>Amizade<\/strong><\/p>\n<div id=\"banner-300x250-5-desktop\" class=\"\">\n<div id=\"banner-300x250-5\" class=\"ads ads-retangular text-center\" data-google-query-id=\"CKWE9PHiqZYDFT4LHgAdK7AhSw\">\n<section id=\"content\" data-mrf-recirculation=\"Links inline\">\n<div class=\"container\">\n<article>\n<div class=\"content-news\">\n<p class=\"texto\" style=\"text-align: justify;\">O mesmo jogo aparece na rela\u00e7\u00e3o com o PT. Jo\u00e3o n\u00e3o oferece prioritariamente ao eleitor uma alian\u00e7a entre dois partidos. Oferece uma rela\u00e7\u00e3o entre &#8220;duas pessoas&#8221;.<\/p>\n<p class=\"texto\" style=\"text-align: justify;\">Na entrevista, afirmou ter com Lula uma rela\u00e7\u00e3o \u201cpr\u00f3xima\u201d e \u201cde confian\u00e7a\u201d. Disse consider\u00e1-lo &#8220;amigo&#8221;, elogiou sua dimens\u00e3o humana e comparou essa proximidade com a rela\u00e7\u00e3o institucional mantida por Raquel Lyra. Para Jo\u00e3o, existe uma diferen\u00e7a entre ter um conhecido e ter um amigo.<\/p>\n<p class=\"texto\" style=\"text-align: justify;\">Ao resumir eleitoralmente a parceria, prometeu uma \u201cdobradinha de Jo\u00e3o e Lula, Lula e Jo\u00e3o\u201d. O PT desapareceu at\u00e9 da frase escolhida para representar a alian\u00e7a. O presidente \u00e9 retirado da estrutura partid\u00e1ria e colocado dentro de uma rela\u00e7\u00e3o pessoal e quase familiar.<\/p>\n<p class=\"texto\" style=\"text-align: justify;\">Essa separa\u00e7\u00e3o ajuda Jo\u00e3o a responder pelos ataques feitos ao PT na elei\u00e7\u00e3o municipal de 2020. Naquela campanha, diante de Mar\u00edlia Arraes (na \u00e9poca pelo PT), o socialista explorou a rejei\u00e7\u00e3o \u00e0 legenda, criticou dirigentes nacionais e advertiu para o risco de os petistas voltarem a mandar no Recife. Agora, n\u00e3o precisa defender o partido que atacou nem explicar plenamente a mudan\u00e7a. Diz que &#8220;sempre foi amigo de Lula&#8221;. E encerra o assunto.<\/p>\n<p class=\"texto\" style=\"text-align: justify;\">A resposta pressup\u00f5e que Lula e PT podem ser apresentados como hist\u00f3rias distintas. Jo\u00e3o reivindica a popularidade do presidente em Pernambuco, mas evita carregar o peso das cr\u00edticas que ele pr\u00f3prio dirigiu ao partido. O candidato n\u00e3o tenta provar que estava errado em 2020. Procura demonstrar que os ataques aos petistas nunca alcan\u00e7aram Lula.<\/p>\n<p class=\"texto\" style=\"text-align: justify;\">\u00c9 inteligente, mas ser\u00e1 bastante questionado sobre isso. Principalmente pela milit\u00e2ncia petista, que pode n\u00e3o aceitar muito bem o exerc\u00edcio ret\u00f3rico.<\/p>\n<p class=\"texto\" style=\"text-align: justify;\"><strong>Heran\u00e7as<\/strong><\/p>\n<p class=\"texto\" style=\"text-align: justify;\">Eduardo serve para Jo\u00e3o n\u00e3o precisar defender Paulo C\u00e2mara. Lula serve para Jo\u00e3o n\u00e3o precisar desculpar-se pelo que disse do PT. Nos dois casos, uma rela\u00e7\u00e3o pessoal positiva ocupa o espa\u00e7o de uma hist\u00f3ria partid\u00e1ria negativa.<\/p>\n<p class=\"texto\" style=\"text-align: justify;\">Esse movimento tamb\u00e9m permite que Jo\u00e3o seja &#8220;herdeiro&#8221; e &#8220;renovador&#8221; ao mesmo tempo. \u00c9 herdeiro quando fala de Eduardo, mas candidato do futuro quando \u00e9 confrontado com Paulo. \u00c9 aliado hist\u00f3rico quando apresenta a amizade com Lula, mas preserva dist\u00e2ncia quando a lembran\u00e7a chega \u00e0 campanha contra o PT.<\/p>\n<p class=\"texto\" style=\"text-align: justify;\">Jo\u00e3o n\u00e3o quer que a elei\u00e7\u00e3o seja um julgamento dos 16 anos do PSB, embora queira que ela seja uma celebra\u00e7\u00e3o dos anos de Eduardo Campos. As duas coisas pertencem ao passado. A diferen\u00e7a \u00e9 que uma oferece votos e a outra cobra explica\u00e7\u00f5es. O candidato n\u00e3o abandona o retrovisor. Apenas escolhe o que aparece nele.<\/p>\n<\/div>\n<\/article>\n<\/div>\n<\/section>\n<\/div>\n<\/div>\n<div class=\"gsp_post_data\" \r\n\t            data-post_type=\"post\" \r\n\t            data-cat=\"sem-categoria\" \r\n\t            data-modified=\"120\"\r\n\t            data-created=\"1786999025\"\r\n\t            data-title=\"Jo\u00e3o separa Eduardo do PSB e Lula do PT na sua narrativa eleitoral\" \r\n\t            data-home=\"https:\/\/zulenealves.com.br\"><\/div>","protected":false},"excerpt":{"rendered":"<p>Por\u00a0Igor Maciel Na sabatina ao Sistema Jornal do Commercio, Jo\u00e3o Campos (PSB) trabalhou com escolhas. Ele escolhe quando o passado deve ser lembrado e quando precisa ser superado. Se o assunto \u00e9 Eduardo Campos, a hist\u00f3ria oferece exemplos, realiza\u00e7\u00f5es e um legado que merece continuidade. Se a pergunta chega aos oito anos de Paulo C\u00e2mara, &#8230; <\/p>\n<p class=\"read-more-container\"><a title=\"Jo\u00e3o separa Eduardo do PSB e Lula do PT na sua narrativa eleitoral\" class=\"read-more button\" href=\"https:\/\/zulenealves.com.br\/index.php\/2026\/08\/17\/joao-separa-eduardo-do-psb-e-lula-do-pt-na-sua-narrativa-eleitoral\/#more-51070\" aria-label=\"More on Jo\u00e3o separa Eduardo do PSB e Lula do PT na sua narrativa eleitoral\">Leia mais<\/a><\/p>\n","protected":false},"author":2,"featured_media":0,"comment_status":"closed","ping_status":"closed","sticky":false,"template":"","format":"standard","meta":{"footnotes":""},"categories":[1],"tags":[],"class_list":["post-51070","post","type-post","status-publish","format-standard","hentry","category-sem-categoria"],"yoast_head":"<!-- This site is optimized with the Yoast SEO plugin v28.4 - https:\/\/yoast.com\/product\/yoast-seo-wordpress\/ -->\n<title>Jo\u00e3o separa Eduardo do PSB e Lula do PT na sua narrativa eleitoral - Blog Zulene Alves<\/title>\n<meta name=\"robots\" content=\"index, follow, max-snippet:-1, max-image-preview:large, max-video-preview:-1\" \/>\n<link rel=\"canonical\" href=\"https:\/\/zulenealves.com.br\/index.php\/2026\/08\/17\/joao-separa-eduardo-do-psb-e-lula-do-pt-na-sua-narrativa-eleitoral\/\" \/>\n<meta property=\"og:locale\" content=\"pt_BR\" \/>\n<meta property=\"og:type\" content=\"article\" \/>\n<meta property=\"og:title\" content=\"Jo\u00e3o separa Eduardo do PSB e Lula do PT na sua narrativa eleitoral - Blog Zulene Alves\" \/>\n<meta property=\"og:description\" content=\"Por\u00a0Igor Maciel Na sabatina ao Sistema Jornal do Commercio, Jo\u00e3o Campos (PSB) trabalhou com escolhas. Ele escolhe quando o passado deve ser lembrado e quando precisa ser superado. Se o assunto \u00e9 Eduardo Campos, a hist\u00f3ria oferece exemplos, realiza\u00e7\u00f5es e um legado que merece continuidade. Se a pergunta chega aos oito anos de Paulo C\u00e2mara, ... Leia mais\" \/>\n<meta property=\"og:url\" content=\"https:\/\/zulenealves.com.br\/index.php\/2026\/08\/17\/joao-separa-eduardo-do-psb-e-lula-do-pt-na-sua-narrativa-eleitoral\/\" \/>\n<meta property=\"og:site_name\" content=\"Blog Zulene Alves\" \/>\n<meta property=\"article:published_time\" content=\"2026-08-17T23:37:05+00:00\" \/>\n<meta property=\"article:modified_time\" content=\"2026-08-18T08:39:28+00:00\" \/>\n<meta property=\"og:image\" content=\"https:\/\/imagens.ne10.uol.com.br\/veiculos\/_midias\/jpg\/2026\/08\/17\/jj_0215-36998710.jpg?ims=800x533\" \/>\n<meta name=\"author\" content=\"Zulene Alves\" \/>\n<meta name=\"twitter:card\" content=\"summary_large_image\" \/>\n<meta name=\"twitter:label1\" content=\"Escrito por\" \/>\n\t<meta name=\"twitter:data1\" content=\"Zulene Alves\" \/>\n\t<meta name=\"twitter:label2\" content=\"Est. tempo de leitura\" \/>\n\t<meta name=\"twitter:data2\" content=\"5 minutos\" \/>\n<script type=\"application\/ld+json\" class=\"yoast-schema-graph\">{\"@context\":\"https:\\\/\\\/schema.org\",\"@graph\":[{\"@type\":\"Article\",\"@id\":\"https:\\\/\\\/zulenealves.com.br\\\/index.php\\\/2026\\\/08\\\/17\\\/joao-separa-eduardo-do-psb-e-lula-do-pt-na-sua-narrativa-eleitoral\\\/#article\",\"isPartOf\":{\"@id\":\"https:\\\/\\\/zulenealves.com.br\\\/index.php\\\/2026\\\/08\\\/17\\\/joao-separa-eduardo-do-psb-e-lula-do-pt-na-sua-narrativa-eleitoral\\\/\"},\"author\":{\"name\":\"Zulene Alves\",\"@id\":\"https:\\\/\\\/zulenealves.com.br\\\/#\\\/schema\\\/person\\\/211b267042952b9d9062603ea5230577\"},\"headline\":\"Jo\u00e3o separa Eduardo do PSB e Lula do PT na sua narrativa eleitoral\",\"datePublished\":\"2026-08-17T23:37:05+00:00\",\"dateModified\":\"2026-08-18T08:39:28+00:00\",\"mainEntityOfPage\":{\"@id\":\"https:\\\/\\\/zulenealves.com.br\\\/index.php\\\/2026\\\/08\\\/17\\\/joao-separa-eduardo-do-psb-e-lula-do-pt-na-sua-narrativa-eleitoral\\\/\"},\"wordCount\":922,\"image\":{\"@id\":\"https:\\\/\\\/zulenealves.com.br\\\/index.php\\\/2026\\\/08\\\/17\\\/joao-separa-eduardo-do-psb-e-lula-do-pt-na-sua-narrativa-eleitoral\\\/#primaryimage\"},\"thumbnailUrl\":\"https:\\\/\\\/imagens.ne10.uol.com.br\\\/veiculos\\\/_midias\\\/jpg\\\/2026\\\/08\\\/17\\\/jj_0215-36998710.jpg?ims=800x533\",\"inLanguage\":\"pt-BR\"},{\"@type\":\"WebPage\",\"@id\":\"https:\\\/\\\/zulenealves.com.br\\\/index.php\\\/2026\\\/08\\\/17\\\/joao-separa-eduardo-do-psb-e-lula-do-pt-na-sua-narrativa-eleitoral\\\/\",\"url\":\"https:\\\/\\\/zulenealves.com.br\\\/index.php\\\/2026\\\/08\\\/17\\\/joao-separa-eduardo-do-psb-e-lula-do-pt-na-sua-narrativa-eleitoral\\\/\",\"name\":\"Jo\u00e3o separa Eduardo do PSB e Lula do PT na sua narrativa eleitoral - Blog Zulene Alves\",\"isPartOf\":{\"@id\":\"https:\\\/\\\/zulenealves.com.br\\\/#website\"},\"primaryImageOfPage\":{\"@id\":\"https:\\\/\\\/zulenealves.com.br\\\/index.php\\\/2026\\\/08\\\/17\\\/joao-separa-eduardo-do-psb-e-lula-do-pt-na-sua-narrativa-eleitoral\\\/#primaryimage\"},\"image\":{\"@id\":\"https:\\\/\\\/zulenealves.com.br\\\/index.php\\\/2026\\\/08\\\/17\\\/joao-separa-eduardo-do-psb-e-lula-do-pt-na-sua-narrativa-eleitoral\\\/#primaryimage\"},\"thumbnailUrl\":\"https:\\\/\\\/imagens.ne10.uol.com.br\\\/veiculos\\\/_midias\\\/jpg\\\/2026\\\/08\\\/17\\\/jj_0215-36998710.jpg?ims=800x533\",\"datePublished\":\"2026-08-17T23:37:05+00:00\",\"dateModified\":\"2026-08-18T08:39:28+00:00\",\"author\":{\"@id\":\"https:\\\/\\\/zulenealves.com.br\\\/#\\\/schema\\\/person\\\/211b267042952b9d9062603ea5230577\"},\"breadcrumb\":{\"@id\":\"https:\\\/\\\/zulenealves.com.br\\\/index.php\\\/2026\\\/08\\\/17\\\/joao-separa-eduardo-do-psb-e-lula-do-pt-na-sua-narrativa-eleitoral\\\/#breadcrumb\"},\"inLanguage\":\"pt-BR\",\"potentialAction\":[{\"@type\":\"ReadAction\",\"target\":[\"https:\\\/\\\/zulenealves.com.br\\\/index.php\\\/2026\\\/08\\\/17\\\/joao-separa-eduardo-do-psb-e-lula-do-pt-na-sua-narrativa-eleitoral\\\/\"]}]},{\"@type\":\"ImageObject\",\"inLanguage\":\"pt-BR\",\"@id\":\"https:\\\/\\\/zulenealves.com.br\\\/index.php\\\/2026\\\/08\\\/17\\\/joao-separa-eduardo-do-psb-e-lula-do-pt-na-sua-narrativa-eleitoral\\\/#primaryimage\",\"url\":\"https:\\\/\\\/imagens.ne10.uol.com.br\\\/veiculos\\\/_midias\\\/jpg\\\/2026\\\/08\\\/17\\\/jj_0215-36998710.jpg?ims=800x533\",\"contentUrl\":\"https:\\\/\\\/imagens.ne10.uol.com.br\\\/veiculos\\\/_midias\\\/jpg\\\/2026\\\/08\\\/17\\\/jj_0215-36998710.jpg?ims=800x533\"},{\"@type\":\"BreadcrumbList\",\"@id\":\"https:\\\/\\\/zulenealves.com.br\\\/index.php\\\/2026\\\/08\\\/17\\\/joao-separa-eduardo-do-psb-e-lula-do-pt-na-sua-narrativa-eleitoral\\\/#breadcrumb\",\"itemListElement\":[{\"@type\":\"ListItem\",\"position\":1,\"name\":\"In\u00edcio\",\"item\":\"https:\\\/\\\/zulenealves.com.br\\\/\"},{\"@type\":\"ListItem\",\"position\":2,\"name\":\"Jo\u00e3o separa Eduardo do PSB e Lula do PT na sua narrativa eleitoral\"}]},{\"@type\":\"WebSite\",\"@id\":\"https:\\\/\\\/zulenealves.com.br\\\/#website\",\"url\":\"https:\\\/\\\/zulenealves.com.br\\\/\",\"name\":\"Blog Zulene Alves\",\"description\":\"\",\"potentialAction\":[{\"@type\":\"SearchAction\",\"target\":{\"@type\":\"EntryPoint\",\"urlTemplate\":\"https:\\\/\\\/zulenealves.com.br\\\/?s={search_term_string}\"},\"query-input\":{\"@type\":\"PropertyValueSpecification\",\"valueRequired\":true,\"valueName\":\"search_term_string\"}}],\"inLanguage\":\"pt-BR\"},{\"@type\":\"Person\",\"@id\":\"https:\\\/\\\/zulenealves.com.br\\\/#\\\/schema\\\/person\\\/211b267042952b9d9062603ea5230577\",\"name\":\"Zulene Alves\",\"image\":{\"@type\":\"ImageObject\",\"inLanguage\":\"pt-BR\",\"@id\":\"https:\\\/\\\/secure.gravatar.com\\\/avatar\\\/6256ae245147d58c317918f3a20dbf75c244838a7b265be12b0edacdedc94737?s=96&d=mm&r=g\",\"url\":\"https:\\\/\\\/secure.gravatar.com\\\/avatar\\\/6256ae245147d58c317918f3a20dbf75c244838a7b265be12b0edacdedc94737?s=96&d=mm&r=g\",\"contentUrl\":\"https:\\\/\\\/secure.gravatar.com\\\/avatar\\\/6256ae245147d58c317918f3a20dbf75c244838a7b265be12b0edacdedc94737?s=96&d=mm&r=g\",\"caption\":\"Zulene Alves\"},\"sameAs\":[\"https:\\\/\\\/zulenealves.com.br\\\/\"],\"url\":\"https:\\\/\\\/zulenealves.com.br\\\/index.php\\\/author\\\/zulene\\\/\"}]}<\/script>\n<!-- \/ Yoast SEO plugin. -->","yoast_head_json":{"title":"Jo\u00e3o separa Eduardo do PSB e Lula do PT na sua narrativa eleitoral - Blog Zulene Alves","robots":{"index":"index","follow":"follow","max-snippet":"max-snippet:-1","max-image-preview":"max-image-preview:large","max-video-preview":"max-video-preview:-1"},"canonical":"https:\/\/zulenealves.com.br\/index.php\/2026\/08\/17\/joao-separa-eduardo-do-psb-e-lula-do-pt-na-sua-narrativa-eleitoral\/","og_locale":"pt_BR","og_type":"article","og_title":"Jo\u00e3o separa Eduardo do PSB e Lula do PT na sua narrativa eleitoral - Blog Zulene Alves","og_description":"Por\u00a0Igor Maciel Na sabatina ao Sistema Jornal do Commercio, Jo\u00e3o Campos (PSB) trabalhou com escolhas. Ele escolhe quando o passado deve ser lembrado e quando precisa ser superado. Se o assunto \u00e9 Eduardo Campos, a hist\u00f3ria oferece exemplos, realiza\u00e7\u00f5es e um legado que merece continuidade. Se a pergunta chega aos oito anos de Paulo C\u00e2mara, ... Leia mais","og_url":"https:\/\/zulenealves.com.br\/index.php\/2026\/08\/17\/joao-separa-eduardo-do-psb-e-lula-do-pt-na-sua-narrativa-eleitoral\/","og_site_name":"Blog Zulene Alves","article_published_time":"2026-08-17T23:37:05+00:00","article_modified_time":"2026-08-18T08:39:28+00:00","og_image":[{"url":"https:\/\/imagens.ne10.uol.com.br\/veiculos\/_midias\/jpg\/2026\/08\/17\/jj_0215-36998710.jpg?ims=800x533","type":"","width":"","height":""}],"author":"Zulene Alves","twitter_card":"summary_large_image","twitter_misc":{"Escrito por":"Zulene Alves","Est. tempo de leitura":"5 minutos"},"schema":{"@context":"https:\/\/schema.org","@graph":[{"@type":"Article","@id":"https:\/\/zulenealves.com.br\/index.php\/2026\/08\/17\/joao-separa-eduardo-do-psb-e-lula-do-pt-na-sua-narrativa-eleitoral\/#article","isPartOf":{"@id":"https:\/\/zulenealves.com.br\/index.php\/2026\/08\/17\/joao-separa-eduardo-do-psb-e-lula-do-pt-na-sua-narrativa-eleitoral\/"},"author":{"name":"Zulene Alves","@id":"https:\/\/zulenealves.com.br\/#\/schema\/person\/211b267042952b9d9062603ea5230577"},"headline":"Jo\u00e3o separa Eduardo do PSB e Lula do PT na sua narrativa eleitoral","datePublished":"2026-08-17T23:37:05+00:00","dateModified":"2026-08-18T08:39:28+00:00","mainEntityOfPage":{"@id":"https:\/\/zulenealves.com.br\/index.php\/2026\/08\/17\/joao-separa-eduardo-do-psb-e-lula-do-pt-na-sua-narrativa-eleitoral\/"},"wordCount":922,"image":{"@id":"https:\/\/zulenealves.com.br\/index.php\/2026\/08\/17\/joao-separa-eduardo-do-psb-e-lula-do-pt-na-sua-narrativa-eleitoral\/#primaryimage"},"thumbnailUrl":"https:\/\/imagens.ne10.uol.com.br\/veiculos\/_midias\/jpg\/2026\/08\/17\/jj_0215-36998710.jpg?ims=800x533","inLanguage":"pt-BR"},{"@type":"WebPage","@id":"https:\/\/zulenealves.com.br\/index.php\/2026\/08\/17\/joao-separa-eduardo-do-psb-e-lula-do-pt-na-sua-narrativa-eleitoral\/","url":"https:\/\/zulenealves.com.br\/index.php\/2026\/08\/17\/joao-separa-eduardo-do-psb-e-lula-do-pt-na-sua-narrativa-eleitoral\/","name":"Jo\u00e3o separa Eduardo do PSB e Lula do PT na sua narrativa eleitoral - Blog Zulene Alves","isPartOf":{"@id":"https:\/\/zulenealves.com.br\/#website"},"primaryImageOfPage":{"@id":"https:\/\/zulenealves.com.br\/index.php\/2026\/08\/17\/joao-separa-eduardo-do-psb-e-lula-do-pt-na-sua-narrativa-eleitoral\/#primaryimage"},"image":{"@id":"https:\/\/zulenealves.com.br\/index.php\/2026\/08\/17\/joao-separa-eduardo-do-psb-e-lula-do-pt-na-sua-narrativa-eleitoral\/#primaryimage"},"thumbnailUrl":"https:\/\/imagens.ne10.uol.com.br\/veiculos\/_midias\/jpg\/2026\/08\/17\/jj_0215-36998710.jpg?ims=800x533","datePublished":"2026-08-17T23:37:05+00:00","dateModified":"2026-08-18T08:39:28+00:00","author":{"@id":"https:\/\/zulenealves.com.br\/#\/schema\/person\/211b267042952b9d9062603ea5230577"},"breadcrumb":{"@id":"https:\/\/zulenealves.com.br\/index.php\/2026\/08\/17\/joao-separa-eduardo-do-psb-e-lula-do-pt-na-sua-narrativa-eleitoral\/#breadcrumb"},"inLanguage":"pt-BR","potentialAction":[{"@type":"ReadAction","target":["https:\/\/zulenealves.com.br\/index.php\/2026\/08\/17\/joao-separa-eduardo-do-psb-e-lula-do-pt-na-sua-narrativa-eleitoral\/"]}]},{"@type":"ImageObject","inLanguage":"pt-BR","@id":"https:\/\/zulenealves.com.br\/index.php\/2026\/08\/17\/joao-separa-eduardo-do-psb-e-lula-do-pt-na-sua-narrativa-eleitoral\/#primaryimage","url":"https:\/\/imagens.ne10.uol.com.br\/veiculos\/_midias\/jpg\/2026\/08\/17\/jj_0215-36998710.jpg?ims=800x533","contentUrl":"https:\/\/imagens.ne10.uol.com.br\/veiculos\/_midias\/jpg\/2026\/08\/17\/jj_0215-36998710.jpg?ims=800x533"},{"@type":"BreadcrumbList","@id":"https:\/\/zulenealves.com.br\/index.php\/2026\/08\/17\/joao-separa-eduardo-do-psb-e-lula-do-pt-na-sua-narrativa-eleitoral\/#breadcrumb","itemListElement":[{"@type":"ListItem","position":1,"name":"In\u00edcio","item":"https:\/\/zulenealves.com.br\/"},{"@type":"ListItem","position":2,"name":"Jo\u00e3o separa Eduardo do PSB e Lula do PT na sua narrativa eleitoral"}]},{"@type":"WebSite","@id":"https:\/\/zulenealves.com.br\/#website","url":"https:\/\/zulenealves.com.br\/","name":"Blog Zulene Alves","description":"","potentialAction":[{"@type":"SearchAction","target":{"@type":"EntryPoint","urlTemplate":"https:\/\/zulenealves.com.br\/?s={search_term_string}"},"query-input":{"@type":"PropertyValueSpecification","valueRequired":true,"valueName":"search_term_string"}}],"inLanguage":"pt-BR"},{"@type":"Person","@id":"https:\/\/zulenealves.com.br\/#\/schema\/person\/211b267042952b9d9062603ea5230577","name":"Zulene Alves","image":{"@type":"ImageObject","inLanguage":"pt-BR","@id":"https:\/\/secure.gravatar.com\/avatar\/6256ae245147d58c317918f3a20dbf75c244838a7b265be12b0edacdedc94737?s=96&d=mm&r=g","url":"https:\/\/secure.gravatar.com\/avatar\/6256ae245147d58c317918f3a20dbf75c244838a7b265be12b0edacdedc94737?s=96&d=mm&r=g","contentUrl":"https:\/\/secure.gravatar.com\/avatar\/6256ae245147d58c317918f3a20dbf75c244838a7b265be12b0edacdedc94737?s=96&d=mm&r=g","caption":"Zulene Alves"},"sameAs":["https:\/\/zulenealves.com.br\/"],"url":"https:\/\/zulenealves.com.br\/index.php\/author\/zulene\/"}]}},"_links":{"self":[{"href":"https:\/\/zulenealves.com.br\/index.php\/wp-json\/wp\/v2\/posts\/51070","targetHints":{"allow":["GET"]}}],"collection":[{"href":"https:\/\/zulenealves.com.br\/index.php\/wp-json\/wp\/v2\/posts"}],"about":[{"href":"https:\/\/zulenealves.com.br\/index.php\/wp-json\/wp\/v2\/types\/post"}],"author":[{"embeddable":true,"href":"https:\/\/zulenealves.com.br\/index.php\/wp-json\/wp\/v2\/users\/2"}],"replies":[{"embeddable":true,"href":"https:\/\/zulenealves.com.br\/index.php\/wp-json\/wp\/v2\/comments?post=51070"}],"version-history":[{"count":1,"href":"https:\/\/zulenealves.com.br\/index.php\/wp-json\/wp\/v2\/posts\/51070\/revisions"}],"predecessor-version":[{"id":51071,"href":"https:\/\/zulenealves.com.br\/index.php\/wp-json\/wp\/v2\/posts\/51070\/revisions\/51071"}],"wp:attachment":[{"href":"https:\/\/zulenealves.com.br\/index.php\/wp-json\/wp\/v2\/media?parent=51070"}],"wp:term":[{"taxonomy":"category","embeddable":true,"href":"https:\/\/zulenealves.com.br\/index.php\/wp-json\/wp\/v2\/categories?post=51070"},{"taxonomy":"post_tag","embeddable":true,"href":"https:\/\/zulenealves.com.br\/index.php\/wp-json\/wp\/v2\/tags?post=51070"}],"curies":[{"name":"wp","href":"https:\/\/api.w.org\/{rel}","templated":true}]}}