{"id":51073,"date":"2026-08-18T00:00:19","date_gmt":"2026-08-18T03:00:19","guid":{"rendered":"https:\/\/zulenealves.com.br\/?p=51073"},"modified":"2026-08-18T05:46:49","modified_gmt":"2026-08-18T08:46:49","slug":"raquel-lyra-reforca-parceria-com-lula-e-defende-gestao-em-caminhada-no-recife","status":"publish","type":"post","link":"https:\/\/zulenealves.com.br\/index.php\/2026\/08\/18\/raquel-lyra-reforca-parceria-com-lula-e-defende-gestao-em-caminhada-no-recife\/","title":{"rendered":"Raquel Lyra refor\u00e7a parceria com Lula e defende gest\u00e3o em caminhada no Recife"},"content":{"rendered":"<p><img fetchpriority=\"high\" decoding=\"async\" class=\"aligncenter\" src=\"https:\/\/imagens.ne10.uol.com.br\/veiculos\/_midias\/jpg\/2026\/08\/17\/whatsapp_image_2026_08_17_at_22_36_39-36999936.jpeg?ims=800x533\" alt=\"Raquel Lyra (PSD) realizou caminhada em Jardim S\u00e3o Paulo nesta segunda (17)\" width=\"579\" height=\"386\" \/><strong>Por<\/strong>\u00a0<strong>Alice Lins,<\/strong>\u00a0<strong>L<\/strong><strong>a<\/strong><strong>rissa Aguiar<\/strong><\/p>\n<p style=\"text-align: justify;\">A governadora e candidata \u00e0 reelei\u00e7\u00e3o Raquel Lyra (PSD) realizou a primeira caminhada, durante a campanha eleitoral, na noite desta segunda-feira (17). Ao lado da vice-governadora Priscila Krause (PSD) e do candidato ao Senado T\u00falio Gad\u00ealha (PSD), Raquel percorreu as ruas de Jardim S\u00e3o Paulo, cumprimentou moradores e\u00a0discursou sobre\u00a0a mobiliza\u00e7\u00e3o da milit\u00e2ncia.<\/p>\n<p style=\"text-align: justify;\">No evento, a candidata defendeu os resultados da gest\u00e3o, criticou os advers\u00e1rios e refor\u00e7ou a disposi\u00e7\u00e3o de ampliar a parceria com o governo do presidente Luiz In\u00e1cio Lula da Silva (PT), apesar de o presidente pedir votos \u00e0 oposi\u00e7\u00e3o. Ela diz que pretende trazer novas a\u00e7\u00f5es federais para Pernambuco.<\/p>\n<p class=\"texto\" style=\"text-align: justify;\">&#8220;A gente vai conseguir fazer parceria, trazer o Governo Federal para c\u00e1, o presidente Lula para c\u00e1, e a gente quer mais&#8221;, declarou.<\/p>\n<p class=\"texto\" style=\"text-align: justify;\">A governadora afirmou que trabalhou para organizar as contas e a administra\u00e7\u00e3o estadual, com o objetivo de ampliar a capacidade de investimento e priorizar a\u00e7\u00f5es que, segundo ela, tenham efeitos para al\u00e9m do atual ciclo eleitoral, pensando nas pr\u00f3ximas gera\u00e7\u00f5es.<\/p>\n<p class=\"texto\" style=\"text-align: justify;\">Raquel tamb\u00e9m pediu que os apoiadores atuem como multiplicadores da campanha e rebateu as cr\u00edticas, alegando ter consci\u00eancia de que a oposi\u00e7\u00e3o pode contar mentiras, mas pediu para que as pessoas a procurem para saber a verdade e tirem as d\u00favidas diretamente com ela.<\/p>\n<p class=\"texto\" style=\"text-align: justify;\">Ao defender as a\u00e7\u00f5es do governo, a governadora afirmou que pretende responder aos ataques com entregas e destacou a seguran\u00e7a e a melhoria das condi\u00e7\u00f5es de vida da popula\u00e7\u00e3o.<\/p>\n<p class=\"texto\" style=\"text-align: justify;\">&#8220;Para cada ato de viol\u00eancia que eles praticarem, a gente vai entregar uma a\u00e7\u00e3o e um trabalho do governo de Pernambuco. E a gente vai responder com amor. Precisou chegar uma mulher no governo para botar a ordem na casa, para n\u00e3o aceitar que roubem o dinheiro do povo, mas sim fazer ele chegar na vida de voc\u00eas&#8221;, finalizou.<\/p>\n<p class=\"texto\" style=\"text-align: justify;\">Fechando a agenda do dia,\u00a0Raquel Lyra ainda promoveu uma live nas redes sociais, destacando os investimentos do governo e respondeu perguntas da popula\u00e7\u00e3o enviadas por WhatsApp.<\/p>\n<p class=\"texto\" style=\"text-align: justify;\"><strong>Mendon\u00e7a Filho<\/strong><\/p>\n<p class=\"texto\" style=\"text-align: justify;\">O candidato ao Senado pelo PL em Pernambuco, Mendon\u00e7a Filho, n\u00e3o teve agenda p\u00fablica nesta segunda-feira. Apenas agendas internas, de acordo com a assessoria do candidato.<\/p>\n<div class=\"gsp_post_data\" \r\n\t            data-post_type=\"post\" \r\n\t            data-cat=\"sem-categoria\" \r\n\t            data-modified=\"120\"\r\n\t            data-created=\"1787011219\"\r\n\t            data-title=\"Raquel Lyra refor\u00e7a parceria com Lula e defende gest\u00e3o em caminhada no Recife\" \r\n\t            data-home=\"https:\/\/zulenealves.com.br\"><\/div>","protected":false},"excerpt":{"rendered":"<p>Por\u00a0Alice Lins,\u00a0Larissa Aguiar A governadora e candidata \u00e0 reelei\u00e7\u00e3o Raquel Lyra (PSD) realizou a primeira caminhada, durante a campanha eleitoral, na noite desta segunda-feira (17). Ao lado da vice-governadora Priscila Krause (PSD) e do candidato ao Senado T\u00falio Gad\u00ealha (PSD), Raquel percorreu as ruas de Jardim S\u00e3o Paulo, cumprimentou moradores e\u00a0discursou sobre\u00a0a mobiliza\u00e7\u00e3o da milit\u00e2ncia. &#8230; <\/p>\n<p class=\"read-more-container\"><a title=\"Raquel Lyra refor\u00e7a parceria com Lula e defende gest\u00e3o em caminhada no Recife\" class=\"read-more button\" href=\"https:\/\/zulenealves.com.br\/index.php\/2026\/08\/18\/raquel-lyra-reforca-parceria-com-lula-e-defende-gestao-em-caminhada-no-recife\/#more-51073\" aria-label=\"More on Raquel Lyra refor\u00e7a parceria com Lula e defende gest\u00e3o em caminhada no Recife\">Leia mais<\/a><\/p>\n","protected":false},"author":2,"featured_media":0,"comment_status":"closed","ping_status":"closed","sticky":false,"template":"","format":"standard","meta":{"footnotes":""},"categories":[1],"tags":[],"class_list":["post-51073","post","type-post","status-publish","format-standard","hentry","category-sem-categoria"],"yoast_head":"<!-- This site is optimized with the Yoast SEO plugin v28.4 - https:\/\/yoast.com\/product\/yoast-seo-wordpress\/ -->\n<title>Raquel Lyra refor\u00e7a parceria com Lula e defende gest\u00e3o em caminhada no Recife - Blog Zulene Alves<\/title>\n<meta name=\"robots\" content=\"index, follow, max-snippet:-1, max-image-preview:large, max-video-preview:-1\" \/>\n<link rel=\"canonical\" href=\"https:\/\/zulenealves.com.br\/index.php\/2026\/08\/18\/raquel-lyra-reforca-parceria-com-lula-e-defende-gestao-em-caminhada-no-recife\/\" \/>\n<meta property=\"og:locale\" content=\"pt_BR\" \/>\n<meta property=\"og:type\" content=\"article\" \/>\n<meta property=\"og:title\" content=\"Raquel Lyra refor\u00e7a parceria com Lula e defende gest\u00e3o em caminhada no Recife - Blog Zulene Alves\" \/>\n<meta property=\"og:description\" content=\"Por\u00a0Alice Lins,\u00a0Larissa Aguiar A governadora e candidata \u00e0 reelei\u00e7\u00e3o Raquel Lyra (PSD) realizou a primeira caminhada, durante a campanha eleitoral, na noite desta segunda-feira (17). Ao lado da vice-governadora Priscila Krause (PSD) e do candidato ao Senado T\u00falio Gad\u00ealha (PSD), Raquel percorreu as ruas de Jardim S\u00e3o Paulo, cumprimentou moradores e\u00a0discursou sobre\u00a0a mobiliza\u00e7\u00e3o da milit\u00e2ncia. ... Leia mais\" \/>\n<meta property=\"og:url\" content=\"https:\/\/zulenealves.com.br\/index.php\/2026\/08\/18\/raquel-lyra-reforca-parceria-com-lula-e-defende-gestao-em-caminhada-no-recife\/\" \/>\n<meta property=\"og:site_name\" content=\"Blog Zulene Alves\" \/>\n<meta property=\"article:published_time\" content=\"2026-08-18T03:00:19+00:00\" \/>\n<meta property=\"article:modified_time\" content=\"2026-08-18T08:46:49+00:00\" \/>\n<meta property=\"og:image\" content=\"https:\/\/imagens.ne10.uol.com.br\/veiculos\/_midias\/jpg\/2026\/08\/17\/whatsapp_image_2026_08_17_at_22_36_39-36999936.jpeg?ims=800x533\" \/>\n<meta name=\"author\" content=\"Zulene Alves\" \/>\n<meta name=\"twitter:card\" content=\"summary_large_image\" \/>\n<meta name=\"twitter:label1\" content=\"Escrito por\" \/>\n\t<meta name=\"twitter:data1\" content=\"Zulene Alves\" \/>\n\t<meta name=\"twitter:label2\" content=\"Est. tempo de leitura\" \/>\n\t<meta name=\"twitter:data2\" content=\"3 minutos\" \/>\n<script type=\"application\/ld+json\" class=\"yoast-schema-graph\">{\"@context\":\"https:\\\/\\\/schema.org\",\"@graph\":[{\"@type\":\"Article\",\"@id\":\"https:\\\/\\\/zulenealves.com.br\\\/index.php\\\/2026\\\/08\\\/18\\\/raquel-lyra-reforca-parceria-com-lula-e-defende-gestao-em-caminhada-no-recife\\\/#article\",\"isPartOf\":{\"@id\":\"https:\\\/\\\/zulenealves.com.br\\\/index.php\\\/2026\\\/08\\\/18\\\/raquel-lyra-reforca-parceria-com-lula-e-defende-gestao-em-caminhada-no-recife\\\/\"},\"author\":{\"name\":\"Zulene Alves\",\"@id\":\"https:\\\/\\\/zulenealves.com.br\\\/#\\\/schema\\\/person\\\/211b267042952b9d9062603ea5230577\"},\"headline\":\"Raquel Lyra refor\u00e7a parceria com Lula e defende gest\u00e3o em caminhada no Recife\",\"datePublished\":\"2026-08-18T03:00:19+00:00\",\"dateModified\":\"2026-08-18T08:46:49+00:00\",\"mainEntityOfPage\":{\"@id\":\"https:\\\/\\\/zulenealves.com.br\\\/index.php\\\/2026\\\/08\\\/18\\\/raquel-lyra-reforca-parceria-com-lula-e-defende-gestao-em-caminhada-no-recife\\\/\"},\"wordCount\":408,\"image\":{\"@id\":\"https:\\\/\\\/zulenealves.com.br\\\/index.php\\\/2026\\\/08\\\/18\\\/raquel-lyra-reforca-parceria-com-lula-e-defende-gestao-em-caminhada-no-recife\\\/#primaryimage\"},\"thumbnailUrl\":\"https:\\\/\\\/imagens.ne10.uol.com.br\\\/veiculos\\\/_midias\\\/jpg\\\/2026\\\/08\\\/17\\\/whatsapp_image_2026_08_17_at_22_36_39-36999936.jpeg?ims=800x533\",\"inLanguage\":\"pt-BR\"},{\"@type\":\"WebPage\",\"@id\":\"https:\\\/\\\/zulenealves.com.br\\\/index.php\\\/2026\\\/08\\\/18\\\/raquel-lyra-reforca-parceria-com-lula-e-defende-gestao-em-caminhada-no-recife\\\/\",\"url\":\"https:\\\/\\\/zulenealves.com.br\\\/index.php\\\/2026\\\/08\\\/18\\\/raquel-lyra-reforca-parceria-com-lula-e-defende-gestao-em-caminhada-no-recife\\\/\",\"name\":\"Raquel Lyra refor\u00e7a parceria com Lula e defende gest\u00e3o em caminhada no Recife - Blog Zulene Alves\",\"isPartOf\":{\"@id\":\"https:\\\/\\\/zulenealves.com.br\\\/#website\"},\"primaryImageOfPage\":{\"@id\":\"https:\\\/\\\/zulenealves.com.br\\\/index.php\\\/2026\\\/08\\\/18\\\/raquel-lyra-reforca-parceria-com-lula-e-defende-gestao-em-caminhada-no-recife\\\/#primaryimage\"},\"image\":{\"@id\":\"https:\\\/\\\/zulenealves.com.br\\\/index.php\\\/2026\\\/08\\\/18\\\/raquel-lyra-reforca-parceria-com-lula-e-defende-gestao-em-caminhada-no-recife\\\/#primaryimage\"},\"thumbnailUrl\":\"https:\\\/\\\/imagens.ne10.uol.com.br\\\/veiculos\\\/_midias\\\/jpg\\\/2026\\\/08\\\/17\\\/whatsapp_image_2026_08_17_at_22_36_39-36999936.jpeg?ims=800x533\",\"datePublished\":\"2026-08-18T03:00:19+00:00\",\"dateModified\":\"2026-08-18T08:46:49+00:00\",\"author\":{\"@id\":\"https:\\\/\\\/zulenealves.com.br\\\/#\\\/schema\\\/person\\\/211b267042952b9d9062603ea5230577\"},\"breadcrumb\":{\"@id\":\"https:\\\/\\\/zulenealves.com.br\\\/index.php\\\/2026\\\/08\\\/18\\\/raquel-lyra-reforca-parceria-com-lula-e-defende-gestao-em-caminhada-no-recife\\\/#breadcrumb\"},\"inLanguage\":\"pt-BR\",\"potentialAction\":[{\"@type\":\"ReadAction\",\"target\":[\"https:\\\/\\\/zulenealves.com.br\\\/index.php\\\/2026\\\/08\\\/18\\\/raquel-lyra-reforca-parceria-com-lula-e-defende-gestao-em-caminhada-no-recife\\\/\"]}]},{\"@type\":\"ImageObject\",\"inLanguage\":\"pt-BR\",\"@id\":\"https:\\\/\\\/zulenealves.com.br\\\/index.php\\\/2026\\\/08\\\/18\\\/raquel-lyra-reforca-parceria-com-lula-e-defende-gestao-em-caminhada-no-recife\\\/#primaryimage\",\"url\":\"https:\\\/\\\/imagens.ne10.uol.com.br\\\/veiculos\\\/_midias\\\/jpg\\\/2026\\\/08\\\/17\\\/whatsapp_image_2026_08_17_at_22_36_39-36999936.jpeg?ims=800x533\",\"contentUrl\":\"https:\\\/\\\/imagens.ne10.uol.com.br\\\/veiculos\\\/_midias\\\/jpg\\\/2026\\\/08\\\/17\\\/whatsapp_image_2026_08_17_at_22_36_39-36999936.jpeg?ims=800x533\"},{\"@type\":\"BreadcrumbList\",\"@id\":\"https:\\\/\\\/zulenealves.com.br\\\/index.php\\\/2026\\\/08\\\/18\\\/raquel-lyra-reforca-parceria-com-lula-e-defende-gestao-em-caminhada-no-recife\\\/#breadcrumb\",\"itemListElement\":[{\"@type\":\"ListItem\",\"position\":1,\"name\":\"In\u00edcio\",\"item\":\"https:\\\/\\\/zulenealves.com.br\\\/\"},{\"@type\":\"ListItem\",\"position\":2,\"name\":\"Raquel Lyra refor\u00e7a parceria com Lula e defende gest\u00e3o em caminhada no Recife\"}]},{\"@type\":\"WebSite\",\"@id\":\"https:\\\/\\\/zulenealves.com.br\\\/#website\",\"url\":\"https:\\\/\\\/zulenealves.com.br\\\/\",\"name\":\"Blog Zulene Alves\",\"description\":\"\",\"potentialAction\":[{\"@type\":\"SearchAction\",\"target\":{\"@type\":\"EntryPoint\",\"urlTemplate\":\"https:\\\/\\\/zulenealves.com.br\\\/?s={search_term_string}\"},\"query-input\":{\"@type\":\"PropertyValueSpecification\",\"valueRequired\":true,\"valueName\":\"search_term_string\"}}],\"inLanguage\":\"pt-BR\"},{\"@type\":\"Person\",\"@id\":\"https:\\\/\\\/zulenealves.com.br\\\/#\\\/schema\\\/person\\\/211b267042952b9d9062603ea5230577\",\"name\":\"Zulene Alves\",\"image\":{\"@type\":\"ImageObject\",\"inLanguage\":\"pt-BR\",\"@id\":\"https:\\\/\\\/secure.gravatar.com\\\/avatar\\\/6256ae245147d58c317918f3a20dbf75c244838a7b265be12b0edacdedc94737?s=96&d=mm&r=g\",\"url\":\"https:\\\/\\\/secure.gravatar.com\\\/avatar\\\/6256ae245147d58c317918f3a20dbf75c244838a7b265be12b0edacdedc94737?s=96&d=mm&r=g\",\"contentUrl\":\"https:\\\/\\\/secure.gravatar.com\\\/avatar\\\/6256ae245147d58c317918f3a20dbf75c244838a7b265be12b0edacdedc94737?s=96&d=mm&r=g\",\"caption\":\"Zulene Alves\"},\"sameAs\":[\"https:\\\/\\\/zulenealves.com.br\\\/\"],\"url\":\"https:\\\/\\\/zulenealves.com.br\\\/index.php\\\/author\\\/zulene\\\/\"}]}<\/script>\n<!-- \/ Yoast SEO plugin. -->","yoast_head_json":{"title":"Raquel Lyra refor\u00e7a parceria com Lula e defende gest\u00e3o em caminhada no Recife - Blog Zulene Alves","robots":{"index":"index","follow":"follow","max-snippet":"max-snippet:-1","max-image-preview":"max-image-preview:large","max-video-preview":"max-video-preview:-1"},"canonical":"https:\/\/zulenealves.com.br\/index.php\/2026\/08\/18\/raquel-lyra-reforca-parceria-com-lula-e-defende-gestao-em-caminhada-no-recife\/","og_locale":"pt_BR","og_type":"article","og_title":"Raquel Lyra refor\u00e7a parceria com Lula e defende gest\u00e3o em caminhada no Recife - Blog Zulene Alves","og_description":"Por\u00a0Alice Lins,\u00a0Larissa Aguiar A governadora e candidata \u00e0 reelei\u00e7\u00e3o Raquel Lyra (PSD) realizou a primeira caminhada, durante a campanha eleitoral, na noite desta segunda-feira (17). Ao lado da vice-governadora Priscila Krause (PSD) e do candidato ao Senado T\u00falio Gad\u00ealha (PSD), Raquel percorreu as ruas de Jardim S\u00e3o Paulo, cumprimentou moradores e\u00a0discursou sobre\u00a0a mobiliza\u00e7\u00e3o da milit\u00e2ncia. ... Leia mais","og_url":"https:\/\/zulenealves.com.br\/index.php\/2026\/08\/18\/raquel-lyra-reforca-parceria-com-lula-e-defende-gestao-em-caminhada-no-recife\/","og_site_name":"Blog Zulene Alves","article_published_time":"2026-08-18T03:00:19+00:00","article_modified_time":"2026-08-18T08:46:49+00:00","og_image":[{"url":"https:\/\/imagens.ne10.uol.com.br\/veiculos\/_midias\/jpg\/2026\/08\/17\/whatsapp_image_2026_08_17_at_22_36_39-36999936.jpeg?ims=800x533","type":"","width":"","height":""}],"author":"Zulene Alves","twitter_card":"summary_large_image","twitter_misc":{"Escrito por":"Zulene Alves","Est. tempo de leitura":"3 minutos"},"schema":{"@context":"https:\/\/schema.org","@graph":[{"@type":"Article","@id":"https:\/\/zulenealves.com.br\/index.php\/2026\/08\/18\/raquel-lyra-reforca-parceria-com-lula-e-defende-gestao-em-caminhada-no-recife\/#article","isPartOf":{"@id":"https:\/\/zulenealves.com.br\/index.php\/2026\/08\/18\/raquel-lyra-reforca-parceria-com-lula-e-defende-gestao-em-caminhada-no-recife\/"},"author":{"name":"Zulene Alves","@id":"https:\/\/zulenealves.com.br\/#\/schema\/person\/211b267042952b9d9062603ea5230577"},"headline":"Raquel Lyra refor\u00e7a parceria com Lula e defende gest\u00e3o em caminhada no Recife","datePublished":"2026-08-18T03:00:19+00:00","dateModified":"2026-08-18T08:46:49+00:00","mainEntityOfPage":{"@id":"https:\/\/zulenealves.com.br\/index.php\/2026\/08\/18\/raquel-lyra-reforca-parceria-com-lula-e-defende-gestao-em-caminhada-no-recife\/"},"wordCount":408,"image":{"@id":"https:\/\/zulenealves.com.br\/index.php\/2026\/08\/18\/raquel-lyra-reforca-parceria-com-lula-e-defende-gestao-em-caminhada-no-recife\/#primaryimage"},"thumbnailUrl":"https:\/\/imagens.ne10.uol.com.br\/veiculos\/_midias\/jpg\/2026\/08\/17\/whatsapp_image_2026_08_17_at_22_36_39-36999936.jpeg?ims=800x533","inLanguage":"pt-BR"},{"@type":"WebPage","@id":"https:\/\/zulenealves.com.br\/index.php\/2026\/08\/18\/raquel-lyra-reforca-parceria-com-lula-e-defende-gestao-em-caminhada-no-recife\/","url":"https:\/\/zulenealves.com.br\/index.php\/2026\/08\/18\/raquel-lyra-reforca-parceria-com-lula-e-defende-gestao-em-caminhada-no-recife\/","name":"Raquel Lyra refor\u00e7a parceria com Lula e defende gest\u00e3o em caminhada no Recife - Blog Zulene Alves","isPartOf":{"@id":"https:\/\/zulenealves.com.br\/#website"},"primaryImageOfPage":{"@id":"https:\/\/zulenealves.com.br\/index.php\/2026\/08\/18\/raquel-lyra-reforca-parceria-com-lula-e-defende-gestao-em-caminhada-no-recife\/#primaryimage"},"image":{"@id":"https:\/\/zulenealves.com.br\/index.php\/2026\/08\/18\/raquel-lyra-reforca-parceria-com-lula-e-defende-gestao-em-caminhada-no-recife\/#primaryimage"},"thumbnailUrl":"https:\/\/imagens.ne10.uol.com.br\/veiculos\/_midias\/jpg\/2026\/08\/17\/whatsapp_image_2026_08_17_at_22_36_39-36999936.jpeg?ims=800x533","datePublished":"2026-08-18T03:00:19+00:00","dateModified":"2026-08-18T08:46:49+00:00","author":{"@id":"https:\/\/zulenealves.com.br\/#\/schema\/person\/211b267042952b9d9062603ea5230577"},"breadcrumb":{"@id":"https:\/\/zulenealves.com.br\/index.php\/2026\/08\/18\/raquel-lyra-reforca-parceria-com-lula-e-defende-gestao-em-caminhada-no-recife\/#breadcrumb"},"inLanguage":"pt-BR","potentialAction":[{"@type":"ReadAction","target":["https:\/\/zulenealves.com.br\/index.php\/2026\/08\/18\/raquel-lyra-reforca-parceria-com-lula-e-defende-gestao-em-caminhada-no-recife\/"]}]},{"@type":"ImageObject","inLanguage":"pt-BR","@id":"https:\/\/zulenealves.com.br\/index.php\/2026\/08\/18\/raquel-lyra-reforca-parceria-com-lula-e-defende-gestao-em-caminhada-no-recife\/#primaryimage","url":"https:\/\/imagens.ne10.uol.com.br\/veiculos\/_midias\/jpg\/2026\/08\/17\/whatsapp_image_2026_08_17_at_22_36_39-36999936.jpeg?ims=800x533","contentUrl":"https:\/\/imagens.ne10.uol.com.br\/veiculos\/_midias\/jpg\/2026\/08\/17\/whatsapp_image_2026_08_17_at_22_36_39-36999936.jpeg?ims=800x533"},{"@type":"BreadcrumbList","@id":"https:\/\/zulenealves.com.br\/index.php\/2026\/08\/18\/raquel-lyra-reforca-parceria-com-lula-e-defende-gestao-em-caminhada-no-recife\/#breadcrumb","itemListElement":[{"@type":"ListItem","position":1,"name":"In\u00edcio","item":"https:\/\/zulenealves.com.br\/"},{"@type":"ListItem","position":2,"name":"Raquel Lyra refor\u00e7a parceria com Lula e defende gest\u00e3o em caminhada no Recife"}]},{"@type":"WebSite","@id":"https:\/\/zulenealves.com.br\/#website","url":"https:\/\/zulenealves.com.br\/","name":"Blog Zulene Alves","description":"","potentialAction":[{"@type":"SearchAction","target":{"@type":"EntryPoint","urlTemplate":"https:\/\/zulenealves.com.br\/?s={search_term_string}"},"query-input":{"@type":"PropertyValueSpecification","valueRequired":true,"valueName":"search_term_string"}}],"inLanguage":"pt-BR"},{"@type":"Person","@id":"https:\/\/zulenealves.com.br\/#\/schema\/person\/211b267042952b9d9062603ea5230577","name":"Zulene Alves","image":{"@type":"ImageObject","inLanguage":"pt-BR","@id":"https:\/\/secure.gravatar.com\/avatar\/6256ae245147d58c317918f3a20dbf75c244838a7b265be12b0edacdedc94737?s=96&d=mm&r=g","url":"https:\/\/secure.gravatar.com\/avatar\/6256ae245147d58c317918f3a20dbf75c244838a7b265be12b0edacdedc94737?s=96&d=mm&r=g","contentUrl":"https:\/\/secure.gravatar.com\/avatar\/6256ae245147d58c317918f3a20dbf75c244838a7b265be12b0edacdedc94737?s=96&d=mm&r=g","caption":"Zulene Alves"},"sameAs":["https:\/\/zulenealves.com.br\/"],"url":"https:\/\/zulenealves.com.br\/index.php\/author\/zulene\/"}]}},"_links":{"self":[{"href":"https:\/\/zulenealves.com.br\/index.php\/wp-json\/wp\/v2\/posts\/51073","targetHints":{"allow":["GET"]}}],"collection":[{"href":"https:\/\/zulenealves.com.br\/index.php\/wp-json\/wp\/v2\/posts"}],"about":[{"href":"https:\/\/zulenealves.com.br\/index.php\/wp-json\/wp\/v2\/types\/post"}],"author":[{"embeddable":true,"href":"https:\/\/zulenealves.com.br\/index.php\/wp-json\/wp\/v2\/users\/2"}],"replies":[{"embeddable":true,"href":"https:\/\/zulenealves.com.br\/index.php\/wp-json\/wp\/v2\/comments?post=51073"}],"version-history":[{"count":1,"href":"https:\/\/zulenealves.com.br\/index.php\/wp-json\/wp\/v2\/posts\/51073\/revisions"}],"predecessor-version":[{"id":51074,"href":"https:\/\/zulenealves.com.br\/index.php\/wp-json\/wp\/v2\/posts\/51073\/revisions\/51074"}],"wp:attachment":[{"href":"https:\/\/zulenealves.com.br\/index.php\/wp-json\/wp\/v2\/media?parent=51073"}],"wp:term":[{"taxonomy":"category","embeddable":true,"href":"https:\/\/zulenealves.com.br\/index.php\/wp-json\/wp\/v2\/categories?post=51073"},{"taxonomy":"post_tag","embeddable":true,"href":"https:\/\/zulenealves.com.br\/index.php\/wp-json\/wp\/v2\/tags?post=51073"}],"curies":[{"name":"wp","href":"https:\/\/api.w.org\/{rel}","templated":true}]}}