{"id":51075,"date":"2026-08-18T05:54:22","date_gmt":"2026-08-18T08:54:22","guid":{"rendered":"https:\/\/zulenealves.com.br\/?p=51075"},"modified":"2026-08-18T05:54:22","modified_gmt":"2026-08-18T08:54:22","slug":"fredson-e-dra-ruana-inauguram-sala-lilas-projeto-que-foi-concretizado-para-fortalecer-protecao-as-mulheres","status":"publish","type":"post","link":"https:\/\/zulenealves.com.br\/index.php\/2026\/08\/18\/fredson-e-dra-ruana-inauguram-sala-lilas-projeto-que-foi-concretizado-para-fortalecer-protecao-as-mulheres\/","title":{"rendered":"Fredson e Dra. Ruana inauguram Sala Lil\u00e1s, projeto que foi concretizado para fortalecer prote\u00e7\u00e3o \u00e0s mulheres"},"content":{"rendered":"<p><img fetchpriority=\"high\" decoding=\"async\" class=\"aligncenter\" src=\"https:\/\/blogdofinfa.com.br\/wp-content\/uploads\/2026\/08\/WhatsApp-Image-2026-08-17-at-21.48.16.webp\" width=\"582\" height=\"327\" \/><\/p>\n<p style=\"text-align: justify;\">A Prefeitura de S\u00e3o Jos\u00e9 do Egito inaugurou a Sala Lil\u00e1s, novo espa\u00e7o destinado ao acolhimento e prote\u00e7\u00e3o das mulheres do munic\u00edpio. O projeto \u00e9 uma iniciativa da secret\u00e1ria da Mulher, Dra. Ruana Furtado, e contou com total apoio do prefeito Fredson Brito para sua implanta\u00e7\u00e3o.<\/p>\n<p style=\"text-align: justify;\">A inaugura\u00e7\u00e3o reuniu o prefeito Fredson, a primeira-dama e secret\u00e1ria interina de Sa\u00fade, L\u00facia Brito, secret\u00e1rios municipais, Padre C\u00edcero e representantes da Patrulha Maria da Penha: 2\u00ba Tenente Vieira, 2\u00ba Sargento Messias e 2\u00aa Sargenta Anita.<\/p>\n<p style=\"text-align: justify;\">Fredson parabenizou a secret\u00e1ria pela iniciativa e refor\u00e7ou o compromisso da gest\u00e3o com as pol\u00edticas p\u00fablicas para as mulheres.<\/p>\n<p style=\"text-align: justify;\">\u201cParabenizo Dra. Ruana pela iniciativa e por transformar essa ideia em uma a\u00e7\u00e3o concreta. Desde que o projeto nos foi apresentado, demos todo o apoio necess\u00e1rio porque entendemos a import\u00e2ncia de oferecer um espa\u00e7o adequado, humanizado e seguro para acolher as mulheres\u201d, afirmou Fredson.<\/p>\n<p style=\"text-align: justify;\">Segundo Ruana Furtado, a ideia nasceu da necessidade de ampliar e humanizar ainda mais a rede de atendimento.<\/p>\n<p style=\"text-align: justify;\">\u201cA Sala Lil\u00e1s surgiu a partir da percep\u00e7\u00e3o de que precis\u00e1vamos de um ambiente reservado, acolhedor e preparado especialmente para receber mulheres que precisam de apoio e prote\u00e7\u00e3o. Apresentamos a ideia ao prefeito Fredson, que imediatamente abra\u00e7ou o projeto e nos deu todo o suporte para torn\u00e1-lo realidade\u201d, destacou Ruana.<\/p>\n<p style=\"text-align: justify;\">A nova Sala Lil\u00e1s passa a integrar as a\u00e7\u00f5es da Secretaria da Mulher e refor\u00e7a a rede municipal de acolhimento, prote\u00e7\u00e3o e enfrentamento \u00e0 viol\u00eancia contra a mulher em S\u00e3o Jos\u00e9 do Egito.<\/p>\n<div class=\"gsp_post_data\" \r\n\t            data-post_type=\"post\" \r\n\t            data-cat=\"sem-categoria\" \r\n\t            data-modified=\"120\"\r\n\t            data-created=\"1787032462\"\r\n\t            data-title=\"Fredson e Dra. Ruana inauguram Sala Lil\u00e1s, projeto que foi concretizado para fortalecer prote\u00e7\u00e3o \u00e0s mulheres\" \r\n\t            data-home=\"https:\/\/zulenealves.com.br\"><\/div>","protected":false},"excerpt":{"rendered":"<p>A Prefeitura de S\u00e3o Jos\u00e9 do Egito inaugurou a Sala Lil\u00e1s, novo espa\u00e7o destinado ao acolhimento e prote\u00e7\u00e3o das mulheres do munic\u00edpio. O projeto \u00e9 uma iniciativa da secret\u00e1ria da Mulher, Dra. Ruana Furtado, e contou com total apoio do prefeito Fredson Brito para sua implanta\u00e7\u00e3o. A inaugura\u00e7\u00e3o reuniu o prefeito Fredson, a primeira-dama e &#8230; <\/p>\n<p class=\"read-more-container\"><a title=\"Fredson e Dra. Ruana inauguram Sala Lil\u00e1s, projeto que foi concretizado para fortalecer prote\u00e7\u00e3o \u00e0s mulheres\" class=\"read-more button\" href=\"https:\/\/zulenealves.com.br\/index.php\/2026\/08\/18\/fredson-e-dra-ruana-inauguram-sala-lilas-projeto-que-foi-concretizado-para-fortalecer-protecao-as-mulheres\/#more-51075\" aria-label=\"More on Fredson e Dra. Ruana inauguram Sala Lil\u00e1s, projeto que foi concretizado para fortalecer prote\u00e7\u00e3o \u00e0s mulheres\">Leia mais<\/a><\/p>\n","protected":false},"author":2,"featured_media":0,"comment_status":"closed","ping_status":"closed","sticky":false,"template":"","format":"standard","meta":{"footnotes":""},"categories":[1],"tags":[],"class_list":["post-51075","post","type-post","status-publish","format-standard","hentry","category-sem-categoria"],"yoast_head":"<!-- This site is optimized with the Yoast SEO plugin v28.4 - https:\/\/yoast.com\/product\/yoast-seo-wordpress\/ -->\n<title>Fredson e Dra. Ruana inauguram Sala Lil\u00e1s, projeto que foi concretizado para fortalecer prote\u00e7\u00e3o \u00e0s mulheres - Blog Zulene Alves<\/title>\n<meta name=\"robots\" content=\"index, follow, max-snippet:-1, max-image-preview:large, max-video-preview:-1\" \/>\n<link rel=\"canonical\" href=\"https:\/\/zulenealves.com.br\/index.php\/2026\/08\/18\/fredson-e-dra-ruana-inauguram-sala-lilas-projeto-que-foi-concretizado-para-fortalecer-protecao-as-mulheres\/\" \/>\n<meta property=\"og:locale\" content=\"pt_BR\" \/>\n<meta property=\"og:type\" content=\"article\" \/>\n<meta property=\"og:title\" content=\"Fredson e Dra. Ruana inauguram Sala Lil\u00e1s, projeto que foi concretizado para fortalecer prote\u00e7\u00e3o \u00e0s mulheres - Blog Zulene Alves\" \/>\n<meta property=\"og:description\" content=\"A Prefeitura de S\u00e3o Jos\u00e9 do Egito inaugurou a Sala Lil\u00e1s, novo espa\u00e7o destinado ao acolhimento e prote\u00e7\u00e3o das mulheres do munic\u00edpio. O projeto \u00e9 uma iniciativa da secret\u00e1ria da Mulher, Dra. Ruana Furtado, e contou com total apoio do prefeito Fredson Brito para sua implanta\u00e7\u00e3o. A inaugura\u00e7\u00e3o reuniu o prefeito Fredson, a primeira-dama e ... Leia mais\" \/>\n<meta property=\"og:url\" content=\"https:\/\/zulenealves.com.br\/index.php\/2026\/08\/18\/fredson-e-dra-ruana-inauguram-sala-lilas-projeto-que-foi-concretizado-para-fortalecer-protecao-as-mulheres\/\" \/>\n<meta property=\"og:site_name\" content=\"Blog Zulene Alves\" \/>\n<meta property=\"article:published_time\" content=\"2026-08-18T08:54:22+00:00\" \/>\n<meta property=\"og:image\" content=\"https:\/\/blogdofinfa.com.br\/wp-content\/uploads\/2026\/08\/WhatsApp-Image-2026-08-17-at-21.48.16.webp\" \/>\n<meta name=\"author\" content=\"Zulene Alves\" \/>\n<meta name=\"twitter:card\" content=\"summary_large_image\" \/>\n<meta name=\"twitter:label1\" content=\"Escrito por\" \/>\n\t<meta name=\"twitter:data1\" content=\"Zulene Alves\" \/>\n\t<meta name=\"twitter:label2\" content=\"Est. tempo de leitura\" \/>\n\t<meta name=\"twitter:data2\" content=\"2 minutos\" \/>\n<script type=\"application\/ld+json\" class=\"yoast-schema-graph\">{\"@context\":\"https:\\\/\\\/schema.org\",\"@graph\":[{\"@type\":\"Article\",\"@id\":\"https:\\\/\\\/zulenealves.com.br\\\/index.php\\\/2026\\\/08\\\/18\\\/fredson-e-dra-ruana-inauguram-sala-lilas-projeto-que-foi-concretizado-para-fortalecer-protecao-as-mulheres\\\/#article\",\"isPartOf\":{\"@id\":\"https:\\\/\\\/zulenealves.com.br\\\/index.php\\\/2026\\\/08\\\/18\\\/fredson-e-dra-ruana-inauguram-sala-lilas-projeto-que-foi-concretizado-para-fortalecer-protecao-as-mulheres\\\/\"},\"author\":{\"name\":\"Zulene Alves\",\"@id\":\"https:\\\/\\\/zulenealves.com.br\\\/#\\\/schema\\\/person\\\/211b267042952b9d9062603ea5230577\"},\"headline\":\"Fredson e Dra. Ruana inauguram Sala Lil\u00e1s, projeto que foi concretizado para fortalecer prote\u00e7\u00e3o \u00e0s mulheres\",\"datePublished\":\"2026-08-18T08:54:22+00:00\",\"mainEntityOfPage\":{\"@id\":\"https:\\\/\\\/zulenealves.com.br\\\/index.php\\\/2026\\\/08\\\/18\\\/fredson-e-dra-ruana-inauguram-sala-lilas-projeto-que-foi-concretizado-para-fortalecer-protecao-as-mulheres\\\/\"},\"wordCount\":293,\"image\":{\"@id\":\"https:\\\/\\\/zulenealves.com.br\\\/index.php\\\/2026\\\/08\\\/18\\\/fredson-e-dra-ruana-inauguram-sala-lilas-projeto-que-foi-concretizado-para-fortalecer-protecao-as-mulheres\\\/#primaryimage\"},\"thumbnailUrl\":\"https:\\\/\\\/blogdofinfa.com.br\\\/wp-content\\\/uploads\\\/2026\\\/08\\\/WhatsApp-Image-2026-08-17-at-21.48.16.webp\",\"inLanguage\":\"pt-BR\"},{\"@type\":\"WebPage\",\"@id\":\"https:\\\/\\\/zulenealves.com.br\\\/index.php\\\/2026\\\/08\\\/18\\\/fredson-e-dra-ruana-inauguram-sala-lilas-projeto-que-foi-concretizado-para-fortalecer-protecao-as-mulheres\\\/\",\"url\":\"https:\\\/\\\/zulenealves.com.br\\\/index.php\\\/2026\\\/08\\\/18\\\/fredson-e-dra-ruana-inauguram-sala-lilas-projeto-que-foi-concretizado-para-fortalecer-protecao-as-mulheres\\\/\",\"name\":\"Fredson e Dra. Ruana inauguram Sala Lil\u00e1s, projeto que foi concretizado para fortalecer prote\u00e7\u00e3o \u00e0s mulheres - Blog Zulene Alves\",\"isPartOf\":{\"@id\":\"https:\\\/\\\/zulenealves.com.br\\\/#website\"},\"primaryImageOfPage\":{\"@id\":\"https:\\\/\\\/zulenealves.com.br\\\/index.php\\\/2026\\\/08\\\/18\\\/fredson-e-dra-ruana-inauguram-sala-lilas-projeto-que-foi-concretizado-para-fortalecer-protecao-as-mulheres\\\/#primaryimage\"},\"image\":{\"@id\":\"https:\\\/\\\/zulenealves.com.br\\\/index.php\\\/2026\\\/08\\\/18\\\/fredson-e-dra-ruana-inauguram-sala-lilas-projeto-que-foi-concretizado-para-fortalecer-protecao-as-mulheres\\\/#primaryimage\"},\"thumbnailUrl\":\"https:\\\/\\\/blogdofinfa.com.br\\\/wp-content\\\/uploads\\\/2026\\\/08\\\/WhatsApp-Image-2026-08-17-at-21.48.16.webp\",\"datePublished\":\"2026-08-18T08:54:22+00:00\",\"author\":{\"@id\":\"https:\\\/\\\/zulenealves.com.br\\\/#\\\/schema\\\/person\\\/211b267042952b9d9062603ea5230577\"},\"breadcrumb\":{\"@id\":\"https:\\\/\\\/zulenealves.com.br\\\/index.php\\\/2026\\\/08\\\/18\\\/fredson-e-dra-ruana-inauguram-sala-lilas-projeto-que-foi-concretizado-para-fortalecer-protecao-as-mulheres\\\/#breadcrumb\"},\"inLanguage\":\"pt-BR\",\"potentialAction\":[{\"@type\":\"ReadAction\",\"target\":[\"https:\\\/\\\/zulenealves.com.br\\\/index.php\\\/2026\\\/08\\\/18\\\/fredson-e-dra-ruana-inauguram-sala-lilas-projeto-que-foi-concretizado-para-fortalecer-protecao-as-mulheres\\\/\"]}]},{\"@type\":\"ImageObject\",\"inLanguage\":\"pt-BR\",\"@id\":\"https:\\\/\\\/zulenealves.com.br\\\/index.php\\\/2026\\\/08\\\/18\\\/fredson-e-dra-ruana-inauguram-sala-lilas-projeto-que-foi-concretizado-para-fortalecer-protecao-as-mulheres\\\/#primaryimage\",\"url\":\"https:\\\/\\\/blogdofinfa.com.br\\\/wp-content\\\/uploads\\\/2026\\\/08\\\/WhatsApp-Image-2026-08-17-at-21.48.16.webp\",\"contentUrl\":\"https:\\\/\\\/blogdofinfa.com.br\\\/wp-content\\\/uploads\\\/2026\\\/08\\\/WhatsApp-Image-2026-08-17-at-21.48.16.webp\"},{\"@type\":\"BreadcrumbList\",\"@id\":\"https:\\\/\\\/zulenealves.com.br\\\/index.php\\\/2026\\\/08\\\/18\\\/fredson-e-dra-ruana-inauguram-sala-lilas-projeto-que-foi-concretizado-para-fortalecer-protecao-as-mulheres\\\/#breadcrumb\",\"itemListElement\":[{\"@type\":\"ListItem\",\"position\":1,\"name\":\"In\u00edcio\",\"item\":\"https:\\\/\\\/zulenealves.com.br\\\/\"},{\"@type\":\"ListItem\",\"position\":2,\"name\":\"Fredson e Dra. Ruana inauguram Sala Lil\u00e1s, projeto que foi concretizado para fortalecer prote\u00e7\u00e3o \u00e0s mulheres\"}]},{\"@type\":\"WebSite\",\"@id\":\"https:\\\/\\\/zulenealves.com.br\\\/#website\",\"url\":\"https:\\\/\\\/zulenealves.com.br\\\/\",\"name\":\"Blog Zulene Alves\",\"description\":\"\",\"potentialAction\":[{\"@type\":\"SearchAction\",\"target\":{\"@type\":\"EntryPoint\",\"urlTemplate\":\"https:\\\/\\\/zulenealves.com.br\\\/?s={search_term_string}\"},\"query-input\":{\"@type\":\"PropertyValueSpecification\",\"valueRequired\":true,\"valueName\":\"search_term_string\"}}],\"inLanguage\":\"pt-BR\"},{\"@type\":\"Person\",\"@id\":\"https:\\\/\\\/zulenealves.com.br\\\/#\\\/schema\\\/person\\\/211b267042952b9d9062603ea5230577\",\"name\":\"Zulene Alves\",\"image\":{\"@type\":\"ImageObject\",\"inLanguage\":\"pt-BR\",\"@id\":\"https:\\\/\\\/secure.gravatar.com\\\/avatar\\\/6256ae245147d58c317918f3a20dbf75c244838a7b265be12b0edacdedc94737?s=96&d=mm&r=g\",\"url\":\"https:\\\/\\\/secure.gravatar.com\\\/avatar\\\/6256ae245147d58c317918f3a20dbf75c244838a7b265be12b0edacdedc94737?s=96&d=mm&r=g\",\"contentUrl\":\"https:\\\/\\\/secure.gravatar.com\\\/avatar\\\/6256ae245147d58c317918f3a20dbf75c244838a7b265be12b0edacdedc94737?s=96&d=mm&r=g\",\"caption\":\"Zulene Alves\"},\"sameAs\":[\"https:\\\/\\\/zulenealves.com.br\\\/\"],\"url\":\"https:\\\/\\\/zulenealves.com.br\\\/index.php\\\/author\\\/zulene\\\/\"}]}<\/script>\n<!-- \/ Yoast SEO plugin. -->","yoast_head_json":{"title":"Fredson e Dra. Ruana inauguram Sala Lil\u00e1s, projeto que foi concretizado para fortalecer prote\u00e7\u00e3o \u00e0s mulheres - Blog Zulene Alves","robots":{"index":"index","follow":"follow","max-snippet":"max-snippet:-1","max-image-preview":"max-image-preview:large","max-video-preview":"max-video-preview:-1"},"canonical":"https:\/\/zulenealves.com.br\/index.php\/2026\/08\/18\/fredson-e-dra-ruana-inauguram-sala-lilas-projeto-que-foi-concretizado-para-fortalecer-protecao-as-mulheres\/","og_locale":"pt_BR","og_type":"article","og_title":"Fredson e Dra. Ruana inauguram Sala Lil\u00e1s, projeto que foi concretizado para fortalecer prote\u00e7\u00e3o \u00e0s mulheres - Blog Zulene Alves","og_description":"A Prefeitura de S\u00e3o Jos\u00e9 do Egito inaugurou a Sala Lil\u00e1s, novo espa\u00e7o destinado ao acolhimento e prote\u00e7\u00e3o das mulheres do munic\u00edpio. O projeto \u00e9 uma iniciativa da secret\u00e1ria da Mulher, Dra. Ruana Furtado, e contou com total apoio do prefeito Fredson Brito para sua implanta\u00e7\u00e3o. A inaugura\u00e7\u00e3o reuniu o prefeito Fredson, a primeira-dama e ... Leia mais","og_url":"https:\/\/zulenealves.com.br\/index.php\/2026\/08\/18\/fredson-e-dra-ruana-inauguram-sala-lilas-projeto-que-foi-concretizado-para-fortalecer-protecao-as-mulheres\/","og_site_name":"Blog Zulene Alves","article_published_time":"2026-08-18T08:54:22+00:00","og_image":[{"url":"https:\/\/blogdofinfa.com.br\/wp-content\/uploads\/2026\/08\/WhatsApp-Image-2026-08-17-at-21.48.16.webp","type":"","width":"","height":""}],"author":"Zulene Alves","twitter_card":"summary_large_image","twitter_misc":{"Escrito por":"Zulene Alves","Est. tempo de leitura":"2 minutos"},"schema":{"@context":"https:\/\/schema.org","@graph":[{"@type":"Article","@id":"https:\/\/zulenealves.com.br\/index.php\/2026\/08\/18\/fredson-e-dra-ruana-inauguram-sala-lilas-projeto-que-foi-concretizado-para-fortalecer-protecao-as-mulheres\/#article","isPartOf":{"@id":"https:\/\/zulenealves.com.br\/index.php\/2026\/08\/18\/fredson-e-dra-ruana-inauguram-sala-lilas-projeto-que-foi-concretizado-para-fortalecer-protecao-as-mulheres\/"},"author":{"name":"Zulene Alves","@id":"https:\/\/zulenealves.com.br\/#\/schema\/person\/211b267042952b9d9062603ea5230577"},"headline":"Fredson e Dra. Ruana inauguram Sala Lil\u00e1s, projeto que foi concretizado para fortalecer prote\u00e7\u00e3o \u00e0s mulheres","datePublished":"2026-08-18T08:54:22+00:00","mainEntityOfPage":{"@id":"https:\/\/zulenealves.com.br\/index.php\/2026\/08\/18\/fredson-e-dra-ruana-inauguram-sala-lilas-projeto-que-foi-concretizado-para-fortalecer-protecao-as-mulheres\/"},"wordCount":293,"image":{"@id":"https:\/\/zulenealves.com.br\/index.php\/2026\/08\/18\/fredson-e-dra-ruana-inauguram-sala-lilas-projeto-que-foi-concretizado-para-fortalecer-protecao-as-mulheres\/#primaryimage"},"thumbnailUrl":"https:\/\/blogdofinfa.com.br\/wp-content\/uploads\/2026\/08\/WhatsApp-Image-2026-08-17-at-21.48.16.webp","inLanguage":"pt-BR"},{"@type":"WebPage","@id":"https:\/\/zulenealves.com.br\/index.php\/2026\/08\/18\/fredson-e-dra-ruana-inauguram-sala-lilas-projeto-que-foi-concretizado-para-fortalecer-protecao-as-mulheres\/","url":"https:\/\/zulenealves.com.br\/index.php\/2026\/08\/18\/fredson-e-dra-ruana-inauguram-sala-lilas-projeto-que-foi-concretizado-para-fortalecer-protecao-as-mulheres\/","name":"Fredson e Dra. Ruana inauguram Sala Lil\u00e1s, projeto que foi concretizado para fortalecer prote\u00e7\u00e3o \u00e0s mulheres - Blog Zulene Alves","isPartOf":{"@id":"https:\/\/zulenealves.com.br\/#website"},"primaryImageOfPage":{"@id":"https:\/\/zulenealves.com.br\/index.php\/2026\/08\/18\/fredson-e-dra-ruana-inauguram-sala-lilas-projeto-que-foi-concretizado-para-fortalecer-protecao-as-mulheres\/#primaryimage"},"image":{"@id":"https:\/\/zulenealves.com.br\/index.php\/2026\/08\/18\/fredson-e-dra-ruana-inauguram-sala-lilas-projeto-que-foi-concretizado-para-fortalecer-protecao-as-mulheres\/#primaryimage"},"thumbnailUrl":"https:\/\/blogdofinfa.com.br\/wp-content\/uploads\/2026\/08\/WhatsApp-Image-2026-08-17-at-21.48.16.webp","datePublished":"2026-08-18T08:54:22+00:00","author":{"@id":"https:\/\/zulenealves.com.br\/#\/schema\/person\/211b267042952b9d9062603ea5230577"},"breadcrumb":{"@id":"https:\/\/zulenealves.com.br\/index.php\/2026\/08\/18\/fredson-e-dra-ruana-inauguram-sala-lilas-projeto-que-foi-concretizado-para-fortalecer-protecao-as-mulheres\/#breadcrumb"},"inLanguage":"pt-BR","potentialAction":[{"@type":"ReadAction","target":["https:\/\/zulenealves.com.br\/index.php\/2026\/08\/18\/fredson-e-dra-ruana-inauguram-sala-lilas-projeto-que-foi-concretizado-para-fortalecer-protecao-as-mulheres\/"]}]},{"@type":"ImageObject","inLanguage":"pt-BR","@id":"https:\/\/zulenealves.com.br\/index.php\/2026\/08\/18\/fredson-e-dra-ruana-inauguram-sala-lilas-projeto-que-foi-concretizado-para-fortalecer-protecao-as-mulheres\/#primaryimage","url":"https:\/\/blogdofinfa.com.br\/wp-content\/uploads\/2026\/08\/WhatsApp-Image-2026-08-17-at-21.48.16.webp","contentUrl":"https:\/\/blogdofinfa.com.br\/wp-content\/uploads\/2026\/08\/WhatsApp-Image-2026-08-17-at-21.48.16.webp"},{"@type":"BreadcrumbList","@id":"https:\/\/zulenealves.com.br\/index.php\/2026\/08\/18\/fredson-e-dra-ruana-inauguram-sala-lilas-projeto-que-foi-concretizado-para-fortalecer-protecao-as-mulheres\/#breadcrumb","itemListElement":[{"@type":"ListItem","position":1,"name":"In\u00edcio","item":"https:\/\/zulenealves.com.br\/"},{"@type":"ListItem","position":2,"name":"Fredson e Dra. Ruana inauguram Sala Lil\u00e1s, projeto que foi concretizado para fortalecer prote\u00e7\u00e3o \u00e0s mulheres"}]},{"@type":"WebSite","@id":"https:\/\/zulenealves.com.br\/#website","url":"https:\/\/zulenealves.com.br\/","name":"Blog Zulene Alves","description":"","potentialAction":[{"@type":"SearchAction","target":{"@type":"EntryPoint","urlTemplate":"https:\/\/zulenealves.com.br\/?s={search_term_string}"},"query-input":{"@type":"PropertyValueSpecification","valueRequired":true,"valueName":"search_term_string"}}],"inLanguage":"pt-BR"},{"@type":"Person","@id":"https:\/\/zulenealves.com.br\/#\/schema\/person\/211b267042952b9d9062603ea5230577","name":"Zulene Alves","image":{"@type":"ImageObject","inLanguage":"pt-BR","@id":"https:\/\/secure.gravatar.com\/avatar\/6256ae245147d58c317918f3a20dbf75c244838a7b265be12b0edacdedc94737?s=96&d=mm&r=g","url":"https:\/\/secure.gravatar.com\/avatar\/6256ae245147d58c317918f3a20dbf75c244838a7b265be12b0edacdedc94737?s=96&d=mm&r=g","contentUrl":"https:\/\/secure.gravatar.com\/avatar\/6256ae245147d58c317918f3a20dbf75c244838a7b265be12b0edacdedc94737?s=96&d=mm&r=g","caption":"Zulene Alves"},"sameAs":["https:\/\/zulenealves.com.br\/"],"url":"https:\/\/zulenealves.com.br\/index.php\/author\/zulene\/"}]}},"_links":{"self":[{"href":"https:\/\/zulenealves.com.br\/index.php\/wp-json\/wp\/v2\/posts\/51075","targetHints":{"allow":["GET"]}}],"collection":[{"href":"https:\/\/zulenealves.com.br\/index.php\/wp-json\/wp\/v2\/posts"}],"about":[{"href":"https:\/\/zulenealves.com.br\/index.php\/wp-json\/wp\/v2\/types\/post"}],"author":[{"embeddable":true,"href":"https:\/\/zulenealves.com.br\/index.php\/wp-json\/wp\/v2\/users\/2"}],"replies":[{"embeddable":true,"href":"https:\/\/zulenealves.com.br\/index.php\/wp-json\/wp\/v2\/comments?post=51075"}],"version-history":[{"count":1,"href":"https:\/\/zulenealves.com.br\/index.php\/wp-json\/wp\/v2\/posts\/51075\/revisions"}],"predecessor-version":[{"id":51076,"href":"https:\/\/zulenealves.com.br\/index.php\/wp-json\/wp\/v2\/posts\/51075\/revisions\/51076"}],"wp:attachment":[{"href":"https:\/\/zulenealves.com.br\/index.php\/wp-json\/wp\/v2\/media?parent=51075"}],"wp:term":[{"taxonomy":"category","embeddable":true,"href":"https:\/\/zulenealves.com.br\/index.php\/wp-json\/wp\/v2\/categories?post=51075"},{"taxonomy":"post_tag","embeddable":true,"href":"https:\/\/zulenealves.com.br\/index.php\/wp-json\/wp\/v2\/tags?post=51075"}],"curies":[{"name":"wp","href":"https:\/\/api.w.org\/{rel}","templated":true}]}}