{"id":51168,"date":"2026-08-21T06:06:46","date_gmt":"2026-08-21T09:06:46","guid":{"rendered":"https:\/\/zulenealves.com.br\/?p=51168"},"modified":"2026-08-21T06:06:51","modified_gmt":"2026-08-21T09:06:51","slug":"dr-pedro-alves-participa-do-premio-idepe-destaque-2025-ao-lado-da-equipe-da-educacao","status":"publish","type":"post","link":"https:\/\/zulenealves.com.br\/index.php\/2026\/08\/21\/dr-pedro-alves-participa-do-premio-idepe-destaque-2025-ao-lado-da-equipe-da-educacao\/","title":{"rendered":"Dr. Pedro Alves participa do Pr\u00eamio IDEPE Destaque 2025 ao lado da equipe da Educa\u00e7\u00e3o"},"content":{"rendered":"<p><span style=\"text-align: justify;\">O prefeito de Iguaracy Dr. Pedro Alves participou, nesta quinta-feira (20), na capital pernambucana, da solenidade do Pr\u00eamio IDEPE \u2013 \u00cdndice de Desenvolvimento da Educa\u00e7\u00e3o de Pernambuco \u2013 Destaque 2025, promovido pelo Governo de Pernambuco, por meio da Secretaria de Educa\u00e7\u00e3o.<\/span><\/p>\n<p style=\"text-align: justify;\">Ao lado do prefeito, estiveram a secret\u00e1ria de Educa\u00e7\u00e3o, Ariane Regina, a secret\u00e1ria Adjunta de Educa\u00e7\u00e3o, Adelma Melo de Santana Rodrigues, e a diretora de Ensino, Silvani Teles da Silva Xavier, representando a equipe da Secretaria Municipal de Educa\u00e7\u00e3o.<\/p>\n<p style=\"text-align: justify;\">A presen\u00e7a da comitiva de Iguaracy na solenidade representa um momento de reconhecimento e valoriza\u00e7\u00e3o do trabalho desenvolvido na \u00e1rea educacional, al\u00e9m de refor\u00e7ar o compromisso da gest\u00e3o do prefeito Dr. Pedro Alves com o fortalecimento da educa\u00e7\u00e3o p\u00fablica e com a melhoria dos resultados para os estudantes.<\/p>\n<p style=\"text-align: justify;\">O Pr\u00eamio IDEPE Destaque 2025 celebra munic\u00edpios e profissionais que v\u00eam se destacando pelos avan\u00e7os e resultados alcan\u00e7ados na educa\u00e7\u00e3o, reconhecendo iniciativas que contribuem para a melhoria da qualidade do ensino em Pernambuco.<\/p>\n<p style=\"text-align: justify;\">A participa\u00e7\u00e3o de Dr. Pedro Alves e da equipe da Educa\u00e7\u00e3o demonstra a import\u00e2ncia de acompanhar de perto momentos como esse, valorizando os profissionais e fortalecendo as a\u00e7\u00f5es voltadas para uma educa\u00e7\u00e3o cada vez mais eficiente e transformadora.<\/p>\n<div class=\"gsp_post_data\" \r\n\t            data-post_type=\"post\" \r\n\t            data-cat=\"destaque\" \r\n\t            data-modified=\"120\"\r\n\t            data-created=\"1787292406\"\r\n\t            data-title=\"Dr. Pedro Alves participa do Pr\u00eamio IDEPE Destaque 2025 ao lado da equipe da Educa\u00e7\u00e3o\" \r\n\t            data-home=\"https:\/\/zulenealves.com.br\"><\/div>","protected":false},"excerpt":{"rendered":"<p>O prefeito de Iguaracy Dr. Pedro Alves participou, nesta quinta-feira (20), na capital pernambucana, da solenidade do Pr\u00eamio IDEPE \u2013 \u00cdndice de Desenvolvimento da Educa\u00e7\u00e3o de Pernambuco \u2013 Destaque 2025, promovido pelo Governo de Pernambuco, por meio da Secretaria de Educa\u00e7\u00e3o. Ao lado do prefeito, estiveram a secret\u00e1ria de Educa\u00e7\u00e3o, Ariane Regina, a secret\u00e1ria Adjunta &#8230; <\/p>\n<p class=\"read-more-container\"><a title=\"Dr. Pedro Alves participa do Pr\u00eamio IDEPE Destaque 2025 ao lado da equipe da Educa\u00e7\u00e3o\" class=\"read-more button\" href=\"https:\/\/zulenealves.com.br\/index.php\/2026\/08\/21\/dr-pedro-alves-participa-do-premio-idepe-destaque-2025-ao-lado-da-equipe-da-educacao\/#more-51168\" aria-label=\"More on Dr. Pedro Alves participa do Pr\u00eamio IDEPE Destaque 2025 ao lado da equipe da Educa\u00e7\u00e3o\">Leia mais<\/a><\/p>\n","protected":false},"author":2,"featured_media":51169,"comment_status":"closed","ping_status":"closed","sticky":false,"template":"","format":"standard","meta":{"footnotes":""},"categories":[23],"tags":[],"class_list":["post-51168","post","type-post","status-publish","format-standard","has-post-thumbnail","hentry","category-destaque","resize-featured-image"],"yoast_head":"<!-- This site is optimized with the Yoast SEO plugin v28.4 - https:\/\/yoast.com\/product\/yoast-seo-wordpress\/ -->\n<title>Dr. Pedro Alves participa do Pr\u00eamio IDEPE Destaque 2025 ao lado da equipe da Educa\u00e7\u00e3o - Blog Zulene Alves<\/title>\n<meta name=\"robots\" content=\"index, follow, max-snippet:-1, max-image-preview:large, max-video-preview:-1\" \/>\n<link rel=\"canonical\" href=\"https:\/\/zulenealves.com.br\/index.php\/2026\/08\/21\/dr-pedro-alves-participa-do-premio-idepe-destaque-2025-ao-lado-da-equipe-da-educacao\/\" \/>\n<meta property=\"og:locale\" content=\"pt_BR\" \/>\n<meta property=\"og:type\" content=\"article\" \/>\n<meta property=\"og:title\" content=\"Dr. Pedro Alves participa do Pr\u00eamio IDEPE Destaque 2025 ao lado da equipe da Educa\u00e7\u00e3o - Blog Zulene Alves\" \/>\n<meta property=\"og:description\" content=\"O prefeito de Iguaracy Dr. Pedro Alves participou, nesta quinta-feira (20), na capital pernambucana, da solenidade do Pr\u00eamio IDEPE \u2013 \u00cdndice de Desenvolvimento da Educa\u00e7\u00e3o de Pernambuco \u2013 Destaque 2025, promovido pelo Governo de Pernambuco, por meio da Secretaria de Educa\u00e7\u00e3o. Ao lado do prefeito, estiveram a secret\u00e1ria de Educa\u00e7\u00e3o, Ariane Regina, a secret\u00e1ria Adjunta ... Leia mais\" \/>\n<meta property=\"og:url\" content=\"https:\/\/zulenealves.com.br\/index.php\/2026\/08\/21\/dr-pedro-alves-participa-do-premio-idepe-destaque-2025-ao-lado-da-equipe-da-educacao\/\" \/>\n<meta property=\"og:site_name\" content=\"Blog Zulene Alves\" \/>\n<meta property=\"article:published_time\" content=\"2026-08-21T09:06:46+00:00\" \/>\n<meta property=\"article:modified_time\" content=\"2026-08-21T09:06:51+00:00\" \/>\n<meta property=\"og:image\" content=\"https:\/\/zulenealves.com.br\/wp-content\/uploads\/2026\/08\/886.webp\" \/>\n\t<meta property=\"og:image:width\" content=\"960\" \/>\n\t<meta property=\"og:image:height\" content=\"768\" \/>\n\t<meta property=\"og:image:type\" content=\"image\/webp\" \/>\n<meta name=\"author\" content=\"Zulene Alves\" \/>\n<meta name=\"twitter:card\" content=\"summary_large_image\" \/>\n<meta name=\"twitter:label1\" content=\"Escrito por\" \/>\n\t<meta name=\"twitter:data1\" content=\"Zulene Alves\" \/>\n\t<meta name=\"twitter:label2\" content=\"Est. tempo de leitura\" \/>\n\t<meta name=\"twitter:data2\" content=\"2 minutos\" \/>\n<script type=\"application\/ld+json\" class=\"yoast-schema-graph\">{\"@context\":\"https:\\\/\\\/schema.org\",\"@graph\":[{\"@type\":\"Article\",\"@id\":\"https:\\\/\\\/zulenealves.com.br\\\/index.php\\\/2026\\\/08\\\/21\\\/dr-pedro-alves-participa-do-premio-idepe-destaque-2025-ao-lado-da-equipe-da-educacao\\\/#article\",\"isPartOf\":{\"@id\":\"https:\\\/\\\/zulenealves.com.br\\\/index.php\\\/2026\\\/08\\\/21\\\/dr-pedro-alves-participa-do-premio-idepe-destaque-2025-ao-lado-da-equipe-da-educacao\\\/\"},\"author\":{\"name\":\"Zulene Alves\",\"@id\":\"https:\\\/\\\/zulenealves.com.br\\\/#\\\/schema\\\/person\\\/211b267042952b9d9062603ea5230577\"},\"headline\":\"Dr. Pedro Alves participa do Pr\u00eamio IDEPE Destaque 2025 ao lado da equipe da Educa\u00e7\u00e3o\",\"datePublished\":\"2026-08-21T09:06:46+00:00\",\"dateModified\":\"2026-08-21T09:06:51+00:00\",\"mainEntityOfPage\":{\"@id\":\"https:\\\/\\\/zulenealves.com.br\\\/index.php\\\/2026\\\/08\\\/21\\\/dr-pedro-alves-participa-do-premio-idepe-destaque-2025-ao-lado-da-equipe-da-educacao\\\/\"},\"wordCount\":236,\"image\":{\"@id\":\"https:\\\/\\\/zulenealves.com.br\\\/index.php\\\/2026\\\/08\\\/21\\\/dr-pedro-alves-participa-do-premio-idepe-destaque-2025-ao-lado-da-equipe-da-educacao\\\/#primaryimage\"},\"thumbnailUrl\":\"https:\\\/\\\/zulenealves.com.br\\\/wp-content\\\/uploads\\\/2026\\\/08\\\/886.webp\",\"articleSection\":[\"Destaque\"],\"inLanguage\":\"pt-BR\"},{\"@type\":\"WebPage\",\"@id\":\"https:\\\/\\\/zulenealves.com.br\\\/index.php\\\/2026\\\/08\\\/21\\\/dr-pedro-alves-participa-do-premio-idepe-destaque-2025-ao-lado-da-equipe-da-educacao\\\/\",\"url\":\"https:\\\/\\\/zulenealves.com.br\\\/index.php\\\/2026\\\/08\\\/21\\\/dr-pedro-alves-participa-do-premio-idepe-destaque-2025-ao-lado-da-equipe-da-educacao\\\/\",\"name\":\"Dr. Pedro Alves participa do Pr\u00eamio IDEPE Destaque 2025 ao lado da equipe da Educa\u00e7\u00e3o - Blog Zulene Alves\",\"isPartOf\":{\"@id\":\"https:\\\/\\\/zulenealves.com.br\\\/#website\"},\"primaryImageOfPage\":{\"@id\":\"https:\\\/\\\/zulenealves.com.br\\\/index.php\\\/2026\\\/08\\\/21\\\/dr-pedro-alves-participa-do-premio-idepe-destaque-2025-ao-lado-da-equipe-da-educacao\\\/#primaryimage\"},\"image\":{\"@id\":\"https:\\\/\\\/zulenealves.com.br\\\/index.php\\\/2026\\\/08\\\/21\\\/dr-pedro-alves-participa-do-premio-idepe-destaque-2025-ao-lado-da-equipe-da-educacao\\\/#primaryimage\"},\"thumbnailUrl\":\"https:\\\/\\\/zulenealves.com.br\\\/wp-content\\\/uploads\\\/2026\\\/08\\\/886.webp\",\"datePublished\":\"2026-08-21T09:06:46+00:00\",\"dateModified\":\"2026-08-21T09:06:51+00:00\",\"author\":{\"@id\":\"https:\\\/\\\/zulenealves.com.br\\\/#\\\/schema\\\/person\\\/211b267042952b9d9062603ea5230577\"},\"breadcrumb\":{\"@id\":\"https:\\\/\\\/zulenealves.com.br\\\/index.php\\\/2026\\\/08\\\/21\\\/dr-pedro-alves-participa-do-premio-idepe-destaque-2025-ao-lado-da-equipe-da-educacao\\\/#breadcrumb\"},\"inLanguage\":\"pt-BR\",\"potentialAction\":[{\"@type\":\"ReadAction\",\"target\":[\"https:\\\/\\\/zulenealves.com.br\\\/index.php\\\/2026\\\/08\\\/21\\\/dr-pedro-alves-participa-do-premio-idepe-destaque-2025-ao-lado-da-equipe-da-educacao\\\/\"]}]},{\"@type\":\"ImageObject\",\"inLanguage\":\"pt-BR\",\"@id\":\"https:\\\/\\\/zulenealves.com.br\\\/index.php\\\/2026\\\/08\\\/21\\\/dr-pedro-alves-participa-do-premio-idepe-destaque-2025-ao-lado-da-equipe-da-educacao\\\/#primaryimage\",\"url\":\"https:\\\/\\\/zulenealves.com.br\\\/wp-content\\\/uploads\\\/2026\\\/08\\\/886.webp\",\"contentUrl\":\"https:\\\/\\\/zulenealves.com.br\\\/wp-content\\\/uploads\\\/2026\\\/08\\\/886.webp\",\"width\":960,\"height\":768},{\"@type\":\"BreadcrumbList\",\"@id\":\"https:\\\/\\\/zulenealves.com.br\\\/index.php\\\/2026\\\/08\\\/21\\\/dr-pedro-alves-participa-do-premio-idepe-destaque-2025-ao-lado-da-equipe-da-educacao\\\/#breadcrumb\",\"itemListElement\":[{\"@type\":\"ListItem\",\"position\":1,\"name\":\"In\u00edcio\",\"item\":\"https:\\\/\\\/zulenealves.com.br\\\/\"},{\"@type\":\"ListItem\",\"position\":2,\"name\":\"Dr. Pedro Alves participa do Pr\u00eamio IDEPE Destaque 2025 ao lado da equipe da Educa\u00e7\u00e3o\"}]},{\"@type\":\"WebSite\",\"@id\":\"https:\\\/\\\/zulenealves.com.br\\\/#website\",\"url\":\"https:\\\/\\\/zulenealves.com.br\\\/\",\"name\":\"Blog Zulene Alves\",\"description\":\"\",\"potentialAction\":[{\"@type\":\"SearchAction\",\"target\":{\"@type\":\"EntryPoint\",\"urlTemplate\":\"https:\\\/\\\/zulenealves.com.br\\\/?s={search_term_string}\"},\"query-input\":{\"@type\":\"PropertyValueSpecification\",\"valueRequired\":true,\"valueName\":\"search_term_string\"}}],\"inLanguage\":\"pt-BR\"},{\"@type\":\"Person\",\"@id\":\"https:\\\/\\\/zulenealves.com.br\\\/#\\\/schema\\\/person\\\/211b267042952b9d9062603ea5230577\",\"name\":\"Zulene Alves\",\"image\":{\"@type\":\"ImageObject\",\"inLanguage\":\"pt-BR\",\"@id\":\"https:\\\/\\\/secure.gravatar.com\\\/avatar\\\/6256ae245147d58c317918f3a20dbf75c244838a7b265be12b0edacdedc94737?s=96&d=mm&r=g\",\"url\":\"https:\\\/\\\/secure.gravatar.com\\\/avatar\\\/6256ae245147d58c317918f3a20dbf75c244838a7b265be12b0edacdedc94737?s=96&d=mm&r=g\",\"contentUrl\":\"https:\\\/\\\/secure.gravatar.com\\\/avatar\\\/6256ae245147d58c317918f3a20dbf75c244838a7b265be12b0edacdedc94737?s=96&d=mm&r=g\",\"caption\":\"Zulene Alves\"},\"sameAs\":[\"https:\\\/\\\/zulenealves.com.br\\\/\"],\"url\":\"https:\\\/\\\/zulenealves.com.br\\\/index.php\\\/author\\\/zulene\\\/\"}]}<\/script>\n<!-- \/ Yoast SEO plugin. -->","yoast_head_json":{"title":"Dr. Pedro Alves participa do Pr\u00eamio IDEPE Destaque 2025 ao lado da equipe da Educa\u00e7\u00e3o - Blog Zulene Alves","robots":{"index":"index","follow":"follow","max-snippet":"max-snippet:-1","max-image-preview":"max-image-preview:large","max-video-preview":"max-video-preview:-1"},"canonical":"https:\/\/zulenealves.com.br\/index.php\/2026\/08\/21\/dr-pedro-alves-participa-do-premio-idepe-destaque-2025-ao-lado-da-equipe-da-educacao\/","og_locale":"pt_BR","og_type":"article","og_title":"Dr. Pedro Alves participa do Pr\u00eamio IDEPE Destaque 2025 ao lado da equipe da Educa\u00e7\u00e3o - Blog Zulene Alves","og_description":"O prefeito de Iguaracy Dr. Pedro Alves participou, nesta quinta-feira (20), na capital pernambucana, da solenidade do Pr\u00eamio IDEPE \u2013 \u00cdndice de Desenvolvimento da Educa\u00e7\u00e3o de Pernambuco \u2013 Destaque 2025, promovido pelo Governo de Pernambuco, por meio da Secretaria de Educa\u00e7\u00e3o. Ao lado do prefeito, estiveram a secret\u00e1ria de Educa\u00e7\u00e3o, Ariane Regina, a secret\u00e1ria Adjunta ... Leia mais","og_url":"https:\/\/zulenealves.com.br\/index.php\/2026\/08\/21\/dr-pedro-alves-participa-do-premio-idepe-destaque-2025-ao-lado-da-equipe-da-educacao\/","og_site_name":"Blog Zulene Alves","article_published_time":"2026-08-21T09:06:46+00:00","article_modified_time":"2026-08-21T09:06:51+00:00","og_image":[{"width":960,"height":768,"url":"https:\/\/zulenealves.com.br\/wp-content\/uploads\/2026\/08\/886.webp","type":"image\/webp"}],"author":"Zulene Alves","twitter_card":"summary_large_image","twitter_misc":{"Escrito por":"Zulene Alves","Est. tempo de leitura":"2 minutos"},"schema":{"@context":"https:\/\/schema.org","@graph":[{"@type":"Article","@id":"https:\/\/zulenealves.com.br\/index.php\/2026\/08\/21\/dr-pedro-alves-participa-do-premio-idepe-destaque-2025-ao-lado-da-equipe-da-educacao\/#article","isPartOf":{"@id":"https:\/\/zulenealves.com.br\/index.php\/2026\/08\/21\/dr-pedro-alves-participa-do-premio-idepe-destaque-2025-ao-lado-da-equipe-da-educacao\/"},"author":{"name":"Zulene Alves","@id":"https:\/\/zulenealves.com.br\/#\/schema\/person\/211b267042952b9d9062603ea5230577"},"headline":"Dr. Pedro Alves participa do Pr\u00eamio IDEPE Destaque 2025 ao lado da equipe da Educa\u00e7\u00e3o","datePublished":"2026-08-21T09:06:46+00:00","dateModified":"2026-08-21T09:06:51+00:00","mainEntityOfPage":{"@id":"https:\/\/zulenealves.com.br\/index.php\/2026\/08\/21\/dr-pedro-alves-participa-do-premio-idepe-destaque-2025-ao-lado-da-equipe-da-educacao\/"},"wordCount":236,"image":{"@id":"https:\/\/zulenealves.com.br\/index.php\/2026\/08\/21\/dr-pedro-alves-participa-do-premio-idepe-destaque-2025-ao-lado-da-equipe-da-educacao\/#primaryimage"},"thumbnailUrl":"https:\/\/zulenealves.com.br\/wp-content\/uploads\/2026\/08\/886.webp","articleSection":["Destaque"],"inLanguage":"pt-BR"},{"@type":"WebPage","@id":"https:\/\/zulenealves.com.br\/index.php\/2026\/08\/21\/dr-pedro-alves-participa-do-premio-idepe-destaque-2025-ao-lado-da-equipe-da-educacao\/","url":"https:\/\/zulenealves.com.br\/index.php\/2026\/08\/21\/dr-pedro-alves-participa-do-premio-idepe-destaque-2025-ao-lado-da-equipe-da-educacao\/","name":"Dr. Pedro Alves participa do Pr\u00eamio IDEPE Destaque 2025 ao lado da equipe da Educa\u00e7\u00e3o - Blog Zulene Alves","isPartOf":{"@id":"https:\/\/zulenealves.com.br\/#website"},"primaryImageOfPage":{"@id":"https:\/\/zulenealves.com.br\/index.php\/2026\/08\/21\/dr-pedro-alves-participa-do-premio-idepe-destaque-2025-ao-lado-da-equipe-da-educacao\/#primaryimage"},"image":{"@id":"https:\/\/zulenealves.com.br\/index.php\/2026\/08\/21\/dr-pedro-alves-participa-do-premio-idepe-destaque-2025-ao-lado-da-equipe-da-educacao\/#primaryimage"},"thumbnailUrl":"https:\/\/zulenealves.com.br\/wp-content\/uploads\/2026\/08\/886.webp","datePublished":"2026-08-21T09:06:46+00:00","dateModified":"2026-08-21T09:06:51+00:00","author":{"@id":"https:\/\/zulenealves.com.br\/#\/schema\/person\/211b267042952b9d9062603ea5230577"},"breadcrumb":{"@id":"https:\/\/zulenealves.com.br\/index.php\/2026\/08\/21\/dr-pedro-alves-participa-do-premio-idepe-destaque-2025-ao-lado-da-equipe-da-educacao\/#breadcrumb"},"inLanguage":"pt-BR","potentialAction":[{"@type":"ReadAction","target":["https:\/\/zulenealves.com.br\/index.php\/2026\/08\/21\/dr-pedro-alves-participa-do-premio-idepe-destaque-2025-ao-lado-da-equipe-da-educacao\/"]}]},{"@type":"ImageObject","inLanguage":"pt-BR","@id":"https:\/\/zulenealves.com.br\/index.php\/2026\/08\/21\/dr-pedro-alves-participa-do-premio-idepe-destaque-2025-ao-lado-da-equipe-da-educacao\/#primaryimage","url":"https:\/\/zulenealves.com.br\/wp-content\/uploads\/2026\/08\/886.webp","contentUrl":"https:\/\/zulenealves.com.br\/wp-content\/uploads\/2026\/08\/886.webp","width":960,"height":768},{"@type":"BreadcrumbList","@id":"https:\/\/zulenealves.com.br\/index.php\/2026\/08\/21\/dr-pedro-alves-participa-do-premio-idepe-destaque-2025-ao-lado-da-equipe-da-educacao\/#breadcrumb","itemListElement":[{"@type":"ListItem","position":1,"name":"In\u00edcio","item":"https:\/\/zulenealves.com.br\/"},{"@type":"ListItem","position":2,"name":"Dr. Pedro Alves participa do Pr\u00eamio IDEPE Destaque 2025 ao lado da equipe da Educa\u00e7\u00e3o"}]},{"@type":"WebSite","@id":"https:\/\/zulenealves.com.br\/#website","url":"https:\/\/zulenealves.com.br\/","name":"Blog Zulene Alves","description":"","potentialAction":[{"@type":"SearchAction","target":{"@type":"EntryPoint","urlTemplate":"https:\/\/zulenealves.com.br\/?s={search_term_string}"},"query-input":{"@type":"PropertyValueSpecification","valueRequired":true,"valueName":"search_term_string"}}],"inLanguage":"pt-BR"},{"@type":"Person","@id":"https:\/\/zulenealves.com.br\/#\/schema\/person\/211b267042952b9d9062603ea5230577","name":"Zulene Alves","image":{"@type":"ImageObject","inLanguage":"pt-BR","@id":"https:\/\/secure.gravatar.com\/avatar\/6256ae245147d58c317918f3a20dbf75c244838a7b265be12b0edacdedc94737?s=96&d=mm&r=g","url":"https:\/\/secure.gravatar.com\/avatar\/6256ae245147d58c317918f3a20dbf75c244838a7b265be12b0edacdedc94737?s=96&d=mm&r=g","contentUrl":"https:\/\/secure.gravatar.com\/avatar\/6256ae245147d58c317918f3a20dbf75c244838a7b265be12b0edacdedc94737?s=96&d=mm&r=g","caption":"Zulene Alves"},"sameAs":["https:\/\/zulenealves.com.br\/"],"url":"https:\/\/zulenealves.com.br\/index.php\/author\/zulene\/"}]}},"_links":{"self":[{"href":"https:\/\/zulenealves.com.br\/index.php\/wp-json\/wp\/v2\/posts\/51168","targetHints":{"allow":["GET"]}}],"collection":[{"href":"https:\/\/zulenealves.com.br\/index.php\/wp-json\/wp\/v2\/posts"}],"about":[{"href":"https:\/\/zulenealves.com.br\/index.php\/wp-json\/wp\/v2\/types\/post"}],"author":[{"embeddable":true,"href":"https:\/\/zulenealves.com.br\/index.php\/wp-json\/wp\/v2\/users\/2"}],"replies":[{"embeddable":true,"href":"https:\/\/zulenealves.com.br\/index.php\/wp-json\/wp\/v2\/comments?post=51168"}],"version-history":[{"count":2,"href":"https:\/\/zulenealves.com.br\/index.php\/wp-json\/wp\/v2\/posts\/51168\/revisions"}],"predecessor-version":[{"id":51171,"href":"https:\/\/zulenealves.com.br\/index.php\/wp-json\/wp\/v2\/posts\/51168\/revisions\/51171"}],"wp:featuredmedia":[{"embeddable":true,"href":"https:\/\/zulenealves.com.br\/index.php\/wp-json\/wp\/v2\/media\/51169"}],"wp:attachment":[{"href":"https:\/\/zulenealves.com.br\/index.php\/wp-json\/wp\/v2\/media?parent=51168"}],"wp:term":[{"taxonomy":"category","embeddable":true,"href":"https:\/\/zulenealves.com.br\/index.php\/wp-json\/wp\/v2\/categories?post=51168"},{"taxonomy":"post_tag","embeddable":true,"href":"https:\/\/zulenealves.com.br\/index.php\/wp-json\/wp\/v2\/tags?post=51168"}],"curies":[{"name":"wp","href":"https:\/\/api.w.org\/{rel}","templated":true}]}}