{"id":51311,"date":"2026-08-26T15:38:34","date_gmt":"2026-08-26T18:38:34","guid":{"rendered":"https:\/\/zulenealves.com.br\/?p=51311"},"modified":"2026-08-26T15:38:34","modified_gmt":"2026-08-26T18:38:34","slug":"sandrinho-inaugurou-mais-uma-rua-pavimentada-em-afogados-da-ingazeira","status":"publish","type":"post","link":"https:\/\/zulenealves.com.br\/index.php\/2026\/08\/26\/sandrinho-inaugurou-mais-uma-rua-pavimentada-em-afogados-da-ingazeira\/","title":{"rendered":"Sandrinho inaugurou mais uma rua pavimentada em Afogados da Ingazeira"},"content":{"rendered":"<p style=\"text-align: justify;\">No \u00e2mbito do programa \u201cMinha Rua \u00e9 10\u201d, maior programa de pavimenta\u00e7\u00e3o de ruas da hist\u00f3ria de Afogados, o Prefeito Sandrinho Palmeira foi ao bairro Planalto inaugurar a pavimenta\u00e7\u00e3o com piso intertravado da Rua Jos\u00e9 Ribeiro do Vale, al\u00e9m de melhorias na ilumina\u00e7\u00e3o da via.<\/p>\n<p><img fetchpriority=\"high\" decoding=\"async\" class=\"aligncenter wp-image-51315\" src=\"https:\/\/zulenealves.com.br\/wp-content\/uploads\/2026\/08\/88a8e4ae-2ff3-4692-aa76-0f93d7c036a9.jpeg\" alt=\"\" width=\"580\" height=\"387\" srcset=\"https:\/\/zulenealves.com.br\/wp-content\/uploads\/2026\/08\/88a8e4ae-2ff3-4692-aa76-0f93d7c036a9.jpeg 1280w, https:\/\/zulenealves.com.br\/wp-content\/uploads\/2026\/08\/88a8e4ae-2ff3-4692-aa76-0f93d7c036a9-300x200.jpeg 300w, https:\/\/zulenealves.com.br\/wp-content\/uploads\/2026\/08\/88a8e4ae-2ff3-4692-aa76-0f93d7c036a9-1024x682.jpeg 1024w, https:\/\/zulenealves.com.br\/wp-content\/uploads\/2026\/08\/88a8e4ae-2ff3-4692-aa76-0f93d7c036a9-768x512.jpeg 768w\" sizes=\"(max-width: 580px) 100vw, 580px\" \/><\/p>\n<p style=\"text-align: justify;\">A Prefeitura de Afogados investiu R$ 177 mil na pavimenta\u00e7\u00e3o dos mais de 1.280 metros quadrados da rua. Em sua fala, o Prefeito Sandrinho Palmeira destacou a import\u00e2ncia de uma rua pavimentada para garantir a mobilidade urbana, valorizar os im\u00f3veis e libertar as pessoas da poeira e da lama. Ele tamb\u00e9m destacou a retomada da maratona de inaugura\u00e7\u00f5es. \u201cFico muito feliz em poder proporcionar, como gestor p\u00fablico, melhorias na qualidade de vida da popula\u00e7\u00e3o. E at\u00e9 dezembro a pisada ser\u00e1 essa, uma inaugura\u00e7\u00e3o por semana nessa grande maratona de entregas,\u201d destacou Sandrinho.<\/p>\n<p><img decoding=\"async\" class=\"aligncenter wp-image-51313\" src=\"https:\/\/zulenealves.com.br\/wp-content\/uploads\/2026\/08\/013a5e22-a51f-4261-8c8d-68e54a278bf3.jpeg\" alt=\"\" width=\"580\" height=\"387\" srcset=\"https:\/\/zulenealves.com.br\/wp-content\/uploads\/2026\/08\/013a5e22-a51f-4261-8c8d-68e54a278bf3.jpeg 1280w, https:\/\/zulenealves.com.br\/wp-content\/uploads\/2026\/08\/013a5e22-a51f-4261-8c8d-68e54a278bf3-300x200.jpeg 300w, https:\/\/zulenealves.com.br\/wp-content\/uploads\/2026\/08\/013a5e22-a51f-4261-8c8d-68e54a278bf3-1024x682.jpeg 1024w, https:\/\/zulenealves.com.br\/wp-content\/uploads\/2026\/08\/013a5e22-a51f-4261-8c8d-68e54a278bf3-768x512.jpeg 768w\" sizes=\"(max-width: 580px) 100vw, 580px\" \/><\/p>\n<p style=\"text-align: justify;\">A inaugura\u00e7\u00e3o aconteceu na tarde de ontem (25) e contou com as presen\u00e7as do vice-prefeito Daniel Valadares, moradores da rua, secret\u00e1rios e servidores municipais e dos vereadores M\u00e1rio Martins, Simone da feira, C\u00edcero Miguel, Raimundo Lima, Reinaldo Lima e Lucineide Cordeiro. O requerimento solicitando a pavimenta\u00e7\u00e3o da rua foi de autoria da vereadora Gal Mariano.<\/p>\n<div class=\"gsp_post_data\" \r\n\t            data-post_type=\"post\" \r\n\t            data-cat=\"destaque\" \r\n\t            data-modified=\"120\"\r\n\t            data-created=\"1787758714\"\r\n\t            data-title=\"Sandrinho inaugurou mais uma rua pavimentada em Afogados da Ingazeira\" \r\n\t            data-home=\"https:\/\/zulenealves.com.br\"><\/div>","protected":false},"excerpt":{"rendered":"<p>No \u00e2mbito do programa \u201cMinha Rua \u00e9 10\u201d, maior programa de pavimenta\u00e7\u00e3o de ruas da hist\u00f3ria de Afogados, o Prefeito Sandrinho Palmeira foi ao bairro Planalto inaugurar a pavimenta\u00e7\u00e3o com piso intertravado da Rua Jos\u00e9 Ribeiro do Vale, al\u00e9m de melhorias na ilumina\u00e7\u00e3o da via. A Prefeitura de Afogados investiu R$ 177 mil na pavimenta\u00e7\u00e3o &#8230; <\/p>\n<p class=\"read-more-container\"><a title=\"Sandrinho inaugurou mais uma rua pavimentada em Afogados da Ingazeira\" class=\"read-more button\" href=\"https:\/\/zulenealves.com.br\/index.php\/2026\/08\/26\/sandrinho-inaugurou-mais-uma-rua-pavimentada-em-afogados-da-ingazeira\/#more-51311\" aria-label=\"More on Sandrinho inaugurou mais uma rua pavimentada em Afogados da Ingazeira\">Leia mais<\/a><\/p>\n","protected":false},"author":1,"featured_media":51312,"comment_status":"closed","ping_status":"closed","sticky":false,"template":"","format":"standard","meta":{"footnotes":""},"categories":[23],"tags":[],"class_list":["post-51311","post","type-post","status-publish","format-standard","has-post-thumbnail","hentry","category-destaque","resize-featured-image"],"yoast_head":"<!-- This site is optimized with the Yoast SEO plugin v28.4 - https:\/\/yoast.com\/product\/yoast-seo-wordpress\/ -->\n<title>Sandrinho inaugurou mais uma rua pavimentada em Afogados da Ingazeira - Blog Zulene Alves<\/title>\n<meta name=\"robots\" content=\"index, follow, max-snippet:-1, max-image-preview:large, max-video-preview:-1\" \/>\n<link rel=\"canonical\" href=\"https:\/\/zulenealves.com.br\/index.php\/2026\/08\/26\/sandrinho-inaugurou-mais-uma-rua-pavimentada-em-afogados-da-ingazeira\/\" \/>\n<meta property=\"og:locale\" content=\"pt_BR\" \/>\n<meta property=\"og:type\" content=\"article\" \/>\n<meta property=\"og:title\" content=\"Sandrinho inaugurou mais uma rua pavimentada em Afogados da Ingazeira - Blog Zulene Alves\" \/>\n<meta property=\"og:description\" content=\"No \u00e2mbito do programa \u201cMinha Rua \u00e9 10\u201d, maior programa de pavimenta\u00e7\u00e3o de ruas da hist\u00f3ria de Afogados, o Prefeito Sandrinho Palmeira foi ao bairro Planalto inaugurar a pavimenta\u00e7\u00e3o com piso intertravado da Rua Jos\u00e9 Ribeiro do Vale, al\u00e9m de melhorias na ilumina\u00e7\u00e3o da via. A Prefeitura de Afogados investiu R$ 177 mil na pavimenta\u00e7\u00e3o ... Leia mais\" \/>\n<meta property=\"og:url\" content=\"https:\/\/zulenealves.com.br\/index.php\/2026\/08\/26\/sandrinho-inaugurou-mais-uma-rua-pavimentada-em-afogados-da-ingazeira\/\" \/>\n<meta property=\"og:site_name\" content=\"Blog Zulene Alves\" \/>\n<meta property=\"article:published_time\" content=\"2026-08-26T18:38:34+00:00\" \/>\n<meta property=\"og:image\" content=\"https:\/\/zulenealves.com.br\/wp-content\/uploads\/2026\/08\/53aed70e-681d-49f6-88ab-c5b8ffde591e.jpeg\" \/>\n\t<meta property=\"og:image:width\" content=\"1280\" \/>\n\t<meta property=\"og:image:height\" content=\"853\" \/>\n\t<meta property=\"og:image:type\" content=\"image\/jpeg\" \/>\n<meta name=\"author\" content=\"zulenealves\" \/>\n<meta name=\"twitter:card\" content=\"summary_large_image\" \/>\n<meta name=\"twitter:label1\" content=\"Escrito por\" \/>\n\t<meta name=\"twitter:data1\" content=\"zulenealves\" \/>\n\t<meta name=\"twitter:label2\" content=\"Est. tempo de leitura\" \/>\n\t<meta name=\"twitter:data2\" content=\"2 minutos\" \/>\n<script type=\"application\/ld+json\" class=\"yoast-schema-graph\">{\"@context\":\"https:\\\/\\\/schema.org\",\"@graph\":[{\"@type\":\"Article\",\"@id\":\"https:\\\/\\\/zulenealves.com.br\\\/index.php\\\/2026\\\/08\\\/26\\\/sandrinho-inaugurou-mais-uma-rua-pavimentada-em-afogados-da-ingazeira\\\/#article\",\"isPartOf\":{\"@id\":\"https:\\\/\\\/zulenealves.com.br\\\/index.php\\\/2026\\\/08\\\/26\\\/sandrinho-inaugurou-mais-uma-rua-pavimentada-em-afogados-da-ingazeira\\\/\"},\"author\":{\"name\":\"zulenealves\",\"@id\":\"https:\\\/\\\/zulenealves.com.br\\\/#\\\/schema\\\/person\\\/4076c08f761164e658f6461c6b0316ef\"},\"headline\":\"Sandrinho inaugurou mais uma rua pavimentada em Afogados da Ingazeira\",\"datePublished\":\"2026-08-26T18:38:34+00:00\",\"mainEntityOfPage\":{\"@id\":\"https:\\\/\\\/zulenealves.com.br\\\/index.php\\\/2026\\\/08\\\/26\\\/sandrinho-inaugurou-mais-uma-rua-pavimentada-em-afogados-da-ingazeira\\\/\"},\"wordCount\":216,\"image\":{\"@id\":\"https:\\\/\\\/zulenealves.com.br\\\/index.php\\\/2026\\\/08\\\/26\\\/sandrinho-inaugurou-mais-uma-rua-pavimentada-em-afogados-da-ingazeira\\\/#primaryimage\"},\"thumbnailUrl\":\"https:\\\/\\\/zulenealves.com.br\\\/wp-content\\\/uploads\\\/2026\\\/08\\\/53aed70e-681d-49f6-88ab-c5b8ffde591e.jpeg\",\"articleSection\":[\"Destaque\"],\"inLanguage\":\"pt-BR\"},{\"@type\":\"WebPage\",\"@id\":\"https:\\\/\\\/zulenealves.com.br\\\/index.php\\\/2026\\\/08\\\/26\\\/sandrinho-inaugurou-mais-uma-rua-pavimentada-em-afogados-da-ingazeira\\\/\",\"url\":\"https:\\\/\\\/zulenealves.com.br\\\/index.php\\\/2026\\\/08\\\/26\\\/sandrinho-inaugurou-mais-uma-rua-pavimentada-em-afogados-da-ingazeira\\\/\",\"name\":\"Sandrinho inaugurou mais uma rua pavimentada em Afogados da Ingazeira - Blog Zulene Alves\",\"isPartOf\":{\"@id\":\"https:\\\/\\\/zulenealves.com.br\\\/#website\"},\"primaryImageOfPage\":{\"@id\":\"https:\\\/\\\/zulenealves.com.br\\\/index.php\\\/2026\\\/08\\\/26\\\/sandrinho-inaugurou-mais-uma-rua-pavimentada-em-afogados-da-ingazeira\\\/#primaryimage\"},\"image\":{\"@id\":\"https:\\\/\\\/zulenealves.com.br\\\/index.php\\\/2026\\\/08\\\/26\\\/sandrinho-inaugurou-mais-uma-rua-pavimentada-em-afogados-da-ingazeira\\\/#primaryimage\"},\"thumbnailUrl\":\"https:\\\/\\\/zulenealves.com.br\\\/wp-content\\\/uploads\\\/2026\\\/08\\\/53aed70e-681d-49f6-88ab-c5b8ffde591e.jpeg\",\"datePublished\":\"2026-08-26T18:38:34+00:00\",\"author\":{\"@id\":\"https:\\\/\\\/zulenealves.com.br\\\/#\\\/schema\\\/person\\\/4076c08f761164e658f6461c6b0316ef\"},\"breadcrumb\":{\"@id\":\"https:\\\/\\\/zulenealves.com.br\\\/index.php\\\/2026\\\/08\\\/26\\\/sandrinho-inaugurou-mais-uma-rua-pavimentada-em-afogados-da-ingazeira\\\/#breadcrumb\"},\"inLanguage\":\"pt-BR\",\"potentialAction\":[{\"@type\":\"ReadAction\",\"target\":[\"https:\\\/\\\/zulenealves.com.br\\\/index.php\\\/2026\\\/08\\\/26\\\/sandrinho-inaugurou-mais-uma-rua-pavimentada-em-afogados-da-ingazeira\\\/\"]}]},{\"@type\":\"ImageObject\",\"inLanguage\":\"pt-BR\",\"@id\":\"https:\\\/\\\/zulenealves.com.br\\\/index.php\\\/2026\\\/08\\\/26\\\/sandrinho-inaugurou-mais-uma-rua-pavimentada-em-afogados-da-ingazeira\\\/#primaryimage\",\"url\":\"https:\\\/\\\/zulenealves.com.br\\\/wp-content\\\/uploads\\\/2026\\\/08\\\/53aed70e-681d-49f6-88ab-c5b8ffde591e.jpeg\",\"contentUrl\":\"https:\\\/\\\/zulenealves.com.br\\\/wp-content\\\/uploads\\\/2026\\\/08\\\/53aed70e-681d-49f6-88ab-c5b8ffde591e.jpeg\",\"width\":1280,\"height\":853},{\"@type\":\"BreadcrumbList\",\"@id\":\"https:\\\/\\\/zulenealves.com.br\\\/index.php\\\/2026\\\/08\\\/26\\\/sandrinho-inaugurou-mais-uma-rua-pavimentada-em-afogados-da-ingazeira\\\/#breadcrumb\",\"itemListElement\":[{\"@type\":\"ListItem\",\"position\":1,\"name\":\"In\u00edcio\",\"item\":\"https:\\\/\\\/zulenealves.com.br\\\/\"},{\"@type\":\"ListItem\",\"position\":2,\"name\":\"Sandrinho inaugurou mais uma rua pavimentada em Afogados da Ingazeira\"}]},{\"@type\":\"WebSite\",\"@id\":\"https:\\\/\\\/zulenealves.com.br\\\/#website\",\"url\":\"https:\\\/\\\/zulenealves.com.br\\\/\",\"name\":\"Blog Zulene Alves\",\"description\":\"\",\"potentialAction\":[{\"@type\":\"SearchAction\",\"target\":{\"@type\":\"EntryPoint\",\"urlTemplate\":\"https:\\\/\\\/zulenealves.com.br\\\/?s={search_term_string}\"},\"query-input\":{\"@type\":\"PropertyValueSpecification\",\"valueRequired\":true,\"valueName\":\"search_term_string\"}}],\"inLanguage\":\"pt-BR\"},{\"@type\":\"Person\",\"@id\":\"https:\\\/\\\/zulenealves.com.br\\\/#\\\/schema\\\/person\\\/4076c08f761164e658f6461c6b0316ef\",\"name\":\"zulenealves\",\"image\":{\"@type\":\"ImageObject\",\"inLanguage\":\"pt-BR\",\"@id\":\"https:\\\/\\\/secure.gravatar.com\\\/avatar\\\/0c6cfdd7fa501763e4ab9715fb2b12c342c6a1ace0a16a25d743cdfbb340b122?s=96&d=mm&r=g\",\"url\":\"https:\\\/\\\/secure.gravatar.com\\\/avatar\\\/0c6cfdd7fa501763e4ab9715fb2b12c342c6a1ace0a16a25d743cdfbb340b122?s=96&d=mm&r=g\",\"contentUrl\":\"https:\\\/\\\/secure.gravatar.com\\\/avatar\\\/0c6cfdd7fa501763e4ab9715fb2b12c342c6a1ace0a16a25d743cdfbb340b122?s=96&d=mm&r=g\",\"caption\":\"zulenealves\"},\"sameAs\":[\"https:\\\/\\\/zulenealves.com.br\"],\"url\":\"https:\\\/\\\/zulenealves.com.br\\\/index.php\\\/author\\\/zulenealves\\\/\"}]}<\/script>\n<!-- \/ Yoast SEO plugin. -->","yoast_head_json":{"title":"Sandrinho inaugurou mais uma rua pavimentada em Afogados da Ingazeira - Blog Zulene Alves","robots":{"index":"index","follow":"follow","max-snippet":"max-snippet:-1","max-image-preview":"max-image-preview:large","max-video-preview":"max-video-preview:-1"},"canonical":"https:\/\/zulenealves.com.br\/index.php\/2026\/08\/26\/sandrinho-inaugurou-mais-uma-rua-pavimentada-em-afogados-da-ingazeira\/","og_locale":"pt_BR","og_type":"article","og_title":"Sandrinho inaugurou mais uma rua pavimentada em Afogados da Ingazeira - Blog Zulene Alves","og_description":"No \u00e2mbito do programa \u201cMinha Rua \u00e9 10\u201d, maior programa de pavimenta\u00e7\u00e3o de ruas da hist\u00f3ria de Afogados, o Prefeito Sandrinho Palmeira foi ao bairro Planalto inaugurar a pavimenta\u00e7\u00e3o com piso intertravado da Rua Jos\u00e9 Ribeiro do Vale, al\u00e9m de melhorias na ilumina\u00e7\u00e3o da via. A Prefeitura de Afogados investiu R$ 177 mil na pavimenta\u00e7\u00e3o ... Leia mais","og_url":"https:\/\/zulenealves.com.br\/index.php\/2026\/08\/26\/sandrinho-inaugurou-mais-uma-rua-pavimentada-em-afogados-da-ingazeira\/","og_site_name":"Blog Zulene Alves","article_published_time":"2026-08-26T18:38:34+00:00","og_image":[{"width":1280,"height":853,"url":"https:\/\/zulenealves.com.br\/wp-content\/uploads\/2026\/08\/53aed70e-681d-49f6-88ab-c5b8ffde591e.jpeg","type":"image\/jpeg"}],"author":"zulenealves","twitter_card":"summary_large_image","twitter_misc":{"Escrito por":"zulenealves","Est. tempo de leitura":"2 minutos"},"schema":{"@context":"https:\/\/schema.org","@graph":[{"@type":"Article","@id":"https:\/\/zulenealves.com.br\/index.php\/2026\/08\/26\/sandrinho-inaugurou-mais-uma-rua-pavimentada-em-afogados-da-ingazeira\/#article","isPartOf":{"@id":"https:\/\/zulenealves.com.br\/index.php\/2026\/08\/26\/sandrinho-inaugurou-mais-uma-rua-pavimentada-em-afogados-da-ingazeira\/"},"author":{"name":"zulenealves","@id":"https:\/\/zulenealves.com.br\/#\/schema\/person\/4076c08f761164e658f6461c6b0316ef"},"headline":"Sandrinho inaugurou mais uma rua pavimentada em Afogados da Ingazeira","datePublished":"2026-08-26T18:38:34+00:00","mainEntityOfPage":{"@id":"https:\/\/zulenealves.com.br\/index.php\/2026\/08\/26\/sandrinho-inaugurou-mais-uma-rua-pavimentada-em-afogados-da-ingazeira\/"},"wordCount":216,"image":{"@id":"https:\/\/zulenealves.com.br\/index.php\/2026\/08\/26\/sandrinho-inaugurou-mais-uma-rua-pavimentada-em-afogados-da-ingazeira\/#primaryimage"},"thumbnailUrl":"https:\/\/zulenealves.com.br\/wp-content\/uploads\/2026\/08\/53aed70e-681d-49f6-88ab-c5b8ffde591e.jpeg","articleSection":["Destaque"],"inLanguage":"pt-BR"},{"@type":"WebPage","@id":"https:\/\/zulenealves.com.br\/index.php\/2026\/08\/26\/sandrinho-inaugurou-mais-uma-rua-pavimentada-em-afogados-da-ingazeira\/","url":"https:\/\/zulenealves.com.br\/index.php\/2026\/08\/26\/sandrinho-inaugurou-mais-uma-rua-pavimentada-em-afogados-da-ingazeira\/","name":"Sandrinho inaugurou mais uma rua pavimentada em Afogados da Ingazeira - Blog Zulene Alves","isPartOf":{"@id":"https:\/\/zulenealves.com.br\/#website"},"primaryImageOfPage":{"@id":"https:\/\/zulenealves.com.br\/index.php\/2026\/08\/26\/sandrinho-inaugurou-mais-uma-rua-pavimentada-em-afogados-da-ingazeira\/#primaryimage"},"image":{"@id":"https:\/\/zulenealves.com.br\/index.php\/2026\/08\/26\/sandrinho-inaugurou-mais-uma-rua-pavimentada-em-afogados-da-ingazeira\/#primaryimage"},"thumbnailUrl":"https:\/\/zulenealves.com.br\/wp-content\/uploads\/2026\/08\/53aed70e-681d-49f6-88ab-c5b8ffde591e.jpeg","datePublished":"2026-08-26T18:38:34+00:00","author":{"@id":"https:\/\/zulenealves.com.br\/#\/schema\/person\/4076c08f761164e658f6461c6b0316ef"},"breadcrumb":{"@id":"https:\/\/zulenealves.com.br\/index.php\/2026\/08\/26\/sandrinho-inaugurou-mais-uma-rua-pavimentada-em-afogados-da-ingazeira\/#breadcrumb"},"inLanguage":"pt-BR","potentialAction":[{"@type":"ReadAction","target":["https:\/\/zulenealves.com.br\/index.php\/2026\/08\/26\/sandrinho-inaugurou-mais-uma-rua-pavimentada-em-afogados-da-ingazeira\/"]}]},{"@type":"ImageObject","inLanguage":"pt-BR","@id":"https:\/\/zulenealves.com.br\/index.php\/2026\/08\/26\/sandrinho-inaugurou-mais-uma-rua-pavimentada-em-afogados-da-ingazeira\/#primaryimage","url":"https:\/\/zulenealves.com.br\/wp-content\/uploads\/2026\/08\/53aed70e-681d-49f6-88ab-c5b8ffde591e.jpeg","contentUrl":"https:\/\/zulenealves.com.br\/wp-content\/uploads\/2026\/08\/53aed70e-681d-49f6-88ab-c5b8ffde591e.jpeg","width":1280,"height":853},{"@type":"BreadcrumbList","@id":"https:\/\/zulenealves.com.br\/index.php\/2026\/08\/26\/sandrinho-inaugurou-mais-uma-rua-pavimentada-em-afogados-da-ingazeira\/#breadcrumb","itemListElement":[{"@type":"ListItem","position":1,"name":"In\u00edcio","item":"https:\/\/zulenealves.com.br\/"},{"@type":"ListItem","position":2,"name":"Sandrinho inaugurou mais uma rua pavimentada em Afogados da Ingazeira"}]},{"@type":"WebSite","@id":"https:\/\/zulenealves.com.br\/#website","url":"https:\/\/zulenealves.com.br\/","name":"Blog Zulene Alves","description":"","potentialAction":[{"@type":"SearchAction","target":{"@type":"EntryPoint","urlTemplate":"https:\/\/zulenealves.com.br\/?s={search_term_string}"},"query-input":{"@type":"PropertyValueSpecification","valueRequired":true,"valueName":"search_term_string"}}],"inLanguage":"pt-BR"},{"@type":"Person","@id":"https:\/\/zulenealves.com.br\/#\/schema\/person\/4076c08f761164e658f6461c6b0316ef","name":"zulenealves","image":{"@type":"ImageObject","inLanguage":"pt-BR","@id":"https:\/\/secure.gravatar.com\/avatar\/0c6cfdd7fa501763e4ab9715fb2b12c342c6a1ace0a16a25d743cdfbb340b122?s=96&d=mm&r=g","url":"https:\/\/secure.gravatar.com\/avatar\/0c6cfdd7fa501763e4ab9715fb2b12c342c6a1ace0a16a25d743cdfbb340b122?s=96&d=mm&r=g","contentUrl":"https:\/\/secure.gravatar.com\/avatar\/0c6cfdd7fa501763e4ab9715fb2b12c342c6a1ace0a16a25d743cdfbb340b122?s=96&d=mm&r=g","caption":"zulenealves"},"sameAs":["https:\/\/zulenealves.com.br"],"url":"https:\/\/zulenealves.com.br\/index.php\/author\/zulenealves\/"}]}},"_links":{"self":[{"href":"https:\/\/zulenealves.com.br\/index.php\/wp-json\/wp\/v2\/posts\/51311","targetHints":{"allow":["GET"]}}],"collection":[{"href":"https:\/\/zulenealves.com.br\/index.php\/wp-json\/wp\/v2\/posts"}],"about":[{"href":"https:\/\/zulenealves.com.br\/index.php\/wp-json\/wp\/v2\/types\/post"}],"author":[{"embeddable":true,"href":"https:\/\/zulenealves.com.br\/index.php\/wp-json\/wp\/v2\/users\/1"}],"replies":[{"embeddable":true,"href":"https:\/\/zulenealves.com.br\/index.php\/wp-json\/wp\/v2\/comments?post=51311"}],"version-history":[{"count":1,"href":"https:\/\/zulenealves.com.br\/index.php\/wp-json\/wp\/v2\/posts\/51311\/revisions"}],"predecessor-version":[{"id":51317,"href":"https:\/\/zulenealves.com.br\/index.php\/wp-json\/wp\/v2\/posts\/51311\/revisions\/51317"}],"wp:featuredmedia":[{"embeddable":true,"href":"https:\/\/zulenealves.com.br\/index.php\/wp-json\/wp\/v2\/media\/51312"}],"wp:attachment":[{"href":"https:\/\/zulenealves.com.br\/index.php\/wp-json\/wp\/v2\/media?parent=51311"}],"wp:term":[{"taxonomy":"category","embeddable":true,"href":"https:\/\/zulenealves.com.br\/index.php\/wp-json\/wp\/v2\/categories?post=51311"},{"taxonomy":"post_tag","embeddable":true,"href":"https:\/\/zulenealves.com.br\/index.php\/wp-json\/wp\/v2\/tags?post=51311"}],"curies":[{"name":"wp","href":"https:\/\/api.w.org\/{rel}","templated":true}]}}