{"id":51318,"date":"2026-08-26T16:07:44","date_gmt":"2026-08-26T19:07:44","guid":{"rendered":"https:\/\/zulenealves.com.br\/?p=51318"},"modified":"2026-08-26T16:07:44","modified_gmt":"2026-08-26T19:07:44","slug":"saude-mental-prefeitura-planeja-acoes-do-setembro-amarelo-em-afogados","status":"publish","type":"post","link":"https:\/\/zulenealves.com.br\/index.php\/2026\/08\/26\/saude-mental-prefeitura-planeja-acoes-do-setembro-amarelo-em-afogados\/","title":{"rendered":"Sa\u00fade mental: Prefeitura planeja a\u00e7\u00f5es do Setembro Amarelo em Afogados"},"content":{"rendered":"<p style=\"text-align: justify;\"><img fetchpriority=\"high\" decoding=\"async\" class=\"aligncenter wp-image-51319\" src=\"https:\/\/zulenealves.com.br\/wp-content\/uploads\/2026\/08\/89c8e7e2-24eb-4e9b-bd09-05a1c991bbb1.jpeg\" alt=\"\" width=\"600\" height=\"417\" srcset=\"https:\/\/zulenealves.com.br\/wp-content\/uploads\/2026\/08\/89c8e7e2-24eb-4e9b-bd09-05a1c991bbb1.jpeg 1179w, https:\/\/zulenealves.com.br\/wp-content\/uploads\/2026\/08\/89c8e7e2-24eb-4e9b-bd09-05a1c991bbb1-300x208.jpeg 300w, https:\/\/zulenealves.com.br\/wp-content\/uploads\/2026\/08\/89c8e7e2-24eb-4e9b-bd09-05a1c991bbb1-1024x711.jpeg 1024w, https:\/\/zulenealves.com.br\/wp-content\/uploads\/2026\/08\/89c8e7e2-24eb-4e9b-bd09-05a1c991bbb1-768x533.jpeg 768w\" sizes=\"(max-width: 600px) 100vw, 600px\" \/><\/p>\n<p style=\"text-align: justify;\">A Prefeitura de Afogados da Ingazeira promoveu reuni\u00f5es intersetoriais, no centro de sa\u00fade mental, para o planejamento das atividades do Setembro Amarelo.<\/p>\n<p style=\"text-align: justify;\">Um dos objetivos \u00e9 o fortalecimento da rede municipal de prote\u00e7\u00e3o e cuidado em torno da promo\u00e7\u00e3o da sa\u00fade mental e da preven\u00e7\u00e3o ao suic\u00eddio.<\/p>\n<p><img decoding=\"async\" class=\"aligncenter wp-image-51320\" src=\"https:\/\/zulenealves.com.br\/wp-content\/uploads\/2026\/08\/277ed271-0970-451f-9e85-b3665b61af7e.jpeg\" alt=\"\" width=\"600\" height=\"388\" srcset=\"https:\/\/zulenealves.com.br\/wp-content\/uploads\/2026\/08\/277ed271-0970-451f-9e85-b3665b61af7e.jpeg 1179w, https:\/\/zulenealves.com.br\/wp-content\/uploads\/2026\/08\/277ed271-0970-451f-9e85-b3665b61af7e-300x194.jpeg 300w, https:\/\/zulenealves.com.br\/wp-content\/uploads\/2026\/08\/277ed271-0970-451f-9e85-b3665b61af7e-1024x662.jpeg 1024w, https:\/\/zulenealves.com.br\/wp-content\/uploads\/2026\/08\/277ed271-0970-451f-9e85-b3665b61af7e-768x496.jpeg 768w\" sizes=\"(max-width: 600px) 100vw, 600px\" \/><\/p>\n<p style=\"text-align: justify;\">O encontro reuniu representantes de diversas secretarias, equipamentos e servi\u00e7os, entre eles CRAS, CREAS, Conselho Tutelar, abrigo infantil, CAPS III E CAPSi infatojuvenil, aten\u00e7\u00e3o B\u00e1sica, Vigil\u00e2ncia em Sa\u00fade, dentre outros.<\/p>\n<p style=\"text-align: justify;\">A campanha deste ano traz como inspira\u00e7\u00e3o o tema \u201cEscutar \u00e9 estar presente\u201d, destacando a import\u00e2ncia da escuta qualificada, do acolhimento e da presen\u00e7a como instrumentos fundamentais para reconhecer sofrimentos, fortalecer v\u00ednculos e construir caminhos de cuidado.<\/p>\n<p style=\"text-align: justify;\">Durante a reuni\u00e3o, as equipes puderam compartilhar experi\u00eancias, identificar necessidades e construir, de forma coletiva, estrat\u00e9gias e a\u00e7\u00f5es que ser\u00e3o desenvolvidas ao longo do m\u00eas de setembro.<br \/>\nA proposta \u00e9 promover atividades que aproximem a comunidade dos servi\u00e7os, ampliem o di\u00e1logo sobre sa\u00fade mental e incentivem uma cultura de cuidado, empatia e valoriza\u00e7\u00e3o da vida.<br \/>\nMais do que organizar uma programa\u00e7\u00e3o, o encontro reafirmou a import\u00e2ncia do trabalho em rede e da responsabilidade compartilhada.<\/p>\n<p style=\"text-align: justify;\">\u201cQuando os diferentes equipamentos caminham juntos, \u00e9 poss\u00edvel ampliar o olhar sobre as pessoas e fortalecer a capacidade de acolher e encaminhar aqueles que precisam de apoio\u201d, destacou Neuma Cristina,<br \/>\nCoordenadora da pol\u00edtica de sa\u00fade mental da Prefeitura de Afogados da Ingazeira.<\/p>\n<div class=\"gsp_post_data\" \r\n\t            data-post_type=\"post\" \r\n\t            data-cat=\"afogados-da-ingazeira\" \r\n\t            data-modified=\"120\"\r\n\t            data-created=\"1787760464\"\r\n\t            data-title=\"Sa\u00fade mental: Prefeitura planeja a\u00e7\u00f5es do Setembro Amarelo em Afogados\" \r\n\t            data-home=\"https:\/\/zulenealves.com.br\"><\/div>","protected":false},"excerpt":{"rendered":"<p>A Prefeitura de Afogados da Ingazeira promoveu reuni\u00f5es intersetoriais, no centro de sa\u00fade mental, para o planejamento das atividades do Setembro Amarelo. Um dos objetivos \u00e9 o fortalecimento da rede municipal de prote\u00e7\u00e3o e cuidado em torno da promo\u00e7\u00e3o da sa\u00fade mental e da preven\u00e7\u00e3o ao suic\u00eddio. O encontro reuniu representantes de diversas secretarias, equipamentos &#8230; <\/p>\n<p class=\"read-more-container\"><a title=\"Sa\u00fade mental: Prefeitura planeja a\u00e7\u00f5es do Setembro Amarelo em Afogados\" class=\"read-more button\" href=\"https:\/\/zulenealves.com.br\/index.php\/2026\/08\/26\/saude-mental-prefeitura-planeja-acoes-do-setembro-amarelo-em-afogados\/#more-51318\" aria-label=\"More on Sa\u00fade mental: Prefeitura planeja a\u00e7\u00f5es do Setembro Amarelo em Afogados\">Leia mais<\/a><\/p>\n","protected":false},"author":1,"featured_media":0,"comment_status":"closed","ping_status":"closed","sticky":false,"template":"","format":"standard","meta":{"footnotes":""},"categories":[8],"tags":[],"class_list":["post-51318","post","type-post","status-publish","format-standard","hentry","category-afogados-da-ingazeira"],"yoast_head":"<!-- This site is optimized with the Yoast SEO plugin v28.4 - https:\/\/yoast.com\/product\/yoast-seo-wordpress\/ -->\n<title>Sa\u00fade mental: Prefeitura planeja a\u00e7\u00f5es do Setembro Amarelo em Afogados - Blog Zulene Alves<\/title>\n<meta name=\"robots\" content=\"index, follow, max-snippet:-1, max-image-preview:large, max-video-preview:-1\" \/>\n<link rel=\"canonical\" href=\"https:\/\/zulenealves.com.br\/index.php\/2026\/08\/26\/saude-mental-prefeitura-planeja-acoes-do-setembro-amarelo-em-afogados\/\" \/>\n<meta property=\"og:locale\" content=\"pt_BR\" \/>\n<meta property=\"og:type\" content=\"article\" \/>\n<meta property=\"og:title\" content=\"Sa\u00fade mental: Prefeitura planeja a\u00e7\u00f5es do Setembro Amarelo em Afogados - Blog Zulene Alves\" \/>\n<meta property=\"og:description\" content=\"A Prefeitura de Afogados da Ingazeira promoveu reuni\u00f5es intersetoriais, no centro de sa\u00fade mental, para o planejamento das atividades do Setembro Amarelo. Um dos objetivos \u00e9 o fortalecimento da rede municipal de prote\u00e7\u00e3o e cuidado em torno da promo\u00e7\u00e3o da sa\u00fade mental e da preven\u00e7\u00e3o ao suic\u00eddio. O encontro reuniu representantes de diversas secretarias, equipamentos ... Leia mais\" \/>\n<meta property=\"og:url\" content=\"https:\/\/zulenealves.com.br\/index.php\/2026\/08\/26\/saude-mental-prefeitura-planeja-acoes-do-setembro-amarelo-em-afogados\/\" \/>\n<meta property=\"og:site_name\" content=\"Blog Zulene Alves\" \/>\n<meta property=\"article:published_time\" content=\"2026-08-26T19:07:44+00:00\" \/>\n<meta property=\"og:image\" content=\"https:\/\/zulenealves.com.br\/wp-content\/uploads\/2026\/08\/89c8e7e2-24eb-4e9b-bd09-05a1c991bbb1.jpeg\" \/>\n\t<meta property=\"og:image:width\" content=\"1179\" \/>\n\t<meta property=\"og:image:height\" content=\"819\" \/>\n\t<meta property=\"og:image:type\" content=\"image\/jpeg\" \/>\n<meta name=\"author\" content=\"zulenealves\" \/>\n<meta name=\"twitter:card\" content=\"summary_large_image\" \/>\n<meta name=\"twitter:label1\" content=\"Escrito por\" \/>\n\t<meta name=\"twitter:data1\" content=\"zulenealves\" \/>\n\t<meta name=\"twitter:label2\" content=\"Est. tempo de leitura\" \/>\n\t<meta name=\"twitter:data2\" content=\"2 minutos\" \/>\n<script type=\"application\/ld+json\" class=\"yoast-schema-graph\">{\"@context\":\"https:\\\/\\\/schema.org\",\"@graph\":[{\"@type\":\"Article\",\"@id\":\"https:\\\/\\\/zulenealves.com.br\\\/index.php\\\/2026\\\/08\\\/26\\\/saude-mental-prefeitura-planeja-acoes-do-setembro-amarelo-em-afogados\\\/#article\",\"isPartOf\":{\"@id\":\"https:\\\/\\\/zulenealves.com.br\\\/index.php\\\/2026\\\/08\\\/26\\\/saude-mental-prefeitura-planeja-acoes-do-setembro-amarelo-em-afogados\\\/\"},\"author\":{\"name\":\"zulenealves\",\"@id\":\"https:\\\/\\\/zulenealves.com.br\\\/#\\\/schema\\\/person\\\/4076c08f761164e658f6461c6b0316ef\"},\"headline\":\"Sa\u00fade mental: Prefeitura planeja a\u00e7\u00f5es do Setembro Amarelo em Afogados\",\"datePublished\":\"2026-08-26T19:07:44+00:00\",\"mainEntityOfPage\":{\"@id\":\"https:\\\/\\\/zulenealves.com.br\\\/index.php\\\/2026\\\/08\\\/26\\\/saude-mental-prefeitura-planeja-acoes-do-setembro-amarelo-em-afogados\\\/\"},\"wordCount\":269,\"image\":{\"@id\":\"https:\\\/\\\/zulenealves.com.br\\\/index.php\\\/2026\\\/08\\\/26\\\/saude-mental-prefeitura-planeja-acoes-do-setembro-amarelo-em-afogados\\\/#primaryimage\"},\"thumbnailUrl\":\"https:\\\/\\\/zulenealves.com.br\\\/wp-content\\\/uploads\\\/2026\\\/08\\\/89c8e7e2-24eb-4e9b-bd09-05a1c991bbb1.jpeg\",\"articleSection\":[\"Afogados da Ingazeira\"],\"inLanguage\":\"pt-BR\"},{\"@type\":\"WebPage\",\"@id\":\"https:\\\/\\\/zulenealves.com.br\\\/index.php\\\/2026\\\/08\\\/26\\\/saude-mental-prefeitura-planeja-acoes-do-setembro-amarelo-em-afogados\\\/\",\"url\":\"https:\\\/\\\/zulenealves.com.br\\\/index.php\\\/2026\\\/08\\\/26\\\/saude-mental-prefeitura-planeja-acoes-do-setembro-amarelo-em-afogados\\\/\",\"name\":\"Sa\u00fade mental: Prefeitura planeja a\u00e7\u00f5es do Setembro Amarelo em Afogados - Blog Zulene Alves\",\"isPartOf\":{\"@id\":\"https:\\\/\\\/zulenealves.com.br\\\/#website\"},\"primaryImageOfPage\":{\"@id\":\"https:\\\/\\\/zulenealves.com.br\\\/index.php\\\/2026\\\/08\\\/26\\\/saude-mental-prefeitura-planeja-acoes-do-setembro-amarelo-em-afogados\\\/#primaryimage\"},\"image\":{\"@id\":\"https:\\\/\\\/zulenealves.com.br\\\/index.php\\\/2026\\\/08\\\/26\\\/saude-mental-prefeitura-planeja-acoes-do-setembro-amarelo-em-afogados\\\/#primaryimage\"},\"thumbnailUrl\":\"https:\\\/\\\/zulenealves.com.br\\\/wp-content\\\/uploads\\\/2026\\\/08\\\/89c8e7e2-24eb-4e9b-bd09-05a1c991bbb1.jpeg\",\"datePublished\":\"2026-08-26T19:07:44+00:00\",\"author\":{\"@id\":\"https:\\\/\\\/zulenealves.com.br\\\/#\\\/schema\\\/person\\\/4076c08f761164e658f6461c6b0316ef\"},\"breadcrumb\":{\"@id\":\"https:\\\/\\\/zulenealves.com.br\\\/index.php\\\/2026\\\/08\\\/26\\\/saude-mental-prefeitura-planeja-acoes-do-setembro-amarelo-em-afogados\\\/#breadcrumb\"},\"inLanguage\":\"pt-BR\",\"potentialAction\":[{\"@type\":\"ReadAction\",\"target\":[\"https:\\\/\\\/zulenealves.com.br\\\/index.php\\\/2026\\\/08\\\/26\\\/saude-mental-prefeitura-planeja-acoes-do-setembro-amarelo-em-afogados\\\/\"]}]},{\"@type\":\"ImageObject\",\"inLanguage\":\"pt-BR\",\"@id\":\"https:\\\/\\\/zulenealves.com.br\\\/index.php\\\/2026\\\/08\\\/26\\\/saude-mental-prefeitura-planeja-acoes-do-setembro-amarelo-em-afogados\\\/#primaryimage\",\"url\":\"https:\\\/\\\/zulenealves.com.br\\\/wp-content\\\/uploads\\\/2026\\\/08\\\/89c8e7e2-24eb-4e9b-bd09-05a1c991bbb1.jpeg\",\"contentUrl\":\"https:\\\/\\\/zulenealves.com.br\\\/wp-content\\\/uploads\\\/2026\\\/08\\\/89c8e7e2-24eb-4e9b-bd09-05a1c991bbb1.jpeg\",\"width\":1179,\"height\":819},{\"@type\":\"BreadcrumbList\",\"@id\":\"https:\\\/\\\/zulenealves.com.br\\\/index.php\\\/2026\\\/08\\\/26\\\/saude-mental-prefeitura-planeja-acoes-do-setembro-amarelo-em-afogados\\\/#breadcrumb\",\"itemListElement\":[{\"@type\":\"ListItem\",\"position\":1,\"name\":\"In\u00edcio\",\"item\":\"https:\\\/\\\/zulenealves.com.br\\\/\"},{\"@type\":\"ListItem\",\"position\":2,\"name\":\"Sa\u00fade mental: Prefeitura planeja a\u00e7\u00f5es do Setembro Amarelo em Afogados\"}]},{\"@type\":\"WebSite\",\"@id\":\"https:\\\/\\\/zulenealves.com.br\\\/#website\",\"url\":\"https:\\\/\\\/zulenealves.com.br\\\/\",\"name\":\"Blog Zulene Alves\",\"description\":\"\",\"potentialAction\":[{\"@type\":\"SearchAction\",\"target\":{\"@type\":\"EntryPoint\",\"urlTemplate\":\"https:\\\/\\\/zulenealves.com.br\\\/?s={search_term_string}\"},\"query-input\":{\"@type\":\"PropertyValueSpecification\",\"valueRequired\":true,\"valueName\":\"search_term_string\"}}],\"inLanguage\":\"pt-BR\"},{\"@type\":\"Person\",\"@id\":\"https:\\\/\\\/zulenealves.com.br\\\/#\\\/schema\\\/person\\\/4076c08f761164e658f6461c6b0316ef\",\"name\":\"zulenealves\",\"image\":{\"@type\":\"ImageObject\",\"inLanguage\":\"pt-BR\",\"@id\":\"https:\\\/\\\/secure.gravatar.com\\\/avatar\\\/0c6cfdd7fa501763e4ab9715fb2b12c342c6a1ace0a16a25d743cdfbb340b122?s=96&d=mm&r=g\",\"url\":\"https:\\\/\\\/secure.gravatar.com\\\/avatar\\\/0c6cfdd7fa501763e4ab9715fb2b12c342c6a1ace0a16a25d743cdfbb340b122?s=96&d=mm&r=g\",\"contentUrl\":\"https:\\\/\\\/secure.gravatar.com\\\/avatar\\\/0c6cfdd7fa501763e4ab9715fb2b12c342c6a1ace0a16a25d743cdfbb340b122?s=96&d=mm&r=g\",\"caption\":\"zulenealves\"},\"sameAs\":[\"https:\\\/\\\/zulenealves.com.br\"],\"url\":\"https:\\\/\\\/zulenealves.com.br\\\/index.php\\\/author\\\/zulenealves\\\/\"}]}<\/script>\n<!-- \/ Yoast SEO plugin. -->","yoast_head_json":{"title":"Sa\u00fade mental: Prefeitura planeja a\u00e7\u00f5es do Setembro Amarelo em Afogados - Blog Zulene Alves","robots":{"index":"index","follow":"follow","max-snippet":"max-snippet:-1","max-image-preview":"max-image-preview:large","max-video-preview":"max-video-preview:-1"},"canonical":"https:\/\/zulenealves.com.br\/index.php\/2026\/08\/26\/saude-mental-prefeitura-planeja-acoes-do-setembro-amarelo-em-afogados\/","og_locale":"pt_BR","og_type":"article","og_title":"Sa\u00fade mental: Prefeitura planeja a\u00e7\u00f5es do Setembro Amarelo em Afogados - Blog Zulene Alves","og_description":"A Prefeitura de Afogados da Ingazeira promoveu reuni\u00f5es intersetoriais, no centro de sa\u00fade mental, para o planejamento das atividades do Setembro Amarelo. Um dos objetivos \u00e9 o fortalecimento da rede municipal de prote\u00e7\u00e3o e cuidado em torno da promo\u00e7\u00e3o da sa\u00fade mental e da preven\u00e7\u00e3o ao suic\u00eddio. O encontro reuniu representantes de diversas secretarias, equipamentos ... Leia mais","og_url":"https:\/\/zulenealves.com.br\/index.php\/2026\/08\/26\/saude-mental-prefeitura-planeja-acoes-do-setembro-amarelo-em-afogados\/","og_site_name":"Blog Zulene Alves","article_published_time":"2026-08-26T19:07:44+00:00","og_image":[{"width":1179,"height":819,"url":"https:\/\/zulenealves.com.br\/wp-content\/uploads\/2026\/08\/89c8e7e2-24eb-4e9b-bd09-05a1c991bbb1.jpeg","type":"image\/jpeg"}],"author":"zulenealves","twitter_card":"summary_large_image","twitter_misc":{"Escrito por":"zulenealves","Est. tempo de leitura":"2 minutos"},"schema":{"@context":"https:\/\/schema.org","@graph":[{"@type":"Article","@id":"https:\/\/zulenealves.com.br\/index.php\/2026\/08\/26\/saude-mental-prefeitura-planeja-acoes-do-setembro-amarelo-em-afogados\/#article","isPartOf":{"@id":"https:\/\/zulenealves.com.br\/index.php\/2026\/08\/26\/saude-mental-prefeitura-planeja-acoes-do-setembro-amarelo-em-afogados\/"},"author":{"name":"zulenealves","@id":"https:\/\/zulenealves.com.br\/#\/schema\/person\/4076c08f761164e658f6461c6b0316ef"},"headline":"Sa\u00fade mental: Prefeitura planeja a\u00e7\u00f5es do Setembro Amarelo em Afogados","datePublished":"2026-08-26T19:07:44+00:00","mainEntityOfPage":{"@id":"https:\/\/zulenealves.com.br\/index.php\/2026\/08\/26\/saude-mental-prefeitura-planeja-acoes-do-setembro-amarelo-em-afogados\/"},"wordCount":269,"image":{"@id":"https:\/\/zulenealves.com.br\/index.php\/2026\/08\/26\/saude-mental-prefeitura-planeja-acoes-do-setembro-amarelo-em-afogados\/#primaryimage"},"thumbnailUrl":"https:\/\/zulenealves.com.br\/wp-content\/uploads\/2026\/08\/89c8e7e2-24eb-4e9b-bd09-05a1c991bbb1.jpeg","articleSection":["Afogados da Ingazeira"],"inLanguage":"pt-BR"},{"@type":"WebPage","@id":"https:\/\/zulenealves.com.br\/index.php\/2026\/08\/26\/saude-mental-prefeitura-planeja-acoes-do-setembro-amarelo-em-afogados\/","url":"https:\/\/zulenealves.com.br\/index.php\/2026\/08\/26\/saude-mental-prefeitura-planeja-acoes-do-setembro-amarelo-em-afogados\/","name":"Sa\u00fade mental: Prefeitura planeja a\u00e7\u00f5es do Setembro Amarelo em Afogados - Blog Zulene Alves","isPartOf":{"@id":"https:\/\/zulenealves.com.br\/#website"},"primaryImageOfPage":{"@id":"https:\/\/zulenealves.com.br\/index.php\/2026\/08\/26\/saude-mental-prefeitura-planeja-acoes-do-setembro-amarelo-em-afogados\/#primaryimage"},"image":{"@id":"https:\/\/zulenealves.com.br\/index.php\/2026\/08\/26\/saude-mental-prefeitura-planeja-acoes-do-setembro-amarelo-em-afogados\/#primaryimage"},"thumbnailUrl":"https:\/\/zulenealves.com.br\/wp-content\/uploads\/2026\/08\/89c8e7e2-24eb-4e9b-bd09-05a1c991bbb1.jpeg","datePublished":"2026-08-26T19:07:44+00:00","author":{"@id":"https:\/\/zulenealves.com.br\/#\/schema\/person\/4076c08f761164e658f6461c6b0316ef"},"breadcrumb":{"@id":"https:\/\/zulenealves.com.br\/index.php\/2026\/08\/26\/saude-mental-prefeitura-planeja-acoes-do-setembro-amarelo-em-afogados\/#breadcrumb"},"inLanguage":"pt-BR","potentialAction":[{"@type":"ReadAction","target":["https:\/\/zulenealves.com.br\/index.php\/2026\/08\/26\/saude-mental-prefeitura-planeja-acoes-do-setembro-amarelo-em-afogados\/"]}]},{"@type":"ImageObject","inLanguage":"pt-BR","@id":"https:\/\/zulenealves.com.br\/index.php\/2026\/08\/26\/saude-mental-prefeitura-planeja-acoes-do-setembro-amarelo-em-afogados\/#primaryimage","url":"https:\/\/zulenealves.com.br\/wp-content\/uploads\/2026\/08\/89c8e7e2-24eb-4e9b-bd09-05a1c991bbb1.jpeg","contentUrl":"https:\/\/zulenealves.com.br\/wp-content\/uploads\/2026\/08\/89c8e7e2-24eb-4e9b-bd09-05a1c991bbb1.jpeg","width":1179,"height":819},{"@type":"BreadcrumbList","@id":"https:\/\/zulenealves.com.br\/index.php\/2026\/08\/26\/saude-mental-prefeitura-planeja-acoes-do-setembro-amarelo-em-afogados\/#breadcrumb","itemListElement":[{"@type":"ListItem","position":1,"name":"In\u00edcio","item":"https:\/\/zulenealves.com.br\/"},{"@type":"ListItem","position":2,"name":"Sa\u00fade mental: Prefeitura planeja a\u00e7\u00f5es do Setembro Amarelo em Afogados"}]},{"@type":"WebSite","@id":"https:\/\/zulenealves.com.br\/#website","url":"https:\/\/zulenealves.com.br\/","name":"Blog Zulene Alves","description":"","potentialAction":[{"@type":"SearchAction","target":{"@type":"EntryPoint","urlTemplate":"https:\/\/zulenealves.com.br\/?s={search_term_string}"},"query-input":{"@type":"PropertyValueSpecification","valueRequired":true,"valueName":"search_term_string"}}],"inLanguage":"pt-BR"},{"@type":"Person","@id":"https:\/\/zulenealves.com.br\/#\/schema\/person\/4076c08f761164e658f6461c6b0316ef","name":"zulenealves","image":{"@type":"ImageObject","inLanguage":"pt-BR","@id":"https:\/\/secure.gravatar.com\/avatar\/0c6cfdd7fa501763e4ab9715fb2b12c342c6a1ace0a16a25d743cdfbb340b122?s=96&d=mm&r=g","url":"https:\/\/secure.gravatar.com\/avatar\/0c6cfdd7fa501763e4ab9715fb2b12c342c6a1ace0a16a25d743cdfbb340b122?s=96&d=mm&r=g","contentUrl":"https:\/\/secure.gravatar.com\/avatar\/0c6cfdd7fa501763e4ab9715fb2b12c342c6a1ace0a16a25d743cdfbb340b122?s=96&d=mm&r=g","caption":"zulenealves"},"sameAs":["https:\/\/zulenealves.com.br"],"url":"https:\/\/zulenealves.com.br\/index.php\/author\/zulenealves\/"}]}},"_links":{"self":[{"href":"https:\/\/zulenealves.com.br\/index.php\/wp-json\/wp\/v2\/posts\/51318","targetHints":{"allow":["GET"]}}],"collection":[{"href":"https:\/\/zulenealves.com.br\/index.php\/wp-json\/wp\/v2\/posts"}],"about":[{"href":"https:\/\/zulenealves.com.br\/index.php\/wp-json\/wp\/v2\/types\/post"}],"author":[{"embeddable":true,"href":"https:\/\/zulenealves.com.br\/index.php\/wp-json\/wp\/v2\/users\/1"}],"replies":[{"embeddable":true,"href":"https:\/\/zulenealves.com.br\/index.php\/wp-json\/wp\/v2\/comments?post=51318"}],"version-history":[{"count":1,"href":"https:\/\/zulenealves.com.br\/index.php\/wp-json\/wp\/v2\/posts\/51318\/revisions"}],"predecessor-version":[{"id":51321,"href":"https:\/\/zulenealves.com.br\/index.php\/wp-json\/wp\/v2\/posts\/51318\/revisions\/51321"}],"wp:attachment":[{"href":"https:\/\/zulenealves.com.br\/index.php\/wp-json\/wp\/v2\/media?parent=51318"}],"wp:term":[{"taxonomy":"category","embeddable":true,"href":"https:\/\/zulenealves.com.br\/index.php\/wp-json\/wp\/v2\/categories?post=51318"},{"taxonomy":"post_tag","embeddable":true,"href":"https:\/\/zulenealves.com.br\/index.php\/wp-json\/wp\/v2\/tags?post=51318"}],"curies":[{"name":"wp","href":"https:\/\/api.w.org\/{rel}","templated":true}]}}