{"id":51374,"date":"2026-08-28T05:35:45","date_gmt":"2026-08-28T08:35:45","guid":{"rendered":"https:\/\/zulenealves.com.br\/?p=51374"},"modified":"2026-08-28T05:35:45","modified_gmt":"2026-08-28T08:35:45","slug":"lula-une-a-chapa-de-joao-mas-humberto-estabelece-limite-a-fidelidade","status":"publish","type":"post","link":"https:\/\/zulenealves.com.br\/index.php\/2026\/08\/28\/lula-une-a-chapa-de-joao-mas-humberto-estabelece-limite-a-fidelidade\/","title":{"rendered":"Lula une a chapa de Jo\u00e3o, mas Humberto estabelece limite \u00e0 fidelidade"},"content":{"rendered":"<p><img fetchpriority=\"high\" decoding=\"async\" class=\"aligncenter\" src=\"https:\/\/imagens.ne10.uol.com.br\/veiculos\/_midias\/jpg\/2026\/08\/27\/whatsapp_image_2026_08_27_at_09_18_07-37027219.jpeg?ims=800x533\" alt=\"Humberto Costa (PT) participa de sabatina na R\u00e1dio Jornal\" width=\"558\" height=\"372\" \/><strong>Por<\/strong>\u00a0<strong>Igor Maciel<\/strong><\/p>\n<p style=\"text-align: justify;\">Humberto Costa (PT) utilizou uma palavra para explicar por que pretende permanecer mais oito anos no Senado: previsibilidade. Durante sabatina no Passando a Limpo, da R\u00e1dio Jornal, lembrou os 46 anos de filia\u00e7\u00e3o ao PT, afirmou que nunca mudou de partido e ressaltou que sempre esteve ao lado do presidente Lula, nos momentos bons e ruins. Em tempos dif\u00edceis, de tormenta pol\u00edtica, previsibilidade \u00e9 um ativo que o senador decidiu incorporar. Tem seu sentido.<\/p>\n<p class=\"texto\" style=\"text-align: justify;\">A mensagem \u00e9 simples. Quem vota em Humberto sabe previamente em qual campo ele estar\u00e1 e quais posi\u00e7\u00f5es defender\u00e1. Depois de 16 anos no Senado, o candidato apresenta a perman\u00eancia no mesmo partido e a fidelidade ao mesmo projeto como garantias de sua atua\u00e7\u00e3o futura.<\/p>\n<p class=\"texto\" style=\"text-align: justify;\">Essa previsibilidade individual, entretanto, est\u00e1 inserida numa chapa formada por trajet\u00f3rias bem menos lineares. PT e PSB j\u00e1 estiveram em lados opostos. Jo\u00e3o Campos (PSB) e Mar\u00edlia Arraes (PDT) protagonizaram uma disputa dura pela Prefeitura do Recife em 2020 quando ela era do PT. Humberto e Mar\u00edlia tamb\u00e9m enfrentaram diverg\u00eancias dentro do Partido dos Trabalhadores. Agora, os tr\u00eas compartilham a mesma campanha e dizem representar o mesmo projeto.<\/p>\n<p class=\"texto\" style=\"text-align: justify;\"><strong>Supera\u00e7\u00e3o<\/strong><\/p>\n<p class=\"texto\" style=\"text-align: justify;\">Humberto negou que a refer\u00eancia \u00e0s mudan\u00e7as de partido ou \u00e0 coer\u00eancia pol\u00edtica fosse uma cr\u00edtica aos pr\u00f3prios aliados, mas tamb\u00e9m n\u00e3o deu nome \u00e0s afirma\u00e7\u00f5es. Disse que os conflitos fazem parte da pol\u00edtica, podem produzir excessos e posteriormente exigem autocr\u00edtica. As diferen\u00e7as, segundo ele, &#8220;n\u00e3o foram esquecidas&#8221;. Foram superadas.<\/p>\n<p class=\"texto\" style=\"text-align: justify;\">O PSB enfrentou o PT em diferentes momentos, Mar\u00edlia deixou o partido depois de sucessivos conflitos internos e Jo\u00e3o a derrotou numa campanha marcada por ataques ao petismo. Humberto n\u00e3o apresentou uma revis\u00e3o detalhada dessas diverg\u00eancias. Preferiu submet\u00ea-las a uma prioridade maior.<\/p>\n<p class=\"texto\" style=\"text-align: justify;\">\u00c9 poss\u00edvel que uma alian\u00e7a seja formada sem que todos os seus integrantes fa\u00e7am o mesmo percurso. A pol\u00edtica tamb\u00e9m \u00e9 constru\u00edda pela capacidade de reorganizar posi\u00e7\u00f5es e produzir converg\u00eancias. No caso da chapa de Jo\u00e3o, por\u00e9m, a unidade n\u00e3o decorre de uma hist\u00f3ria compartilhada. Surgiu da necessidade eleitoral e da identifica\u00e7\u00e3o atual com um personagem nacional. Que todo mundo sabe quem \u00e9.<\/p>\n<p class=\"texto\" style=\"text-align: justify;\"><strong>Lula<\/strong><\/p>\n<p class=\"texto\" style=\"text-align: justify;\">Humberto explicou diretamente qual \u00e9 o principal elemento de uni\u00e3o. Depois de elogiar a administra\u00e7\u00e3o de Jo\u00e3o no Recife, afirmou que \u201co que mais nos une \u00e9 exatamente o fato de que n\u00f3s representamos o presidente Lula aqui em Pernambuco\u201d.<\/p>\n<p class=\"texto\" style=\"text-align: justify;\">A frase resume a composi\u00e7\u00e3o melhor do que qualquer fotografia conjunta. Jo\u00e3o, Mar\u00edlia e Humberto n\u00e3o precisam reconstruir integralmente as rela\u00e7\u00f5es anteriores porque Lula fornece a identidade comum. O presidente aproxima o PSB do PT, re\u00fane antigos advers\u00e1rios e oferece \u00e0 chapa um discurso nacional capaz de acomodar as disputas estaduais.<\/p>\n<p class=\"texto\" style=\"text-align: justify;\">A lulodepend\u00eancia produz unidade, mas tamb\u00e9m exp\u00f5e uma fragilidade. Se Lula \u00e9 o principal motivo pelo qual os integrantes caminham juntos, a chapa ainda precisa demonstrar o que os une quando a discuss\u00e3o se desloca da elei\u00e7\u00e3o presidencial para os problemas espec\u00edficos de Pernambuco. Tamb\u00e9m depender\u00e1 da capacidade de converter a for\u00e7a eleitoral do presidente em votos simult\u00e2neos para tr\u00eas candidatos.<\/p>\n<p class=\"texto\" style=\"text-align: justify;\"><strong>Limite<\/strong><\/p>\n<p class=\"texto\" style=\"text-align: justify;\">A liga\u00e7\u00e3o com Lula n\u00e3o significa, segundo Humberto, submiss\u00e3o em qualquer circunst\u00e2ncia. Questionado sobre o que faria se uma proposta do governo federal contrariasse diretamente os interesses do estado, respondeu que ficaria com Pernambuco.<\/p>\n<p class=\"texto\" style=\"text-align: justify;\">O candidato citou a reforma tribut\u00e1ria. Durante a discuss\u00e3o sobre os incentivos concedidos \u00e0 Stellantis e \u00e0 Baterias Moura, setores do governo federal defendiam uma posi\u00e7\u00e3o que poderia prejudicar as empresas instaladas no estado. Humberto procurou Lula, e o presidente interveio para preservar os benef\u00edcios durante a transi\u00e7\u00e3o. Naquele caso, a diverg\u00eancia foi resolvida dentro do pr\u00f3prio governo.<\/p>\n<p class=\"texto\" style=\"text-align: justify;\">A taxa das blusinhas apresenta agora um conflito mais direto. Lula transformou o fim da cobran\u00e7a de 20% sobre compras internacionais de at\u00e9 US$ 50 numa prioridade pol\u00edtica e fez um acordo com os presidentes da C\u00e2mara, Hugo Motta, e do Senado, Davi Alcolumbre, para garantir a vota\u00e7\u00e3o da medida na pr\u00f3xima semana.<\/p>\n<p class=\"texto\" style=\"text-align: justify;\">Humberto escolheu a posi\u00e7\u00e3o contr\u00e1ria. Reconheceu que a retirada da taxa prejudica Pernambuco e anunciou que votar\u00e1 pela manuten\u00e7\u00e3o da cobran\u00e7a para proteger o polo de confec\u00e7\u00f5es do Agreste da concorr\u00eancia dos produtos importados.<\/p>\n<p class=\"texto\" style=\"text-align: justify;\">A diverg\u00eancia \u00e9 significativa. O principal nome do PT em Pernambuco e um dos dirigentes mais importantes do partido no Brasil decidiu contrariar uma pauta \u00e0 qual Lula atribuiu peso suficiente para negociar pessoalmente sua aprova\u00e7\u00e3o. A chapa depende do presidente para produzir unidade e ampliar sua for\u00e7a eleitoral. Humberto deixou claro, por\u00e9m, que essa depend\u00eancia encontra um limite quando considera que os interesses de Pernambuco est\u00e3o amea\u00e7ados.<\/p>\n<div id=\"banner-300x250-5-desktop\" class=\"\" style=\"text-align: justify;\"><\/div>\n<div class=\"gsp_post_data\" \r\n\t            data-post_type=\"post\" \r\n\t            data-cat=\"sem-categoria\" \r\n\t            data-modified=\"120\"\r\n\t            data-created=\"1787895345\"\r\n\t            data-title=\"Lula une a chapa de Jo\u00e3o, mas Humberto estabelece limite \u00e0 fidelidade\" \r\n\t            data-home=\"https:\/\/zulenealves.com.br\"><\/div>","protected":false},"excerpt":{"rendered":"<p>Por\u00a0Igor Maciel Humberto Costa (PT) utilizou uma palavra para explicar por que pretende permanecer mais oito anos no Senado: previsibilidade. Durante sabatina no Passando a Limpo, da R\u00e1dio Jornal, lembrou os 46 anos de filia\u00e7\u00e3o ao PT, afirmou que nunca mudou de partido e ressaltou que sempre esteve ao lado do presidente Lula, nos momentos &#8230; <\/p>\n<p class=\"read-more-container\"><a title=\"Lula une a chapa de Jo\u00e3o, mas Humberto estabelece limite \u00e0 fidelidade\" class=\"read-more button\" href=\"https:\/\/zulenealves.com.br\/index.php\/2026\/08\/28\/lula-une-a-chapa-de-joao-mas-humberto-estabelece-limite-a-fidelidade\/#more-51374\" aria-label=\"More on Lula une a chapa de Jo\u00e3o, mas Humberto estabelece limite \u00e0 fidelidade\">Leia mais<\/a><\/p>\n","protected":false},"author":2,"featured_media":0,"comment_status":"closed","ping_status":"closed","sticky":false,"template":"","format":"standard","meta":{"footnotes":""},"categories":[1],"tags":[],"class_list":["post-51374","post","type-post","status-publish","format-standard","hentry","category-sem-categoria"],"yoast_head":"<!-- This site is optimized with the Yoast SEO plugin v28.4 - https:\/\/yoast.com\/product\/yoast-seo-wordpress\/ -->\n<title>Lula une a chapa de Jo\u00e3o, mas Humberto estabelece limite \u00e0 fidelidade - Blog Zulene Alves<\/title>\n<meta name=\"robots\" content=\"index, follow, max-snippet:-1, max-image-preview:large, max-video-preview:-1\" \/>\n<link rel=\"canonical\" href=\"https:\/\/zulenealves.com.br\/index.php\/2026\/08\/28\/lula-une-a-chapa-de-joao-mas-humberto-estabelece-limite-a-fidelidade\/\" \/>\n<meta property=\"og:locale\" content=\"pt_BR\" \/>\n<meta property=\"og:type\" content=\"article\" \/>\n<meta property=\"og:title\" content=\"Lula une a chapa de Jo\u00e3o, mas Humberto estabelece limite \u00e0 fidelidade - Blog Zulene Alves\" \/>\n<meta property=\"og:description\" content=\"Por\u00a0Igor Maciel Humberto Costa (PT) utilizou uma palavra para explicar por que pretende permanecer mais oito anos no Senado: previsibilidade. Durante sabatina no Passando a Limpo, da R\u00e1dio Jornal, lembrou os 46 anos de filia\u00e7\u00e3o ao PT, afirmou que nunca mudou de partido e ressaltou que sempre esteve ao lado do presidente Lula, nos momentos ... Leia mais\" \/>\n<meta property=\"og:url\" content=\"https:\/\/zulenealves.com.br\/index.php\/2026\/08\/28\/lula-une-a-chapa-de-joao-mas-humberto-estabelece-limite-a-fidelidade\/\" \/>\n<meta property=\"og:site_name\" content=\"Blog Zulene Alves\" \/>\n<meta property=\"article:published_time\" content=\"2026-08-28T08:35:45+00:00\" \/>\n<meta property=\"og:image\" content=\"https:\/\/imagens.ne10.uol.com.br\/veiculos\/_midias\/jpg\/2026\/08\/27\/whatsapp_image_2026_08_27_at_09_18_07-37027219.jpeg?ims=800x533\" \/>\n<meta name=\"author\" content=\"Zulene Alves\" \/>\n<meta name=\"twitter:card\" content=\"summary_large_image\" \/>\n<meta name=\"twitter:label1\" content=\"Escrito por\" \/>\n\t<meta name=\"twitter:data1\" content=\"Zulene Alves\" \/>\n\t<meta name=\"twitter:label2\" content=\"Est. tempo de leitura\" \/>\n\t<meta name=\"twitter:data2\" content=\"5 minutos\" \/>\n<script type=\"application\/ld+json\" class=\"yoast-schema-graph\">{\"@context\":\"https:\\\/\\\/schema.org\",\"@graph\":[{\"@type\":\"Article\",\"@id\":\"https:\\\/\\\/zulenealves.com.br\\\/index.php\\\/2026\\\/08\\\/28\\\/lula-une-a-chapa-de-joao-mas-humberto-estabelece-limite-a-fidelidade\\\/#article\",\"isPartOf\":{\"@id\":\"https:\\\/\\\/zulenealves.com.br\\\/index.php\\\/2026\\\/08\\\/28\\\/lula-une-a-chapa-de-joao-mas-humberto-estabelece-limite-a-fidelidade\\\/\"},\"author\":{\"name\":\"Zulene Alves\",\"@id\":\"https:\\\/\\\/zulenealves.com.br\\\/#\\\/schema\\\/person\\\/211b267042952b9d9062603ea5230577\"},\"headline\":\"Lula une a chapa de Jo\u00e3o, mas Humberto estabelece limite \u00e0 fidelidade\",\"datePublished\":\"2026-08-28T08:35:45+00:00\",\"mainEntityOfPage\":{\"@id\":\"https:\\\/\\\/zulenealves.com.br\\\/index.php\\\/2026\\\/08\\\/28\\\/lula-une-a-chapa-de-joao-mas-humberto-estabelece-limite-a-fidelidade\\\/\"},\"wordCount\":837,\"image\":{\"@id\":\"https:\\\/\\\/zulenealves.com.br\\\/index.php\\\/2026\\\/08\\\/28\\\/lula-une-a-chapa-de-joao-mas-humberto-estabelece-limite-a-fidelidade\\\/#primaryimage\"},\"thumbnailUrl\":\"https:\\\/\\\/imagens.ne10.uol.com.br\\\/veiculos\\\/_midias\\\/jpg\\\/2026\\\/08\\\/27\\\/whatsapp_image_2026_08_27_at_09_18_07-37027219.jpeg?ims=800x533\",\"inLanguage\":\"pt-BR\"},{\"@type\":\"WebPage\",\"@id\":\"https:\\\/\\\/zulenealves.com.br\\\/index.php\\\/2026\\\/08\\\/28\\\/lula-une-a-chapa-de-joao-mas-humberto-estabelece-limite-a-fidelidade\\\/\",\"url\":\"https:\\\/\\\/zulenealves.com.br\\\/index.php\\\/2026\\\/08\\\/28\\\/lula-une-a-chapa-de-joao-mas-humberto-estabelece-limite-a-fidelidade\\\/\",\"name\":\"Lula une a chapa de Jo\u00e3o, mas Humberto estabelece limite \u00e0 fidelidade - Blog Zulene Alves\",\"isPartOf\":{\"@id\":\"https:\\\/\\\/zulenealves.com.br\\\/#website\"},\"primaryImageOfPage\":{\"@id\":\"https:\\\/\\\/zulenealves.com.br\\\/index.php\\\/2026\\\/08\\\/28\\\/lula-une-a-chapa-de-joao-mas-humberto-estabelece-limite-a-fidelidade\\\/#primaryimage\"},\"image\":{\"@id\":\"https:\\\/\\\/zulenealves.com.br\\\/index.php\\\/2026\\\/08\\\/28\\\/lula-une-a-chapa-de-joao-mas-humberto-estabelece-limite-a-fidelidade\\\/#primaryimage\"},\"thumbnailUrl\":\"https:\\\/\\\/imagens.ne10.uol.com.br\\\/veiculos\\\/_midias\\\/jpg\\\/2026\\\/08\\\/27\\\/whatsapp_image_2026_08_27_at_09_18_07-37027219.jpeg?ims=800x533\",\"datePublished\":\"2026-08-28T08:35:45+00:00\",\"author\":{\"@id\":\"https:\\\/\\\/zulenealves.com.br\\\/#\\\/schema\\\/person\\\/211b267042952b9d9062603ea5230577\"},\"breadcrumb\":{\"@id\":\"https:\\\/\\\/zulenealves.com.br\\\/index.php\\\/2026\\\/08\\\/28\\\/lula-une-a-chapa-de-joao-mas-humberto-estabelece-limite-a-fidelidade\\\/#breadcrumb\"},\"inLanguage\":\"pt-BR\",\"potentialAction\":[{\"@type\":\"ReadAction\",\"target\":[\"https:\\\/\\\/zulenealves.com.br\\\/index.php\\\/2026\\\/08\\\/28\\\/lula-une-a-chapa-de-joao-mas-humberto-estabelece-limite-a-fidelidade\\\/\"]}]},{\"@type\":\"ImageObject\",\"inLanguage\":\"pt-BR\",\"@id\":\"https:\\\/\\\/zulenealves.com.br\\\/index.php\\\/2026\\\/08\\\/28\\\/lula-une-a-chapa-de-joao-mas-humberto-estabelece-limite-a-fidelidade\\\/#primaryimage\",\"url\":\"https:\\\/\\\/imagens.ne10.uol.com.br\\\/veiculos\\\/_midias\\\/jpg\\\/2026\\\/08\\\/27\\\/whatsapp_image_2026_08_27_at_09_18_07-37027219.jpeg?ims=800x533\",\"contentUrl\":\"https:\\\/\\\/imagens.ne10.uol.com.br\\\/veiculos\\\/_midias\\\/jpg\\\/2026\\\/08\\\/27\\\/whatsapp_image_2026_08_27_at_09_18_07-37027219.jpeg?ims=800x533\"},{\"@type\":\"BreadcrumbList\",\"@id\":\"https:\\\/\\\/zulenealves.com.br\\\/index.php\\\/2026\\\/08\\\/28\\\/lula-une-a-chapa-de-joao-mas-humberto-estabelece-limite-a-fidelidade\\\/#breadcrumb\",\"itemListElement\":[{\"@type\":\"ListItem\",\"position\":1,\"name\":\"In\u00edcio\",\"item\":\"https:\\\/\\\/zulenealves.com.br\\\/\"},{\"@type\":\"ListItem\",\"position\":2,\"name\":\"Lula une a chapa de Jo\u00e3o, mas Humberto estabelece limite \u00e0 fidelidade\"}]},{\"@type\":\"WebSite\",\"@id\":\"https:\\\/\\\/zulenealves.com.br\\\/#website\",\"url\":\"https:\\\/\\\/zulenealves.com.br\\\/\",\"name\":\"Blog Zulene Alves\",\"description\":\"\",\"potentialAction\":[{\"@type\":\"SearchAction\",\"target\":{\"@type\":\"EntryPoint\",\"urlTemplate\":\"https:\\\/\\\/zulenealves.com.br\\\/?s={search_term_string}\"},\"query-input\":{\"@type\":\"PropertyValueSpecification\",\"valueRequired\":true,\"valueName\":\"search_term_string\"}}],\"inLanguage\":\"pt-BR\"},{\"@type\":\"Person\",\"@id\":\"https:\\\/\\\/zulenealves.com.br\\\/#\\\/schema\\\/person\\\/211b267042952b9d9062603ea5230577\",\"name\":\"Zulene Alves\",\"image\":{\"@type\":\"ImageObject\",\"inLanguage\":\"pt-BR\",\"@id\":\"https:\\\/\\\/secure.gravatar.com\\\/avatar\\\/6256ae245147d58c317918f3a20dbf75c244838a7b265be12b0edacdedc94737?s=96&d=mm&r=g\",\"url\":\"https:\\\/\\\/secure.gravatar.com\\\/avatar\\\/6256ae245147d58c317918f3a20dbf75c244838a7b265be12b0edacdedc94737?s=96&d=mm&r=g\",\"contentUrl\":\"https:\\\/\\\/secure.gravatar.com\\\/avatar\\\/6256ae245147d58c317918f3a20dbf75c244838a7b265be12b0edacdedc94737?s=96&d=mm&r=g\",\"caption\":\"Zulene Alves\"},\"sameAs\":[\"https:\\\/\\\/zulenealves.com.br\\\/\"],\"url\":\"https:\\\/\\\/zulenealves.com.br\\\/index.php\\\/author\\\/zulene\\\/\"}]}<\/script>\n<!-- \/ Yoast SEO plugin. -->","yoast_head_json":{"title":"Lula une a chapa de Jo\u00e3o, mas Humberto estabelece limite \u00e0 fidelidade - Blog Zulene Alves","robots":{"index":"index","follow":"follow","max-snippet":"max-snippet:-1","max-image-preview":"max-image-preview:large","max-video-preview":"max-video-preview:-1"},"canonical":"https:\/\/zulenealves.com.br\/index.php\/2026\/08\/28\/lula-une-a-chapa-de-joao-mas-humberto-estabelece-limite-a-fidelidade\/","og_locale":"pt_BR","og_type":"article","og_title":"Lula une a chapa de Jo\u00e3o, mas Humberto estabelece limite \u00e0 fidelidade - Blog Zulene Alves","og_description":"Por\u00a0Igor Maciel Humberto Costa (PT) utilizou uma palavra para explicar por que pretende permanecer mais oito anos no Senado: previsibilidade. Durante sabatina no Passando a Limpo, da R\u00e1dio Jornal, lembrou os 46 anos de filia\u00e7\u00e3o ao PT, afirmou que nunca mudou de partido e ressaltou que sempre esteve ao lado do presidente Lula, nos momentos ... Leia mais","og_url":"https:\/\/zulenealves.com.br\/index.php\/2026\/08\/28\/lula-une-a-chapa-de-joao-mas-humberto-estabelece-limite-a-fidelidade\/","og_site_name":"Blog Zulene Alves","article_published_time":"2026-08-28T08:35:45+00:00","og_image":[{"url":"https:\/\/imagens.ne10.uol.com.br\/veiculos\/_midias\/jpg\/2026\/08\/27\/whatsapp_image_2026_08_27_at_09_18_07-37027219.jpeg?ims=800x533","type":"","width":"","height":""}],"author":"Zulene Alves","twitter_card":"summary_large_image","twitter_misc":{"Escrito por":"Zulene Alves","Est. tempo de leitura":"5 minutos"},"schema":{"@context":"https:\/\/schema.org","@graph":[{"@type":"Article","@id":"https:\/\/zulenealves.com.br\/index.php\/2026\/08\/28\/lula-une-a-chapa-de-joao-mas-humberto-estabelece-limite-a-fidelidade\/#article","isPartOf":{"@id":"https:\/\/zulenealves.com.br\/index.php\/2026\/08\/28\/lula-une-a-chapa-de-joao-mas-humberto-estabelece-limite-a-fidelidade\/"},"author":{"name":"Zulene Alves","@id":"https:\/\/zulenealves.com.br\/#\/schema\/person\/211b267042952b9d9062603ea5230577"},"headline":"Lula une a chapa de Jo\u00e3o, mas Humberto estabelece limite \u00e0 fidelidade","datePublished":"2026-08-28T08:35:45+00:00","mainEntityOfPage":{"@id":"https:\/\/zulenealves.com.br\/index.php\/2026\/08\/28\/lula-une-a-chapa-de-joao-mas-humberto-estabelece-limite-a-fidelidade\/"},"wordCount":837,"image":{"@id":"https:\/\/zulenealves.com.br\/index.php\/2026\/08\/28\/lula-une-a-chapa-de-joao-mas-humberto-estabelece-limite-a-fidelidade\/#primaryimage"},"thumbnailUrl":"https:\/\/imagens.ne10.uol.com.br\/veiculos\/_midias\/jpg\/2026\/08\/27\/whatsapp_image_2026_08_27_at_09_18_07-37027219.jpeg?ims=800x533","inLanguage":"pt-BR"},{"@type":"WebPage","@id":"https:\/\/zulenealves.com.br\/index.php\/2026\/08\/28\/lula-une-a-chapa-de-joao-mas-humberto-estabelece-limite-a-fidelidade\/","url":"https:\/\/zulenealves.com.br\/index.php\/2026\/08\/28\/lula-une-a-chapa-de-joao-mas-humberto-estabelece-limite-a-fidelidade\/","name":"Lula une a chapa de Jo\u00e3o, mas Humberto estabelece limite \u00e0 fidelidade - Blog Zulene Alves","isPartOf":{"@id":"https:\/\/zulenealves.com.br\/#website"},"primaryImageOfPage":{"@id":"https:\/\/zulenealves.com.br\/index.php\/2026\/08\/28\/lula-une-a-chapa-de-joao-mas-humberto-estabelece-limite-a-fidelidade\/#primaryimage"},"image":{"@id":"https:\/\/zulenealves.com.br\/index.php\/2026\/08\/28\/lula-une-a-chapa-de-joao-mas-humberto-estabelece-limite-a-fidelidade\/#primaryimage"},"thumbnailUrl":"https:\/\/imagens.ne10.uol.com.br\/veiculos\/_midias\/jpg\/2026\/08\/27\/whatsapp_image_2026_08_27_at_09_18_07-37027219.jpeg?ims=800x533","datePublished":"2026-08-28T08:35:45+00:00","author":{"@id":"https:\/\/zulenealves.com.br\/#\/schema\/person\/211b267042952b9d9062603ea5230577"},"breadcrumb":{"@id":"https:\/\/zulenealves.com.br\/index.php\/2026\/08\/28\/lula-une-a-chapa-de-joao-mas-humberto-estabelece-limite-a-fidelidade\/#breadcrumb"},"inLanguage":"pt-BR","potentialAction":[{"@type":"ReadAction","target":["https:\/\/zulenealves.com.br\/index.php\/2026\/08\/28\/lula-une-a-chapa-de-joao-mas-humberto-estabelece-limite-a-fidelidade\/"]}]},{"@type":"ImageObject","inLanguage":"pt-BR","@id":"https:\/\/zulenealves.com.br\/index.php\/2026\/08\/28\/lula-une-a-chapa-de-joao-mas-humberto-estabelece-limite-a-fidelidade\/#primaryimage","url":"https:\/\/imagens.ne10.uol.com.br\/veiculos\/_midias\/jpg\/2026\/08\/27\/whatsapp_image_2026_08_27_at_09_18_07-37027219.jpeg?ims=800x533","contentUrl":"https:\/\/imagens.ne10.uol.com.br\/veiculos\/_midias\/jpg\/2026\/08\/27\/whatsapp_image_2026_08_27_at_09_18_07-37027219.jpeg?ims=800x533"},{"@type":"BreadcrumbList","@id":"https:\/\/zulenealves.com.br\/index.php\/2026\/08\/28\/lula-une-a-chapa-de-joao-mas-humberto-estabelece-limite-a-fidelidade\/#breadcrumb","itemListElement":[{"@type":"ListItem","position":1,"name":"In\u00edcio","item":"https:\/\/zulenealves.com.br\/"},{"@type":"ListItem","position":2,"name":"Lula une a chapa de Jo\u00e3o, mas Humberto estabelece limite \u00e0 fidelidade"}]},{"@type":"WebSite","@id":"https:\/\/zulenealves.com.br\/#website","url":"https:\/\/zulenealves.com.br\/","name":"Blog Zulene Alves","description":"","potentialAction":[{"@type":"SearchAction","target":{"@type":"EntryPoint","urlTemplate":"https:\/\/zulenealves.com.br\/?s={search_term_string}"},"query-input":{"@type":"PropertyValueSpecification","valueRequired":true,"valueName":"search_term_string"}}],"inLanguage":"pt-BR"},{"@type":"Person","@id":"https:\/\/zulenealves.com.br\/#\/schema\/person\/211b267042952b9d9062603ea5230577","name":"Zulene Alves","image":{"@type":"ImageObject","inLanguage":"pt-BR","@id":"https:\/\/secure.gravatar.com\/avatar\/6256ae245147d58c317918f3a20dbf75c244838a7b265be12b0edacdedc94737?s=96&d=mm&r=g","url":"https:\/\/secure.gravatar.com\/avatar\/6256ae245147d58c317918f3a20dbf75c244838a7b265be12b0edacdedc94737?s=96&d=mm&r=g","contentUrl":"https:\/\/secure.gravatar.com\/avatar\/6256ae245147d58c317918f3a20dbf75c244838a7b265be12b0edacdedc94737?s=96&d=mm&r=g","caption":"Zulene Alves"},"sameAs":["https:\/\/zulenealves.com.br\/"],"url":"https:\/\/zulenealves.com.br\/index.php\/author\/zulene\/"}]}},"_links":{"self":[{"href":"https:\/\/zulenealves.com.br\/index.php\/wp-json\/wp\/v2\/posts\/51374","targetHints":{"allow":["GET"]}}],"collection":[{"href":"https:\/\/zulenealves.com.br\/index.php\/wp-json\/wp\/v2\/posts"}],"about":[{"href":"https:\/\/zulenealves.com.br\/index.php\/wp-json\/wp\/v2\/types\/post"}],"author":[{"embeddable":true,"href":"https:\/\/zulenealves.com.br\/index.php\/wp-json\/wp\/v2\/users\/2"}],"replies":[{"embeddable":true,"href":"https:\/\/zulenealves.com.br\/index.php\/wp-json\/wp\/v2\/comments?post=51374"}],"version-history":[{"count":1,"href":"https:\/\/zulenealves.com.br\/index.php\/wp-json\/wp\/v2\/posts\/51374\/revisions"}],"predecessor-version":[{"id":51375,"href":"https:\/\/zulenealves.com.br\/index.php\/wp-json\/wp\/v2\/posts\/51374\/revisions\/51375"}],"wp:attachment":[{"href":"https:\/\/zulenealves.com.br\/index.php\/wp-json\/wp\/v2\/media?parent=51374"}],"wp:term":[{"taxonomy":"category","embeddable":true,"href":"https:\/\/zulenealves.com.br\/index.php\/wp-json\/wp\/v2\/categories?post=51374"},{"taxonomy":"post_tag","embeddable":true,"href":"https:\/\/zulenealves.com.br\/index.php\/wp-json\/wp\/v2\/tags?post=51374"}],"curies":[{"name":"wp","href":"https:\/\/api.w.org\/{rel}","templated":true}]}}