{"id":51376,"date":"2026-08-28T05:42:04","date_gmt":"2026-08-28T08:42:04","guid":{"rendered":"https:\/\/zulenealves.com.br\/?p=51376"},"modified":"2026-08-28T05:45:40","modified_gmt":"2026-08-28T08:45:40","slug":"pe-de-meia-pagamento-para-nascidos-em-setembro-e-outubro-sera-feito-nesta-sexta-feira-28","status":"publish","type":"post","link":"https:\/\/zulenealves.com.br\/index.php\/2026\/08\/28\/pe-de-meia-pagamento-para-nascidos-em-setembro-e-outubro-sera-feito-nesta-sexta-feira-28\/","title":{"rendered":"P\u00e9-de-Meia: pagamento para nascidos em setembro e outubro ser\u00e1 feito nesta sexta-feira (28)"},"content":{"rendered":"<p style=\"text-align: justify;\"><strong>A CAIXA paga, nesta sexta-feira, 28 de agosto, nova parcela do Programa P\u00e9-de-Meia para os estudantes do Ensino M\u00e9dio regular e Ensino M\u00e9dio da Educa\u00e7\u00e3o de Jovens e Adultos, a EJA, nascidos nos meses de setembro e outubro. Al\u00e9m da parcela mensal, estudantes da modalidade EJA aprovados no primeiro semestre de 2026 tamb\u00e9m recebem a parcela do Incentivo Conclus\u00e3o.\u00a0<\/strong><\/p>\n<p style=\"text-align: justify;\">O incentivo ser\u00e1 creditado na <strong>conta Poupan\u00e7a CAIXA Tem e os valores podem ser movimentados pelo App CAIXA Tem.\u00a0<\/strong><\/p>\n<p style=\"text-align: justify;\">O estudante pode pagar contas, fazer transfer\u00eancias e PIX, direto no aplicativo.<\/p>\n<p style=\"text-align: justify;\">Al\u00e9m disso, pode movimentar os valores com o cart\u00e3o do programa, fazendo compras e pagamentos.<\/p>\n<p style=\"text-align: justify;\">Para consultar as demais datas de pagamento do programa P\u00e9-de-Meia, acesse o site da CAIXA em <a href=\"http:\/\/www.caixa.gov.br\/pedemeia\" target=\"_blank\" rel=\"noopener\">www.caixa.gov.br\/pedemeia.<\/a><\/p>\n<p style=\"text-align: justify;\"><strong>O que \u00e9 o P\u00e9-de-Meia<\/strong><\/p>\n<p style=\"text-align: justify;\">O <strong>P\u00e9-de-Meia<\/strong> \u00e9 um programa de incentivo financeiro-educacional do Governo Federal para estudantes do <strong>ensino m\u00e9dio p\u00fablico<\/strong> inscritos no <strong>Cad\u00danico<\/strong>. Ele funciona como uma <strong>poupan\u00e7a<\/strong> para <strong>manter a frequ\u00eancia<\/strong> e <strong>estimular a conclus\u00e3o<\/strong> do ensino m\u00e9dio, reduzindo desigualdades e promovendo inclus\u00e3o e mobilidade social.<\/p>\n<p style=\"text-align: justify;\"><strong>Quem tem direito ao pagamento<\/strong><\/p>\n<ul style=\"text-align: justify;\">\n<li>Estudantes <strong>matriculados no ensino m\u00e9dio p\u00fablico<\/strong> e <strong>benefici\u00e1rios do Cad\u00danico<\/strong>.<\/li>\n<li>Vale para <strong>ensino regular<\/strong> e para <strong>EJA (Educa\u00e7\u00e3o de Jovens e Adultos)<\/strong>, com regras de pagamento espec\u00edficas.<\/li>\n<\/ul>\n<p style=\"text-align: justify;\"><!--more--><\/p>\n<h2 style=\"text-align: justify;\">Como funciona o pagamento do P\u00e9-de-Meia<\/h2>\n<ul style=\"text-align: justify;\">\n<li>O MEC usa dados enviados pelas <strong>redes de ensino<\/strong> (federal, estadual, distrital ou municipal) para <strong>identificar quem cumpre os requisitos<\/strong> de matr\u00edcula e frequ\u00eancia.<\/li>\n<li>Com as informa\u00e7\u00f5es validadas, o MEC <strong>autoriza as folhas de pagamento<\/strong> e envia \u00e0 <strong>Caixa Econ\u00f4mica Federal<\/strong>, que <strong>abre as contas<\/strong> e <strong>realiza os pagamentos<\/strong>.<\/li>\n<\/ul>\n<h2 style=\"text-align: justify;\">Valores do pagamento (ensino regular)<\/h2>\n<ul style=\"text-align: justify;\">\n<li><strong>R$ 200\/m\u00eas<\/strong> de <strong>incentivo pela frequ\u00eancia<\/strong> (saque <strong>a qualquer momento<\/strong>).<\/li>\n<li><strong>R$ 1.000 ao final de cada ano conclu\u00eddo<\/strong> (fica <strong>bloqueado<\/strong> e s\u00f3 pode ser sacado <strong>ap\u00f3s a formatura<\/strong> no ensino m\u00e9dio).<\/li>\n<li><strong>B\u00f4nus de R$ 200<\/strong> pela <strong>participa\u00e7\u00e3o no ENEM<\/strong>.<\/li>\n<li><strong>Total potencial<\/strong> ao longo do curso: <strong>at\u00e9 R$ 9.200 por aluno<\/strong>, somando parcelas mensais, dep\u00f3sitos anuais e o adicional do ENEM.<\/li>\n<\/ul>\n<h2 style=\"text-align: justify;\">Valores do pagamento (EJA)<\/h2>\n<ul style=\"text-align: justify;\">\n<li><strong>R$ 200<\/strong> por <strong>comprova\u00e7\u00e3o de matr\u00edcula<\/strong> (saque <strong>imediato<\/strong>).<\/li>\n<li><strong>R$ 225<\/strong> por <strong>frequ\u00eancia<\/strong> (saque <strong>imediato<\/strong>).<\/li>\n<li>Mant\u00eam-se os <strong>dep\u00f3sitos anuais de R$ 1.000<\/strong> ao concluir cada etapa do ensino m\u00e9dio, com <strong>saque ap\u00f3s a formatura<\/strong>.<\/li>\n<\/ul>\n<h2 style=\"text-align: justify;\">Calend\u00e1rio e processamento do pagamento<\/h2>\n<ul style=\"text-align: justify;\">\n<li>As <strong>folhas de pagamento<\/strong> s\u00e3o geradas pelo <strong>MEC<\/strong> com base na <strong>matr\u00edcula e frequ\u00eancia<\/strong> informadas pelas redes de ensino.<\/li>\n<li>A <strong>Caixa<\/strong> processa e <strong>efetiva o pagamento<\/strong> nas contas abertas para os benefici\u00e1rios.<\/li>\n<li>O estudante <strong>acompanha no app \u201cJornada do Estudante\u201d<\/strong> quando o pagamento for liberado.<\/li>\n<\/ul>\n<h2 style=\"text-align: justify;\">Como consultar e sacar o pagamento do P\u00e9-de-Meia<\/h2>\n<ul style=\"text-align: justify;\">\n<li><strong>Consulta:<\/strong> pelo aplicativo <strong>Jornada do Estudante<\/strong> (informa\u00e7\u00f5es de elegibilidade, parcelas e status).<\/li>\n<li><strong>Saque:<\/strong> valores <strong>mensais<\/strong> (R$ 200 no regular; R$ 200 + R$ 225 no EJA) podem ser <strong>sacados a qualquer momento<\/strong>.<\/li>\n<li><strong>Dep\u00f3sitos anuais (R$ 1.000)<\/strong> ficam <strong>retidos<\/strong> e s\u00f3 podem ser <strong>sacados ap\u00f3s a conclus\u00e3o<\/strong> do ensino m\u00e9dio.<\/li>\n<\/ul>\n<h2 style=\"text-align: justify;\">Perguntas r\u00e1pidas sobre o pagamento P\u00e9-de-Meia<\/h2>\n<ul style=\"text-align: justify;\">\n<li><strong>Preciso comprovar frequ\u00eancia?<\/strong> Sim. A libera\u00e7\u00e3o do pagamento depende da <strong>matr\u00edcula e da frequ\u00eancia<\/strong> informadas pela rede de ensino.<\/li>\n<li><strong>Posso sacar tudo?<\/strong> N\u00e3o. As <strong>parcelas mensais<\/strong> podem ser sacadas; os <strong>R$ 1.000 anuais<\/strong> ficam <strong>dispon\u00edveis apenas ap\u00f3s a formatura<\/strong>.<\/li>\n<li><strong>O ENEM \u00e9 obrigat\u00f3rio para receber o b\u00f4nus?<\/strong> Para o <strong>adicional de R$ 200<\/strong>, \u00e9 necess\u00e1rio <strong>participar do ENEM<\/strong>.<\/li>\n<li><strong>Onde vejo se caiu o pagamento?<\/strong> No <strong>app Jornada do Estudante<\/strong>.<\/li>\n<li><strong>Quem resolve erros no pagamento?<\/strong> A rede de ensino precisa <strong>corrigir dados de matr\u00edcula\/frequ\u00eancia<\/strong>; a <strong>Caixa<\/strong> executa o <strong>pagamento<\/strong> ap\u00f3s o envio correto das folhas pelo <strong>MEC<\/strong>.<\/li>\n<\/ul>\n<p style=\"text-align: justify;\">Fonte: Brasil 61<\/p>\n<div class=\"gsp_post_data\" \r\n\t            data-post_type=\"post\" \r\n\t            data-cat=\"destaque\" \r\n\t            data-modified=\"120\"\r\n\t            data-created=\"1787895724\"\r\n\t            data-title=\"P\u00e9-de-Meia: pagamento para nascidos em setembro e outubro ser\u00e1 feito nesta sexta-feira (28)\" \r\n\t            data-home=\"https:\/\/zulenealves.com.br\"><\/div>","protected":false},"excerpt":{"rendered":"<p>A CAIXA paga, nesta sexta-feira, 28 de agosto, nova parcela do Programa P\u00e9-de-Meia para os estudantes do Ensino M\u00e9dio regular e Ensino M\u00e9dio da Educa\u00e7\u00e3o de Jovens e Adultos, a EJA, nascidos nos meses de setembro e outubro. Al\u00e9m da parcela mensal, estudantes da modalidade EJA aprovados no primeiro semestre de 2026 tamb\u00e9m recebem a &#8230; <\/p>\n<p class=\"read-more-container\"><a title=\"P\u00e9-de-Meia: pagamento para nascidos em setembro e outubro ser\u00e1 feito nesta sexta-feira (28)\" class=\"read-more button\" href=\"https:\/\/zulenealves.com.br\/index.php\/2026\/08\/28\/pe-de-meia-pagamento-para-nascidos-em-setembro-e-outubro-sera-feito-nesta-sexta-feira-28\/#more-51376\" aria-label=\"More on P\u00e9-de-Meia: pagamento para nascidos em setembro e outubro ser\u00e1 feito nesta sexta-feira (28)\">Leia mais<\/a><\/p>\n","protected":false},"author":2,"featured_media":51377,"comment_status":"closed","ping_status":"closed","sticky":false,"template":"","format":"standard","meta":{"footnotes":""},"categories":[23],"tags":[],"class_list":["post-51376","post","type-post","status-publish","format-standard","has-post-thumbnail","hentry","category-destaque","resize-featured-image"],"yoast_head":"<!-- This site is optimized with the Yoast SEO plugin v28.4 - https:\/\/yoast.com\/product\/yoast-seo-wordpress\/ -->\n<title>P\u00e9-de-Meia: pagamento para nascidos em setembro e outubro ser\u00e1 feito nesta sexta-feira (28) - Blog Zulene Alves<\/title>\n<meta name=\"robots\" content=\"index, follow, max-snippet:-1, max-image-preview:large, max-video-preview:-1\" \/>\n<link rel=\"canonical\" href=\"https:\/\/zulenealves.com.br\/index.php\/2026\/08\/28\/pe-de-meia-pagamento-para-nascidos-em-setembro-e-outubro-sera-feito-nesta-sexta-feira-28\/\" \/>\n<meta property=\"og:locale\" content=\"pt_BR\" \/>\n<meta property=\"og:type\" content=\"article\" \/>\n<meta property=\"og:title\" content=\"P\u00e9-de-Meia: pagamento para nascidos em setembro e outubro ser\u00e1 feito nesta sexta-feira (28) - Blog Zulene Alves\" \/>\n<meta property=\"og:description\" content=\"A CAIXA paga, nesta sexta-feira, 28 de agosto, nova parcela do Programa P\u00e9-de-Meia para os estudantes do Ensino M\u00e9dio regular e Ensino M\u00e9dio da Educa\u00e7\u00e3o de Jovens e Adultos, a EJA, nascidos nos meses de setembro e outubro. Al\u00e9m da parcela mensal, estudantes da modalidade EJA aprovados no primeiro semestre de 2026 tamb\u00e9m recebem a ... Leia mais\" \/>\n<meta property=\"og:url\" content=\"https:\/\/zulenealves.com.br\/index.php\/2026\/08\/28\/pe-de-meia-pagamento-para-nascidos-em-setembro-e-outubro-sera-feito-nesta-sexta-feira-28\/\" \/>\n<meta property=\"og:site_name\" content=\"Blog Zulene Alves\" \/>\n<meta property=\"article:published_time\" content=\"2026-08-28T08:42:04+00:00\" \/>\n<meta property=\"article:modified_time\" content=\"2026-08-28T08:45:40+00:00\" \/>\n<meta property=\"og:image\" content=\"https:\/\/zulenealves.com.br\/wp-content\/uploads\/2026\/08\/567.webp\" \/>\n\t<meta property=\"og:image:width\" content=\"400\" \/>\n\t<meta property=\"og:image:height\" content=\"250\" \/>\n\t<meta property=\"og:image:type\" content=\"image\/webp\" \/>\n<meta name=\"author\" content=\"Zulene Alves\" \/>\n<meta name=\"twitter:card\" content=\"summary_large_image\" \/>\n<meta name=\"twitter:label1\" content=\"Escrito por\" \/>\n\t<meta name=\"twitter:data1\" content=\"Zulene Alves\" \/>\n\t<meta name=\"twitter:label2\" content=\"Est. tempo de leitura\" \/>\n\t<meta name=\"twitter:data2\" content=\"4 minutos\" \/>\n<script type=\"application\/ld+json\" class=\"yoast-schema-graph\">{\"@context\":\"https:\\\/\\\/schema.org\",\"@graph\":[{\"@type\":\"Article\",\"@id\":\"https:\\\/\\\/zulenealves.com.br\\\/index.php\\\/2026\\\/08\\\/28\\\/pe-de-meia-pagamento-para-nascidos-em-setembro-e-outubro-sera-feito-nesta-sexta-feira-28\\\/#article\",\"isPartOf\":{\"@id\":\"https:\\\/\\\/zulenealves.com.br\\\/index.php\\\/2026\\\/08\\\/28\\\/pe-de-meia-pagamento-para-nascidos-em-setembro-e-outubro-sera-feito-nesta-sexta-feira-28\\\/\"},\"author\":{\"name\":\"Zulene Alves\",\"@id\":\"https:\\\/\\\/zulenealves.com.br\\\/#\\\/schema\\\/person\\\/211b267042952b9d9062603ea5230577\"},\"headline\":\"P\u00e9-de-Meia: pagamento para nascidos em setembro e outubro ser\u00e1 feito nesta sexta-feira (28)\",\"datePublished\":\"2026-08-28T08:42:04+00:00\",\"dateModified\":\"2026-08-28T08:45:40+00:00\",\"mainEntityOfPage\":{\"@id\":\"https:\\\/\\\/zulenealves.com.br\\\/index.php\\\/2026\\\/08\\\/28\\\/pe-de-meia-pagamento-para-nascidos-em-setembro-e-outubro-sera-feito-nesta-sexta-feira-28\\\/\"},\"wordCount\":643,\"image\":{\"@id\":\"https:\\\/\\\/zulenealves.com.br\\\/index.php\\\/2026\\\/08\\\/28\\\/pe-de-meia-pagamento-para-nascidos-em-setembro-e-outubro-sera-feito-nesta-sexta-feira-28\\\/#primaryimage\"},\"thumbnailUrl\":\"https:\\\/\\\/zulenealves.com.br\\\/wp-content\\\/uploads\\\/2026\\\/08\\\/567.webp\",\"articleSection\":[\"Destaque\"],\"inLanguage\":\"pt-BR\"},{\"@type\":\"WebPage\",\"@id\":\"https:\\\/\\\/zulenealves.com.br\\\/index.php\\\/2026\\\/08\\\/28\\\/pe-de-meia-pagamento-para-nascidos-em-setembro-e-outubro-sera-feito-nesta-sexta-feira-28\\\/\",\"url\":\"https:\\\/\\\/zulenealves.com.br\\\/index.php\\\/2026\\\/08\\\/28\\\/pe-de-meia-pagamento-para-nascidos-em-setembro-e-outubro-sera-feito-nesta-sexta-feira-28\\\/\",\"name\":\"P\u00e9-de-Meia: pagamento para nascidos em setembro e outubro ser\u00e1 feito nesta sexta-feira (28) - Blog Zulene Alves\",\"isPartOf\":{\"@id\":\"https:\\\/\\\/zulenealves.com.br\\\/#website\"},\"primaryImageOfPage\":{\"@id\":\"https:\\\/\\\/zulenealves.com.br\\\/index.php\\\/2026\\\/08\\\/28\\\/pe-de-meia-pagamento-para-nascidos-em-setembro-e-outubro-sera-feito-nesta-sexta-feira-28\\\/#primaryimage\"},\"image\":{\"@id\":\"https:\\\/\\\/zulenealves.com.br\\\/index.php\\\/2026\\\/08\\\/28\\\/pe-de-meia-pagamento-para-nascidos-em-setembro-e-outubro-sera-feito-nesta-sexta-feira-28\\\/#primaryimage\"},\"thumbnailUrl\":\"https:\\\/\\\/zulenealves.com.br\\\/wp-content\\\/uploads\\\/2026\\\/08\\\/567.webp\",\"datePublished\":\"2026-08-28T08:42:04+00:00\",\"dateModified\":\"2026-08-28T08:45:40+00:00\",\"author\":{\"@id\":\"https:\\\/\\\/zulenealves.com.br\\\/#\\\/schema\\\/person\\\/211b267042952b9d9062603ea5230577\"},\"breadcrumb\":{\"@id\":\"https:\\\/\\\/zulenealves.com.br\\\/index.php\\\/2026\\\/08\\\/28\\\/pe-de-meia-pagamento-para-nascidos-em-setembro-e-outubro-sera-feito-nesta-sexta-feira-28\\\/#breadcrumb\"},\"inLanguage\":\"pt-BR\",\"potentialAction\":[{\"@type\":\"ReadAction\",\"target\":[\"https:\\\/\\\/zulenealves.com.br\\\/index.php\\\/2026\\\/08\\\/28\\\/pe-de-meia-pagamento-para-nascidos-em-setembro-e-outubro-sera-feito-nesta-sexta-feira-28\\\/\"]}]},{\"@type\":\"ImageObject\",\"inLanguage\":\"pt-BR\",\"@id\":\"https:\\\/\\\/zulenealves.com.br\\\/index.php\\\/2026\\\/08\\\/28\\\/pe-de-meia-pagamento-para-nascidos-em-setembro-e-outubro-sera-feito-nesta-sexta-feira-28\\\/#primaryimage\",\"url\":\"https:\\\/\\\/zulenealves.com.br\\\/wp-content\\\/uploads\\\/2026\\\/08\\\/567.webp\",\"contentUrl\":\"https:\\\/\\\/zulenealves.com.br\\\/wp-content\\\/uploads\\\/2026\\\/08\\\/567.webp\",\"width\":400,\"height\":250},{\"@type\":\"BreadcrumbList\",\"@id\":\"https:\\\/\\\/zulenealves.com.br\\\/index.php\\\/2026\\\/08\\\/28\\\/pe-de-meia-pagamento-para-nascidos-em-setembro-e-outubro-sera-feito-nesta-sexta-feira-28\\\/#breadcrumb\",\"itemListElement\":[{\"@type\":\"ListItem\",\"position\":1,\"name\":\"In\u00edcio\",\"item\":\"https:\\\/\\\/zulenealves.com.br\\\/\"},{\"@type\":\"ListItem\",\"position\":2,\"name\":\"P\u00e9-de-Meia: pagamento para nascidos em setembro e outubro ser\u00e1 feito nesta sexta-feira (28)\"}]},{\"@type\":\"WebSite\",\"@id\":\"https:\\\/\\\/zulenealves.com.br\\\/#website\",\"url\":\"https:\\\/\\\/zulenealves.com.br\\\/\",\"name\":\"Blog Zulene Alves\",\"description\":\"\",\"potentialAction\":[{\"@type\":\"SearchAction\",\"target\":{\"@type\":\"EntryPoint\",\"urlTemplate\":\"https:\\\/\\\/zulenealves.com.br\\\/?s={search_term_string}\"},\"query-input\":{\"@type\":\"PropertyValueSpecification\",\"valueRequired\":true,\"valueName\":\"search_term_string\"}}],\"inLanguage\":\"pt-BR\"},{\"@type\":\"Person\",\"@id\":\"https:\\\/\\\/zulenealves.com.br\\\/#\\\/schema\\\/person\\\/211b267042952b9d9062603ea5230577\",\"name\":\"Zulene Alves\",\"image\":{\"@type\":\"ImageObject\",\"inLanguage\":\"pt-BR\",\"@id\":\"https:\\\/\\\/secure.gravatar.com\\\/avatar\\\/6256ae245147d58c317918f3a20dbf75c244838a7b265be12b0edacdedc94737?s=96&d=mm&r=g\",\"url\":\"https:\\\/\\\/secure.gravatar.com\\\/avatar\\\/6256ae245147d58c317918f3a20dbf75c244838a7b265be12b0edacdedc94737?s=96&d=mm&r=g\",\"contentUrl\":\"https:\\\/\\\/secure.gravatar.com\\\/avatar\\\/6256ae245147d58c317918f3a20dbf75c244838a7b265be12b0edacdedc94737?s=96&d=mm&r=g\",\"caption\":\"Zulene Alves\"},\"sameAs\":[\"https:\\\/\\\/zulenealves.com.br\\\/\"],\"url\":\"https:\\\/\\\/zulenealves.com.br\\\/index.php\\\/author\\\/zulene\\\/\"}]}<\/script>\n<!-- \/ Yoast SEO plugin. -->","yoast_head_json":{"title":"P\u00e9-de-Meia: pagamento para nascidos em setembro e outubro ser\u00e1 feito nesta sexta-feira (28) - Blog Zulene Alves","robots":{"index":"index","follow":"follow","max-snippet":"max-snippet:-1","max-image-preview":"max-image-preview:large","max-video-preview":"max-video-preview:-1"},"canonical":"https:\/\/zulenealves.com.br\/index.php\/2026\/08\/28\/pe-de-meia-pagamento-para-nascidos-em-setembro-e-outubro-sera-feito-nesta-sexta-feira-28\/","og_locale":"pt_BR","og_type":"article","og_title":"P\u00e9-de-Meia: pagamento para nascidos em setembro e outubro ser\u00e1 feito nesta sexta-feira (28) - Blog Zulene Alves","og_description":"A CAIXA paga, nesta sexta-feira, 28 de agosto, nova parcela do Programa P\u00e9-de-Meia para os estudantes do Ensino M\u00e9dio regular e Ensino M\u00e9dio da Educa\u00e7\u00e3o de Jovens e Adultos, a EJA, nascidos nos meses de setembro e outubro. Al\u00e9m da parcela mensal, estudantes da modalidade EJA aprovados no primeiro semestre de 2026 tamb\u00e9m recebem a ... Leia mais","og_url":"https:\/\/zulenealves.com.br\/index.php\/2026\/08\/28\/pe-de-meia-pagamento-para-nascidos-em-setembro-e-outubro-sera-feito-nesta-sexta-feira-28\/","og_site_name":"Blog Zulene Alves","article_published_time":"2026-08-28T08:42:04+00:00","article_modified_time":"2026-08-28T08:45:40+00:00","og_image":[{"width":400,"height":250,"url":"https:\/\/zulenealves.com.br\/wp-content\/uploads\/2026\/08\/567.webp","type":"image\/webp"}],"author":"Zulene Alves","twitter_card":"summary_large_image","twitter_misc":{"Escrito por":"Zulene Alves","Est. tempo de leitura":"4 minutos"},"schema":{"@context":"https:\/\/schema.org","@graph":[{"@type":"Article","@id":"https:\/\/zulenealves.com.br\/index.php\/2026\/08\/28\/pe-de-meia-pagamento-para-nascidos-em-setembro-e-outubro-sera-feito-nesta-sexta-feira-28\/#article","isPartOf":{"@id":"https:\/\/zulenealves.com.br\/index.php\/2026\/08\/28\/pe-de-meia-pagamento-para-nascidos-em-setembro-e-outubro-sera-feito-nesta-sexta-feira-28\/"},"author":{"name":"Zulene Alves","@id":"https:\/\/zulenealves.com.br\/#\/schema\/person\/211b267042952b9d9062603ea5230577"},"headline":"P\u00e9-de-Meia: pagamento para nascidos em setembro e outubro ser\u00e1 feito nesta sexta-feira (28)","datePublished":"2026-08-28T08:42:04+00:00","dateModified":"2026-08-28T08:45:40+00:00","mainEntityOfPage":{"@id":"https:\/\/zulenealves.com.br\/index.php\/2026\/08\/28\/pe-de-meia-pagamento-para-nascidos-em-setembro-e-outubro-sera-feito-nesta-sexta-feira-28\/"},"wordCount":643,"image":{"@id":"https:\/\/zulenealves.com.br\/index.php\/2026\/08\/28\/pe-de-meia-pagamento-para-nascidos-em-setembro-e-outubro-sera-feito-nesta-sexta-feira-28\/#primaryimage"},"thumbnailUrl":"https:\/\/zulenealves.com.br\/wp-content\/uploads\/2026\/08\/567.webp","articleSection":["Destaque"],"inLanguage":"pt-BR"},{"@type":"WebPage","@id":"https:\/\/zulenealves.com.br\/index.php\/2026\/08\/28\/pe-de-meia-pagamento-para-nascidos-em-setembro-e-outubro-sera-feito-nesta-sexta-feira-28\/","url":"https:\/\/zulenealves.com.br\/index.php\/2026\/08\/28\/pe-de-meia-pagamento-para-nascidos-em-setembro-e-outubro-sera-feito-nesta-sexta-feira-28\/","name":"P\u00e9-de-Meia: pagamento para nascidos em setembro e outubro ser\u00e1 feito nesta sexta-feira (28) - Blog Zulene Alves","isPartOf":{"@id":"https:\/\/zulenealves.com.br\/#website"},"primaryImageOfPage":{"@id":"https:\/\/zulenealves.com.br\/index.php\/2026\/08\/28\/pe-de-meia-pagamento-para-nascidos-em-setembro-e-outubro-sera-feito-nesta-sexta-feira-28\/#primaryimage"},"image":{"@id":"https:\/\/zulenealves.com.br\/index.php\/2026\/08\/28\/pe-de-meia-pagamento-para-nascidos-em-setembro-e-outubro-sera-feito-nesta-sexta-feira-28\/#primaryimage"},"thumbnailUrl":"https:\/\/zulenealves.com.br\/wp-content\/uploads\/2026\/08\/567.webp","datePublished":"2026-08-28T08:42:04+00:00","dateModified":"2026-08-28T08:45:40+00:00","author":{"@id":"https:\/\/zulenealves.com.br\/#\/schema\/person\/211b267042952b9d9062603ea5230577"},"breadcrumb":{"@id":"https:\/\/zulenealves.com.br\/index.php\/2026\/08\/28\/pe-de-meia-pagamento-para-nascidos-em-setembro-e-outubro-sera-feito-nesta-sexta-feira-28\/#breadcrumb"},"inLanguage":"pt-BR","potentialAction":[{"@type":"ReadAction","target":["https:\/\/zulenealves.com.br\/index.php\/2026\/08\/28\/pe-de-meia-pagamento-para-nascidos-em-setembro-e-outubro-sera-feito-nesta-sexta-feira-28\/"]}]},{"@type":"ImageObject","inLanguage":"pt-BR","@id":"https:\/\/zulenealves.com.br\/index.php\/2026\/08\/28\/pe-de-meia-pagamento-para-nascidos-em-setembro-e-outubro-sera-feito-nesta-sexta-feira-28\/#primaryimage","url":"https:\/\/zulenealves.com.br\/wp-content\/uploads\/2026\/08\/567.webp","contentUrl":"https:\/\/zulenealves.com.br\/wp-content\/uploads\/2026\/08\/567.webp","width":400,"height":250},{"@type":"BreadcrumbList","@id":"https:\/\/zulenealves.com.br\/index.php\/2026\/08\/28\/pe-de-meia-pagamento-para-nascidos-em-setembro-e-outubro-sera-feito-nesta-sexta-feira-28\/#breadcrumb","itemListElement":[{"@type":"ListItem","position":1,"name":"In\u00edcio","item":"https:\/\/zulenealves.com.br\/"},{"@type":"ListItem","position":2,"name":"P\u00e9-de-Meia: pagamento para nascidos em setembro e outubro ser\u00e1 feito nesta sexta-feira (28)"}]},{"@type":"WebSite","@id":"https:\/\/zulenealves.com.br\/#website","url":"https:\/\/zulenealves.com.br\/","name":"Blog Zulene Alves","description":"","potentialAction":[{"@type":"SearchAction","target":{"@type":"EntryPoint","urlTemplate":"https:\/\/zulenealves.com.br\/?s={search_term_string}"},"query-input":{"@type":"PropertyValueSpecification","valueRequired":true,"valueName":"search_term_string"}}],"inLanguage":"pt-BR"},{"@type":"Person","@id":"https:\/\/zulenealves.com.br\/#\/schema\/person\/211b267042952b9d9062603ea5230577","name":"Zulene Alves","image":{"@type":"ImageObject","inLanguage":"pt-BR","@id":"https:\/\/secure.gravatar.com\/avatar\/6256ae245147d58c317918f3a20dbf75c244838a7b265be12b0edacdedc94737?s=96&d=mm&r=g","url":"https:\/\/secure.gravatar.com\/avatar\/6256ae245147d58c317918f3a20dbf75c244838a7b265be12b0edacdedc94737?s=96&d=mm&r=g","contentUrl":"https:\/\/secure.gravatar.com\/avatar\/6256ae245147d58c317918f3a20dbf75c244838a7b265be12b0edacdedc94737?s=96&d=mm&r=g","caption":"Zulene Alves"},"sameAs":["https:\/\/zulenealves.com.br\/"],"url":"https:\/\/zulenealves.com.br\/index.php\/author\/zulene\/"}]}},"_links":{"self":[{"href":"https:\/\/zulenealves.com.br\/index.php\/wp-json\/wp\/v2\/posts\/51376","targetHints":{"allow":["GET"]}}],"collection":[{"href":"https:\/\/zulenealves.com.br\/index.php\/wp-json\/wp\/v2\/posts"}],"about":[{"href":"https:\/\/zulenealves.com.br\/index.php\/wp-json\/wp\/v2\/types\/post"}],"author":[{"embeddable":true,"href":"https:\/\/zulenealves.com.br\/index.php\/wp-json\/wp\/v2\/users\/2"}],"replies":[{"embeddable":true,"href":"https:\/\/zulenealves.com.br\/index.php\/wp-json\/wp\/v2\/comments?post=51376"}],"version-history":[{"count":3,"href":"https:\/\/zulenealves.com.br\/index.php\/wp-json\/wp\/v2\/posts\/51376\/revisions"}],"predecessor-version":[{"id":51382,"href":"https:\/\/zulenealves.com.br\/index.php\/wp-json\/wp\/v2\/posts\/51376\/revisions\/51382"}],"wp:featuredmedia":[{"embeddable":true,"href":"https:\/\/zulenealves.com.br\/index.php\/wp-json\/wp\/v2\/media\/51377"}],"wp:attachment":[{"href":"https:\/\/zulenealves.com.br\/index.php\/wp-json\/wp\/v2\/media?parent=51376"}],"wp:term":[{"taxonomy":"category","embeddable":true,"href":"https:\/\/zulenealves.com.br\/index.php\/wp-json\/wp\/v2\/categories?post=51376"},{"taxonomy":"post_tag","embeddable":true,"href":"https:\/\/zulenealves.com.br\/index.php\/wp-json\/wp\/v2\/tags?post=51376"}],"curies":[{"name":"wp","href":"https:\/\/api.w.org\/{rel}","templated":true}]}}