{"id":51434,"date":"2026-08-30T06:51:57","date_gmt":"2026-08-30T09:51:57","guid":{"rendered":"https:\/\/zulenealves.com.br\/?p=51434"},"modified":"2026-08-30T06:51:57","modified_gmt":"2026-08-30T09:51:57","slug":"com-ares-de-bala-de-prata-imagem-de-lula-e-explorada-a-exaustao-no-guia-eleitoral","status":"publish","type":"post","link":"https:\/\/zulenealves.com.br\/index.php\/2026\/08\/30\/com-ares-de-bala-de-prata-imagem-de-lula-e-explorada-a-exaustao-no-guia-eleitoral\/","title":{"rendered":"Com ares de &#8220;bala de prata&#8221;, imagem de Lula \u00e9 explorada \u00e0 exaust\u00e3o no guia eleitoral"},"content":{"rendered":"<p><img fetchpriority=\"high\" decoding=\"async\" class=\"aligncenter\" src=\"https:\/\/imagens.ne10.uol.com.br\/veiculos\/_midias\/jpg\/2026\/08\/26\/55480115742_110f84bc2d_o-37026079.jpg?ims=800x533\" alt=\"Qual a raz&amp;atilde;o para exibir Lula logo no 1&amp;ordm; dia da propaganda eleitoral?\" width=\"557\" height=\"371\" \/><strong>Por<\/strong>\u00a0<strong>TEREZINHA NUNES<\/strong><\/p>\n<p style=\"text-align: justify;\">Definida nos dicion\u00e1rios como solu\u00e7\u00e3o m\u00e1gica capaz de resolver problemas complexos de forma imediata, a express\u00e3o \u201cbala de prata\u201d, popularizada no filme O Lobisomem (The Wolf Man) de 1941, produzido pela Universal, \u00e9 citada popularmente quando se quer mostrar o poder de algo ou de algu\u00e9m para favorecer outras pessoas.<\/p>\n<p style=\"text-align: justify;\">No mundo da pol\u00edtica, o presidente Lula passou a ser visto em todo o Nordeste, onde conserva altos \u00edndices de popularidade, como uma bala de prata essencial para garantir a vit\u00f3ria de seus apoiadores nas elei\u00e7\u00f5es estaduais.<\/p>\n<p class=\"texto\" style=\"text-align: justify;\">Mas, como tudo que \u00e9 precioso na garantia do voto, a imagem do presidente em geral era citada em com\u00edcios, reuni\u00f5es e caminhadas, mas no R\u00e1dio e na TV era o \u00faltimo trunfo exibido pelos candidatos que tinham o seu apoio.<\/p>\n<p class=\"texto\" style=\"text-align: justify;\">Primeiro se \u201cvendia\u201d a imagem dos protagonistas, suas obras e a\u00e7\u00f5es e Lula s\u00f3 aparecia nos \u00faltimos 15 dias para sacramentar a vit\u00f3ria do seu escolhido. Foi assim que a senadora Tereza Leit\u00e3o venceu a elei\u00e7\u00e3o de 2022 no palanque do PSB, que acabou em quarto lugar na disputa. Apresentando-se como \u201csenadora de Lula\u201d ela s\u00f3 exibiu nos \u00faltimos dias de campanha o pr\u00f3prio presidente, em suas inser\u00e7\u00f5es, pedindo voto.<\/p>\n<p class=\"texto\" style=\"text-align: justify;\"><strong>Caminho inverso<\/strong><\/p>\n<p class=\"texto\" style=\"text-align: justify;\">A campanha deste ano na m\u00eddia tradicional come\u00e7ou pelo caminho inverso. Lula apareceu pedindo votos para Jo\u00e3o Campos, Humberto Costa e Mar\u00edlia Arraes logo no primeiro programa exibido esta sexta-feira, como se n\u00e3o houvesse tempo para esperar mais um pouco.<\/p>\n<p class=\"texto\" style=\"text-align: justify;\">J\u00e1 no tempo dos senadores do palanque da governadora, Lula n\u00e3o apareceu pois seu partido n\u00e3o faz parte da coliga\u00e7\u00e3o de Raquel, mas o candidato T\u00falio Gadelha falou no presidente em reprodu\u00e7\u00e3o do seu pronunciamento na conven\u00e7\u00e3o da governadora e chegou at\u00e9 a fazer o \u201cL\u201d de Lula com a m\u00e3o em imagem onde se encontravam tamb\u00e9m Raquel e Priscila, sua vice.<\/p>\n<p class=\"texto\" style=\"text-align: justify;\">Qual a raz\u00e3o para exibir Lula logo no 1\u00ba dia? N\u00e3o seria uma precipita\u00e7\u00e3o que poderia acabar virando lugar comum na hora da real defini\u00e7\u00e3o do voto?<\/p>\n<p class=\"texto\" style=\"text-align: justify;\">O cientista pol\u00edtico Felipe Ferreira Lima, ouvido por este blog, v\u00ea uma raz\u00e3o principal nisso. Afirma que \u201ca composi\u00e7\u00e3o da chapa de Jo\u00e3o Campos com dois senadores de esquerda fez com que o candidato passasse a depender da for\u00e7a de Lula para impulsionar o seu palanque, j\u00e1 que n\u00e3o acenou para os eleitores de centro e nem de direita e ele precisou usar isso no in\u00edcio para poder crescer. Este \u00e9 o \u00fanico caminho natural que ele tem para ganhar pontos neste momento da disputa\u201d.<\/p>\n<p class=\"texto\" style=\"text-align: justify;\"><strong>Em 2024 Jo\u00e3o n\u00e3o usou Lula<\/strong><\/p>\n<p class=\"texto\" style=\"text-align: justify;\">Segundo ele, neste particular \u00e9 preciso observar que \u201cJo\u00e3o tra\u00e7ou em 2026 um caminho diferente do que trilhou na elei\u00e7\u00e3o municipal de 2024 quando n\u00e3o se viu um \u00fanico cartaz ou foto dele com Lula. Como queria vencer no 1.o turno e para isso precisava dos votos do centro e da direita ele silenciou sobre Lula, caminho totalmente diferente do que faz agora\u201d.<\/p>\n<p class=\"texto\" style=\"text-align: justify;\">J\u00e1 a cientista pol\u00edtica Priscila Lapa acha que a estrat\u00e9gia de Jo\u00e3o Campos se d\u00e1 \u201cporque ele tem pressa de buscar uma revers\u00e3o dos votos lulistas pr\u00f3-Raquel\u201d. \u201cEu acredito \u2013 afirma- que tem a ver com o pilar estrat\u00e9gico da campanha de Jo\u00e3o que \u00e9 a aposta e insist\u00eancia na nacionaliza\u00e7\u00e3o do pleito, diante dos altos \u00edndices de votos no presidente aqui no estado. Essa busca pelo posicionamento no cen\u00e1rio nacional \u00e9 uma tentativa de trazer a pol\u00edtica para a disputa, sabendo que Raquel atuar\u00e1 pela trilha da gest\u00e3o. \u00c9 pela trilha da gest\u00e3o que ela vai buscar se contrapor \u00e0s gest\u00f5es do PSB. Mar\u00edlia e Humberto querem, tamb\u00e9m, refor\u00e7ar e usufruir dessa estrat\u00e9gia de Jo\u00e3o\u201d.<\/p>\n<p class=\"texto\" style=\"text-align: justify;\"><strong>Coringa de Raquel<\/strong><\/p>\n<p class=\"texto\" style=\"text-align: justify;\">Sobre o fato de T\u00falio Gadelha ter logo no primeiro dia falado em Lula e feito o L, Felipe Ferreira Lima diz que o deputado federal e candidato a senador \u201c \u00e9 o coringa no palanque de Raquel para acenar aos eleitores de esquerda. Ela formou um palanque onde cabem todos os lados da pol\u00edtica e T\u00falio \u00e9 o que carrega a bandeira de Lula. Natural que se posicione como tal\u201d.<\/p>\n<p class=\"texto\" style=\"text-align: justify;\">Priscila Lapa diz que T\u00falio \u201cse viabilizou no palanque governista quase como um contraponto a essa estrat\u00e9gia de Jo\u00e3o Campos, mostrando que a alian\u00e7a com Lula n\u00e3o interfere nas escolhas locais, que podem se dar por raz\u00f5es distintas. Assim a explora\u00e7\u00e3o da imagem do presidente demonstra que essa linha vai prevalecer como um dos principais panos de fundo da disputa estadual. At\u00e9 porque isso \u00e9 meio que vital para a estrat\u00e9gia central de Jo\u00e3o\u201d.<\/p>\n<p class=\"texto\" style=\"text-align: justify;\">O que est\u00e1 acontecendo no guia \u00e9, para Felipe \u201c muito interessante para Lula. Ele n\u00e3o tem interesse em se dividir localmente em uma campanha onde enfrenta o esc\u00e2ndalo do INSS e o envolvimento de Lulinha nisso tudo. Ele precisa unir for\u00e7as sobretudo no Nordeste e quanto mais os dois principais palanques falarem nele melhor\u201d.<\/p>\n<div class=\"gsp_post_data\" \r\n\t            data-post_type=\"post\" \r\n\t            data-cat=\"sem-categoria\" \r\n\t            data-modified=\"120\"\r\n\t            data-created=\"1788072717\"\r\n\t            data-title=\"Com ares de &#8220;bala de prata&#8221;, imagem de Lula \u00e9 explorada \u00e0 exaust\u00e3o no guia eleitoral\" \r\n\t            data-home=\"https:\/\/zulenealves.com.br\"><\/div>","protected":false},"excerpt":{"rendered":"<p>Por\u00a0TEREZINHA NUNES Definida nos dicion\u00e1rios como solu\u00e7\u00e3o m\u00e1gica capaz de resolver problemas complexos de forma imediata, a express\u00e3o \u201cbala de prata\u201d, popularizada no filme O Lobisomem (The Wolf Man) de 1941, produzido pela Universal, \u00e9 citada popularmente quando se quer mostrar o poder de algo ou de algu\u00e9m para favorecer outras pessoas. No mundo da &#8230; <\/p>\n<p class=\"read-more-container\"><a title=\"Com ares de &#8220;bala de prata&#8221;, imagem de Lula \u00e9 explorada \u00e0 exaust\u00e3o no guia eleitoral\" class=\"read-more button\" href=\"https:\/\/zulenealves.com.br\/index.php\/2026\/08\/30\/com-ares-de-bala-de-prata-imagem-de-lula-e-explorada-a-exaustao-no-guia-eleitoral\/#more-51434\" aria-label=\"More on Com ares de &#8220;bala de prata&#8221;, imagem de Lula \u00e9 explorada \u00e0 exaust\u00e3o no guia eleitoral\">Leia mais<\/a><\/p>\n","protected":false},"author":2,"featured_media":0,"comment_status":"closed","ping_status":"closed","sticky":false,"template":"","format":"standard","meta":{"footnotes":""},"categories":[1],"tags":[],"class_list":["post-51434","post","type-post","status-publish","format-standard","hentry","category-sem-categoria"],"yoast_head":"<!-- This site is optimized with the Yoast SEO plugin v28.4 - https:\/\/yoast.com\/product\/yoast-seo-wordpress\/ -->\n<title>Com ares de &quot;bala de prata&quot;, imagem de Lula \u00e9 explorada \u00e0 exaust\u00e3o no guia eleitoral - Blog Zulene Alves<\/title>\n<meta name=\"robots\" content=\"index, follow, max-snippet:-1, max-image-preview:large, max-video-preview:-1\" \/>\n<link rel=\"canonical\" href=\"https:\/\/zulenealves.com.br\/index.php\/2026\/08\/30\/com-ares-de-bala-de-prata-imagem-de-lula-e-explorada-a-exaustao-no-guia-eleitoral\/\" \/>\n<meta property=\"og:locale\" content=\"pt_BR\" \/>\n<meta property=\"og:type\" content=\"article\" \/>\n<meta property=\"og:title\" content=\"Com ares de &quot;bala de prata&quot;, imagem de Lula \u00e9 explorada \u00e0 exaust\u00e3o no guia eleitoral - Blog Zulene Alves\" \/>\n<meta property=\"og:description\" content=\"Por\u00a0TEREZINHA NUNES Definida nos dicion\u00e1rios como solu\u00e7\u00e3o m\u00e1gica capaz de resolver problemas complexos de forma imediata, a express\u00e3o \u201cbala de prata\u201d, popularizada no filme O Lobisomem (The Wolf Man) de 1941, produzido pela Universal, \u00e9 citada popularmente quando se quer mostrar o poder de algo ou de algu\u00e9m para favorecer outras pessoas. No mundo da ... Leia mais\" \/>\n<meta property=\"og:url\" content=\"https:\/\/zulenealves.com.br\/index.php\/2026\/08\/30\/com-ares-de-bala-de-prata-imagem-de-lula-e-explorada-a-exaustao-no-guia-eleitoral\/\" \/>\n<meta property=\"og:site_name\" content=\"Blog Zulene Alves\" \/>\n<meta property=\"article:published_time\" content=\"2026-08-30T09:51:57+00:00\" \/>\n<meta property=\"og:image\" content=\"https:\/\/imagens.ne10.uol.com.br\/veiculos\/_midias\/jpg\/2026\/08\/26\/55480115742_110f84bc2d_o-37026079.jpg?ims=800x533\" \/>\n<meta name=\"author\" content=\"Zulene Alves\" \/>\n<meta name=\"twitter:card\" content=\"summary_large_image\" \/>\n<meta name=\"twitter:label1\" content=\"Escrito por\" \/>\n\t<meta name=\"twitter:data1\" content=\"Zulene Alves\" \/>\n\t<meta name=\"twitter:label2\" content=\"Est. tempo de leitura\" \/>\n\t<meta name=\"twitter:data2\" content=\"5 minutos\" \/>\n<script type=\"application\/ld+json\" class=\"yoast-schema-graph\">{\"@context\":\"https:\\\/\\\/schema.org\",\"@graph\":[{\"@type\":\"Article\",\"@id\":\"https:\\\/\\\/zulenealves.com.br\\\/index.php\\\/2026\\\/08\\\/30\\\/com-ares-de-bala-de-prata-imagem-de-lula-e-explorada-a-exaustao-no-guia-eleitoral\\\/#article\",\"isPartOf\":{\"@id\":\"https:\\\/\\\/zulenealves.com.br\\\/index.php\\\/2026\\\/08\\\/30\\\/com-ares-de-bala-de-prata-imagem-de-lula-e-explorada-a-exaustao-no-guia-eleitoral\\\/\"},\"author\":{\"name\":\"Zulene Alves\",\"@id\":\"https:\\\/\\\/zulenealves.com.br\\\/#\\\/schema\\\/person\\\/211b267042952b9d9062603ea5230577\"},\"headline\":\"Com ares de &#8220;bala de prata&#8221;, imagem de Lula \u00e9 explorada \u00e0 exaust\u00e3o no guia eleitoral\",\"datePublished\":\"2026-08-30T09:51:57+00:00\",\"mainEntityOfPage\":{\"@id\":\"https:\\\/\\\/zulenealves.com.br\\\/index.php\\\/2026\\\/08\\\/30\\\/com-ares-de-bala-de-prata-imagem-de-lula-e-explorada-a-exaustao-no-guia-eleitoral\\\/\"},\"wordCount\":880,\"image\":{\"@id\":\"https:\\\/\\\/zulenealves.com.br\\\/index.php\\\/2026\\\/08\\\/30\\\/com-ares-de-bala-de-prata-imagem-de-lula-e-explorada-a-exaustao-no-guia-eleitoral\\\/#primaryimage\"},\"thumbnailUrl\":\"https:\\\/\\\/imagens.ne10.uol.com.br\\\/veiculos\\\/_midias\\\/jpg\\\/2026\\\/08\\\/26\\\/55480115742_110f84bc2d_o-37026079.jpg?ims=800x533\",\"inLanguage\":\"pt-BR\"},{\"@type\":\"WebPage\",\"@id\":\"https:\\\/\\\/zulenealves.com.br\\\/index.php\\\/2026\\\/08\\\/30\\\/com-ares-de-bala-de-prata-imagem-de-lula-e-explorada-a-exaustao-no-guia-eleitoral\\\/\",\"url\":\"https:\\\/\\\/zulenealves.com.br\\\/index.php\\\/2026\\\/08\\\/30\\\/com-ares-de-bala-de-prata-imagem-de-lula-e-explorada-a-exaustao-no-guia-eleitoral\\\/\",\"name\":\"Com ares de \\\"bala de prata\\\", imagem de Lula \u00e9 explorada \u00e0 exaust\u00e3o no guia eleitoral - Blog Zulene Alves\",\"isPartOf\":{\"@id\":\"https:\\\/\\\/zulenealves.com.br\\\/#website\"},\"primaryImageOfPage\":{\"@id\":\"https:\\\/\\\/zulenealves.com.br\\\/index.php\\\/2026\\\/08\\\/30\\\/com-ares-de-bala-de-prata-imagem-de-lula-e-explorada-a-exaustao-no-guia-eleitoral\\\/#primaryimage\"},\"image\":{\"@id\":\"https:\\\/\\\/zulenealves.com.br\\\/index.php\\\/2026\\\/08\\\/30\\\/com-ares-de-bala-de-prata-imagem-de-lula-e-explorada-a-exaustao-no-guia-eleitoral\\\/#primaryimage\"},\"thumbnailUrl\":\"https:\\\/\\\/imagens.ne10.uol.com.br\\\/veiculos\\\/_midias\\\/jpg\\\/2026\\\/08\\\/26\\\/55480115742_110f84bc2d_o-37026079.jpg?ims=800x533\",\"datePublished\":\"2026-08-30T09:51:57+00:00\",\"author\":{\"@id\":\"https:\\\/\\\/zulenealves.com.br\\\/#\\\/schema\\\/person\\\/211b267042952b9d9062603ea5230577\"},\"breadcrumb\":{\"@id\":\"https:\\\/\\\/zulenealves.com.br\\\/index.php\\\/2026\\\/08\\\/30\\\/com-ares-de-bala-de-prata-imagem-de-lula-e-explorada-a-exaustao-no-guia-eleitoral\\\/#breadcrumb\"},\"inLanguage\":\"pt-BR\",\"potentialAction\":[{\"@type\":\"ReadAction\",\"target\":[\"https:\\\/\\\/zulenealves.com.br\\\/index.php\\\/2026\\\/08\\\/30\\\/com-ares-de-bala-de-prata-imagem-de-lula-e-explorada-a-exaustao-no-guia-eleitoral\\\/\"]}]},{\"@type\":\"ImageObject\",\"inLanguage\":\"pt-BR\",\"@id\":\"https:\\\/\\\/zulenealves.com.br\\\/index.php\\\/2026\\\/08\\\/30\\\/com-ares-de-bala-de-prata-imagem-de-lula-e-explorada-a-exaustao-no-guia-eleitoral\\\/#primaryimage\",\"url\":\"https:\\\/\\\/imagens.ne10.uol.com.br\\\/veiculos\\\/_midias\\\/jpg\\\/2026\\\/08\\\/26\\\/55480115742_110f84bc2d_o-37026079.jpg?ims=800x533\",\"contentUrl\":\"https:\\\/\\\/imagens.ne10.uol.com.br\\\/veiculos\\\/_midias\\\/jpg\\\/2026\\\/08\\\/26\\\/55480115742_110f84bc2d_o-37026079.jpg?ims=800x533\"},{\"@type\":\"BreadcrumbList\",\"@id\":\"https:\\\/\\\/zulenealves.com.br\\\/index.php\\\/2026\\\/08\\\/30\\\/com-ares-de-bala-de-prata-imagem-de-lula-e-explorada-a-exaustao-no-guia-eleitoral\\\/#breadcrumb\",\"itemListElement\":[{\"@type\":\"ListItem\",\"position\":1,\"name\":\"In\u00edcio\",\"item\":\"https:\\\/\\\/zulenealves.com.br\\\/\"},{\"@type\":\"ListItem\",\"position\":2,\"name\":\"Com ares de &#8220;bala de prata&#8221;, imagem de Lula \u00e9 explorada \u00e0 exaust\u00e3o no guia eleitoral\"}]},{\"@type\":\"WebSite\",\"@id\":\"https:\\\/\\\/zulenealves.com.br\\\/#website\",\"url\":\"https:\\\/\\\/zulenealves.com.br\\\/\",\"name\":\"Blog Zulene Alves\",\"description\":\"\",\"potentialAction\":[{\"@type\":\"SearchAction\",\"target\":{\"@type\":\"EntryPoint\",\"urlTemplate\":\"https:\\\/\\\/zulenealves.com.br\\\/?s={search_term_string}\"},\"query-input\":{\"@type\":\"PropertyValueSpecification\",\"valueRequired\":true,\"valueName\":\"search_term_string\"}}],\"inLanguage\":\"pt-BR\"},{\"@type\":\"Person\",\"@id\":\"https:\\\/\\\/zulenealves.com.br\\\/#\\\/schema\\\/person\\\/211b267042952b9d9062603ea5230577\",\"name\":\"Zulene Alves\",\"image\":{\"@type\":\"ImageObject\",\"inLanguage\":\"pt-BR\",\"@id\":\"https:\\\/\\\/secure.gravatar.com\\\/avatar\\\/6256ae245147d58c317918f3a20dbf75c244838a7b265be12b0edacdedc94737?s=96&d=mm&r=g\",\"url\":\"https:\\\/\\\/secure.gravatar.com\\\/avatar\\\/6256ae245147d58c317918f3a20dbf75c244838a7b265be12b0edacdedc94737?s=96&d=mm&r=g\",\"contentUrl\":\"https:\\\/\\\/secure.gravatar.com\\\/avatar\\\/6256ae245147d58c317918f3a20dbf75c244838a7b265be12b0edacdedc94737?s=96&d=mm&r=g\",\"caption\":\"Zulene Alves\"},\"sameAs\":[\"https:\\\/\\\/zulenealves.com.br\\\/\"],\"url\":\"https:\\\/\\\/zulenealves.com.br\\\/index.php\\\/author\\\/zulene\\\/\"}]}<\/script>\n<!-- \/ Yoast SEO plugin. -->","yoast_head_json":{"title":"Com ares de \"bala de prata\", imagem de Lula \u00e9 explorada \u00e0 exaust\u00e3o no guia eleitoral - Blog Zulene Alves","robots":{"index":"index","follow":"follow","max-snippet":"max-snippet:-1","max-image-preview":"max-image-preview:large","max-video-preview":"max-video-preview:-1"},"canonical":"https:\/\/zulenealves.com.br\/index.php\/2026\/08\/30\/com-ares-de-bala-de-prata-imagem-de-lula-e-explorada-a-exaustao-no-guia-eleitoral\/","og_locale":"pt_BR","og_type":"article","og_title":"Com ares de \"bala de prata\", imagem de Lula \u00e9 explorada \u00e0 exaust\u00e3o no guia eleitoral - Blog Zulene Alves","og_description":"Por\u00a0TEREZINHA NUNES Definida nos dicion\u00e1rios como solu\u00e7\u00e3o m\u00e1gica capaz de resolver problemas complexos de forma imediata, a express\u00e3o \u201cbala de prata\u201d, popularizada no filme O Lobisomem (The Wolf Man) de 1941, produzido pela Universal, \u00e9 citada popularmente quando se quer mostrar o poder de algo ou de algu\u00e9m para favorecer outras pessoas. No mundo da ... Leia mais","og_url":"https:\/\/zulenealves.com.br\/index.php\/2026\/08\/30\/com-ares-de-bala-de-prata-imagem-de-lula-e-explorada-a-exaustao-no-guia-eleitoral\/","og_site_name":"Blog Zulene Alves","article_published_time":"2026-08-30T09:51:57+00:00","og_image":[{"url":"https:\/\/imagens.ne10.uol.com.br\/veiculos\/_midias\/jpg\/2026\/08\/26\/55480115742_110f84bc2d_o-37026079.jpg?ims=800x533","type":"","width":"","height":""}],"author":"Zulene Alves","twitter_card":"summary_large_image","twitter_misc":{"Escrito por":"Zulene Alves","Est. tempo de leitura":"5 minutos"},"schema":{"@context":"https:\/\/schema.org","@graph":[{"@type":"Article","@id":"https:\/\/zulenealves.com.br\/index.php\/2026\/08\/30\/com-ares-de-bala-de-prata-imagem-de-lula-e-explorada-a-exaustao-no-guia-eleitoral\/#article","isPartOf":{"@id":"https:\/\/zulenealves.com.br\/index.php\/2026\/08\/30\/com-ares-de-bala-de-prata-imagem-de-lula-e-explorada-a-exaustao-no-guia-eleitoral\/"},"author":{"name":"Zulene Alves","@id":"https:\/\/zulenealves.com.br\/#\/schema\/person\/211b267042952b9d9062603ea5230577"},"headline":"Com ares de &#8220;bala de prata&#8221;, imagem de Lula \u00e9 explorada \u00e0 exaust\u00e3o no guia eleitoral","datePublished":"2026-08-30T09:51:57+00:00","mainEntityOfPage":{"@id":"https:\/\/zulenealves.com.br\/index.php\/2026\/08\/30\/com-ares-de-bala-de-prata-imagem-de-lula-e-explorada-a-exaustao-no-guia-eleitoral\/"},"wordCount":880,"image":{"@id":"https:\/\/zulenealves.com.br\/index.php\/2026\/08\/30\/com-ares-de-bala-de-prata-imagem-de-lula-e-explorada-a-exaustao-no-guia-eleitoral\/#primaryimage"},"thumbnailUrl":"https:\/\/imagens.ne10.uol.com.br\/veiculos\/_midias\/jpg\/2026\/08\/26\/55480115742_110f84bc2d_o-37026079.jpg?ims=800x533","inLanguage":"pt-BR"},{"@type":"WebPage","@id":"https:\/\/zulenealves.com.br\/index.php\/2026\/08\/30\/com-ares-de-bala-de-prata-imagem-de-lula-e-explorada-a-exaustao-no-guia-eleitoral\/","url":"https:\/\/zulenealves.com.br\/index.php\/2026\/08\/30\/com-ares-de-bala-de-prata-imagem-de-lula-e-explorada-a-exaustao-no-guia-eleitoral\/","name":"Com ares de \"bala de prata\", imagem de Lula \u00e9 explorada \u00e0 exaust\u00e3o no guia eleitoral - Blog Zulene Alves","isPartOf":{"@id":"https:\/\/zulenealves.com.br\/#website"},"primaryImageOfPage":{"@id":"https:\/\/zulenealves.com.br\/index.php\/2026\/08\/30\/com-ares-de-bala-de-prata-imagem-de-lula-e-explorada-a-exaustao-no-guia-eleitoral\/#primaryimage"},"image":{"@id":"https:\/\/zulenealves.com.br\/index.php\/2026\/08\/30\/com-ares-de-bala-de-prata-imagem-de-lula-e-explorada-a-exaustao-no-guia-eleitoral\/#primaryimage"},"thumbnailUrl":"https:\/\/imagens.ne10.uol.com.br\/veiculos\/_midias\/jpg\/2026\/08\/26\/55480115742_110f84bc2d_o-37026079.jpg?ims=800x533","datePublished":"2026-08-30T09:51:57+00:00","author":{"@id":"https:\/\/zulenealves.com.br\/#\/schema\/person\/211b267042952b9d9062603ea5230577"},"breadcrumb":{"@id":"https:\/\/zulenealves.com.br\/index.php\/2026\/08\/30\/com-ares-de-bala-de-prata-imagem-de-lula-e-explorada-a-exaustao-no-guia-eleitoral\/#breadcrumb"},"inLanguage":"pt-BR","potentialAction":[{"@type":"ReadAction","target":["https:\/\/zulenealves.com.br\/index.php\/2026\/08\/30\/com-ares-de-bala-de-prata-imagem-de-lula-e-explorada-a-exaustao-no-guia-eleitoral\/"]}]},{"@type":"ImageObject","inLanguage":"pt-BR","@id":"https:\/\/zulenealves.com.br\/index.php\/2026\/08\/30\/com-ares-de-bala-de-prata-imagem-de-lula-e-explorada-a-exaustao-no-guia-eleitoral\/#primaryimage","url":"https:\/\/imagens.ne10.uol.com.br\/veiculos\/_midias\/jpg\/2026\/08\/26\/55480115742_110f84bc2d_o-37026079.jpg?ims=800x533","contentUrl":"https:\/\/imagens.ne10.uol.com.br\/veiculos\/_midias\/jpg\/2026\/08\/26\/55480115742_110f84bc2d_o-37026079.jpg?ims=800x533"},{"@type":"BreadcrumbList","@id":"https:\/\/zulenealves.com.br\/index.php\/2026\/08\/30\/com-ares-de-bala-de-prata-imagem-de-lula-e-explorada-a-exaustao-no-guia-eleitoral\/#breadcrumb","itemListElement":[{"@type":"ListItem","position":1,"name":"In\u00edcio","item":"https:\/\/zulenealves.com.br\/"},{"@type":"ListItem","position":2,"name":"Com ares de &#8220;bala de prata&#8221;, imagem de Lula \u00e9 explorada \u00e0 exaust\u00e3o no guia eleitoral"}]},{"@type":"WebSite","@id":"https:\/\/zulenealves.com.br\/#website","url":"https:\/\/zulenealves.com.br\/","name":"Blog Zulene Alves","description":"","potentialAction":[{"@type":"SearchAction","target":{"@type":"EntryPoint","urlTemplate":"https:\/\/zulenealves.com.br\/?s={search_term_string}"},"query-input":{"@type":"PropertyValueSpecification","valueRequired":true,"valueName":"search_term_string"}}],"inLanguage":"pt-BR"},{"@type":"Person","@id":"https:\/\/zulenealves.com.br\/#\/schema\/person\/211b267042952b9d9062603ea5230577","name":"Zulene Alves","image":{"@type":"ImageObject","inLanguage":"pt-BR","@id":"https:\/\/secure.gravatar.com\/avatar\/6256ae245147d58c317918f3a20dbf75c244838a7b265be12b0edacdedc94737?s=96&d=mm&r=g","url":"https:\/\/secure.gravatar.com\/avatar\/6256ae245147d58c317918f3a20dbf75c244838a7b265be12b0edacdedc94737?s=96&d=mm&r=g","contentUrl":"https:\/\/secure.gravatar.com\/avatar\/6256ae245147d58c317918f3a20dbf75c244838a7b265be12b0edacdedc94737?s=96&d=mm&r=g","caption":"Zulene Alves"},"sameAs":["https:\/\/zulenealves.com.br\/"],"url":"https:\/\/zulenealves.com.br\/index.php\/author\/zulene\/"}]}},"_links":{"self":[{"href":"https:\/\/zulenealves.com.br\/index.php\/wp-json\/wp\/v2\/posts\/51434","targetHints":{"allow":["GET"]}}],"collection":[{"href":"https:\/\/zulenealves.com.br\/index.php\/wp-json\/wp\/v2\/posts"}],"about":[{"href":"https:\/\/zulenealves.com.br\/index.php\/wp-json\/wp\/v2\/types\/post"}],"author":[{"embeddable":true,"href":"https:\/\/zulenealves.com.br\/index.php\/wp-json\/wp\/v2\/users\/2"}],"replies":[{"embeddable":true,"href":"https:\/\/zulenealves.com.br\/index.php\/wp-json\/wp\/v2\/comments?post=51434"}],"version-history":[{"count":1,"href":"https:\/\/zulenealves.com.br\/index.php\/wp-json\/wp\/v2\/posts\/51434\/revisions"}],"predecessor-version":[{"id":51435,"href":"https:\/\/zulenealves.com.br\/index.php\/wp-json\/wp\/v2\/posts\/51434\/revisions\/51435"}],"wp:attachment":[{"href":"https:\/\/zulenealves.com.br\/index.php\/wp-json\/wp\/v2\/media?parent=51434"}],"wp:term":[{"taxonomy":"category","embeddable":true,"href":"https:\/\/zulenealves.com.br\/index.php\/wp-json\/wp\/v2\/categories?post=51434"},{"taxonomy":"post_tag","embeddable":true,"href":"https:\/\/zulenealves.com.br\/index.php\/wp-json\/wp\/v2\/tags?post=51434"}],"curies":[{"name":"wp","href":"https:\/\/api.w.org\/{rel}","templated":true}]}}