{"id":51436,"date":"2026-08-30T10:28:08","date_gmt":"2026-08-30T13:28:08","guid":{"rendered":"https:\/\/zulenealves.com.br\/?p=51436"},"modified":"2026-08-30T10:28:08","modified_gmt":"2026-08-30T13:28:08","slug":"no-agreste-joao-campos-promete-hospital-infantil-praca-e-acoes-para-o-abastecimento-de-agua","status":"publish","type":"post","link":"https:\/\/zulenealves.com.br\/index.php\/2026\/08\/30\/no-agreste-joao-campos-promete-hospital-infantil-praca-e-acoes-para-o-abastecimento-de-agua\/","title":{"rendered":"No Agreste, Jo\u00e3o Campos promete hospital infantil, pra\u00e7a e a\u00e7\u00f5es para o abastecimento de \u00e1gua"},"content":{"rendered":"<p class=\"PDq2pG_selectionAnchorContainer\" style=\"text-align: justify;\" data-start=\"76\" data-end=\"170\"><img fetchpriority=\"high\" decoding=\"async\" class=\"aligncenter\" src=\"https:\/\/i0.wp.com\/nilljunior.com.br\/wp-content\/uploads\/2026\/08\/WhatsApp-Image-2026-08-29-at-15.10.00-1.jpeg?fit=600%2C400&amp;ssl=1\" width=\"531\" height=\"354\" \/><\/p>\n<p class=\"PDq2pG_selectionAnchorContainer\" style=\"text-align: justify;\" data-start=\"76\" data-end=\"170\"><strong>Candidato percorre Caruaru, Cumaru e Bonito em agenda pelo Agreste.<\/strong><\/p>\n<p style=\"text-align: justify;\" data-start=\"172\" data-end=\"538\">Nesse s\u00e1bado (29), Jo\u00e3o Campos (PSB), candidato ao Governo de Pernambuco, iniciou a agenda pelo Agreste com uma panfletagem na Feira de Caruaru. Acompanhado de Humberto Costa (PT), candidato \u00e0 reelei\u00e7\u00e3o ao Senado, do candidato a vice-governador Carlos Costa (Republicanos) e de lideran\u00e7as locais, ele conversou com comerciantes, feirantes e frequentadores do espa\u00e7o.<\/p>\n<p style=\"text-align: justify;\" data-start=\"540\" data-end=\"801\">Em Caruaru, Jo\u00e3o voltou a defender a constru\u00e7\u00e3o do Hospital da Crian\u00e7a do Agreste, proposta voltada \u00e0 descentraliza\u00e7\u00e3o do atendimento pedi\u00e1trico especializado. Na sequ\u00eancia, participou da inaugura\u00e7\u00e3o do comit\u00ea de Z\u00e9 Queiroz (MDB), candidato a deputado estadual.<\/p>\n<p style=\"text-align: justify;\" data-start=\"803\" data-end=\"1061\">A agenda continuou em Cumaru, onde Jo\u00e3o participou de uma carreata e anunciou que pretende implantar no munic\u00edpio a primeira Pra\u00e7a da Inf\u00e2ncia do interior de Pernambuco. O candidato tamb\u00e9m prometeu reformar e ampliar um campo de futebol localizado na cidade.<\/p>\n<p style=\"text-align: justify;\" data-start=\"1063\" data-end=\"1505\">Ainda em Cumaru, Jo\u00e3o reafirmou as propostas de construir o Hospital da Crian\u00e7a do Agreste e avan\u00e7ar nas obras da Adutora do Agreste. Tamb\u00e9m defendeu que consumidores inscritos na tarifa social n\u00e3o paguem pela \u00e1gua nos per\u00edodos em que o abastecimento n\u00e3o for realizado: \u201cAt\u00e9 que todo mundo receba a \u00e1gua e saia do rod\u00edzio, quem estiver na tarifa social e n\u00e3o receber \u00e1gua como deve n\u00e3o vai pagar conta. Porque n\u00f3s n\u00e3o vamos pagar pelo vento\u201d.<\/p>\n<p style=\"text-align: justify;\" data-start=\"1507\" data-end=\"1833\">O candidato encerrou a programa\u00e7\u00e3o com uma caminhada em Bonito, acompanhado pelo prefeito Dr. Ruy Barbosa, pelo candidato a vice Carlos Costa, pelo deputado federal e candidato \u00e0 reelei\u00e7\u00e3o Felipe Carreras e por lideran\u00e7as pol\u00edticas. No munic\u00edpio, defendeu a atra\u00e7\u00e3o de investimentos e a gera\u00e7\u00e3o de emprego e renda no interior.<\/p>\n<p style=\"text-align: justify;\" data-start=\"1835\" data-end=\"2204\">Jo\u00e3o tamb\u00e9m prometeu implantar um servi\u00e7o de tratamento de c\u00e2ncer para atender a popula\u00e7\u00e3o do Agreste e voltou a mencionar a constru\u00e7\u00e3o do hospital infantil em Caruaru. Ao falar sobre sua experi\u00eancia administrativa, afirmou: \u201cMe d\u00ea servi\u00e7o que eu dou conta. Eu n\u00e3o vou ficar reclamando da vida, jogando a culpa nos outros ou dizendo que a responsabilidade n\u00e3o \u00e9 minha\u201d.<\/p>\n<p style=\"text-align: justify;\" data-start=\"1835\" data-end=\"2204\"><strong>Foto<\/strong>: Edson Holanda<\/p>\n<div class=\"gsp_post_data\" \r\n\t            data-post_type=\"post\" \r\n\t            data-cat=\"sem-categoria\" \r\n\t            data-modified=\"120\"\r\n\t            data-created=\"1788085688\"\r\n\t            data-title=\"No Agreste, Jo\u00e3o Campos promete hospital infantil, pra\u00e7a e a\u00e7\u00f5es para o abastecimento de \u00e1gua\" \r\n\t            data-home=\"https:\/\/zulenealves.com.br\"><\/div>","protected":false},"excerpt":{"rendered":"<p>Candidato percorre Caruaru, Cumaru e Bonito em agenda pelo Agreste. Nesse s\u00e1bado (29), Jo\u00e3o Campos (PSB), candidato ao Governo de Pernambuco, iniciou a agenda pelo Agreste com uma panfletagem na Feira de Caruaru. Acompanhado de Humberto Costa (PT), candidato \u00e0 reelei\u00e7\u00e3o ao Senado, do candidato a vice-governador Carlos Costa (Republicanos) e de lideran\u00e7as locais, ele &#8230; <\/p>\n<p class=\"read-more-container\"><a title=\"No Agreste, Jo\u00e3o Campos promete hospital infantil, pra\u00e7a e a\u00e7\u00f5es para o abastecimento de \u00e1gua\" class=\"read-more button\" href=\"https:\/\/zulenealves.com.br\/index.php\/2026\/08\/30\/no-agreste-joao-campos-promete-hospital-infantil-praca-e-acoes-para-o-abastecimento-de-agua\/#more-51436\" aria-label=\"More on No Agreste, Jo\u00e3o Campos promete hospital infantil, pra\u00e7a e a\u00e7\u00f5es para o abastecimento de \u00e1gua\">Leia mais<\/a><\/p>\n","protected":false},"author":2,"featured_media":0,"comment_status":"closed","ping_status":"closed","sticky":false,"template":"","format":"standard","meta":{"footnotes":""},"categories":[1],"tags":[],"class_list":["post-51436","post","type-post","status-publish","format-standard","hentry","category-sem-categoria"],"yoast_head":"<!-- This site is optimized with the Yoast SEO plugin v28.4 - https:\/\/yoast.com\/product\/yoast-seo-wordpress\/ -->\n<title>No Agreste, Jo\u00e3o Campos promete hospital infantil, pra\u00e7a e a\u00e7\u00f5es para o abastecimento de \u00e1gua - Blog Zulene Alves<\/title>\n<meta name=\"robots\" content=\"index, follow, max-snippet:-1, max-image-preview:large, max-video-preview:-1\" \/>\n<link rel=\"canonical\" href=\"https:\/\/zulenealves.com.br\/index.php\/2026\/08\/30\/no-agreste-joao-campos-promete-hospital-infantil-praca-e-acoes-para-o-abastecimento-de-agua\/\" \/>\n<meta property=\"og:locale\" content=\"pt_BR\" \/>\n<meta property=\"og:type\" content=\"article\" \/>\n<meta property=\"og:title\" content=\"No Agreste, Jo\u00e3o Campos promete hospital infantil, pra\u00e7a e a\u00e7\u00f5es para o abastecimento de \u00e1gua - Blog Zulene Alves\" \/>\n<meta property=\"og:description\" content=\"Candidato percorre Caruaru, Cumaru e Bonito em agenda pelo Agreste. Nesse s\u00e1bado (29), Jo\u00e3o Campos (PSB), candidato ao Governo de Pernambuco, iniciou a agenda pelo Agreste com uma panfletagem na Feira de Caruaru. Acompanhado de Humberto Costa (PT), candidato \u00e0 reelei\u00e7\u00e3o ao Senado, do candidato a vice-governador Carlos Costa (Republicanos) e de lideran\u00e7as locais, ele ... Leia mais\" \/>\n<meta property=\"og:url\" content=\"https:\/\/zulenealves.com.br\/index.php\/2026\/08\/30\/no-agreste-joao-campos-promete-hospital-infantil-praca-e-acoes-para-o-abastecimento-de-agua\/\" \/>\n<meta property=\"og:site_name\" content=\"Blog Zulene Alves\" \/>\n<meta property=\"article:published_time\" content=\"2026-08-30T13:28:08+00:00\" \/>\n<meta property=\"og:image\" content=\"https:\/\/i0.wp.com\/nilljunior.com.br\/wp-content\/uploads\/2026\/08\/WhatsApp-Image-2026-08-29-at-15.10.00-1.jpeg?fit=600%2C400&amp;ssl=1\" \/>\n<meta name=\"author\" content=\"Zulene Alves\" \/>\n<meta name=\"twitter:card\" content=\"summary_large_image\" \/>\n<meta name=\"twitter:label1\" content=\"Escrito por\" \/>\n\t<meta name=\"twitter:data1\" content=\"Zulene Alves\" \/>\n\t<meta name=\"twitter:label2\" content=\"Est. tempo de leitura\" \/>\n\t<meta name=\"twitter:data2\" content=\"3 minutos\" \/>\n<script type=\"application\/ld+json\" class=\"yoast-schema-graph\">{\"@context\":\"https:\\\/\\\/schema.org\",\"@graph\":[{\"@type\":\"Article\",\"@id\":\"https:\\\/\\\/zulenealves.com.br\\\/index.php\\\/2026\\\/08\\\/30\\\/no-agreste-joao-campos-promete-hospital-infantil-praca-e-acoes-para-o-abastecimento-de-agua\\\/#article\",\"isPartOf\":{\"@id\":\"https:\\\/\\\/zulenealves.com.br\\\/index.php\\\/2026\\\/08\\\/30\\\/no-agreste-joao-campos-promete-hospital-infantil-praca-e-acoes-para-o-abastecimento-de-agua\\\/\"},\"author\":{\"name\":\"Zulene Alves\",\"@id\":\"https:\\\/\\\/zulenealves.com.br\\\/#\\\/schema\\\/person\\\/211b267042952b9d9062603ea5230577\"},\"headline\":\"No Agreste, Jo\u00e3o Campos promete hospital infantil, pra\u00e7a e a\u00e7\u00f5es para o abastecimento de \u00e1gua\",\"datePublished\":\"2026-08-30T13:28:08+00:00\",\"mainEntityOfPage\":{\"@id\":\"https:\\\/\\\/zulenealves.com.br\\\/index.php\\\/2026\\\/08\\\/30\\\/no-agreste-joao-campos-promete-hospital-infantil-praca-e-acoes-para-o-abastecimento-de-agua\\\/\"},\"wordCount\":392,\"image\":{\"@id\":\"https:\\\/\\\/zulenealves.com.br\\\/index.php\\\/2026\\\/08\\\/30\\\/no-agreste-joao-campos-promete-hospital-infantil-praca-e-acoes-para-o-abastecimento-de-agua\\\/#primaryimage\"},\"thumbnailUrl\":\"https:\\\/\\\/i0.wp.com\\\/nilljunior.com.br\\\/wp-content\\\/uploads\\\/2026\\\/08\\\/WhatsApp-Image-2026-08-29-at-15.10.00-1.jpeg?fit=600%2C400&amp;ssl=1\",\"inLanguage\":\"pt-BR\"},{\"@type\":\"WebPage\",\"@id\":\"https:\\\/\\\/zulenealves.com.br\\\/index.php\\\/2026\\\/08\\\/30\\\/no-agreste-joao-campos-promete-hospital-infantil-praca-e-acoes-para-o-abastecimento-de-agua\\\/\",\"url\":\"https:\\\/\\\/zulenealves.com.br\\\/index.php\\\/2026\\\/08\\\/30\\\/no-agreste-joao-campos-promete-hospital-infantil-praca-e-acoes-para-o-abastecimento-de-agua\\\/\",\"name\":\"No Agreste, Jo\u00e3o Campos promete hospital infantil, pra\u00e7a e a\u00e7\u00f5es para o abastecimento de \u00e1gua - Blog Zulene Alves\",\"isPartOf\":{\"@id\":\"https:\\\/\\\/zulenealves.com.br\\\/#website\"},\"primaryImageOfPage\":{\"@id\":\"https:\\\/\\\/zulenealves.com.br\\\/index.php\\\/2026\\\/08\\\/30\\\/no-agreste-joao-campos-promete-hospital-infantil-praca-e-acoes-para-o-abastecimento-de-agua\\\/#primaryimage\"},\"image\":{\"@id\":\"https:\\\/\\\/zulenealves.com.br\\\/index.php\\\/2026\\\/08\\\/30\\\/no-agreste-joao-campos-promete-hospital-infantil-praca-e-acoes-para-o-abastecimento-de-agua\\\/#primaryimage\"},\"thumbnailUrl\":\"https:\\\/\\\/i0.wp.com\\\/nilljunior.com.br\\\/wp-content\\\/uploads\\\/2026\\\/08\\\/WhatsApp-Image-2026-08-29-at-15.10.00-1.jpeg?fit=600%2C400&amp;ssl=1\",\"datePublished\":\"2026-08-30T13:28:08+00:00\",\"author\":{\"@id\":\"https:\\\/\\\/zulenealves.com.br\\\/#\\\/schema\\\/person\\\/211b267042952b9d9062603ea5230577\"},\"breadcrumb\":{\"@id\":\"https:\\\/\\\/zulenealves.com.br\\\/index.php\\\/2026\\\/08\\\/30\\\/no-agreste-joao-campos-promete-hospital-infantil-praca-e-acoes-para-o-abastecimento-de-agua\\\/#breadcrumb\"},\"inLanguage\":\"pt-BR\",\"potentialAction\":[{\"@type\":\"ReadAction\",\"target\":[\"https:\\\/\\\/zulenealves.com.br\\\/index.php\\\/2026\\\/08\\\/30\\\/no-agreste-joao-campos-promete-hospital-infantil-praca-e-acoes-para-o-abastecimento-de-agua\\\/\"]}]},{\"@type\":\"ImageObject\",\"inLanguage\":\"pt-BR\",\"@id\":\"https:\\\/\\\/zulenealves.com.br\\\/index.php\\\/2026\\\/08\\\/30\\\/no-agreste-joao-campos-promete-hospital-infantil-praca-e-acoes-para-o-abastecimento-de-agua\\\/#primaryimage\",\"url\":\"https:\\\/\\\/i0.wp.com\\\/nilljunior.com.br\\\/wp-content\\\/uploads\\\/2026\\\/08\\\/WhatsApp-Image-2026-08-29-at-15.10.00-1.jpeg?fit=600%2C400&amp;ssl=1\",\"contentUrl\":\"https:\\\/\\\/i0.wp.com\\\/nilljunior.com.br\\\/wp-content\\\/uploads\\\/2026\\\/08\\\/WhatsApp-Image-2026-08-29-at-15.10.00-1.jpeg?fit=600%2C400&amp;ssl=1\"},{\"@type\":\"BreadcrumbList\",\"@id\":\"https:\\\/\\\/zulenealves.com.br\\\/index.php\\\/2026\\\/08\\\/30\\\/no-agreste-joao-campos-promete-hospital-infantil-praca-e-acoes-para-o-abastecimento-de-agua\\\/#breadcrumb\",\"itemListElement\":[{\"@type\":\"ListItem\",\"position\":1,\"name\":\"In\u00edcio\",\"item\":\"https:\\\/\\\/zulenealves.com.br\\\/\"},{\"@type\":\"ListItem\",\"position\":2,\"name\":\"No Agreste, Jo\u00e3o Campos promete hospital infantil, pra\u00e7a e a\u00e7\u00f5es para o abastecimento de \u00e1gua\"}]},{\"@type\":\"WebSite\",\"@id\":\"https:\\\/\\\/zulenealves.com.br\\\/#website\",\"url\":\"https:\\\/\\\/zulenealves.com.br\\\/\",\"name\":\"Blog Zulene Alves\",\"description\":\"\",\"potentialAction\":[{\"@type\":\"SearchAction\",\"target\":{\"@type\":\"EntryPoint\",\"urlTemplate\":\"https:\\\/\\\/zulenealves.com.br\\\/?s={search_term_string}\"},\"query-input\":{\"@type\":\"PropertyValueSpecification\",\"valueRequired\":true,\"valueName\":\"search_term_string\"}}],\"inLanguage\":\"pt-BR\"},{\"@type\":\"Person\",\"@id\":\"https:\\\/\\\/zulenealves.com.br\\\/#\\\/schema\\\/person\\\/211b267042952b9d9062603ea5230577\",\"name\":\"Zulene Alves\",\"image\":{\"@type\":\"ImageObject\",\"inLanguage\":\"pt-BR\",\"@id\":\"https:\\\/\\\/secure.gravatar.com\\\/avatar\\\/6256ae245147d58c317918f3a20dbf75c244838a7b265be12b0edacdedc94737?s=96&d=mm&r=g\",\"url\":\"https:\\\/\\\/secure.gravatar.com\\\/avatar\\\/6256ae245147d58c317918f3a20dbf75c244838a7b265be12b0edacdedc94737?s=96&d=mm&r=g\",\"contentUrl\":\"https:\\\/\\\/secure.gravatar.com\\\/avatar\\\/6256ae245147d58c317918f3a20dbf75c244838a7b265be12b0edacdedc94737?s=96&d=mm&r=g\",\"caption\":\"Zulene Alves\"},\"sameAs\":[\"https:\\\/\\\/zulenealves.com.br\\\/\"],\"url\":\"https:\\\/\\\/zulenealves.com.br\\\/index.php\\\/author\\\/zulene\\\/\"}]}<\/script>\n<!-- \/ Yoast SEO plugin. -->","yoast_head_json":{"title":"No Agreste, Jo\u00e3o Campos promete hospital infantil, pra\u00e7a e a\u00e7\u00f5es para o abastecimento de \u00e1gua - Blog Zulene Alves","robots":{"index":"index","follow":"follow","max-snippet":"max-snippet:-1","max-image-preview":"max-image-preview:large","max-video-preview":"max-video-preview:-1"},"canonical":"https:\/\/zulenealves.com.br\/index.php\/2026\/08\/30\/no-agreste-joao-campos-promete-hospital-infantil-praca-e-acoes-para-o-abastecimento-de-agua\/","og_locale":"pt_BR","og_type":"article","og_title":"No Agreste, Jo\u00e3o Campos promete hospital infantil, pra\u00e7a e a\u00e7\u00f5es para o abastecimento de \u00e1gua - Blog Zulene Alves","og_description":"Candidato percorre Caruaru, Cumaru e Bonito em agenda pelo Agreste. Nesse s\u00e1bado (29), Jo\u00e3o Campos (PSB), candidato ao Governo de Pernambuco, iniciou a agenda pelo Agreste com uma panfletagem na Feira de Caruaru. Acompanhado de Humberto Costa (PT), candidato \u00e0 reelei\u00e7\u00e3o ao Senado, do candidato a vice-governador Carlos Costa (Republicanos) e de lideran\u00e7as locais, ele ... Leia mais","og_url":"https:\/\/zulenealves.com.br\/index.php\/2026\/08\/30\/no-agreste-joao-campos-promete-hospital-infantil-praca-e-acoes-para-o-abastecimento-de-agua\/","og_site_name":"Blog Zulene Alves","article_published_time":"2026-08-30T13:28:08+00:00","og_image":[{"url":"https:\/\/i0.wp.com\/nilljunior.com.br\/wp-content\/uploads\/2026\/08\/WhatsApp-Image-2026-08-29-at-15.10.00-1.jpeg?fit=600%2C400&amp;ssl=1","type":"","width":"","height":""}],"author":"Zulene Alves","twitter_card":"summary_large_image","twitter_misc":{"Escrito por":"Zulene Alves","Est. tempo de leitura":"3 minutos"},"schema":{"@context":"https:\/\/schema.org","@graph":[{"@type":"Article","@id":"https:\/\/zulenealves.com.br\/index.php\/2026\/08\/30\/no-agreste-joao-campos-promete-hospital-infantil-praca-e-acoes-para-o-abastecimento-de-agua\/#article","isPartOf":{"@id":"https:\/\/zulenealves.com.br\/index.php\/2026\/08\/30\/no-agreste-joao-campos-promete-hospital-infantil-praca-e-acoes-para-o-abastecimento-de-agua\/"},"author":{"name":"Zulene Alves","@id":"https:\/\/zulenealves.com.br\/#\/schema\/person\/211b267042952b9d9062603ea5230577"},"headline":"No Agreste, Jo\u00e3o Campos promete hospital infantil, pra\u00e7a e a\u00e7\u00f5es para o abastecimento de \u00e1gua","datePublished":"2026-08-30T13:28:08+00:00","mainEntityOfPage":{"@id":"https:\/\/zulenealves.com.br\/index.php\/2026\/08\/30\/no-agreste-joao-campos-promete-hospital-infantil-praca-e-acoes-para-o-abastecimento-de-agua\/"},"wordCount":392,"image":{"@id":"https:\/\/zulenealves.com.br\/index.php\/2026\/08\/30\/no-agreste-joao-campos-promete-hospital-infantil-praca-e-acoes-para-o-abastecimento-de-agua\/#primaryimage"},"thumbnailUrl":"https:\/\/i0.wp.com\/nilljunior.com.br\/wp-content\/uploads\/2026\/08\/WhatsApp-Image-2026-08-29-at-15.10.00-1.jpeg?fit=600%2C400&amp;ssl=1","inLanguage":"pt-BR"},{"@type":"WebPage","@id":"https:\/\/zulenealves.com.br\/index.php\/2026\/08\/30\/no-agreste-joao-campos-promete-hospital-infantil-praca-e-acoes-para-o-abastecimento-de-agua\/","url":"https:\/\/zulenealves.com.br\/index.php\/2026\/08\/30\/no-agreste-joao-campos-promete-hospital-infantil-praca-e-acoes-para-o-abastecimento-de-agua\/","name":"No Agreste, Jo\u00e3o Campos promete hospital infantil, pra\u00e7a e a\u00e7\u00f5es para o abastecimento de \u00e1gua - Blog Zulene Alves","isPartOf":{"@id":"https:\/\/zulenealves.com.br\/#website"},"primaryImageOfPage":{"@id":"https:\/\/zulenealves.com.br\/index.php\/2026\/08\/30\/no-agreste-joao-campos-promete-hospital-infantil-praca-e-acoes-para-o-abastecimento-de-agua\/#primaryimage"},"image":{"@id":"https:\/\/zulenealves.com.br\/index.php\/2026\/08\/30\/no-agreste-joao-campos-promete-hospital-infantil-praca-e-acoes-para-o-abastecimento-de-agua\/#primaryimage"},"thumbnailUrl":"https:\/\/i0.wp.com\/nilljunior.com.br\/wp-content\/uploads\/2026\/08\/WhatsApp-Image-2026-08-29-at-15.10.00-1.jpeg?fit=600%2C400&amp;ssl=1","datePublished":"2026-08-30T13:28:08+00:00","author":{"@id":"https:\/\/zulenealves.com.br\/#\/schema\/person\/211b267042952b9d9062603ea5230577"},"breadcrumb":{"@id":"https:\/\/zulenealves.com.br\/index.php\/2026\/08\/30\/no-agreste-joao-campos-promete-hospital-infantil-praca-e-acoes-para-o-abastecimento-de-agua\/#breadcrumb"},"inLanguage":"pt-BR","potentialAction":[{"@type":"ReadAction","target":["https:\/\/zulenealves.com.br\/index.php\/2026\/08\/30\/no-agreste-joao-campos-promete-hospital-infantil-praca-e-acoes-para-o-abastecimento-de-agua\/"]}]},{"@type":"ImageObject","inLanguage":"pt-BR","@id":"https:\/\/zulenealves.com.br\/index.php\/2026\/08\/30\/no-agreste-joao-campos-promete-hospital-infantil-praca-e-acoes-para-o-abastecimento-de-agua\/#primaryimage","url":"https:\/\/i0.wp.com\/nilljunior.com.br\/wp-content\/uploads\/2026\/08\/WhatsApp-Image-2026-08-29-at-15.10.00-1.jpeg?fit=600%2C400&amp;ssl=1","contentUrl":"https:\/\/i0.wp.com\/nilljunior.com.br\/wp-content\/uploads\/2026\/08\/WhatsApp-Image-2026-08-29-at-15.10.00-1.jpeg?fit=600%2C400&amp;ssl=1"},{"@type":"BreadcrumbList","@id":"https:\/\/zulenealves.com.br\/index.php\/2026\/08\/30\/no-agreste-joao-campos-promete-hospital-infantil-praca-e-acoes-para-o-abastecimento-de-agua\/#breadcrumb","itemListElement":[{"@type":"ListItem","position":1,"name":"In\u00edcio","item":"https:\/\/zulenealves.com.br\/"},{"@type":"ListItem","position":2,"name":"No Agreste, Jo\u00e3o Campos promete hospital infantil, pra\u00e7a e a\u00e7\u00f5es para o abastecimento de \u00e1gua"}]},{"@type":"WebSite","@id":"https:\/\/zulenealves.com.br\/#website","url":"https:\/\/zulenealves.com.br\/","name":"Blog Zulene Alves","description":"","potentialAction":[{"@type":"SearchAction","target":{"@type":"EntryPoint","urlTemplate":"https:\/\/zulenealves.com.br\/?s={search_term_string}"},"query-input":{"@type":"PropertyValueSpecification","valueRequired":true,"valueName":"search_term_string"}}],"inLanguage":"pt-BR"},{"@type":"Person","@id":"https:\/\/zulenealves.com.br\/#\/schema\/person\/211b267042952b9d9062603ea5230577","name":"Zulene Alves","image":{"@type":"ImageObject","inLanguage":"pt-BR","@id":"https:\/\/secure.gravatar.com\/avatar\/6256ae245147d58c317918f3a20dbf75c244838a7b265be12b0edacdedc94737?s=96&d=mm&r=g","url":"https:\/\/secure.gravatar.com\/avatar\/6256ae245147d58c317918f3a20dbf75c244838a7b265be12b0edacdedc94737?s=96&d=mm&r=g","contentUrl":"https:\/\/secure.gravatar.com\/avatar\/6256ae245147d58c317918f3a20dbf75c244838a7b265be12b0edacdedc94737?s=96&d=mm&r=g","caption":"Zulene Alves"},"sameAs":["https:\/\/zulenealves.com.br\/"],"url":"https:\/\/zulenealves.com.br\/index.php\/author\/zulene\/"}]}},"_links":{"self":[{"href":"https:\/\/zulenealves.com.br\/index.php\/wp-json\/wp\/v2\/posts\/51436","targetHints":{"allow":["GET"]}}],"collection":[{"href":"https:\/\/zulenealves.com.br\/index.php\/wp-json\/wp\/v2\/posts"}],"about":[{"href":"https:\/\/zulenealves.com.br\/index.php\/wp-json\/wp\/v2\/types\/post"}],"author":[{"embeddable":true,"href":"https:\/\/zulenealves.com.br\/index.php\/wp-json\/wp\/v2\/users\/2"}],"replies":[{"embeddable":true,"href":"https:\/\/zulenealves.com.br\/index.php\/wp-json\/wp\/v2\/comments?post=51436"}],"version-history":[{"count":1,"href":"https:\/\/zulenealves.com.br\/index.php\/wp-json\/wp\/v2\/posts\/51436\/revisions"}],"predecessor-version":[{"id":51437,"href":"https:\/\/zulenealves.com.br\/index.php\/wp-json\/wp\/v2\/posts\/51436\/revisions\/51437"}],"wp:attachment":[{"href":"https:\/\/zulenealves.com.br\/index.php\/wp-json\/wp\/v2\/media?parent=51436"}],"wp:term":[{"taxonomy":"category","embeddable":true,"href":"https:\/\/zulenealves.com.br\/index.php\/wp-json\/wp\/v2\/categories?post=51436"},{"taxonomy":"post_tag","embeddable":true,"href":"https:\/\/zulenealves.com.br\/index.php\/wp-json\/wp\/v2\/tags?post=51436"}],"curies":[{"name":"wp","href":"https:\/\/api.w.org\/{rel}","templated":true}]}}