{"id":51443,"date":"2026-08-30T17:21:47","date_gmt":"2026-08-30T20:21:47","guid":{"rendered":"https:\/\/zulenealves.com.br\/?p=51443"},"modified":"2026-08-30T17:22:06","modified_gmt":"2026-08-30T20:22:06","slug":"51443","status":"publish","type":"post","link":"https:\/\/zulenealves.com.br\/index.php\/2026\/08\/30\/51443\/","title":{"rendered":"Deputados federais concentram R$ 982,8 milh\u00f5es em recursos de campanha"},"content":{"rendered":"<p><img decoding=\"async\" class=\"aligncenter\" src=\"https:\/\/midias.correiobraziliense.com.br\/_midias\/jpg\/2026\/07\/21\/675x450\/1_urna-eletronica-1-67219413.jpg?20260721164151?20260721164151\" alt=\"O valor pode mudar at\u00e9 o fim da elei\u00e7\u00e3o - (cr\u00e9dito: Ag\u00eancia Brasil)\" \/><\/p>\n<p style=\"text-align: justify;\">A elei\u00e7\u00e3o para deputado federal \u00e9 a que mais concentra recursos entre os cargos em disputa neste ano. Candidatos \u00e0 C\u00e2mara dos Deputados j\u00e1 registraram R$ 982,8 milh\u00f5es em receitas para financiar as campanhas, segundo a plataforma de presta\u00e7\u00e3o de contas do Tribunal Superior Eleitoral (TSE). Al\u00e9m disso, o valor ainda pode mudar at\u00e9 o fim da elei\u00e7\u00e3o.<\/p>\n<p style=\"text-align: justify;\">A elei\u00e7\u00e3o para deputado federal \u00e9 a que mais concentra recursos entre os cargos em disputa neste ano. Candidatos \u00e0 C\u00e2mara dos Deputados j\u00e1 registraram R$ 982,8 milh\u00f5es em receitas para financiar as campanhas, segundo a plataforma de presta\u00e7\u00e3o de contas do Tribunal Superior Eleitoral (TSE). Al\u00e9m disso, o valor ainda pode mudar at\u00e9 o fim da elei\u00e7\u00e3o.<\/p>\n<p dir=\"ltr\" style=\"text-align: justify;\">Entre os recursos privados, R$ 27,8 milh\u00f5es vieram de doa\u00e7\u00f5es de pessoas f\u00edsicas. Os candidatos declararam ainda R$ 13,2 milh\u00f5es em recursos pr\u00f3prios e R$ 3,9 milh\u00f5es obtidos por financiamento coletivo.<\/p>\n<p dir=\"ltr\" style=\"text-align: justify;\">O volume destinado \u00e0s campanhas para deputado federal supera o registrado para os demais cargos. As candidaturas \u00e0s assembleias legislativas somam R$ 406,7 milh\u00f5es. Para o Senado, s\u00e3o R$ 174,9 milh\u00f5es; para os governos estaduais, R$ 196,6 milh\u00f5es; e para a Presid\u00eancia da Rep\u00fablica, R$ 83 milh\u00f5es.<\/p>\n<p dir=\"ltr\" style=\"text-align: justify;\"><strong>Sudoeste concentra maior volume\u00a0<\/strong><\/p>\n<p dir=\"ltr\" style=\"text-align: justify;\">O Sudoeste re\u00fane a maior parcela dos recursos destinados \u00e0s campanhas para a C\u00e2mara, com R$ 397 milh\u00f5es. S\u00e3o Paulo concentra R$ 188 milh\u00f5es desse montante. O estado tamb\u00e9m \u00e9 o que elege o maior n\u00famero de deputados federais, com 70 cadeiras.<\/p>\n<p dir=\"ltr\" style=\"text-align: justify;\">O Nordeste aparece em seguida, com R$ 264 milh\u00f5es. Depois est\u00e3o o Sul, com R$ 151 milh\u00f5es; o Norte, com R$ 100 milh\u00f5es; e o Centro-Oeste, com R$ 71 milh\u00f5es.<\/p>\n<p dir=\"ltr\" style=\"text-align: justify;\"><strong>PL e PT lideram recursos\u00a0<\/strong><\/p>\n<p dir=\"ltr\" style=\"text-align: justify;\">Entre os partidos, o PL aparece na primeira posi\u00e7\u00e3o, com R$ 253,8 milh\u00f5es destinados \u00e0s campanhas para deputado federal. O PT vem na sequ\u00eancia, com R$ 172,1 milh\u00f5es.<\/p>\n<p dir=\"ltr\" style=\"text-align: justify;\">PP, PSD e Uni\u00e3o completam os cinco partidos com maior volume de recursos, com R$ 98,2 milh\u00f5es, R$ 76 milh\u00f5es e R$ 64,2 milh\u00f5es, respectivamente.<\/p>\n<p dir=\"ltr\" style=\"text-align: justify;\">No financiamento privado, o PL tamb\u00e9m lidera, com R$ 8 milh\u00f5es. Em seguida aparecem Novo, com R$ 7 milh\u00f5es; PT, com R$ 5,7 milh\u00f5es; e PSD, com R$ 5,1 milh\u00f5es.<\/p>\n<p dir=\"ltr\" style=\"text-align: justify;\"><strong>Quando cada candidato pode gastar\u00a0<\/strong><\/p>\n<p dir=\"ltr\" style=\"text-align: justify;\">Cada candidato a deputado federal pode gastar at\u00e9 R$ 3.176.572,53 na campanha. O teto \u00e9 o mesmo adotado nas elei\u00e7\u00f5es de 2022. Em 2018, o limite era de R$ 2,5 milh\u00f5es.<\/p>\n<p dir=\"ltr\" style=\"text-align: justify;\">O limite para deputado estadual ou distrital \u00e9 de R$ 1.270.629,01. Para o Senado, o teto varia conforme o estado: vai de R$ 3.176.572,53 nas unidades menos populosas a R$ 7.115.522,46 em S\u00e3o Paulo.<\/p>\n<p dir=\"ltr\" style=\"text-align: justify;\">As campanhas tamb\u00e9m t\u00eam limites para contrata\u00e7\u00e3o de pessoal. Para deputados federais, a quantidade permitida varia conforme o estado, de 342 funcion\u00e1rios em Tocantins a 6.584 em S\u00e3o Paulo.<\/p>\n<p dir=\"ltr\" style=\"text-align: justify;\"><em><strong>Com informa\u00e7\u00f5es da Ag\u00eancia C\u00e2mara.<\/strong><\/em><\/p>\n<div class=\"gsp_post_data\" \r\n\t            data-post_type=\"post\" \r\n\t            data-cat=\"sem-categoria\" \r\n\t            data-modified=\"120\"\r\n\t            data-created=\"1788110507\"\r\n\t            data-title=\"Deputados federais concentram R$ 982,8 milh\u00f5es em recursos de campanha\" \r\n\t            data-home=\"https:\/\/zulenealves.com.br\"><\/div>","protected":false},"excerpt":{"rendered":"<p>A elei\u00e7\u00e3o para deputado federal \u00e9 a que mais concentra recursos entre os cargos em disputa neste ano. Candidatos \u00e0 C\u00e2mara dos Deputados j\u00e1 registraram R$ 982,8 milh\u00f5es em receitas para financiar as campanhas, segundo a plataforma de presta\u00e7\u00e3o de contas do Tribunal Superior Eleitoral (TSE). Al\u00e9m disso, o valor ainda pode mudar at\u00e9 o &#8230; <\/p>\n<p class=\"read-more-container\"><a title=\"Deputados federais concentram R$ 982,8 milh\u00f5es em recursos de campanha\" class=\"read-more button\" href=\"https:\/\/zulenealves.com.br\/index.php\/2026\/08\/30\/51443\/#more-51443\" aria-label=\"More on Deputados federais concentram R$ 982,8 milh\u00f5es em recursos de campanha\">Leia mais<\/a><\/p>\n","protected":false},"author":2,"featured_media":0,"comment_status":"closed","ping_status":"closed","sticky":false,"template":"","format":"standard","meta":{"footnotes":""},"categories":[1],"tags":[],"class_list":["post-51443","post","type-post","status-publish","format-standard","hentry","category-sem-categoria"],"yoast_head":"<!-- This site is optimized with the Yoast SEO plugin v28.4 - https:\/\/yoast.com\/product\/yoast-seo-wordpress\/ -->\n<title>Deputados federais concentram R$ 982,8 milh\u00f5es em recursos de campanha - Blog Zulene Alves<\/title>\n<meta name=\"robots\" content=\"index, follow, max-snippet:-1, max-image-preview:large, max-video-preview:-1\" \/>\n<link rel=\"canonical\" href=\"https:\/\/zulenealves.com.br\/index.php\/2026\/08\/30\/51443\/\" \/>\n<meta property=\"og:locale\" content=\"pt_BR\" \/>\n<meta property=\"og:type\" content=\"article\" \/>\n<meta property=\"og:title\" content=\"Deputados federais concentram R$ 982,8 milh\u00f5es em recursos de campanha - Blog Zulene Alves\" \/>\n<meta property=\"og:description\" content=\"A elei\u00e7\u00e3o para deputado federal \u00e9 a que mais concentra recursos entre os cargos em disputa neste ano. Candidatos \u00e0 C\u00e2mara dos Deputados j\u00e1 registraram R$ 982,8 milh\u00f5es em receitas para financiar as campanhas, segundo a plataforma de presta\u00e7\u00e3o de contas do Tribunal Superior Eleitoral (TSE). Al\u00e9m disso, o valor ainda pode mudar at\u00e9 o ... Leia mais\" \/>\n<meta property=\"og:url\" content=\"https:\/\/zulenealves.com.br\/index.php\/2026\/08\/30\/51443\/\" \/>\n<meta property=\"og:site_name\" content=\"Blog Zulene Alves\" \/>\n<meta property=\"article:published_time\" content=\"2026-08-30T20:21:47+00:00\" \/>\n<meta property=\"article:modified_time\" content=\"2026-08-30T20:22:06+00:00\" \/>\n<meta property=\"og:image\" content=\"https:\/\/midias.correiobraziliense.com.br\/_midias\/jpg\/2026\/07\/21\/675x450\/1_urna-eletronica-1-67219413.jpg?20260721164151?20260721164151\" \/>\n<meta name=\"author\" content=\"Zulene Alves\" \/>\n<meta name=\"twitter:card\" content=\"summary_large_image\" \/>\n<meta name=\"twitter:label1\" content=\"Escrito por\" \/>\n\t<meta name=\"twitter:data1\" content=\"Zulene Alves\" \/>\n\t<meta name=\"twitter:label2\" content=\"Est. tempo de leitura\" \/>\n\t<meta name=\"twitter:data2\" content=\"3 minutos\" \/>\n<script type=\"application\/ld+json\" class=\"yoast-schema-graph\">{\"@context\":\"https:\\\/\\\/schema.org\",\"@graph\":[{\"@type\":\"Article\",\"@id\":\"https:\\\/\\\/zulenealves.com.br\\\/index.php\\\/2026\\\/08\\\/30\\\/51443\\\/#article\",\"isPartOf\":{\"@id\":\"https:\\\/\\\/zulenealves.com.br\\\/index.php\\\/2026\\\/08\\\/30\\\/51443\\\/\"},\"author\":{\"name\":\"Zulene Alves\",\"@id\":\"https:\\\/\\\/zulenealves.com.br\\\/#\\\/schema\\\/person\\\/211b267042952b9d9062603ea5230577\"},\"headline\":\"Deputados federais concentram R$ 982,8 milh\u00f5es em recursos de campanha\",\"datePublished\":\"2026-08-30T20:21:47+00:00\",\"dateModified\":\"2026-08-30T20:22:06+00:00\",\"mainEntityOfPage\":{\"@id\":\"https:\\\/\\\/zulenealves.com.br\\\/index.php\\\/2026\\\/08\\\/30\\\/51443\\\/\"},\"wordCount\":492,\"image\":{\"@id\":\"https:\\\/\\\/zulenealves.com.br\\\/index.php\\\/2026\\\/08\\\/30\\\/51443\\\/#primaryimage\"},\"thumbnailUrl\":\"https:\\\/\\\/midias.correiobraziliense.com.br\\\/_midias\\\/jpg\\\/2026\\\/07\\\/21\\\/675x450\\\/1_urna-eletronica-1-67219413.jpg?20260721164151?20260721164151\",\"inLanguage\":\"pt-BR\"},{\"@type\":\"WebPage\",\"@id\":\"https:\\\/\\\/zulenealves.com.br\\\/index.php\\\/2026\\\/08\\\/30\\\/51443\\\/\",\"url\":\"https:\\\/\\\/zulenealves.com.br\\\/index.php\\\/2026\\\/08\\\/30\\\/51443\\\/\",\"name\":\"Deputados federais concentram R$ 982,8 milh\u00f5es em recursos de campanha - Blog Zulene Alves\",\"isPartOf\":{\"@id\":\"https:\\\/\\\/zulenealves.com.br\\\/#website\"},\"primaryImageOfPage\":{\"@id\":\"https:\\\/\\\/zulenealves.com.br\\\/index.php\\\/2026\\\/08\\\/30\\\/51443\\\/#primaryimage\"},\"image\":{\"@id\":\"https:\\\/\\\/zulenealves.com.br\\\/index.php\\\/2026\\\/08\\\/30\\\/51443\\\/#primaryimage\"},\"thumbnailUrl\":\"https:\\\/\\\/midias.correiobraziliense.com.br\\\/_midias\\\/jpg\\\/2026\\\/07\\\/21\\\/675x450\\\/1_urna-eletronica-1-67219413.jpg?20260721164151?20260721164151\",\"datePublished\":\"2026-08-30T20:21:47+00:00\",\"dateModified\":\"2026-08-30T20:22:06+00:00\",\"author\":{\"@id\":\"https:\\\/\\\/zulenealves.com.br\\\/#\\\/schema\\\/person\\\/211b267042952b9d9062603ea5230577\"},\"breadcrumb\":{\"@id\":\"https:\\\/\\\/zulenealves.com.br\\\/index.php\\\/2026\\\/08\\\/30\\\/51443\\\/#breadcrumb\"},\"inLanguage\":\"pt-BR\",\"potentialAction\":[{\"@type\":\"ReadAction\",\"target\":[\"https:\\\/\\\/zulenealves.com.br\\\/index.php\\\/2026\\\/08\\\/30\\\/51443\\\/\"]}]},{\"@type\":\"ImageObject\",\"inLanguage\":\"pt-BR\",\"@id\":\"https:\\\/\\\/zulenealves.com.br\\\/index.php\\\/2026\\\/08\\\/30\\\/51443\\\/#primaryimage\",\"url\":\"https:\\\/\\\/midias.correiobraziliense.com.br\\\/_midias\\\/jpg\\\/2026\\\/07\\\/21\\\/675x450\\\/1_urna-eletronica-1-67219413.jpg?20260721164151?20260721164151\",\"contentUrl\":\"https:\\\/\\\/midias.correiobraziliense.com.br\\\/_midias\\\/jpg\\\/2026\\\/07\\\/21\\\/675x450\\\/1_urna-eletronica-1-67219413.jpg?20260721164151?20260721164151\"},{\"@type\":\"BreadcrumbList\",\"@id\":\"https:\\\/\\\/zulenealves.com.br\\\/index.php\\\/2026\\\/08\\\/30\\\/51443\\\/#breadcrumb\",\"itemListElement\":[{\"@type\":\"ListItem\",\"position\":1,\"name\":\"In\u00edcio\",\"item\":\"https:\\\/\\\/zulenealves.com.br\\\/\"},{\"@type\":\"ListItem\",\"position\":2,\"name\":\"Deputados federais concentram R$ 982,8 milh\u00f5es em recursos de campanha\"}]},{\"@type\":\"WebSite\",\"@id\":\"https:\\\/\\\/zulenealves.com.br\\\/#website\",\"url\":\"https:\\\/\\\/zulenealves.com.br\\\/\",\"name\":\"Blog Zulene Alves\",\"description\":\"\",\"potentialAction\":[{\"@type\":\"SearchAction\",\"target\":{\"@type\":\"EntryPoint\",\"urlTemplate\":\"https:\\\/\\\/zulenealves.com.br\\\/?s={search_term_string}\"},\"query-input\":{\"@type\":\"PropertyValueSpecification\",\"valueRequired\":true,\"valueName\":\"search_term_string\"}}],\"inLanguage\":\"pt-BR\"},{\"@type\":\"Person\",\"@id\":\"https:\\\/\\\/zulenealves.com.br\\\/#\\\/schema\\\/person\\\/211b267042952b9d9062603ea5230577\",\"name\":\"Zulene Alves\",\"image\":{\"@type\":\"ImageObject\",\"inLanguage\":\"pt-BR\",\"@id\":\"https:\\\/\\\/secure.gravatar.com\\\/avatar\\\/6256ae245147d58c317918f3a20dbf75c244838a7b265be12b0edacdedc94737?s=96&d=mm&r=g\",\"url\":\"https:\\\/\\\/secure.gravatar.com\\\/avatar\\\/6256ae245147d58c317918f3a20dbf75c244838a7b265be12b0edacdedc94737?s=96&d=mm&r=g\",\"contentUrl\":\"https:\\\/\\\/secure.gravatar.com\\\/avatar\\\/6256ae245147d58c317918f3a20dbf75c244838a7b265be12b0edacdedc94737?s=96&d=mm&r=g\",\"caption\":\"Zulene Alves\"},\"sameAs\":[\"https:\\\/\\\/zulenealves.com.br\\\/\"],\"url\":\"https:\\\/\\\/zulenealves.com.br\\\/index.php\\\/author\\\/zulene\\\/\"}]}<\/script>\n<!-- \/ Yoast SEO plugin. -->","yoast_head_json":{"title":"Deputados federais concentram R$ 982,8 milh\u00f5es em recursos de campanha - Blog Zulene Alves","robots":{"index":"index","follow":"follow","max-snippet":"max-snippet:-1","max-image-preview":"max-image-preview:large","max-video-preview":"max-video-preview:-1"},"canonical":"https:\/\/zulenealves.com.br\/index.php\/2026\/08\/30\/51443\/","og_locale":"pt_BR","og_type":"article","og_title":"Deputados federais concentram R$ 982,8 milh\u00f5es em recursos de campanha - Blog Zulene Alves","og_description":"A elei\u00e7\u00e3o para deputado federal \u00e9 a que mais concentra recursos entre os cargos em disputa neste ano. Candidatos \u00e0 C\u00e2mara dos Deputados j\u00e1 registraram R$ 982,8 milh\u00f5es em receitas para financiar as campanhas, segundo a plataforma de presta\u00e7\u00e3o de contas do Tribunal Superior Eleitoral (TSE). Al\u00e9m disso, o valor ainda pode mudar at\u00e9 o ... Leia mais","og_url":"https:\/\/zulenealves.com.br\/index.php\/2026\/08\/30\/51443\/","og_site_name":"Blog Zulene Alves","article_published_time":"2026-08-30T20:21:47+00:00","article_modified_time":"2026-08-30T20:22:06+00:00","og_image":[{"url":"https:\/\/midias.correiobraziliense.com.br\/_midias\/jpg\/2026\/07\/21\/675x450\/1_urna-eletronica-1-67219413.jpg?20260721164151?20260721164151","type":"","width":"","height":""}],"author":"Zulene Alves","twitter_card":"summary_large_image","twitter_misc":{"Escrito por":"Zulene Alves","Est. tempo de leitura":"3 minutos"},"schema":{"@context":"https:\/\/schema.org","@graph":[{"@type":"Article","@id":"https:\/\/zulenealves.com.br\/index.php\/2026\/08\/30\/51443\/#article","isPartOf":{"@id":"https:\/\/zulenealves.com.br\/index.php\/2026\/08\/30\/51443\/"},"author":{"name":"Zulene Alves","@id":"https:\/\/zulenealves.com.br\/#\/schema\/person\/211b267042952b9d9062603ea5230577"},"headline":"Deputados federais concentram R$ 982,8 milh\u00f5es em recursos de campanha","datePublished":"2026-08-30T20:21:47+00:00","dateModified":"2026-08-30T20:22:06+00:00","mainEntityOfPage":{"@id":"https:\/\/zulenealves.com.br\/index.php\/2026\/08\/30\/51443\/"},"wordCount":492,"image":{"@id":"https:\/\/zulenealves.com.br\/index.php\/2026\/08\/30\/51443\/#primaryimage"},"thumbnailUrl":"https:\/\/midias.correiobraziliense.com.br\/_midias\/jpg\/2026\/07\/21\/675x450\/1_urna-eletronica-1-67219413.jpg?20260721164151?20260721164151","inLanguage":"pt-BR"},{"@type":"WebPage","@id":"https:\/\/zulenealves.com.br\/index.php\/2026\/08\/30\/51443\/","url":"https:\/\/zulenealves.com.br\/index.php\/2026\/08\/30\/51443\/","name":"Deputados federais concentram R$ 982,8 milh\u00f5es em recursos de campanha - Blog Zulene Alves","isPartOf":{"@id":"https:\/\/zulenealves.com.br\/#website"},"primaryImageOfPage":{"@id":"https:\/\/zulenealves.com.br\/index.php\/2026\/08\/30\/51443\/#primaryimage"},"image":{"@id":"https:\/\/zulenealves.com.br\/index.php\/2026\/08\/30\/51443\/#primaryimage"},"thumbnailUrl":"https:\/\/midias.correiobraziliense.com.br\/_midias\/jpg\/2026\/07\/21\/675x450\/1_urna-eletronica-1-67219413.jpg?20260721164151?20260721164151","datePublished":"2026-08-30T20:21:47+00:00","dateModified":"2026-08-30T20:22:06+00:00","author":{"@id":"https:\/\/zulenealves.com.br\/#\/schema\/person\/211b267042952b9d9062603ea5230577"},"breadcrumb":{"@id":"https:\/\/zulenealves.com.br\/index.php\/2026\/08\/30\/51443\/#breadcrumb"},"inLanguage":"pt-BR","potentialAction":[{"@type":"ReadAction","target":["https:\/\/zulenealves.com.br\/index.php\/2026\/08\/30\/51443\/"]}]},{"@type":"ImageObject","inLanguage":"pt-BR","@id":"https:\/\/zulenealves.com.br\/index.php\/2026\/08\/30\/51443\/#primaryimage","url":"https:\/\/midias.correiobraziliense.com.br\/_midias\/jpg\/2026\/07\/21\/675x450\/1_urna-eletronica-1-67219413.jpg?20260721164151?20260721164151","contentUrl":"https:\/\/midias.correiobraziliense.com.br\/_midias\/jpg\/2026\/07\/21\/675x450\/1_urna-eletronica-1-67219413.jpg?20260721164151?20260721164151"},{"@type":"BreadcrumbList","@id":"https:\/\/zulenealves.com.br\/index.php\/2026\/08\/30\/51443\/#breadcrumb","itemListElement":[{"@type":"ListItem","position":1,"name":"In\u00edcio","item":"https:\/\/zulenealves.com.br\/"},{"@type":"ListItem","position":2,"name":"Deputados federais concentram R$ 982,8 milh\u00f5es em recursos de campanha"}]},{"@type":"WebSite","@id":"https:\/\/zulenealves.com.br\/#website","url":"https:\/\/zulenealves.com.br\/","name":"Blog Zulene Alves","description":"","potentialAction":[{"@type":"SearchAction","target":{"@type":"EntryPoint","urlTemplate":"https:\/\/zulenealves.com.br\/?s={search_term_string}"},"query-input":{"@type":"PropertyValueSpecification","valueRequired":true,"valueName":"search_term_string"}}],"inLanguage":"pt-BR"},{"@type":"Person","@id":"https:\/\/zulenealves.com.br\/#\/schema\/person\/211b267042952b9d9062603ea5230577","name":"Zulene Alves","image":{"@type":"ImageObject","inLanguage":"pt-BR","@id":"https:\/\/secure.gravatar.com\/avatar\/6256ae245147d58c317918f3a20dbf75c244838a7b265be12b0edacdedc94737?s=96&d=mm&r=g","url":"https:\/\/secure.gravatar.com\/avatar\/6256ae245147d58c317918f3a20dbf75c244838a7b265be12b0edacdedc94737?s=96&d=mm&r=g","contentUrl":"https:\/\/secure.gravatar.com\/avatar\/6256ae245147d58c317918f3a20dbf75c244838a7b265be12b0edacdedc94737?s=96&d=mm&r=g","caption":"Zulene Alves"},"sameAs":["https:\/\/zulenealves.com.br\/"],"url":"https:\/\/zulenealves.com.br\/index.php\/author\/zulene\/"}]}},"_links":{"self":[{"href":"https:\/\/zulenealves.com.br\/index.php\/wp-json\/wp\/v2\/posts\/51443","targetHints":{"allow":["GET"]}}],"collection":[{"href":"https:\/\/zulenealves.com.br\/index.php\/wp-json\/wp\/v2\/posts"}],"about":[{"href":"https:\/\/zulenealves.com.br\/index.php\/wp-json\/wp\/v2\/types\/post"}],"author":[{"embeddable":true,"href":"https:\/\/zulenealves.com.br\/index.php\/wp-json\/wp\/v2\/users\/2"}],"replies":[{"embeddable":true,"href":"https:\/\/zulenealves.com.br\/index.php\/wp-json\/wp\/v2\/comments?post=51443"}],"version-history":[{"count":2,"href":"https:\/\/zulenealves.com.br\/index.php\/wp-json\/wp\/v2\/posts\/51443\/revisions"}],"predecessor-version":[{"id":51445,"href":"https:\/\/zulenealves.com.br\/index.php\/wp-json\/wp\/v2\/posts\/51443\/revisions\/51445"}],"wp:attachment":[{"href":"https:\/\/zulenealves.com.br\/index.php\/wp-json\/wp\/v2\/media?parent=51443"}],"wp:term":[{"taxonomy":"category","embeddable":true,"href":"https:\/\/zulenealves.com.br\/index.php\/wp-json\/wp\/v2\/categories?post=51443"},{"taxonomy":"post_tag","embeddable":true,"href":"https:\/\/zulenealves.com.br\/index.php\/wp-json\/wp\/v2\/tags?post=51443"}],"curies":[{"name":"wp","href":"https:\/\/api.w.org\/{rel}","templated":true}]}}