{"id":51454,"date":"2026-08-31T05:28:19","date_gmt":"2026-08-31T08:28:19","guid":{"rendered":"https:\/\/zulenealves.com.br\/?p=51454"},"modified":"2026-08-31T05:29:00","modified_gmt":"2026-08-31T08:29:00","slug":"lei-de-diretrizes-orcamentarias-ldo-2027-sera-votada-nesta-segunda-31-no-plenario-da-alepe","status":"publish","type":"post","link":"https:\/\/zulenealves.com.br\/index.php\/2026\/08\/31\/lei-de-diretrizes-orcamentarias-ldo-2027-sera-votada-nesta-segunda-31-no-plenario-da-alepe\/","title":{"rendered":"Lei de Diretrizes Or\u00e7ament\u00e1rias (LDO) 2027 ser\u00e1 votada nesta segunda (31), no plen\u00e1rio da Alepe"},"content":{"rendered":"<p>Por<strong>\u00a0Bet\u00e2nia Santana<\/strong><\/p>\n<p style=\"text-align: justify;\">No \u00faltimo dia para ser sancionada, a\u00a0Assembleia Legislativa de Pernambuco vota em plen\u00e1rio, nesta segunda-feira (31),\u00a0a Lei de Diretrizes Or\u00e7ament\u00e1rias (LDO) que estabelece uma receita de R$ 57,4 bilh\u00f5es para o pr\u00f3ximo ano.<\/p>\n<p style=\"text-align: justify;\">Enviado pela governadora Raquel Lyra (PSD) no dia 31 de julho, o\u00a0Projeto de Lei\u00a0n\u00ba\u00a04235\/2026 foi\u00a0aprovado por unanimidade pela\u00a0Comiss\u00e3o de Finan\u00e7as,\u00a0Or\u00e7amento e Tributa\u00e7\u00e3o no dia 18 deste m\u00eas.<\/p>\n<p style=\"text-align: justify;\">Para agilizar o tr\u00e2mite e garantir a aprova\u00e7\u00e3o antes das elei\u00e7\u00f5es, os parlamentares discutiram, analisaram e votaram a mat\u00e9ria na Comiss\u00e3o de Finan\u00e7as no mesmo dia.<\/p>\n<p style=\"text-align: justify;\">&#8220;Ap\u00f3s a devida tramita\u00e7\u00e3o da LDO na Comiss\u00e3o de Finan\u00e7as, decidimos concentrar os trabalhos em uma reuni\u00e3o. Dessa forma, garantimos a aprecia\u00e7\u00e3o e a vota\u00e7\u00e3o dessa mat\u00e9ria, que \u00e9 t\u00e3o importante para o andamento e o desenvolvimento das a\u00e7\u00f5es governamentais&#8221;, pontuou o presidente do colegiado, deputado Antonio Coelho (Uni\u00e3o).<\/p>\n<p style=\"text-align: justify;\">Agora a proposta precisa de maioria simples para ser aprovado em plen\u00e1rio. Pelo menos 25 deputados devem estar presentes. Ap\u00f3s a vota\u00e7\u00e3o, o presidente da Casa, deputado \u00c1lvaro Porto (MDB), encaminha o projeto para san\u00e7\u00e3o da governadora.<\/p>\n<p style=\"text-align: justify;\">&#8220;Todos os projetos enviados at\u00e9 agora para a Assembleia foram analisados e votados. N\u00e3o tem nenhum projeto do governo do estado que tenha deixado de ser aprovado. Esse tamb\u00e9m vai ser colocado em vota\u00e7\u00e3o e a gente sabe que ser\u00e1 aprovado&#8221;, declarou o presidente \u00c1lvaro Porto.<\/p>\n<p style=\"text-align: justify;\"><strong>Planejamento<\/strong><br \/>\nA proposta, segundo a Secretaria\u00a0de Planejamento, Gest\u00e3o e Desenvolvimento Regional (Seplag-PE),\u00a0 estabelece as prioridades e metas fiscais de curto prazo alinhadas \u00e0 capacidade financeira do estado e \u00e0s demandas da popula\u00e7\u00e3o<\/p>\n<p style=\"text-align: justify;\" data-intext-processed=\"true\">O governo estabeleceu R$ 27,2 bilh\u00f5es para despesas com pessoal e encargos em 2027. As demais despesas correntes somam R$ 21,3 bilh\u00f5es.<\/p>\n<div id=\"pads_intext-178816465547942\" data-premium=\"\" data-adunit=\"FOLHA_PE_INTEXT_02\" data-sizes-mobile=\"[[336,280],[320,320],[300,300],[300,250],[300,190],[250,250],[200,200]]\" data-sizes-desktop=\"[[336,280],[320,320],[300,300],[300,250],[250,250],[200,200]]\" data-type=\"intext\" data-count=\"2\" data-fetch=\"true\" data-google-query-id=\"CNr7xeC4ypYDFSNM3QIdKbMOhA\">\n<p style=\"text-align: justify;\">O PLDO, elaborado pela Seplag-PE, define ainda receitas totais de R$ 59,2 bilh\u00f5es para 2028 e R$ 63,1 bilh\u00f5es para 2029.<\/p>\n<p style=\"text-align: justify;\">\u201cO projeto que elaboramos segue o princ\u00edpio do equil\u00edbrio das contas do Estado, as prioridades estabelecidas em \u00e1reas como sa\u00fade, educa\u00e7\u00e3o, seguran\u00e7a, assist\u00eancia social, al\u00e9m de refor\u00e7ar o espa\u00e7o para investimentos estruturantes\u201d, afirmou o secret\u00e1rio de Planejamento, Gest\u00e3o e Desenvolvimento Regional, Fabr\u00edcio Marques.<\/p>\n<p style=\"text-align: justify;\" data-intext-processed=\"true\"><strong>Extraordin\u00e1ria<\/strong><br \/>\nA Alepe tamb\u00e9m eraliza nesta segunda sess\u00e3o extraordin\u00e1ria para analisar oito projetos enviados pelo Executivo em car\u00e1ter de urg\u00eancia, entre eles o que institui o Novo Programa Especial de Recupera\u00e7\u00e3o de Cr\u00e9ditos Tribut\u00e1rios (Perc 2026), referente ao Imposto sobre Opera\u00e7\u00f5es relativas \u00e0 Circula\u00e7\u00e3o de Mercadorias e sobre Presta\u00e7\u00f5es de Servi\u00e7os de Transporte Interestadual e Intermunicipal e de Comunica\u00e7\u00e3o (ICMS), e modifica a Lei n\u00ba 15.730, de 17 de mar\u00e7o de 2016.<\/p>\n<p style=\"text-align: justify;\">Entre as proposta h\u00e1 tamb\u00e9m uma que altera a Lei n\u00ba 13.494, de 2 de julho de 2008, que cria o Sistema Estadual de Seguran\u00e7a Alimentar e Nutricional Sustent\u00e1vel (Sesans) para\u00a0assegurar o direito humano \u00e0 alimenta\u00e7\u00e3o adequada.<\/p>\n<p style=\"text-align: justify;\">Na pauta tamb\u00e9m est\u00e1 prevista a vota\u00e7\u00e3o, em segunda discuss\u00e3o,\u00a0de um projeto de lei que disp\u00f5e sobre medidas relativas \u00e0 realiza\u00e7\u00e3o da Copa do Mundo Feminina da F\u00e9d\u00e9ration Internationale de Football Association (FIFA) 2027, em Pernambuco.<\/p>\n<\/div>\n<div class=\"gsp_post_data\" \r\n\t            data-post_type=\"post\" \r\n\t            data-cat=\"destaque\" \r\n\t            data-modified=\"120\"\r\n\t            data-created=\"1788154099\"\r\n\t            data-title=\"Lei de Diretrizes Or\u00e7ament\u00e1rias (LDO) 2027 ser\u00e1 votada nesta segunda (31), no plen\u00e1rio da Alepe\" \r\n\t            data-home=\"https:\/\/zulenealves.com.br\"><\/div>","protected":false},"excerpt":{"rendered":"<p>Por\u00a0Bet\u00e2nia Santana No \u00faltimo dia para ser sancionada, a\u00a0Assembleia Legislativa de Pernambuco vota em plen\u00e1rio, nesta segunda-feira (31),\u00a0a Lei de Diretrizes Or\u00e7ament\u00e1rias (LDO) que estabelece uma receita de R$ 57,4 bilh\u00f5es para o pr\u00f3ximo ano. Enviado pela governadora Raquel Lyra (PSD) no dia 31 de julho, o\u00a0Projeto de Lei\u00a0n\u00ba\u00a04235\/2026 foi\u00a0aprovado por unanimidade pela\u00a0Comiss\u00e3o de Finan\u00e7as,\u00a0Or\u00e7amento &#8230; <\/p>\n<p class=\"read-more-container\"><a title=\"Lei de Diretrizes Or\u00e7ament\u00e1rias (LDO) 2027 ser\u00e1 votada nesta segunda (31), no plen\u00e1rio da Alepe\" class=\"read-more button\" href=\"https:\/\/zulenealves.com.br\/index.php\/2026\/08\/31\/lei-de-diretrizes-orcamentarias-ldo-2027-sera-votada-nesta-segunda-31-no-plenario-da-alepe\/#more-51454\" aria-label=\"More on Lei de Diretrizes Or\u00e7ament\u00e1rias (LDO) 2027 ser\u00e1 votada nesta segunda (31), no plen\u00e1rio da Alepe\">Leia mais<\/a><\/p>\n","protected":false},"author":2,"featured_media":51455,"comment_status":"closed","ping_status":"closed","sticky":false,"template":"","format":"standard","meta":{"footnotes":""},"categories":[23],"tags":[],"class_list":["post-51454","post","type-post","status-publish","format-standard","has-post-thumbnail","hentry","category-destaque","resize-featured-image"],"yoast_head":"<!-- This site is optimized with the Yoast SEO plugin v28.4 - https:\/\/yoast.com\/product\/yoast-seo-wordpress\/ -->\n<title>Lei de Diretrizes Or\u00e7ament\u00e1rias (LDO) 2027 ser\u00e1 votada nesta segunda (31), no plen\u00e1rio da Alepe - Blog Zulene Alves<\/title>\n<meta name=\"robots\" content=\"index, follow, max-snippet:-1, max-image-preview:large, max-video-preview:-1\" \/>\n<link rel=\"canonical\" href=\"https:\/\/zulenealves.com.br\/index.php\/2026\/08\/31\/lei-de-diretrizes-orcamentarias-ldo-2027-sera-votada-nesta-segunda-31-no-plenario-da-alepe\/\" \/>\n<meta property=\"og:locale\" content=\"pt_BR\" \/>\n<meta property=\"og:type\" content=\"article\" \/>\n<meta property=\"og:title\" content=\"Lei de Diretrizes Or\u00e7ament\u00e1rias (LDO) 2027 ser\u00e1 votada nesta segunda (31), no plen\u00e1rio da Alepe - Blog Zulene Alves\" \/>\n<meta property=\"og:description\" content=\"Por\u00a0Bet\u00e2nia Santana No \u00faltimo dia para ser sancionada, a\u00a0Assembleia Legislativa de Pernambuco vota em plen\u00e1rio, nesta segunda-feira (31),\u00a0a Lei de Diretrizes Or\u00e7ament\u00e1rias (LDO) que estabelece uma receita de R$ 57,4 bilh\u00f5es para o pr\u00f3ximo ano. Enviado pela governadora Raquel Lyra (PSD) no dia 31 de julho, o\u00a0Projeto de Lei\u00a0n\u00ba\u00a04235\/2026 foi\u00a0aprovado por unanimidade pela\u00a0Comiss\u00e3o de Finan\u00e7as,\u00a0Or\u00e7amento ... Leia mais\" \/>\n<meta property=\"og:url\" content=\"https:\/\/zulenealves.com.br\/index.php\/2026\/08\/31\/lei-de-diretrizes-orcamentarias-ldo-2027-sera-votada-nesta-segunda-31-no-plenario-da-alepe\/\" \/>\n<meta property=\"og:site_name\" content=\"Blog Zulene Alves\" \/>\n<meta property=\"article:published_time\" content=\"2026-08-31T08:28:19+00:00\" \/>\n<meta property=\"article:modified_time\" content=\"2026-08-31T08:29:00+00:00\" \/>\n<meta property=\"og:image\" content=\"https:\/\/zulenealves.com.br\/wp-content\/uploads\/2026\/08\/147.jpeg\" \/>\n\t<meta property=\"og:image:width\" content=\"1100\" \/>\n\t<meta property=\"og:image:height\" content=\"737\" \/>\n\t<meta property=\"og:image:type\" content=\"image\/jpeg\" \/>\n<meta name=\"author\" content=\"Zulene Alves\" \/>\n<meta name=\"twitter:card\" content=\"summary_large_image\" \/>\n<meta name=\"twitter:label1\" content=\"Escrito por\" \/>\n\t<meta name=\"twitter:data1\" content=\"Zulene Alves\" \/>\n\t<meta name=\"twitter:label2\" content=\"Est. tempo de leitura\" \/>\n\t<meta name=\"twitter:data2\" content=\"3 minutos\" \/>\n<script type=\"application\/ld+json\" class=\"yoast-schema-graph\">{\"@context\":\"https:\\\/\\\/schema.org\",\"@graph\":[{\"@type\":\"Article\",\"@id\":\"https:\\\/\\\/zulenealves.com.br\\\/index.php\\\/2026\\\/08\\\/31\\\/lei-de-diretrizes-orcamentarias-ldo-2027-sera-votada-nesta-segunda-31-no-plenario-da-alepe\\\/#article\",\"isPartOf\":{\"@id\":\"https:\\\/\\\/zulenealves.com.br\\\/index.php\\\/2026\\\/08\\\/31\\\/lei-de-diretrizes-orcamentarias-ldo-2027-sera-votada-nesta-segunda-31-no-plenario-da-alepe\\\/\"},\"author\":{\"name\":\"Zulene Alves\",\"@id\":\"https:\\\/\\\/zulenealves.com.br\\\/#\\\/schema\\\/person\\\/211b267042952b9d9062603ea5230577\"},\"headline\":\"Lei de Diretrizes Or\u00e7ament\u00e1rias (LDO) 2027 ser\u00e1 votada nesta segunda (31), no plen\u00e1rio da Alepe\",\"datePublished\":\"2026-08-31T08:28:19+00:00\",\"dateModified\":\"2026-08-31T08:29:00+00:00\",\"mainEntityOfPage\":{\"@id\":\"https:\\\/\\\/zulenealves.com.br\\\/index.php\\\/2026\\\/08\\\/31\\\/lei-de-diretrizes-orcamentarias-ldo-2027-sera-votada-nesta-segunda-31-no-plenario-da-alepe\\\/\"},\"wordCount\":564,\"image\":{\"@id\":\"https:\\\/\\\/zulenealves.com.br\\\/index.php\\\/2026\\\/08\\\/31\\\/lei-de-diretrizes-orcamentarias-ldo-2027-sera-votada-nesta-segunda-31-no-plenario-da-alepe\\\/#primaryimage\"},\"thumbnailUrl\":\"https:\\\/\\\/zulenealves.com.br\\\/wp-content\\\/uploads\\\/2026\\\/08\\\/147.jpeg\",\"articleSection\":[\"Destaque\"],\"inLanguage\":\"pt-BR\"},{\"@type\":\"WebPage\",\"@id\":\"https:\\\/\\\/zulenealves.com.br\\\/index.php\\\/2026\\\/08\\\/31\\\/lei-de-diretrizes-orcamentarias-ldo-2027-sera-votada-nesta-segunda-31-no-plenario-da-alepe\\\/\",\"url\":\"https:\\\/\\\/zulenealves.com.br\\\/index.php\\\/2026\\\/08\\\/31\\\/lei-de-diretrizes-orcamentarias-ldo-2027-sera-votada-nesta-segunda-31-no-plenario-da-alepe\\\/\",\"name\":\"Lei de Diretrizes Or\u00e7ament\u00e1rias (LDO) 2027 ser\u00e1 votada nesta segunda (31), no plen\u00e1rio da Alepe - Blog Zulene Alves\",\"isPartOf\":{\"@id\":\"https:\\\/\\\/zulenealves.com.br\\\/#website\"},\"primaryImageOfPage\":{\"@id\":\"https:\\\/\\\/zulenealves.com.br\\\/index.php\\\/2026\\\/08\\\/31\\\/lei-de-diretrizes-orcamentarias-ldo-2027-sera-votada-nesta-segunda-31-no-plenario-da-alepe\\\/#primaryimage\"},\"image\":{\"@id\":\"https:\\\/\\\/zulenealves.com.br\\\/index.php\\\/2026\\\/08\\\/31\\\/lei-de-diretrizes-orcamentarias-ldo-2027-sera-votada-nesta-segunda-31-no-plenario-da-alepe\\\/#primaryimage\"},\"thumbnailUrl\":\"https:\\\/\\\/zulenealves.com.br\\\/wp-content\\\/uploads\\\/2026\\\/08\\\/147.jpeg\",\"datePublished\":\"2026-08-31T08:28:19+00:00\",\"dateModified\":\"2026-08-31T08:29:00+00:00\",\"author\":{\"@id\":\"https:\\\/\\\/zulenealves.com.br\\\/#\\\/schema\\\/person\\\/211b267042952b9d9062603ea5230577\"},\"breadcrumb\":{\"@id\":\"https:\\\/\\\/zulenealves.com.br\\\/index.php\\\/2026\\\/08\\\/31\\\/lei-de-diretrizes-orcamentarias-ldo-2027-sera-votada-nesta-segunda-31-no-plenario-da-alepe\\\/#breadcrumb\"},\"inLanguage\":\"pt-BR\",\"potentialAction\":[{\"@type\":\"ReadAction\",\"target\":[\"https:\\\/\\\/zulenealves.com.br\\\/index.php\\\/2026\\\/08\\\/31\\\/lei-de-diretrizes-orcamentarias-ldo-2027-sera-votada-nesta-segunda-31-no-plenario-da-alepe\\\/\"]}]},{\"@type\":\"ImageObject\",\"inLanguage\":\"pt-BR\",\"@id\":\"https:\\\/\\\/zulenealves.com.br\\\/index.php\\\/2026\\\/08\\\/31\\\/lei-de-diretrizes-orcamentarias-ldo-2027-sera-votada-nesta-segunda-31-no-plenario-da-alepe\\\/#primaryimage\",\"url\":\"https:\\\/\\\/zulenealves.com.br\\\/wp-content\\\/uploads\\\/2026\\\/08\\\/147.jpeg\",\"contentUrl\":\"https:\\\/\\\/zulenealves.com.br\\\/wp-content\\\/uploads\\\/2026\\\/08\\\/147.jpeg\",\"width\":1100,\"height\":737},{\"@type\":\"BreadcrumbList\",\"@id\":\"https:\\\/\\\/zulenealves.com.br\\\/index.php\\\/2026\\\/08\\\/31\\\/lei-de-diretrizes-orcamentarias-ldo-2027-sera-votada-nesta-segunda-31-no-plenario-da-alepe\\\/#breadcrumb\",\"itemListElement\":[{\"@type\":\"ListItem\",\"position\":1,\"name\":\"In\u00edcio\",\"item\":\"https:\\\/\\\/zulenealves.com.br\\\/\"},{\"@type\":\"ListItem\",\"position\":2,\"name\":\"Lei de Diretrizes Or\u00e7ament\u00e1rias (LDO) 2027 ser\u00e1 votada nesta segunda (31), no plen\u00e1rio da Alepe\"}]},{\"@type\":\"WebSite\",\"@id\":\"https:\\\/\\\/zulenealves.com.br\\\/#website\",\"url\":\"https:\\\/\\\/zulenealves.com.br\\\/\",\"name\":\"Blog Zulene Alves\",\"description\":\"\",\"potentialAction\":[{\"@type\":\"SearchAction\",\"target\":{\"@type\":\"EntryPoint\",\"urlTemplate\":\"https:\\\/\\\/zulenealves.com.br\\\/?s={search_term_string}\"},\"query-input\":{\"@type\":\"PropertyValueSpecification\",\"valueRequired\":true,\"valueName\":\"search_term_string\"}}],\"inLanguage\":\"pt-BR\"},{\"@type\":\"Person\",\"@id\":\"https:\\\/\\\/zulenealves.com.br\\\/#\\\/schema\\\/person\\\/211b267042952b9d9062603ea5230577\",\"name\":\"Zulene Alves\",\"image\":{\"@type\":\"ImageObject\",\"inLanguage\":\"pt-BR\",\"@id\":\"https:\\\/\\\/secure.gravatar.com\\\/avatar\\\/6256ae245147d58c317918f3a20dbf75c244838a7b265be12b0edacdedc94737?s=96&d=mm&r=g\",\"url\":\"https:\\\/\\\/secure.gravatar.com\\\/avatar\\\/6256ae245147d58c317918f3a20dbf75c244838a7b265be12b0edacdedc94737?s=96&d=mm&r=g\",\"contentUrl\":\"https:\\\/\\\/secure.gravatar.com\\\/avatar\\\/6256ae245147d58c317918f3a20dbf75c244838a7b265be12b0edacdedc94737?s=96&d=mm&r=g\",\"caption\":\"Zulene Alves\"},\"sameAs\":[\"https:\\\/\\\/zulenealves.com.br\\\/\"],\"url\":\"https:\\\/\\\/zulenealves.com.br\\\/index.php\\\/author\\\/zulene\\\/\"}]}<\/script>\n<!-- \/ Yoast SEO plugin. -->","yoast_head_json":{"title":"Lei de Diretrizes Or\u00e7ament\u00e1rias (LDO) 2027 ser\u00e1 votada nesta segunda (31), no plen\u00e1rio da Alepe - Blog Zulene Alves","robots":{"index":"index","follow":"follow","max-snippet":"max-snippet:-1","max-image-preview":"max-image-preview:large","max-video-preview":"max-video-preview:-1"},"canonical":"https:\/\/zulenealves.com.br\/index.php\/2026\/08\/31\/lei-de-diretrizes-orcamentarias-ldo-2027-sera-votada-nesta-segunda-31-no-plenario-da-alepe\/","og_locale":"pt_BR","og_type":"article","og_title":"Lei de Diretrizes Or\u00e7ament\u00e1rias (LDO) 2027 ser\u00e1 votada nesta segunda (31), no plen\u00e1rio da Alepe - Blog Zulene Alves","og_description":"Por\u00a0Bet\u00e2nia Santana No \u00faltimo dia para ser sancionada, a\u00a0Assembleia Legislativa de Pernambuco vota em plen\u00e1rio, nesta segunda-feira (31),\u00a0a Lei de Diretrizes Or\u00e7ament\u00e1rias (LDO) que estabelece uma receita de R$ 57,4 bilh\u00f5es para o pr\u00f3ximo ano. Enviado pela governadora Raquel Lyra (PSD) no dia 31 de julho, o\u00a0Projeto de Lei\u00a0n\u00ba\u00a04235\/2026 foi\u00a0aprovado por unanimidade pela\u00a0Comiss\u00e3o de Finan\u00e7as,\u00a0Or\u00e7amento ... Leia mais","og_url":"https:\/\/zulenealves.com.br\/index.php\/2026\/08\/31\/lei-de-diretrizes-orcamentarias-ldo-2027-sera-votada-nesta-segunda-31-no-plenario-da-alepe\/","og_site_name":"Blog Zulene Alves","article_published_time":"2026-08-31T08:28:19+00:00","article_modified_time":"2026-08-31T08:29:00+00:00","og_image":[{"width":1100,"height":737,"url":"https:\/\/zulenealves.com.br\/wp-content\/uploads\/2026\/08\/147.jpeg","type":"image\/jpeg"}],"author":"Zulene Alves","twitter_card":"summary_large_image","twitter_misc":{"Escrito por":"Zulene Alves","Est. tempo de leitura":"3 minutos"},"schema":{"@context":"https:\/\/schema.org","@graph":[{"@type":"Article","@id":"https:\/\/zulenealves.com.br\/index.php\/2026\/08\/31\/lei-de-diretrizes-orcamentarias-ldo-2027-sera-votada-nesta-segunda-31-no-plenario-da-alepe\/#article","isPartOf":{"@id":"https:\/\/zulenealves.com.br\/index.php\/2026\/08\/31\/lei-de-diretrizes-orcamentarias-ldo-2027-sera-votada-nesta-segunda-31-no-plenario-da-alepe\/"},"author":{"name":"Zulene Alves","@id":"https:\/\/zulenealves.com.br\/#\/schema\/person\/211b267042952b9d9062603ea5230577"},"headline":"Lei de Diretrizes Or\u00e7ament\u00e1rias (LDO) 2027 ser\u00e1 votada nesta segunda (31), no plen\u00e1rio da Alepe","datePublished":"2026-08-31T08:28:19+00:00","dateModified":"2026-08-31T08:29:00+00:00","mainEntityOfPage":{"@id":"https:\/\/zulenealves.com.br\/index.php\/2026\/08\/31\/lei-de-diretrizes-orcamentarias-ldo-2027-sera-votada-nesta-segunda-31-no-plenario-da-alepe\/"},"wordCount":564,"image":{"@id":"https:\/\/zulenealves.com.br\/index.php\/2026\/08\/31\/lei-de-diretrizes-orcamentarias-ldo-2027-sera-votada-nesta-segunda-31-no-plenario-da-alepe\/#primaryimage"},"thumbnailUrl":"https:\/\/zulenealves.com.br\/wp-content\/uploads\/2026\/08\/147.jpeg","articleSection":["Destaque"],"inLanguage":"pt-BR"},{"@type":"WebPage","@id":"https:\/\/zulenealves.com.br\/index.php\/2026\/08\/31\/lei-de-diretrizes-orcamentarias-ldo-2027-sera-votada-nesta-segunda-31-no-plenario-da-alepe\/","url":"https:\/\/zulenealves.com.br\/index.php\/2026\/08\/31\/lei-de-diretrizes-orcamentarias-ldo-2027-sera-votada-nesta-segunda-31-no-plenario-da-alepe\/","name":"Lei de Diretrizes Or\u00e7ament\u00e1rias (LDO) 2027 ser\u00e1 votada nesta segunda (31), no plen\u00e1rio da Alepe - Blog Zulene Alves","isPartOf":{"@id":"https:\/\/zulenealves.com.br\/#website"},"primaryImageOfPage":{"@id":"https:\/\/zulenealves.com.br\/index.php\/2026\/08\/31\/lei-de-diretrizes-orcamentarias-ldo-2027-sera-votada-nesta-segunda-31-no-plenario-da-alepe\/#primaryimage"},"image":{"@id":"https:\/\/zulenealves.com.br\/index.php\/2026\/08\/31\/lei-de-diretrizes-orcamentarias-ldo-2027-sera-votada-nesta-segunda-31-no-plenario-da-alepe\/#primaryimage"},"thumbnailUrl":"https:\/\/zulenealves.com.br\/wp-content\/uploads\/2026\/08\/147.jpeg","datePublished":"2026-08-31T08:28:19+00:00","dateModified":"2026-08-31T08:29:00+00:00","author":{"@id":"https:\/\/zulenealves.com.br\/#\/schema\/person\/211b267042952b9d9062603ea5230577"},"breadcrumb":{"@id":"https:\/\/zulenealves.com.br\/index.php\/2026\/08\/31\/lei-de-diretrizes-orcamentarias-ldo-2027-sera-votada-nesta-segunda-31-no-plenario-da-alepe\/#breadcrumb"},"inLanguage":"pt-BR","potentialAction":[{"@type":"ReadAction","target":["https:\/\/zulenealves.com.br\/index.php\/2026\/08\/31\/lei-de-diretrizes-orcamentarias-ldo-2027-sera-votada-nesta-segunda-31-no-plenario-da-alepe\/"]}]},{"@type":"ImageObject","inLanguage":"pt-BR","@id":"https:\/\/zulenealves.com.br\/index.php\/2026\/08\/31\/lei-de-diretrizes-orcamentarias-ldo-2027-sera-votada-nesta-segunda-31-no-plenario-da-alepe\/#primaryimage","url":"https:\/\/zulenealves.com.br\/wp-content\/uploads\/2026\/08\/147.jpeg","contentUrl":"https:\/\/zulenealves.com.br\/wp-content\/uploads\/2026\/08\/147.jpeg","width":1100,"height":737},{"@type":"BreadcrumbList","@id":"https:\/\/zulenealves.com.br\/index.php\/2026\/08\/31\/lei-de-diretrizes-orcamentarias-ldo-2027-sera-votada-nesta-segunda-31-no-plenario-da-alepe\/#breadcrumb","itemListElement":[{"@type":"ListItem","position":1,"name":"In\u00edcio","item":"https:\/\/zulenealves.com.br\/"},{"@type":"ListItem","position":2,"name":"Lei de Diretrizes Or\u00e7ament\u00e1rias (LDO) 2027 ser\u00e1 votada nesta segunda (31), no plen\u00e1rio da Alepe"}]},{"@type":"WebSite","@id":"https:\/\/zulenealves.com.br\/#website","url":"https:\/\/zulenealves.com.br\/","name":"Blog Zulene Alves","description":"","potentialAction":[{"@type":"SearchAction","target":{"@type":"EntryPoint","urlTemplate":"https:\/\/zulenealves.com.br\/?s={search_term_string}"},"query-input":{"@type":"PropertyValueSpecification","valueRequired":true,"valueName":"search_term_string"}}],"inLanguage":"pt-BR"},{"@type":"Person","@id":"https:\/\/zulenealves.com.br\/#\/schema\/person\/211b267042952b9d9062603ea5230577","name":"Zulene Alves","image":{"@type":"ImageObject","inLanguage":"pt-BR","@id":"https:\/\/secure.gravatar.com\/avatar\/6256ae245147d58c317918f3a20dbf75c244838a7b265be12b0edacdedc94737?s=96&d=mm&r=g","url":"https:\/\/secure.gravatar.com\/avatar\/6256ae245147d58c317918f3a20dbf75c244838a7b265be12b0edacdedc94737?s=96&d=mm&r=g","contentUrl":"https:\/\/secure.gravatar.com\/avatar\/6256ae245147d58c317918f3a20dbf75c244838a7b265be12b0edacdedc94737?s=96&d=mm&r=g","caption":"Zulene Alves"},"sameAs":["https:\/\/zulenealves.com.br\/"],"url":"https:\/\/zulenealves.com.br\/index.php\/author\/zulene\/"}]}},"_links":{"self":[{"href":"https:\/\/zulenealves.com.br\/index.php\/wp-json\/wp\/v2\/posts\/51454","targetHints":{"allow":["GET"]}}],"collection":[{"href":"https:\/\/zulenealves.com.br\/index.php\/wp-json\/wp\/v2\/posts"}],"about":[{"href":"https:\/\/zulenealves.com.br\/index.php\/wp-json\/wp\/v2\/types\/post"}],"author":[{"embeddable":true,"href":"https:\/\/zulenealves.com.br\/index.php\/wp-json\/wp\/v2\/users\/2"}],"replies":[{"embeddable":true,"href":"https:\/\/zulenealves.com.br\/index.php\/wp-json\/wp\/v2\/comments?post=51454"}],"version-history":[{"count":2,"href":"https:\/\/zulenealves.com.br\/index.php\/wp-json\/wp\/v2\/posts\/51454\/revisions"}],"predecessor-version":[{"id":51457,"href":"https:\/\/zulenealves.com.br\/index.php\/wp-json\/wp\/v2\/posts\/51454\/revisions\/51457"}],"wp:featuredmedia":[{"embeddable":true,"href":"https:\/\/zulenealves.com.br\/index.php\/wp-json\/wp\/v2\/media\/51455"}],"wp:attachment":[{"href":"https:\/\/zulenealves.com.br\/index.php\/wp-json\/wp\/v2\/media?parent=51454"}],"wp:term":[{"taxonomy":"category","embeddable":true,"href":"https:\/\/zulenealves.com.br\/index.php\/wp-json\/wp\/v2\/categories?post=51454"},{"taxonomy":"post_tag","embeddable":true,"href":"https:\/\/zulenealves.com.br\/index.php\/wp-json\/wp\/v2\/tags?post=51454"}],"curies":[{"name":"wp","href":"https:\/\/api.w.org\/{rel}","templated":true}]}}