{"id":51473,"date":"2026-08-31T10:47:19","date_gmt":"2026-08-31T13:47:19","guid":{"rendered":"https:\/\/zulenealves.com.br\/?p=51473"},"modified":"2026-08-31T10:56:12","modified_gmt":"2026-08-31T13:56:12","slug":"agressoes-a-raquel-lyra-abalam-primeiro-final-de-semana-da-propaganda-eleitoral","status":"publish","type":"post","link":"https:\/\/zulenealves.com.br\/index.php\/2026\/08\/31\/agressoes-a-raquel-lyra-abalam-primeiro-final-de-semana-da-propaganda-eleitoral\/","title":{"rendered":"Agress\u00f5es a Raquel Lyra abalam primeiro final de semana da propaganda eleitoral"},"content":{"rendered":"<figure style=\"width: 494px\" class=\"wp-caption aligncenter\"><img fetchpriority=\"high\" decoding=\"async\" class=\"\" src=\"https:\/\/imagens.ne10.uol.com.br\/veiculos\/_midias\/jpg\/2026\/08\/20\/jj_17-37009757.jpg?ims=800x533\" alt=\"\" width=\"504\" height=\"336\" \/><figcaption class=\"wp-caption-text\">JAILTON JR.\/JC IMAGEM<strong style=\"font-size: 16px;\">Por<\/strong><\/figcaption><\/figure>\n<p><strong style=\"font-size: 16px;\">Por<\/strong><span style=\"font-size: 16px;\">\u00a0<\/span><strong style=\"font-size: 16px;\">TEREZINHA NUNES<\/strong><\/p>\n<p style=\"text-align: justify;\">A campanha eleitoral \u00e9 feita em fases que seguem a cartilha definida pela justi\u00e7a eleitoral. Na campanha deste ano a 1\u00aa delas terminou dia 4 de abril quando encerrou a janela partid\u00e1ria que permitia mudan\u00e7as de partido dos atuais deputados, decididos a disputar a elei\u00e7\u00e3o. A 2a encerrou no dia 5 de agosto com o fim das conven\u00e7\u00f5es que definiram as chapas concorrentes ao pleito, a 3\u00aa teve in\u00edcio na \u00faltima sexta-feira, 28 de agosto, com a chegada da campanha no r\u00e1dio e TV. Esta fase \u00e9 marcada, normalmente, pelas propostas dos candidatos levadas a todo o estado atrav\u00e9s das emissoras acessadas em cada recanto de Pernambuco.<\/p>\n<p>Este ano, no entanto, os candidatos nem tiveram tempo de fazer propostas e o panorama foi abalado este domingo por um ato de agress\u00e3o sem precedentes \u00e0 governadora Raquel Lyra que fugiu da pol\u00edtica para um ataque \u00e0 honra da candidata e provocou a maior onda de indigna\u00e7\u00e3o e solidariedade observada no estado nas \u00faltimas d\u00e9cadas. Pol\u00edticos de direita, esquerda e centro fizeram quest\u00e3o de inundar as redes sociais de pronunciamentos condenando os cartazes afixados nas ruas da capital, explorando uma trag\u00e9dia familiar vivida por Raquel Lyra e at\u00e9 hoje n\u00e3o superada quando ela perdeu o esposo Fernando, v\u00edtima de ataque card\u00edaco fulminante, no dia do 1.\u00ba turno da elei\u00e7\u00e3o de 2022 da qual sairia vencedora superando, no 2\u00ba turno, sua concorrente, Mar\u00edlia Arraes.<\/p>\n<p>Foram \u00e0s redes sociais em solidariedade \u00e0 governadora, entre outros, o candidato a governador pelo PSOL\/Rede, Ivan Moraes, o senador Humberto Costa, que chamou os ataques de \u201cvis e desumanos\u201d, os candidatos ao Senado Eduardo da Fonte, Mendon\u00e7a Filho e T\u00falio Gadelha, prefeitos, deputados e at\u00e9 vereadores de todas as regi\u00f5es pernambucanas. O principal advers\u00e1rio da governadora, o ex-prefeito Jo\u00e3o Campos, fez um v\u00eddeo ap\u00f3s a Frente Popular repudiar, em nota, a agress\u00e3o considerando \u201cum absurdo\u201d os cartazes e seu conte\u00fado, disse que perdeu o pai em campanha e a governadora perdeu e esposo e que n\u00e3o admite que isso seja explorado na pol\u00edtica. Amea\u00e7ou de processo quem o acusar de responsabilidade sobre o fato e anunciou que vai solicitar \u00e0 Justi\u00e7a Eleitoral a investiga\u00e7\u00e3o sobre os autores e sua responsabiliza\u00e7\u00e3o perante a lei.<\/p>\n<p style=\"text-align: justify;\"><strong>Pista em 2022<\/strong><\/p>\n<p class=\"texto\" style=\"text-align: justify;\">O administrador e empres\u00e1rio Fernando Holanda divulgou em seu instagram este domingo uma foto que fez de um cartaz contra Raquel afixado no Recife na elei\u00e7\u00e3o de 2022, muito parecido com os atuais (reprodu\u00e7\u00e3o acima). Na \u00e9poca em que muito se falava no voto Luquel \u2013 em Lula e Raquel \u2013 ela aparecia no centro do cartaz cercada de acusa\u00e7\u00f5es que claramente buscavam atingir os evang\u00e9licos. Era acusada de ligada ao Candombl\u00e9, de ter sido a primeira prefeita a fechar igrejas na pandemia e que o coordenador de sua campanha defendia a legaliza\u00e7\u00e3o da maconha, entre outras acusa\u00e7\u00f5es de igual teor.<\/p>\n<div class=\"gsp_post_data\" \r\n\t            data-post_type=\"post\" \r\n\t            data-cat=\"sem-categoria\" \r\n\t            data-modified=\"120\"\r\n\t            data-created=\"1788173239\"\r\n\t            data-title=\"Agress\u00f5es a Raquel Lyra abalam primeiro final de semana da propaganda eleitoral\" \r\n\t            data-home=\"https:\/\/zulenealves.com.br\"><\/div>","protected":false},"excerpt":{"rendered":"<p>Por\u00a0TEREZINHA NUNES A campanha eleitoral \u00e9 feita em fases que seguem a cartilha definida pela justi\u00e7a eleitoral. Na campanha deste ano a 1\u00aa delas terminou dia 4 de abril quando encerrou a janela partid\u00e1ria que permitia mudan\u00e7as de partido dos atuais deputados, decididos a disputar a elei\u00e7\u00e3o. A 2a encerrou no dia 5 de agosto &#8230; <\/p>\n<p class=\"read-more-container\"><a title=\"Agress\u00f5es a Raquel Lyra abalam primeiro final de semana da propaganda eleitoral\" class=\"read-more button\" href=\"https:\/\/zulenealves.com.br\/index.php\/2026\/08\/31\/agressoes-a-raquel-lyra-abalam-primeiro-final-de-semana-da-propaganda-eleitoral\/#more-51473\" aria-label=\"More on Agress\u00f5es a Raquel Lyra abalam primeiro final de semana da propaganda eleitoral\">Leia mais<\/a><\/p>\n","protected":false},"author":2,"featured_media":0,"comment_status":"closed","ping_status":"closed","sticky":false,"template":"","format":"standard","meta":{"footnotes":""},"categories":[1],"tags":[],"class_list":["post-51473","post","type-post","status-publish","format-standard","hentry","category-sem-categoria"],"yoast_head":"<!-- This site is optimized with the Yoast SEO plugin v28.4 - https:\/\/yoast.com\/product\/yoast-seo-wordpress\/ -->\n<title>Agress\u00f5es a Raquel Lyra abalam primeiro final de semana da propaganda eleitoral - Blog Zulene Alves<\/title>\n<meta name=\"robots\" content=\"index, follow, max-snippet:-1, max-image-preview:large, max-video-preview:-1\" \/>\n<link rel=\"canonical\" href=\"https:\/\/zulenealves.com.br\/index.php\/2026\/08\/31\/agressoes-a-raquel-lyra-abalam-primeiro-final-de-semana-da-propaganda-eleitoral\/\" \/>\n<meta property=\"og:locale\" content=\"pt_BR\" \/>\n<meta property=\"og:type\" content=\"article\" \/>\n<meta property=\"og:title\" content=\"Agress\u00f5es a Raquel Lyra abalam primeiro final de semana da propaganda eleitoral - Blog Zulene Alves\" \/>\n<meta property=\"og:description\" content=\"Por\u00a0TEREZINHA NUNES A campanha eleitoral \u00e9 feita em fases que seguem a cartilha definida pela justi\u00e7a eleitoral. Na campanha deste ano a 1\u00aa delas terminou dia 4 de abril quando encerrou a janela partid\u00e1ria que permitia mudan\u00e7as de partido dos atuais deputados, decididos a disputar a elei\u00e7\u00e3o. A 2a encerrou no dia 5 de agosto ... Leia mais\" \/>\n<meta property=\"og:url\" content=\"https:\/\/zulenealves.com.br\/index.php\/2026\/08\/31\/agressoes-a-raquel-lyra-abalam-primeiro-final-de-semana-da-propaganda-eleitoral\/\" \/>\n<meta property=\"og:site_name\" content=\"Blog Zulene Alves\" \/>\n<meta property=\"article:published_time\" content=\"2026-08-31T13:47:19+00:00\" \/>\n<meta property=\"article:modified_time\" content=\"2026-08-31T13:56:12+00:00\" \/>\n<meta property=\"og:image\" content=\"https:\/\/imagens.ne10.uol.com.br\/veiculos\/_midias\/jpg\/2026\/08\/20\/jj_17-37009757.jpg?ims=800x533\" \/>\n<meta name=\"author\" content=\"Zulene Alves\" \/>\n<meta name=\"twitter:card\" content=\"summary_large_image\" \/>\n<meta name=\"twitter:label1\" content=\"Escrito por\" \/>\n\t<meta name=\"twitter:data1\" content=\"Zulene Alves\" \/>\n\t<meta name=\"twitter:label2\" content=\"Est. tempo de leitura\" \/>\n\t<meta name=\"twitter:data2\" content=\"3 minutos\" \/>\n<script type=\"application\/ld+json\" class=\"yoast-schema-graph\">{\"@context\":\"https:\\\/\\\/schema.org\",\"@graph\":[{\"@type\":\"Article\",\"@id\":\"https:\\\/\\\/zulenealves.com.br\\\/index.php\\\/2026\\\/08\\\/31\\\/agressoes-a-raquel-lyra-abalam-primeiro-final-de-semana-da-propaganda-eleitoral\\\/#article\",\"isPartOf\":{\"@id\":\"https:\\\/\\\/zulenealves.com.br\\\/index.php\\\/2026\\\/08\\\/31\\\/agressoes-a-raquel-lyra-abalam-primeiro-final-de-semana-da-propaganda-eleitoral\\\/\"},\"author\":{\"name\":\"Zulene Alves\",\"@id\":\"https:\\\/\\\/zulenealves.com.br\\\/#\\\/schema\\\/person\\\/211b267042952b9d9062603ea5230577\"},\"headline\":\"Agress\u00f5es a Raquel Lyra abalam primeiro final de semana da propaganda eleitoral\",\"datePublished\":\"2026-08-31T13:47:19+00:00\",\"dateModified\":\"2026-08-31T13:56:12+00:00\",\"mainEntityOfPage\":{\"@id\":\"https:\\\/\\\/zulenealves.com.br\\\/index.php\\\/2026\\\/08\\\/31\\\/agressoes-a-raquel-lyra-abalam-primeiro-final-de-semana-da-propaganda-eleitoral\\\/\"},\"wordCount\":520,\"image\":{\"@id\":\"https:\\\/\\\/zulenealves.com.br\\\/index.php\\\/2026\\\/08\\\/31\\\/agressoes-a-raquel-lyra-abalam-primeiro-final-de-semana-da-propaganda-eleitoral\\\/#primaryimage\"},\"thumbnailUrl\":\"https:\\\/\\\/imagens.ne10.uol.com.br\\\/veiculos\\\/_midias\\\/jpg\\\/2026\\\/08\\\/20\\\/jj_17-37009757.jpg?ims=800x533\",\"inLanguage\":\"pt-BR\"},{\"@type\":\"WebPage\",\"@id\":\"https:\\\/\\\/zulenealves.com.br\\\/index.php\\\/2026\\\/08\\\/31\\\/agressoes-a-raquel-lyra-abalam-primeiro-final-de-semana-da-propaganda-eleitoral\\\/\",\"url\":\"https:\\\/\\\/zulenealves.com.br\\\/index.php\\\/2026\\\/08\\\/31\\\/agressoes-a-raquel-lyra-abalam-primeiro-final-de-semana-da-propaganda-eleitoral\\\/\",\"name\":\"Agress\u00f5es a Raquel Lyra abalam primeiro final de semana da propaganda eleitoral - Blog Zulene Alves\",\"isPartOf\":{\"@id\":\"https:\\\/\\\/zulenealves.com.br\\\/#website\"},\"primaryImageOfPage\":{\"@id\":\"https:\\\/\\\/zulenealves.com.br\\\/index.php\\\/2026\\\/08\\\/31\\\/agressoes-a-raquel-lyra-abalam-primeiro-final-de-semana-da-propaganda-eleitoral\\\/#primaryimage\"},\"image\":{\"@id\":\"https:\\\/\\\/zulenealves.com.br\\\/index.php\\\/2026\\\/08\\\/31\\\/agressoes-a-raquel-lyra-abalam-primeiro-final-de-semana-da-propaganda-eleitoral\\\/#primaryimage\"},\"thumbnailUrl\":\"https:\\\/\\\/imagens.ne10.uol.com.br\\\/veiculos\\\/_midias\\\/jpg\\\/2026\\\/08\\\/20\\\/jj_17-37009757.jpg?ims=800x533\",\"datePublished\":\"2026-08-31T13:47:19+00:00\",\"dateModified\":\"2026-08-31T13:56:12+00:00\",\"author\":{\"@id\":\"https:\\\/\\\/zulenealves.com.br\\\/#\\\/schema\\\/person\\\/211b267042952b9d9062603ea5230577\"},\"breadcrumb\":{\"@id\":\"https:\\\/\\\/zulenealves.com.br\\\/index.php\\\/2026\\\/08\\\/31\\\/agressoes-a-raquel-lyra-abalam-primeiro-final-de-semana-da-propaganda-eleitoral\\\/#breadcrumb\"},\"inLanguage\":\"pt-BR\",\"potentialAction\":[{\"@type\":\"ReadAction\",\"target\":[\"https:\\\/\\\/zulenealves.com.br\\\/index.php\\\/2026\\\/08\\\/31\\\/agressoes-a-raquel-lyra-abalam-primeiro-final-de-semana-da-propaganda-eleitoral\\\/\"]}]},{\"@type\":\"ImageObject\",\"inLanguage\":\"pt-BR\",\"@id\":\"https:\\\/\\\/zulenealves.com.br\\\/index.php\\\/2026\\\/08\\\/31\\\/agressoes-a-raquel-lyra-abalam-primeiro-final-de-semana-da-propaganda-eleitoral\\\/#primaryimage\",\"url\":\"https:\\\/\\\/imagens.ne10.uol.com.br\\\/veiculos\\\/_midias\\\/jpg\\\/2026\\\/08\\\/20\\\/jj_17-37009757.jpg?ims=800x533\",\"contentUrl\":\"https:\\\/\\\/imagens.ne10.uol.com.br\\\/veiculos\\\/_midias\\\/jpg\\\/2026\\\/08\\\/20\\\/jj_17-37009757.jpg?ims=800x533\"},{\"@type\":\"BreadcrumbList\",\"@id\":\"https:\\\/\\\/zulenealves.com.br\\\/index.php\\\/2026\\\/08\\\/31\\\/agressoes-a-raquel-lyra-abalam-primeiro-final-de-semana-da-propaganda-eleitoral\\\/#breadcrumb\",\"itemListElement\":[{\"@type\":\"ListItem\",\"position\":1,\"name\":\"In\u00edcio\",\"item\":\"https:\\\/\\\/zulenealves.com.br\\\/\"},{\"@type\":\"ListItem\",\"position\":2,\"name\":\"Agress\u00f5es a Raquel Lyra abalam primeiro final de semana da propaganda eleitoral\"}]},{\"@type\":\"WebSite\",\"@id\":\"https:\\\/\\\/zulenealves.com.br\\\/#website\",\"url\":\"https:\\\/\\\/zulenealves.com.br\\\/\",\"name\":\"Blog Zulene Alves\",\"description\":\"\",\"potentialAction\":[{\"@type\":\"SearchAction\",\"target\":{\"@type\":\"EntryPoint\",\"urlTemplate\":\"https:\\\/\\\/zulenealves.com.br\\\/?s={search_term_string}\"},\"query-input\":{\"@type\":\"PropertyValueSpecification\",\"valueRequired\":true,\"valueName\":\"search_term_string\"}}],\"inLanguage\":\"pt-BR\"},{\"@type\":\"Person\",\"@id\":\"https:\\\/\\\/zulenealves.com.br\\\/#\\\/schema\\\/person\\\/211b267042952b9d9062603ea5230577\",\"name\":\"Zulene Alves\",\"image\":{\"@type\":\"ImageObject\",\"inLanguage\":\"pt-BR\",\"@id\":\"https:\\\/\\\/secure.gravatar.com\\\/avatar\\\/6256ae245147d58c317918f3a20dbf75c244838a7b265be12b0edacdedc94737?s=96&d=mm&r=g\",\"url\":\"https:\\\/\\\/secure.gravatar.com\\\/avatar\\\/6256ae245147d58c317918f3a20dbf75c244838a7b265be12b0edacdedc94737?s=96&d=mm&r=g\",\"contentUrl\":\"https:\\\/\\\/secure.gravatar.com\\\/avatar\\\/6256ae245147d58c317918f3a20dbf75c244838a7b265be12b0edacdedc94737?s=96&d=mm&r=g\",\"caption\":\"Zulene Alves\"},\"sameAs\":[\"https:\\\/\\\/zulenealves.com.br\\\/\"],\"url\":\"https:\\\/\\\/zulenealves.com.br\\\/index.php\\\/author\\\/zulene\\\/\"}]}<\/script>\n<!-- \/ Yoast SEO plugin. -->","yoast_head_json":{"title":"Agress\u00f5es a Raquel Lyra abalam primeiro final de semana da propaganda eleitoral - Blog Zulene Alves","robots":{"index":"index","follow":"follow","max-snippet":"max-snippet:-1","max-image-preview":"max-image-preview:large","max-video-preview":"max-video-preview:-1"},"canonical":"https:\/\/zulenealves.com.br\/index.php\/2026\/08\/31\/agressoes-a-raquel-lyra-abalam-primeiro-final-de-semana-da-propaganda-eleitoral\/","og_locale":"pt_BR","og_type":"article","og_title":"Agress\u00f5es a Raquel Lyra abalam primeiro final de semana da propaganda eleitoral - Blog Zulene Alves","og_description":"Por\u00a0TEREZINHA NUNES A campanha eleitoral \u00e9 feita em fases que seguem a cartilha definida pela justi\u00e7a eleitoral. Na campanha deste ano a 1\u00aa delas terminou dia 4 de abril quando encerrou a janela partid\u00e1ria que permitia mudan\u00e7as de partido dos atuais deputados, decididos a disputar a elei\u00e7\u00e3o. A 2a encerrou no dia 5 de agosto ... Leia mais","og_url":"https:\/\/zulenealves.com.br\/index.php\/2026\/08\/31\/agressoes-a-raquel-lyra-abalam-primeiro-final-de-semana-da-propaganda-eleitoral\/","og_site_name":"Blog Zulene Alves","article_published_time":"2026-08-31T13:47:19+00:00","article_modified_time":"2026-08-31T13:56:12+00:00","og_image":[{"url":"https:\/\/imagens.ne10.uol.com.br\/veiculos\/_midias\/jpg\/2026\/08\/20\/jj_17-37009757.jpg?ims=800x533","type":"","width":"","height":""}],"author":"Zulene Alves","twitter_card":"summary_large_image","twitter_misc":{"Escrito por":"Zulene Alves","Est. tempo de leitura":"3 minutos"},"schema":{"@context":"https:\/\/schema.org","@graph":[{"@type":"Article","@id":"https:\/\/zulenealves.com.br\/index.php\/2026\/08\/31\/agressoes-a-raquel-lyra-abalam-primeiro-final-de-semana-da-propaganda-eleitoral\/#article","isPartOf":{"@id":"https:\/\/zulenealves.com.br\/index.php\/2026\/08\/31\/agressoes-a-raquel-lyra-abalam-primeiro-final-de-semana-da-propaganda-eleitoral\/"},"author":{"name":"Zulene Alves","@id":"https:\/\/zulenealves.com.br\/#\/schema\/person\/211b267042952b9d9062603ea5230577"},"headline":"Agress\u00f5es a Raquel Lyra abalam primeiro final de semana da propaganda eleitoral","datePublished":"2026-08-31T13:47:19+00:00","dateModified":"2026-08-31T13:56:12+00:00","mainEntityOfPage":{"@id":"https:\/\/zulenealves.com.br\/index.php\/2026\/08\/31\/agressoes-a-raquel-lyra-abalam-primeiro-final-de-semana-da-propaganda-eleitoral\/"},"wordCount":520,"image":{"@id":"https:\/\/zulenealves.com.br\/index.php\/2026\/08\/31\/agressoes-a-raquel-lyra-abalam-primeiro-final-de-semana-da-propaganda-eleitoral\/#primaryimage"},"thumbnailUrl":"https:\/\/imagens.ne10.uol.com.br\/veiculos\/_midias\/jpg\/2026\/08\/20\/jj_17-37009757.jpg?ims=800x533","inLanguage":"pt-BR"},{"@type":"WebPage","@id":"https:\/\/zulenealves.com.br\/index.php\/2026\/08\/31\/agressoes-a-raquel-lyra-abalam-primeiro-final-de-semana-da-propaganda-eleitoral\/","url":"https:\/\/zulenealves.com.br\/index.php\/2026\/08\/31\/agressoes-a-raquel-lyra-abalam-primeiro-final-de-semana-da-propaganda-eleitoral\/","name":"Agress\u00f5es a Raquel Lyra abalam primeiro final de semana da propaganda eleitoral - Blog Zulene Alves","isPartOf":{"@id":"https:\/\/zulenealves.com.br\/#website"},"primaryImageOfPage":{"@id":"https:\/\/zulenealves.com.br\/index.php\/2026\/08\/31\/agressoes-a-raquel-lyra-abalam-primeiro-final-de-semana-da-propaganda-eleitoral\/#primaryimage"},"image":{"@id":"https:\/\/zulenealves.com.br\/index.php\/2026\/08\/31\/agressoes-a-raquel-lyra-abalam-primeiro-final-de-semana-da-propaganda-eleitoral\/#primaryimage"},"thumbnailUrl":"https:\/\/imagens.ne10.uol.com.br\/veiculos\/_midias\/jpg\/2026\/08\/20\/jj_17-37009757.jpg?ims=800x533","datePublished":"2026-08-31T13:47:19+00:00","dateModified":"2026-08-31T13:56:12+00:00","author":{"@id":"https:\/\/zulenealves.com.br\/#\/schema\/person\/211b267042952b9d9062603ea5230577"},"breadcrumb":{"@id":"https:\/\/zulenealves.com.br\/index.php\/2026\/08\/31\/agressoes-a-raquel-lyra-abalam-primeiro-final-de-semana-da-propaganda-eleitoral\/#breadcrumb"},"inLanguage":"pt-BR","potentialAction":[{"@type":"ReadAction","target":["https:\/\/zulenealves.com.br\/index.php\/2026\/08\/31\/agressoes-a-raquel-lyra-abalam-primeiro-final-de-semana-da-propaganda-eleitoral\/"]}]},{"@type":"ImageObject","inLanguage":"pt-BR","@id":"https:\/\/zulenealves.com.br\/index.php\/2026\/08\/31\/agressoes-a-raquel-lyra-abalam-primeiro-final-de-semana-da-propaganda-eleitoral\/#primaryimage","url":"https:\/\/imagens.ne10.uol.com.br\/veiculos\/_midias\/jpg\/2026\/08\/20\/jj_17-37009757.jpg?ims=800x533","contentUrl":"https:\/\/imagens.ne10.uol.com.br\/veiculos\/_midias\/jpg\/2026\/08\/20\/jj_17-37009757.jpg?ims=800x533"},{"@type":"BreadcrumbList","@id":"https:\/\/zulenealves.com.br\/index.php\/2026\/08\/31\/agressoes-a-raquel-lyra-abalam-primeiro-final-de-semana-da-propaganda-eleitoral\/#breadcrumb","itemListElement":[{"@type":"ListItem","position":1,"name":"In\u00edcio","item":"https:\/\/zulenealves.com.br\/"},{"@type":"ListItem","position":2,"name":"Agress\u00f5es a Raquel Lyra abalam primeiro final de semana da propaganda eleitoral"}]},{"@type":"WebSite","@id":"https:\/\/zulenealves.com.br\/#website","url":"https:\/\/zulenealves.com.br\/","name":"Blog Zulene Alves","description":"","potentialAction":[{"@type":"SearchAction","target":{"@type":"EntryPoint","urlTemplate":"https:\/\/zulenealves.com.br\/?s={search_term_string}"},"query-input":{"@type":"PropertyValueSpecification","valueRequired":true,"valueName":"search_term_string"}}],"inLanguage":"pt-BR"},{"@type":"Person","@id":"https:\/\/zulenealves.com.br\/#\/schema\/person\/211b267042952b9d9062603ea5230577","name":"Zulene Alves","image":{"@type":"ImageObject","inLanguage":"pt-BR","@id":"https:\/\/secure.gravatar.com\/avatar\/6256ae245147d58c317918f3a20dbf75c244838a7b265be12b0edacdedc94737?s=96&d=mm&r=g","url":"https:\/\/secure.gravatar.com\/avatar\/6256ae245147d58c317918f3a20dbf75c244838a7b265be12b0edacdedc94737?s=96&d=mm&r=g","contentUrl":"https:\/\/secure.gravatar.com\/avatar\/6256ae245147d58c317918f3a20dbf75c244838a7b265be12b0edacdedc94737?s=96&d=mm&r=g","caption":"Zulene Alves"},"sameAs":["https:\/\/zulenealves.com.br\/"],"url":"https:\/\/zulenealves.com.br\/index.php\/author\/zulene\/"}]}},"_links":{"self":[{"href":"https:\/\/zulenealves.com.br\/index.php\/wp-json\/wp\/v2\/posts\/51473","targetHints":{"allow":["GET"]}}],"collection":[{"href":"https:\/\/zulenealves.com.br\/index.php\/wp-json\/wp\/v2\/posts"}],"about":[{"href":"https:\/\/zulenealves.com.br\/index.php\/wp-json\/wp\/v2\/types\/post"}],"author":[{"embeddable":true,"href":"https:\/\/zulenealves.com.br\/index.php\/wp-json\/wp\/v2\/users\/2"}],"replies":[{"embeddable":true,"href":"https:\/\/zulenealves.com.br\/index.php\/wp-json\/wp\/v2\/comments?post=51473"}],"version-history":[{"count":3,"href":"https:\/\/zulenealves.com.br\/index.php\/wp-json\/wp\/v2\/posts\/51473\/revisions"}],"predecessor-version":[{"id":51476,"href":"https:\/\/zulenealves.com.br\/index.php\/wp-json\/wp\/v2\/posts\/51473\/revisions\/51476"}],"wp:attachment":[{"href":"https:\/\/zulenealves.com.br\/index.php\/wp-json\/wp\/v2\/media?parent=51473"}],"wp:term":[{"taxonomy":"category","embeddable":true,"href":"https:\/\/zulenealves.com.br\/index.php\/wp-json\/wp\/v2\/categories?post=51473"},{"taxonomy":"post_tag","embeddable":true,"href":"https:\/\/zulenealves.com.br\/index.php\/wp-json\/wp\/v2\/tags?post=51473"}],"curies":[{"name":"wp","href":"https:\/\/api.w.org\/{rel}","templated":true}]}}