{"id":51477,"date":"2026-08-31T12:32:48","date_gmt":"2026-08-31T15:32:48","guid":{"rendered":"https:\/\/zulenealves.com.br\/?p=51477"},"modified":"2026-08-31T12:32:48","modified_gmt":"2026-08-31T15:32:48","slug":"de-exemplo-local-a-referencia-estadual-sao-jose-do-egito-recebe-sebrae-e-agentes-de-pernambuco-para-conhecer-modelo-de-empreendedorismo-rural","status":"publish","type":"post","link":"https:\/\/zulenealves.com.br\/index.php\/2026\/08\/31\/de-exemplo-local-a-referencia-estadual-sao-jose-do-egito-recebe-sebrae-e-agentes-de-pernambuco-para-conhecer-modelo-de-empreendedorismo-rural\/","title":{"rendered":"De exemplo local a refer\u00eancia estadual: S\u00e3o Jos\u00e9 do Egito recebe Sebrae e agentes de Pernambuco para conhecer modelo de empreendedorismo rural"},"content":{"rendered":"<p><img fetchpriority=\"high\" decoding=\"async\" class=\"wp-image-51478 aligncenter\" src=\"https:\/\/zulenealves.com.br\/wp-content\/uploads\/2026\/08\/WhatsApp-Image-2026-08-31-at-12.00.39.jpeg\" alt=\"\" width=\"577\" height=\"385\" srcset=\"https:\/\/zulenealves.com.br\/wp-content\/uploads\/2026\/08\/WhatsApp-Image-2026-08-31-at-12.00.39.jpeg 1600w, https:\/\/zulenealves.com.br\/wp-content\/uploads\/2026\/08\/WhatsApp-Image-2026-08-31-at-12.00.39-300x200.jpeg 300w, https:\/\/zulenealves.com.br\/wp-content\/uploads\/2026\/08\/WhatsApp-Image-2026-08-31-at-12.00.39-1024x684.jpeg 1024w, https:\/\/zulenealves.com.br\/wp-content\/uploads\/2026\/08\/WhatsApp-Image-2026-08-31-at-12.00.39-768x513.jpeg 768w, https:\/\/zulenealves.com.br\/wp-content\/uploads\/2026\/08\/WhatsApp-Image-2026-08-31-at-12.00.39-1536x1025.jpeg 1536w\" sizes=\"(max-width: 577px) 100vw, 577px\" \/><\/p>\n<p style=\"text-align: justify;\"><strong><em>Munic\u00edpio foi escolhido pelo Sebrae\/PE como uma das tr\u00eas refer\u00eancias do programa \u201cSalas que Transformam\u201d<\/em><\/strong><\/p>\n<p style=\"text-align: justify;\">S\u00e3o Jos\u00e9 do Egito foi destaque em Pernambuco nesta quinta-feira (27), ao receber gestores e agentes de desenvolvimento de diferentes regi\u00f5es do estado para uma visita t\u00e9cnica \u00e0 Sala do Empreendedor. Entre os participantes estavam representantes que atuam desde a Regi\u00e3o Metropolitana do Recife at\u00e9 o Sert\u00e3o do S\u00e3o Francisco, em Petrolina, refor\u00e7ando o alcance estadual da iniciativa.<\/p>\n<p style=\"text-align: justify;\">O encontro contou com a presen\u00e7a do prefeito Fredson Brito, al\u00e9m de representantes do Sebrae de diversas regi\u00f5es de Pernambuco e agentes de desenvolvimento, que vieram conhecer de perto as pr\u00e1ticas respons\u00e1veis por colocar S\u00e3o Jos\u00e9 do Egito entre as tr\u00eas refer\u00eancias estaduais do programa \u201cSalas que Transformam\u201d, ao lado de Serra Talhada e Triunfo.<\/p>\n<p style=\"text-align: justify;\">O principal destaque apresentado foi a Sala de Desenvolvimento Rural, criada para aproximar os servi\u00e7os p\u00fablicos dos agricultores familiares e facilitar o acesso \u00e0 documenta\u00e7\u00e3o, pol\u00edticas p\u00fablicas, cr\u00e9dito, capacita\u00e7\u00e3o e novos mercados.<\/p>\n<p style=\"text-align: justify;\">Entre os servi\u00e7os oferecidos est\u00e3o a emiss\u00e3o e regulariza\u00e7\u00e3o de documentos como CAF, CCIR, ITR, CAR e CNIS, al\u00e9m de orienta\u00e7\u00e3o t\u00e9cnica e a\u00e7\u00f5es voltadas ao fortalecimento de cadeias produtivas como apicultura, piscicultura, avicultura e pecu\u00e1ria.<\/p>\n<p style=\"text-align: justify;\">Os visitantes tamb\u00e9m conheceram iniciativas como a participa\u00e7\u00e3o dos produtores no PAA e PNAE, a implanta\u00e7\u00e3o do Contrata Mais Brasil \u2013 Alimentos e o trabalho de regulariza\u00e7\u00e3o de agroind\u00fastrias, desenvolvido com parceiros como SEBRAE, Sistema S e CIMPAJE\u00da.<\/p>\n<p style=\"text-align: justify;\">Para o prefeito Fredson Brito, o reconhecimento demonstra que solu\u00e7\u00f5es constru\u00eddas a partir da realidade local podem ganhar dimens\u00e3o estadual.<\/p>\n<p style=\"text-align: justify;\">\u201c\u00c9 motivo de muito orgulho receber representantes de todo o estado para conhecer um trabalho que nasceu a partir da nossa realidade. Estamos mostrando que aproximar a gest\u00e3o p\u00fablica de quem produz e empreende gera resultados e abre novas oportunidades.\u201d<\/p>\n<p style=\"text-align: justify;\">Al\u00e9m da visita t\u00e9cnica, a programa\u00e7\u00e3o incluiu momentos de integra\u00e7\u00e3o e um roteiro por pontos tur\u00edsticos e culturais do munic\u00edpio, apresentando aos participantes o potencial de S\u00e3o Jos\u00e9 do Egito tamb\u00e9m nas \u00e1reas de turismo, cultura e economia criativa.<\/p>\n<p style=\"text-align: justify;\">A escolha do munic\u00edpio pelo programa \u201cSalas que Transformam\u201d refor\u00e7a o trabalho desenvolvido pela Secretaria de Desenvolvimento Econ\u00f4mico, pela equipe da Sala do Empreendedor e seus parceiros, consolidando S\u00e3o Jos\u00e9 do Egito como um munic\u00edpio capaz de transformar experi\u00eancias locais em boas pr\u00e1ticas para todo Pernambuco.<\/p>\n<div class=\"gsp_post_data\" \r\n\t            data-post_type=\"post\" \r\n\t            data-cat=\"sao-jose-do-egito\" \r\n\t            data-modified=\"120\"\r\n\t            data-created=\"1788179568\"\r\n\t            data-title=\"De exemplo local a refer\u00eancia estadual: S\u00e3o Jos\u00e9 do Egito recebe Sebrae e agentes de Pernambuco para conhecer modelo de empreendedorismo rural\" \r\n\t            data-home=\"https:\/\/zulenealves.com.br\"><\/div>","protected":false},"excerpt":{"rendered":"<p>Munic\u00edpio foi escolhido pelo Sebrae\/PE como uma das tr\u00eas refer\u00eancias do programa \u201cSalas que Transformam\u201d S\u00e3o Jos\u00e9 do Egito foi destaque em Pernambuco nesta quinta-feira (27), ao receber gestores e agentes de desenvolvimento de diferentes regi\u00f5es do estado para uma visita t\u00e9cnica \u00e0 Sala do Empreendedor. Entre os participantes estavam representantes que atuam desde a &#8230; <\/p>\n<p class=\"read-more-container\"><a title=\"De exemplo local a refer\u00eancia estadual: S\u00e3o Jos\u00e9 do Egito recebe Sebrae e agentes de Pernambuco para conhecer modelo de empreendedorismo rural\" class=\"read-more button\" href=\"https:\/\/zulenealves.com.br\/index.php\/2026\/08\/31\/de-exemplo-local-a-referencia-estadual-sao-jose-do-egito-recebe-sebrae-e-agentes-de-pernambuco-para-conhecer-modelo-de-empreendedorismo-rural\/#more-51477\" aria-label=\"More on De exemplo local a refer\u00eancia estadual: S\u00e3o Jos\u00e9 do Egito recebe Sebrae e agentes de Pernambuco para conhecer modelo de empreendedorismo rural\">Leia mais<\/a><\/p>\n","protected":false},"author":1,"featured_media":0,"comment_status":"closed","ping_status":"closed","sticky":false,"template":"","format":"standard","meta":{"footnotes":""},"categories":[13],"tags":[],"class_list":["post-51477","post","type-post","status-publish","format-standard","hentry","category-sao-jose-do-egito"],"yoast_head":"<!-- This site is optimized with the Yoast SEO plugin v28.4 - https:\/\/yoast.com\/product\/yoast-seo-wordpress\/ -->\n<title>De exemplo local a refer\u00eancia estadual: S\u00e3o Jos\u00e9 do Egito recebe Sebrae e agentes de Pernambuco para conhecer modelo de empreendedorismo rural - Blog Zulene Alves<\/title>\n<meta name=\"robots\" content=\"index, follow, max-snippet:-1, max-image-preview:large, max-video-preview:-1\" \/>\n<link rel=\"canonical\" href=\"https:\/\/zulenealves.com.br\/index.php\/2026\/08\/31\/de-exemplo-local-a-referencia-estadual-sao-jose-do-egito-recebe-sebrae-e-agentes-de-pernambuco-para-conhecer-modelo-de-empreendedorismo-rural\/\" \/>\n<meta property=\"og:locale\" content=\"pt_BR\" \/>\n<meta property=\"og:type\" content=\"article\" \/>\n<meta property=\"og:title\" content=\"De exemplo local a refer\u00eancia estadual: S\u00e3o Jos\u00e9 do Egito recebe Sebrae e agentes de Pernambuco para conhecer modelo de empreendedorismo rural - Blog Zulene Alves\" \/>\n<meta property=\"og:description\" content=\"Munic\u00edpio foi escolhido pelo Sebrae\/PE como uma das tr\u00eas refer\u00eancias do programa \u201cSalas que Transformam\u201d S\u00e3o Jos\u00e9 do Egito foi destaque em Pernambuco nesta quinta-feira (27), ao receber gestores e agentes de desenvolvimento de diferentes regi\u00f5es do estado para uma visita t\u00e9cnica \u00e0 Sala do Empreendedor. Entre os participantes estavam representantes que atuam desde a ... Leia mais\" \/>\n<meta property=\"og:url\" content=\"https:\/\/zulenealves.com.br\/index.php\/2026\/08\/31\/de-exemplo-local-a-referencia-estadual-sao-jose-do-egito-recebe-sebrae-e-agentes-de-pernambuco-para-conhecer-modelo-de-empreendedorismo-rural\/\" \/>\n<meta property=\"og:site_name\" content=\"Blog Zulene Alves\" \/>\n<meta property=\"article:published_time\" content=\"2026-08-31T15:32:48+00:00\" \/>\n<meta property=\"og:image\" content=\"https:\/\/zulenealves.com.br\/wp-content\/uploads\/2026\/08\/WhatsApp-Image-2026-08-31-at-12.00.39.jpeg\" \/>\n\t<meta property=\"og:image:width\" content=\"1600\" \/>\n\t<meta property=\"og:image:height\" content=\"1068\" \/>\n\t<meta property=\"og:image:type\" content=\"image\/jpeg\" \/>\n<meta name=\"author\" content=\"zulenealves\" \/>\n<meta name=\"twitter:card\" content=\"summary_large_image\" \/>\n<meta name=\"twitter:label1\" content=\"Escrito por\" \/>\n\t<meta name=\"twitter:data1\" content=\"zulenealves\" \/>\n\t<meta name=\"twitter:label2\" content=\"Est. tempo de leitura\" \/>\n\t<meta name=\"twitter:data2\" content=\"3 minutos\" \/>\n<script type=\"application\/ld+json\" class=\"yoast-schema-graph\">{\"@context\":\"https:\\\/\\\/schema.org\",\"@graph\":[{\"@type\":\"Article\",\"@id\":\"https:\\\/\\\/zulenealves.com.br\\\/index.php\\\/2026\\\/08\\\/31\\\/de-exemplo-local-a-referencia-estadual-sao-jose-do-egito-recebe-sebrae-e-agentes-de-pernambuco-para-conhecer-modelo-de-empreendedorismo-rural\\\/#article\",\"isPartOf\":{\"@id\":\"https:\\\/\\\/zulenealves.com.br\\\/index.php\\\/2026\\\/08\\\/31\\\/de-exemplo-local-a-referencia-estadual-sao-jose-do-egito-recebe-sebrae-e-agentes-de-pernambuco-para-conhecer-modelo-de-empreendedorismo-rural\\\/\"},\"author\":{\"name\":\"zulenealves\",\"@id\":\"https:\\\/\\\/zulenealves.com.br\\\/#\\\/schema\\\/person\\\/4076c08f761164e658f6461c6b0316ef\"},\"headline\":\"De exemplo local a refer\u00eancia estadual: S\u00e3o Jos\u00e9 do Egito recebe Sebrae e agentes de Pernambuco para conhecer modelo de empreendedorismo rural\",\"datePublished\":\"2026-08-31T15:32:48+00:00\",\"mainEntityOfPage\":{\"@id\":\"https:\\\/\\\/zulenealves.com.br\\\/index.php\\\/2026\\\/08\\\/31\\\/de-exemplo-local-a-referencia-estadual-sao-jose-do-egito-recebe-sebrae-e-agentes-de-pernambuco-para-conhecer-modelo-de-empreendedorismo-rural\\\/\"},\"wordCount\":458,\"image\":{\"@id\":\"https:\\\/\\\/zulenealves.com.br\\\/index.php\\\/2026\\\/08\\\/31\\\/de-exemplo-local-a-referencia-estadual-sao-jose-do-egito-recebe-sebrae-e-agentes-de-pernambuco-para-conhecer-modelo-de-empreendedorismo-rural\\\/#primaryimage\"},\"thumbnailUrl\":\"https:\\\/\\\/zulenealves.com.br\\\/wp-content\\\/uploads\\\/2026\\\/08\\\/WhatsApp-Image-2026-08-31-at-12.00.39.jpeg\",\"articleSection\":[\"S\u00e3o Jos\u00e9 do Egito\"],\"inLanguage\":\"pt-BR\"},{\"@type\":\"WebPage\",\"@id\":\"https:\\\/\\\/zulenealves.com.br\\\/index.php\\\/2026\\\/08\\\/31\\\/de-exemplo-local-a-referencia-estadual-sao-jose-do-egito-recebe-sebrae-e-agentes-de-pernambuco-para-conhecer-modelo-de-empreendedorismo-rural\\\/\",\"url\":\"https:\\\/\\\/zulenealves.com.br\\\/index.php\\\/2026\\\/08\\\/31\\\/de-exemplo-local-a-referencia-estadual-sao-jose-do-egito-recebe-sebrae-e-agentes-de-pernambuco-para-conhecer-modelo-de-empreendedorismo-rural\\\/\",\"name\":\"De exemplo local a refer\u00eancia estadual: S\u00e3o Jos\u00e9 do Egito recebe Sebrae e agentes de Pernambuco para conhecer modelo de empreendedorismo rural - Blog Zulene Alves\",\"isPartOf\":{\"@id\":\"https:\\\/\\\/zulenealves.com.br\\\/#website\"},\"primaryImageOfPage\":{\"@id\":\"https:\\\/\\\/zulenealves.com.br\\\/index.php\\\/2026\\\/08\\\/31\\\/de-exemplo-local-a-referencia-estadual-sao-jose-do-egito-recebe-sebrae-e-agentes-de-pernambuco-para-conhecer-modelo-de-empreendedorismo-rural\\\/#primaryimage\"},\"image\":{\"@id\":\"https:\\\/\\\/zulenealves.com.br\\\/index.php\\\/2026\\\/08\\\/31\\\/de-exemplo-local-a-referencia-estadual-sao-jose-do-egito-recebe-sebrae-e-agentes-de-pernambuco-para-conhecer-modelo-de-empreendedorismo-rural\\\/#primaryimage\"},\"thumbnailUrl\":\"https:\\\/\\\/zulenealves.com.br\\\/wp-content\\\/uploads\\\/2026\\\/08\\\/WhatsApp-Image-2026-08-31-at-12.00.39.jpeg\",\"datePublished\":\"2026-08-31T15:32:48+00:00\",\"author\":{\"@id\":\"https:\\\/\\\/zulenealves.com.br\\\/#\\\/schema\\\/person\\\/4076c08f761164e658f6461c6b0316ef\"},\"breadcrumb\":{\"@id\":\"https:\\\/\\\/zulenealves.com.br\\\/index.php\\\/2026\\\/08\\\/31\\\/de-exemplo-local-a-referencia-estadual-sao-jose-do-egito-recebe-sebrae-e-agentes-de-pernambuco-para-conhecer-modelo-de-empreendedorismo-rural\\\/#breadcrumb\"},\"inLanguage\":\"pt-BR\",\"potentialAction\":[{\"@type\":\"ReadAction\",\"target\":[\"https:\\\/\\\/zulenealves.com.br\\\/index.php\\\/2026\\\/08\\\/31\\\/de-exemplo-local-a-referencia-estadual-sao-jose-do-egito-recebe-sebrae-e-agentes-de-pernambuco-para-conhecer-modelo-de-empreendedorismo-rural\\\/\"]}]},{\"@type\":\"ImageObject\",\"inLanguage\":\"pt-BR\",\"@id\":\"https:\\\/\\\/zulenealves.com.br\\\/index.php\\\/2026\\\/08\\\/31\\\/de-exemplo-local-a-referencia-estadual-sao-jose-do-egito-recebe-sebrae-e-agentes-de-pernambuco-para-conhecer-modelo-de-empreendedorismo-rural\\\/#primaryimage\",\"url\":\"https:\\\/\\\/zulenealves.com.br\\\/wp-content\\\/uploads\\\/2026\\\/08\\\/WhatsApp-Image-2026-08-31-at-12.00.39.jpeg\",\"contentUrl\":\"https:\\\/\\\/zulenealves.com.br\\\/wp-content\\\/uploads\\\/2026\\\/08\\\/WhatsApp-Image-2026-08-31-at-12.00.39.jpeg\",\"width\":1600,\"height\":1068},{\"@type\":\"BreadcrumbList\",\"@id\":\"https:\\\/\\\/zulenealves.com.br\\\/index.php\\\/2026\\\/08\\\/31\\\/de-exemplo-local-a-referencia-estadual-sao-jose-do-egito-recebe-sebrae-e-agentes-de-pernambuco-para-conhecer-modelo-de-empreendedorismo-rural\\\/#breadcrumb\",\"itemListElement\":[{\"@type\":\"ListItem\",\"position\":1,\"name\":\"In\u00edcio\",\"item\":\"https:\\\/\\\/zulenealves.com.br\\\/\"},{\"@type\":\"ListItem\",\"position\":2,\"name\":\"De exemplo local a refer\u00eancia estadual: S\u00e3o Jos\u00e9 do Egito recebe Sebrae e agentes de Pernambuco para conhecer modelo de empreendedorismo rural\"}]},{\"@type\":\"WebSite\",\"@id\":\"https:\\\/\\\/zulenealves.com.br\\\/#website\",\"url\":\"https:\\\/\\\/zulenealves.com.br\\\/\",\"name\":\"Blog Zulene Alves\",\"description\":\"\",\"potentialAction\":[{\"@type\":\"SearchAction\",\"target\":{\"@type\":\"EntryPoint\",\"urlTemplate\":\"https:\\\/\\\/zulenealves.com.br\\\/?s={search_term_string}\"},\"query-input\":{\"@type\":\"PropertyValueSpecification\",\"valueRequired\":true,\"valueName\":\"search_term_string\"}}],\"inLanguage\":\"pt-BR\"},{\"@type\":\"Person\",\"@id\":\"https:\\\/\\\/zulenealves.com.br\\\/#\\\/schema\\\/person\\\/4076c08f761164e658f6461c6b0316ef\",\"name\":\"zulenealves\",\"image\":{\"@type\":\"ImageObject\",\"inLanguage\":\"pt-BR\",\"@id\":\"https:\\\/\\\/secure.gravatar.com\\\/avatar\\\/0c6cfdd7fa501763e4ab9715fb2b12c342c6a1ace0a16a25d743cdfbb340b122?s=96&d=mm&r=g\",\"url\":\"https:\\\/\\\/secure.gravatar.com\\\/avatar\\\/0c6cfdd7fa501763e4ab9715fb2b12c342c6a1ace0a16a25d743cdfbb340b122?s=96&d=mm&r=g\",\"contentUrl\":\"https:\\\/\\\/secure.gravatar.com\\\/avatar\\\/0c6cfdd7fa501763e4ab9715fb2b12c342c6a1ace0a16a25d743cdfbb340b122?s=96&d=mm&r=g\",\"caption\":\"zulenealves\"},\"sameAs\":[\"https:\\\/\\\/zulenealves.com.br\"],\"url\":\"https:\\\/\\\/zulenealves.com.br\\\/index.php\\\/author\\\/zulenealves\\\/\"}]}<\/script>\n<!-- \/ Yoast SEO plugin. -->","yoast_head_json":{"title":"De exemplo local a refer\u00eancia estadual: S\u00e3o Jos\u00e9 do Egito recebe Sebrae e agentes de Pernambuco para conhecer modelo de empreendedorismo rural - Blog Zulene Alves","robots":{"index":"index","follow":"follow","max-snippet":"max-snippet:-1","max-image-preview":"max-image-preview:large","max-video-preview":"max-video-preview:-1"},"canonical":"https:\/\/zulenealves.com.br\/index.php\/2026\/08\/31\/de-exemplo-local-a-referencia-estadual-sao-jose-do-egito-recebe-sebrae-e-agentes-de-pernambuco-para-conhecer-modelo-de-empreendedorismo-rural\/","og_locale":"pt_BR","og_type":"article","og_title":"De exemplo local a refer\u00eancia estadual: S\u00e3o Jos\u00e9 do Egito recebe Sebrae e agentes de Pernambuco para conhecer modelo de empreendedorismo rural - Blog Zulene Alves","og_description":"Munic\u00edpio foi escolhido pelo Sebrae\/PE como uma das tr\u00eas refer\u00eancias do programa \u201cSalas que Transformam\u201d S\u00e3o Jos\u00e9 do Egito foi destaque em Pernambuco nesta quinta-feira (27), ao receber gestores e agentes de desenvolvimento de diferentes regi\u00f5es do estado para uma visita t\u00e9cnica \u00e0 Sala do Empreendedor. Entre os participantes estavam representantes que atuam desde a ... Leia mais","og_url":"https:\/\/zulenealves.com.br\/index.php\/2026\/08\/31\/de-exemplo-local-a-referencia-estadual-sao-jose-do-egito-recebe-sebrae-e-agentes-de-pernambuco-para-conhecer-modelo-de-empreendedorismo-rural\/","og_site_name":"Blog Zulene Alves","article_published_time":"2026-08-31T15:32:48+00:00","og_image":[{"width":1600,"height":1068,"url":"https:\/\/zulenealves.com.br\/wp-content\/uploads\/2026\/08\/WhatsApp-Image-2026-08-31-at-12.00.39.jpeg","type":"image\/jpeg"}],"author":"zulenealves","twitter_card":"summary_large_image","twitter_misc":{"Escrito por":"zulenealves","Est. tempo de leitura":"3 minutos"},"schema":{"@context":"https:\/\/schema.org","@graph":[{"@type":"Article","@id":"https:\/\/zulenealves.com.br\/index.php\/2026\/08\/31\/de-exemplo-local-a-referencia-estadual-sao-jose-do-egito-recebe-sebrae-e-agentes-de-pernambuco-para-conhecer-modelo-de-empreendedorismo-rural\/#article","isPartOf":{"@id":"https:\/\/zulenealves.com.br\/index.php\/2026\/08\/31\/de-exemplo-local-a-referencia-estadual-sao-jose-do-egito-recebe-sebrae-e-agentes-de-pernambuco-para-conhecer-modelo-de-empreendedorismo-rural\/"},"author":{"name":"zulenealves","@id":"https:\/\/zulenealves.com.br\/#\/schema\/person\/4076c08f761164e658f6461c6b0316ef"},"headline":"De exemplo local a refer\u00eancia estadual: S\u00e3o Jos\u00e9 do Egito recebe Sebrae e agentes de Pernambuco para conhecer modelo de empreendedorismo rural","datePublished":"2026-08-31T15:32:48+00:00","mainEntityOfPage":{"@id":"https:\/\/zulenealves.com.br\/index.php\/2026\/08\/31\/de-exemplo-local-a-referencia-estadual-sao-jose-do-egito-recebe-sebrae-e-agentes-de-pernambuco-para-conhecer-modelo-de-empreendedorismo-rural\/"},"wordCount":458,"image":{"@id":"https:\/\/zulenealves.com.br\/index.php\/2026\/08\/31\/de-exemplo-local-a-referencia-estadual-sao-jose-do-egito-recebe-sebrae-e-agentes-de-pernambuco-para-conhecer-modelo-de-empreendedorismo-rural\/#primaryimage"},"thumbnailUrl":"https:\/\/zulenealves.com.br\/wp-content\/uploads\/2026\/08\/WhatsApp-Image-2026-08-31-at-12.00.39.jpeg","articleSection":["S\u00e3o Jos\u00e9 do Egito"],"inLanguage":"pt-BR"},{"@type":"WebPage","@id":"https:\/\/zulenealves.com.br\/index.php\/2026\/08\/31\/de-exemplo-local-a-referencia-estadual-sao-jose-do-egito-recebe-sebrae-e-agentes-de-pernambuco-para-conhecer-modelo-de-empreendedorismo-rural\/","url":"https:\/\/zulenealves.com.br\/index.php\/2026\/08\/31\/de-exemplo-local-a-referencia-estadual-sao-jose-do-egito-recebe-sebrae-e-agentes-de-pernambuco-para-conhecer-modelo-de-empreendedorismo-rural\/","name":"De exemplo local a refer\u00eancia estadual: S\u00e3o Jos\u00e9 do Egito recebe Sebrae e agentes de Pernambuco para conhecer modelo de empreendedorismo rural - Blog Zulene Alves","isPartOf":{"@id":"https:\/\/zulenealves.com.br\/#website"},"primaryImageOfPage":{"@id":"https:\/\/zulenealves.com.br\/index.php\/2026\/08\/31\/de-exemplo-local-a-referencia-estadual-sao-jose-do-egito-recebe-sebrae-e-agentes-de-pernambuco-para-conhecer-modelo-de-empreendedorismo-rural\/#primaryimage"},"image":{"@id":"https:\/\/zulenealves.com.br\/index.php\/2026\/08\/31\/de-exemplo-local-a-referencia-estadual-sao-jose-do-egito-recebe-sebrae-e-agentes-de-pernambuco-para-conhecer-modelo-de-empreendedorismo-rural\/#primaryimage"},"thumbnailUrl":"https:\/\/zulenealves.com.br\/wp-content\/uploads\/2026\/08\/WhatsApp-Image-2026-08-31-at-12.00.39.jpeg","datePublished":"2026-08-31T15:32:48+00:00","author":{"@id":"https:\/\/zulenealves.com.br\/#\/schema\/person\/4076c08f761164e658f6461c6b0316ef"},"breadcrumb":{"@id":"https:\/\/zulenealves.com.br\/index.php\/2026\/08\/31\/de-exemplo-local-a-referencia-estadual-sao-jose-do-egito-recebe-sebrae-e-agentes-de-pernambuco-para-conhecer-modelo-de-empreendedorismo-rural\/#breadcrumb"},"inLanguage":"pt-BR","potentialAction":[{"@type":"ReadAction","target":["https:\/\/zulenealves.com.br\/index.php\/2026\/08\/31\/de-exemplo-local-a-referencia-estadual-sao-jose-do-egito-recebe-sebrae-e-agentes-de-pernambuco-para-conhecer-modelo-de-empreendedorismo-rural\/"]}]},{"@type":"ImageObject","inLanguage":"pt-BR","@id":"https:\/\/zulenealves.com.br\/index.php\/2026\/08\/31\/de-exemplo-local-a-referencia-estadual-sao-jose-do-egito-recebe-sebrae-e-agentes-de-pernambuco-para-conhecer-modelo-de-empreendedorismo-rural\/#primaryimage","url":"https:\/\/zulenealves.com.br\/wp-content\/uploads\/2026\/08\/WhatsApp-Image-2026-08-31-at-12.00.39.jpeg","contentUrl":"https:\/\/zulenealves.com.br\/wp-content\/uploads\/2026\/08\/WhatsApp-Image-2026-08-31-at-12.00.39.jpeg","width":1600,"height":1068},{"@type":"BreadcrumbList","@id":"https:\/\/zulenealves.com.br\/index.php\/2026\/08\/31\/de-exemplo-local-a-referencia-estadual-sao-jose-do-egito-recebe-sebrae-e-agentes-de-pernambuco-para-conhecer-modelo-de-empreendedorismo-rural\/#breadcrumb","itemListElement":[{"@type":"ListItem","position":1,"name":"In\u00edcio","item":"https:\/\/zulenealves.com.br\/"},{"@type":"ListItem","position":2,"name":"De exemplo local a refer\u00eancia estadual: S\u00e3o Jos\u00e9 do Egito recebe Sebrae e agentes de Pernambuco para conhecer modelo de empreendedorismo rural"}]},{"@type":"WebSite","@id":"https:\/\/zulenealves.com.br\/#website","url":"https:\/\/zulenealves.com.br\/","name":"Blog Zulene Alves","description":"","potentialAction":[{"@type":"SearchAction","target":{"@type":"EntryPoint","urlTemplate":"https:\/\/zulenealves.com.br\/?s={search_term_string}"},"query-input":{"@type":"PropertyValueSpecification","valueRequired":true,"valueName":"search_term_string"}}],"inLanguage":"pt-BR"},{"@type":"Person","@id":"https:\/\/zulenealves.com.br\/#\/schema\/person\/4076c08f761164e658f6461c6b0316ef","name":"zulenealves","image":{"@type":"ImageObject","inLanguage":"pt-BR","@id":"https:\/\/secure.gravatar.com\/avatar\/0c6cfdd7fa501763e4ab9715fb2b12c342c6a1ace0a16a25d743cdfbb340b122?s=96&d=mm&r=g","url":"https:\/\/secure.gravatar.com\/avatar\/0c6cfdd7fa501763e4ab9715fb2b12c342c6a1ace0a16a25d743cdfbb340b122?s=96&d=mm&r=g","contentUrl":"https:\/\/secure.gravatar.com\/avatar\/0c6cfdd7fa501763e4ab9715fb2b12c342c6a1ace0a16a25d743cdfbb340b122?s=96&d=mm&r=g","caption":"zulenealves"},"sameAs":["https:\/\/zulenealves.com.br"],"url":"https:\/\/zulenealves.com.br\/index.php\/author\/zulenealves\/"}]}},"_links":{"self":[{"href":"https:\/\/zulenealves.com.br\/index.php\/wp-json\/wp\/v2\/posts\/51477","targetHints":{"allow":["GET"]}}],"collection":[{"href":"https:\/\/zulenealves.com.br\/index.php\/wp-json\/wp\/v2\/posts"}],"about":[{"href":"https:\/\/zulenealves.com.br\/index.php\/wp-json\/wp\/v2\/types\/post"}],"author":[{"embeddable":true,"href":"https:\/\/zulenealves.com.br\/index.php\/wp-json\/wp\/v2\/users\/1"}],"replies":[{"embeddable":true,"href":"https:\/\/zulenealves.com.br\/index.php\/wp-json\/wp\/v2\/comments?post=51477"}],"version-history":[{"count":1,"href":"https:\/\/zulenealves.com.br\/index.php\/wp-json\/wp\/v2\/posts\/51477\/revisions"}],"predecessor-version":[{"id":51479,"href":"https:\/\/zulenealves.com.br\/index.php\/wp-json\/wp\/v2\/posts\/51477\/revisions\/51479"}],"wp:attachment":[{"href":"https:\/\/zulenealves.com.br\/index.php\/wp-json\/wp\/v2\/media?parent=51477"}],"wp:term":[{"taxonomy":"category","embeddable":true,"href":"https:\/\/zulenealves.com.br\/index.php\/wp-json\/wp\/v2\/categories?post=51477"},{"taxonomy":"post_tag","embeddable":true,"href":"https:\/\/zulenealves.com.br\/index.php\/wp-json\/wp\/v2\/tags?post=51477"}],"curies":[{"name":"wp","href":"https:\/\/api.w.org\/{rel}","templated":true}]}}