{"id":51517,"date":"2026-09-01T15:31:58","date_gmt":"2026-09-01T18:31:58","guid":{"rendered":"https:\/\/zulenealves.com.br\/?p=51517"},"modified":"2026-09-01T15:32:40","modified_gmt":"2026-09-01T18:32:40","slug":"para-dar-toque-feminino-a-sua-campanha-joao-campos-introduz-tabata-amaral-na-tv","status":"publish","type":"post","link":"https:\/\/zulenealves.com.br\/index.php\/2026\/09\/01\/para-dar-toque-feminino-a-sua-campanha-joao-campos-introduz-tabata-amaral-na-tv\/","title":{"rendered":"Para dar toque feminino \u00e0 sua campanha Jo\u00e3o Campos introduz Tabata Amaral na TV"},"content":{"rendered":"<p class=\"texto\"><strong><img fetchpriority=\"high\" decoding=\"async\" class=\"alignleft\" src=\"https:\/\/imagens.ne10.uol.com.br\/veiculos\/_midias\/png\/2026\/09\/01\/captura_de_tela_2026_09_01_065514-37037962.png?ims=800x533\" alt=\"Nas redes sociais ela publicou um v\u00eddeo em que fala de gabinete do \u00f3dio e, sem citar a governadora Raquel Lyra, diz que &quot;a suspeita de coordenar esses ataques \u00e9 uma mulher&quot;\" width=\"366\" height=\"303\" \/><\/strong><\/p>\n<p style=\"text-align: left;\"><strong>Por<\/strong>\u00a0<strong>TEREZINHA NUNES<\/strong><\/p>\n<p class=\"texto\" style=\"text-align: left;\">Enfrentando duas mulheres na elei\u00e7\u00e3o deste ano \u2013 a governadora Raquel Lyra e sua vice Priscila Krause, \u2013 o candidato a governador Jo\u00e3o Campos come\u00e7ou a ter a companhia de sua esposa, a deputada federal Tabata Amaral, na sua campanha pela TV e R\u00e1dio e nas redes sociais, onde ela tem muitos seguidores em S\u00e3o Paulo, estado, pelo qual, \u00e9 candidata \u00e0 reelei\u00e7\u00e3o. A deputada j\u00e1 era vista nas caminhadas de Jo\u00e3o pelo interior e Regi\u00e3o Metropolitana sobretudo nos finais de semana \u2013 ela tem se desdobrado para fazer campanha em S\u00e3o Paulo tamb\u00e9m \u2013 mas esta segunda-feira foi uma das estrelas, ao lado do marido, de uma inser\u00e7\u00e3o exibida na TV sobre uma nova proposta do candidato para estudantes da Rede P\u00fablica estadual.<\/p>\n<p style=\"text-align: left;\">Ao lado de T\u00e1bata Jo\u00e3o fala que ela criou como deputada o P\u00e9-de-Meia federal que garante R$ 200,00 mensais a estudantes carentes do segundo grau que frequentem o ensino m\u00e9dio para que n\u00e3o sejam obrigados a abandonar a escola para ajudar no sustento da fam\u00edlia. O candidato chama o seu programa de P\u00e9 de Mei\u00e3o que, segundo ele e a deputada ter\u00e1 tr\u00eas modalidades: o P\u00e9-de-Meia F\u00e9rias, o P\u00e9-de-Meia T\u00e9cnico e o P\u00e9-de-Meia Empreendedor, todos elas com parcelas de R$ 200,00 e destinos diferentes.<\/p>\n<p style=\"text-align: left;\">No v\u00eddeo a deputada diz que \u201co P\u00e9-de-Meia j\u00e1 mudou a vida de mais de 5 milh\u00f5es de jovens em todo o Brasil\u201d, defendendo em seguida a amplia\u00e7\u00e3o do benef\u00edcio em Pernambuco. Mas a presen\u00e7a da deputada na campanha n\u00e3o se restringe ao programa de TV, tamb\u00e9m est\u00e1 presente nas redes sociais.<\/p>\n<p style=\"text-align: left;\">Um v\u00eddeo dela circula no instagram e se refere ao chamado \u201cgabinete do \u00f3dio\u201d. Nele a deputada fala em \u201d engrenagem suja e mentirosa \u201c, no uso do dinheiro p\u00fablico para destruir a reputa\u00e7\u00e3o de advers\u00e1rios na Internet e cita Jo\u00e3o e ela pr\u00f3pria, informando que vem sendo atacada \u201csem pausa, h\u00e1 mais de um ano, com ataques coordenados\u201d. Referindo-se sempre \u00e0 reportagem da Record sobre o assunto j\u00e1 proibido de ser divulgada nas redes sociais pelo TRE, ela mira a governadora afirmando: \u201co pior \u00e9 saber que a suspeita de coordenar esses ataques \u00e9 uma mulher que devia saber qu\u00e3o dura \u00e9 a vida da mulher na pol\u00edtica\u201d. E conclui \u201cquem n\u00e3o tem projeto para governar, contrata gabinete do \u00f3dio\u201d.<\/p>\n<p class=\"texto\" style=\"text-align: left;\"><strong>Voto Luquel<\/strong><\/p>\n<div class=\"ads\">\n<div id=\"uolpd-video-inarticle\">\n<div id=\"player-in-article\">\n<div id=\"inarticle-ad-container\">\n<p class=\"texto\" style=\"text-align: left;\">Candidato \u00e0 reelei\u00e7\u00e3o, o deputado estadual Doriel Barros, do PT, divulgou na Internet seus candidatos na elei\u00e7\u00e3o deste ano. Um banner de sua campanha mostra ele, Lula, Raquel, Humberto e o deputado federal Carlos Veras. Doriel faz parte da bancada do PT na Assembleia e, como Jo\u00e3o Paulo do PT, sempre defendeu os dois palanques para Lula no estado. Os dois n\u00e3o negam a prefer\u00eancia pela governadora. S\u00f3 a deputada Rosa Amorim, que \u00e9 do MST mas filiada ao PT, tem feito caminhadas com Jo\u00e3o Campos, embora na Alepe tenha votado sempre com a base governista.<\/p>\n<\/div>\n<\/div>\n<\/div>\n<\/div>\n<div class=\"gsp_post_data\" \r\n\t            data-post_type=\"post\" \r\n\t            data-cat=\"sem-categoria\" \r\n\t            data-modified=\"120\"\r\n\t            data-created=\"1788276718\"\r\n\t            data-title=\"Para dar toque feminino \u00e0 sua campanha Jo\u00e3o Campos introduz Tabata Amaral na TV\" \r\n\t            data-home=\"https:\/\/zulenealves.com.br\"><\/div>","protected":false},"excerpt":{"rendered":"<p>Por\u00a0TEREZINHA NUNES Enfrentando duas mulheres na elei\u00e7\u00e3o deste ano \u2013 a governadora Raquel Lyra e sua vice Priscila Krause, \u2013 o candidato a governador Jo\u00e3o Campos come\u00e7ou a ter a companhia de sua esposa, a deputada federal Tabata Amaral, na sua campanha pela TV e R\u00e1dio e nas redes sociais, onde ela tem muitos seguidores &#8230; <\/p>\n<p class=\"read-more-container\"><a title=\"Para dar toque feminino \u00e0 sua campanha Jo\u00e3o Campos introduz Tabata Amaral na TV\" class=\"read-more button\" href=\"https:\/\/zulenealves.com.br\/index.php\/2026\/09\/01\/para-dar-toque-feminino-a-sua-campanha-joao-campos-introduz-tabata-amaral-na-tv\/#more-51517\" aria-label=\"More on Para dar toque feminino \u00e0 sua campanha Jo\u00e3o Campos introduz Tabata Amaral na TV\">Leia mais<\/a><\/p>\n","protected":false},"author":2,"featured_media":0,"comment_status":"closed","ping_status":"closed","sticky":false,"template":"","format":"standard","meta":{"footnotes":""},"categories":[1],"tags":[],"class_list":["post-51517","post","type-post","status-publish","format-standard","hentry","category-sem-categoria"],"yoast_head":"<!-- This site is optimized with the Yoast SEO plugin v28.4 - https:\/\/yoast.com\/product\/yoast-seo-wordpress\/ -->\n<title>Para dar toque feminino \u00e0 sua campanha Jo\u00e3o Campos introduz Tabata Amaral na TV - Blog Zulene Alves<\/title>\n<meta name=\"robots\" content=\"index, follow, max-snippet:-1, max-image-preview:large, max-video-preview:-1\" \/>\n<link rel=\"canonical\" href=\"https:\/\/zulenealves.com.br\/index.php\/2026\/09\/01\/para-dar-toque-feminino-a-sua-campanha-joao-campos-introduz-tabata-amaral-na-tv\/\" \/>\n<meta property=\"og:locale\" content=\"pt_BR\" \/>\n<meta property=\"og:type\" content=\"article\" \/>\n<meta property=\"og:title\" content=\"Para dar toque feminino \u00e0 sua campanha Jo\u00e3o Campos introduz Tabata Amaral na TV - Blog Zulene Alves\" \/>\n<meta property=\"og:description\" content=\"Por\u00a0TEREZINHA NUNES Enfrentando duas mulheres na elei\u00e7\u00e3o deste ano \u2013 a governadora Raquel Lyra e sua vice Priscila Krause, \u2013 o candidato a governador Jo\u00e3o Campos come\u00e7ou a ter a companhia de sua esposa, a deputada federal Tabata Amaral, na sua campanha pela TV e R\u00e1dio e nas redes sociais, onde ela tem muitos seguidores ... Leia mais\" \/>\n<meta property=\"og:url\" content=\"https:\/\/zulenealves.com.br\/index.php\/2026\/09\/01\/para-dar-toque-feminino-a-sua-campanha-joao-campos-introduz-tabata-amaral-na-tv\/\" \/>\n<meta property=\"og:site_name\" content=\"Blog Zulene Alves\" \/>\n<meta property=\"article:published_time\" content=\"2026-09-01T18:31:58+00:00\" \/>\n<meta property=\"article:modified_time\" content=\"2026-09-01T18:32:40+00:00\" \/>\n<meta property=\"og:image\" content=\"https:\/\/imagens.ne10.uol.com.br\/veiculos\/_midias\/png\/2026\/09\/01\/captura_de_tela_2026_09_01_065514-37037962.png?ims=800x533\" \/>\n<meta name=\"author\" content=\"Zulene Alves\" \/>\n<meta name=\"twitter:card\" content=\"summary_large_image\" \/>\n<meta name=\"twitter:label1\" content=\"Escrito por\" \/>\n\t<meta name=\"twitter:data1\" content=\"Zulene Alves\" \/>\n\t<meta name=\"twitter:label2\" content=\"Est. tempo de leitura\" \/>\n\t<meta name=\"twitter:data2\" content=\"3 minutos\" \/>\n<script type=\"application\/ld+json\" class=\"yoast-schema-graph\">{\"@context\":\"https:\\\/\\\/schema.org\",\"@graph\":[{\"@type\":\"Article\",\"@id\":\"https:\\\/\\\/zulenealves.com.br\\\/index.php\\\/2026\\\/09\\\/01\\\/para-dar-toque-feminino-a-sua-campanha-joao-campos-introduz-tabata-amaral-na-tv\\\/#article\",\"isPartOf\":{\"@id\":\"https:\\\/\\\/zulenealves.com.br\\\/index.php\\\/2026\\\/09\\\/01\\\/para-dar-toque-feminino-a-sua-campanha-joao-campos-introduz-tabata-amaral-na-tv\\\/\"},\"author\":{\"name\":\"Zulene Alves\",\"@id\":\"https:\\\/\\\/zulenealves.com.br\\\/#\\\/schema\\\/person\\\/211b267042952b9d9062603ea5230577\"},\"headline\":\"Para dar toque feminino \u00e0 sua campanha Jo\u00e3o Campos introduz Tabata Amaral na TV\",\"datePublished\":\"2026-09-01T18:31:58+00:00\",\"dateModified\":\"2026-09-01T18:32:40+00:00\",\"mainEntityOfPage\":{\"@id\":\"https:\\\/\\\/zulenealves.com.br\\\/index.php\\\/2026\\\/09\\\/01\\\/para-dar-toque-feminino-a-sua-campanha-joao-campos-introduz-tabata-amaral-na-tv\\\/\"},\"wordCount\":527,\"image\":{\"@id\":\"https:\\\/\\\/zulenealves.com.br\\\/index.php\\\/2026\\\/09\\\/01\\\/para-dar-toque-feminino-a-sua-campanha-joao-campos-introduz-tabata-amaral-na-tv\\\/#primaryimage\"},\"thumbnailUrl\":\"https:\\\/\\\/imagens.ne10.uol.com.br\\\/veiculos\\\/_midias\\\/png\\\/2026\\\/09\\\/01\\\/captura_de_tela_2026_09_01_065514-37037962.png?ims=800x533\",\"inLanguage\":\"pt-BR\"},{\"@type\":\"WebPage\",\"@id\":\"https:\\\/\\\/zulenealves.com.br\\\/index.php\\\/2026\\\/09\\\/01\\\/para-dar-toque-feminino-a-sua-campanha-joao-campos-introduz-tabata-amaral-na-tv\\\/\",\"url\":\"https:\\\/\\\/zulenealves.com.br\\\/index.php\\\/2026\\\/09\\\/01\\\/para-dar-toque-feminino-a-sua-campanha-joao-campos-introduz-tabata-amaral-na-tv\\\/\",\"name\":\"Para dar toque feminino \u00e0 sua campanha Jo\u00e3o Campos introduz Tabata Amaral na TV - Blog Zulene Alves\",\"isPartOf\":{\"@id\":\"https:\\\/\\\/zulenealves.com.br\\\/#website\"},\"primaryImageOfPage\":{\"@id\":\"https:\\\/\\\/zulenealves.com.br\\\/index.php\\\/2026\\\/09\\\/01\\\/para-dar-toque-feminino-a-sua-campanha-joao-campos-introduz-tabata-amaral-na-tv\\\/#primaryimage\"},\"image\":{\"@id\":\"https:\\\/\\\/zulenealves.com.br\\\/index.php\\\/2026\\\/09\\\/01\\\/para-dar-toque-feminino-a-sua-campanha-joao-campos-introduz-tabata-amaral-na-tv\\\/#primaryimage\"},\"thumbnailUrl\":\"https:\\\/\\\/imagens.ne10.uol.com.br\\\/veiculos\\\/_midias\\\/png\\\/2026\\\/09\\\/01\\\/captura_de_tela_2026_09_01_065514-37037962.png?ims=800x533\",\"datePublished\":\"2026-09-01T18:31:58+00:00\",\"dateModified\":\"2026-09-01T18:32:40+00:00\",\"author\":{\"@id\":\"https:\\\/\\\/zulenealves.com.br\\\/#\\\/schema\\\/person\\\/211b267042952b9d9062603ea5230577\"},\"breadcrumb\":{\"@id\":\"https:\\\/\\\/zulenealves.com.br\\\/index.php\\\/2026\\\/09\\\/01\\\/para-dar-toque-feminino-a-sua-campanha-joao-campos-introduz-tabata-amaral-na-tv\\\/#breadcrumb\"},\"inLanguage\":\"pt-BR\",\"potentialAction\":[{\"@type\":\"ReadAction\",\"target\":[\"https:\\\/\\\/zulenealves.com.br\\\/index.php\\\/2026\\\/09\\\/01\\\/para-dar-toque-feminino-a-sua-campanha-joao-campos-introduz-tabata-amaral-na-tv\\\/\"]}]},{\"@type\":\"ImageObject\",\"inLanguage\":\"pt-BR\",\"@id\":\"https:\\\/\\\/zulenealves.com.br\\\/index.php\\\/2026\\\/09\\\/01\\\/para-dar-toque-feminino-a-sua-campanha-joao-campos-introduz-tabata-amaral-na-tv\\\/#primaryimage\",\"url\":\"https:\\\/\\\/imagens.ne10.uol.com.br\\\/veiculos\\\/_midias\\\/png\\\/2026\\\/09\\\/01\\\/captura_de_tela_2026_09_01_065514-37037962.png?ims=800x533\",\"contentUrl\":\"https:\\\/\\\/imagens.ne10.uol.com.br\\\/veiculos\\\/_midias\\\/png\\\/2026\\\/09\\\/01\\\/captura_de_tela_2026_09_01_065514-37037962.png?ims=800x533\"},{\"@type\":\"BreadcrumbList\",\"@id\":\"https:\\\/\\\/zulenealves.com.br\\\/index.php\\\/2026\\\/09\\\/01\\\/para-dar-toque-feminino-a-sua-campanha-joao-campos-introduz-tabata-amaral-na-tv\\\/#breadcrumb\",\"itemListElement\":[{\"@type\":\"ListItem\",\"position\":1,\"name\":\"In\u00edcio\",\"item\":\"https:\\\/\\\/zulenealves.com.br\\\/\"},{\"@type\":\"ListItem\",\"position\":2,\"name\":\"Para dar toque feminino \u00e0 sua campanha Jo\u00e3o Campos introduz Tabata Amaral na TV\"}]},{\"@type\":\"WebSite\",\"@id\":\"https:\\\/\\\/zulenealves.com.br\\\/#website\",\"url\":\"https:\\\/\\\/zulenealves.com.br\\\/\",\"name\":\"Blog Zulene Alves\",\"description\":\"\",\"potentialAction\":[{\"@type\":\"SearchAction\",\"target\":{\"@type\":\"EntryPoint\",\"urlTemplate\":\"https:\\\/\\\/zulenealves.com.br\\\/?s={search_term_string}\"},\"query-input\":{\"@type\":\"PropertyValueSpecification\",\"valueRequired\":true,\"valueName\":\"search_term_string\"}}],\"inLanguage\":\"pt-BR\"},{\"@type\":\"Person\",\"@id\":\"https:\\\/\\\/zulenealves.com.br\\\/#\\\/schema\\\/person\\\/211b267042952b9d9062603ea5230577\",\"name\":\"Zulene Alves\",\"image\":{\"@type\":\"ImageObject\",\"inLanguage\":\"pt-BR\",\"@id\":\"https:\\\/\\\/secure.gravatar.com\\\/avatar\\\/6256ae245147d58c317918f3a20dbf75c244838a7b265be12b0edacdedc94737?s=96&d=mm&r=g\",\"url\":\"https:\\\/\\\/secure.gravatar.com\\\/avatar\\\/6256ae245147d58c317918f3a20dbf75c244838a7b265be12b0edacdedc94737?s=96&d=mm&r=g\",\"contentUrl\":\"https:\\\/\\\/secure.gravatar.com\\\/avatar\\\/6256ae245147d58c317918f3a20dbf75c244838a7b265be12b0edacdedc94737?s=96&d=mm&r=g\",\"caption\":\"Zulene Alves\"},\"sameAs\":[\"https:\\\/\\\/zulenealves.com.br\\\/\"],\"url\":\"https:\\\/\\\/zulenealves.com.br\\\/index.php\\\/author\\\/zulene\\\/\"}]}<\/script>\n<!-- \/ Yoast SEO plugin. -->","yoast_head_json":{"title":"Para dar toque feminino \u00e0 sua campanha Jo\u00e3o Campos introduz Tabata Amaral na TV - Blog Zulene Alves","robots":{"index":"index","follow":"follow","max-snippet":"max-snippet:-1","max-image-preview":"max-image-preview:large","max-video-preview":"max-video-preview:-1"},"canonical":"https:\/\/zulenealves.com.br\/index.php\/2026\/09\/01\/para-dar-toque-feminino-a-sua-campanha-joao-campos-introduz-tabata-amaral-na-tv\/","og_locale":"pt_BR","og_type":"article","og_title":"Para dar toque feminino \u00e0 sua campanha Jo\u00e3o Campos introduz Tabata Amaral na TV - Blog Zulene Alves","og_description":"Por\u00a0TEREZINHA NUNES Enfrentando duas mulheres na elei\u00e7\u00e3o deste ano \u2013 a governadora Raquel Lyra e sua vice Priscila Krause, \u2013 o candidato a governador Jo\u00e3o Campos come\u00e7ou a ter a companhia de sua esposa, a deputada federal Tabata Amaral, na sua campanha pela TV e R\u00e1dio e nas redes sociais, onde ela tem muitos seguidores ... Leia mais","og_url":"https:\/\/zulenealves.com.br\/index.php\/2026\/09\/01\/para-dar-toque-feminino-a-sua-campanha-joao-campos-introduz-tabata-amaral-na-tv\/","og_site_name":"Blog Zulene Alves","article_published_time":"2026-09-01T18:31:58+00:00","article_modified_time":"2026-09-01T18:32:40+00:00","og_image":[{"url":"https:\/\/imagens.ne10.uol.com.br\/veiculos\/_midias\/png\/2026\/09\/01\/captura_de_tela_2026_09_01_065514-37037962.png?ims=800x533","type":"","width":"","height":""}],"author":"Zulene Alves","twitter_card":"summary_large_image","twitter_misc":{"Escrito por":"Zulene Alves","Est. tempo de leitura":"3 minutos"},"schema":{"@context":"https:\/\/schema.org","@graph":[{"@type":"Article","@id":"https:\/\/zulenealves.com.br\/index.php\/2026\/09\/01\/para-dar-toque-feminino-a-sua-campanha-joao-campos-introduz-tabata-amaral-na-tv\/#article","isPartOf":{"@id":"https:\/\/zulenealves.com.br\/index.php\/2026\/09\/01\/para-dar-toque-feminino-a-sua-campanha-joao-campos-introduz-tabata-amaral-na-tv\/"},"author":{"name":"Zulene Alves","@id":"https:\/\/zulenealves.com.br\/#\/schema\/person\/211b267042952b9d9062603ea5230577"},"headline":"Para dar toque feminino \u00e0 sua campanha Jo\u00e3o Campos introduz Tabata Amaral na TV","datePublished":"2026-09-01T18:31:58+00:00","dateModified":"2026-09-01T18:32:40+00:00","mainEntityOfPage":{"@id":"https:\/\/zulenealves.com.br\/index.php\/2026\/09\/01\/para-dar-toque-feminino-a-sua-campanha-joao-campos-introduz-tabata-amaral-na-tv\/"},"wordCount":527,"image":{"@id":"https:\/\/zulenealves.com.br\/index.php\/2026\/09\/01\/para-dar-toque-feminino-a-sua-campanha-joao-campos-introduz-tabata-amaral-na-tv\/#primaryimage"},"thumbnailUrl":"https:\/\/imagens.ne10.uol.com.br\/veiculos\/_midias\/png\/2026\/09\/01\/captura_de_tela_2026_09_01_065514-37037962.png?ims=800x533","inLanguage":"pt-BR"},{"@type":"WebPage","@id":"https:\/\/zulenealves.com.br\/index.php\/2026\/09\/01\/para-dar-toque-feminino-a-sua-campanha-joao-campos-introduz-tabata-amaral-na-tv\/","url":"https:\/\/zulenealves.com.br\/index.php\/2026\/09\/01\/para-dar-toque-feminino-a-sua-campanha-joao-campos-introduz-tabata-amaral-na-tv\/","name":"Para dar toque feminino \u00e0 sua campanha Jo\u00e3o Campos introduz Tabata Amaral na TV - Blog Zulene Alves","isPartOf":{"@id":"https:\/\/zulenealves.com.br\/#website"},"primaryImageOfPage":{"@id":"https:\/\/zulenealves.com.br\/index.php\/2026\/09\/01\/para-dar-toque-feminino-a-sua-campanha-joao-campos-introduz-tabata-amaral-na-tv\/#primaryimage"},"image":{"@id":"https:\/\/zulenealves.com.br\/index.php\/2026\/09\/01\/para-dar-toque-feminino-a-sua-campanha-joao-campos-introduz-tabata-amaral-na-tv\/#primaryimage"},"thumbnailUrl":"https:\/\/imagens.ne10.uol.com.br\/veiculos\/_midias\/png\/2026\/09\/01\/captura_de_tela_2026_09_01_065514-37037962.png?ims=800x533","datePublished":"2026-09-01T18:31:58+00:00","dateModified":"2026-09-01T18:32:40+00:00","author":{"@id":"https:\/\/zulenealves.com.br\/#\/schema\/person\/211b267042952b9d9062603ea5230577"},"breadcrumb":{"@id":"https:\/\/zulenealves.com.br\/index.php\/2026\/09\/01\/para-dar-toque-feminino-a-sua-campanha-joao-campos-introduz-tabata-amaral-na-tv\/#breadcrumb"},"inLanguage":"pt-BR","potentialAction":[{"@type":"ReadAction","target":["https:\/\/zulenealves.com.br\/index.php\/2026\/09\/01\/para-dar-toque-feminino-a-sua-campanha-joao-campos-introduz-tabata-amaral-na-tv\/"]}]},{"@type":"ImageObject","inLanguage":"pt-BR","@id":"https:\/\/zulenealves.com.br\/index.php\/2026\/09\/01\/para-dar-toque-feminino-a-sua-campanha-joao-campos-introduz-tabata-amaral-na-tv\/#primaryimage","url":"https:\/\/imagens.ne10.uol.com.br\/veiculos\/_midias\/png\/2026\/09\/01\/captura_de_tela_2026_09_01_065514-37037962.png?ims=800x533","contentUrl":"https:\/\/imagens.ne10.uol.com.br\/veiculos\/_midias\/png\/2026\/09\/01\/captura_de_tela_2026_09_01_065514-37037962.png?ims=800x533"},{"@type":"BreadcrumbList","@id":"https:\/\/zulenealves.com.br\/index.php\/2026\/09\/01\/para-dar-toque-feminino-a-sua-campanha-joao-campos-introduz-tabata-amaral-na-tv\/#breadcrumb","itemListElement":[{"@type":"ListItem","position":1,"name":"In\u00edcio","item":"https:\/\/zulenealves.com.br\/"},{"@type":"ListItem","position":2,"name":"Para dar toque feminino \u00e0 sua campanha Jo\u00e3o Campos introduz Tabata Amaral na TV"}]},{"@type":"WebSite","@id":"https:\/\/zulenealves.com.br\/#website","url":"https:\/\/zulenealves.com.br\/","name":"Blog Zulene Alves","description":"","potentialAction":[{"@type":"SearchAction","target":{"@type":"EntryPoint","urlTemplate":"https:\/\/zulenealves.com.br\/?s={search_term_string}"},"query-input":{"@type":"PropertyValueSpecification","valueRequired":true,"valueName":"search_term_string"}}],"inLanguage":"pt-BR"},{"@type":"Person","@id":"https:\/\/zulenealves.com.br\/#\/schema\/person\/211b267042952b9d9062603ea5230577","name":"Zulene Alves","image":{"@type":"ImageObject","inLanguage":"pt-BR","@id":"https:\/\/secure.gravatar.com\/avatar\/6256ae245147d58c317918f3a20dbf75c244838a7b265be12b0edacdedc94737?s=96&d=mm&r=g","url":"https:\/\/secure.gravatar.com\/avatar\/6256ae245147d58c317918f3a20dbf75c244838a7b265be12b0edacdedc94737?s=96&d=mm&r=g","contentUrl":"https:\/\/secure.gravatar.com\/avatar\/6256ae245147d58c317918f3a20dbf75c244838a7b265be12b0edacdedc94737?s=96&d=mm&r=g","caption":"Zulene Alves"},"sameAs":["https:\/\/zulenealves.com.br\/"],"url":"https:\/\/zulenealves.com.br\/index.php\/author\/zulene\/"}]}},"_links":{"self":[{"href":"https:\/\/zulenealves.com.br\/index.php\/wp-json\/wp\/v2\/posts\/51517","targetHints":{"allow":["GET"]}}],"collection":[{"href":"https:\/\/zulenealves.com.br\/index.php\/wp-json\/wp\/v2\/posts"}],"about":[{"href":"https:\/\/zulenealves.com.br\/index.php\/wp-json\/wp\/v2\/types\/post"}],"author":[{"embeddable":true,"href":"https:\/\/zulenealves.com.br\/index.php\/wp-json\/wp\/v2\/users\/2"}],"replies":[{"embeddable":true,"href":"https:\/\/zulenealves.com.br\/index.php\/wp-json\/wp\/v2\/comments?post=51517"}],"version-history":[{"count":2,"href":"https:\/\/zulenealves.com.br\/index.php\/wp-json\/wp\/v2\/posts\/51517\/revisions"}],"predecessor-version":[{"id":51519,"href":"https:\/\/zulenealves.com.br\/index.php\/wp-json\/wp\/v2\/posts\/51517\/revisions\/51519"}],"wp:attachment":[{"href":"https:\/\/zulenealves.com.br\/index.php\/wp-json\/wp\/v2\/media?parent=51517"}],"wp:term":[{"taxonomy":"category","embeddable":true,"href":"https:\/\/zulenealves.com.br\/index.php\/wp-json\/wp\/v2\/categories?post=51517"},{"taxonomy":"post_tag","embeddable":true,"href":"https:\/\/zulenealves.com.br\/index.php\/wp-json\/wp\/v2\/tags?post=51517"}],"curies":[{"name":"wp","href":"https:\/\/api.w.org\/{rel}","templated":true}]}}