{"id":51541,"date":"2026-09-01T18:14:55","date_gmt":"2026-09-01T21:14:55","guid":{"rendered":"https:\/\/zulenealves.com.br\/?p=51541"},"modified":"2026-09-01T18:14:55","modified_gmt":"2026-09-01T21:14:55","slug":"joao-campos-participa-de-sabatina-com-a-comunidade-academica-da-upe","status":"publish","type":"post","link":"https:\/\/zulenealves.com.br\/index.php\/2026\/09\/01\/joao-campos-participa-de-sabatina-com-a-comunidade-academica-da-upe\/","title":{"rendered":"Jo\u00e3o Campos participa de sabatina com a comunidade acad\u00eamica da UPE"},"content":{"rendered":"<p><img fetchpriority=\"high\" decoding=\"async\" class=\"aligncenter\" src=\"https:\/\/cdn.folhape.com.br\/img\/pc\/1100\/1\/dn_arquivo\/2026\/09\/whatsapp-image-2026-09-01-at-174525-1.jpg\" alt=\"Jo\u00e3o Campos (PSB) participou, nesta ter\u00e7a (1\u00ba), de uma sabatina\u00a0com a comunidade acad\u00eamica da UPE\" width=\"504\" height=\"336\" \/><\/p>\n<p style=\"text-align: justify;\">O candidato ao Governo de Pernambuco Jo\u00e3o Campos (PSB) participou, nesta ter\u00e7a (1\u00ba), de uma sabatina\u00a0com a comunidade acad\u00eamica da Universidade de Pernambuco (UPE), na sede da institui\u00e7\u00e3o de ensino, no bairro de Santo Amaro, regi\u00e3o central do Recife.<\/p>\n<p>O encontro reuniu membros do Conselho de Ensino, Pesquisa e Extens\u00e3o (Cepe) e do Conselho Universit\u00e1rio (Consun), com representantes dos diversos segmentos do corpo discente, docente e t\u00e9cnico da UPE.<\/p>\n<p style=\"text-align: justify;\">Ap\u00f3s a apresenta\u00e7\u00e3o de um v\u00eddeo institucional, a reitora Maria do Socorro de Mendon\u00e7a Cavalcanti apresentou ao candidato um detalhamento sobre as diversas \u00e1reas de atua\u00e7\u00e3o da Universidade de Pernambuco (UPE) em seus hospitais universit\u00e1rios e campis.<\/p>\n<p style=\"text-align: justify;\" data-intext-processed=\"true\">Em seguida, Jo\u00e3o Campos apresentou suas propostas para a universidade e a educa\u00e7\u00e3o de Pernambuco e foi sabatinado pelos representantes de professores, t\u00e9cnicos e estudantes da UPE sobre os temas \u201cgest\u00e3o de pessoas\u201d, \u201cassist\u00eancia estudantil, acessibilidade e inclus\u00e3o\u201d e \u201cautonomia universit\u00e1ria e infraestrutura\u201d.<\/p>\n<p style=\"text-align: justify;\" data-intext-processed=\"true\">\u201cA gente apresentou hoje na UPE uma vis\u00e3o do futuro de Pernambuco e a UPE est\u00e1 no centro desse desenvolvimento, como um vetor que vai ajudar o crescimento do Estado espalhado nas regi\u00f5es, consolidando a forma\u00e7\u00e3o, pesquisa, extens\u00e3o, Para isso, a gente vai fortalecer o trabalho da UPE nos quatro cantos de Pernambuco\u201d, comentou Jo\u00e3o Campos.<\/p>\n<p style=\"text-align: justify;\"><img decoding=\"async\" class=\"aligncenter\" src=\"https:\/\/cdn.folhape.com.br\/upload\/dn_arquivo\/2026\/09\/whatsapp-image-2026-09-01-at-174525-2.jpeg\" alt=\"Jo\u00e3o Campos (PSB), candidato ao Governo de Pernambuco, em sabatina na UP\u00c8\" width=\"505\" height=\"336\" \/><\/p>\n<p style=\"text-align: justify;\">O candidato apresentou suas propostas para a comunidade acad\u00eamica, entre elas, estabelecer parcerias entre a universidade e os diversos arranjos produtivos do estado. Jo\u00e3o Campos tamb\u00e9m prop\u00f4s a expans\u00e3o do programa federal P\u00e9-de-Meia em Pernambuco, batizada de P\u00e9-de-Mei\u00e3o, com novas modalidades.<\/p>\n<p style=\"text-align: justify;\">O novo programa traria o \u201cP\u00e9-de-Meia F\u00e9rias\u201d, com tr\u00eas parcelas adicionais de R$ 200 durante os meses de f\u00e9rias escolares para apoiar atividades culturais, esportivas e de lazer, o P\u00e9-de-Meia T\u00e9cnico (ou Tech), com extens\u00e3o do benef\u00edcio para estudantes da rede p\u00fablica que concluem o ensino m\u00e9dio e entram em um curso t\u00e9cnico estadual e o \u201cP\u00e9-de-Meia Empreendedor\u201d, com apoio com mentoria e acesso a cr\u00e9dito para jovens que terminam a forma\u00e7\u00e3o t\u00e9cnica e desejam abrir o pr\u00f3prio neg\u00f3cio.<\/p>\n<p style=\"text-align: justify;\" data-intext-processed=\"true\">A expans\u00e3o da universidade tamb\u00e9m est\u00e1 no radar do candidato. \u201cVamos fazer uma a\u00e7\u00e3o na UPE de fortalecimento no Sert\u00e3o do Itaparica onde n\u00e3o temos a presen\u00e7a hoje da universidade e ela precisa estar presente. Assim como a constru\u00e7\u00e3o de novos cursos dialogando com setores produtivos locais e o embarque digital com 10 mil jovens que v\u00e3o estudar tecnologia associada ao mercado de trabalho. E a UPE tamb\u00e9m vai ser uma parceira dessa constru\u00e7\u00e3o onde parte dessas turmas poder\u00e3o ser formadas na universidade\u201d, detalhou.<\/p>\n<div id=\"pads_intext-178829705972585\" style=\"text-align: justify;\" data-premium=\"\" data-adunit=\"FOLHA_PE_INTEXT_02\" data-sizes-mobile=\"[[336,280],[320,320],[300,300],[300,250],[300,190],[250,250],[200,200]]\" data-sizes-desktop=\"[[336,280],[320,320],[300,300],[300,250],[250,250],[200,200]]\" data-type=\"intext\" data-count=\"2\" data-fetch=\"true\" data-google-query-id=\"CIe5tvSlzpYDFWU1uQYdnTYLng\">\n<p><img decoding=\"async\" class=\"aligncenter\" src=\"https:\/\/cdn.folhape.com.br\/upload\/dn_arquivo\/2026\/09\/whatsapp-image-2026-09-01-at-174526.jpeg\" alt=\"Sabatina com o candidato Jo\u00e3o Campos (PSB), na UPE\" width=\"504\" height=\"336\" \/><\/p>\n<p><strong>Pleitos<\/strong><br \/>\nAs diversas categorias representadas no encontro levaram ao candidato as suas principais demandas, que giram em torno da estrutura\u00e7\u00e3o da revis\u00e3o do Plano de Cargos e Carreiras, com a estrutura\u00e7\u00e3o e amplia\u00e7\u00e3o do n\u00famero de cargos de t\u00e9cnicos e professores, a realiza\u00e7\u00e3o de novo concurso p\u00fablico, a implanta\u00e7\u00e3o de restaurantes universit\u00e1rios, assist\u00eancia estudantil, garantias de inclus\u00e3o e acessibilidade, melhoria na infraestrutura dos campis, o fortalecimento da autonomia universit\u00e1ria, entre outras.<\/p>\n<p>\u201c\u00c9 importante o fortalecimento do ensino, pesquisa, extens\u00e3o e inova\u00e7\u00e3o e tamb\u00e9m a internacionaliza\u00e7\u00e3o da universidade. E um dos pleitos da UPE e de toda a sua comunidade \u00e9 a paridade de representa\u00e7\u00e3o toda a sua comunidade \u00e9 a paridade de toda a sua comunidade nos \u00f3rg\u00e3os de ci\u00eancia e tecnologia do estado de Pernambuco\u201d, destacou a reitora da UPE.<\/p>\n<p>Jo\u00e3o Campos se comprometeu em criar uma comiss\u00e3o entre governo e comunidade universit\u00e1ria para apresentar um plano nos seus primeiros 100 dias de governo, que seja pactuado no per\u00edodo de seis meses e implantado j\u00e1 no primeiro ano de gest\u00e3o.<\/p>\n<\/div>\n<div class=\"gsp_post_data\" \r\n\t            data-post_type=\"post\" \r\n\t            data-cat=\"sem-categoria\" \r\n\t            data-modified=\"120\"\r\n\t            data-created=\"1788286495\"\r\n\t            data-title=\"Jo\u00e3o Campos participa de sabatina com a comunidade acad\u00eamica da UPE\" \r\n\t            data-home=\"https:\/\/zulenealves.com.br\"><\/div>","protected":false},"excerpt":{"rendered":"<p>O candidato ao Governo de Pernambuco Jo\u00e3o Campos (PSB) participou, nesta ter\u00e7a (1\u00ba), de uma sabatina\u00a0com a comunidade acad\u00eamica da Universidade de Pernambuco (UPE), na sede da institui\u00e7\u00e3o de ensino, no bairro de Santo Amaro, regi\u00e3o central do Recife. O encontro reuniu membros do Conselho de Ensino, Pesquisa e Extens\u00e3o (Cepe) e do Conselho Universit\u00e1rio &#8230; <\/p>\n<p class=\"read-more-container\"><a title=\"Jo\u00e3o Campos participa de sabatina com a comunidade acad\u00eamica da UPE\" class=\"read-more button\" href=\"https:\/\/zulenealves.com.br\/index.php\/2026\/09\/01\/joao-campos-participa-de-sabatina-com-a-comunidade-academica-da-upe\/#more-51541\" aria-label=\"More on Jo\u00e3o Campos participa de sabatina com a comunidade acad\u00eamica da UPE\">Leia mais<\/a><\/p>\n","protected":false},"author":2,"featured_media":0,"comment_status":"closed","ping_status":"closed","sticky":false,"template":"","format":"standard","meta":{"footnotes":""},"categories":[1],"tags":[],"class_list":["post-51541","post","type-post","status-publish","format-standard","hentry","category-sem-categoria"],"yoast_head":"<!-- This site is optimized with the Yoast SEO plugin v28.4 - https:\/\/yoast.com\/product\/yoast-seo-wordpress\/ -->\n<title>Jo\u00e3o Campos participa de sabatina com a comunidade acad\u00eamica da UPE - Blog Zulene Alves<\/title>\n<meta name=\"robots\" content=\"index, follow, max-snippet:-1, max-image-preview:large, max-video-preview:-1\" \/>\n<link rel=\"canonical\" href=\"https:\/\/zulenealves.com.br\/index.php\/2026\/09\/01\/joao-campos-participa-de-sabatina-com-a-comunidade-academica-da-upe\/\" \/>\n<meta property=\"og:locale\" content=\"pt_BR\" \/>\n<meta property=\"og:type\" content=\"article\" \/>\n<meta property=\"og:title\" content=\"Jo\u00e3o Campos participa de sabatina com a comunidade acad\u00eamica da UPE - Blog Zulene Alves\" \/>\n<meta property=\"og:description\" content=\"O candidato ao Governo de Pernambuco Jo\u00e3o Campos (PSB) participou, nesta ter\u00e7a (1\u00ba), de uma sabatina\u00a0com a comunidade acad\u00eamica da Universidade de Pernambuco (UPE), na sede da institui\u00e7\u00e3o de ensino, no bairro de Santo Amaro, regi\u00e3o central do Recife. O encontro reuniu membros do Conselho de Ensino, Pesquisa e Extens\u00e3o (Cepe) e do Conselho Universit\u00e1rio ... Leia mais\" \/>\n<meta property=\"og:url\" content=\"https:\/\/zulenealves.com.br\/index.php\/2026\/09\/01\/joao-campos-participa-de-sabatina-com-a-comunidade-academica-da-upe\/\" \/>\n<meta property=\"og:site_name\" content=\"Blog Zulene Alves\" \/>\n<meta property=\"article:published_time\" content=\"2026-09-01T21:14:55+00:00\" \/>\n<meta property=\"og:image\" content=\"https:\/\/cdn.folhape.com.br\/img\/pc\/1100\/1\/dn_arquivo\/2026\/09\/whatsapp-image-2026-09-01-at-174525-1.jpg\" \/>\n<meta name=\"author\" content=\"Zulene Alves\" \/>\n<meta name=\"twitter:card\" content=\"summary_large_image\" \/>\n<meta name=\"twitter:label1\" content=\"Escrito por\" \/>\n\t<meta name=\"twitter:data1\" content=\"Zulene Alves\" \/>\n\t<meta name=\"twitter:label2\" content=\"Est. tempo de leitura\" \/>\n\t<meta name=\"twitter:data2\" content=\"4 minutos\" \/>\n<script type=\"application\/ld+json\" class=\"yoast-schema-graph\">{\"@context\":\"https:\\\/\\\/schema.org\",\"@graph\":[{\"@type\":\"Article\",\"@id\":\"https:\\\/\\\/zulenealves.com.br\\\/index.php\\\/2026\\\/09\\\/01\\\/joao-campos-participa-de-sabatina-com-a-comunidade-academica-da-upe\\\/#article\",\"isPartOf\":{\"@id\":\"https:\\\/\\\/zulenealves.com.br\\\/index.php\\\/2026\\\/09\\\/01\\\/joao-campos-participa-de-sabatina-com-a-comunidade-academica-da-upe\\\/\"},\"author\":{\"name\":\"Zulene Alves\",\"@id\":\"https:\\\/\\\/zulenealves.com.br\\\/#\\\/schema\\\/person\\\/211b267042952b9d9062603ea5230577\"},\"headline\":\"Jo\u00e3o Campos participa de sabatina com a comunidade acad\u00eamica da UPE\",\"datePublished\":\"2026-09-01T21:14:55+00:00\",\"mainEntityOfPage\":{\"@id\":\"https:\\\/\\\/zulenealves.com.br\\\/index.php\\\/2026\\\/09\\\/01\\\/joao-campos-participa-de-sabatina-com-a-comunidade-academica-da-upe\\\/\"},\"wordCount\":674,\"image\":{\"@id\":\"https:\\\/\\\/zulenealves.com.br\\\/index.php\\\/2026\\\/09\\\/01\\\/joao-campos-participa-de-sabatina-com-a-comunidade-academica-da-upe\\\/#primaryimage\"},\"thumbnailUrl\":\"https:\\\/\\\/cdn.folhape.com.br\\\/img\\\/pc\\\/1100\\\/1\\\/dn_arquivo\\\/2026\\\/09\\\/whatsapp-image-2026-09-01-at-174525-1.jpg\",\"inLanguage\":\"pt-BR\"},{\"@type\":\"WebPage\",\"@id\":\"https:\\\/\\\/zulenealves.com.br\\\/index.php\\\/2026\\\/09\\\/01\\\/joao-campos-participa-de-sabatina-com-a-comunidade-academica-da-upe\\\/\",\"url\":\"https:\\\/\\\/zulenealves.com.br\\\/index.php\\\/2026\\\/09\\\/01\\\/joao-campos-participa-de-sabatina-com-a-comunidade-academica-da-upe\\\/\",\"name\":\"Jo\u00e3o Campos participa de sabatina com a comunidade acad\u00eamica da UPE - Blog Zulene Alves\",\"isPartOf\":{\"@id\":\"https:\\\/\\\/zulenealves.com.br\\\/#website\"},\"primaryImageOfPage\":{\"@id\":\"https:\\\/\\\/zulenealves.com.br\\\/index.php\\\/2026\\\/09\\\/01\\\/joao-campos-participa-de-sabatina-com-a-comunidade-academica-da-upe\\\/#primaryimage\"},\"image\":{\"@id\":\"https:\\\/\\\/zulenealves.com.br\\\/index.php\\\/2026\\\/09\\\/01\\\/joao-campos-participa-de-sabatina-com-a-comunidade-academica-da-upe\\\/#primaryimage\"},\"thumbnailUrl\":\"https:\\\/\\\/cdn.folhape.com.br\\\/img\\\/pc\\\/1100\\\/1\\\/dn_arquivo\\\/2026\\\/09\\\/whatsapp-image-2026-09-01-at-174525-1.jpg\",\"datePublished\":\"2026-09-01T21:14:55+00:00\",\"author\":{\"@id\":\"https:\\\/\\\/zulenealves.com.br\\\/#\\\/schema\\\/person\\\/211b267042952b9d9062603ea5230577\"},\"breadcrumb\":{\"@id\":\"https:\\\/\\\/zulenealves.com.br\\\/index.php\\\/2026\\\/09\\\/01\\\/joao-campos-participa-de-sabatina-com-a-comunidade-academica-da-upe\\\/#breadcrumb\"},\"inLanguage\":\"pt-BR\",\"potentialAction\":[{\"@type\":\"ReadAction\",\"target\":[\"https:\\\/\\\/zulenealves.com.br\\\/index.php\\\/2026\\\/09\\\/01\\\/joao-campos-participa-de-sabatina-com-a-comunidade-academica-da-upe\\\/\"]}]},{\"@type\":\"ImageObject\",\"inLanguage\":\"pt-BR\",\"@id\":\"https:\\\/\\\/zulenealves.com.br\\\/index.php\\\/2026\\\/09\\\/01\\\/joao-campos-participa-de-sabatina-com-a-comunidade-academica-da-upe\\\/#primaryimage\",\"url\":\"https:\\\/\\\/cdn.folhape.com.br\\\/img\\\/pc\\\/1100\\\/1\\\/dn_arquivo\\\/2026\\\/09\\\/whatsapp-image-2026-09-01-at-174525-1.jpg\",\"contentUrl\":\"https:\\\/\\\/cdn.folhape.com.br\\\/img\\\/pc\\\/1100\\\/1\\\/dn_arquivo\\\/2026\\\/09\\\/whatsapp-image-2026-09-01-at-174525-1.jpg\"},{\"@type\":\"BreadcrumbList\",\"@id\":\"https:\\\/\\\/zulenealves.com.br\\\/index.php\\\/2026\\\/09\\\/01\\\/joao-campos-participa-de-sabatina-com-a-comunidade-academica-da-upe\\\/#breadcrumb\",\"itemListElement\":[{\"@type\":\"ListItem\",\"position\":1,\"name\":\"In\u00edcio\",\"item\":\"https:\\\/\\\/zulenealves.com.br\\\/\"},{\"@type\":\"ListItem\",\"position\":2,\"name\":\"Jo\u00e3o Campos participa de sabatina com a comunidade acad\u00eamica da UPE\"}]},{\"@type\":\"WebSite\",\"@id\":\"https:\\\/\\\/zulenealves.com.br\\\/#website\",\"url\":\"https:\\\/\\\/zulenealves.com.br\\\/\",\"name\":\"Blog Zulene Alves\",\"description\":\"\",\"potentialAction\":[{\"@type\":\"SearchAction\",\"target\":{\"@type\":\"EntryPoint\",\"urlTemplate\":\"https:\\\/\\\/zulenealves.com.br\\\/?s={search_term_string}\"},\"query-input\":{\"@type\":\"PropertyValueSpecification\",\"valueRequired\":true,\"valueName\":\"search_term_string\"}}],\"inLanguage\":\"pt-BR\"},{\"@type\":\"Person\",\"@id\":\"https:\\\/\\\/zulenealves.com.br\\\/#\\\/schema\\\/person\\\/211b267042952b9d9062603ea5230577\",\"name\":\"Zulene Alves\",\"image\":{\"@type\":\"ImageObject\",\"inLanguage\":\"pt-BR\",\"@id\":\"https:\\\/\\\/secure.gravatar.com\\\/avatar\\\/6256ae245147d58c317918f3a20dbf75c244838a7b265be12b0edacdedc94737?s=96&d=mm&r=g\",\"url\":\"https:\\\/\\\/secure.gravatar.com\\\/avatar\\\/6256ae245147d58c317918f3a20dbf75c244838a7b265be12b0edacdedc94737?s=96&d=mm&r=g\",\"contentUrl\":\"https:\\\/\\\/secure.gravatar.com\\\/avatar\\\/6256ae245147d58c317918f3a20dbf75c244838a7b265be12b0edacdedc94737?s=96&d=mm&r=g\",\"caption\":\"Zulene Alves\"},\"sameAs\":[\"https:\\\/\\\/zulenealves.com.br\\\/\"],\"url\":\"https:\\\/\\\/zulenealves.com.br\\\/index.php\\\/author\\\/zulene\\\/\"}]}<\/script>\n<!-- \/ Yoast SEO plugin. -->","yoast_head_json":{"title":"Jo\u00e3o Campos participa de sabatina com a comunidade acad\u00eamica da UPE - Blog Zulene Alves","robots":{"index":"index","follow":"follow","max-snippet":"max-snippet:-1","max-image-preview":"max-image-preview:large","max-video-preview":"max-video-preview:-1"},"canonical":"https:\/\/zulenealves.com.br\/index.php\/2026\/09\/01\/joao-campos-participa-de-sabatina-com-a-comunidade-academica-da-upe\/","og_locale":"pt_BR","og_type":"article","og_title":"Jo\u00e3o Campos participa de sabatina com a comunidade acad\u00eamica da UPE - Blog Zulene Alves","og_description":"O candidato ao Governo de Pernambuco Jo\u00e3o Campos (PSB) participou, nesta ter\u00e7a (1\u00ba), de uma sabatina\u00a0com a comunidade acad\u00eamica da Universidade de Pernambuco (UPE), na sede da institui\u00e7\u00e3o de ensino, no bairro de Santo Amaro, regi\u00e3o central do Recife. O encontro reuniu membros do Conselho de Ensino, Pesquisa e Extens\u00e3o (Cepe) e do Conselho Universit\u00e1rio ... Leia mais","og_url":"https:\/\/zulenealves.com.br\/index.php\/2026\/09\/01\/joao-campos-participa-de-sabatina-com-a-comunidade-academica-da-upe\/","og_site_name":"Blog Zulene Alves","article_published_time":"2026-09-01T21:14:55+00:00","og_image":[{"url":"https:\/\/cdn.folhape.com.br\/img\/pc\/1100\/1\/dn_arquivo\/2026\/09\/whatsapp-image-2026-09-01-at-174525-1.jpg","type":"","width":"","height":""}],"author":"Zulene Alves","twitter_card":"summary_large_image","twitter_misc":{"Escrito por":"Zulene Alves","Est. tempo de leitura":"4 minutos"},"schema":{"@context":"https:\/\/schema.org","@graph":[{"@type":"Article","@id":"https:\/\/zulenealves.com.br\/index.php\/2026\/09\/01\/joao-campos-participa-de-sabatina-com-a-comunidade-academica-da-upe\/#article","isPartOf":{"@id":"https:\/\/zulenealves.com.br\/index.php\/2026\/09\/01\/joao-campos-participa-de-sabatina-com-a-comunidade-academica-da-upe\/"},"author":{"name":"Zulene Alves","@id":"https:\/\/zulenealves.com.br\/#\/schema\/person\/211b267042952b9d9062603ea5230577"},"headline":"Jo\u00e3o Campos participa de sabatina com a comunidade acad\u00eamica da UPE","datePublished":"2026-09-01T21:14:55+00:00","mainEntityOfPage":{"@id":"https:\/\/zulenealves.com.br\/index.php\/2026\/09\/01\/joao-campos-participa-de-sabatina-com-a-comunidade-academica-da-upe\/"},"wordCount":674,"image":{"@id":"https:\/\/zulenealves.com.br\/index.php\/2026\/09\/01\/joao-campos-participa-de-sabatina-com-a-comunidade-academica-da-upe\/#primaryimage"},"thumbnailUrl":"https:\/\/cdn.folhape.com.br\/img\/pc\/1100\/1\/dn_arquivo\/2026\/09\/whatsapp-image-2026-09-01-at-174525-1.jpg","inLanguage":"pt-BR"},{"@type":"WebPage","@id":"https:\/\/zulenealves.com.br\/index.php\/2026\/09\/01\/joao-campos-participa-de-sabatina-com-a-comunidade-academica-da-upe\/","url":"https:\/\/zulenealves.com.br\/index.php\/2026\/09\/01\/joao-campos-participa-de-sabatina-com-a-comunidade-academica-da-upe\/","name":"Jo\u00e3o Campos participa de sabatina com a comunidade acad\u00eamica da UPE - Blog Zulene Alves","isPartOf":{"@id":"https:\/\/zulenealves.com.br\/#website"},"primaryImageOfPage":{"@id":"https:\/\/zulenealves.com.br\/index.php\/2026\/09\/01\/joao-campos-participa-de-sabatina-com-a-comunidade-academica-da-upe\/#primaryimage"},"image":{"@id":"https:\/\/zulenealves.com.br\/index.php\/2026\/09\/01\/joao-campos-participa-de-sabatina-com-a-comunidade-academica-da-upe\/#primaryimage"},"thumbnailUrl":"https:\/\/cdn.folhape.com.br\/img\/pc\/1100\/1\/dn_arquivo\/2026\/09\/whatsapp-image-2026-09-01-at-174525-1.jpg","datePublished":"2026-09-01T21:14:55+00:00","author":{"@id":"https:\/\/zulenealves.com.br\/#\/schema\/person\/211b267042952b9d9062603ea5230577"},"breadcrumb":{"@id":"https:\/\/zulenealves.com.br\/index.php\/2026\/09\/01\/joao-campos-participa-de-sabatina-com-a-comunidade-academica-da-upe\/#breadcrumb"},"inLanguage":"pt-BR","potentialAction":[{"@type":"ReadAction","target":["https:\/\/zulenealves.com.br\/index.php\/2026\/09\/01\/joao-campos-participa-de-sabatina-com-a-comunidade-academica-da-upe\/"]}]},{"@type":"ImageObject","inLanguage":"pt-BR","@id":"https:\/\/zulenealves.com.br\/index.php\/2026\/09\/01\/joao-campos-participa-de-sabatina-com-a-comunidade-academica-da-upe\/#primaryimage","url":"https:\/\/cdn.folhape.com.br\/img\/pc\/1100\/1\/dn_arquivo\/2026\/09\/whatsapp-image-2026-09-01-at-174525-1.jpg","contentUrl":"https:\/\/cdn.folhape.com.br\/img\/pc\/1100\/1\/dn_arquivo\/2026\/09\/whatsapp-image-2026-09-01-at-174525-1.jpg"},{"@type":"BreadcrumbList","@id":"https:\/\/zulenealves.com.br\/index.php\/2026\/09\/01\/joao-campos-participa-de-sabatina-com-a-comunidade-academica-da-upe\/#breadcrumb","itemListElement":[{"@type":"ListItem","position":1,"name":"In\u00edcio","item":"https:\/\/zulenealves.com.br\/"},{"@type":"ListItem","position":2,"name":"Jo\u00e3o Campos participa de sabatina com a comunidade acad\u00eamica da UPE"}]},{"@type":"WebSite","@id":"https:\/\/zulenealves.com.br\/#website","url":"https:\/\/zulenealves.com.br\/","name":"Blog Zulene Alves","description":"","potentialAction":[{"@type":"SearchAction","target":{"@type":"EntryPoint","urlTemplate":"https:\/\/zulenealves.com.br\/?s={search_term_string}"},"query-input":{"@type":"PropertyValueSpecification","valueRequired":true,"valueName":"search_term_string"}}],"inLanguage":"pt-BR"},{"@type":"Person","@id":"https:\/\/zulenealves.com.br\/#\/schema\/person\/211b267042952b9d9062603ea5230577","name":"Zulene Alves","image":{"@type":"ImageObject","inLanguage":"pt-BR","@id":"https:\/\/secure.gravatar.com\/avatar\/6256ae245147d58c317918f3a20dbf75c244838a7b265be12b0edacdedc94737?s=96&d=mm&r=g","url":"https:\/\/secure.gravatar.com\/avatar\/6256ae245147d58c317918f3a20dbf75c244838a7b265be12b0edacdedc94737?s=96&d=mm&r=g","contentUrl":"https:\/\/secure.gravatar.com\/avatar\/6256ae245147d58c317918f3a20dbf75c244838a7b265be12b0edacdedc94737?s=96&d=mm&r=g","caption":"Zulene Alves"},"sameAs":["https:\/\/zulenealves.com.br\/"],"url":"https:\/\/zulenealves.com.br\/index.php\/author\/zulene\/"}]}},"_links":{"self":[{"href":"https:\/\/zulenealves.com.br\/index.php\/wp-json\/wp\/v2\/posts\/51541","targetHints":{"allow":["GET"]}}],"collection":[{"href":"https:\/\/zulenealves.com.br\/index.php\/wp-json\/wp\/v2\/posts"}],"about":[{"href":"https:\/\/zulenealves.com.br\/index.php\/wp-json\/wp\/v2\/types\/post"}],"author":[{"embeddable":true,"href":"https:\/\/zulenealves.com.br\/index.php\/wp-json\/wp\/v2\/users\/2"}],"replies":[{"embeddable":true,"href":"https:\/\/zulenealves.com.br\/index.php\/wp-json\/wp\/v2\/comments?post=51541"}],"version-history":[{"count":1,"href":"https:\/\/zulenealves.com.br\/index.php\/wp-json\/wp\/v2\/posts\/51541\/revisions"}],"predecessor-version":[{"id":51542,"href":"https:\/\/zulenealves.com.br\/index.php\/wp-json\/wp\/v2\/posts\/51541\/revisions\/51542"}],"wp:attachment":[{"href":"https:\/\/zulenealves.com.br\/index.php\/wp-json\/wp\/v2\/media?parent=51541"}],"wp:term":[{"taxonomy":"category","embeddable":true,"href":"https:\/\/zulenealves.com.br\/index.php\/wp-json\/wp\/v2\/categories?post=51541"},{"taxonomy":"post_tag","embeddable":true,"href":"https:\/\/zulenealves.com.br\/index.php\/wp-json\/wp\/v2\/tags?post=51541"}],"curies":[{"name":"wp","href":"https:\/\/api.w.org\/{rel}","templated":true}]}}