{"id":51548,"date":"2026-09-02T06:07:43","date_gmt":"2026-09-02T09:07:43","guid":{"rendered":"https:\/\/zulenealves.com.br\/?p=51548"},"modified":"2026-09-02T06:07:45","modified_gmt":"2026-09-02T09:07:45","slug":"igor-maciel-no-escandalo-de-moraes-o-supremo-precisa-decidir-se-julga-para-dentro-como-julga-para-fora","status":"publish","type":"post","link":"https:\/\/zulenealves.com.br\/index.php\/2026\/09\/02\/igor-maciel-no-escandalo-de-moraes-o-supremo-precisa-decidir-se-julga-para-dentro-como-julga-para-fora\/","title":{"rendered":"IGOR MACIEL: No esc\u00e2ndalo de Moraes, o Supremo precisa decidir se julga para dentro como julga para fora"},"content":{"rendered":"<figure style=\"width: 616px\" class=\"wp-caption aligncenter\"><img fetchpriority=\"high\" decoding=\"async\" src=\"https:\/\/www.infomoney.com.br\/wp-content\/uploads\/2025\/09\/moraes-esposa.jpg?fit=1000%2C686&amp;quality=70&amp;strip=all\" alt=\"\" width=\"626\" height=\"429\" \/><figcaption class=\"wp-caption-text\">Viviane Barci de Moraes e o ministro do STF Alexandre de Moraes &#8211; Divulga\u00e7\u00e3o<\/figcaption><\/figure>\n<p style=\"text-align: justify;\">A situa\u00e7\u00e3o de Alexandre de Moraes deixou de ser a da mulher de C\u00e9sar, de quem se esperava n\u00e3o apenas honestidade, mas tamb\u00e9m apar\u00eancia de honestidade. Essa segunda exig\u00eancia o ministro j\u00e1 n\u00e3o conseguia cumprir desde que se tornou conhecido o contrato milion\u00e1rio firmado entre o Banco Master e o escrit\u00f3rio de sua esposa, Viviane Barci. Agora, por\u00e9m, a quest\u00e3o se agravou. As informa\u00e7\u00f5es reunidas pela Pol\u00edcia Federal aproximam pessoalmente Moraes de Daniel Vorcaro e tornam cada vez mais dif\u00edcil apresentar a rela\u00e7\u00e3o como um assunto restrito \u00e0 atividade profissional de sua mulher.<\/p>\n<p style=\"text-align: justify;\">A Rep\u00fablica depende de regras que tamb\u00e9m alcancem aqueles que t\u00eam poder para aplic\u00e1-las. Quando surgem ind\u00edcios dessa gravidade envolvendo um ministro do Supremo Tribunal Federal, a resposta n\u00e3o pode ser o sil\u00eancio, a prote\u00e7\u00e3o corporativa ou a fabrica\u00e7\u00e3o de uma explica\u00e7\u00e3o conveniente. A manuten\u00e7\u00e3o de um m\u00ednimo de moralidade p\u00fablica depende de que o malfeito, se comprovado, produza consequ\u00eancias. Caso contr\u00e1rio, as institui\u00e7\u00f5es come\u00e7am a perder a autoridade que reivindicam sobre toda a sociedade.<\/p>\n<p class=\"texto\" style=\"text-align: justify;\">Em resumo, h\u00e1 momentos em que a manuten\u00e7\u00e3o saud\u00e1vel da democracia depende de que sejam punidos ou afastados aqueles que precisam ser punidos ou afastados.<\/p>\n<p class=\"texto\" style=\"text-align: justify;\"><strong>Como explicar?<\/strong><\/p>\n<p class=\"texto\" style=\"text-align: justify;\">Os elementos revelados pelo Estad\u00e3o nas \u00faltimas horas v\u00e3o muito al\u00e9m da exist\u00eancia de um contrato. Metadados encontrados pela PF indicam que Moraes teria aberto e editado a minuta do acordo entre o Master e o escrit\u00f3rio da esposa. A banca afirma que o ministro foi consultado para verificar poss\u00edveis impedimentos legais. A explica\u00e7\u00e3o confirma, de qualquer maneira, que ele participou da discuss\u00e3o de um neg\u00f3cio que poderia render cerca de R$ 131 milh\u00f5es \u00e0 pr\u00f3pria fam\u00edlia.<\/p>\n<p class=\"texto\" style=\"text-align: justify;\">Mensagens tamb\u00e9m apontam pelo menos seis encontros entre Moraes e Vorcaro. Em uma conversa, o banqueiro reclamou do atraso de uma parcela milion\u00e1ria destinada ao escrit\u00f3rio e tratou o pagamento como prioridade. Houve ainda a negocia\u00e7\u00e3o de um segundo contrato, de R$ 50 milh\u00f5es, que previa a transfer\u00eancia de cotas de um jato e de um helic\u00f3ptero. O escrit\u00f3rio nega que esse acordo tenha sido efetivado, mas n\u00e3o nega que foi discutido.<\/p>\n<p class=\"texto\" style=\"text-align: justify;\">Outro registro mostra Vorcaro autorizando cart\u00f5es do Banco Master para dois filhos do ministro. A mensagem menciona \u201climite de 300 para cada\u201d, valor interpretado nas investiga\u00e7\u00f5es e nas reportagens como R$ 300 mil por cart\u00e3o. O pedido teria partido de um integrante do escrit\u00f3rio de Viviane Barci e recebido o aval pessoal do ent\u00e3o controlador do banco.<\/p>\n<p class=\"texto\" style=\"text-align: justify;\">Cada informa\u00e7\u00e3o isolada poderia receber uma explica\u00e7\u00e3o. mas o conjunto exige algo maior. Contrato milion\u00e1rio, participa\u00e7\u00e3o de Moraes na an\u00e1lise da minuta, pagamentos tratados como priorit\u00e1rios, cart\u00f5es para os filhos, encontros frequentes e negocia\u00e7\u00e3o envolvendo aeronaves formam uma rela\u00e7\u00e3o financeira, pessoal e institucional que j\u00e1 n\u00e3o cabe na vers\u00e3o de que tudo dizia respeito apenas \u00e0 atividade profissional da esposa e que nada se relaciona com o ministro.<\/p>\n<p class=\"texto\" style=\"text-align: justify;\"><strong>Grave<\/strong><\/p>\n<p class=\"texto\" style=\"text-align: justify;\">O ponto mais perturbador surge nas conversas anteriores \u00e0 pris\u00e3o de Vorcaro, segundo os dados da PF. O banqueiro teria procurado Moraes para saber se deveria deixar o Brasil. A pergunta foi feita dois dias antes de ele ser preso pela Pol\u00edcia Federal quando tentava embarcar em um jato particular para o exterior.<\/p>\n<p class=\"texto\" style=\"text-align: justify;\">Vorcaro tamb\u00e9m teria pedido ajuda para bloquear ou retardar investiga\u00e7\u00f5es. Nas mensagens aparecem refer\u00eancias \u00e0 necessidade de prote\u00e7\u00e3o do procurador-geral da Rep\u00fablica, Paulo Gonet, e do diretor-geral da Pol\u00edcia Federal, Andrei Rodrigues. Em outra conversa, o banqueiro afirmou que Moraes daria um \u201caperto\u201d em Gonet. Isso ainda precisa ser investigado e n\u00e3o permite concluir que o procurador-geral ou o chefe da PF tenham atendido a qualquer solicita\u00e7\u00e3o. Permite, contudo, questionar por que Vorcaro acreditava ter influ\u00eancia suficiente para busc\u00e1-los por interm\u00e9dio de um ministro do Supremo.<\/p>\n<p class=\"texto\" style=\"text-align: justify;\">A suspeita que se coloca \u00e9 grav\u00edssima. Vorcaro buscava apenas um conselho pessoal ou consultava Moraes sobre a conveni\u00eancia de fugir? Recebeu alguma informa\u00e7\u00e3o antecipada sobre a opera\u00e7\u00e3o? Houve tentativa de interferir na Pol\u00edcia Federal ou na Procuradoria-Geral da Rep\u00fablica? S\u00e3o perguntas que n\u00e3o podem ser respondidas pelos pr\u00f3prios envolvidos nem encerradas por uma nota de assessoria.<\/p>\n<p class=\"texto\" style=\"text-align: justify;\"><strong>Na\u00a0carne<\/strong><\/p>\n<p class=\"texto\" style=\"text-align: justify;\">Os colegas de Moraes, outros ministros do STF, agora enfrentam uma decis\u00e3o inc\u00f4moda. Investigar um integrante da pr\u00f3pria Corte significa cortar na pr\u00f3pria carne. Evitar a investiga\u00e7\u00e3o, diante do que foi revelado, representaria um dano ainda maior.<\/p>\n<p class=\"texto\" style=\"text-align: justify;\">A credibilidade do Supremo n\u00e3o ser\u00e1 protegida ocultando d\u00favidas sobre um de seus ministros, ainda mais com tantos ind\u00edcios colocados pela investiga\u00e7\u00e3o. Ser\u00e1 preservada apenas se a institui\u00e7\u00e3o demonstrar que as exig\u00eancias impostas aos demais tamb\u00e9m valem dentro de suas paredes. O STF que julga para fora tamb\u00e9m deve julgar para dentro.<\/p>\n<p class=\"texto\" style=\"text-align: justify;\">Moraes deveria, pelo bem do STF, se \u00e9 que ainda respeita a institui\u00e7\u00e3o, afastar-se das fun\u00e7\u00f5es tempor\u00e1ria ou definitivamente. Com isso, permitiria uma apura\u00e7\u00e3o sem a sombra do poder que acumulou e facilitaria a decis\u00e3o dos colegas que hoje constrangem-se de investig\u00e1-lo. Permanecer julgando, determinando dilig\u00eancias e ordenando pris\u00f5es enquanto pairam suspeitas dessa dimens\u00e3o sobre sua pr\u00f3pria conduta exp\u00f5e toda a Corte.<\/p>\n<p class=\"texto\" style=\"text-align: justify;\">Quando uma institui\u00e7\u00e3o relativiza seus princ\u00edpios para livrar uma autoridade, abre o caminho para que amanh\u00e3 outra autoridade exija o mesmo tratamento. Logo, a exce\u00e7\u00e3o vira regra e j\u00e1 n\u00e3o restar\u00e1 nada capaz de sustentar a Rep\u00fablica. Justi\u00e7a sem coer\u00eancia, sem isonomia \u00e9 Justi\u00e7a sem justi\u00e7a, que se transforma apenas em poder. Como um saco vazio que n\u00e3o pode ser pilar da democracia porque n\u00e3o consegue sustentar nada.<\/p>\n<p class=\"texto\" style=\"text-align: justify;\">Os princ\u00edpios \u00e9ticos fundamentais da magistratura, descritos no C\u00f3digo de \u00c9tica da Magistratura, incluem independ\u00eancia, imparcialidade, transpar\u00eancia, integridade pessoal e profissional, dilig\u00eancia e dedica\u00e7\u00e3o, cortesia, prud\u00eancia, sigilo profissional, conhecimento e capacita\u00e7\u00e3o, dignidade, honra e decoro. A pergunta objetiva \u00e9: Alexandre de Moraes ainda re\u00fane condi\u00e7\u00f5es morais para atender a esses princ\u00edpios e seguir como ministro, julgando, mandando investigar e prendendo outras pessoas?<\/p>\n<div class=\"gsp_post_data\" \r\n\t            data-post_type=\"post\" \r\n\t            data-cat=\"sem-categoria\" \r\n\t            data-modified=\"120\"\r\n\t            data-created=\"1788329263\"\r\n\t            data-title=\"IGOR MACIEL: No esc\u00e2ndalo de Moraes, o Supremo precisa decidir se julga para dentro como julga para fora\" \r\n\t            data-home=\"https:\/\/zulenealves.com.br\"><\/div>","protected":false},"excerpt":{"rendered":"<p>A situa\u00e7\u00e3o de Alexandre de Moraes deixou de ser a da mulher de C\u00e9sar, de quem se esperava n\u00e3o apenas honestidade, mas tamb\u00e9m apar\u00eancia de honestidade. Essa segunda exig\u00eancia o ministro j\u00e1 n\u00e3o conseguia cumprir desde que se tornou conhecido o contrato milion\u00e1rio firmado entre o Banco Master e o escrit\u00f3rio de sua esposa, Viviane &#8230; <\/p>\n<p class=\"read-more-container\"><a title=\"IGOR MACIEL: No esc\u00e2ndalo de Moraes, o Supremo precisa decidir se julga para dentro como julga para fora\" class=\"read-more button\" href=\"https:\/\/zulenealves.com.br\/index.php\/2026\/09\/02\/igor-maciel-no-escandalo-de-moraes-o-supremo-precisa-decidir-se-julga-para-dentro-como-julga-para-fora\/#more-51548\" aria-label=\"More on IGOR MACIEL: No esc\u00e2ndalo de Moraes, o Supremo precisa decidir se julga para dentro como julga para fora\">Leia mais<\/a><\/p>\n","protected":false},"author":2,"featured_media":0,"comment_status":"closed","ping_status":"closed","sticky":false,"template":"","format":"standard","meta":{"footnotes":""},"categories":[1],"tags":[],"class_list":["post-51548","post","type-post","status-publish","format-standard","hentry","category-sem-categoria"],"yoast_head":"<!-- This site is optimized with the Yoast SEO plugin v28.4 - https:\/\/yoast.com\/product\/yoast-seo-wordpress\/ -->\n<title>IGOR MACIEL: No esc\u00e2ndalo de Moraes, o Supremo precisa decidir se julga para dentro como julga para fora - Blog Zulene Alves<\/title>\n<meta name=\"robots\" content=\"index, follow, max-snippet:-1, max-image-preview:large, max-video-preview:-1\" \/>\n<link rel=\"canonical\" href=\"https:\/\/zulenealves.com.br\/index.php\/2026\/09\/02\/igor-maciel-no-escandalo-de-moraes-o-supremo-precisa-decidir-se-julga-para-dentro-como-julga-para-fora\/\" \/>\n<meta property=\"og:locale\" content=\"pt_BR\" \/>\n<meta property=\"og:type\" content=\"article\" \/>\n<meta property=\"og:title\" content=\"IGOR MACIEL: No esc\u00e2ndalo de Moraes, o Supremo precisa decidir se julga para dentro como julga para fora - Blog Zulene Alves\" \/>\n<meta property=\"og:description\" content=\"A situa\u00e7\u00e3o de Alexandre de Moraes deixou de ser a da mulher de C\u00e9sar, de quem se esperava n\u00e3o apenas honestidade, mas tamb\u00e9m apar\u00eancia de honestidade. Essa segunda exig\u00eancia o ministro j\u00e1 n\u00e3o conseguia cumprir desde que se tornou conhecido o contrato milion\u00e1rio firmado entre o Banco Master e o escrit\u00f3rio de sua esposa, Viviane ... Leia mais\" \/>\n<meta property=\"og:url\" content=\"https:\/\/zulenealves.com.br\/index.php\/2026\/09\/02\/igor-maciel-no-escandalo-de-moraes-o-supremo-precisa-decidir-se-julga-para-dentro-como-julga-para-fora\/\" \/>\n<meta property=\"og:site_name\" content=\"Blog Zulene Alves\" \/>\n<meta property=\"article:published_time\" content=\"2026-09-02T09:07:43+00:00\" \/>\n<meta property=\"article:modified_time\" content=\"2026-09-02T09:07:45+00:00\" \/>\n<meta property=\"og:image\" content=\"https:\/\/www.infomoney.com.br\/wp-content\/uploads\/2025\/09\/moraes-esposa.jpg?fit=1000%2C686&amp;quality=70&amp;strip=all\" \/>\n<meta name=\"author\" content=\"Zulene Alves\" \/>\n<meta name=\"twitter:card\" content=\"summary_large_image\" \/>\n<meta name=\"twitter:label1\" content=\"Escrito por\" \/>\n\t<meta name=\"twitter:data1\" content=\"Zulene Alves\" \/>\n\t<meta name=\"twitter:label2\" content=\"Est. tempo de leitura\" \/>\n\t<meta name=\"twitter:data2\" content=\"6 minutos\" \/>\n<script type=\"application\/ld+json\" class=\"yoast-schema-graph\">{\"@context\":\"https:\\\/\\\/schema.org\",\"@graph\":[{\"@type\":\"Article\",\"@id\":\"https:\\\/\\\/zulenealves.com.br\\\/index.php\\\/2026\\\/09\\\/02\\\/igor-maciel-no-escandalo-de-moraes-o-supremo-precisa-decidir-se-julga-para-dentro-como-julga-para-fora\\\/#article\",\"isPartOf\":{\"@id\":\"https:\\\/\\\/zulenealves.com.br\\\/index.php\\\/2026\\\/09\\\/02\\\/igor-maciel-no-escandalo-de-moraes-o-supremo-precisa-decidir-se-julga-para-dentro-como-julga-para-fora\\\/\"},\"author\":{\"name\":\"Zulene Alves\",\"@id\":\"https:\\\/\\\/zulenealves.com.br\\\/#\\\/schema\\\/person\\\/211b267042952b9d9062603ea5230577\"},\"headline\":\"IGOR MACIEL: No esc\u00e2ndalo de Moraes, o Supremo precisa decidir se julga para dentro como julga para fora\",\"datePublished\":\"2026-09-02T09:07:43+00:00\",\"dateModified\":\"2026-09-02T09:07:45+00:00\",\"mainEntityOfPage\":{\"@id\":\"https:\\\/\\\/zulenealves.com.br\\\/index.php\\\/2026\\\/09\\\/02\\\/igor-maciel-no-escandalo-de-moraes-o-supremo-precisa-decidir-se-julga-para-dentro-como-julga-para-fora\\\/\"},\"wordCount\":1115,\"image\":{\"@id\":\"https:\\\/\\\/zulenealves.com.br\\\/index.php\\\/2026\\\/09\\\/02\\\/igor-maciel-no-escandalo-de-moraes-o-supremo-precisa-decidir-se-julga-para-dentro-como-julga-para-fora\\\/#primaryimage\"},\"thumbnailUrl\":\"https:\\\/\\\/www.infomoney.com.br\\\/wp-content\\\/uploads\\\/2025\\\/09\\\/moraes-esposa.jpg?fit=1000%2C686&amp;quality=70&amp;strip=all\",\"inLanguage\":\"pt-BR\"},{\"@type\":\"WebPage\",\"@id\":\"https:\\\/\\\/zulenealves.com.br\\\/index.php\\\/2026\\\/09\\\/02\\\/igor-maciel-no-escandalo-de-moraes-o-supremo-precisa-decidir-se-julga-para-dentro-como-julga-para-fora\\\/\",\"url\":\"https:\\\/\\\/zulenealves.com.br\\\/index.php\\\/2026\\\/09\\\/02\\\/igor-maciel-no-escandalo-de-moraes-o-supremo-precisa-decidir-se-julga-para-dentro-como-julga-para-fora\\\/\",\"name\":\"IGOR MACIEL: No esc\u00e2ndalo de Moraes, o Supremo precisa decidir se julga para dentro como julga para fora - Blog Zulene Alves\",\"isPartOf\":{\"@id\":\"https:\\\/\\\/zulenealves.com.br\\\/#website\"},\"primaryImageOfPage\":{\"@id\":\"https:\\\/\\\/zulenealves.com.br\\\/index.php\\\/2026\\\/09\\\/02\\\/igor-maciel-no-escandalo-de-moraes-o-supremo-precisa-decidir-se-julga-para-dentro-como-julga-para-fora\\\/#primaryimage\"},\"image\":{\"@id\":\"https:\\\/\\\/zulenealves.com.br\\\/index.php\\\/2026\\\/09\\\/02\\\/igor-maciel-no-escandalo-de-moraes-o-supremo-precisa-decidir-se-julga-para-dentro-como-julga-para-fora\\\/#primaryimage\"},\"thumbnailUrl\":\"https:\\\/\\\/www.infomoney.com.br\\\/wp-content\\\/uploads\\\/2025\\\/09\\\/moraes-esposa.jpg?fit=1000%2C686&amp;quality=70&amp;strip=all\",\"datePublished\":\"2026-09-02T09:07:43+00:00\",\"dateModified\":\"2026-09-02T09:07:45+00:00\",\"author\":{\"@id\":\"https:\\\/\\\/zulenealves.com.br\\\/#\\\/schema\\\/person\\\/211b267042952b9d9062603ea5230577\"},\"breadcrumb\":{\"@id\":\"https:\\\/\\\/zulenealves.com.br\\\/index.php\\\/2026\\\/09\\\/02\\\/igor-maciel-no-escandalo-de-moraes-o-supremo-precisa-decidir-se-julga-para-dentro-como-julga-para-fora\\\/#breadcrumb\"},\"inLanguage\":\"pt-BR\",\"potentialAction\":[{\"@type\":\"ReadAction\",\"target\":[\"https:\\\/\\\/zulenealves.com.br\\\/index.php\\\/2026\\\/09\\\/02\\\/igor-maciel-no-escandalo-de-moraes-o-supremo-precisa-decidir-se-julga-para-dentro-como-julga-para-fora\\\/\"]}]},{\"@type\":\"ImageObject\",\"inLanguage\":\"pt-BR\",\"@id\":\"https:\\\/\\\/zulenealves.com.br\\\/index.php\\\/2026\\\/09\\\/02\\\/igor-maciel-no-escandalo-de-moraes-o-supremo-precisa-decidir-se-julga-para-dentro-como-julga-para-fora\\\/#primaryimage\",\"url\":\"https:\\\/\\\/www.infomoney.com.br\\\/wp-content\\\/uploads\\\/2025\\\/09\\\/moraes-esposa.jpg?fit=1000%2C686&amp;quality=70&amp;strip=all\",\"contentUrl\":\"https:\\\/\\\/www.infomoney.com.br\\\/wp-content\\\/uploads\\\/2025\\\/09\\\/moraes-esposa.jpg?fit=1000%2C686&amp;quality=70&amp;strip=all\"},{\"@type\":\"BreadcrumbList\",\"@id\":\"https:\\\/\\\/zulenealves.com.br\\\/index.php\\\/2026\\\/09\\\/02\\\/igor-maciel-no-escandalo-de-moraes-o-supremo-precisa-decidir-se-julga-para-dentro-como-julga-para-fora\\\/#breadcrumb\",\"itemListElement\":[{\"@type\":\"ListItem\",\"position\":1,\"name\":\"In\u00edcio\",\"item\":\"https:\\\/\\\/zulenealves.com.br\\\/\"},{\"@type\":\"ListItem\",\"position\":2,\"name\":\"IGOR MACIEL: No esc\u00e2ndalo de Moraes, o Supremo precisa decidir se julga para dentro como julga para fora\"}]},{\"@type\":\"WebSite\",\"@id\":\"https:\\\/\\\/zulenealves.com.br\\\/#website\",\"url\":\"https:\\\/\\\/zulenealves.com.br\\\/\",\"name\":\"Blog Zulene Alves\",\"description\":\"\",\"potentialAction\":[{\"@type\":\"SearchAction\",\"target\":{\"@type\":\"EntryPoint\",\"urlTemplate\":\"https:\\\/\\\/zulenealves.com.br\\\/?s={search_term_string}\"},\"query-input\":{\"@type\":\"PropertyValueSpecification\",\"valueRequired\":true,\"valueName\":\"search_term_string\"}}],\"inLanguage\":\"pt-BR\"},{\"@type\":\"Person\",\"@id\":\"https:\\\/\\\/zulenealves.com.br\\\/#\\\/schema\\\/person\\\/211b267042952b9d9062603ea5230577\",\"name\":\"Zulene Alves\",\"image\":{\"@type\":\"ImageObject\",\"inLanguage\":\"pt-BR\",\"@id\":\"https:\\\/\\\/secure.gravatar.com\\\/avatar\\\/6256ae245147d58c317918f3a20dbf75c244838a7b265be12b0edacdedc94737?s=96&d=mm&r=g\",\"url\":\"https:\\\/\\\/secure.gravatar.com\\\/avatar\\\/6256ae245147d58c317918f3a20dbf75c244838a7b265be12b0edacdedc94737?s=96&d=mm&r=g\",\"contentUrl\":\"https:\\\/\\\/secure.gravatar.com\\\/avatar\\\/6256ae245147d58c317918f3a20dbf75c244838a7b265be12b0edacdedc94737?s=96&d=mm&r=g\",\"caption\":\"Zulene Alves\"},\"sameAs\":[\"https:\\\/\\\/zulenealves.com.br\\\/\"],\"url\":\"https:\\\/\\\/zulenealves.com.br\\\/index.php\\\/author\\\/zulene\\\/\"}]}<\/script>\n<!-- \/ Yoast SEO plugin. -->","yoast_head_json":{"title":"IGOR MACIEL: No esc\u00e2ndalo de Moraes, o Supremo precisa decidir se julga para dentro como julga para fora - Blog Zulene Alves","robots":{"index":"index","follow":"follow","max-snippet":"max-snippet:-1","max-image-preview":"max-image-preview:large","max-video-preview":"max-video-preview:-1"},"canonical":"https:\/\/zulenealves.com.br\/index.php\/2026\/09\/02\/igor-maciel-no-escandalo-de-moraes-o-supremo-precisa-decidir-se-julga-para-dentro-como-julga-para-fora\/","og_locale":"pt_BR","og_type":"article","og_title":"IGOR MACIEL: No esc\u00e2ndalo de Moraes, o Supremo precisa decidir se julga para dentro como julga para fora - Blog Zulene Alves","og_description":"A situa\u00e7\u00e3o de Alexandre de Moraes deixou de ser a da mulher de C\u00e9sar, de quem se esperava n\u00e3o apenas honestidade, mas tamb\u00e9m apar\u00eancia de honestidade. Essa segunda exig\u00eancia o ministro j\u00e1 n\u00e3o conseguia cumprir desde que se tornou conhecido o contrato milion\u00e1rio firmado entre o Banco Master e o escrit\u00f3rio de sua esposa, Viviane ... Leia mais","og_url":"https:\/\/zulenealves.com.br\/index.php\/2026\/09\/02\/igor-maciel-no-escandalo-de-moraes-o-supremo-precisa-decidir-se-julga-para-dentro-como-julga-para-fora\/","og_site_name":"Blog Zulene Alves","article_published_time":"2026-09-02T09:07:43+00:00","article_modified_time":"2026-09-02T09:07:45+00:00","og_image":[{"url":"https:\/\/www.infomoney.com.br\/wp-content\/uploads\/2025\/09\/moraes-esposa.jpg?fit=1000%2C686&amp;quality=70&amp;strip=all","type":"","width":"","height":""}],"author":"Zulene Alves","twitter_card":"summary_large_image","twitter_misc":{"Escrito por":"Zulene Alves","Est. tempo de leitura":"6 minutos"},"schema":{"@context":"https:\/\/schema.org","@graph":[{"@type":"Article","@id":"https:\/\/zulenealves.com.br\/index.php\/2026\/09\/02\/igor-maciel-no-escandalo-de-moraes-o-supremo-precisa-decidir-se-julga-para-dentro-como-julga-para-fora\/#article","isPartOf":{"@id":"https:\/\/zulenealves.com.br\/index.php\/2026\/09\/02\/igor-maciel-no-escandalo-de-moraes-o-supremo-precisa-decidir-se-julga-para-dentro-como-julga-para-fora\/"},"author":{"name":"Zulene Alves","@id":"https:\/\/zulenealves.com.br\/#\/schema\/person\/211b267042952b9d9062603ea5230577"},"headline":"IGOR MACIEL: No esc\u00e2ndalo de Moraes, o Supremo precisa decidir se julga para dentro como julga para fora","datePublished":"2026-09-02T09:07:43+00:00","dateModified":"2026-09-02T09:07:45+00:00","mainEntityOfPage":{"@id":"https:\/\/zulenealves.com.br\/index.php\/2026\/09\/02\/igor-maciel-no-escandalo-de-moraes-o-supremo-precisa-decidir-se-julga-para-dentro-como-julga-para-fora\/"},"wordCount":1115,"image":{"@id":"https:\/\/zulenealves.com.br\/index.php\/2026\/09\/02\/igor-maciel-no-escandalo-de-moraes-o-supremo-precisa-decidir-se-julga-para-dentro-como-julga-para-fora\/#primaryimage"},"thumbnailUrl":"https:\/\/www.infomoney.com.br\/wp-content\/uploads\/2025\/09\/moraes-esposa.jpg?fit=1000%2C686&amp;quality=70&amp;strip=all","inLanguage":"pt-BR"},{"@type":"WebPage","@id":"https:\/\/zulenealves.com.br\/index.php\/2026\/09\/02\/igor-maciel-no-escandalo-de-moraes-o-supremo-precisa-decidir-se-julga-para-dentro-como-julga-para-fora\/","url":"https:\/\/zulenealves.com.br\/index.php\/2026\/09\/02\/igor-maciel-no-escandalo-de-moraes-o-supremo-precisa-decidir-se-julga-para-dentro-como-julga-para-fora\/","name":"IGOR MACIEL: No esc\u00e2ndalo de Moraes, o Supremo precisa decidir se julga para dentro como julga para fora - Blog Zulene Alves","isPartOf":{"@id":"https:\/\/zulenealves.com.br\/#website"},"primaryImageOfPage":{"@id":"https:\/\/zulenealves.com.br\/index.php\/2026\/09\/02\/igor-maciel-no-escandalo-de-moraes-o-supremo-precisa-decidir-se-julga-para-dentro-como-julga-para-fora\/#primaryimage"},"image":{"@id":"https:\/\/zulenealves.com.br\/index.php\/2026\/09\/02\/igor-maciel-no-escandalo-de-moraes-o-supremo-precisa-decidir-se-julga-para-dentro-como-julga-para-fora\/#primaryimage"},"thumbnailUrl":"https:\/\/www.infomoney.com.br\/wp-content\/uploads\/2025\/09\/moraes-esposa.jpg?fit=1000%2C686&amp;quality=70&amp;strip=all","datePublished":"2026-09-02T09:07:43+00:00","dateModified":"2026-09-02T09:07:45+00:00","author":{"@id":"https:\/\/zulenealves.com.br\/#\/schema\/person\/211b267042952b9d9062603ea5230577"},"breadcrumb":{"@id":"https:\/\/zulenealves.com.br\/index.php\/2026\/09\/02\/igor-maciel-no-escandalo-de-moraes-o-supremo-precisa-decidir-se-julga-para-dentro-como-julga-para-fora\/#breadcrumb"},"inLanguage":"pt-BR","potentialAction":[{"@type":"ReadAction","target":["https:\/\/zulenealves.com.br\/index.php\/2026\/09\/02\/igor-maciel-no-escandalo-de-moraes-o-supremo-precisa-decidir-se-julga-para-dentro-como-julga-para-fora\/"]}]},{"@type":"ImageObject","inLanguage":"pt-BR","@id":"https:\/\/zulenealves.com.br\/index.php\/2026\/09\/02\/igor-maciel-no-escandalo-de-moraes-o-supremo-precisa-decidir-se-julga-para-dentro-como-julga-para-fora\/#primaryimage","url":"https:\/\/www.infomoney.com.br\/wp-content\/uploads\/2025\/09\/moraes-esposa.jpg?fit=1000%2C686&amp;quality=70&amp;strip=all","contentUrl":"https:\/\/www.infomoney.com.br\/wp-content\/uploads\/2025\/09\/moraes-esposa.jpg?fit=1000%2C686&amp;quality=70&amp;strip=all"},{"@type":"BreadcrumbList","@id":"https:\/\/zulenealves.com.br\/index.php\/2026\/09\/02\/igor-maciel-no-escandalo-de-moraes-o-supremo-precisa-decidir-se-julga-para-dentro-como-julga-para-fora\/#breadcrumb","itemListElement":[{"@type":"ListItem","position":1,"name":"In\u00edcio","item":"https:\/\/zulenealves.com.br\/"},{"@type":"ListItem","position":2,"name":"IGOR MACIEL: No esc\u00e2ndalo de Moraes, o Supremo precisa decidir se julga para dentro como julga para fora"}]},{"@type":"WebSite","@id":"https:\/\/zulenealves.com.br\/#website","url":"https:\/\/zulenealves.com.br\/","name":"Blog Zulene Alves","description":"","potentialAction":[{"@type":"SearchAction","target":{"@type":"EntryPoint","urlTemplate":"https:\/\/zulenealves.com.br\/?s={search_term_string}"},"query-input":{"@type":"PropertyValueSpecification","valueRequired":true,"valueName":"search_term_string"}}],"inLanguage":"pt-BR"},{"@type":"Person","@id":"https:\/\/zulenealves.com.br\/#\/schema\/person\/211b267042952b9d9062603ea5230577","name":"Zulene Alves","image":{"@type":"ImageObject","inLanguage":"pt-BR","@id":"https:\/\/secure.gravatar.com\/avatar\/6256ae245147d58c317918f3a20dbf75c244838a7b265be12b0edacdedc94737?s=96&d=mm&r=g","url":"https:\/\/secure.gravatar.com\/avatar\/6256ae245147d58c317918f3a20dbf75c244838a7b265be12b0edacdedc94737?s=96&d=mm&r=g","contentUrl":"https:\/\/secure.gravatar.com\/avatar\/6256ae245147d58c317918f3a20dbf75c244838a7b265be12b0edacdedc94737?s=96&d=mm&r=g","caption":"Zulene Alves"},"sameAs":["https:\/\/zulenealves.com.br\/"],"url":"https:\/\/zulenealves.com.br\/index.php\/author\/zulene\/"}]}},"_links":{"self":[{"href":"https:\/\/zulenealves.com.br\/index.php\/wp-json\/wp\/v2\/posts\/51548","targetHints":{"allow":["GET"]}}],"collection":[{"href":"https:\/\/zulenealves.com.br\/index.php\/wp-json\/wp\/v2\/posts"}],"about":[{"href":"https:\/\/zulenealves.com.br\/index.php\/wp-json\/wp\/v2\/types\/post"}],"author":[{"embeddable":true,"href":"https:\/\/zulenealves.com.br\/index.php\/wp-json\/wp\/v2\/users\/2"}],"replies":[{"embeddable":true,"href":"https:\/\/zulenealves.com.br\/index.php\/wp-json\/wp\/v2\/comments?post=51548"}],"version-history":[{"count":2,"href":"https:\/\/zulenealves.com.br\/index.php\/wp-json\/wp\/v2\/posts\/51548\/revisions"}],"predecessor-version":[{"id":51551,"href":"https:\/\/zulenealves.com.br\/index.php\/wp-json\/wp\/v2\/posts\/51548\/revisions\/51551"}],"wp:attachment":[{"href":"https:\/\/zulenealves.com.br\/index.php\/wp-json\/wp\/v2\/media?parent=51548"}],"wp:term":[{"taxonomy":"category","embeddable":true,"href":"https:\/\/zulenealves.com.br\/index.php\/wp-json\/wp\/v2\/categories?post=51548"},{"taxonomy":"post_tag","embeddable":true,"href":"https:\/\/zulenealves.com.br\/index.php\/wp-json\/wp\/v2\/tags?post=51548"}],"curies":[{"name":"wp","href":"https:\/\/api.w.org\/{rel}","templated":true}]}}