{"id":51571,"date":"2026-09-02T15:47:56","date_gmt":"2026-09-02T18:47:56","guid":{"rendered":"https:\/\/zulenealves.com.br\/?p=51571"},"modified":"2026-09-02T15:48:00","modified_gmt":"2026-09-02T18:48:00","slug":"prefeitura-do-recife-conquista-premio-nacional-de-inovacao-com-ia-que-reduziu-filas-na-saude-publica","status":"publish","type":"post","link":"https:\/\/zulenealves.com.br\/index.php\/2026\/09\/02\/prefeitura-do-recife-conquista-premio-nacional-de-inovacao-com-ia-que-reduziu-filas-na-saude-publica\/","title":{"rendered":"Prefeitura do Recife conquista pr\u00eamio nacional de inova\u00e7\u00e3o com IA que reduziu filas na sa\u00fade p\u00fablica"},"content":{"rendered":"<p dir=\"ltr\" style=\"text-align: justify;\">Solu\u00e7\u00e3o Absens foi reconhecida no Pr\u00eamio Impacto Brasil 2026, do Agile Trends, na categoria Transforma\u00e7\u00e3o, ficando \u00e0 frente de grandes empresas nacionais como Banco do Brasil, Bradesco, Grupo Botic\u00e1rio e Gerdau<\/p>\n<p dir=\"ltr\" style=\"text-align: justify;\">A Prefeitura do Recife, por meio da Empresa Municipal de Inform\u00e1tica (Emprel), conquistou o segundo lugar no Pr\u00eamio Impacto Brasil 2026, promovido pelo Agile Trends, na categoria \u201cTransforma\u00e7\u00e3o \u2013 mais de 500 pessoas envolvidas\u201d. O resultado foi anunciado na noite desta ter\u00e7a-feira (1\u00ba), durante cerim\u00f4nia no Pavilh\u00e3o da Bienal do Ibirapuera, em S\u00e3o Paulo, que reuniu lideran\u00e7as dos setores p\u00fablico e privado.<\/p>\n<p dir=\"ltr\" style=\"text-align: justify;\">O reconhecimento veio com o case \u201cIntelig\u00eancia Artificial aplicada na Redu\u00e7\u00e3o do Absente\u00edsmo na Sa\u00fade P\u00fablica \u2013 Efici\u00eancia e economia\u201d, que apresenta os resultados do Absens, desenvolvido pela govtech Beyond Company, por meio da Emprel, com apoio da Secretaria de Sa\u00fade e da Secretaria de Transforma\u00e7\u00e3o Digital, Ci\u00eancia e Tecnologia (SECTI), para enfrentar um desafio hist\u00f3rico da rede municipal: o n\u00e3o comparecimento de pacientes a consultas e exames especializados.<\/p>\n<p dir=\"ltr\" style=\"text-align: justify;\">Implantada gradualmente a partir de agosto de 2022 e em pleno funcionamento desde mar\u00e7o de 2023, a ferramenta utiliza intelig\u00eancia artificial, an\u00e1lise preditiva de dados e automa\u00e7\u00e3o de contatos pelo WhatsApp oficial do munic\u00edpio para confirmar agendamentos, facilitar cancelamentos e reagendamentos e reocupar automaticamente hor\u00e1rios que ficariam vagos.<\/p>\n<p dir=\"ltr\" style=\"text-align: justify;\">A solu\u00e7\u00e3o possibilitou a recupera\u00e7\u00e3o de mais de 280 mil vagas na rede municipal de sa\u00fade, com economia estimada em R$ 20 milh\u00f5es aos cofres p\u00fablicos, contribuindo para reduzir filas e melhorar o aproveitamento dos recursos do Sistema \u00danico de Sa\u00fade (SUS). O projeto nasceu no 1\u00ba Ciclo de Inova\u00e7\u00e3o Aberta (EITA! Recife) da Prefeitura do Recife, em 2022, e foi viabilizado por mecanismos do Marco Legal das Startups, como o Contrato P\u00fablico de Solu\u00e7\u00e3o Inovadora (CPSI).<\/p>\n<p dir=\"ltr\" style=\"text-align: justify;\">Na avalia\u00e7\u00e3o do pr\u00eamio, especialistas e executivos consideraram crit\u00e9rios como relev\u00e2ncia do desafio, capacidade de execu\u00e7\u00e3o, potencial de dissemina\u00e7\u00e3o e resultados alcan\u00e7ados. Na categoria, o Recife ficou \u00e0 frente de grandes empresas nacionais, entre elas Banco do Brasil, Bradesco, Grupo Botic\u00e1rio e Gerdau.<\/p>\n<p dir=\"ltr\" style=\"text-align: justify;\">Representando a gest\u00e3o municipal na cerim\u00f4nia, o diretor de Inova\u00e7\u00e3o Aberta e Governan\u00e7a de Dados da Emprel, Breno Alencar, destacou o reconhecimento. \u201cEssa conquista, em uma categoria t\u00e3o competitiva, mostra a for\u00e7a da inova\u00e7\u00e3o produzida no Recife e a capacidade da gest\u00e3o p\u00fablica de transformar tecnologia em resultados concretos para a popula\u00e7\u00e3o. O Absens demonstra como a intelig\u00eancia artificial pode ser aplicada para melhorar o atendimento no SUS, recuperar vagas e gerar economia de recursos p\u00fablicos\u201d, afirmou.<\/p>\n<p dir=\"ltr\" style=\"text-align: justify;\">Com a premia\u00e7\u00e3o, a Prefeitura do Recife e a Emprel passam a integrar o Ranking Impacto Brasil e recebem o selo digital Cases de Impacto do Brasil, reconhecimento pelo trabalho em inova\u00e7\u00e3o, gest\u00e3o e transforma\u00e7\u00e3o social. Al\u00e9m disso, vale destacar que a solu\u00e7\u00e3o integra o portf\u00f3lio de produtos da Emprel, j\u00e1 sendo fornecida para o Estado do Amazonas e para o munic\u00edpio de Cajamar, em S\u00e3o Paulo.<\/p>\n<div class=\"gsp_post_data\" \r\n\t            data-post_type=\"post\" \r\n\t            data-cat=\"destaque\" \r\n\t            data-modified=\"120\"\r\n\t            data-created=\"1788364076\"\r\n\t            data-title=\"Prefeitura do Recife conquista pr\u00eamio nacional de inova\u00e7\u00e3o com IA que reduziu filas na sa\u00fade p\u00fablica\" \r\n\t            data-home=\"https:\/\/zulenealves.com.br\"><\/div>","protected":false},"excerpt":{"rendered":"<p>Solu\u00e7\u00e3o Absens foi reconhecida no Pr\u00eamio Impacto Brasil 2026, do Agile Trends, na categoria Transforma\u00e7\u00e3o, ficando \u00e0 frente de grandes empresas nacionais como Banco do Brasil, Bradesco, Grupo Botic\u00e1rio e Gerdau A Prefeitura do Recife, por meio da Empresa Municipal de Inform\u00e1tica (Emprel), conquistou o segundo lugar no Pr\u00eamio Impacto Brasil 2026, promovido pelo Agile &#8230; <\/p>\n<p class=\"read-more-container\"><a title=\"Prefeitura do Recife conquista pr\u00eamio nacional de inova\u00e7\u00e3o com IA que reduziu filas na sa\u00fade p\u00fablica\" class=\"read-more button\" href=\"https:\/\/zulenealves.com.br\/index.php\/2026\/09\/02\/prefeitura-do-recife-conquista-premio-nacional-de-inovacao-com-ia-que-reduziu-filas-na-saude-publica\/#more-51571\" aria-label=\"More on Prefeitura do Recife conquista pr\u00eamio nacional de inova\u00e7\u00e3o com IA que reduziu filas na sa\u00fade p\u00fablica\">Leia mais<\/a><\/p>\n","protected":false},"author":2,"featured_media":51572,"comment_status":"closed","ping_status":"closed","sticky":false,"template":"","format":"standard","meta":{"footnotes":""},"categories":[23],"tags":[],"class_list":["post-51571","post","type-post","status-publish","format-standard","has-post-thumbnail","hentry","category-destaque","resize-featured-image"],"yoast_head":"<!-- This site is optimized with the Yoast SEO plugin v28.4 - https:\/\/yoast.com\/product\/yoast-seo-wordpress\/ -->\n<title>Prefeitura do Recife conquista pr\u00eamio nacional de inova\u00e7\u00e3o com IA que reduziu filas na sa\u00fade p\u00fablica - Blog Zulene Alves<\/title>\n<meta name=\"robots\" content=\"index, follow, max-snippet:-1, max-image-preview:large, max-video-preview:-1\" \/>\n<link rel=\"canonical\" href=\"https:\/\/zulenealves.com.br\/index.php\/2026\/09\/02\/prefeitura-do-recife-conquista-premio-nacional-de-inovacao-com-ia-que-reduziu-filas-na-saude-publica\/\" \/>\n<meta property=\"og:locale\" content=\"pt_BR\" \/>\n<meta property=\"og:type\" content=\"article\" \/>\n<meta property=\"og:title\" content=\"Prefeitura do Recife conquista pr\u00eamio nacional de inova\u00e7\u00e3o com IA que reduziu filas na sa\u00fade p\u00fablica - Blog Zulene Alves\" \/>\n<meta property=\"og:description\" content=\"Solu\u00e7\u00e3o Absens foi reconhecida no Pr\u00eamio Impacto Brasil 2026, do Agile Trends, na categoria Transforma\u00e7\u00e3o, ficando \u00e0 frente de grandes empresas nacionais como Banco do Brasil, Bradesco, Grupo Botic\u00e1rio e Gerdau A Prefeitura do Recife, por meio da Empresa Municipal de Inform\u00e1tica (Emprel), conquistou o segundo lugar no Pr\u00eamio Impacto Brasil 2026, promovido pelo Agile ... Leia mais\" \/>\n<meta property=\"og:url\" content=\"https:\/\/zulenealves.com.br\/index.php\/2026\/09\/02\/prefeitura-do-recife-conquista-premio-nacional-de-inovacao-com-ia-que-reduziu-filas-na-saude-publica\/\" \/>\n<meta property=\"og:site_name\" content=\"Blog Zulene Alves\" \/>\n<meta property=\"article:published_time\" content=\"2026-09-02T18:47:56+00:00\" \/>\n<meta property=\"article:modified_time\" content=\"2026-09-02T18:48:00+00:00\" \/>\n<meta property=\"og:image\" content=\"https:\/\/zulenealves.com.br\/wp-content\/uploads\/2026\/09\/567-1024x768.png\" \/>\n\t<meta property=\"og:image:width\" content=\"1024\" \/>\n\t<meta property=\"og:image:height\" content=\"768\" \/>\n\t<meta property=\"og:image:type\" content=\"image\/png\" \/>\n<meta name=\"author\" content=\"Zulene Alves\" \/>\n<meta name=\"twitter:card\" content=\"summary_large_image\" \/>\n<meta name=\"twitter:label1\" content=\"Escrito por\" \/>\n\t<meta name=\"twitter:data1\" content=\"Zulene Alves\" \/>\n\t<meta name=\"twitter:label2\" content=\"Est. tempo de leitura\" \/>\n\t<meta name=\"twitter:data2\" content=\"3 minutos\" \/>\n<script type=\"application\/ld+json\" class=\"yoast-schema-graph\">{\"@context\":\"https:\\\/\\\/schema.org\",\"@graph\":[{\"@type\":\"Article\",\"@id\":\"https:\\\/\\\/zulenealves.com.br\\\/index.php\\\/2026\\\/09\\\/02\\\/prefeitura-do-recife-conquista-premio-nacional-de-inovacao-com-ia-que-reduziu-filas-na-saude-publica\\\/#article\",\"isPartOf\":{\"@id\":\"https:\\\/\\\/zulenealves.com.br\\\/index.php\\\/2026\\\/09\\\/02\\\/prefeitura-do-recife-conquista-premio-nacional-de-inovacao-com-ia-que-reduziu-filas-na-saude-publica\\\/\"},\"author\":{\"name\":\"Zulene Alves\",\"@id\":\"https:\\\/\\\/zulenealves.com.br\\\/#\\\/schema\\\/person\\\/211b267042952b9d9062603ea5230577\"},\"headline\":\"Prefeitura do Recife conquista pr\u00eamio nacional de inova\u00e7\u00e3o com IA que reduziu filas na sa\u00fade p\u00fablica\",\"datePublished\":\"2026-09-02T18:47:56+00:00\",\"dateModified\":\"2026-09-02T18:48:00+00:00\",\"mainEntityOfPage\":{\"@id\":\"https:\\\/\\\/zulenealves.com.br\\\/index.php\\\/2026\\\/09\\\/02\\\/prefeitura-do-recife-conquista-premio-nacional-de-inovacao-com-ia-que-reduziu-filas-na-saude-publica\\\/\"},\"wordCount\":548,\"image\":{\"@id\":\"https:\\\/\\\/zulenealves.com.br\\\/index.php\\\/2026\\\/09\\\/02\\\/prefeitura-do-recife-conquista-premio-nacional-de-inovacao-com-ia-que-reduziu-filas-na-saude-publica\\\/#primaryimage\"},\"thumbnailUrl\":\"https:\\\/\\\/zulenealves.com.br\\\/wp-content\\\/uploads\\\/2026\\\/09\\\/567.png\",\"articleSection\":[\"Destaque\"],\"inLanguage\":\"pt-BR\"},{\"@type\":\"WebPage\",\"@id\":\"https:\\\/\\\/zulenealves.com.br\\\/index.php\\\/2026\\\/09\\\/02\\\/prefeitura-do-recife-conquista-premio-nacional-de-inovacao-com-ia-que-reduziu-filas-na-saude-publica\\\/\",\"url\":\"https:\\\/\\\/zulenealves.com.br\\\/index.php\\\/2026\\\/09\\\/02\\\/prefeitura-do-recife-conquista-premio-nacional-de-inovacao-com-ia-que-reduziu-filas-na-saude-publica\\\/\",\"name\":\"Prefeitura do Recife conquista pr\u00eamio nacional de inova\u00e7\u00e3o com IA que reduziu filas na sa\u00fade p\u00fablica - Blog Zulene Alves\",\"isPartOf\":{\"@id\":\"https:\\\/\\\/zulenealves.com.br\\\/#website\"},\"primaryImageOfPage\":{\"@id\":\"https:\\\/\\\/zulenealves.com.br\\\/index.php\\\/2026\\\/09\\\/02\\\/prefeitura-do-recife-conquista-premio-nacional-de-inovacao-com-ia-que-reduziu-filas-na-saude-publica\\\/#primaryimage\"},\"image\":{\"@id\":\"https:\\\/\\\/zulenealves.com.br\\\/index.php\\\/2026\\\/09\\\/02\\\/prefeitura-do-recife-conquista-premio-nacional-de-inovacao-com-ia-que-reduziu-filas-na-saude-publica\\\/#primaryimage\"},\"thumbnailUrl\":\"https:\\\/\\\/zulenealves.com.br\\\/wp-content\\\/uploads\\\/2026\\\/09\\\/567.png\",\"datePublished\":\"2026-09-02T18:47:56+00:00\",\"dateModified\":\"2026-09-02T18:48:00+00:00\",\"author\":{\"@id\":\"https:\\\/\\\/zulenealves.com.br\\\/#\\\/schema\\\/person\\\/211b267042952b9d9062603ea5230577\"},\"breadcrumb\":{\"@id\":\"https:\\\/\\\/zulenealves.com.br\\\/index.php\\\/2026\\\/09\\\/02\\\/prefeitura-do-recife-conquista-premio-nacional-de-inovacao-com-ia-que-reduziu-filas-na-saude-publica\\\/#breadcrumb\"},\"inLanguage\":\"pt-BR\",\"potentialAction\":[{\"@type\":\"ReadAction\",\"target\":[\"https:\\\/\\\/zulenealves.com.br\\\/index.php\\\/2026\\\/09\\\/02\\\/prefeitura-do-recife-conquista-premio-nacional-de-inovacao-com-ia-que-reduziu-filas-na-saude-publica\\\/\"]}]},{\"@type\":\"ImageObject\",\"inLanguage\":\"pt-BR\",\"@id\":\"https:\\\/\\\/zulenealves.com.br\\\/index.php\\\/2026\\\/09\\\/02\\\/prefeitura-do-recife-conquista-premio-nacional-de-inovacao-com-ia-que-reduziu-filas-na-saude-publica\\\/#primaryimage\",\"url\":\"https:\\\/\\\/zulenealves.com.br\\\/wp-content\\\/uploads\\\/2026\\\/09\\\/567.png\",\"contentUrl\":\"https:\\\/\\\/zulenealves.com.br\\\/wp-content\\\/uploads\\\/2026\\\/09\\\/567.png\",\"width\":1600,\"height\":1200},{\"@type\":\"BreadcrumbList\",\"@id\":\"https:\\\/\\\/zulenealves.com.br\\\/index.php\\\/2026\\\/09\\\/02\\\/prefeitura-do-recife-conquista-premio-nacional-de-inovacao-com-ia-que-reduziu-filas-na-saude-publica\\\/#breadcrumb\",\"itemListElement\":[{\"@type\":\"ListItem\",\"position\":1,\"name\":\"In\u00edcio\",\"item\":\"https:\\\/\\\/zulenealves.com.br\\\/\"},{\"@type\":\"ListItem\",\"position\":2,\"name\":\"Prefeitura do Recife conquista pr\u00eamio nacional de inova\u00e7\u00e3o com IA que reduziu filas na sa\u00fade p\u00fablica\"}]},{\"@type\":\"WebSite\",\"@id\":\"https:\\\/\\\/zulenealves.com.br\\\/#website\",\"url\":\"https:\\\/\\\/zulenealves.com.br\\\/\",\"name\":\"Blog Zulene Alves\",\"description\":\"\",\"potentialAction\":[{\"@type\":\"SearchAction\",\"target\":{\"@type\":\"EntryPoint\",\"urlTemplate\":\"https:\\\/\\\/zulenealves.com.br\\\/?s={search_term_string}\"},\"query-input\":{\"@type\":\"PropertyValueSpecification\",\"valueRequired\":true,\"valueName\":\"search_term_string\"}}],\"inLanguage\":\"pt-BR\"},{\"@type\":\"Person\",\"@id\":\"https:\\\/\\\/zulenealves.com.br\\\/#\\\/schema\\\/person\\\/211b267042952b9d9062603ea5230577\",\"name\":\"Zulene Alves\",\"image\":{\"@type\":\"ImageObject\",\"inLanguage\":\"pt-BR\",\"@id\":\"https:\\\/\\\/secure.gravatar.com\\\/avatar\\\/6256ae245147d58c317918f3a20dbf75c244838a7b265be12b0edacdedc94737?s=96&d=mm&r=g\",\"url\":\"https:\\\/\\\/secure.gravatar.com\\\/avatar\\\/6256ae245147d58c317918f3a20dbf75c244838a7b265be12b0edacdedc94737?s=96&d=mm&r=g\",\"contentUrl\":\"https:\\\/\\\/secure.gravatar.com\\\/avatar\\\/6256ae245147d58c317918f3a20dbf75c244838a7b265be12b0edacdedc94737?s=96&d=mm&r=g\",\"caption\":\"Zulene Alves\"},\"sameAs\":[\"https:\\\/\\\/zulenealves.com.br\\\/\"],\"url\":\"https:\\\/\\\/zulenealves.com.br\\\/index.php\\\/author\\\/zulene\\\/\"}]}<\/script>\n<!-- \/ Yoast SEO plugin. -->","yoast_head_json":{"title":"Prefeitura do Recife conquista pr\u00eamio nacional de inova\u00e7\u00e3o com IA que reduziu filas na sa\u00fade p\u00fablica - Blog Zulene Alves","robots":{"index":"index","follow":"follow","max-snippet":"max-snippet:-1","max-image-preview":"max-image-preview:large","max-video-preview":"max-video-preview:-1"},"canonical":"https:\/\/zulenealves.com.br\/index.php\/2026\/09\/02\/prefeitura-do-recife-conquista-premio-nacional-de-inovacao-com-ia-que-reduziu-filas-na-saude-publica\/","og_locale":"pt_BR","og_type":"article","og_title":"Prefeitura do Recife conquista pr\u00eamio nacional de inova\u00e7\u00e3o com IA que reduziu filas na sa\u00fade p\u00fablica - Blog Zulene Alves","og_description":"Solu\u00e7\u00e3o Absens foi reconhecida no Pr\u00eamio Impacto Brasil 2026, do Agile Trends, na categoria Transforma\u00e7\u00e3o, ficando \u00e0 frente de grandes empresas nacionais como Banco do Brasil, Bradesco, Grupo Botic\u00e1rio e Gerdau A Prefeitura do Recife, por meio da Empresa Municipal de Inform\u00e1tica (Emprel), conquistou o segundo lugar no Pr\u00eamio Impacto Brasil 2026, promovido pelo Agile ... Leia mais","og_url":"https:\/\/zulenealves.com.br\/index.php\/2026\/09\/02\/prefeitura-do-recife-conquista-premio-nacional-de-inovacao-com-ia-que-reduziu-filas-na-saude-publica\/","og_site_name":"Blog Zulene Alves","article_published_time":"2026-09-02T18:47:56+00:00","article_modified_time":"2026-09-02T18:48:00+00:00","og_image":[{"width":1024,"height":768,"url":"https:\/\/zulenealves.com.br\/wp-content\/uploads\/2026\/09\/567-1024x768.png","type":"image\/png"}],"author":"Zulene Alves","twitter_card":"summary_large_image","twitter_misc":{"Escrito por":"Zulene Alves","Est. tempo de leitura":"3 minutos"},"schema":{"@context":"https:\/\/schema.org","@graph":[{"@type":"Article","@id":"https:\/\/zulenealves.com.br\/index.php\/2026\/09\/02\/prefeitura-do-recife-conquista-premio-nacional-de-inovacao-com-ia-que-reduziu-filas-na-saude-publica\/#article","isPartOf":{"@id":"https:\/\/zulenealves.com.br\/index.php\/2026\/09\/02\/prefeitura-do-recife-conquista-premio-nacional-de-inovacao-com-ia-que-reduziu-filas-na-saude-publica\/"},"author":{"name":"Zulene Alves","@id":"https:\/\/zulenealves.com.br\/#\/schema\/person\/211b267042952b9d9062603ea5230577"},"headline":"Prefeitura do Recife conquista pr\u00eamio nacional de inova\u00e7\u00e3o com IA que reduziu filas na sa\u00fade p\u00fablica","datePublished":"2026-09-02T18:47:56+00:00","dateModified":"2026-09-02T18:48:00+00:00","mainEntityOfPage":{"@id":"https:\/\/zulenealves.com.br\/index.php\/2026\/09\/02\/prefeitura-do-recife-conquista-premio-nacional-de-inovacao-com-ia-que-reduziu-filas-na-saude-publica\/"},"wordCount":548,"image":{"@id":"https:\/\/zulenealves.com.br\/index.php\/2026\/09\/02\/prefeitura-do-recife-conquista-premio-nacional-de-inovacao-com-ia-que-reduziu-filas-na-saude-publica\/#primaryimage"},"thumbnailUrl":"https:\/\/zulenealves.com.br\/wp-content\/uploads\/2026\/09\/567.png","articleSection":["Destaque"],"inLanguage":"pt-BR"},{"@type":"WebPage","@id":"https:\/\/zulenealves.com.br\/index.php\/2026\/09\/02\/prefeitura-do-recife-conquista-premio-nacional-de-inovacao-com-ia-que-reduziu-filas-na-saude-publica\/","url":"https:\/\/zulenealves.com.br\/index.php\/2026\/09\/02\/prefeitura-do-recife-conquista-premio-nacional-de-inovacao-com-ia-que-reduziu-filas-na-saude-publica\/","name":"Prefeitura do Recife conquista pr\u00eamio nacional de inova\u00e7\u00e3o com IA que reduziu filas na sa\u00fade p\u00fablica - Blog Zulene Alves","isPartOf":{"@id":"https:\/\/zulenealves.com.br\/#website"},"primaryImageOfPage":{"@id":"https:\/\/zulenealves.com.br\/index.php\/2026\/09\/02\/prefeitura-do-recife-conquista-premio-nacional-de-inovacao-com-ia-que-reduziu-filas-na-saude-publica\/#primaryimage"},"image":{"@id":"https:\/\/zulenealves.com.br\/index.php\/2026\/09\/02\/prefeitura-do-recife-conquista-premio-nacional-de-inovacao-com-ia-que-reduziu-filas-na-saude-publica\/#primaryimage"},"thumbnailUrl":"https:\/\/zulenealves.com.br\/wp-content\/uploads\/2026\/09\/567.png","datePublished":"2026-09-02T18:47:56+00:00","dateModified":"2026-09-02T18:48:00+00:00","author":{"@id":"https:\/\/zulenealves.com.br\/#\/schema\/person\/211b267042952b9d9062603ea5230577"},"breadcrumb":{"@id":"https:\/\/zulenealves.com.br\/index.php\/2026\/09\/02\/prefeitura-do-recife-conquista-premio-nacional-de-inovacao-com-ia-que-reduziu-filas-na-saude-publica\/#breadcrumb"},"inLanguage":"pt-BR","potentialAction":[{"@type":"ReadAction","target":["https:\/\/zulenealves.com.br\/index.php\/2026\/09\/02\/prefeitura-do-recife-conquista-premio-nacional-de-inovacao-com-ia-que-reduziu-filas-na-saude-publica\/"]}]},{"@type":"ImageObject","inLanguage":"pt-BR","@id":"https:\/\/zulenealves.com.br\/index.php\/2026\/09\/02\/prefeitura-do-recife-conquista-premio-nacional-de-inovacao-com-ia-que-reduziu-filas-na-saude-publica\/#primaryimage","url":"https:\/\/zulenealves.com.br\/wp-content\/uploads\/2026\/09\/567.png","contentUrl":"https:\/\/zulenealves.com.br\/wp-content\/uploads\/2026\/09\/567.png","width":1600,"height":1200},{"@type":"BreadcrumbList","@id":"https:\/\/zulenealves.com.br\/index.php\/2026\/09\/02\/prefeitura-do-recife-conquista-premio-nacional-de-inovacao-com-ia-que-reduziu-filas-na-saude-publica\/#breadcrumb","itemListElement":[{"@type":"ListItem","position":1,"name":"In\u00edcio","item":"https:\/\/zulenealves.com.br\/"},{"@type":"ListItem","position":2,"name":"Prefeitura do Recife conquista pr\u00eamio nacional de inova\u00e7\u00e3o com IA que reduziu filas na sa\u00fade p\u00fablica"}]},{"@type":"WebSite","@id":"https:\/\/zulenealves.com.br\/#website","url":"https:\/\/zulenealves.com.br\/","name":"Blog Zulene Alves","description":"","potentialAction":[{"@type":"SearchAction","target":{"@type":"EntryPoint","urlTemplate":"https:\/\/zulenealves.com.br\/?s={search_term_string}"},"query-input":{"@type":"PropertyValueSpecification","valueRequired":true,"valueName":"search_term_string"}}],"inLanguage":"pt-BR"},{"@type":"Person","@id":"https:\/\/zulenealves.com.br\/#\/schema\/person\/211b267042952b9d9062603ea5230577","name":"Zulene Alves","image":{"@type":"ImageObject","inLanguage":"pt-BR","@id":"https:\/\/secure.gravatar.com\/avatar\/6256ae245147d58c317918f3a20dbf75c244838a7b265be12b0edacdedc94737?s=96&d=mm&r=g","url":"https:\/\/secure.gravatar.com\/avatar\/6256ae245147d58c317918f3a20dbf75c244838a7b265be12b0edacdedc94737?s=96&d=mm&r=g","contentUrl":"https:\/\/secure.gravatar.com\/avatar\/6256ae245147d58c317918f3a20dbf75c244838a7b265be12b0edacdedc94737?s=96&d=mm&r=g","caption":"Zulene Alves"},"sameAs":["https:\/\/zulenealves.com.br\/"],"url":"https:\/\/zulenealves.com.br\/index.php\/author\/zulene\/"}]}},"_links":{"self":[{"href":"https:\/\/zulenealves.com.br\/index.php\/wp-json\/wp\/v2\/posts\/51571","targetHints":{"allow":["GET"]}}],"collection":[{"href":"https:\/\/zulenealves.com.br\/index.php\/wp-json\/wp\/v2\/posts"}],"about":[{"href":"https:\/\/zulenealves.com.br\/index.php\/wp-json\/wp\/v2\/types\/post"}],"author":[{"embeddable":true,"href":"https:\/\/zulenealves.com.br\/index.php\/wp-json\/wp\/v2\/users\/2"}],"replies":[{"embeddable":true,"href":"https:\/\/zulenealves.com.br\/index.php\/wp-json\/wp\/v2\/comments?post=51571"}],"version-history":[{"count":2,"href":"https:\/\/zulenealves.com.br\/index.php\/wp-json\/wp\/v2\/posts\/51571\/revisions"}],"predecessor-version":[{"id":51574,"href":"https:\/\/zulenealves.com.br\/index.php\/wp-json\/wp\/v2\/posts\/51571\/revisions\/51574"}],"wp:featuredmedia":[{"embeddable":true,"href":"https:\/\/zulenealves.com.br\/index.php\/wp-json\/wp\/v2\/media\/51572"}],"wp:attachment":[{"href":"https:\/\/zulenealves.com.br\/index.php\/wp-json\/wp\/v2\/media?parent=51571"}],"wp:term":[{"taxonomy":"category","embeddable":true,"href":"https:\/\/zulenealves.com.br\/index.php\/wp-json\/wp\/v2\/categories?post=51571"},{"taxonomy":"post_tag","embeddable":true,"href":"https:\/\/zulenealves.com.br\/index.php\/wp-json\/wp\/v2\/tags?post=51571"}],"curies":[{"name":"wp","href":"https:\/\/api.w.org\/{rel}","templated":true}]}}