{"id":51585,"date":"2026-09-03T05:39:22","date_gmt":"2026-09-03T08:39:22","guid":{"rendered":"https:\/\/zulenealves.com.br\/?p=51585"},"modified":"2026-09-03T05:42:15","modified_gmt":"2026-09-03T08:42:15","slug":"lula-mede-impacto-de-crise-no-stf-e-avalia-fala","status":"publish","type":"post","link":"https:\/\/zulenealves.com.br\/index.php\/2026\/09\/03\/lula-mede-impacto-de-crise-no-stf-e-avalia-fala\/","title":{"rendered":"Lula mede impacto de crise no STF e avalia fala"},"content":{"rendered":"<p><img fetchpriority=\"high\" decoding=\"async\" class=\"aligncenter\" src=\"https:\/\/admin.cnnbrasil.com.br\/wp-content\/uploads\/sites\/12\/2026\/06\/lula-lancamento-tela-brasil-ricardo-stuckert-30-mai-2026-1.jpg?w=419&amp;h=283&amp;crop=0&amp;quality=90\" alt=\"Lula\" width=\"556\" height=\"370\" \/><\/p>\n<p style=\"text-align: justify;\">O presidente Luiz In\u00e1cio Lula da Silva (PT) avalia se posicionar sobre a crise no STF (Supremo Tribunal Federal) desencadeada pela retirada de sigilo de mensagens enviadas pelo ex-banqueiro do Master, Daniel Vorcaro, ao ministro Alexandre de Moraes.<\/p>\n<p class=\"my-5 break-words group-[.isActiveSource]:text-xl\" style=\"text-align: justify;\">Em um primeiro momento, o PT avaliou permanecer em sil\u00eancio por entender que o caso n\u00e3o tem conex\u00e3o com a campanha.<\/p>\n<p class=\"my-5 break-words group-[.isActiveSource]:text-xl\" style=\"text-align: justify;\">A rota foi reavaliada diante da preocupa\u00e7\u00e3o que a crise\u00a0afaste o eleitorado independente\u00a0de Lula e abaste\u00e7a os advers\u00e1rios, que s\u00e3o todos de direita e alimentam o discurso anti-Moraes e de cr\u00edticas \u00e0 atua\u00e7\u00e3o da Suprema Corte.<\/p>\n<p class=\"my-5 break-words group-[.isActiveSource]:text-xl\" style=\"text-align: justify;\">A estrat\u00e9gia foi escalar o presidente do partido, Edinho Silva, para falar sobre assunto, sem men\u00e7\u00f5es diretas \u00e0 Moraes, Andr\u00e9 Mendon\u00e7a ou ao Master.<\/p>\n<p class=\"my-5 break-words group-[.isActiveSource]:text-xl\" style=\"text-align: justify;\">A ideia foi terceirizar a quest\u00e3o enquanto a equipe amadurece a avalia\u00e7\u00e3o sobre o impacto do posicionamento do pr\u00f3prio Lula sobre o tema. Uma das op\u00e7\u00f5es \u00e9 dar um ar institucional, com Lula falando mais como presidente da Rep\u00fablica do que como candidato ap\u00f3s Edinho ter sido escalado a falar pela campanha.<\/p>\n<p style=\"text-align: justify;\">Apesar de n\u00e3o ter feito sinaliza\u00e7\u00f5es publicas, o presidente tem\u00a0procurado ministros do STF\u00a0para falar sobre a crise. Como mostrou a\u00a0<strong class=\"group-[.isActiveSource]:text-xl group-[.isActiveSource]:font-bold\">CNN<\/strong>, o presidente se reuniu, desde ter\u00e7a-feira (1\u00b0),\u00a0com os ministros Edson Fachin, Gilmar Mendes e Fl\u00e1vio Dino.<\/p>\n<div class=\"gsp_post_data\" \r\n\t            data-post_type=\"post\" \r\n\t            data-cat=\"sem-categoria\" \r\n\t            data-modified=\"120\"\r\n\t            data-created=\"1788413962\"\r\n\t            data-title=\"Lula mede impacto de crise no STF e avalia fala\" \r\n\t            data-home=\"https:\/\/zulenealves.com.br\"><\/div>","protected":false},"excerpt":{"rendered":"<p>O presidente Luiz In\u00e1cio Lula da Silva (PT) avalia se posicionar sobre a crise no STF (Supremo Tribunal Federal) desencadeada pela retirada de sigilo de mensagens enviadas pelo ex-banqueiro do Master, Daniel Vorcaro, ao ministro Alexandre de Moraes. Em um primeiro momento, o PT avaliou permanecer em sil\u00eancio por entender que o caso n\u00e3o tem &#8230; <\/p>\n<p class=\"read-more-container\"><a title=\"Lula mede impacto de crise no STF e avalia fala\" class=\"read-more button\" href=\"https:\/\/zulenealves.com.br\/index.php\/2026\/09\/03\/lula-mede-impacto-de-crise-no-stf-e-avalia-fala\/#more-51585\" aria-label=\"More on Lula mede impacto de crise no STF e avalia fala\">Leia mais<\/a><\/p>\n","protected":false},"author":2,"featured_media":0,"comment_status":"closed","ping_status":"closed","sticky":false,"template":"","format":"standard","meta":{"footnotes":""},"categories":[1],"tags":[],"class_list":["post-51585","post","type-post","status-publish","format-standard","hentry","category-sem-categoria"],"yoast_head":"<!-- This site is optimized with the Yoast SEO plugin v28.4 - https:\/\/yoast.com\/product\/yoast-seo-wordpress\/ -->\n<title>Lula mede impacto de crise no STF e avalia fala - Blog Zulene Alves<\/title>\n<meta name=\"robots\" content=\"index, follow, max-snippet:-1, max-image-preview:large, max-video-preview:-1\" \/>\n<link rel=\"canonical\" href=\"https:\/\/zulenealves.com.br\/index.php\/2026\/09\/03\/lula-mede-impacto-de-crise-no-stf-e-avalia-fala\/\" \/>\n<meta property=\"og:locale\" content=\"pt_BR\" \/>\n<meta property=\"og:type\" content=\"article\" \/>\n<meta property=\"og:title\" content=\"Lula mede impacto de crise no STF e avalia fala - Blog Zulene Alves\" \/>\n<meta property=\"og:description\" content=\"O presidente Luiz In\u00e1cio Lula da Silva (PT) avalia se posicionar sobre a crise no STF (Supremo Tribunal Federal) desencadeada pela retirada de sigilo de mensagens enviadas pelo ex-banqueiro do Master, Daniel Vorcaro, ao ministro Alexandre de Moraes. Em um primeiro momento, o PT avaliou permanecer em sil\u00eancio por entender que o caso n\u00e3o tem ... Leia mais\" \/>\n<meta property=\"og:url\" content=\"https:\/\/zulenealves.com.br\/index.php\/2026\/09\/03\/lula-mede-impacto-de-crise-no-stf-e-avalia-fala\/\" \/>\n<meta property=\"og:site_name\" content=\"Blog Zulene Alves\" \/>\n<meta property=\"article:published_time\" content=\"2026-09-03T08:39:22+00:00\" \/>\n<meta property=\"article:modified_time\" content=\"2026-09-03T08:42:15+00:00\" \/>\n<meta property=\"og:image\" content=\"https:\/\/admin.cnnbrasil.com.br\/wp-content\/uploads\/sites\/12\/2026\/06\/lula-lancamento-tela-brasil-ricardo-stuckert-30-mai-2026-1.jpg?w=419&amp;h=283&amp;crop=0&amp;quality=90\" \/>\n<meta name=\"author\" content=\"Zulene Alves\" \/>\n<meta name=\"twitter:card\" content=\"summary_large_image\" \/>\n<meta name=\"twitter:label1\" content=\"Escrito por\" \/>\n\t<meta name=\"twitter:data1\" content=\"Zulene Alves\" \/>\n\t<meta name=\"twitter:label2\" content=\"Est. tempo de leitura\" \/>\n\t<meta name=\"twitter:data2\" content=\"2 minutos\" \/>\n<script type=\"application\/ld+json\" class=\"yoast-schema-graph\">{\"@context\":\"https:\\\/\\\/schema.org\",\"@graph\":[{\"@type\":\"Article\",\"@id\":\"https:\\\/\\\/zulenealves.com.br\\\/index.php\\\/2026\\\/09\\\/03\\\/lula-mede-impacto-de-crise-no-stf-e-avalia-fala\\\/#article\",\"isPartOf\":{\"@id\":\"https:\\\/\\\/zulenealves.com.br\\\/index.php\\\/2026\\\/09\\\/03\\\/lula-mede-impacto-de-crise-no-stf-e-avalia-fala\\\/\"},\"author\":{\"name\":\"Zulene Alves\",\"@id\":\"https:\\\/\\\/zulenealves.com.br\\\/#\\\/schema\\\/person\\\/211b267042952b9d9062603ea5230577\"},\"headline\":\"Lula mede impacto de crise no STF e avalia fala\",\"datePublished\":\"2026-09-03T08:39:22+00:00\",\"dateModified\":\"2026-09-03T08:42:15+00:00\",\"mainEntityOfPage\":{\"@id\":\"https:\\\/\\\/zulenealves.com.br\\\/index.php\\\/2026\\\/09\\\/03\\\/lula-mede-impacto-de-crise-no-stf-e-avalia-fala\\\/\"},\"wordCount\":242,\"image\":{\"@id\":\"https:\\\/\\\/zulenealves.com.br\\\/index.php\\\/2026\\\/09\\\/03\\\/lula-mede-impacto-de-crise-no-stf-e-avalia-fala\\\/#primaryimage\"},\"thumbnailUrl\":\"https:\\\/\\\/admin.cnnbrasil.com.br\\\/wp-content\\\/uploads\\\/sites\\\/12\\\/2026\\\/06\\\/lula-lancamento-tela-brasil-ricardo-stuckert-30-mai-2026-1.jpg?w=419&amp;h=283&amp;crop=0&amp;quality=90\",\"inLanguage\":\"pt-BR\"},{\"@type\":\"WebPage\",\"@id\":\"https:\\\/\\\/zulenealves.com.br\\\/index.php\\\/2026\\\/09\\\/03\\\/lula-mede-impacto-de-crise-no-stf-e-avalia-fala\\\/\",\"url\":\"https:\\\/\\\/zulenealves.com.br\\\/index.php\\\/2026\\\/09\\\/03\\\/lula-mede-impacto-de-crise-no-stf-e-avalia-fala\\\/\",\"name\":\"Lula mede impacto de crise no STF e avalia fala - Blog Zulene Alves\",\"isPartOf\":{\"@id\":\"https:\\\/\\\/zulenealves.com.br\\\/#website\"},\"primaryImageOfPage\":{\"@id\":\"https:\\\/\\\/zulenealves.com.br\\\/index.php\\\/2026\\\/09\\\/03\\\/lula-mede-impacto-de-crise-no-stf-e-avalia-fala\\\/#primaryimage\"},\"image\":{\"@id\":\"https:\\\/\\\/zulenealves.com.br\\\/index.php\\\/2026\\\/09\\\/03\\\/lula-mede-impacto-de-crise-no-stf-e-avalia-fala\\\/#primaryimage\"},\"thumbnailUrl\":\"https:\\\/\\\/admin.cnnbrasil.com.br\\\/wp-content\\\/uploads\\\/sites\\\/12\\\/2026\\\/06\\\/lula-lancamento-tela-brasil-ricardo-stuckert-30-mai-2026-1.jpg?w=419&amp;h=283&amp;crop=0&amp;quality=90\",\"datePublished\":\"2026-09-03T08:39:22+00:00\",\"dateModified\":\"2026-09-03T08:42:15+00:00\",\"author\":{\"@id\":\"https:\\\/\\\/zulenealves.com.br\\\/#\\\/schema\\\/person\\\/211b267042952b9d9062603ea5230577\"},\"breadcrumb\":{\"@id\":\"https:\\\/\\\/zulenealves.com.br\\\/index.php\\\/2026\\\/09\\\/03\\\/lula-mede-impacto-de-crise-no-stf-e-avalia-fala\\\/#breadcrumb\"},\"inLanguage\":\"pt-BR\",\"potentialAction\":[{\"@type\":\"ReadAction\",\"target\":[\"https:\\\/\\\/zulenealves.com.br\\\/index.php\\\/2026\\\/09\\\/03\\\/lula-mede-impacto-de-crise-no-stf-e-avalia-fala\\\/\"]}]},{\"@type\":\"ImageObject\",\"inLanguage\":\"pt-BR\",\"@id\":\"https:\\\/\\\/zulenealves.com.br\\\/index.php\\\/2026\\\/09\\\/03\\\/lula-mede-impacto-de-crise-no-stf-e-avalia-fala\\\/#primaryimage\",\"url\":\"https:\\\/\\\/admin.cnnbrasil.com.br\\\/wp-content\\\/uploads\\\/sites\\\/12\\\/2026\\\/06\\\/lula-lancamento-tela-brasil-ricardo-stuckert-30-mai-2026-1.jpg?w=419&amp;h=283&amp;crop=0&amp;quality=90\",\"contentUrl\":\"https:\\\/\\\/admin.cnnbrasil.com.br\\\/wp-content\\\/uploads\\\/sites\\\/12\\\/2026\\\/06\\\/lula-lancamento-tela-brasil-ricardo-stuckert-30-mai-2026-1.jpg?w=419&amp;h=283&amp;crop=0&amp;quality=90\"},{\"@type\":\"BreadcrumbList\",\"@id\":\"https:\\\/\\\/zulenealves.com.br\\\/index.php\\\/2026\\\/09\\\/03\\\/lula-mede-impacto-de-crise-no-stf-e-avalia-fala\\\/#breadcrumb\",\"itemListElement\":[{\"@type\":\"ListItem\",\"position\":1,\"name\":\"In\u00edcio\",\"item\":\"https:\\\/\\\/zulenealves.com.br\\\/\"},{\"@type\":\"ListItem\",\"position\":2,\"name\":\"Lula mede impacto de crise no STF e avalia fala\"}]},{\"@type\":\"WebSite\",\"@id\":\"https:\\\/\\\/zulenealves.com.br\\\/#website\",\"url\":\"https:\\\/\\\/zulenealves.com.br\\\/\",\"name\":\"Blog Zulene Alves\",\"description\":\"\",\"potentialAction\":[{\"@type\":\"SearchAction\",\"target\":{\"@type\":\"EntryPoint\",\"urlTemplate\":\"https:\\\/\\\/zulenealves.com.br\\\/?s={search_term_string}\"},\"query-input\":{\"@type\":\"PropertyValueSpecification\",\"valueRequired\":true,\"valueName\":\"search_term_string\"}}],\"inLanguage\":\"pt-BR\"},{\"@type\":\"Person\",\"@id\":\"https:\\\/\\\/zulenealves.com.br\\\/#\\\/schema\\\/person\\\/211b267042952b9d9062603ea5230577\",\"name\":\"Zulene Alves\",\"image\":{\"@type\":\"ImageObject\",\"inLanguage\":\"pt-BR\",\"@id\":\"https:\\\/\\\/secure.gravatar.com\\\/avatar\\\/6256ae245147d58c317918f3a20dbf75c244838a7b265be12b0edacdedc94737?s=96&d=mm&r=g\",\"url\":\"https:\\\/\\\/secure.gravatar.com\\\/avatar\\\/6256ae245147d58c317918f3a20dbf75c244838a7b265be12b0edacdedc94737?s=96&d=mm&r=g\",\"contentUrl\":\"https:\\\/\\\/secure.gravatar.com\\\/avatar\\\/6256ae245147d58c317918f3a20dbf75c244838a7b265be12b0edacdedc94737?s=96&d=mm&r=g\",\"caption\":\"Zulene Alves\"},\"sameAs\":[\"https:\\\/\\\/zulenealves.com.br\\\/\"],\"url\":\"https:\\\/\\\/zulenealves.com.br\\\/index.php\\\/author\\\/zulene\\\/\"}]}<\/script>\n<!-- \/ Yoast SEO plugin. -->","yoast_head_json":{"title":"Lula mede impacto de crise no STF e avalia fala - Blog Zulene Alves","robots":{"index":"index","follow":"follow","max-snippet":"max-snippet:-1","max-image-preview":"max-image-preview:large","max-video-preview":"max-video-preview:-1"},"canonical":"https:\/\/zulenealves.com.br\/index.php\/2026\/09\/03\/lula-mede-impacto-de-crise-no-stf-e-avalia-fala\/","og_locale":"pt_BR","og_type":"article","og_title":"Lula mede impacto de crise no STF e avalia fala - Blog Zulene Alves","og_description":"O presidente Luiz In\u00e1cio Lula da Silva (PT) avalia se posicionar sobre a crise no STF (Supremo Tribunal Federal) desencadeada pela retirada de sigilo de mensagens enviadas pelo ex-banqueiro do Master, Daniel Vorcaro, ao ministro Alexandre de Moraes. Em um primeiro momento, o PT avaliou permanecer em sil\u00eancio por entender que o caso n\u00e3o tem ... Leia mais","og_url":"https:\/\/zulenealves.com.br\/index.php\/2026\/09\/03\/lula-mede-impacto-de-crise-no-stf-e-avalia-fala\/","og_site_name":"Blog Zulene Alves","article_published_time":"2026-09-03T08:39:22+00:00","article_modified_time":"2026-09-03T08:42:15+00:00","og_image":[{"url":"https:\/\/admin.cnnbrasil.com.br\/wp-content\/uploads\/sites\/12\/2026\/06\/lula-lancamento-tela-brasil-ricardo-stuckert-30-mai-2026-1.jpg?w=419&amp;h=283&amp;crop=0&amp;quality=90","type":"","width":"","height":""}],"author":"Zulene Alves","twitter_card":"summary_large_image","twitter_misc":{"Escrito por":"Zulene Alves","Est. tempo de leitura":"2 minutos"},"schema":{"@context":"https:\/\/schema.org","@graph":[{"@type":"Article","@id":"https:\/\/zulenealves.com.br\/index.php\/2026\/09\/03\/lula-mede-impacto-de-crise-no-stf-e-avalia-fala\/#article","isPartOf":{"@id":"https:\/\/zulenealves.com.br\/index.php\/2026\/09\/03\/lula-mede-impacto-de-crise-no-stf-e-avalia-fala\/"},"author":{"name":"Zulene Alves","@id":"https:\/\/zulenealves.com.br\/#\/schema\/person\/211b267042952b9d9062603ea5230577"},"headline":"Lula mede impacto de crise no STF e avalia fala","datePublished":"2026-09-03T08:39:22+00:00","dateModified":"2026-09-03T08:42:15+00:00","mainEntityOfPage":{"@id":"https:\/\/zulenealves.com.br\/index.php\/2026\/09\/03\/lula-mede-impacto-de-crise-no-stf-e-avalia-fala\/"},"wordCount":242,"image":{"@id":"https:\/\/zulenealves.com.br\/index.php\/2026\/09\/03\/lula-mede-impacto-de-crise-no-stf-e-avalia-fala\/#primaryimage"},"thumbnailUrl":"https:\/\/admin.cnnbrasil.com.br\/wp-content\/uploads\/sites\/12\/2026\/06\/lula-lancamento-tela-brasil-ricardo-stuckert-30-mai-2026-1.jpg?w=419&amp;h=283&amp;crop=0&amp;quality=90","inLanguage":"pt-BR"},{"@type":"WebPage","@id":"https:\/\/zulenealves.com.br\/index.php\/2026\/09\/03\/lula-mede-impacto-de-crise-no-stf-e-avalia-fala\/","url":"https:\/\/zulenealves.com.br\/index.php\/2026\/09\/03\/lula-mede-impacto-de-crise-no-stf-e-avalia-fala\/","name":"Lula mede impacto de crise no STF e avalia fala - Blog Zulene Alves","isPartOf":{"@id":"https:\/\/zulenealves.com.br\/#website"},"primaryImageOfPage":{"@id":"https:\/\/zulenealves.com.br\/index.php\/2026\/09\/03\/lula-mede-impacto-de-crise-no-stf-e-avalia-fala\/#primaryimage"},"image":{"@id":"https:\/\/zulenealves.com.br\/index.php\/2026\/09\/03\/lula-mede-impacto-de-crise-no-stf-e-avalia-fala\/#primaryimage"},"thumbnailUrl":"https:\/\/admin.cnnbrasil.com.br\/wp-content\/uploads\/sites\/12\/2026\/06\/lula-lancamento-tela-brasil-ricardo-stuckert-30-mai-2026-1.jpg?w=419&amp;h=283&amp;crop=0&amp;quality=90","datePublished":"2026-09-03T08:39:22+00:00","dateModified":"2026-09-03T08:42:15+00:00","author":{"@id":"https:\/\/zulenealves.com.br\/#\/schema\/person\/211b267042952b9d9062603ea5230577"},"breadcrumb":{"@id":"https:\/\/zulenealves.com.br\/index.php\/2026\/09\/03\/lula-mede-impacto-de-crise-no-stf-e-avalia-fala\/#breadcrumb"},"inLanguage":"pt-BR","potentialAction":[{"@type":"ReadAction","target":["https:\/\/zulenealves.com.br\/index.php\/2026\/09\/03\/lula-mede-impacto-de-crise-no-stf-e-avalia-fala\/"]}]},{"@type":"ImageObject","inLanguage":"pt-BR","@id":"https:\/\/zulenealves.com.br\/index.php\/2026\/09\/03\/lula-mede-impacto-de-crise-no-stf-e-avalia-fala\/#primaryimage","url":"https:\/\/admin.cnnbrasil.com.br\/wp-content\/uploads\/sites\/12\/2026\/06\/lula-lancamento-tela-brasil-ricardo-stuckert-30-mai-2026-1.jpg?w=419&amp;h=283&amp;crop=0&amp;quality=90","contentUrl":"https:\/\/admin.cnnbrasil.com.br\/wp-content\/uploads\/sites\/12\/2026\/06\/lula-lancamento-tela-brasil-ricardo-stuckert-30-mai-2026-1.jpg?w=419&amp;h=283&amp;crop=0&amp;quality=90"},{"@type":"BreadcrumbList","@id":"https:\/\/zulenealves.com.br\/index.php\/2026\/09\/03\/lula-mede-impacto-de-crise-no-stf-e-avalia-fala\/#breadcrumb","itemListElement":[{"@type":"ListItem","position":1,"name":"In\u00edcio","item":"https:\/\/zulenealves.com.br\/"},{"@type":"ListItem","position":2,"name":"Lula mede impacto de crise no STF e avalia fala"}]},{"@type":"WebSite","@id":"https:\/\/zulenealves.com.br\/#website","url":"https:\/\/zulenealves.com.br\/","name":"Blog Zulene Alves","description":"","potentialAction":[{"@type":"SearchAction","target":{"@type":"EntryPoint","urlTemplate":"https:\/\/zulenealves.com.br\/?s={search_term_string}"},"query-input":{"@type":"PropertyValueSpecification","valueRequired":true,"valueName":"search_term_string"}}],"inLanguage":"pt-BR"},{"@type":"Person","@id":"https:\/\/zulenealves.com.br\/#\/schema\/person\/211b267042952b9d9062603ea5230577","name":"Zulene Alves","image":{"@type":"ImageObject","inLanguage":"pt-BR","@id":"https:\/\/secure.gravatar.com\/avatar\/6256ae245147d58c317918f3a20dbf75c244838a7b265be12b0edacdedc94737?s=96&d=mm&r=g","url":"https:\/\/secure.gravatar.com\/avatar\/6256ae245147d58c317918f3a20dbf75c244838a7b265be12b0edacdedc94737?s=96&d=mm&r=g","contentUrl":"https:\/\/secure.gravatar.com\/avatar\/6256ae245147d58c317918f3a20dbf75c244838a7b265be12b0edacdedc94737?s=96&d=mm&r=g","caption":"Zulene Alves"},"sameAs":["https:\/\/zulenealves.com.br\/"],"url":"https:\/\/zulenealves.com.br\/index.php\/author\/zulene\/"}]}},"_links":{"self":[{"href":"https:\/\/zulenealves.com.br\/index.php\/wp-json\/wp\/v2\/posts\/51585","targetHints":{"allow":["GET"]}}],"collection":[{"href":"https:\/\/zulenealves.com.br\/index.php\/wp-json\/wp\/v2\/posts"}],"about":[{"href":"https:\/\/zulenealves.com.br\/index.php\/wp-json\/wp\/v2\/types\/post"}],"author":[{"embeddable":true,"href":"https:\/\/zulenealves.com.br\/index.php\/wp-json\/wp\/v2\/users\/2"}],"replies":[{"embeddable":true,"href":"https:\/\/zulenealves.com.br\/index.php\/wp-json\/wp\/v2\/comments?post=51585"}],"version-history":[{"count":1,"href":"https:\/\/zulenealves.com.br\/index.php\/wp-json\/wp\/v2\/posts\/51585\/revisions"}],"predecessor-version":[{"id":51586,"href":"https:\/\/zulenealves.com.br\/index.php\/wp-json\/wp\/v2\/posts\/51585\/revisions\/51586"}],"wp:attachment":[{"href":"https:\/\/zulenealves.com.br\/index.php\/wp-json\/wp\/v2\/media?parent=51585"}],"wp:term":[{"taxonomy":"category","embeddable":true,"href":"https:\/\/zulenealves.com.br\/index.php\/wp-json\/wp\/v2\/categories?post=51585"},{"taxonomy":"post_tag","embeddable":true,"href":"https:\/\/zulenealves.com.br\/index.php\/wp-json\/wp\/v2\/tags?post=51585"}],"curies":[{"name":"wp","href":"https:\/\/api.w.org\/{rel}","templated":true}]}}