{"id":51598,"date":"2026-09-03T16:23:00","date_gmt":"2026-09-03T19:23:00","guid":{"rendered":"https:\/\/zulenealves.com.br\/?p=51598"},"modified":"2026-09-03T16:23:08","modified_gmt":"2026-09-03T19:23:08","slug":"raquel-lyra-ve-com-preocupacao-crise-no-stf-e-diz-que-pais-vive-momento-perigoso","status":"publish","type":"post","link":"https:\/\/zulenealves.com.br\/index.php\/2026\/09\/03\/raquel-lyra-ve-com-preocupacao-crise-no-stf-e-diz-que-pais-vive-momento-perigoso\/","title":{"rendered":"Raquel Lyra v\u00ea com preocupa\u00e7\u00e3o crise no STF e diz que pa\u00eds vive momento perigoso"},"content":{"rendered":"<p><img fetchpriority=\"high\" decoding=\"async\" class=\"aligncenter\" src=\"https:\/\/cdn.folhape.com.br\/img\/pc\/1100\/1\/dn_arquivo\/2026\/08\/whatsapp-image-2026-08-02-at-152026.jpeg\" alt=\"Governadora pediu a preserva\u00e7\u00e3o das institui\u00e7\u00f5es e do ordenamento jur\u00eddico\" width=\"543\" height=\"362\" \/>Por<strong>\u00a0Alex Fonseca<\/strong><\/p>\n<p style=\"text-align: justify;\">A governadora de Pernambuco e candidata \u00e0 reelei\u00e7\u00e3o pelo PSD, Raquel Lyra, avaliou, na manh\u00e3 desta quinta-feira (3), a crise no Supremo Tribunal Federal (STF) depois da revela\u00e7\u00e3o de conversas entre o ministro da corte Alexandre de Moraes e o empres\u00e1rio Daniel Vorcaro, dono do extinto banco Master, que est\u00e1 preso, acusado pela Pol\u00edcia Federal (PF) de fraude fiscal.<\/p>\n<p style=\"text-align: justify;\">Em sabatina promovida pelo portal Uol e pela Folha de S\u00e3o Paulo, a chefe do Executivo pernambucano pediu a preserva\u00e7\u00e3o das institui\u00e7\u00f5es e do ordenamento jur\u00eddico.<\/p>\n<p style=\"text-align: justify;\">&#8220;Vejo com preocupa\u00e7\u00e3o tudo isso que est\u00e1 acontecendo no nosso pa\u00eds e espero que tudo aquilo que est\u00e1 sendo colocado \u00e0 mesa seja apurado, respeitando o devido processo lega e responsabilizando quem precisar ser responsabilizado&#8221;, declarou.<\/p>\n<p style=\"text-align: justify;\" data-intext-processed=\"true\">Ainda de acordo com Raquel Lyra, a apura\u00e7\u00e3o de supostos fatos envolvendo magistrados e pol\u00edticos deve ser feita independentemente dos nomes envolvidos, uma vez que &#8220;qualquer nome \u00e9 menor do que a institui\u00e7\u00e3o que ele representa&#8221;.<\/p>\n<p style=\"text-align: justify;\" data-intext-processed=\"true\">&#8220;Se h\u00e1 qualquer tipo de responsabilidade, que seja apurada com o devido processo legal, e quem tiver de responder c\u00edvel ou criminalmente, deve faz\u00ea-lo tamb\u00e9m. Ningu\u00e9m \u00e9 maior do que a lei. N\u00e3o estou falando diretamente para o ministro (Moraes), mas para o Brasil de forma geral&#8221;, disse. &#8220;O mais importante de tudo \u00e9 que n\u00e3o se deixe colocar debaixo do tapete quest\u00f5es que precisam ser discutidas e reveladas para que a institui\u00e7\u00e3o possa prevalecer&#8221;, complementou.<\/p>\n<p style=\"text-align: justify;\">Questionada sobre um poss\u00edvel\u00a0<em>impeachment<\/em>\u00a0do ministro Alexandre de Moraes, Raquel frisou que n\u00e3o compete a ela manifestar-se contr\u00e1ria ou favoravelmente. &#8220;Existe todo um processo para qualquer tipo de julgamento, e ele (Moraes) precisa ser respeitado tamb\u00e9m.&#8221;<\/p>\n<p style=\"text-align: justify;\">A governadora manifestou preocupa\u00e7\u00e3o com a possibilidade de debates, como o de impeachment do ministro, contaminarem o processo eleitoral deste ano.<\/p>\n<p style=\"text-align: justify;\">&#8220;\u00c9 um momento muito perigoso. Estamos a trinta dias das elei\u00e7\u00f5es e as coisas est\u00e3o muito contaminadas e est\u00e3o acontecendo em um momento em que levantar bandeira e tomar decis\u00e3o \u00e9 perigoso se estiver olhando para o resultado eleitoral&#8221;, ponderou.<\/p>\n<p style=\"text-align: justify;\" data-intext-processed=\"true\"><strong>Cartazes<\/strong><br \/>\nA governadora voltou a se manifestar a respeito dos cartazes ap\u00f3crifos, colocados em \u00e1reas do Bairro do Recife, com agress\u00f5es dirigidas a ela. Raquel acusou, ainda, advers\u00e1rios de tentarem imputar sobre ela a responsabilidade de ter produzido os cartazes.<\/p>\n<div id=\"pads_intext-178846324973427\" style=\"text-align: justify;\" data-premium=\"\" data-adunit=\"FOLHA_PE_INTEXT_02\" data-sizes-mobile=\"[[336,280],[320,320],[300,300],[300,250],[300,190],[250,250],[200,200]]\" data-sizes-desktop=\"[[336,280],[320,320],[300,300],[300,250],[250,250],[200,200]]\" data-type=\"intext\" data-count=\"2\" data-fetch=\"true\" data-google-query-id=\"CKrysPaQ05YDFdEhuQYdv_YqqA\">\n<div id=\"google_ads_iframe_\/88816410\/FOLHA_PE_INTEXT_02_0__container__\">&#8220;Nunca vi nada t\u00e3o abomin\u00e1vel. Meu marido, a mem\u00f3ria dele ou a minha fam\u00edlia n\u00e3o est\u00e3o no centro do debate das elei\u00e7\u00f5es de Pernambuco e n\u00e3o podem ser&#8221;, declarou.<\/div>\n<\/div>\n<p style=\"text-align: justify;\"><strong>Quatro linhas\u00a0<\/strong><br \/>\nAo rebater as acusa\u00e7\u00f5es de que existiria um\u00a0 susposto gabinete do \u00f3dio, comandado pelo governo estadual, com o objetivo de desidratar o candidato Jo\u00e3o Campos (PSB), Raquel disse que quem precisava se explicar \u00e9 o advers\u00e1rio. Lembrou uma a\u00e7\u00e3o que protocolou den\u00fancias no Tribunal Regional Eleitoral de Pernambuco (TRE-PE) contra uma suposta de rede de perfis, coordenada pelos opositores, contra ela.<\/p>\n<p style=\"text-align: justify;\">&#8220;Quem fala sobre gabinete do \u00f3dio, precisa justificar como \u00e9 que funciona uma rede de mais de 500 rob\u00f4s que a gente detectou&#8221;, disse. &#8220;Eu jogo dentro das quatro linhas&#8221;, acrescentou.<\/p>\n<p style=\"text-align: justify;\"><strong>Compara\u00e7\u00e3o\u00a0<\/strong><br \/>\nA governadora disse que entende a disputa eleitoral como um debate de ideias e n\u00e3o &#8220;um vale-tudo pelo poder&#8221;. Ao relembrar a passagem pelo PSB (partido advers\u00e1rio Jo\u00e3o Campos), disse que n\u00e3o apagaria &#8220;um mil\u00edmetro&#8221; da pr\u00f3pria hist\u00f3ria e sugeriu que o advers\u00e1rio teria &#8220;uma lembran\u00e7a seletiva&#8221;.<\/p>\n<p style=\"text-align: justify;\">&#8220;Acho importante (a popula\u00e7\u00e3o) fazer uma avalia\u00e7\u00e3o sobre a trajet\u00f3ria e as entregas de um e de outro&#8221;, afirmou.<\/p>\n<div class=\"gsp_post_data\" \r\n\t            data-post_type=\"post\" \r\n\t            data-cat=\"sem-categoria\" \r\n\t            data-modified=\"120\"\r\n\t            data-created=\"1788452580\"\r\n\t            data-title=\"Raquel Lyra v\u00ea com preocupa\u00e7\u00e3o crise no STF e diz que pa\u00eds vive momento perigoso\" \r\n\t            data-home=\"https:\/\/zulenealves.com.br\"><\/div>","protected":false},"excerpt":{"rendered":"<p>Por\u00a0Alex Fonseca A governadora de Pernambuco e candidata \u00e0 reelei\u00e7\u00e3o pelo PSD, Raquel Lyra, avaliou, na manh\u00e3 desta quinta-feira (3), a crise no Supremo Tribunal Federal (STF) depois da revela\u00e7\u00e3o de conversas entre o ministro da corte Alexandre de Moraes e o empres\u00e1rio Daniel Vorcaro, dono do extinto banco Master, que est\u00e1 preso, acusado pela &#8230; <\/p>\n<p class=\"read-more-container\"><a title=\"Raquel Lyra v\u00ea com preocupa\u00e7\u00e3o crise no STF e diz que pa\u00eds vive momento perigoso\" class=\"read-more button\" href=\"https:\/\/zulenealves.com.br\/index.php\/2026\/09\/03\/raquel-lyra-ve-com-preocupacao-crise-no-stf-e-diz-que-pais-vive-momento-perigoso\/#more-51598\" aria-label=\"More on Raquel Lyra v\u00ea com preocupa\u00e7\u00e3o crise no STF e diz que pa\u00eds vive momento perigoso\">Leia mais<\/a><\/p>\n","protected":false},"author":2,"featured_media":0,"comment_status":"closed","ping_status":"closed","sticky":false,"template":"","format":"standard","meta":{"footnotes":""},"categories":[1],"tags":[],"class_list":["post-51598","post","type-post","status-publish","format-standard","hentry","category-sem-categoria"],"yoast_head":"<!-- This site is optimized with the Yoast SEO plugin v28.4 - https:\/\/yoast.com\/product\/yoast-seo-wordpress\/ -->\n<title>Raquel Lyra v\u00ea com preocupa\u00e7\u00e3o crise no STF e diz que pa\u00eds vive momento perigoso - Blog Zulene Alves<\/title>\n<meta name=\"robots\" content=\"index, follow, max-snippet:-1, max-image-preview:large, max-video-preview:-1\" \/>\n<link rel=\"canonical\" href=\"https:\/\/zulenealves.com.br\/index.php\/2026\/09\/03\/raquel-lyra-ve-com-preocupacao-crise-no-stf-e-diz-que-pais-vive-momento-perigoso\/\" \/>\n<meta property=\"og:locale\" content=\"pt_BR\" \/>\n<meta property=\"og:type\" content=\"article\" \/>\n<meta property=\"og:title\" content=\"Raquel Lyra v\u00ea com preocupa\u00e7\u00e3o crise no STF e diz que pa\u00eds vive momento perigoso - Blog Zulene Alves\" \/>\n<meta property=\"og:description\" content=\"Por\u00a0Alex Fonseca A governadora de Pernambuco e candidata \u00e0 reelei\u00e7\u00e3o pelo PSD, Raquel Lyra, avaliou, na manh\u00e3 desta quinta-feira (3), a crise no Supremo Tribunal Federal (STF) depois da revela\u00e7\u00e3o de conversas entre o ministro da corte Alexandre de Moraes e o empres\u00e1rio Daniel Vorcaro, dono do extinto banco Master, que est\u00e1 preso, acusado pela ... Leia mais\" \/>\n<meta property=\"og:url\" content=\"https:\/\/zulenealves.com.br\/index.php\/2026\/09\/03\/raquel-lyra-ve-com-preocupacao-crise-no-stf-e-diz-que-pais-vive-momento-perigoso\/\" \/>\n<meta property=\"og:site_name\" content=\"Blog Zulene Alves\" \/>\n<meta property=\"article:published_time\" content=\"2026-09-03T19:23:00+00:00\" \/>\n<meta property=\"article:modified_time\" content=\"2026-09-03T19:23:08+00:00\" \/>\n<meta property=\"og:image\" content=\"https:\/\/cdn.folhape.com.br\/img\/pc\/1100\/1\/dn_arquivo\/2026\/08\/whatsapp-image-2026-08-02-at-152026.jpeg\" \/>\n<meta name=\"author\" content=\"Zulene Alves\" \/>\n<meta name=\"twitter:card\" content=\"summary_large_image\" \/>\n<meta name=\"twitter:label1\" content=\"Escrito por\" \/>\n\t<meta name=\"twitter:data1\" content=\"Zulene Alves\" \/>\n\t<meta name=\"twitter:label2\" content=\"Est. tempo de leitura\" \/>\n\t<meta name=\"twitter:data2\" content=\"4 minutos\" \/>\n<script type=\"application\/ld+json\" class=\"yoast-schema-graph\">{\"@context\":\"https:\\\/\\\/schema.org\",\"@graph\":[{\"@type\":\"Article\",\"@id\":\"https:\\\/\\\/zulenealves.com.br\\\/index.php\\\/2026\\\/09\\\/03\\\/raquel-lyra-ve-com-preocupacao-crise-no-stf-e-diz-que-pais-vive-momento-perigoso\\\/#article\",\"isPartOf\":{\"@id\":\"https:\\\/\\\/zulenealves.com.br\\\/index.php\\\/2026\\\/09\\\/03\\\/raquel-lyra-ve-com-preocupacao-crise-no-stf-e-diz-que-pais-vive-momento-perigoso\\\/\"},\"author\":{\"name\":\"Zulene Alves\",\"@id\":\"https:\\\/\\\/zulenealves.com.br\\\/#\\\/schema\\\/person\\\/211b267042952b9d9062603ea5230577\"},\"headline\":\"Raquel Lyra v\u00ea com preocupa\u00e7\u00e3o crise no STF e diz que pa\u00eds vive momento perigoso\",\"datePublished\":\"2026-09-03T19:23:00+00:00\",\"dateModified\":\"2026-09-03T19:23:08+00:00\",\"mainEntityOfPage\":{\"@id\":\"https:\\\/\\\/zulenealves.com.br\\\/index.php\\\/2026\\\/09\\\/03\\\/raquel-lyra-ve-com-preocupacao-crise-no-stf-e-diz-que-pais-vive-momento-perigoso\\\/\"},\"wordCount\":630,\"image\":{\"@id\":\"https:\\\/\\\/zulenealves.com.br\\\/index.php\\\/2026\\\/09\\\/03\\\/raquel-lyra-ve-com-preocupacao-crise-no-stf-e-diz-que-pais-vive-momento-perigoso\\\/#primaryimage\"},\"thumbnailUrl\":\"https:\\\/\\\/cdn.folhape.com.br\\\/img\\\/pc\\\/1100\\\/1\\\/dn_arquivo\\\/2026\\\/08\\\/whatsapp-image-2026-08-02-at-152026.jpeg\",\"inLanguage\":\"pt-BR\"},{\"@type\":\"WebPage\",\"@id\":\"https:\\\/\\\/zulenealves.com.br\\\/index.php\\\/2026\\\/09\\\/03\\\/raquel-lyra-ve-com-preocupacao-crise-no-stf-e-diz-que-pais-vive-momento-perigoso\\\/\",\"url\":\"https:\\\/\\\/zulenealves.com.br\\\/index.php\\\/2026\\\/09\\\/03\\\/raquel-lyra-ve-com-preocupacao-crise-no-stf-e-diz-que-pais-vive-momento-perigoso\\\/\",\"name\":\"Raquel Lyra v\u00ea com preocupa\u00e7\u00e3o crise no STF e diz que pa\u00eds vive momento perigoso - Blog Zulene Alves\",\"isPartOf\":{\"@id\":\"https:\\\/\\\/zulenealves.com.br\\\/#website\"},\"primaryImageOfPage\":{\"@id\":\"https:\\\/\\\/zulenealves.com.br\\\/index.php\\\/2026\\\/09\\\/03\\\/raquel-lyra-ve-com-preocupacao-crise-no-stf-e-diz-que-pais-vive-momento-perigoso\\\/#primaryimage\"},\"image\":{\"@id\":\"https:\\\/\\\/zulenealves.com.br\\\/index.php\\\/2026\\\/09\\\/03\\\/raquel-lyra-ve-com-preocupacao-crise-no-stf-e-diz-que-pais-vive-momento-perigoso\\\/#primaryimage\"},\"thumbnailUrl\":\"https:\\\/\\\/cdn.folhape.com.br\\\/img\\\/pc\\\/1100\\\/1\\\/dn_arquivo\\\/2026\\\/08\\\/whatsapp-image-2026-08-02-at-152026.jpeg\",\"datePublished\":\"2026-09-03T19:23:00+00:00\",\"dateModified\":\"2026-09-03T19:23:08+00:00\",\"author\":{\"@id\":\"https:\\\/\\\/zulenealves.com.br\\\/#\\\/schema\\\/person\\\/211b267042952b9d9062603ea5230577\"},\"breadcrumb\":{\"@id\":\"https:\\\/\\\/zulenealves.com.br\\\/index.php\\\/2026\\\/09\\\/03\\\/raquel-lyra-ve-com-preocupacao-crise-no-stf-e-diz-que-pais-vive-momento-perigoso\\\/#breadcrumb\"},\"inLanguage\":\"pt-BR\",\"potentialAction\":[{\"@type\":\"ReadAction\",\"target\":[\"https:\\\/\\\/zulenealves.com.br\\\/index.php\\\/2026\\\/09\\\/03\\\/raquel-lyra-ve-com-preocupacao-crise-no-stf-e-diz-que-pais-vive-momento-perigoso\\\/\"]}]},{\"@type\":\"ImageObject\",\"inLanguage\":\"pt-BR\",\"@id\":\"https:\\\/\\\/zulenealves.com.br\\\/index.php\\\/2026\\\/09\\\/03\\\/raquel-lyra-ve-com-preocupacao-crise-no-stf-e-diz-que-pais-vive-momento-perigoso\\\/#primaryimage\",\"url\":\"https:\\\/\\\/cdn.folhape.com.br\\\/img\\\/pc\\\/1100\\\/1\\\/dn_arquivo\\\/2026\\\/08\\\/whatsapp-image-2026-08-02-at-152026.jpeg\",\"contentUrl\":\"https:\\\/\\\/cdn.folhape.com.br\\\/img\\\/pc\\\/1100\\\/1\\\/dn_arquivo\\\/2026\\\/08\\\/whatsapp-image-2026-08-02-at-152026.jpeg\"},{\"@type\":\"BreadcrumbList\",\"@id\":\"https:\\\/\\\/zulenealves.com.br\\\/index.php\\\/2026\\\/09\\\/03\\\/raquel-lyra-ve-com-preocupacao-crise-no-stf-e-diz-que-pais-vive-momento-perigoso\\\/#breadcrumb\",\"itemListElement\":[{\"@type\":\"ListItem\",\"position\":1,\"name\":\"In\u00edcio\",\"item\":\"https:\\\/\\\/zulenealves.com.br\\\/\"},{\"@type\":\"ListItem\",\"position\":2,\"name\":\"Raquel Lyra v\u00ea com preocupa\u00e7\u00e3o crise no STF e diz que pa\u00eds vive momento perigoso\"}]},{\"@type\":\"WebSite\",\"@id\":\"https:\\\/\\\/zulenealves.com.br\\\/#website\",\"url\":\"https:\\\/\\\/zulenealves.com.br\\\/\",\"name\":\"Blog Zulene Alves\",\"description\":\"\",\"potentialAction\":[{\"@type\":\"SearchAction\",\"target\":{\"@type\":\"EntryPoint\",\"urlTemplate\":\"https:\\\/\\\/zulenealves.com.br\\\/?s={search_term_string}\"},\"query-input\":{\"@type\":\"PropertyValueSpecification\",\"valueRequired\":true,\"valueName\":\"search_term_string\"}}],\"inLanguage\":\"pt-BR\"},{\"@type\":\"Person\",\"@id\":\"https:\\\/\\\/zulenealves.com.br\\\/#\\\/schema\\\/person\\\/211b267042952b9d9062603ea5230577\",\"name\":\"Zulene Alves\",\"image\":{\"@type\":\"ImageObject\",\"inLanguage\":\"pt-BR\",\"@id\":\"https:\\\/\\\/secure.gravatar.com\\\/avatar\\\/6256ae245147d58c317918f3a20dbf75c244838a7b265be12b0edacdedc94737?s=96&d=mm&r=g\",\"url\":\"https:\\\/\\\/secure.gravatar.com\\\/avatar\\\/6256ae245147d58c317918f3a20dbf75c244838a7b265be12b0edacdedc94737?s=96&d=mm&r=g\",\"contentUrl\":\"https:\\\/\\\/secure.gravatar.com\\\/avatar\\\/6256ae245147d58c317918f3a20dbf75c244838a7b265be12b0edacdedc94737?s=96&d=mm&r=g\",\"caption\":\"Zulene Alves\"},\"sameAs\":[\"https:\\\/\\\/zulenealves.com.br\\\/\"],\"url\":\"https:\\\/\\\/zulenealves.com.br\\\/index.php\\\/author\\\/zulene\\\/\"}]}<\/script>\n<!-- \/ Yoast SEO plugin. -->","yoast_head_json":{"title":"Raquel Lyra v\u00ea com preocupa\u00e7\u00e3o crise no STF e diz que pa\u00eds vive momento perigoso - Blog Zulene Alves","robots":{"index":"index","follow":"follow","max-snippet":"max-snippet:-1","max-image-preview":"max-image-preview:large","max-video-preview":"max-video-preview:-1"},"canonical":"https:\/\/zulenealves.com.br\/index.php\/2026\/09\/03\/raquel-lyra-ve-com-preocupacao-crise-no-stf-e-diz-que-pais-vive-momento-perigoso\/","og_locale":"pt_BR","og_type":"article","og_title":"Raquel Lyra v\u00ea com preocupa\u00e7\u00e3o crise no STF e diz que pa\u00eds vive momento perigoso - Blog Zulene Alves","og_description":"Por\u00a0Alex Fonseca A governadora de Pernambuco e candidata \u00e0 reelei\u00e7\u00e3o pelo PSD, Raquel Lyra, avaliou, na manh\u00e3 desta quinta-feira (3), a crise no Supremo Tribunal Federal (STF) depois da revela\u00e7\u00e3o de conversas entre o ministro da corte Alexandre de Moraes e o empres\u00e1rio Daniel Vorcaro, dono do extinto banco Master, que est\u00e1 preso, acusado pela ... Leia mais","og_url":"https:\/\/zulenealves.com.br\/index.php\/2026\/09\/03\/raquel-lyra-ve-com-preocupacao-crise-no-stf-e-diz-que-pais-vive-momento-perigoso\/","og_site_name":"Blog Zulene Alves","article_published_time":"2026-09-03T19:23:00+00:00","article_modified_time":"2026-09-03T19:23:08+00:00","og_image":[{"url":"https:\/\/cdn.folhape.com.br\/img\/pc\/1100\/1\/dn_arquivo\/2026\/08\/whatsapp-image-2026-08-02-at-152026.jpeg","type":"","width":"","height":""}],"author":"Zulene Alves","twitter_card":"summary_large_image","twitter_misc":{"Escrito por":"Zulene Alves","Est. tempo de leitura":"4 minutos"},"schema":{"@context":"https:\/\/schema.org","@graph":[{"@type":"Article","@id":"https:\/\/zulenealves.com.br\/index.php\/2026\/09\/03\/raquel-lyra-ve-com-preocupacao-crise-no-stf-e-diz-que-pais-vive-momento-perigoso\/#article","isPartOf":{"@id":"https:\/\/zulenealves.com.br\/index.php\/2026\/09\/03\/raquel-lyra-ve-com-preocupacao-crise-no-stf-e-diz-que-pais-vive-momento-perigoso\/"},"author":{"name":"Zulene Alves","@id":"https:\/\/zulenealves.com.br\/#\/schema\/person\/211b267042952b9d9062603ea5230577"},"headline":"Raquel Lyra v\u00ea com preocupa\u00e7\u00e3o crise no STF e diz que pa\u00eds vive momento perigoso","datePublished":"2026-09-03T19:23:00+00:00","dateModified":"2026-09-03T19:23:08+00:00","mainEntityOfPage":{"@id":"https:\/\/zulenealves.com.br\/index.php\/2026\/09\/03\/raquel-lyra-ve-com-preocupacao-crise-no-stf-e-diz-que-pais-vive-momento-perigoso\/"},"wordCount":630,"image":{"@id":"https:\/\/zulenealves.com.br\/index.php\/2026\/09\/03\/raquel-lyra-ve-com-preocupacao-crise-no-stf-e-diz-que-pais-vive-momento-perigoso\/#primaryimage"},"thumbnailUrl":"https:\/\/cdn.folhape.com.br\/img\/pc\/1100\/1\/dn_arquivo\/2026\/08\/whatsapp-image-2026-08-02-at-152026.jpeg","inLanguage":"pt-BR"},{"@type":"WebPage","@id":"https:\/\/zulenealves.com.br\/index.php\/2026\/09\/03\/raquel-lyra-ve-com-preocupacao-crise-no-stf-e-diz-que-pais-vive-momento-perigoso\/","url":"https:\/\/zulenealves.com.br\/index.php\/2026\/09\/03\/raquel-lyra-ve-com-preocupacao-crise-no-stf-e-diz-que-pais-vive-momento-perigoso\/","name":"Raquel Lyra v\u00ea com preocupa\u00e7\u00e3o crise no STF e diz que pa\u00eds vive momento perigoso - Blog Zulene Alves","isPartOf":{"@id":"https:\/\/zulenealves.com.br\/#website"},"primaryImageOfPage":{"@id":"https:\/\/zulenealves.com.br\/index.php\/2026\/09\/03\/raquel-lyra-ve-com-preocupacao-crise-no-stf-e-diz-que-pais-vive-momento-perigoso\/#primaryimage"},"image":{"@id":"https:\/\/zulenealves.com.br\/index.php\/2026\/09\/03\/raquel-lyra-ve-com-preocupacao-crise-no-stf-e-diz-que-pais-vive-momento-perigoso\/#primaryimage"},"thumbnailUrl":"https:\/\/cdn.folhape.com.br\/img\/pc\/1100\/1\/dn_arquivo\/2026\/08\/whatsapp-image-2026-08-02-at-152026.jpeg","datePublished":"2026-09-03T19:23:00+00:00","dateModified":"2026-09-03T19:23:08+00:00","author":{"@id":"https:\/\/zulenealves.com.br\/#\/schema\/person\/211b267042952b9d9062603ea5230577"},"breadcrumb":{"@id":"https:\/\/zulenealves.com.br\/index.php\/2026\/09\/03\/raquel-lyra-ve-com-preocupacao-crise-no-stf-e-diz-que-pais-vive-momento-perigoso\/#breadcrumb"},"inLanguage":"pt-BR","potentialAction":[{"@type":"ReadAction","target":["https:\/\/zulenealves.com.br\/index.php\/2026\/09\/03\/raquel-lyra-ve-com-preocupacao-crise-no-stf-e-diz-que-pais-vive-momento-perigoso\/"]}]},{"@type":"ImageObject","inLanguage":"pt-BR","@id":"https:\/\/zulenealves.com.br\/index.php\/2026\/09\/03\/raquel-lyra-ve-com-preocupacao-crise-no-stf-e-diz-que-pais-vive-momento-perigoso\/#primaryimage","url":"https:\/\/cdn.folhape.com.br\/img\/pc\/1100\/1\/dn_arquivo\/2026\/08\/whatsapp-image-2026-08-02-at-152026.jpeg","contentUrl":"https:\/\/cdn.folhape.com.br\/img\/pc\/1100\/1\/dn_arquivo\/2026\/08\/whatsapp-image-2026-08-02-at-152026.jpeg"},{"@type":"BreadcrumbList","@id":"https:\/\/zulenealves.com.br\/index.php\/2026\/09\/03\/raquel-lyra-ve-com-preocupacao-crise-no-stf-e-diz-que-pais-vive-momento-perigoso\/#breadcrumb","itemListElement":[{"@type":"ListItem","position":1,"name":"In\u00edcio","item":"https:\/\/zulenealves.com.br\/"},{"@type":"ListItem","position":2,"name":"Raquel Lyra v\u00ea com preocupa\u00e7\u00e3o crise no STF e diz que pa\u00eds vive momento perigoso"}]},{"@type":"WebSite","@id":"https:\/\/zulenealves.com.br\/#website","url":"https:\/\/zulenealves.com.br\/","name":"Blog Zulene Alves","description":"","potentialAction":[{"@type":"SearchAction","target":{"@type":"EntryPoint","urlTemplate":"https:\/\/zulenealves.com.br\/?s={search_term_string}"},"query-input":{"@type":"PropertyValueSpecification","valueRequired":true,"valueName":"search_term_string"}}],"inLanguage":"pt-BR"},{"@type":"Person","@id":"https:\/\/zulenealves.com.br\/#\/schema\/person\/211b267042952b9d9062603ea5230577","name":"Zulene Alves","image":{"@type":"ImageObject","inLanguage":"pt-BR","@id":"https:\/\/secure.gravatar.com\/avatar\/6256ae245147d58c317918f3a20dbf75c244838a7b265be12b0edacdedc94737?s=96&d=mm&r=g","url":"https:\/\/secure.gravatar.com\/avatar\/6256ae245147d58c317918f3a20dbf75c244838a7b265be12b0edacdedc94737?s=96&d=mm&r=g","contentUrl":"https:\/\/secure.gravatar.com\/avatar\/6256ae245147d58c317918f3a20dbf75c244838a7b265be12b0edacdedc94737?s=96&d=mm&r=g","caption":"Zulene Alves"},"sameAs":["https:\/\/zulenealves.com.br\/"],"url":"https:\/\/zulenealves.com.br\/index.php\/author\/zulene\/"}]}},"_links":{"self":[{"href":"https:\/\/zulenealves.com.br\/index.php\/wp-json\/wp\/v2\/posts\/51598","targetHints":{"allow":["GET"]}}],"collection":[{"href":"https:\/\/zulenealves.com.br\/index.php\/wp-json\/wp\/v2\/posts"}],"about":[{"href":"https:\/\/zulenealves.com.br\/index.php\/wp-json\/wp\/v2\/types\/post"}],"author":[{"embeddable":true,"href":"https:\/\/zulenealves.com.br\/index.php\/wp-json\/wp\/v2\/users\/2"}],"replies":[{"embeddable":true,"href":"https:\/\/zulenealves.com.br\/index.php\/wp-json\/wp\/v2\/comments?post=51598"}],"version-history":[{"count":1,"href":"https:\/\/zulenealves.com.br\/index.php\/wp-json\/wp\/v2\/posts\/51598\/revisions"}],"predecessor-version":[{"id":51599,"href":"https:\/\/zulenealves.com.br\/index.php\/wp-json\/wp\/v2\/posts\/51598\/revisions\/51599"}],"wp:attachment":[{"href":"https:\/\/zulenealves.com.br\/index.php\/wp-json\/wp\/v2\/media?parent=51598"}],"wp:term":[{"taxonomy":"category","embeddable":true,"href":"https:\/\/zulenealves.com.br\/index.php\/wp-json\/wp\/v2\/categories?post=51598"},{"taxonomy":"post_tag","embeddable":true,"href":"https:\/\/zulenealves.com.br\/index.php\/wp-json\/wp\/v2\/tags?post=51598"}],"curies":[{"name":"wp","href":"https:\/\/api.w.org\/{rel}","templated":true}]}}