{"id":51613,"date":"2026-09-03T18:58:21","date_gmt":"2026-09-03T21:58:21","guid":{"rendered":"https:\/\/zulenealves.com.br\/?p=51613"},"modified":"2026-09-03T18:58:27","modified_gmt":"2026-09-03T21:58:27","slug":"vox-radar-risada-de-ministros-e-vista-como-simbolo-de-deboche-e-impunidade","status":"publish","type":"post","link":"https:\/\/zulenealves.com.br\/index.php\/2026\/09\/03\/vox-radar-risada-de-ministros-e-vista-como-simbolo-de-deboche-e-impunidade\/","title":{"rendered":"Vox Radar: risada de ministros \u00e9 vista como s\u00edmbolo de deboche e impunidade"},"content":{"rendered":"<p><strong>Da CNN\u00a0<\/strong><\/p>\n<p style=\"text-align: justify;\">A fotografia do ministro\u00a0<strong class=\"group-[.isActiveSource]:text-xl group-[.isActiveSource]:font-bold\">Alexandre de Moraes<\/strong>\u00a0rindo ao lado de colegas do\u00a0<strong class=\"group-[.isActiveSource]:text-xl group-[.isActiveSource]:font-bold\">STF (Supremo Tribunal Federal)<\/strong>\u00a0foi vista pelo p\u00fablico como s\u00edmbolo de<strong class=\"group-[.isActiveSource]:text-xl group-[.isActiveSource]:font-bold\">\u00a0deboche e impunidade<\/strong>, segundo um levantamento exclusivo da Vox Radar.<\/p>\n<p style=\"text-align: justify;\">O monitoramento analisou\u00a0<strong class=\"group-[.isActiveSource]:text-xl group-[.isActiveSource]:font-bold\">86.421<\/strong>\u00a0coment\u00e1rios p\u00fablicos do Instagram sobre a\u00a0<a class=\"text-red-600 underline hover:text-red-500 font-medium break-words group-[.isActiveSource]:text-xl\" href=\"https:\/\/www.cnnbrasil.com.br\/politica\/foto-registra-ministros-do-stf-rindo-em-meio-a-crise-entre-moraes-e-vorcaro\/\" target=\"_self\" rel=\"\">foto<\/a>. No registro, Moraes aparece dando gargalhadas um dia ap\u00f3s mensagens do WhatsApp de Daniel Vorcaro sugerirem que o ex-banqueiro e o magistrado mantinham contato.<\/p>\n<p class=\"my-5 break-words group-[.isActiveSource]:text-xl\" style=\"text-align: justify;\">No lado esquerdo de Moraes estava o ministro\u00a0<strong class=\"group-[.isActiveSource]:text-xl group-[.isActiveSource]:font-bold\">Gilmar Mendes<\/strong>, que acompanhava o colega de STF na gargalhada. O ministro\u00a0<strong class=\"group-[.isActiveSource]:text-xl group-[.isActiveSource]:font-bold\">Cristiano Zanin<\/strong>\u00a0era mais comedido e se limitava a sorrir.<\/p>\n<p class=\"my-5 break-words group-[.isActiveSource]:text-xl\" style=\"text-align: justify;\">Presidente do STF,\u00a0<strong class=\"group-[.isActiveSource]:text-xl group-[.isActiveSource]:font-bold\">Edson Fachin<\/strong>\u00a0n\u00e3o teve a rea\u00e7\u00e3o captada pela c\u00e2mera do fot\u00f3grafo Breno Carvalho, de O Globo. O ministro aparece de costas na imagem.<\/p>\n<p class=\"my-5 break-words group-[.isActiveSource]:text-xl\" style=\"text-align: justify;\">Segundo a Vox Radar, coment\u00e1rios tratando o tema como\u00a0<strong class=\"group-[.isActiveSource]:text-xl group-[.isActiveSource]:font-bold\">deboche ou esc\u00e1rnio<\/strong>\u00a0foram os que tiveram maior engajamento: o total de 10.237 coment\u00e1rios reuniu 143.308 curtidas.<\/p>\n<p class=\"my-5 break-words group-[.isActiveSource]:text-xl\" style=\"text-align: justify;\">Aqueles que interpretaram o gesto como uma\u00a0<strong class=\"group-[.isActiveSource]:text-xl group-[.isActiveSource]:font-bold\">deslegitima\u00e7\u00e3o<\/strong>\u00a0da Corte como\u00a0<strong class=\"group-[.isActiveSource]:text-xl group-[.isActiveSource]:font-bold\">&#8220;quadrilha&#8221;, &#8220;circo&#8221;, &#8220;palha\u00e7os&#8221;<\/strong>\u00a0somaram 12.570 coment\u00e1rios, enquanto os que apontaram\u00a0<strong class=\"group-[.isActiveSource]:text-xl group-[.isActiveSource]:font-bold\">vergonha e nojo<\/strong>\u00a0do momento totalizaram 12.037 dos coment\u00e1rios feitos.<\/p>\n<p class=\"my-5 break-words group-[.isActiveSource]:text-xl\" style=\"text-align: justify;\">A foto tamb\u00e9m foi lida como uma prova visual da\u00a0<strong class=\"group-[.isActiveSource]:text-xl group-[.isActiveSource]:font-bold\">impunidade<\/strong>\u00a0pelos usu\u00e1rios \u2014 foram 11.559 coment\u00e1rios nesse sentido.<\/p>\n<p class=\"my-5 break-words group-[.isActiveSource]:text-xl\" style=\"text-align: justify;\">De acordo com o monitoramento,\u00a0<strong class=\"group-[.isActiveSource]:text-xl group-[.isActiveSource]:font-bold\">97,9%<\/strong>\u00a0dos coment\u00e1rios n\u00e3o nomeiam nenhuma pessoa em espec\u00edfico, o que indica que as cr\u00edticas se concentram mais na institui\u00e7\u00e3o da Suprema Corte do que em um personagem determinado.<\/p>\n<p class=\"my-5 break-words group-[.isActiveSource]:text-xl\" style=\"text-align: justify;\">Quando se observa diretamente qual o magistrado mais criticado, Moraes lidera o ranking de men\u00e7\u00f5es hostis, seguido de Fachin, Gilmar e, por fim, Zanin.<\/p>\n<div role=\"complementary\" aria-label=\"Publicidade\" data-google-query-id=\"CN6ty8Gz05YDFWYiuQYdFGszYw\">\n<p class=\"my-5 break-words group-[.isActiveSource]:text-xl\" style=\"text-align: justify;\">O levantamento tamb\u00e9m identificou alguns dos coment\u00e1rios mais curtidos dentro de cada tema. Uma intera\u00e7\u00e3o do candidato a presidente Romeu Zema (Novo) foi uma das mais curtidas.<\/p>\n<p class=\"my-5 break-words group-[.isActiveSource]:text-xl\" style=\"text-align: justify;\">&#8220;Esse \u00e9 o sorriso tranquilo de quem sabe que \u00e9 intoc\u00e1vel. O Supremo RI DA NOSSA CARA enquanto a gente sustenta essa farra&#8221;, escreveu o ex-governador de Minas Gerais em uma publica\u00e7\u00e3o sobre o assunto. No per\u00edodo analisado, o coment\u00e1rio acumulava 25.424 curtidas.<\/p>\n<\/div>\n<div class=\"gsp_post_data\" \r\n\t            data-post_type=\"post\" \r\n\t            data-cat=\"destaque\" \r\n\t            data-modified=\"120\"\r\n\t            data-created=\"1788461901\"\r\n\t            data-title=\"Vox Radar: risada de ministros \u00e9 vista como s\u00edmbolo de deboche e impunidade\" \r\n\t            data-home=\"https:\/\/zulenealves.com.br\"><\/div>","protected":false},"excerpt":{"rendered":"<p>Da CNN\u00a0 A fotografia do ministro\u00a0Alexandre de Moraes\u00a0rindo ao lado de colegas do\u00a0STF (Supremo Tribunal Federal)\u00a0foi vista pelo p\u00fablico como s\u00edmbolo de\u00a0deboche e impunidade, segundo um levantamento exclusivo da Vox Radar. O monitoramento analisou\u00a086.421\u00a0coment\u00e1rios p\u00fablicos do Instagram sobre a\u00a0foto. No registro, Moraes aparece dando gargalhadas um dia ap\u00f3s mensagens do WhatsApp de Daniel Vorcaro sugerirem &#8230; <\/p>\n<p class=\"read-more-container\"><a title=\"Vox Radar: risada de ministros \u00e9 vista como s\u00edmbolo de deboche e impunidade\" class=\"read-more button\" href=\"https:\/\/zulenealves.com.br\/index.php\/2026\/09\/03\/vox-radar-risada-de-ministros-e-vista-como-simbolo-de-deboche-e-impunidade\/#more-51613\" aria-label=\"More on Vox Radar: risada de ministros \u00e9 vista como s\u00edmbolo de deboche e impunidade\">Leia mais<\/a><\/p>\n","protected":false},"author":2,"featured_media":51614,"comment_status":"closed","ping_status":"closed","sticky":false,"template":"","format":"standard","meta":{"footnotes":""},"categories":[23],"tags":[],"class_list":["post-51613","post","type-post","status-publish","format-standard","has-post-thumbnail","hentry","category-destaque","resize-featured-image"],"yoast_head":"<!-- This site is optimized with the Yoast SEO plugin v28.4 - https:\/\/yoast.com\/product\/yoast-seo-wordpress\/ -->\n<title>Vox Radar: risada de ministros \u00e9 vista como s\u00edmbolo de deboche e impunidade - Blog Zulene Alves<\/title>\n<meta name=\"robots\" content=\"index, follow, max-snippet:-1, max-image-preview:large, max-video-preview:-1\" \/>\n<link rel=\"canonical\" href=\"https:\/\/zulenealves.com.br\/index.php\/2026\/09\/03\/vox-radar-risada-de-ministros-e-vista-como-simbolo-de-deboche-e-impunidade\/\" \/>\n<meta property=\"og:locale\" content=\"pt_BR\" \/>\n<meta property=\"og:type\" content=\"article\" \/>\n<meta property=\"og:title\" content=\"Vox Radar: risada de ministros \u00e9 vista como s\u00edmbolo de deboche e impunidade - Blog Zulene Alves\" \/>\n<meta property=\"og:description\" content=\"Da CNN\u00a0 A fotografia do ministro\u00a0Alexandre de Moraes\u00a0rindo ao lado de colegas do\u00a0STF (Supremo Tribunal Federal)\u00a0foi vista pelo p\u00fablico como s\u00edmbolo de\u00a0deboche e impunidade, segundo um levantamento exclusivo da Vox Radar. O monitoramento analisou\u00a086.421\u00a0coment\u00e1rios p\u00fablicos do Instagram sobre a\u00a0foto. No registro, Moraes aparece dando gargalhadas um dia ap\u00f3s mensagens do WhatsApp de Daniel Vorcaro sugerirem ... Leia mais\" \/>\n<meta property=\"og:url\" content=\"https:\/\/zulenealves.com.br\/index.php\/2026\/09\/03\/vox-radar-risada-de-ministros-e-vista-como-simbolo-de-deboche-e-impunidade\/\" \/>\n<meta property=\"og:site_name\" content=\"Blog Zulene Alves\" \/>\n<meta property=\"article:published_time\" content=\"2026-09-03T21:58:21+00:00\" \/>\n<meta property=\"article:modified_time\" content=\"2026-09-03T21:58:27+00:00\" \/>\n<meta property=\"og:image\" content=\"https:\/\/zulenealves.com.br\/wp-content\/uploads\/2026\/09\/112-w.webp\" \/>\n\t<meta property=\"og:image:width\" content=\"800\" \/>\n\t<meta property=\"og:image:height\" content=\"534\" \/>\n\t<meta property=\"og:image:type\" content=\"image\/webp\" \/>\n<meta name=\"author\" content=\"Zulene Alves\" \/>\n<meta name=\"twitter:card\" content=\"summary_large_image\" \/>\n<meta name=\"twitter:label1\" content=\"Escrito por\" \/>\n\t<meta name=\"twitter:data1\" content=\"Zulene Alves\" \/>\n\t<meta name=\"twitter:label2\" content=\"Est. tempo de leitura\" \/>\n\t<meta name=\"twitter:data2\" content=\"3 minutos\" \/>\n<script type=\"application\/ld+json\" class=\"yoast-schema-graph\">{\"@context\":\"https:\\\/\\\/schema.org\",\"@graph\":[{\"@type\":\"Article\",\"@id\":\"https:\\\/\\\/zulenealves.com.br\\\/index.php\\\/2026\\\/09\\\/03\\\/vox-radar-risada-de-ministros-e-vista-como-simbolo-de-deboche-e-impunidade\\\/#article\",\"isPartOf\":{\"@id\":\"https:\\\/\\\/zulenealves.com.br\\\/index.php\\\/2026\\\/09\\\/03\\\/vox-radar-risada-de-ministros-e-vista-como-simbolo-de-deboche-e-impunidade\\\/\"},\"author\":{\"name\":\"Zulene Alves\",\"@id\":\"https:\\\/\\\/zulenealves.com.br\\\/#\\\/schema\\\/person\\\/211b267042952b9d9062603ea5230577\"},\"headline\":\"Vox Radar: risada de ministros \u00e9 vista como s\u00edmbolo de deboche e impunidade\",\"datePublished\":\"2026-09-03T21:58:21+00:00\",\"dateModified\":\"2026-09-03T21:58:27+00:00\",\"mainEntityOfPage\":{\"@id\":\"https:\\\/\\\/zulenealves.com.br\\\/index.php\\\/2026\\\/09\\\/03\\\/vox-radar-risada-de-ministros-e-vista-como-simbolo-de-deboche-e-impunidade\\\/\"},\"wordCount\":365,\"image\":{\"@id\":\"https:\\\/\\\/zulenealves.com.br\\\/index.php\\\/2026\\\/09\\\/03\\\/vox-radar-risada-de-ministros-e-vista-como-simbolo-de-deboche-e-impunidade\\\/#primaryimage\"},\"thumbnailUrl\":\"https:\\\/\\\/zulenealves.com.br\\\/wp-content\\\/uploads\\\/2026\\\/09\\\/112-w.webp\",\"articleSection\":[\"Destaque\"],\"inLanguage\":\"pt-BR\"},{\"@type\":\"WebPage\",\"@id\":\"https:\\\/\\\/zulenealves.com.br\\\/index.php\\\/2026\\\/09\\\/03\\\/vox-radar-risada-de-ministros-e-vista-como-simbolo-de-deboche-e-impunidade\\\/\",\"url\":\"https:\\\/\\\/zulenealves.com.br\\\/index.php\\\/2026\\\/09\\\/03\\\/vox-radar-risada-de-ministros-e-vista-como-simbolo-de-deboche-e-impunidade\\\/\",\"name\":\"Vox Radar: risada de ministros \u00e9 vista como s\u00edmbolo de deboche e impunidade - Blog Zulene Alves\",\"isPartOf\":{\"@id\":\"https:\\\/\\\/zulenealves.com.br\\\/#website\"},\"primaryImageOfPage\":{\"@id\":\"https:\\\/\\\/zulenealves.com.br\\\/index.php\\\/2026\\\/09\\\/03\\\/vox-radar-risada-de-ministros-e-vista-como-simbolo-de-deboche-e-impunidade\\\/#primaryimage\"},\"image\":{\"@id\":\"https:\\\/\\\/zulenealves.com.br\\\/index.php\\\/2026\\\/09\\\/03\\\/vox-radar-risada-de-ministros-e-vista-como-simbolo-de-deboche-e-impunidade\\\/#primaryimage\"},\"thumbnailUrl\":\"https:\\\/\\\/zulenealves.com.br\\\/wp-content\\\/uploads\\\/2026\\\/09\\\/112-w.webp\",\"datePublished\":\"2026-09-03T21:58:21+00:00\",\"dateModified\":\"2026-09-03T21:58:27+00:00\",\"author\":{\"@id\":\"https:\\\/\\\/zulenealves.com.br\\\/#\\\/schema\\\/person\\\/211b267042952b9d9062603ea5230577\"},\"breadcrumb\":{\"@id\":\"https:\\\/\\\/zulenealves.com.br\\\/index.php\\\/2026\\\/09\\\/03\\\/vox-radar-risada-de-ministros-e-vista-como-simbolo-de-deboche-e-impunidade\\\/#breadcrumb\"},\"inLanguage\":\"pt-BR\",\"potentialAction\":[{\"@type\":\"ReadAction\",\"target\":[\"https:\\\/\\\/zulenealves.com.br\\\/index.php\\\/2026\\\/09\\\/03\\\/vox-radar-risada-de-ministros-e-vista-como-simbolo-de-deboche-e-impunidade\\\/\"]}]},{\"@type\":\"ImageObject\",\"inLanguage\":\"pt-BR\",\"@id\":\"https:\\\/\\\/zulenealves.com.br\\\/index.php\\\/2026\\\/09\\\/03\\\/vox-radar-risada-de-ministros-e-vista-como-simbolo-de-deboche-e-impunidade\\\/#primaryimage\",\"url\":\"https:\\\/\\\/zulenealves.com.br\\\/wp-content\\\/uploads\\\/2026\\\/09\\\/112-w.webp\",\"contentUrl\":\"https:\\\/\\\/zulenealves.com.br\\\/wp-content\\\/uploads\\\/2026\\\/09\\\/112-w.webp\",\"width\":800,\"height\":534},{\"@type\":\"BreadcrumbList\",\"@id\":\"https:\\\/\\\/zulenealves.com.br\\\/index.php\\\/2026\\\/09\\\/03\\\/vox-radar-risada-de-ministros-e-vista-como-simbolo-de-deboche-e-impunidade\\\/#breadcrumb\",\"itemListElement\":[{\"@type\":\"ListItem\",\"position\":1,\"name\":\"In\u00edcio\",\"item\":\"https:\\\/\\\/zulenealves.com.br\\\/\"},{\"@type\":\"ListItem\",\"position\":2,\"name\":\"Vox Radar: risada de ministros \u00e9 vista como s\u00edmbolo de deboche e impunidade\"}]},{\"@type\":\"WebSite\",\"@id\":\"https:\\\/\\\/zulenealves.com.br\\\/#website\",\"url\":\"https:\\\/\\\/zulenealves.com.br\\\/\",\"name\":\"Blog Zulene Alves\",\"description\":\"\",\"potentialAction\":[{\"@type\":\"SearchAction\",\"target\":{\"@type\":\"EntryPoint\",\"urlTemplate\":\"https:\\\/\\\/zulenealves.com.br\\\/?s={search_term_string}\"},\"query-input\":{\"@type\":\"PropertyValueSpecification\",\"valueRequired\":true,\"valueName\":\"search_term_string\"}}],\"inLanguage\":\"pt-BR\"},{\"@type\":\"Person\",\"@id\":\"https:\\\/\\\/zulenealves.com.br\\\/#\\\/schema\\\/person\\\/211b267042952b9d9062603ea5230577\",\"name\":\"Zulene Alves\",\"image\":{\"@type\":\"ImageObject\",\"inLanguage\":\"pt-BR\",\"@id\":\"https:\\\/\\\/secure.gravatar.com\\\/avatar\\\/6256ae245147d58c317918f3a20dbf75c244838a7b265be12b0edacdedc94737?s=96&d=mm&r=g\",\"url\":\"https:\\\/\\\/secure.gravatar.com\\\/avatar\\\/6256ae245147d58c317918f3a20dbf75c244838a7b265be12b0edacdedc94737?s=96&d=mm&r=g\",\"contentUrl\":\"https:\\\/\\\/secure.gravatar.com\\\/avatar\\\/6256ae245147d58c317918f3a20dbf75c244838a7b265be12b0edacdedc94737?s=96&d=mm&r=g\",\"caption\":\"Zulene Alves\"},\"sameAs\":[\"https:\\\/\\\/zulenealves.com.br\\\/\"],\"url\":\"https:\\\/\\\/zulenealves.com.br\\\/index.php\\\/author\\\/zulene\\\/\"}]}<\/script>\n<!-- \/ Yoast SEO plugin. -->","yoast_head_json":{"title":"Vox Radar: risada de ministros \u00e9 vista como s\u00edmbolo de deboche e impunidade - Blog Zulene Alves","robots":{"index":"index","follow":"follow","max-snippet":"max-snippet:-1","max-image-preview":"max-image-preview:large","max-video-preview":"max-video-preview:-1"},"canonical":"https:\/\/zulenealves.com.br\/index.php\/2026\/09\/03\/vox-radar-risada-de-ministros-e-vista-como-simbolo-de-deboche-e-impunidade\/","og_locale":"pt_BR","og_type":"article","og_title":"Vox Radar: risada de ministros \u00e9 vista como s\u00edmbolo de deboche e impunidade - Blog Zulene Alves","og_description":"Da CNN\u00a0 A fotografia do ministro\u00a0Alexandre de Moraes\u00a0rindo ao lado de colegas do\u00a0STF (Supremo Tribunal Federal)\u00a0foi vista pelo p\u00fablico como s\u00edmbolo de\u00a0deboche e impunidade, segundo um levantamento exclusivo da Vox Radar. O monitoramento analisou\u00a086.421\u00a0coment\u00e1rios p\u00fablicos do Instagram sobre a\u00a0foto. No registro, Moraes aparece dando gargalhadas um dia ap\u00f3s mensagens do WhatsApp de Daniel Vorcaro sugerirem ... Leia mais","og_url":"https:\/\/zulenealves.com.br\/index.php\/2026\/09\/03\/vox-radar-risada-de-ministros-e-vista-como-simbolo-de-deboche-e-impunidade\/","og_site_name":"Blog Zulene Alves","article_published_time":"2026-09-03T21:58:21+00:00","article_modified_time":"2026-09-03T21:58:27+00:00","og_image":[{"width":800,"height":534,"url":"https:\/\/zulenealves.com.br\/wp-content\/uploads\/2026\/09\/112-w.webp","type":"image\/webp"}],"author":"Zulene Alves","twitter_card":"summary_large_image","twitter_misc":{"Escrito por":"Zulene Alves","Est. tempo de leitura":"3 minutos"},"schema":{"@context":"https:\/\/schema.org","@graph":[{"@type":"Article","@id":"https:\/\/zulenealves.com.br\/index.php\/2026\/09\/03\/vox-radar-risada-de-ministros-e-vista-como-simbolo-de-deboche-e-impunidade\/#article","isPartOf":{"@id":"https:\/\/zulenealves.com.br\/index.php\/2026\/09\/03\/vox-radar-risada-de-ministros-e-vista-como-simbolo-de-deboche-e-impunidade\/"},"author":{"name":"Zulene Alves","@id":"https:\/\/zulenealves.com.br\/#\/schema\/person\/211b267042952b9d9062603ea5230577"},"headline":"Vox Radar: risada de ministros \u00e9 vista como s\u00edmbolo de deboche e impunidade","datePublished":"2026-09-03T21:58:21+00:00","dateModified":"2026-09-03T21:58:27+00:00","mainEntityOfPage":{"@id":"https:\/\/zulenealves.com.br\/index.php\/2026\/09\/03\/vox-radar-risada-de-ministros-e-vista-como-simbolo-de-deboche-e-impunidade\/"},"wordCount":365,"image":{"@id":"https:\/\/zulenealves.com.br\/index.php\/2026\/09\/03\/vox-radar-risada-de-ministros-e-vista-como-simbolo-de-deboche-e-impunidade\/#primaryimage"},"thumbnailUrl":"https:\/\/zulenealves.com.br\/wp-content\/uploads\/2026\/09\/112-w.webp","articleSection":["Destaque"],"inLanguage":"pt-BR"},{"@type":"WebPage","@id":"https:\/\/zulenealves.com.br\/index.php\/2026\/09\/03\/vox-radar-risada-de-ministros-e-vista-como-simbolo-de-deboche-e-impunidade\/","url":"https:\/\/zulenealves.com.br\/index.php\/2026\/09\/03\/vox-radar-risada-de-ministros-e-vista-como-simbolo-de-deboche-e-impunidade\/","name":"Vox Radar: risada de ministros \u00e9 vista como s\u00edmbolo de deboche e impunidade - Blog Zulene Alves","isPartOf":{"@id":"https:\/\/zulenealves.com.br\/#website"},"primaryImageOfPage":{"@id":"https:\/\/zulenealves.com.br\/index.php\/2026\/09\/03\/vox-radar-risada-de-ministros-e-vista-como-simbolo-de-deboche-e-impunidade\/#primaryimage"},"image":{"@id":"https:\/\/zulenealves.com.br\/index.php\/2026\/09\/03\/vox-radar-risada-de-ministros-e-vista-como-simbolo-de-deboche-e-impunidade\/#primaryimage"},"thumbnailUrl":"https:\/\/zulenealves.com.br\/wp-content\/uploads\/2026\/09\/112-w.webp","datePublished":"2026-09-03T21:58:21+00:00","dateModified":"2026-09-03T21:58:27+00:00","author":{"@id":"https:\/\/zulenealves.com.br\/#\/schema\/person\/211b267042952b9d9062603ea5230577"},"breadcrumb":{"@id":"https:\/\/zulenealves.com.br\/index.php\/2026\/09\/03\/vox-radar-risada-de-ministros-e-vista-como-simbolo-de-deboche-e-impunidade\/#breadcrumb"},"inLanguage":"pt-BR","potentialAction":[{"@type":"ReadAction","target":["https:\/\/zulenealves.com.br\/index.php\/2026\/09\/03\/vox-radar-risada-de-ministros-e-vista-como-simbolo-de-deboche-e-impunidade\/"]}]},{"@type":"ImageObject","inLanguage":"pt-BR","@id":"https:\/\/zulenealves.com.br\/index.php\/2026\/09\/03\/vox-radar-risada-de-ministros-e-vista-como-simbolo-de-deboche-e-impunidade\/#primaryimage","url":"https:\/\/zulenealves.com.br\/wp-content\/uploads\/2026\/09\/112-w.webp","contentUrl":"https:\/\/zulenealves.com.br\/wp-content\/uploads\/2026\/09\/112-w.webp","width":800,"height":534},{"@type":"BreadcrumbList","@id":"https:\/\/zulenealves.com.br\/index.php\/2026\/09\/03\/vox-radar-risada-de-ministros-e-vista-como-simbolo-de-deboche-e-impunidade\/#breadcrumb","itemListElement":[{"@type":"ListItem","position":1,"name":"In\u00edcio","item":"https:\/\/zulenealves.com.br\/"},{"@type":"ListItem","position":2,"name":"Vox Radar: risada de ministros \u00e9 vista como s\u00edmbolo de deboche e impunidade"}]},{"@type":"WebSite","@id":"https:\/\/zulenealves.com.br\/#website","url":"https:\/\/zulenealves.com.br\/","name":"Blog Zulene Alves","description":"","potentialAction":[{"@type":"SearchAction","target":{"@type":"EntryPoint","urlTemplate":"https:\/\/zulenealves.com.br\/?s={search_term_string}"},"query-input":{"@type":"PropertyValueSpecification","valueRequired":true,"valueName":"search_term_string"}}],"inLanguage":"pt-BR"},{"@type":"Person","@id":"https:\/\/zulenealves.com.br\/#\/schema\/person\/211b267042952b9d9062603ea5230577","name":"Zulene Alves","image":{"@type":"ImageObject","inLanguage":"pt-BR","@id":"https:\/\/secure.gravatar.com\/avatar\/6256ae245147d58c317918f3a20dbf75c244838a7b265be12b0edacdedc94737?s=96&d=mm&r=g","url":"https:\/\/secure.gravatar.com\/avatar\/6256ae245147d58c317918f3a20dbf75c244838a7b265be12b0edacdedc94737?s=96&d=mm&r=g","contentUrl":"https:\/\/secure.gravatar.com\/avatar\/6256ae245147d58c317918f3a20dbf75c244838a7b265be12b0edacdedc94737?s=96&d=mm&r=g","caption":"Zulene Alves"},"sameAs":["https:\/\/zulenealves.com.br\/"],"url":"https:\/\/zulenealves.com.br\/index.php\/author\/zulene\/"}]}},"_links":{"self":[{"href":"https:\/\/zulenealves.com.br\/index.php\/wp-json\/wp\/v2\/posts\/51613","targetHints":{"allow":["GET"]}}],"collection":[{"href":"https:\/\/zulenealves.com.br\/index.php\/wp-json\/wp\/v2\/posts"}],"about":[{"href":"https:\/\/zulenealves.com.br\/index.php\/wp-json\/wp\/v2\/types\/post"}],"author":[{"embeddable":true,"href":"https:\/\/zulenealves.com.br\/index.php\/wp-json\/wp\/v2\/users\/2"}],"replies":[{"embeddable":true,"href":"https:\/\/zulenealves.com.br\/index.php\/wp-json\/wp\/v2\/comments?post=51613"}],"version-history":[{"count":1,"href":"https:\/\/zulenealves.com.br\/index.php\/wp-json\/wp\/v2\/posts\/51613\/revisions"}],"predecessor-version":[{"id":51615,"href":"https:\/\/zulenealves.com.br\/index.php\/wp-json\/wp\/v2\/posts\/51613\/revisions\/51615"}],"wp:featuredmedia":[{"embeddable":true,"href":"https:\/\/zulenealves.com.br\/index.php\/wp-json\/wp\/v2\/media\/51614"}],"wp:attachment":[{"href":"https:\/\/zulenealves.com.br\/index.php\/wp-json\/wp\/v2\/media?parent=51613"}],"wp:term":[{"taxonomy":"category","embeddable":true,"href":"https:\/\/zulenealves.com.br\/index.php\/wp-json\/wp\/v2\/categories?post=51613"},{"taxonomy":"post_tag","embeddable":true,"href":"https:\/\/zulenealves.com.br\/index.php\/wp-json\/wp\/v2\/tags?post=51613"}],"curies":[{"name":"wp","href":"https:\/\/api.w.org\/{rel}","templated":true}]}}